{"id":40160,"date":"2020-11-18T01:20:31","date_gmt":"2020-11-18T04:20:31","guid":{"rendered":"https:\/\/explora.cl\/rmnorte\/?p=40160"},"modified":"2021-06-16T12:51:25","modified_gmt":"2021-06-16T16:51:25","slug":"miles-de-personas-celebraron-la-curiosidad-por-la-ciencia-con-explora-rm-norte-2","status":"publish","type":"post","link":"https:\/\/explora.cl\/rmnorte\/miles-de-personas-celebraron-la-curiosidad-por-la-ciencia-con-explora-rm-norte-2\/","title":{"rendered":"Miles de personas celebraron la curiosidad por la ciencia con Explora RM Norte"},"content":{"rendered":"<h3><strong>En el marco del Festival de la Ciencia, celebrado a nivel nacional por los programas Asociativos Regionales de Explora, durante cinco d\u00edas la comunidad disfrut\u00f3 de grandes actividades gratuitas online enfocadas en temas y fen\u00f3menos de Ciencia, Tecnolog\u00eda, Conocimiento e Innovaci\u00f3n (CTCI).<\/strong><\/h3>\n<p>Desde el 11 hasta el 15 de noviembre, ni\u00f1as, ni\u00f1os, j\u00f3venes y adultos se conectaron de forma virtual con todas las actividades organizadas por el Proyecto Asociativo Regional Regi\u00f3n Metropolitana Norte, del Ministerio de Ciencia, Tecnolog\u00eda, Conocimiento e Innovaci\u00f3n, liderado por la Universidad de Chile a trav\u00e9s de la Facultad de Ciencias Qu\u00edmicas y Farmac\u00e9uticas y su unidad ejecutora es el Centro Avanzado de Enfermedades Cr\u00f3nicas (ACCDiS) y disfrutaron desde la comodidad de sus hogares el Festival de la Ciencia \u201cCelebramos la curiosidad\u201d.<\/p>\n<p>Durante la ma\u00f1ana del s\u00e1bado 14 de noviembre, la comunidad se visti\u00f3 de gala y particip\u00f3 en el primer y \u00fanico programa de televisi\u00f3n en vivo llamado \u201cCyberEureka\u201d en el cual se conectaron m\u00e1s de 150 personas quienes disfrutaron de entretenidas actividades.<\/p>\n<p>Para dar inicio se cont\u00f3 con la participaci\u00f3n del Rector de la Universidad de Chile, profesor Ennio Vivaldi y con el ministro de la Ciencia, Tecnolog\u00eda, Conocimiento e Innovaci\u00f3n, Andr\u00e9s Couve quienes destacaron los valores de la amistad y colaboraci\u00f3n para trabajar las ciencias desde cada una de las disciplinas, se\u00f1alando que los cient\u00edficos son personas comunes, inmersas en la sociedad que buscan solucionar preocupaciones que aquejan a la comunidad.<\/p>\n<figure id=\"attachment_40162\" aria-describedby=\"caption-attachment-40162\" style=\"width: 367px\" class=\"wp-caption alignleft\"><img fetchpriority=\"high\" decoding=\"async\" class=\"wp-image-40162\" src=\"https:\/\/explora.cl\/rmnorte\/wp-content\/uploads\/sites\/11\/2020\/11\/IMG_2793.jpg\" alt=\"\" width=\"367\" height=\"245\" srcset=\"https:\/\/explora.cl\/rmnorte\/wp-content\/uploads\/sites\/11\/2020\/11\/IMG_2793.jpg 5184w, https:\/\/explora.cl\/rmnorte\/wp-content\/uploads\/sites\/11\/2020\/11\/IMG_2793-300x200.jpg 300w, https:\/\/explora.cl\/rmnorte\/wp-content\/uploads\/sites\/11\/2020\/11\/IMG_2793-768x512.jpg 768w, https:\/\/explora.cl\/rmnorte\/wp-content\/uploads\/sites\/11\/2020\/11\/IMG_2793-1024x683.jpg 1024w\" sizes=\"(max-width: 367px) 100vw, 367px\" \/><figcaption id=\"caption-attachment-40162\" class=\"wp-caption-text\">Mario Hamuy, astr\u00f3nomo, Premio Nacional de Ciencias Exactas del 2015 y presidente de la Fundaci\u00f3n Chilena de Astronom\u00eda.<\/figcaption><\/figure>\n<p>Seguidamente, el astr\u00f3nomo, Premio Nacional de Ciencias Exactas del 2015 y presidente de la Fundaci\u00f3n Chilena de Astronom\u00eda, Mario Hamuy convers\u00f3 sobre un fen\u00f3meno natural del cual mucho de los chilenos y chilenas han sido testigo, los eclipses totales de sol. \u00a0\u201cEl a\u00f1o pasado pudimos constatar que cerca de un mill\u00f3n de personas presenciaron este fen\u00f3meno en el norte de Chile. Este 14 de diciembre, cerca del mediod\u00eda, seremos testigos de un nuevo eclipse solar, esta vez en territorio mapuche, en el sur de Chile. Pero estos fen\u00f3menos no solo nos maravillan por sus juegos de luces y sombras, sino por el valor cient\u00edfico que han tenido a lo largo de la historia. Hoy son causa de asombro, pero hasta hace pocos siglos eran motivo de ansiedad y temor, cuando s\u00fabitamente el Sol se pon\u00eda negro y desaparec\u00eda provocando la incertidumbre de si volver\u00eda a brillar\u201d, explic\u00f3 el experto.<\/p>\n<p>Quien tambi\u00e9n agreg\u00f3 que se vienen grandes cosas en la astronom\u00eda \u201cPor ejemplo, el pr\u00f3ximo a\u00f1o tendremos una revoluci\u00f3n en la manera de ver el universo, ya que se lanzar\u00e1 un nuevo telescopio espacial. Por otro lado, el Observatorio de Aura en la regi\u00f3n de Coquimbo, trabaja en la construcci\u00f3n del telescopio futurista llamado Vera Rubin, con el cual podremos monitorear con ultra definici\u00f3n todo el cielo durante 10 a\u00f1os, ser\u00e1 como un reality show del universo, ya que detectar\u00e1 todo lo que se mueva y cambie, al mismo va hacer una herramienta que nos va a traer noticia fresca del universo y responder muchas preguntas que hoy existen\u201d.<\/p>\n<h3><strong>Se vienen grandes cosas en la astronom\u00eda, inform\u00f3 el Premio Nacional de Ciencias Exactas del 2015 y presidente de la Fundaci\u00f3n Chilena de Astronom\u00eda, Mario Hamuy \u201cEl Observatorio de Aura en la regi\u00f3n de Coquimbo, trabaja en la construcci\u00f3n del telescopio futurista llamado Vera Rubin, con el cual podremos monitorear con ultra definici\u00f3n todo el cielo durante 10 a\u00f1os, ser\u00e1 como un reality show del universo, ya que detectar\u00e1 todo lo que se mueva y cambie\u201d.<\/strong><\/h3>\n<p>Por otra parte, el Instituto Milenio de Astrof\u00edsica (MAS), Renata y las matem\u00e1ticas de la Fundaci\u00f3n Renata, la Universidad del Desarrollo y el instituto milenio de Oceanograf\u00eda (IMO) se hicieron presente para explicar temas interesantes como: las galaxias, estrellas, resoluci\u00f3n de problemas simples de matem\u00e1tica, c\u00f3mo se hacen los hologramas y explicar qu\u00e9 es el agua y sus propiedades.<\/p>\n<figure id=\"attachment_40163\" aria-describedby=\"caption-attachment-40163\" style=\"width: 314px\" class=\"wp-caption alignleft\"><img decoding=\"async\" class=\"wp-image-40163\" src=\"https:\/\/explora.cl\/rmnorte\/wp-content\/uploads\/sites\/11\/2020\/11\/IMG_2966.jpg\" alt=\"\" width=\"314\" height=\"209\" srcset=\"https:\/\/explora.cl\/rmnorte\/wp-content\/uploads\/sites\/11\/2020\/11\/IMG_2966.jpg 5184w, https:\/\/explora.cl\/rmnorte\/wp-content\/uploads\/sites\/11\/2020\/11\/IMG_2966-300x200.jpg 300w, https:\/\/explora.cl\/rmnorte\/wp-content\/uploads\/sites\/11\/2020\/11\/IMG_2966-768x512.jpg 768w, https:\/\/explora.cl\/rmnorte\/wp-content\/uploads\/sites\/11\/2020\/11\/IMG_2966-1024x683.jpg 1024w\" sizes=\"(max-width: 314px) 100vw, 314px\" \/><figcaption id=\"caption-attachment-40163\" class=\"wp-caption-text\">Rodrigo Cienfuegos Director Centro de Investigaci\u00f3n para la Gesti\u00f3n Integrada del Riesgo de Desastres, CIGIDEN.<\/figcaption><\/figure>\n<p>El evento tambi\u00e9n recibi\u00f3 la muestra digital \u201cChile, territorio en movimiento\u201d, dirigido por Rodrigo Cienfuegos Director Centro de Investigaci\u00f3n para la Gesti\u00f3n Integrada del Riesgo de Desastres, CIGIDEN, quien realiz\u00f3 un recorrido por los simuladores de inundaciones por tsunamis a nivel local y regional, aluviones, erupciones volc\u00e1nicas y un mapa de desastres desde dos perspectivas: cient\u00edfica y tradicional, lo cual tiene como objetivo prepararnos y reducir el riesgo de desastre en cada situaci\u00f3n.<\/p>\n<p><strong>Todas somos cient\u00edficas<\/strong><\/p>\n<p>De este modo, se dio inicio a un gran conversatorio dirigido por la periodista Paloma \u00c1vila, quien reuni\u00f3 un panel de grandes mujeres cient\u00edficas, madres y profesionales conformado por: Mar\u00eda Cecilia Hidalgo, primera mujer en la historia de Chile en recibir el Premio Nacional de Ciencias Naturales (2006), profesora de la Universidad de Chile e investigadora del Instituto de Neurociencia Biom\u00e9dica, BNI; Maitetxu Larraechea, Directora ejecutiva de Ingeniosas; Ver\u00f3nica Undurraga Sch\u00fcler, profesora del Instituto de Historia de la Pontificia Universidad Cat\u00f3lica de Chile; Valentina Parra, profesora de la Facultad de Ciencias Qu\u00edmicas y Farmac\u00e9uticas de la Universidad de Chile e investigadora del Centro de Estudios Avanzados de Enfermedades Cr\u00f3nicas (ACCDiS) y Marcela Colombres R, Directora Programa Explora, Divisi\u00f3n Ciencia y Sociedad. Ministerio de Ciencia, Tecnolog\u00eda, Conocimiento e Innovaci\u00f3n.<\/p>\n<p>\u201cLo m\u00e1s importante es darle la oportunidad a la ciencia, tecnolog\u00eda y a las matem\u00e1ticas, a veces las ni\u00f1as y mujeres pensamos \u201ces que yo soy mala para las matem\u00e1ticas\u201d y realidad no es ser mala, es solo que hay que intentarlo un poco m\u00e1s. Yo he conocido astr\u00f3nomas que ten\u00edan un promedio de cuatro o cinco en matem\u00e1ticas y hoy en d\u00eda son estupendas astr\u00f3nomas\u201d recalc\u00f3 Maitetxu Larraechea.<\/p>\n<p>Durante el encuentro Ver\u00f3nica Undurraga, destac\u00f3 que los pocos recursos econ\u00f3micos no deben ser un obst\u00e1culo para cumplir las metas de ser cient\u00edfica \u201crecuerdo la historia de Marie Curie, una cient\u00edfica polaca que obtuvo dos premios nobles, ella tuvo muchas dificultades econ\u00f3micas, sus padres no ten\u00edan dinero, tuvo que trabajar de d\u00eda y estudiar de noche, compart\u00eda la habitaci\u00f3n con su hermana porque su padre arrendaba las dem\u00e1s para poder comer y pesar de todo, ella estudi\u00f3 y se hizo una gran cient\u00edfica\u201d.<\/p>\n<p>Por otro lado, Marcela Colombres R, aprovech\u00f3 el encuentro para explicar que el desarrollo de competencias cient\u00edficas son habilidades que no suceden de repente, por lo contrario, es un esfuerzo de largo plazo que debe partir lo antes posible\u201d, por ello el programa Explora desde hace dos a\u00f1os, tambi\u00e9n trabaja en la educaci\u00f3n para primeras edades, porque es ah\u00ed donde se empieza a formar las competencias cient\u00edficas, coment\u00f3.<\/p>\n<h3><strong>\u201cTengan confianza en su propio talento y no se dejen desanimar, si su pasi\u00f3n es descubrir el mundo en el que vivimos, lo pueden hacer desde cualquier aspecto que desean, astronom\u00eda, f\u00edsica, matem\u00e1ticas, historia, arte desde donde sea \u00a1Ustedes pueden!\u201d, recalc\u00f3 Cecilia Hidalgo primera mujer en la historia de Chile en recibir el Premio Nacional de Ciencias Naturales (2006), profesora de la Universidad de Chile e investigadora del Instituto de Neurociencia Biom\u00e9dica, BNI.<\/strong><\/h3>\n<figure id=\"attachment_40164\" aria-describedby=\"caption-attachment-40164\" style=\"width: 321px\" class=\"wp-caption alignleft\"><img decoding=\"async\" class=\"wp-image-40164\" src=\"https:\/\/explora.cl\/rmnorte\/wp-content\/uploads\/sites\/11\/2020\/11\/IMG_3467.jpg\" alt=\"\" width=\"321\" height=\"214\" srcset=\"https:\/\/explora.cl\/rmnorte\/wp-content\/uploads\/sites\/11\/2020\/11\/IMG_3467.jpg 5184w, https:\/\/explora.cl\/rmnorte\/wp-content\/uploads\/sites\/11\/2020\/11\/IMG_3467-300x200.jpg 300w, https:\/\/explora.cl\/rmnorte\/wp-content\/uploads\/sites\/11\/2020\/11\/IMG_3467-768x512.jpg 768w, https:\/\/explora.cl\/rmnorte\/wp-content\/uploads\/sites\/11\/2020\/11\/IMG_3467-1024x683.jpg 1024w\" sizes=\"(max-width: 321px) 100vw, 321px\" \/><figcaption id=\"caption-attachment-40164\" class=\"wp-caption-text\">Mar\u00eda Cecilia Hidalgo, primera mujer en la historia de Chile en recibir el Premio Nacional de Ciencias Naturales (2006), profesora de la Universidad de Chile e investigadora del Instituto de Neurociencia Biom\u00e9dica, BNI.<\/figcaption><\/figure>\n<p>Para cerrar el conversatorio la Dra. Cecilia Hidalgo envi\u00f3 un mensaje a todas las ni\u00f1as y j\u00f3venes, \u201ctengan confianza en su propio talento y no se dejen desanimar, si su pasi\u00f3n es descubrir el mundo en el que vivimos, lo pueden hacer desde cualquier aspecto que desean astronom\u00eda, f\u00edsica, matem\u00e1ticas, historia, arte desde donde sea \u00a1Ustedes pueden!\u201d.<\/p>\n<p>El evento tambi\u00e9n recibi\u00f3 a una gran investigadora chilena, quien cautivo a los espectadores con experimentos sencillos que pueden hacerse en casa, su nombre es Marisol G\u00f3mez del Centro Integrativo de Biolog\u00eda y Qu\u00edmica Aplicada, Universidad Bernardo O&#8217;Higgins \u201cme encanta la capacidad de asombro y encanto que tienen los ni\u00f1os y ni\u00f1as con cada experimento. Somos un equipo apasionado que d\u00eda a d\u00eda probamos experimentos, colores y nuevas formas de asombrar y motivar a la comunidad a vivir la ciencia\u201d, coment\u00f3 Marisol.<\/p>\n<p>El Festival de la Ciencia de Explora RM Norte, tambi\u00e9n estuvo en la ciudad y cont\u00f3 con una intervenci\u00f3n urbana de las muestras de ExpoEureka y EurekApp, desarrolladas desde el 11 hasta el 15 de noviembre en formato online en el sitio de eventos virtuales de GAM. La intervenci\u00f3n urbana estuvo ubicada en el parque In\u00e9s de Suarez de Providencia y en el metro Quinta Normal. Adem\u00e1s en el sitio web www.eureka-feci.cl se comparti\u00f3 material de divulgaci\u00f3n de diversas instituciones del pa\u00eds.<\/p>\n<p>La curiosidad por la ciencia es algo que no debe terminar, por ello Explora RM Norte invita a la comunidad a ingresar <a href=\"https:\/\/eureka-feci.cl\/\">aqu\u00ed<\/a> y visitar las exposiciones y recorridos virtuales, desarrollados por diversas instituciones nacionales. Adem\u00e1s, todav\u00eda se puede descargar la primera y \u00fanica aplicaci\u00f3n con realidad aumentada llamada \u201cEurekApp\u201d, donde se puede hacer un viaje por la materia para conocer y aprende sobre el mundo que nos rodea.<\/p>\n","protected":false},"excerpt":{"rendered":"<p>En el marco del Festival de la Ciencia, celebrado a nivel nacional por los programas Asociativos Regionales de Explora, durante cinco d\u00edas la comunidad disfrut\u00f3 de grandes actividades gratuitas online enfocadas en temas y fen\u00f3menos de Ciencia, Tecnolog\u00eda, Conocimiento e Innovaci\u00f3n (CTCI).<\/p>\n","protected":false},"author":26,"featured_media":40161,"comment_status":"open","ping_status":"open","sticky":false,"template":"","format":"standard","meta":{"_acf_changed":false,"_exactmetrics_skip_tracking":false,"_exactmetrics_sitenote_active":false,"_exactmetrics_sitenote_note":"","_exactmetrics_sitenote_category":0,"footnotes":"","_links_to":"","_links_to_target":""},"categories":[142],"tags":[],"class_list":["post-40160","post","type-post","status-publish","format-standard","has-post-thumbnail","hentry","category-lugar-7"],"acf":[],"yoast_head":"<!-- This site is optimized with the Yoast SEO plugin v26.9 - https:\/\/yoast.com\/product\/yoast-seo-wordpress\/ -->\n<title>Miles de personas celebraron la curiosidad por la ciencia con Explora RM Norte - RM Norte<\/title>\n<meta name=\"robots\" content=\"index, follow, max-snippet:-1, max-image-preview:large, max-video-preview:-1\" \/>\n<link rel=\"canonical\" href=\"https:\/\/explora.cl\/rmnorte\/miles-de-personas-celebraron-la-curiosidad-por-la-ciencia-con-explora-rm-norte-2\/\" class=\"yoast-seo-meta-tag\" \/>\n<meta property=\"og:locale\" content=\"es_ES\" class=\"yoast-seo-meta-tag\" \/>\n<meta property=\"og:type\" content=\"article\" class=\"yoast-seo-meta-tag\" \/>\n<meta property=\"og:title\" content=\"Miles de personas celebraron la curiosidad por la ciencia con Explora RM Norte - RM Norte\" class=\"yoast-seo-meta-tag\" \/>\n<meta property=\"og:description\" content=\"En el marco del Festival de la Ciencia, celebrado a nivel nacional por los programas Asociativos Regionales de Explora, durante cinco d\u00edas la comunidad disfrut\u00f3 de grandes actividades gratuitas online enfocadas en temas y fen\u00f3menos de Ciencia, Tecnolog\u00eda, Conocimiento e Innovaci\u00f3n (CTCI).\" class=\"yoast-seo-meta-tag\" \/>\n<meta property=\"og:url\" content=\"https:\/\/explora.cl\/rmnorte\/miles-de-personas-celebraron-la-curiosidad-por-la-ciencia-con-explora-rm-norte-2\/\" class=\"yoast-seo-meta-tag\" \/>\n<meta property=\"og:site_name\" content=\"RM Norte\" class=\"yoast-seo-meta-tag\" \/>\n<meta property=\"article:published_time\" content=\"2020-11-18T04:20:31+00:00\" class=\"yoast-seo-meta-tag\" \/>\n<meta property=\"article:modified_time\" content=\"2021-06-16T16:51:25+00:00\" class=\"yoast-seo-meta-tag\" \/>\n<meta property=\"og:image\" content=\"https:\/\/explora.cl\/rmnorte\/wp-content\/uploads\/sites\/11\/2020\/11\/IMG_3414-1024x683.jpg\" class=\"yoast-seo-meta-tag\" \/>\n\t<meta property=\"og:image:width\" content=\"1024\" class=\"yoast-seo-meta-tag\" \/>\n\t<meta property=\"og:image:height\" content=\"683\" class=\"yoast-seo-meta-tag\" \/>\n\t<meta property=\"og:image:type\" content=\"image\/jpeg\" class=\"yoast-seo-meta-tag\" \/>\n<meta name=\"author\" content=\"dgarcia\" class=\"yoast-seo-meta-tag\" \/>\n<meta name=\"twitter:card\" content=\"summary_large_image\" class=\"yoast-seo-meta-tag\" \/>\n<meta name=\"twitter:label1\" content=\"Escrito por\" class=\"yoast-seo-meta-tag\" \/>\n\t<meta name=\"twitter:data1\" content=\"dgarcia\" class=\"yoast-seo-meta-tag\" \/>\n\t<meta name=\"twitter:label2\" content=\"Tiempo estimado de lectura\" class=\"yoast-seo-meta-tag\" \/>\n\t<meta name=\"twitter:data2\" content=\"8 minutos\" class=\"yoast-seo-meta-tag\" \/>\n<script type=\"application\/ld+json\" class=\"yoast-schema-graph\">{\"@context\":\"https:\/\/schema.org\",\"@graph\":[{\"@type\":\"Article\",\"@id\":\"https:\/\/explora.cl\/rmnorte\/miles-de-personas-celebraron-la-curiosidad-por-la-ciencia-con-explora-rm-norte-2\/#article\",\"isPartOf\":{\"@id\":\"https:\/\/explora.cl\/rmnorte\/miles-de-personas-celebraron-la-curiosidad-por-la-ciencia-con-explora-rm-norte-2\/\"},\"author\":{\"name\":\"dgarcia\",\"@id\":\"https:\/\/explora.cl\/rmnorte\/#\/schema\/person\/4ad985b29a183eab4170892260e133a5\"},\"headline\":\"Miles de personas celebraron la curiosidad por la ciencia con Explora RM Norte\",\"datePublished\":\"2020-11-18T04:20:31+00:00\",\"dateModified\":\"2021-06-16T16:51:25+00:00\",\"mainEntityOfPage\":{\"@id\":\"https:\/\/explora.cl\/rmnorte\/miles-de-personas-celebraron-la-curiosidad-por-la-ciencia-con-explora-rm-norte-2\/\"},\"wordCount\":1650,\"commentCount\":0,\"image\":{\"@id\":\"https:\/\/explora.cl\/rmnorte\/miles-de-personas-celebraron-la-curiosidad-por-la-ciencia-con-explora-rm-norte-2\/#primaryimage\"},\"thumbnailUrl\":\"https:\/\/explora.cl\/rmnorte\/wp-content\/uploads\/sites\/11\/2020\/11\/IMG_3414.jpg\",\"articleSection\":[\"Lugar 7\"],\"inLanguage\":\"es-CL\",\"potentialAction\":[{\"@type\":\"CommentAction\",\"name\":\"Comment\",\"target\":[\"https:\/\/explora.cl\/rmnorte\/miles-de-personas-celebraron-la-curiosidad-por-la-ciencia-con-explora-rm-norte-2\/#respond\"]}]},{\"@type\":\"WebPage\",\"@id\":\"https:\/\/explora.cl\/rmnorte\/miles-de-personas-celebraron-la-curiosidad-por-la-ciencia-con-explora-rm-norte-2\/\",\"url\":\"https:\/\/explora.cl\/rmnorte\/miles-de-personas-celebraron-la-curiosidad-por-la-ciencia-con-explora-rm-norte-2\/\",\"name\":\"Miles de personas celebraron la curiosidad por la ciencia con Explora RM Norte - RM Norte\",\"isPartOf\":{\"@id\":\"https:\/\/explora.cl\/rmnorte\/#website\"},\"primaryImageOfPage\":{\"@id\":\"https:\/\/explora.cl\/rmnorte\/miles-de-personas-celebraron-la-curiosidad-por-la-ciencia-con-explora-rm-norte-2\/#primaryimage\"},\"image\":{\"@id\":\"https:\/\/explora.cl\/rmnorte\/miles-de-personas-celebraron-la-curiosidad-por-la-ciencia-con-explora-rm-norte-2\/#primaryimage\"},\"thumbnailUrl\":\"https:\/\/explora.cl\/rmnorte\/wp-content\/uploads\/sites\/11\/2020\/11\/IMG_3414.jpg\",\"datePublished\":\"2020-11-18T04:20:31+00:00\",\"dateModified\":\"2021-06-16T16:51:25+00:00\",\"author\":{\"@id\":\"https:\/\/explora.cl\/rmnorte\/#\/schema\/person\/4ad985b29a183eab4170892260e133a5\"},\"breadcrumb\":{\"@id\":\"https:\/\/explora.cl\/rmnorte\/miles-de-personas-celebraron-la-curiosidad-por-la-ciencia-con-explora-rm-norte-2\/#breadcrumb\"},\"inLanguage\":\"es-CL\",\"potentialAction\":[{\"@type\":\"ReadAction\",\"target\":[\"https:\/\/explora.cl\/rmnorte\/miles-de-personas-celebraron-la-curiosidad-por-la-ciencia-con-explora-rm-norte-2\/\"]}]},{\"@type\":\"ImageObject\",\"inLanguage\":\"es-CL\",\"@id\":\"https:\/\/explora.cl\/rmnorte\/miles-de-personas-celebraron-la-curiosidad-por-la-ciencia-con-explora-rm-norte-2\/#primaryimage\",\"url\":\"https:\/\/explora.cl\/rmnorte\/wp-content\/uploads\/sites\/11\/2020\/11\/IMG_3414.jpg\",\"contentUrl\":\"https:\/\/explora.cl\/rmnorte\/wp-content\/uploads\/sites\/11\/2020\/11\/IMG_3414.jpg\",\"width\":5184,\"height\":3456},{\"@type\":\"BreadcrumbList\",\"@id\":\"https:\/\/explora.cl\/rmnorte\/miles-de-personas-celebraron-la-curiosidad-por-la-ciencia-con-explora-rm-norte-2\/#breadcrumb\",\"itemListElement\":[{\"@type\":\"ListItem\",\"position\":1,\"name\":\"Portada\",\"item\":\"https:\/\/explora.cl\/rmnorte\/\"},{\"@type\":\"ListItem\",\"position\":2,\"name\":\"Miles de personas celebraron la curiosidad por la ciencia con Explora RM Norte\"}]},{\"@type\":\"WebSite\",\"@id\":\"https:\/\/explora.cl\/rmnorte\/#website\",\"url\":\"https:\/\/explora.cl\/rmnorte\/\",\"name\":\"RM Norte\",\"description\":\"RM Norte explora.cl\",\"potentialAction\":[{\"@type\":\"SearchAction\",\"target\":{\"@type\":\"EntryPoint\",\"urlTemplate\":\"https:\/\/explora.cl\/rmnorte\/?s={search_term_string}\"},\"query-input\":{\"@type\":\"PropertyValueSpecification\",\"valueRequired\":true,\"valueName\":\"search_term_string\"}}],\"inLanguage\":\"es-CL\"},{\"@type\":\"Person\",\"@id\":\"https:\/\/explora.cl\/rmnorte\/#\/schema\/person\/4ad985b29a183eab4170892260e133a5\",\"name\":\"dgarcia\",\"image\":{\"@type\":\"ImageObject\",\"inLanguage\":\"es-CL\",\"@id\":\"https:\/\/explora.cl\/rmnorte\/#\/schema\/person\/image\/\",\"url\":\"https:\/\/secure.gravatar.com\/avatar\/06e2fd9f68a0c19cd669ddc183de83489acab601aa57958e0f60175e5013e6b7?s=96&d=mm&r=g\",\"contentUrl\":\"https:\/\/secure.gravatar.com\/avatar\/06e2fd9f68a0c19cd669ddc183de83489acab601aa57958e0f60175e5013e6b7?s=96&d=mm&r=g\",\"caption\":\"dgarcia\"},\"url\":\"https:\/\/explora.cl\/rmnorte\/author\/dgarcia\/\"}]}<\/script>\n<!-- \/ Yoast SEO plugin. -->","yoast_head_json":{"title":"Miles de personas celebraron la curiosidad por la ciencia con Explora RM Norte - RM Norte","robots":{"index":"index","follow":"follow","max-snippet":"max-snippet:-1","max-image-preview":"max-image-preview:large","max-video-preview":"max-video-preview:-1"},"canonical":"https:\/\/explora.cl\/rmnorte\/miles-de-personas-celebraron-la-curiosidad-por-la-ciencia-con-explora-rm-norte-2\/","og_locale":"es_ES","og_type":"article","og_title":"Miles de personas celebraron la curiosidad por la ciencia con Explora RM Norte - RM Norte","og_description":"En el marco del Festival de la Ciencia, celebrado a nivel nacional por los programas Asociativos Regionales de Explora, durante cinco d\u00edas la comunidad disfrut\u00f3 de grandes actividades gratuitas online enfocadas en temas y fen\u00f3menos de Ciencia, Tecnolog\u00eda, Conocimiento e Innovaci\u00f3n (CTCI).","og_url":"https:\/\/explora.cl\/rmnorte\/miles-de-personas-celebraron-la-curiosidad-por-la-ciencia-con-explora-rm-norte-2\/","og_site_name":"RM Norte","article_published_time":"2020-11-18T04:20:31+00:00","article_modified_time":"2021-06-16T16:51:25+00:00","og_image":[{"width":1024,"height":683,"url":"https:\/\/explora.cl\/rmnorte\/wp-content\/uploads\/sites\/11\/2020\/11\/IMG_3414-1024x683.jpg","type":"image\/jpeg"}],"author":"dgarcia","twitter_card":"summary_large_image","twitter_misc":{"Escrito por":"dgarcia","Tiempo estimado de lectura":"8 minutos"},"schema":{"@context":"https:\/\/schema.org","@graph":[{"@type":"Article","@id":"https:\/\/explora.cl\/rmnorte\/miles-de-personas-celebraron-la-curiosidad-por-la-ciencia-con-explora-rm-norte-2\/#article","isPartOf":{"@id":"https:\/\/explora.cl\/rmnorte\/miles-de-personas-celebraron-la-curiosidad-por-la-ciencia-con-explora-rm-norte-2\/"},"author":{"name":"dgarcia","@id":"https:\/\/explora.cl\/rmnorte\/#\/schema\/person\/4ad985b29a183eab4170892260e133a5"},"headline":"Miles de personas celebraron la curiosidad por la ciencia con Explora RM Norte","datePublished":"2020-11-18T04:20:31+00:00","dateModified":"2021-06-16T16:51:25+00:00","mainEntityOfPage":{"@id":"https:\/\/explora.cl\/rmnorte\/miles-de-personas-celebraron-la-curiosidad-por-la-ciencia-con-explora-rm-norte-2\/"},"wordCount":1650,"commentCount":0,"image":{"@id":"https:\/\/explora.cl\/rmnorte\/miles-de-personas-celebraron-la-curiosidad-por-la-ciencia-con-explora-rm-norte-2\/#primaryimage"},"thumbnailUrl":"https:\/\/explora.cl\/rmnorte\/wp-content\/uploads\/sites\/11\/2020\/11\/IMG_3414.jpg","articleSection":["Lugar 7"],"inLanguage":"es-CL","potentialAction":[{"@type":"CommentAction","name":"Comment","target":["https:\/\/explora.cl\/rmnorte\/miles-de-personas-celebraron-la-curiosidad-por-la-ciencia-con-explora-rm-norte-2\/#respond"]}]},{"@type":"WebPage","@id":"https:\/\/explora.cl\/rmnorte\/miles-de-personas-celebraron-la-curiosidad-por-la-ciencia-con-explora-rm-norte-2\/","url":"https:\/\/explora.cl\/rmnorte\/miles-de-personas-celebraron-la-curiosidad-por-la-ciencia-con-explora-rm-norte-2\/","name":"Miles de personas celebraron la curiosidad por la ciencia con Explora RM Norte - RM Norte","isPartOf":{"@id":"https:\/\/explora.cl\/rmnorte\/#website"},"primaryImageOfPage":{"@id":"https:\/\/explora.cl\/rmnorte\/miles-de-personas-celebraron-la-curiosidad-por-la-ciencia-con-explora-rm-norte-2\/#primaryimage"},"image":{"@id":"https:\/\/explora.cl\/rmnorte\/miles-de-personas-celebraron-la-curiosidad-por-la-ciencia-con-explora-rm-norte-2\/#primaryimage"},"thumbnailUrl":"https:\/\/explora.cl\/rmnorte\/wp-content\/uploads\/sites\/11\/2020\/11\/IMG_3414.jpg","datePublished":"2020-11-18T04:20:31+00:00","dateModified":"2021-06-16T16:51:25+00:00","author":{"@id":"https:\/\/explora.cl\/rmnorte\/#\/schema\/person\/4ad985b29a183eab4170892260e133a5"},"breadcrumb":{"@id":"https:\/\/explora.cl\/rmnorte\/miles-de-personas-celebraron-la-curiosidad-por-la-ciencia-con-explora-rm-norte-2\/#breadcrumb"},"inLanguage":"es-CL","potentialAction":[{"@type":"ReadAction","target":["https:\/\/explora.cl\/rmnorte\/miles-de-personas-celebraron-la-curiosidad-por-la-ciencia-con-explora-rm-norte-2\/"]}]},{"@type":"ImageObject","inLanguage":"es-CL","@id":"https:\/\/explora.cl\/rmnorte\/miles-de-personas-celebraron-la-curiosidad-por-la-ciencia-con-explora-rm-norte-2\/#primaryimage","url":"https:\/\/explora.cl\/rmnorte\/wp-content\/uploads\/sites\/11\/2020\/11\/IMG_3414.jpg","contentUrl":"https:\/\/explora.cl\/rmnorte\/wp-content\/uploads\/sites\/11\/2020\/11\/IMG_3414.jpg","width":5184,"height":3456},{"@type":"BreadcrumbList","@id":"https:\/\/explora.cl\/rmnorte\/miles-de-personas-celebraron-la-curiosidad-por-la-ciencia-con-explora-rm-norte-2\/#breadcrumb","itemListElement":[{"@type":"ListItem","position":1,"name":"Portada","item":"https:\/\/explora.cl\/rmnorte\/"},{"@type":"ListItem","position":2,"name":"Miles de personas celebraron la curiosidad por la ciencia con Explora RM Norte"}]},{"@type":"WebSite","@id":"https:\/\/explora.cl\/rmnorte\/#website","url":"https:\/\/explora.cl\/rmnorte\/","name":"RM Norte","description":"RM Norte explora.cl","potentialAction":[{"@type":"SearchAction","target":{"@type":"EntryPoint","urlTemplate":"https:\/\/explora.cl\/rmnorte\/?s={search_term_string}"},"query-input":{"@type":"PropertyValueSpecification","valueRequired":true,"valueName":"search_term_string"}}],"inLanguage":"es-CL"},{"@type":"Person","@id":"https:\/\/explora.cl\/rmnorte\/#\/schema\/person\/4ad985b29a183eab4170892260e133a5","name":"dgarcia","image":{"@type":"ImageObject","inLanguage":"es-CL","@id":"https:\/\/explora.cl\/rmnorte\/#\/schema\/person\/image\/","url":"https:\/\/secure.gravatar.com\/avatar\/06e2fd9f68a0c19cd669ddc183de83489acab601aa57958e0f60175e5013e6b7?s=96&d=mm&r=g","contentUrl":"https:\/\/secure.gravatar.com\/avatar\/06e2fd9f68a0c19cd669ddc183de83489acab601aa57958e0f60175e5013e6b7?s=96&d=mm&r=g","caption":"dgarcia"},"url":"https:\/\/explora.cl\/rmnorte\/author\/dgarcia\/"}]}},"_links":{"self":[{"href":"https:\/\/explora.cl\/rmnorte\/wp-json\/wp\/v2\/posts\/40160","targetHints":{"allow":["GET"]}}],"collection":[{"href":"https:\/\/explora.cl\/rmnorte\/wp-json\/wp\/v2\/posts"}],"about":[{"href":"https:\/\/explora.cl\/rmnorte\/wp-json\/wp\/v2\/types\/post"}],"author":[{"embeddable":true,"href":"https:\/\/explora.cl\/rmnorte\/wp-json\/wp\/v2\/users\/26"}],"replies":[{"embeddable":true,"href":"https:\/\/explora.cl\/rmnorte\/wp-json\/wp\/v2\/comments?post=40160"}],"version-history":[{"count":1,"href":"https:\/\/explora.cl\/rmnorte\/wp-json\/wp\/v2\/posts\/40160\/revisions"}],"predecessor-version":[{"id":40165,"href":"https:\/\/explora.cl\/rmnorte\/wp-json\/wp\/v2\/posts\/40160\/revisions\/40165"}],"wp:featuredmedia":[{"embeddable":true,"href":"https:\/\/explora.cl\/rmnorte\/wp-json\/wp\/v2\/media\/40161"}],"wp:attachment":[{"href":"https:\/\/explora.cl\/rmnorte\/wp-json\/wp\/v2\/media?parent=40160"}],"wp:term":[{"taxonomy":"category","embeddable":true,"href":"https:\/\/explora.cl\/rmnorte\/wp-json\/wp\/v2\/categories?post=40160"},{"taxonomy":"post_tag","embeddable":true,"href":"https:\/\/explora.cl\/rmnorte\/wp-json\/wp\/v2\/tags?post=40160"}],"curies":[{"name":"wp","href":"https:\/\/api.w.org\/{rel}","templated":true}]}}