{"id":40084,"date":"2020-10-28T14:11:59","date_gmt":"2020-10-28T17:11:59","guid":{"rendered":"https:\/\/explora.cl\/rmnorte\/?p=40084"},"modified":"2020-11-27T20:11:45","modified_gmt":"2020-11-27T23:11:45","slug":"realidad-aumentada-el-cruce-entre-el-mundo-real-y-el-digital-2","status":"publish","type":"post","link":"https:\/\/explora.cl\/rmnorte\/realidad-aumentada-el-cruce-entre-el-mundo-real-y-el-digital-2\/","title":{"rendered":"Realidad aumentada, el cruce entre el mundo real y el digital"},"content":{"rendered":"<h3><strong>La combinaci\u00f3n entre el mundo real y la tecnolog\u00eda digital es posible gracias a la Realidad Aumentada (RA), cuyo desarrollo parti\u00f3 hace ya casi 80 a\u00f1os atr\u00e1s y hoy es posible encontrarla en diferentes \u00e1reas como publicidad, educaci\u00f3n, video juegos y tambi\u00e9n la podremos disfrutar en Eureka, el Festival de la Ciencia y Tecnolog\u00eda organizado por Explora RM Norte en la semana de la ciencia. Evento realizado por primera vez en formato online, en noviembre de este a\u00f1o.<\/strong><\/h3>\n<p>Seg\u00fan el informe de la ONU, publicado en <a href=\"https:\/\/www.un.org\/sites\/www.un.org\/files\/uploads\/files\/es\/HLP%20on%20Digital%20Cooperation%20Report%20Executive%20Summary%20-%20ES%20.pdf)\">junio del 2019<\/a>, destaca que \u201cestamos en la era de la\u00a0 interdependencia digital\u201d donde la tecnolog\u00eda ha posibilitado avances sin precedentes en la\u00a0 humanidad, dando pie a retos novedosos y profundos.<\/p>\n<figure id=\"attachment_40085\" aria-describedby=\"caption-attachment-40085\" style=\"width: 204px\" class=\"wp-caption alignleft\"><img decoding=\"async\" class=\"wp-image-40085\" src=\"https:\/\/explora.cl\/rmnorte\/wp-content\/uploads\/sites\/11\/2020\/10\/foto_fernando.jpg\" alt=\"\" width=\"204\" height=\"204\" srcset=\"https:\/\/explora.cl\/rmnorte\/wp-content\/uploads\/sites\/11\/2020\/10\/foto_fernando.jpg 1536w, https:\/\/explora.cl\/rmnorte\/wp-content\/uploads\/sites\/11\/2020\/10\/foto_fernando-150x150.jpg 150w, https:\/\/explora.cl\/rmnorte\/wp-content\/uploads\/sites\/11\/2020\/10\/foto_fernando-300x300.jpg 300w, https:\/\/explora.cl\/rmnorte\/wp-content\/uploads\/sites\/11\/2020\/10\/foto_fernando-768x768.jpg 768w, https:\/\/explora.cl\/rmnorte\/wp-content\/uploads\/sites\/11\/2020\/10\/foto_fernando-1024x1024.jpg 1024w, https:\/\/explora.cl\/rmnorte\/wp-content\/uploads\/sites\/11\/2020\/10\/foto_fernando-60x60.jpg 60w\" sizes=\"(max-width: 204px) 100vw, 204px\" \/><figcaption id=\"caption-attachment-40085\" class=\"wp-caption-text\">Fernando Gonz\u00e1lez, es ingeniero Civil en Computaci\u00f3n y actualmente CEO de Invadelab \u00e9l junto a su equipo desarrollan una app con RA llamada \u201cUn Viaje por la Materia\u201d<\/figcaption><\/figure>\n<p>Una de estas tecnolog\u00edas pudo ser usada en la novena versi\u00f3n del Congreso Futuro realizado en enero del 2020. All\u00ed se reunieron diversos muralistas chilenos, quienes a trav\u00e9s de la <a href=\"https:\/\/www.youtube.com\/watch?v=rWbN2decEzQ\">realidad aumentada<\/a> entregaron conocimientos cient\u00edficos a la comunidad.<\/p>\n<p>\u201cLa realidad aumentada (RA), es una tecnolog\u00eda que nos permite combinar el mundo real con elementos gr\u00e1ficos interactivos, y se visualiza principalmente a trav\u00e9s de dispositivos m\u00f3viles como smartphones\u201d explic\u00f3 Fernando Gonz\u00e1lez, Ingeniero Civil en Computaci\u00f3n y actualmente CEO de Invadelab.<\/p>\n<h3>\u201cTuvo sus primeras apariciones al p\u00fablico general a comienzos del a\u00f1o 2000, pero no fue hasta el 2016 con el juego Pok\u00e9mon Go que comenz\u00f3 a hacerse popular la realidad aumentada\u201d, coment\u00f3 Fernando Gonz\u00e1lez.<\/h3>\n<p>Por otra parte, Gonz\u00e1lez nos cuenta que esta tecnolog\u00eda tuvo sus primeras apariciones al p\u00fablico general a comienzos del a\u00f1o 2000, pero no fue hasta el 2016 con el juego <em>Pok\u00e9mon Go<\/em> que comenz\u00f3 a hacerse popular el uso de la realidad aumentada, sin embargo, hoy en d\u00eda esta tecnolog\u00eda permite reconocer cualquier tipo de im\u00e1genes, haciendo por ejemplo que aparezca la figura de un drag\u00f3n en la portada de un libro o una lata de bebida desde un afiche; tambi\u00e9n permite reconocer superficies como el piso y colocar cualquier objeto en 3D, por ejemplo un extinto dinosaurio y sacarnos una foto con \u00e9l, agreg\u00f3.<\/p>\n<p>La RA suele confundirse con la Realidad Virtual (RV), sin embargo, Fernando nos cuenta que esta \u00faltima permite sumergirse en un mundo completamente digital y esto se logra con lentes de realidad virtual, \u201ces como si estuvieras dentro de un videojuego\u201d coment\u00f3. Si bien la tecnolog\u00eda lleva muchos a\u00f1os, reci\u00e9n hace unos 5 a\u00f1os comenz\u00f3 su popularidad con la aparici\u00f3n de los dispositivos <em>Oculus Rift<\/em> y <em>Google Cardboard<\/em>. Adem\u00e1s, agrega \u201choy en d\u00eda est\u00e1 surgiendo un t\u00e9rmino medio entre la RA y la RV, y es la llamada Realidad Mixta, que se logra con lentes virtuales en donde se muestra en nuestros ojos el mundo real unido con el mundo digital, pudiendo interactuar entre ambos mundos, el impulsor de esta tecnolog\u00eda es el dispositivo Microsoft HoloLens\u201d explic\u00f3.<\/p>\n<p><strong>Realidad aumentada<\/strong><\/p>\n<p>El concepto de RA fue acu\u00f1ado por primera vez en el a\u00f1o 1990 por Tom Caudell, quien lo utiliz\u00f3 para la fabricaci\u00f3n de aviones en la empresa Boeing, pero la tecnolog\u00eda es mucho m\u00e1s antigua y data de la Segunda Guerra Mundial donde el ej\u00e9rcito brit\u00e1nico desarrollo el <em>Mark VIII Airbone<\/em> que consist\u00eda en usar el parabrisas del avi\u00f3n de combate como una pantalla que mostraba la informaci\u00f3n detectada por el radar y les permit\u00eda determinar si los aviones que se acercaban eran enemigos o no.<\/p>\n<p>Sin embargo, en 1950 un director de fotograf\u00eda llamado Morton Heilig, quien hoy es considerado padre de la RA, indic\u00f3 que la experiencia cinematogr\u00e1fica deb\u00eda involucrar todos los sentidos y no s\u00f3lo la vista y la audici\u00f3n construyendo en 1962 a Sensorama, una m\u00e1quina mec\u00e1nica previa a la era digital en el que se exhib\u00edan pel\u00edculas, permitiendo al espectador tener una experiencia multisensorial.<\/p>\n<p>En la actualidad la tecnolog\u00eda de RA, como nos cuenta Gonz\u00e1lez, detecta el mundo f\u00edsico real usando la informaci\u00f3n que est\u00e1 viendo la c\u00e1mara del dispositivo m\u00f3vil y la informaci\u00f3n recopilada de los sensores del giroscopio, aceler\u00f3metro, magnet\u00f3metro y GPS, procesando esta informaci\u00f3n por medio de algoritmos de visi\u00f3n por computador y de inteligencia artificial. Una vez reconocido el o los elementos del mundo real (una botella, un afiche, un libro, una superficie, el rostro de una persona, etc, se une la imagen que est\u00e1 viendo el dispositivo m\u00f3vil y se le aplica una capa digital, la cual puede ser interactiva y se desarrolla de la misma manera que un videojuego 3D.<\/p>\n<p>Su utilidad es bastante transversal donde el mayor impacto se ha logrado en la publicidad, educaci\u00f3n y en la \u00a0industria. En la publicidad se usa mucho porque es atractivo para mostrar un producto, comunicando e interactuando de una manera diferente a lo tradicional y se ha demostrado que el uso de este tipo de herramientas aumenta la conexi\u00f3n emocional de los usuarios con las marcas. En educaci\u00f3n es muy \u00fatil para mostrar contenidos y para que los ni\u00f1os y ni\u00f1as interact\u00faen con \u00e9stos, enriqueciendo el proceso de ense\u00f1anza-aprendizaje. Y en la llamada industria 4.0 se est\u00e1 usando para aumentar la productividad, seguridad y eficiencia, en donde se est\u00e1 uniendo la RA con sistemas de IoT (Internet of Things).<\/p>\n<p><strong><img fetchpriority=\"high\" decoding=\"async\" class=\"alignnone wp-image-40086\" src=\"https:\/\/explora.cl\/rmnorte\/wp-content\/uploads\/sites\/11\/2020\/10\/abate_molina.png\" alt=\"\" width=\"233\" height=\"495\" srcset=\"https:\/\/explora.cl\/rmnorte\/wp-content\/uploads\/sites\/11\/2020\/10\/abate_molina.png 319w, https:\/\/explora.cl\/rmnorte\/wp-content\/uploads\/sites\/11\/2020\/10\/abate_molina-141x300.png 141w\" sizes=\"(max-width: 233px) 100vw, 233px\" \/><img decoding=\"async\" class=\"alignnone wp-image-40087\" src=\"https:\/\/explora.cl\/rmnorte\/wp-content\/uploads\/sites\/11\/2020\/10\/Hoowin_AR.jpg\" alt=\"\" width=\"277\" height=\"495\" srcset=\"https:\/\/explora.cl\/rmnorte\/wp-content\/uploads\/sites\/11\/2020\/10\/Hoowin_AR.jpg 624w, https:\/\/explora.cl\/rmnorte\/wp-content\/uploads\/sites\/11\/2020\/10\/Hoowin_AR-168x300.jpg 168w, https:\/\/explora.cl\/rmnorte\/wp-content\/uploads\/sites\/11\/2020\/10\/Hoowin_AR-573x1024.jpg 573w\" sizes=\"(max-width: 277px) 100vw, 277px\" \/><\/strong><\/p>\n<p><strong>Realidad Aumentada en Eureka<\/strong><\/p>\n<p>Durante el Festival de la Ciencia y la Tecnolog\u00eda (FECYT) organizado por Explora RM Norte, que se realizar\u00e1 por primera vez en formato online en noviembre de este a\u00f1o, el equipo de Fernando Gonz\u00e1lez presentar\u00e1 de manera gratuita una aplicaci\u00f3n con realidad aumenta. \u00a0\u201cEstamos desarrollando una aplicaci\u00f3n donde el tema es \u201cUn viaje por la Materia\u201d, en donde el p\u00fablico podr\u00e1 disfrutar los distintos niveles de organizaci\u00f3n de la materia en 3D y con RA comenzando por el nivel at\u00f3mico y molecular, pasando por los niveles celulares y \u00f3rganos y terminando en el ecosistema y la biosfera\u201d explic\u00f3.<\/p>\n<h3>\u201cEstamos desarrollando una aplicaci\u00f3n donde el tema es \u201cUn viaje por la Materia\u201d, all\u00ed el p\u00fablico podr\u00e1 disfrutar los distintos niveles de organizaci\u00f3n de la materia en 3D y con realidad aumentada\u201d, explic\u00f3 el Ingeniero Civil en Computaci\u00f3n y actualmente CEO de Invadelab.<\/h3>\n<p>Gonz\u00e1lez tambi\u00e9n agrega, \u201cde esta forma todos podr\u00e1n vivir la realidad aumentada\u00a0visualizando las im\u00e1genes que estar\u00e1n en el sitio web del festival o bien, por los afiches publicados en las redes sociales de Explora RM Norte. La app est\u00e1 muy entretenida, van a poder interactuar con los niveles de la materia y a aprender bastante con ella\u201d.<\/p>\n","protected":false},"excerpt":{"rendered":"<p>La combinaci\u00f3n entre el mundo real y la tecnolog\u00eda digital es posible gracias a la Realidad Aumentada (RA), cuyo desarrollo parti\u00f3 hace ya casi 80 a\u00f1os atr\u00e1s y hoy es posible encontrarla en diferentes \u00e1reas como publicidad, educaci\u00f3n, video juegos y tambi\u00e9n la podremos disfrutar en Eureka, el Festival de la Ciencia y Tecnolog\u00eda organizado por Explora RM Norte en la semana de la ciencia. Evento realizado por primera vez en formato online, en noviembre de este a\u00f1o.<\/p>\n","protected":false},"author":26,"featured_media":40088,"comment_status":"open","ping_status":"open","sticky":false,"template":"","format":"standard","meta":{"_acf_changed":false,"_exactmetrics_skip_tracking":false,"_exactmetrics_sitenote_active":false,"_exactmetrics_sitenote_note":"","_exactmetrics_sitenote_category":0,"footnotes":"","_links_to":"","_links_to_target":""},"categories":[143],"tags":[],"class_list":["post-40084","post","type-post","status-publish","format-standard","has-post-thumbnail","hentry","category-lugar-8"],"acf":[],"yoast_head":"<!-- This site is optimized with the Yoast SEO plugin v26.9 - https:\/\/yoast.com\/product\/yoast-seo-wordpress\/ -->\n<title>Realidad aumentada, el cruce entre el mundo real y el digital - RM Norte<\/title>\n<meta name=\"robots\" content=\"index, follow, max-snippet:-1, max-image-preview:large, max-video-preview:-1\" \/>\n<link rel=\"canonical\" href=\"https:\/\/explora.cl\/rmnorte\/realidad-aumentada-el-cruce-entre-el-mundo-real-y-el-digital-2\/\" class=\"yoast-seo-meta-tag\" \/>\n<meta property=\"og:locale\" content=\"es_ES\" class=\"yoast-seo-meta-tag\" \/>\n<meta property=\"og:type\" content=\"article\" class=\"yoast-seo-meta-tag\" \/>\n<meta property=\"og:title\" content=\"Realidad aumentada, el cruce entre el mundo real y el digital - RM Norte\" class=\"yoast-seo-meta-tag\" \/>\n<meta property=\"og:description\" content=\"La combinaci\u00f3n entre el mundo real y la tecnolog\u00eda digital es posible gracias a la Realidad Aumentada (RA), cuyo desarrollo parti\u00f3 hace ya casi 80 a\u00f1os atr\u00e1s y hoy es posible encontrarla en diferentes \u00e1reas como publicidad, educaci\u00f3n, video juegos y tambi\u00e9n la podremos disfrutar en Eureka, el Festival de la Ciencia y Tecnolog\u00eda organizado por Explora RM Norte en la semana de la ciencia. Evento realizado por primera vez en formato online, en noviembre de este a\u00f1o.\" class=\"yoast-seo-meta-tag\" \/>\n<meta property=\"og:url\" content=\"https:\/\/explora.cl\/rmnorte\/realidad-aumentada-el-cruce-entre-el-mundo-real-y-el-digital-2\/\" class=\"yoast-seo-meta-tag\" \/>\n<meta property=\"og:site_name\" content=\"RM Norte\" class=\"yoast-seo-meta-tag\" \/>\n<meta property=\"article:published_time\" content=\"2020-10-28T17:11:59+00:00\" class=\"yoast-seo-meta-tag\" \/>\n<meta property=\"article:modified_time\" content=\"2020-11-27T23:11:45+00:00\" class=\"yoast-seo-meta-tag\" \/>\n<meta property=\"og:image\" content=\"https:\/\/explora.cl\/rmnorte\/wp-content\/uploads\/sites\/11\/2020\/10\/eureka_nivel-celular.jpg\" class=\"yoast-seo-meta-tag\" \/>\n\t<meta property=\"og:image:width\" content=\"1080\" class=\"yoast-seo-meta-tag\" \/>\n\t<meta property=\"og:image:height\" content=\"1011\" class=\"yoast-seo-meta-tag\" \/>\n\t<meta property=\"og:image:type\" content=\"image\/jpeg\" class=\"yoast-seo-meta-tag\" \/>\n<meta name=\"author\" content=\"dgarcia\" class=\"yoast-seo-meta-tag\" \/>\n<meta name=\"twitter:card\" content=\"summary_large_image\" class=\"yoast-seo-meta-tag\" \/>\n<meta name=\"twitter:label1\" content=\"Escrito por\" class=\"yoast-seo-meta-tag\" \/>\n\t<meta name=\"twitter:data1\" content=\"dgarcia\" class=\"yoast-seo-meta-tag\" \/>\n\t<meta name=\"twitter:label2\" content=\"Tiempo estimado de lectura\" class=\"yoast-seo-meta-tag\" \/>\n\t<meta name=\"twitter:data2\" content=\"6 minutos\" class=\"yoast-seo-meta-tag\" \/>\n<script type=\"application\/ld+json\" class=\"yoast-schema-graph\">{\"@context\":\"https:\/\/schema.org\",\"@graph\":[{\"@type\":\"Article\",\"@id\":\"https:\/\/explora.cl\/rmnorte\/realidad-aumentada-el-cruce-entre-el-mundo-real-y-el-digital-2\/#article\",\"isPartOf\":{\"@id\":\"https:\/\/explora.cl\/rmnorte\/realidad-aumentada-el-cruce-entre-el-mundo-real-y-el-digital-2\/\"},\"author\":{\"name\":\"dgarcia\",\"@id\":\"https:\/\/explora.cl\/rmnorte\/#\/schema\/person\/4ad985b29a183eab4170892260e133a5\"},\"headline\":\"Realidad aumentada, el cruce entre el mundo real y el digital\",\"datePublished\":\"2020-10-28T17:11:59+00:00\",\"dateModified\":\"2020-11-27T23:11:45+00:00\",\"mainEntityOfPage\":{\"@id\":\"https:\/\/explora.cl\/rmnorte\/realidad-aumentada-el-cruce-entre-el-mundo-real-y-el-digital-2\/\"},\"wordCount\":1181,\"commentCount\":0,\"image\":{\"@id\":\"https:\/\/explora.cl\/rmnorte\/realidad-aumentada-el-cruce-entre-el-mundo-real-y-el-digital-2\/#primaryimage\"},\"thumbnailUrl\":\"https:\/\/explora.cl\/rmnorte\/wp-content\/uploads\/sites\/11\/2020\/10\/eureka_nivel-celular.jpg\",\"articleSection\":[\"Lugar 8\"],\"inLanguage\":\"es-CL\",\"potentialAction\":[{\"@type\":\"CommentAction\",\"name\":\"Comment\",\"target\":[\"https:\/\/explora.cl\/rmnorte\/realidad-aumentada-el-cruce-entre-el-mundo-real-y-el-digital-2\/#respond\"]}]},{\"@type\":\"WebPage\",\"@id\":\"https:\/\/explora.cl\/rmnorte\/realidad-aumentada-el-cruce-entre-el-mundo-real-y-el-digital-2\/\",\"url\":\"https:\/\/explora.cl\/rmnorte\/realidad-aumentada-el-cruce-entre-el-mundo-real-y-el-digital-2\/\",\"name\":\"Realidad aumentada, el cruce entre el mundo real y el digital - RM Norte\",\"isPartOf\":{\"@id\":\"https:\/\/explora.cl\/rmnorte\/#website\"},\"primaryImageOfPage\":{\"@id\":\"https:\/\/explora.cl\/rmnorte\/realidad-aumentada-el-cruce-entre-el-mundo-real-y-el-digital-2\/#primaryimage\"},\"image\":{\"@id\":\"https:\/\/explora.cl\/rmnorte\/realidad-aumentada-el-cruce-entre-el-mundo-real-y-el-digital-2\/#primaryimage\"},\"thumbnailUrl\":\"https:\/\/explora.cl\/rmnorte\/wp-content\/uploads\/sites\/11\/2020\/10\/eureka_nivel-celular.jpg\",\"datePublished\":\"2020-10-28T17:11:59+00:00\",\"dateModified\":\"2020-11-27T23:11:45+00:00\",\"author\":{\"@id\":\"https:\/\/explora.cl\/rmnorte\/#\/schema\/person\/4ad985b29a183eab4170892260e133a5\"},\"breadcrumb\":{\"@id\":\"https:\/\/explora.cl\/rmnorte\/realidad-aumentada-el-cruce-entre-el-mundo-real-y-el-digital-2\/#breadcrumb\"},\"inLanguage\":\"es-CL\",\"potentialAction\":[{\"@type\":\"ReadAction\",\"target\":[\"https:\/\/explora.cl\/rmnorte\/realidad-aumentada-el-cruce-entre-el-mundo-real-y-el-digital-2\/\"]}]},{\"@type\":\"ImageObject\",\"inLanguage\":\"es-CL\",\"@id\":\"https:\/\/explora.cl\/rmnorte\/realidad-aumentada-el-cruce-entre-el-mundo-real-y-el-digital-2\/#primaryimage\",\"url\":\"https:\/\/explora.cl\/rmnorte\/wp-content\/uploads\/sites\/11\/2020\/10\/eureka_nivel-celular.jpg\",\"contentUrl\":\"https:\/\/explora.cl\/rmnorte\/wp-content\/uploads\/sites\/11\/2020\/10\/eureka_nivel-celular.jpg\",\"width\":1080,\"height\":1011},{\"@type\":\"BreadcrumbList\",\"@id\":\"https:\/\/explora.cl\/rmnorte\/realidad-aumentada-el-cruce-entre-el-mundo-real-y-el-digital-2\/#breadcrumb\",\"itemListElement\":[{\"@type\":\"ListItem\",\"position\":1,\"name\":\"Portada\",\"item\":\"https:\/\/explora.cl\/rmnorte\/\"},{\"@type\":\"ListItem\",\"position\":2,\"name\":\"Realidad aumentada, el cruce entre el mundo real y el digital\"}]},{\"@type\":\"WebSite\",\"@id\":\"https:\/\/explora.cl\/rmnorte\/#website\",\"url\":\"https:\/\/explora.cl\/rmnorte\/\",\"name\":\"RM Norte\",\"description\":\"RM Norte explora.cl\",\"potentialAction\":[{\"@type\":\"SearchAction\",\"target\":{\"@type\":\"EntryPoint\",\"urlTemplate\":\"https:\/\/explora.cl\/rmnorte\/?s={search_term_string}\"},\"query-input\":{\"@type\":\"PropertyValueSpecification\",\"valueRequired\":true,\"valueName\":\"search_term_string\"}}],\"inLanguage\":\"es-CL\"},{\"@type\":\"Person\",\"@id\":\"https:\/\/explora.cl\/rmnorte\/#\/schema\/person\/4ad985b29a183eab4170892260e133a5\",\"name\":\"dgarcia\",\"image\":{\"@type\":\"ImageObject\",\"inLanguage\":\"es-CL\",\"@id\":\"https:\/\/explora.cl\/rmnorte\/#\/schema\/person\/image\/\",\"url\":\"https:\/\/secure.gravatar.com\/avatar\/06e2fd9f68a0c19cd669ddc183de83489acab601aa57958e0f60175e5013e6b7?s=96&d=mm&r=g\",\"contentUrl\":\"https:\/\/secure.gravatar.com\/avatar\/06e2fd9f68a0c19cd669ddc183de83489acab601aa57958e0f60175e5013e6b7?s=96&d=mm&r=g\",\"caption\":\"dgarcia\"},\"url\":\"https:\/\/explora.cl\/rmnorte\/author\/dgarcia\/\"}]}<\/script>\n<!-- \/ Yoast SEO plugin. -->","yoast_head_json":{"title":"Realidad aumentada, el cruce entre el mundo real y el digital - RM Norte","robots":{"index":"index","follow":"follow","max-snippet":"max-snippet:-1","max-image-preview":"max-image-preview:large","max-video-preview":"max-video-preview:-1"},"canonical":"https:\/\/explora.cl\/rmnorte\/realidad-aumentada-el-cruce-entre-el-mundo-real-y-el-digital-2\/","og_locale":"es_ES","og_type":"article","og_title":"Realidad aumentada, el cruce entre el mundo real y el digital - RM Norte","og_description":"La combinaci\u00f3n entre el mundo real y la tecnolog\u00eda digital es posible gracias a la Realidad Aumentada (RA), cuyo desarrollo parti\u00f3 hace ya casi 80 a\u00f1os atr\u00e1s y hoy es posible encontrarla en diferentes \u00e1reas como publicidad, educaci\u00f3n, video juegos y tambi\u00e9n la podremos disfrutar en Eureka, el Festival de la Ciencia y Tecnolog\u00eda organizado por Explora RM Norte en la semana de la ciencia. Evento realizado por primera vez en formato online, en noviembre de este a\u00f1o.","og_url":"https:\/\/explora.cl\/rmnorte\/realidad-aumentada-el-cruce-entre-el-mundo-real-y-el-digital-2\/","og_site_name":"RM Norte","article_published_time":"2020-10-28T17:11:59+00:00","article_modified_time":"2020-11-27T23:11:45+00:00","og_image":[{"width":1080,"height":1011,"url":"https:\/\/explora.cl\/rmnorte\/wp-content\/uploads\/sites\/11\/2020\/10\/eureka_nivel-celular.jpg","type":"image\/jpeg"}],"author":"dgarcia","twitter_card":"summary_large_image","twitter_misc":{"Escrito por":"dgarcia","Tiempo estimado de lectura":"6 minutos"},"schema":{"@context":"https:\/\/schema.org","@graph":[{"@type":"Article","@id":"https:\/\/explora.cl\/rmnorte\/realidad-aumentada-el-cruce-entre-el-mundo-real-y-el-digital-2\/#article","isPartOf":{"@id":"https:\/\/explora.cl\/rmnorte\/realidad-aumentada-el-cruce-entre-el-mundo-real-y-el-digital-2\/"},"author":{"name":"dgarcia","@id":"https:\/\/explora.cl\/rmnorte\/#\/schema\/person\/4ad985b29a183eab4170892260e133a5"},"headline":"Realidad aumentada, el cruce entre el mundo real y el digital","datePublished":"2020-10-28T17:11:59+00:00","dateModified":"2020-11-27T23:11:45+00:00","mainEntityOfPage":{"@id":"https:\/\/explora.cl\/rmnorte\/realidad-aumentada-el-cruce-entre-el-mundo-real-y-el-digital-2\/"},"wordCount":1181,"commentCount":0,"image":{"@id":"https:\/\/explora.cl\/rmnorte\/realidad-aumentada-el-cruce-entre-el-mundo-real-y-el-digital-2\/#primaryimage"},"thumbnailUrl":"https:\/\/explora.cl\/rmnorte\/wp-content\/uploads\/sites\/11\/2020\/10\/eureka_nivel-celular.jpg","articleSection":["Lugar 8"],"inLanguage":"es-CL","potentialAction":[{"@type":"CommentAction","name":"Comment","target":["https:\/\/explora.cl\/rmnorte\/realidad-aumentada-el-cruce-entre-el-mundo-real-y-el-digital-2\/#respond"]}]},{"@type":"WebPage","@id":"https:\/\/explora.cl\/rmnorte\/realidad-aumentada-el-cruce-entre-el-mundo-real-y-el-digital-2\/","url":"https:\/\/explora.cl\/rmnorte\/realidad-aumentada-el-cruce-entre-el-mundo-real-y-el-digital-2\/","name":"Realidad aumentada, el cruce entre el mundo real y el digital - RM Norte","isPartOf":{"@id":"https:\/\/explora.cl\/rmnorte\/#website"},"primaryImageOfPage":{"@id":"https:\/\/explora.cl\/rmnorte\/realidad-aumentada-el-cruce-entre-el-mundo-real-y-el-digital-2\/#primaryimage"},"image":{"@id":"https:\/\/explora.cl\/rmnorte\/realidad-aumentada-el-cruce-entre-el-mundo-real-y-el-digital-2\/#primaryimage"},"thumbnailUrl":"https:\/\/explora.cl\/rmnorte\/wp-content\/uploads\/sites\/11\/2020\/10\/eureka_nivel-celular.jpg","datePublished":"2020-10-28T17:11:59+00:00","dateModified":"2020-11-27T23:11:45+00:00","author":{"@id":"https:\/\/explora.cl\/rmnorte\/#\/schema\/person\/4ad985b29a183eab4170892260e133a5"},"breadcrumb":{"@id":"https:\/\/explora.cl\/rmnorte\/realidad-aumentada-el-cruce-entre-el-mundo-real-y-el-digital-2\/#breadcrumb"},"inLanguage":"es-CL","potentialAction":[{"@type":"ReadAction","target":["https:\/\/explora.cl\/rmnorte\/realidad-aumentada-el-cruce-entre-el-mundo-real-y-el-digital-2\/"]}]},{"@type":"ImageObject","inLanguage":"es-CL","@id":"https:\/\/explora.cl\/rmnorte\/realidad-aumentada-el-cruce-entre-el-mundo-real-y-el-digital-2\/#primaryimage","url":"https:\/\/explora.cl\/rmnorte\/wp-content\/uploads\/sites\/11\/2020\/10\/eureka_nivel-celular.jpg","contentUrl":"https:\/\/explora.cl\/rmnorte\/wp-content\/uploads\/sites\/11\/2020\/10\/eureka_nivel-celular.jpg","width":1080,"height":1011},{"@type":"BreadcrumbList","@id":"https:\/\/explora.cl\/rmnorte\/realidad-aumentada-el-cruce-entre-el-mundo-real-y-el-digital-2\/#breadcrumb","itemListElement":[{"@type":"ListItem","position":1,"name":"Portada","item":"https:\/\/explora.cl\/rmnorte\/"},{"@type":"ListItem","position":2,"name":"Realidad aumentada, el cruce entre el mundo real y el digital"}]},{"@type":"WebSite","@id":"https:\/\/explora.cl\/rmnorte\/#website","url":"https:\/\/explora.cl\/rmnorte\/","name":"RM Norte","description":"RM Norte explora.cl","potentialAction":[{"@type":"SearchAction","target":{"@type":"EntryPoint","urlTemplate":"https:\/\/explora.cl\/rmnorte\/?s={search_term_string}"},"query-input":{"@type":"PropertyValueSpecification","valueRequired":true,"valueName":"search_term_string"}}],"inLanguage":"es-CL"},{"@type":"Person","@id":"https:\/\/explora.cl\/rmnorte\/#\/schema\/person\/4ad985b29a183eab4170892260e133a5","name":"dgarcia","image":{"@type":"ImageObject","inLanguage":"es-CL","@id":"https:\/\/explora.cl\/rmnorte\/#\/schema\/person\/image\/","url":"https:\/\/secure.gravatar.com\/avatar\/06e2fd9f68a0c19cd669ddc183de83489acab601aa57958e0f60175e5013e6b7?s=96&d=mm&r=g","contentUrl":"https:\/\/secure.gravatar.com\/avatar\/06e2fd9f68a0c19cd669ddc183de83489acab601aa57958e0f60175e5013e6b7?s=96&d=mm&r=g","caption":"dgarcia"},"url":"https:\/\/explora.cl\/rmnorte\/author\/dgarcia\/"}]}},"_links":{"self":[{"href":"https:\/\/explora.cl\/rmnorte\/wp-json\/wp\/v2\/posts\/40084","targetHints":{"allow":["GET"]}}],"collection":[{"href":"https:\/\/explora.cl\/rmnorte\/wp-json\/wp\/v2\/posts"}],"about":[{"href":"https:\/\/explora.cl\/rmnorte\/wp-json\/wp\/v2\/types\/post"}],"author":[{"embeddable":true,"href":"https:\/\/explora.cl\/rmnorte\/wp-json\/wp\/v2\/users\/26"}],"replies":[{"embeddable":true,"href":"https:\/\/explora.cl\/rmnorte\/wp-json\/wp\/v2\/comments?post=40084"}],"version-history":[{"count":1,"href":"https:\/\/explora.cl\/rmnorte\/wp-json\/wp\/v2\/posts\/40084\/revisions"}],"predecessor-version":[{"id":40089,"href":"https:\/\/explora.cl\/rmnorte\/wp-json\/wp\/v2\/posts\/40084\/revisions\/40089"}],"wp:featuredmedia":[{"embeddable":true,"href":"https:\/\/explora.cl\/rmnorte\/wp-json\/wp\/v2\/media\/40088"}],"wp:attachment":[{"href":"https:\/\/explora.cl\/rmnorte\/wp-json\/wp\/v2\/media?parent=40084"}],"wp:term":[{"taxonomy":"category","embeddable":true,"href":"https:\/\/explora.cl\/rmnorte\/wp-json\/wp\/v2\/categories?post=40084"},{"taxonomy":"post_tag","embeddable":true,"href":"https:\/\/explora.cl\/rmnorte\/wp-json\/wp\/v2\/tags?post=40084"}],"curies":[{"name":"wp","href":"https:\/\/api.w.org\/{rel}","templated":true}]}}