{"id":39925,"date":"2020-09-08T15:54:18","date_gmt":"2020-09-08T18:54:18","guid":{"rendered":"https:\/\/explora.cl\/rmnorte\/?p=39925"},"modified":"2020-09-22T17:50:51","modified_gmt":"2020-09-22T20:50:51","slug":"atencion-concurso-de-fotografia-microscopica-exploradors-del-micromundo","status":"publish","type":"post","link":"https:\/\/explora.cl\/rmnorte\/atencion-concurso-de-fotografia-microscopica-exploradors-del-micromundo\/","title":{"rendered":"\u00a1Atenci\u00f3n! Concurso de Fotograf\u00eda Microsc\u00f3pica: \u201cExplorador@s del Micromundo\u201d"},"content":{"rendered":"<p>El concurso invita a profesionales pertenecientes a las distintas \u00e1reas de las ciencias, tecnolog\u00eda, conocimiento e innovaci\u00f3n, a enviar fotograf\u00edas de im\u00e1genes tomadas en un microscopio, las cuales de ser seleccionadas, dar\u00e1n vida a la Exposici\u00f3n gr\u00e1fica: \u201cExplorador@s del Micromundo\u201d.<\/p>\n<p>La Exposici\u00f3n \u201cExplorador@s del Micromundo\u201d formar\u00e1 parte del Festival de la Ciencia (FECI), celebraci\u00f3n organizada por el Ministerio de Ciencia, Tecnolog\u00eda, Conocimiento e Innovaci\u00f3n y los Proyecto Explora de todo Chile, cuyo lema es \u201cCelebremos la Curiosidad\u201d. El objetivo de FECI es \u201cPosicionar la ciencia, tecnolog\u00eda, conocimiento e innovaci\u00f3n (CTCI) en el imaginario colectivo como parte de la cultura, promoviendo adem\u00e1s su apropiaci\u00f3n\u201d. Este gran festival se desarrollar\u00e1 del 11 al 15 de noviembre del presente a\u00f1o 2020.<\/p>\n<p><strong>\u00bfQUI\u00c9NES PUEDEN PARTICIPAR?<\/strong><\/p>\n<p>Pueden participar profesionales de las \u00e1reas de las ciencias naturales, sociales, exactas, humanidades y artes, ya sea cuenten con grados acad\u00e9micos de pregrado o postgrado o se encuentren en proceso de su obtenci\u00f3n.<\/p>\n<p><strong>\u00bfC\u00d3MO PARTICIPAR?<\/strong><\/p>\n<p>Para participar deber\u00e1n completar la ficha de inscripci\u00f3n la cual solicita datos del\/la participante, descripci\u00f3n y caracter\u00edsticas de la imagen en concurso, adem\u00e1s se solicitar\u00e1 declaraci\u00f3n de autor\u00eda de la fotograf\u00eda.<\/p>\n<p>La fotograf\u00eda y los documentos deber\u00e1n ser completados\u00a0seg\u00fan las instrucciones\u00a0descritas en las\u00a0presentes\u00a0bases concursables y enviadas al correo <u><a href=\"mailto:paulamerino@accdis.cl\">paulamerino@accdis.cl<\/a><\/u>, dentro de los plazos estipulados.<\/p>\n<p><strong>FORMATO DE LAS IM\u00c1GENES<\/strong><\/p>\n<ul>\n<li>Las fotograf\u00edas deber\u00e1n ser de exclusiva autor\u00eda del participante<\/li>\n<li>Las im\u00e1genes\u00a0deben tomarse con un microscopio de cualquier caracter\u00edstica.<\/li>\n<li>La fotograf\u00eda debe ser enviada en formato digital.<\/li>\n<li>La resoluci\u00f3n m\u00ednima de 96 dpi y pesar entre 3 Mb y 10 Mb<\/li>\n<li>Los archivos deben estar en formato jpeg, png, psd o tiff.<\/li>\n<li>Cada participante puede presentar un m\u00e1ximo de 2 im\u00e1genes.<\/li>\n<\/ul>\n<p><strong>PLAZOS<\/strong><\/p>\n<ul>\n<li><strong><u>Convocatoria<\/u>:<\/strong> El plazo de la presente convocatoria es desde el 8 de septiembre de 2020 (fecha de publicaci\u00f3n de las bases) hasta el 15 de octubre de 2020. \u00b7<\/li>\n<li><strong><u>Resultados:<\/u><\/strong> Los resultados de selecci\u00f3n y de los\/as ganadores\/as se dar\u00e1n a conocer el 22 de octubre, por medio de la p\u00e1gina web explora.cl\/rmnorte y correo electr\u00f3nico.<\/li>\n<\/ul>\n<h2><a href=\"https:\/\/drive.google.com\/file\/d\/1ccK9x3UWxD1avsmdJy-tAREo0sKdtu0c\/view?usp=sharing\"><img decoding=\"async\" class=\"wp-image-39926 alignleft\" src=\"https:\/\/explora.cl\/rmnorte\/wp-content\/uploads\/sites\/11\/2020\/09\/Boton_1.png\" alt=\"\" width=\"383\" height=\"46\" srcset=\"https:\/\/explora.cl\/rmnorte\/wp-content\/uploads\/sites\/11\/2020\/09\/Boton_1.png 3749w, https:\/\/explora.cl\/rmnorte\/wp-content\/uploads\/sites\/11\/2020\/09\/Boton_1-300x36.png 300w, https:\/\/explora.cl\/rmnorte\/wp-content\/uploads\/sites\/11\/2020\/09\/Boton_1-768x93.png 768w, https:\/\/explora.cl\/rmnorte\/wp-content\/uploads\/sites\/11\/2020\/09\/Boton_1-1024x123.png 1024w\" sizes=\"(max-width: 383px) 100vw, 383px\" \/><\/a><\/h2>\n<h2 style=\"text-align: center\"><strong><a href=\"https:\/\/drive.google.com\/file\/d\/1cZBY1FTnff-18iYp13_rIBRpfV-VScJk\/view?usp=sharing\"><img decoding=\"async\" class=\"wp-image-39927 alignleft\" src=\"https:\/\/explora.cl\/rmnorte\/wp-content\/uploads\/sites\/11\/2020\/09\/Boton_2.png\" alt=\"\" width=\"377\" height=\"52\" srcset=\"https:\/\/explora.cl\/rmnorte\/wp-content\/uploads\/sites\/11\/2020\/09\/Boton_2.png 3167w, https:\/\/explora.cl\/rmnorte\/wp-content\/uploads\/sites\/11\/2020\/09\/Boton_2-300x41.png 300w, https:\/\/explora.cl\/rmnorte\/wp-content\/uploads\/sites\/11\/2020\/09\/Boton_2-768x106.png 768w, https:\/\/explora.cl\/rmnorte\/wp-content\/uploads\/sites\/11\/2020\/09\/Boton_2-1024x141.png 1024w\" sizes=\"(max-width: 377px) 100vw, 377px\" \/><\/a><a href=\"https:\/\/drive.google.com\/file\/d\/1rCW-qVXuwFvSgVfKXpla5jg6WVVaXz7L\/view?usp=sharing\"><img decoding=\"async\" class=\"wp-image-39928 alignleft\" src=\"https:\/\/explora.cl\/rmnorte\/wp-content\/uploads\/sites\/11\/2020\/09\/Boton_3.png\" alt=\"\" width=\"376\" height=\"48\" srcset=\"https:\/\/explora.cl\/rmnorte\/wp-content\/uploads\/sites\/11\/2020\/09\/Boton_3.png 3079w, https:\/\/explora.cl\/rmnorte\/wp-content\/uploads\/sites\/11\/2020\/09\/Boton_3-300x38.png 300w, https:\/\/explora.cl\/rmnorte\/wp-content\/uploads\/sites\/11\/2020\/09\/Boton_3-768x98.png 768w, https:\/\/explora.cl\/rmnorte\/wp-content\/uploads\/sites\/11\/2020\/09\/Boton_3-1024x131.png 1024w\" sizes=\"(max-width: 376px) 100vw, 376px\" \/><\/a><\/strong><\/h2>\n<h2><\/h2>\n<h2><\/h2>\n<h2><\/h2>\n<h2 style=\"text-align: center\"><\/h2>\n<p><img loading=\"lazy\" decoding=\"async\" class=\"wp-image-39936 aligncenter\" src=\"https:\/\/explora.cl\/rmnorte\/wp-content\/uploads\/sites\/11\/2020\/09\/Afiche_-1.png\" alt=\"\" width=\"430\" height=\"625\" srcset=\"https:\/\/explora.cl\/rmnorte\/wp-content\/uploads\/sites\/11\/2020\/09\/Afiche_-1.png 1279w, https:\/\/explora.cl\/rmnorte\/wp-content\/uploads\/sites\/11\/2020\/09\/Afiche_-1-207x300.png 207w, https:\/\/explora.cl\/rmnorte\/wp-content\/uploads\/sites\/11\/2020\/09\/Afiche_-1-768x1116.png 768w, https:\/\/explora.cl\/rmnorte\/wp-content\/uploads\/sites\/11\/2020\/09\/Afiche_-1-705x1024.png 705w\" sizes=\"(max-width: 430px) 100vw, 430px\" \/><\/p>\n","protected":false},"excerpt":{"rendered":"<p>\u00a1Atenci\u00f3n! Concurso de Fotograf\u00eda Microsc\u00f3pica: \u201cExplorador@s del Micromundo\u201d<\/p>\n","protected":false},"author":26,"featured_media":39930,"comment_status":"open","ping_status":"open","sticky":false,"template":"","format":"standard","meta":{"_acf_changed":false,"_exactmetrics_skip_tracking":false,"_exactmetrics_sitenote_active":false,"_exactmetrics_sitenote_note":"","_exactmetrics_sitenote_category":0,"footnotes":"","_links_to":"","_links_to_target":""},"categories":[151,138],"tags":[],"class_list":["post-39925","post","type-post","status-publish","format-standard","has-post-thumbnail","hentry","category-banner","category-lugar-3"],"acf":[],"yoast_head":"<!-- This site is optimized with the Yoast SEO plugin v26.9 - https:\/\/yoast.com\/product\/yoast-seo-wordpress\/ -->\n<title>\u00a1Atenci\u00f3n! Concurso de Fotograf\u00eda Microsc\u00f3pica: \u201cExplorador@s del Micromundo\u201d - RM Norte<\/title>\n<meta name=\"robots\" content=\"index, follow, max-snippet:-1, max-image-preview:large, max-video-preview:-1\" \/>\n<link rel=\"canonical\" href=\"https:\/\/explora.cl\/rmnorte\/atencion-concurso-de-fotografia-microscopica-exploradors-del-micromundo\/\" class=\"yoast-seo-meta-tag\" \/>\n<meta property=\"og:locale\" content=\"es_ES\" class=\"yoast-seo-meta-tag\" \/>\n<meta property=\"og:type\" content=\"article\" class=\"yoast-seo-meta-tag\" \/>\n<meta property=\"og:title\" content=\"\u00a1Atenci\u00f3n! Concurso de Fotograf\u00eda Microsc\u00f3pica: \u201cExplorador@s del Micromundo\u201d - RM Norte\" class=\"yoast-seo-meta-tag\" \/>\n<meta property=\"og:description\" content=\"\u00a1Atenci\u00f3n! Concurso de Fotograf\u00eda Microsc\u00f3pica: \u201cExplorador@s del Micromundo\u201d\" class=\"yoast-seo-meta-tag\" \/>\n<meta property=\"og:url\" content=\"https:\/\/explora.cl\/rmnorte\/atencion-concurso-de-fotografia-microscopica-exploradors-del-micromundo\/\" class=\"yoast-seo-meta-tag\" \/>\n<meta property=\"og:site_name\" content=\"RM Norte\" class=\"yoast-seo-meta-tag\" \/>\n<meta property=\"article:published_time\" content=\"2020-09-08T18:54:18+00:00\" class=\"yoast-seo-meta-tag\" \/>\n<meta property=\"article:modified_time\" content=\"2020-09-22T20:50:51+00:00\" class=\"yoast-seo-meta-tag\" \/>\n<meta property=\"og:image\" content=\"https:\/\/explora.cl\/rmnorte\/wp-content\/uploads\/sites\/11\/2020\/09\/banner_web_-1024x685.jpg\" class=\"yoast-seo-meta-tag\" \/>\n\t<meta property=\"og:image:width\" content=\"1024\" class=\"yoast-seo-meta-tag\" \/>\n\t<meta property=\"og:image:height\" content=\"685\" class=\"yoast-seo-meta-tag\" \/>\n\t<meta property=\"og:image:type\" content=\"image\/jpeg\" class=\"yoast-seo-meta-tag\" \/>\n<meta name=\"author\" content=\"dgarcia\" class=\"yoast-seo-meta-tag\" \/>\n<meta name=\"twitter:card\" content=\"summary_large_image\" class=\"yoast-seo-meta-tag\" \/>\n<meta name=\"twitter:label1\" content=\"Escrito por\" class=\"yoast-seo-meta-tag\" \/>\n\t<meta name=\"twitter:data1\" content=\"dgarcia\" class=\"yoast-seo-meta-tag\" \/>\n\t<meta name=\"twitter:label2\" content=\"Tiempo estimado de lectura\" class=\"yoast-seo-meta-tag\" \/>\n\t<meta name=\"twitter:data2\" content=\"2 minutos\" class=\"yoast-seo-meta-tag\" \/>\n<script type=\"application\/ld+json\" class=\"yoast-schema-graph\">{\"@context\":\"https:\/\/schema.org\",\"@graph\":[{\"@type\":\"Article\",\"@id\":\"https:\/\/explora.cl\/rmnorte\/atencion-concurso-de-fotografia-microscopica-exploradors-del-micromundo\/#article\",\"isPartOf\":{\"@id\":\"https:\/\/explora.cl\/rmnorte\/atencion-concurso-de-fotografia-microscopica-exploradors-del-micromundo\/\"},\"author\":{\"name\":\"dgarcia\",\"@id\":\"https:\/\/explora.cl\/rmnorte\/#\/schema\/person\/4ad985b29a183eab4170892260e133a5\"},\"headline\":\"\u00a1Atenci\u00f3n! Concurso de Fotograf\u00eda Microsc\u00f3pica: \u201cExplorador@s del Micromundo\u201d\",\"datePublished\":\"2020-09-08T18:54:18+00:00\",\"dateModified\":\"2020-09-22T20:50:51+00:00\",\"mainEntityOfPage\":{\"@id\":\"https:\/\/explora.cl\/rmnorte\/atencion-concurso-de-fotografia-microscopica-exploradors-del-micromundo\/\"},\"wordCount\":391,\"commentCount\":0,\"image\":{\"@id\":\"https:\/\/explora.cl\/rmnorte\/atencion-concurso-de-fotografia-microscopica-exploradors-del-micromundo\/#primaryimage\"},\"thumbnailUrl\":\"https:\/\/explora.cl\/rmnorte\/wp-content\/uploads\/sites\/11\/2020\/09\/banner_web_.jpg\",\"articleSection\":[\"Banner\",\"Lugar 3\"],\"inLanguage\":\"es-CL\",\"potentialAction\":[{\"@type\":\"CommentAction\",\"name\":\"Comment\",\"target\":[\"https:\/\/explora.cl\/rmnorte\/atencion-concurso-de-fotografia-microscopica-exploradors-del-micromundo\/#respond\"]}]},{\"@type\":\"WebPage\",\"@id\":\"https:\/\/explora.cl\/rmnorte\/atencion-concurso-de-fotografia-microscopica-exploradors-del-micromundo\/\",\"url\":\"https:\/\/explora.cl\/rmnorte\/atencion-concurso-de-fotografia-microscopica-exploradors-del-micromundo\/\",\"name\":\"\u00a1Atenci\u00f3n! Concurso de Fotograf\u00eda Microsc\u00f3pica: \u201cExplorador@s del Micromundo\u201d - RM Norte\",\"isPartOf\":{\"@id\":\"https:\/\/explora.cl\/rmnorte\/#website\"},\"primaryImageOfPage\":{\"@id\":\"https:\/\/explora.cl\/rmnorte\/atencion-concurso-de-fotografia-microscopica-exploradors-del-micromundo\/#primaryimage\"},\"image\":{\"@id\":\"https:\/\/explora.cl\/rmnorte\/atencion-concurso-de-fotografia-microscopica-exploradors-del-micromundo\/#primaryimage\"},\"thumbnailUrl\":\"https:\/\/explora.cl\/rmnorte\/wp-content\/uploads\/sites\/11\/2020\/09\/banner_web_.jpg\",\"datePublished\":\"2020-09-08T18:54:18+00:00\",\"dateModified\":\"2020-09-22T20:50:51+00:00\",\"author\":{\"@id\":\"https:\/\/explora.cl\/rmnorte\/#\/schema\/person\/4ad985b29a183eab4170892260e133a5\"},\"breadcrumb\":{\"@id\":\"https:\/\/explora.cl\/rmnorte\/atencion-concurso-de-fotografia-microscopica-exploradors-del-micromundo\/#breadcrumb\"},\"inLanguage\":\"es-CL\",\"potentialAction\":[{\"@type\":\"ReadAction\",\"target\":[\"https:\/\/explora.cl\/rmnorte\/atencion-concurso-de-fotografia-microscopica-exploradors-del-micromundo\/\"]}]},{\"@type\":\"ImageObject\",\"inLanguage\":\"es-CL\",\"@id\":\"https:\/\/explora.cl\/rmnorte\/atencion-concurso-de-fotografia-microscopica-exploradors-del-micromundo\/#primaryimage\",\"url\":\"https:\/\/explora.cl\/rmnorte\/wp-content\/uploads\/sites\/11\/2020\/09\/banner_web_.jpg\",\"contentUrl\":\"https:\/\/explora.cl\/rmnorte\/wp-content\/uploads\/sites\/11\/2020\/09\/banner_web_.jpg\",\"width\":3469,\"height\":2320},{\"@type\":\"BreadcrumbList\",\"@id\":\"https:\/\/explora.cl\/rmnorte\/atencion-concurso-de-fotografia-microscopica-exploradors-del-micromundo\/#breadcrumb\",\"itemListElement\":[{\"@type\":\"ListItem\",\"position\":1,\"name\":\"Portada\",\"item\":\"https:\/\/explora.cl\/rmnorte\/\"},{\"@type\":\"ListItem\",\"position\":2,\"name\":\"\u00a1Atenci\u00f3n! Concurso de Fotograf\u00eda Microsc\u00f3pica: \u201cExplorador@s del Micromundo\u201d\"}]},{\"@type\":\"WebSite\",\"@id\":\"https:\/\/explora.cl\/rmnorte\/#website\",\"url\":\"https:\/\/explora.cl\/rmnorte\/\",\"name\":\"RM Norte\",\"description\":\"RM Norte explora.cl\",\"potentialAction\":[{\"@type\":\"SearchAction\",\"target\":{\"@type\":\"EntryPoint\",\"urlTemplate\":\"https:\/\/explora.cl\/rmnorte\/?s={search_term_string}\"},\"query-input\":{\"@type\":\"PropertyValueSpecification\",\"valueRequired\":true,\"valueName\":\"search_term_string\"}}],\"inLanguage\":\"es-CL\"},{\"@type\":\"Person\",\"@id\":\"https:\/\/explora.cl\/rmnorte\/#\/schema\/person\/4ad985b29a183eab4170892260e133a5\",\"name\":\"dgarcia\",\"image\":{\"@type\":\"ImageObject\",\"inLanguage\":\"es-CL\",\"@id\":\"https:\/\/explora.cl\/rmnorte\/#\/schema\/person\/image\/\",\"url\":\"https:\/\/secure.gravatar.com\/avatar\/06e2fd9f68a0c19cd669ddc183de83489acab601aa57958e0f60175e5013e6b7?s=96&d=mm&r=g\",\"contentUrl\":\"https:\/\/secure.gravatar.com\/avatar\/06e2fd9f68a0c19cd669ddc183de83489acab601aa57958e0f60175e5013e6b7?s=96&d=mm&r=g\",\"caption\":\"dgarcia\"},\"url\":\"https:\/\/explora.cl\/rmnorte\/author\/dgarcia\/\"}]}<\/script>\n<!-- \/ Yoast SEO plugin. -->","yoast_head_json":{"title":"\u00a1Atenci\u00f3n! Concurso de Fotograf\u00eda Microsc\u00f3pica: \u201cExplorador@s del Micromundo\u201d - RM Norte","robots":{"index":"index","follow":"follow","max-snippet":"max-snippet:-1","max-image-preview":"max-image-preview:large","max-video-preview":"max-video-preview:-1"},"canonical":"https:\/\/explora.cl\/rmnorte\/atencion-concurso-de-fotografia-microscopica-exploradors-del-micromundo\/","og_locale":"es_ES","og_type":"article","og_title":"\u00a1Atenci\u00f3n! Concurso de Fotograf\u00eda Microsc\u00f3pica: \u201cExplorador@s del Micromundo\u201d - RM Norte","og_description":"\u00a1Atenci\u00f3n! Concurso de Fotograf\u00eda Microsc\u00f3pica: \u201cExplorador@s del Micromundo\u201d","og_url":"https:\/\/explora.cl\/rmnorte\/atencion-concurso-de-fotografia-microscopica-exploradors-del-micromundo\/","og_site_name":"RM Norte","article_published_time":"2020-09-08T18:54:18+00:00","article_modified_time":"2020-09-22T20:50:51+00:00","og_image":[{"width":1024,"height":685,"url":"https:\/\/explora.cl\/rmnorte\/wp-content\/uploads\/sites\/11\/2020\/09\/banner_web_-1024x685.jpg","type":"image\/jpeg"}],"author":"dgarcia","twitter_card":"summary_large_image","twitter_misc":{"Escrito por":"dgarcia","Tiempo estimado de lectura":"2 minutos"},"schema":{"@context":"https:\/\/schema.org","@graph":[{"@type":"Article","@id":"https:\/\/explora.cl\/rmnorte\/atencion-concurso-de-fotografia-microscopica-exploradors-del-micromundo\/#article","isPartOf":{"@id":"https:\/\/explora.cl\/rmnorte\/atencion-concurso-de-fotografia-microscopica-exploradors-del-micromundo\/"},"author":{"name":"dgarcia","@id":"https:\/\/explora.cl\/rmnorte\/#\/schema\/person\/4ad985b29a183eab4170892260e133a5"},"headline":"\u00a1Atenci\u00f3n! Concurso de Fotograf\u00eda Microsc\u00f3pica: \u201cExplorador@s del Micromundo\u201d","datePublished":"2020-09-08T18:54:18+00:00","dateModified":"2020-09-22T20:50:51+00:00","mainEntityOfPage":{"@id":"https:\/\/explora.cl\/rmnorte\/atencion-concurso-de-fotografia-microscopica-exploradors-del-micromundo\/"},"wordCount":391,"commentCount":0,"image":{"@id":"https:\/\/explora.cl\/rmnorte\/atencion-concurso-de-fotografia-microscopica-exploradors-del-micromundo\/#primaryimage"},"thumbnailUrl":"https:\/\/explora.cl\/rmnorte\/wp-content\/uploads\/sites\/11\/2020\/09\/banner_web_.jpg","articleSection":["Banner","Lugar 3"],"inLanguage":"es-CL","potentialAction":[{"@type":"CommentAction","name":"Comment","target":["https:\/\/explora.cl\/rmnorte\/atencion-concurso-de-fotografia-microscopica-exploradors-del-micromundo\/#respond"]}]},{"@type":"WebPage","@id":"https:\/\/explora.cl\/rmnorte\/atencion-concurso-de-fotografia-microscopica-exploradors-del-micromundo\/","url":"https:\/\/explora.cl\/rmnorte\/atencion-concurso-de-fotografia-microscopica-exploradors-del-micromundo\/","name":"\u00a1Atenci\u00f3n! Concurso de Fotograf\u00eda Microsc\u00f3pica: \u201cExplorador@s del Micromundo\u201d - RM Norte","isPartOf":{"@id":"https:\/\/explora.cl\/rmnorte\/#website"},"primaryImageOfPage":{"@id":"https:\/\/explora.cl\/rmnorte\/atencion-concurso-de-fotografia-microscopica-exploradors-del-micromundo\/#primaryimage"},"image":{"@id":"https:\/\/explora.cl\/rmnorte\/atencion-concurso-de-fotografia-microscopica-exploradors-del-micromundo\/#primaryimage"},"thumbnailUrl":"https:\/\/explora.cl\/rmnorte\/wp-content\/uploads\/sites\/11\/2020\/09\/banner_web_.jpg","datePublished":"2020-09-08T18:54:18+00:00","dateModified":"2020-09-22T20:50:51+00:00","author":{"@id":"https:\/\/explora.cl\/rmnorte\/#\/schema\/person\/4ad985b29a183eab4170892260e133a5"},"breadcrumb":{"@id":"https:\/\/explora.cl\/rmnorte\/atencion-concurso-de-fotografia-microscopica-exploradors-del-micromundo\/#breadcrumb"},"inLanguage":"es-CL","potentialAction":[{"@type":"ReadAction","target":["https:\/\/explora.cl\/rmnorte\/atencion-concurso-de-fotografia-microscopica-exploradors-del-micromundo\/"]}]},{"@type":"ImageObject","inLanguage":"es-CL","@id":"https:\/\/explora.cl\/rmnorte\/atencion-concurso-de-fotografia-microscopica-exploradors-del-micromundo\/#primaryimage","url":"https:\/\/explora.cl\/rmnorte\/wp-content\/uploads\/sites\/11\/2020\/09\/banner_web_.jpg","contentUrl":"https:\/\/explora.cl\/rmnorte\/wp-content\/uploads\/sites\/11\/2020\/09\/banner_web_.jpg","width":3469,"height":2320},{"@type":"BreadcrumbList","@id":"https:\/\/explora.cl\/rmnorte\/atencion-concurso-de-fotografia-microscopica-exploradors-del-micromundo\/#breadcrumb","itemListElement":[{"@type":"ListItem","position":1,"name":"Portada","item":"https:\/\/explora.cl\/rmnorte\/"},{"@type":"ListItem","position":2,"name":"\u00a1Atenci\u00f3n! Concurso de Fotograf\u00eda Microsc\u00f3pica: \u201cExplorador@s del Micromundo\u201d"}]},{"@type":"WebSite","@id":"https:\/\/explora.cl\/rmnorte\/#website","url":"https:\/\/explora.cl\/rmnorte\/","name":"RM Norte","description":"RM Norte explora.cl","potentialAction":[{"@type":"SearchAction","target":{"@type":"EntryPoint","urlTemplate":"https:\/\/explora.cl\/rmnorte\/?s={search_term_string}"},"query-input":{"@type":"PropertyValueSpecification","valueRequired":true,"valueName":"search_term_string"}}],"inLanguage":"es-CL"},{"@type":"Person","@id":"https:\/\/explora.cl\/rmnorte\/#\/schema\/person\/4ad985b29a183eab4170892260e133a5","name":"dgarcia","image":{"@type":"ImageObject","inLanguage":"es-CL","@id":"https:\/\/explora.cl\/rmnorte\/#\/schema\/person\/image\/","url":"https:\/\/secure.gravatar.com\/avatar\/06e2fd9f68a0c19cd669ddc183de83489acab601aa57958e0f60175e5013e6b7?s=96&d=mm&r=g","contentUrl":"https:\/\/secure.gravatar.com\/avatar\/06e2fd9f68a0c19cd669ddc183de83489acab601aa57958e0f60175e5013e6b7?s=96&d=mm&r=g","caption":"dgarcia"},"url":"https:\/\/explora.cl\/rmnorte\/author\/dgarcia\/"}]}},"_links":{"self":[{"href":"https:\/\/explora.cl\/rmnorte\/wp-json\/wp\/v2\/posts\/39925","targetHints":{"allow":["GET"]}}],"collection":[{"href":"https:\/\/explora.cl\/rmnorte\/wp-json\/wp\/v2\/posts"}],"about":[{"href":"https:\/\/explora.cl\/rmnorte\/wp-json\/wp\/v2\/types\/post"}],"author":[{"embeddable":true,"href":"https:\/\/explora.cl\/rmnorte\/wp-json\/wp\/v2\/users\/26"}],"replies":[{"embeddable":true,"href":"https:\/\/explora.cl\/rmnorte\/wp-json\/wp\/v2\/comments?post=39925"}],"version-history":[{"count":6,"href":"https:\/\/explora.cl\/rmnorte\/wp-json\/wp\/v2\/posts\/39925\/revisions"}],"predecessor-version":[{"id":39938,"href":"https:\/\/explora.cl\/rmnorte\/wp-json\/wp\/v2\/posts\/39925\/revisions\/39938"}],"wp:featuredmedia":[{"embeddable":true,"href":"https:\/\/explora.cl\/rmnorte\/wp-json\/wp\/v2\/media\/39930"}],"wp:attachment":[{"href":"https:\/\/explora.cl\/rmnorte\/wp-json\/wp\/v2\/media?parent=39925"}],"wp:term":[{"taxonomy":"category","embeddable":true,"href":"https:\/\/explora.cl\/rmnorte\/wp-json\/wp\/v2\/categories?post=39925"},{"taxonomy":"post_tag","embeddable":true,"href":"https:\/\/explora.cl\/rmnorte\/wp-json\/wp\/v2\/tags?post=39925"}],"curies":[{"name":"wp","href":"https:\/\/api.w.org\/{rel}","templated":true}]}}