{"id":39853,"date":"2020-08-24T13:22:13","date_gmt":"2020-08-24T17:22:13","guid":{"rendered":"https:\/\/explora.cl\/rmnorte\/?p=39853"},"modified":"2020-08-24T13:43:37","modified_gmt":"2020-08-24T17:43:37","slug":"el-ciclo-de-charlas-primeras-edades-llego-a-su-fin-2","status":"publish","type":"post","link":"https:\/\/explora.cl\/rmnorte\/el-ciclo-de-charlas-primeras-edades-llego-a-su-fin-2\/","title":{"rendered":"El Ciclo de Charlas Primeras Edades lleg\u00f3 a su fin"},"content":{"rendered":"<h3><strong>Desde el mes de abril hasta agosto Explora RM Norte, llev\u00f3 a cabo un ciclo de charlas de Primeras Edades, dirigido por su director Mario Chiong, acad\u00e9mico de la Universidad de Chile e investigador de su unidad ejecutora ACCDIS, quien a trav\u00e9s de encuentros gratuitos por el Facebook de la instituci\u00f3n explic\u00f3 diversos temas enfocados en las Funciones <\/strong><strong>Ejecutivas<\/strong> <strong>de los ni\u00f1os y ni\u00f1as.<\/strong><\/h3>\n<p>El ciclo de charlas Primeras Edades es una iniciativa de Explora Regi\u00f3n Metropolitana Norte, el cual tiene como objetivo dar a conocer a los padres, madres, educadores y educadoras c\u00f3mo se forma el cerebro humano y destacar la influencia que ejercen estos roles profesionales sobre el desarrollo de los ni\u00f1os y ni\u00f1as.<\/p>\n<p>Partiendo por la definici\u00f3n, que las funciones ejecutivas son un conjunto de habilidades cognitivas necesarias para lograr las actividades mentales complejas propias del ser humano, el acad\u00e9mico de la Facultad de Ciencias Qu\u00edmicas y Farmac\u00e9uticas de la Universidad de Chile explic\u00f3, \u201ceste ciclo de charlas ayudar\u00e1 a entender la importancia de la calidad del entorno temprano del ni\u00f1o y la ni\u00f1a y la disponibilidad de experiencias apropiadas en los momentos adecuados del desarrollo, los cuales son esenciales a la hora de determinar la estructura y funci\u00f3n del cerebro. Esto a su vez, establecer\u00e1 en qu\u00e9 medida el ni\u00f1o o la ni\u00f1a ser\u00e1 capaz de pensar y controlar sus emociones\u201d.<\/p>\n<p>Durante seis charlas, el profesor abord\u00f3 diversos temas enfocados en c\u00f3mo se estructuran las primeras habilidades cognitivas, denominadas funciones ejecutivas, explic\u00f3 c\u00f3mo fortalecer el desarrollo de estas funciones y el impacto que \u00e9stas tienen en la inteligencia y el razonamiento complejo.<\/p>\n<p>Adem\u00e1s, mostr\u00f3 c\u00f3mo las funciones ejecutivas se asocian con el desarrollo de las habilidades socioemocionales en los ni\u00f1os y ni\u00f1as, comprendiendo las bases neurocient\u00edficas de la resiliencia.<\/p>\n<p>Por otro lado, el acad\u00e9mico tambi\u00e9n destac\u00f3 c\u00f3mo el lenguaje que se usa con los ni\u00f1os y ni\u00f1as afecta su percepci\u00f3n del aprendizaje, modificando su motivaci\u00f3n e inter\u00e9s por aprender. En este punto, el experto destac\u00f3 el concepto de \u201cmentalidad de crecimiento\u201d creado por la Dra. Carol Dewck de la Universidad de Stanford, quien busca incentivar a los ni\u00f1os y ni\u00f1as que gracias a su esfuerzo se obtienen mejores resultados, es decir en vez de expresar \u201cqu\u00e9 inteligente eres, que bien se te dan las matem\u00e1ticas\u201d, la mentalidad de crecimiento promueve decir: \u201cqu\u00e9 bien se te dan las matem\u00e1ticas, se nota que pr\u00e1cticas y te esfuerzas mucho\u201d.<\/p>\n<p>Si este cambio de discurso y enfoque se usa en todos los \u00e1mbitos, los ni\u00f1os y ni\u00f1as se dan cuenta que, si se practica y se pone esfuerzo, se logran mayores resultados, coment\u00f3 el profesor Mario Chiong, quien tambi\u00e9n se\u00f1al\u00f3 que el aprendizaje debe ocurrir en momentos espec\u00edficos durante etapas espec\u00edficas del desarrollo.<\/p>\n<p>Para finalizar, el acad\u00e9mico explic\u00f3 la importancia de la buena alimentaci\u00f3n en el desarrollo del cerebro, enfatizando que \u201cdesde Explora RM Norte estamos comprometidos con la salud de todas y todos los chilenos, ayudando no solo al correcto desarrollo cognitivo de los infantes, sino que tambi\u00e9n en la prevenci\u00f3n de enfermedades cr\u00f3nicas\u201d.<\/p>\n<p>A continuaci\u00f3n, se compartes las presentaciones y videos de las charlas anteriores:<\/p>\n<p><a href=\"https:\/\/drive.google.com\/file\/d\/1JEJBYpV-_Q2bpebam9Awp3qjS7oUBdUR\/view?usp=sharing\"><strong><img decoding=\"async\" class=\"wp-image-39846 alignleft\" src=\"https:\/\/explora.cl\/rmnorte\/wp-content\/uploads\/sites\/11\/2020\/07\/botones_1.png\" alt=\"\" width=\"270\" height=\"80\" srcset=\"https:\/\/explora.cl\/rmnorte\/wp-content\/uploads\/sites\/11\/2020\/07\/botones_1.png 1047w, https:\/\/explora.cl\/rmnorte\/wp-content\/uploads\/sites\/11\/2020\/07\/botones_1-300x89.png 300w, https:\/\/explora.cl\/rmnorte\/wp-content\/uploads\/sites\/11\/2020\/07\/botones_1-768x227.png 768w, https:\/\/explora.cl\/rmnorte\/wp-content\/uploads\/sites\/11\/2020\/07\/botones_1-1024x303.png 1024w\" sizes=\"(max-width: 270px) 100vw, 270px\" \/> \u00a0<\/strong><\/a><a href=\"https:\/\/drive.google.com\/file\/d\/1Wj2JcdisToI5iJqWHVSuEW9BdN75RUdJ\/view?usp=sharing\"><strong><img decoding=\"async\" class=\"wp-image-39847 alignleft\" src=\"https:\/\/explora.cl\/rmnorte\/wp-content\/uploads\/sites\/11\/2020\/07\/botones_2.png\" alt=\"\" width=\"270\" height=\"80\" srcset=\"https:\/\/explora.cl\/rmnorte\/wp-content\/uploads\/sites\/11\/2020\/07\/botones_2.png 1046w, https:\/\/explora.cl\/rmnorte\/wp-content\/uploads\/sites\/11\/2020\/07\/botones_2-300x89.png 300w, https:\/\/explora.cl\/rmnorte\/wp-content\/uploads\/sites\/11\/2020\/07\/botones_2-768x228.png 768w, https:\/\/explora.cl\/rmnorte\/wp-content\/uploads\/sites\/11\/2020\/07\/botones_2-1024x303.png 1024w\" sizes=\"(max-width: 270px) 100vw, 270px\" \/><\/strong><\/a><\/p>\n<p><a href=\"https:\/\/drive.google.com\/file\/d\/1PnLz0G7Q25iUq8ifsoaSq0jK-3mQdpuT\/view?usp=sharing\"><strong><img decoding=\"async\" class=\"wp-image-39848 alignleft\" src=\"https:\/\/explora.cl\/rmnorte\/wp-content\/uploads\/sites\/11\/2020\/07\/botones_3.png\" alt=\"\" width=\"271\" height=\"80\" srcset=\"https:\/\/explora.cl\/rmnorte\/wp-content\/uploads\/sites\/11\/2020\/07\/botones_3.png 1046w, https:\/\/explora.cl\/rmnorte\/wp-content\/uploads\/sites\/11\/2020\/07\/botones_3-300x89.png 300w, https:\/\/explora.cl\/rmnorte\/wp-content\/uploads\/sites\/11\/2020\/07\/botones_3-768x227.png 768w, https:\/\/explora.cl\/rmnorte\/wp-content\/uploads\/sites\/11\/2020\/07\/botones_3-1024x303.png 1024w\" sizes=\"(max-width: 271px) 100vw, 271px\" \/> \u00a0<\/strong><\/a><strong><a href=\"https:\/\/drive.google.com\/file\/d\/1MLbn6YVZO1pyjFEd__ByFT_q-0Z7bS_n\/view?usp=sharing\"><img loading=\"lazy\" decoding=\"async\" class=\"wp-image-39849 alignleft\" src=\"https:\/\/explora.cl\/rmnorte\/wp-content\/uploads\/sites\/11\/2020\/07\/botones_4.png\" alt=\"\" width=\"272\" height=\"80\" srcset=\"https:\/\/explora.cl\/rmnorte\/wp-content\/uploads\/sites\/11\/2020\/07\/botones_4.png 1046w, https:\/\/explora.cl\/rmnorte\/wp-content\/uploads\/sites\/11\/2020\/07\/botones_4-300x89.png 300w, https:\/\/explora.cl\/rmnorte\/wp-content\/uploads\/sites\/11\/2020\/07\/botones_4-768x227.png 768w, https:\/\/explora.cl\/rmnorte\/wp-content\/uploads\/sites\/11\/2020\/07\/botones_4-1024x303.png 1024w\" sizes=\"(max-width: 272px) 100vw, 272px\" \/><\/a><\/strong><\/p>\n<p>&nbsp;<\/p>\n<p>&nbsp;<\/p>\n<p>&nbsp;<\/p>\n<p><a href=\"https:\/\/drive.google.com\/file\/d\/1-8CVi9h86_xugjx9-H_Nco2LtgIuyora\/view?usp=sharing\"><img loading=\"lazy\" decoding=\"async\" class=\"wp-image-39850 alignnone\" src=\"https:\/\/explora.cl\/rmnorte\/wp-content\/uploads\/sites\/11\/2020\/07\/botones_5.png\" alt=\"\" width=\"271\" height=\"80\" srcset=\"https:\/\/explora.cl\/rmnorte\/wp-content\/uploads\/sites\/11\/2020\/07\/botones_5.png 1046w, https:\/\/explora.cl\/rmnorte\/wp-content\/uploads\/sites\/11\/2020\/07\/botones_5-300x89.png 300w, https:\/\/explora.cl\/rmnorte\/wp-content\/uploads\/sites\/11\/2020\/07\/botones_5-768x227.png 768w, https:\/\/explora.cl\/rmnorte\/wp-content\/uploads\/sites\/11\/2020\/07\/botones_5-1024x303.png 1024w\" sizes=\"(max-width: 271px) 100vw, 271px\" \/> <\/a><a href=\"https:\/\/drive.google.com\/file\/d\/1p3cFmYgJh79gB8NwiQn3i3njUhnDmcEx\/view?usp=sharing\"><img loading=\"lazy\" decoding=\"async\" class=\"wp-image-39851 alignnone\" src=\"https:\/\/explora.cl\/rmnorte\/wp-content\/uploads\/sites\/11\/2020\/07\/botones_6.png\" alt=\"\" width=\"270\" height=\"80\" srcset=\"https:\/\/explora.cl\/rmnorte\/wp-content\/uploads\/sites\/11\/2020\/07\/botones_6.png 1046w, https:\/\/explora.cl\/rmnorte\/wp-content\/uploads\/sites\/11\/2020\/07\/botones_6-300x89.png 300w, https:\/\/explora.cl\/rmnorte\/wp-content\/uploads\/sites\/11\/2020\/07\/botones_6-768x228.png 768w, https:\/\/explora.cl\/rmnorte\/wp-content\/uploads\/sites\/11\/2020\/07\/botones_6-1024x303.png 1024w\" sizes=\"(max-width: 270px) 100vw, 270px\" \/><\/a><\/p>\n<p>&nbsp;<\/p>\n<p>&nbsp;<\/p>\n<p>&nbsp;<\/p>\n<p><strong>1-Funciones ejecutivas en preescolar :<\/strong><\/p>\n<p><a href=\"https:\/\/www.youtube.com\/watch?v=KmCRsRMbW3c&amp;list=PLYPYxc0R1KRALbQnsOY9jt-rh9ozpwkfb&amp;index=2\"><img loading=\"lazy\" decoding=\"async\" class=\"alignnone wp-image-39412\" src=\"https:\/\/explora.cl\/rmnorte\/wp-content\/uploads\/sites\/11\/2020\/01\/Youtube-Logo.png\" alt=\"\" width=\"159\" height=\"90\" srcset=\"https:\/\/explora.cl\/rmnorte\/wp-content\/uploads\/sites\/11\/2020\/01\/Youtube-Logo.png 4128w, https:\/\/explora.cl\/rmnorte\/wp-content\/uploads\/sites\/11\/2020\/01\/Youtube-Logo-300x169.png 300w, https:\/\/explora.cl\/rmnorte\/wp-content\/uploads\/sites\/11\/2020\/01\/Youtube-Logo-768x432.png 768w, https:\/\/explora.cl\/rmnorte\/wp-content\/uploads\/sites\/11\/2020\/01\/Youtube-Logo-1024x576.png 1024w\" sizes=\"(max-width: 159px) 100vw, 159px\" \/><\/a><\/p>\n<p><strong>2- Rol de los educadores, docentes y apoderados en el desarrollo de las Funciones Ejecutivas:<\/strong><\/p>\n<p><a href=\"https:\/\/www.youtube.com\/watch?v=nFj1rLvSYGw\"><img loading=\"lazy\" decoding=\"async\" class=\"alignnone wp-image-39412\" src=\"https:\/\/explora.cl\/rmnorte\/wp-content\/uploads\/sites\/11\/2020\/01\/Youtube-Logo.png\" alt=\"\" width=\"162\" height=\"92\" srcset=\"https:\/\/explora.cl\/rmnorte\/wp-content\/uploads\/sites\/11\/2020\/01\/Youtube-Logo.png 4128w, https:\/\/explora.cl\/rmnorte\/wp-content\/uploads\/sites\/11\/2020\/01\/Youtube-Logo-300x169.png 300w, https:\/\/explora.cl\/rmnorte\/wp-content\/uploads\/sites\/11\/2020\/01\/Youtube-Logo-768x432.png 768w, https:\/\/explora.cl\/rmnorte\/wp-content\/uploads\/sites\/11\/2020\/01\/Youtube-Logo-1024x576.png 1024w\" sizes=\"(max-width: 162px) 100vw, 162px\" \/><\/a><\/p>\n<p><strong>3- Rol de las funciones ejecutivas en el aprendizaje socio-emocional de ni\u00f1as y ni\u00f1os:<\/strong><\/p>\n<p><a href=\"https:\/\/www.youtube.com\/watch?v=IF6BXP5sV-o&amp;list=PLYPYxc0R1KRALbQnsOY9jt-rh9ozpwkfb&amp;index=3\"><img loading=\"lazy\" decoding=\"async\" class=\"alignnone wp-image-39412\" src=\"https:\/\/explora.cl\/rmnorte\/wp-content\/uploads\/sites\/11\/2020\/01\/Youtube-Logo.png\" alt=\"\" width=\"159\" height=\"89\" srcset=\"https:\/\/explora.cl\/rmnorte\/wp-content\/uploads\/sites\/11\/2020\/01\/Youtube-Logo.png 4128w, https:\/\/explora.cl\/rmnorte\/wp-content\/uploads\/sites\/11\/2020\/01\/Youtube-Logo-300x169.png 300w, https:\/\/explora.cl\/rmnorte\/wp-content\/uploads\/sites\/11\/2020\/01\/Youtube-Logo-768x432.png 768w, https:\/\/explora.cl\/rmnorte\/wp-content\/uploads\/sites\/11\/2020\/01\/Youtube-Logo-1024x576.png 1024w\" sizes=\"(max-width: 159px) 100vw, 159px\" \/><\/a><\/p>\n<p><strong>4- Motivaci\u00f3n y aprendizaje en ni\u00f1as y ni\u00f1os:<\/strong><\/p>\n<p><a href=\"https:\/\/www.youtube.com\/watch?v=WM-LACyJ_ew&amp;list=PLYPYxc0R1KRALbQnsOY9jt-rh9ozpwkfb&amp;index=4\"><img loading=\"lazy\" decoding=\"async\" class=\"alignnone wp-image-39412\" src=\"https:\/\/explora.cl\/rmnorte\/wp-content\/uploads\/sites\/11\/2020\/01\/Youtube-Logo.png\" alt=\"\" width=\"158\" height=\"89\" srcset=\"https:\/\/explora.cl\/rmnorte\/wp-content\/uploads\/sites\/11\/2020\/01\/Youtube-Logo.png 4128w, https:\/\/explora.cl\/rmnorte\/wp-content\/uploads\/sites\/11\/2020\/01\/Youtube-Logo-300x169.png 300w, https:\/\/explora.cl\/rmnorte\/wp-content\/uploads\/sites\/11\/2020\/01\/Youtube-Logo-768x432.png 768w, https:\/\/explora.cl\/rmnorte\/wp-content\/uploads\/sites\/11\/2020\/01\/Youtube-Logo-1024x576.png 1024w\" sizes=\"(max-width: 158px) 100vw, 158px\" \/><\/a><\/p>\n<p><strong>5- Trayectoria de aprendizaje:<\/strong><\/p>\n<p><a href=\"https:\/\/www.youtube.com\/watch?v=a39bPICMhXg&amp;list=PLYPYxc0R1KRALbQnsOY9jt-rh9ozpwkfb&amp;index=5\"><img loading=\"lazy\" decoding=\"async\" class=\"alignnone wp-image-39412\" src=\"https:\/\/explora.cl\/rmnorte\/wp-content\/uploads\/sites\/11\/2020\/01\/Youtube-Logo.png\" alt=\"\" width=\"160\" height=\"90\" srcset=\"https:\/\/explora.cl\/rmnorte\/wp-content\/uploads\/sites\/11\/2020\/01\/Youtube-Logo.png 4128w, https:\/\/explora.cl\/rmnorte\/wp-content\/uploads\/sites\/11\/2020\/01\/Youtube-Logo-300x169.png 300w, https:\/\/explora.cl\/rmnorte\/wp-content\/uploads\/sites\/11\/2020\/01\/Youtube-Logo-768x432.png 768w, https:\/\/explora.cl\/rmnorte\/wp-content\/uploads\/sites\/11\/2020\/01\/Youtube-Logo-1024x576.png 1024w\" sizes=\"(max-width: 160px) 100vw, 160px\" \/><\/a><\/p>\n<p><strong>6- Alimentaci\u00f3n y aprendizaje:<\/strong><\/p>\n<p><a href=\"https:\/\/www.youtube.com\/watch?v=4N_Z0onBeL8&amp;list=PLYPYxc0R1KRALbQnsOY9jt-rh9ozpwkfb&amp;index=6\"><img loading=\"lazy\" decoding=\"async\" class=\"alignnone wp-image-39412\" src=\"https:\/\/explora.cl\/rmnorte\/wp-content\/uploads\/sites\/11\/2020\/01\/Youtube-Logo.png\" alt=\"\" width=\"159\" height=\"89\" srcset=\"https:\/\/explora.cl\/rmnorte\/wp-content\/uploads\/sites\/11\/2020\/01\/Youtube-Logo.png 4128w, https:\/\/explora.cl\/rmnorte\/wp-content\/uploads\/sites\/11\/2020\/01\/Youtube-Logo-300x169.png 300w, https:\/\/explora.cl\/rmnorte\/wp-content\/uploads\/sites\/11\/2020\/01\/Youtube-Logo-768x432.png 768w, https:\/\/explora.cl\/rmnorte\/wp-content\/uploads\/sites\/11\/2020\/01\/Youtube-Logo-1024x576.png 1024w\" sizes=\"(max-width: 159px) 100vw, 159px\" \/><\/a><\/p>\n","protected":false},"excerpt":{"rendered":"<p>Desde el mes de abril el PAR Explora RM Norte, lleva a cabo un ciclo de charlas de primeras edades, dirigido por su director Mario Chiong, acad\u00e9mico de la Universidad de Chile y tambi\u00e9n investigador de nuestra unidad ejecutora ACCDIS, quien a trav\u00e9s de encuentros gratuitos por el Facebook de la instituci\u00f3n ha explicado diversos temas enfocados en las Funciones Ejecutivas de ni\u00f1os y ni\u00f1as.<\/p>\n","protected":false},"author":26,"featured_media":39855,"comment_status":"open","ping_status":"open","sticky":false,"template":"","format":"standard","meta":{"_acf_changed":false,"_exactmetrics_skip_tracking":false,"_exactmetrics_sitenote_active":false,"_exactmetrics_sitenote_note":"","_exactmetrics_sitenote_category":0,"footnotes":"","_links_to":"","_links_to_target":""},"categories":[139,4],"tags":[],"class_list":["post-39853","post","type-post","status-publish","format-standard","has-post-thumbnail","hentry","category-lugar-4","category-noticias"],"acf":[],"yoast_head":"<!-- This site is optimized with the Yoast SEO plugin v26.9 - https:\/\/yoast.com\/product\/yoast-seo-wordpress\/ -->\n<title>El Ciclo de Charlas Primeras Edades lleg\u00f3 a su fin - RM Norte<\/title>\n<meta name=\"robots\" content=\"index, follow, max-snippet:-1, max-image-preview:large, max-video-preview:-1\" \/>\n<link rel=\"canonical\" href=\"https:\/\/explora.cl\/rmnorte\/el-ciclo-de-charlas-primeras-edades-llego-a-su-fin-2\/\" class=\"yoast-seo-meta-tag\" \/>\n<meta property=\"og:locale\" content=\"es_ES\" class=\"yoast-seo-meta-tag\" \/>\n<meta property=\"og:type\" content=\"article\" class=\"yoast-seo-meta-tag\" \/>\n<meta property=\"og:title\" content=\"El Ciclo de Charlas Primeras Edades lleg\u00f3 a su fin - RM Norte\" class=\"yoast-seo-meta-tag\" \/>\n<meta property=\"og:description\" content=\"Desde el mes de abril el PAR Explora RM Norte, lleva a cabo un ciclo de charlas de primeras edades, dirigido por su director Mario Chiong, acad\u00e9mico de la Universidad de Chile y tambi\u00e9n investigador de nuestra unidad ejecutora ACCDIS, quien a trav\u00e9s de encuentros gratuitos por el Facebook de la instituci\u00f3n ha explicado diversos temas enfocados en las Funciones Ejecutivas de ni\u00f1os y ni\u00f1as.\" class=\"yoast-seo-meta-tag\" \/>\n<meta property=\"og:url\" content=\"https:\/\/explora.cl\/rmnorte\/el-ciclo-de-charlas-primeras-edades-llego-a-su-fin-2\/\" class=\"yoast-seo-meta-tag\" \/>\n<meta property=\"og:site_name\" content=\"RM Norte\" class=\"yoast-seo-meta-tag\" \/>\n<meta property=\"article:published_time\" content=\"2020-08-24T17:22:13+00:00\" class=\"yoast-seo-meta-tag\" \/>\n<meta property=\"article:modified_time\" content=\"2020-08-24T17:43:37+00:00\" class=\"yoast-seo-meta-tag\" \/>\n<meta property=\"og:image\" content=\"https:\/\/explora.cl\/rmnorte\/wp-content\/uploads\/sites\/11\/2020\/08\/web_.png\" class=\"yoast-seo-meta-tag\" \/>\n\t<meta property=\"og:image:width\" content=\"3042\" class=\"yoast-seo-meta-tag\" \/>\n\t<meta property=\"og:image:height\" content=\"2009\" class=\"yoast-seo-meta-tag\" \/>\n\t<meta property=\"og:image:type\" content=\"image\/png\" class=\"yoast-seo-meta-tag\" \/>\n<meta name=\"author\" content=\"dgarcia\" class=\"yoast-seo-meta-tag\" \/>\n<meta name=\"twitter:card\" content=\"summary_large_image\" class=\"yoast-seo-meta-tag\" \/>\n<meta name=\"twitter:label1\" content=\"Escrito por\" class=\"yoast-seo-meta-tag\" \/>\n\t<meta name=\"twitter:data1\" content=\"dgarcia\" class=\"yoast-seo-meta-tag\" \/>\n\t<meta name=\"twitter:label2\" content=\"Tiempo estimado de lectura\" class=\"yoast-seo-meta-tag\" \/>\n\t<meta name=\"twitter:data2\" content=\"3 minutos\" class=\"yoast-seo-meta-tag\" \/>\n<script type=\"application\/ld+json\" class=\"yoast-schema-graph\">{\"@context\":\"https:\/\/schema.org\",\"@graph\":[{\"@type\":\"Article\",\"@id\":\"https:\/\/explora.cl\/rmnorte\/el-ciclo-de-charlas-primeras-edades-llego-a-su-fin-2\/#article\",\"isPartOf\":{\"@id\":\"https:\/\/explora.cl\/rmnorte\/el-ciclo-de-charlas-primeras-edades-llego-a-su-fin-2\/\"},\"author\":{\"name\":\"dgarcia\",\"@id\":\"https:\/\/explora.cl\/rmnorte\/#\/schema\/person\/4ad985b29a183eab4170892260e133a5\"},\"headline\":\"El Ciclo de Charlas Primeras Edades lleg\u00f3 a su fin\",\"datePublished\":\"2020-08-24T17:22:13+00:00\",\"dateModified\":\"2020-08-24T17:43:37+00:00\",\"mainEntityOfPage\":{\"@id\":\"https:\/\/explora.cl\/rmnorte\/el-ciclo-de-charlas-primeras-edades-llego-a-su-fin-2\/\"},\"wordCount\":638,\"commentCount\":0,\"image\":{\"@id\":\"https:\/\/explora.cl\/rmnorte\/el-ciclo-de-charlas-primeras-edades-llego-a-su-fin-2\/#primaryimage\"},\"thumbnailUrl\":\"https:\/\/explora.cl\/rmnorte\/wp-content\/uploads\/sites\/11\/2020\/08\/web_.png\",\"articleSection\":[\"Lugar 4\",\"Noticias\"],\"inLanguage\":\"es-CL\",\"potentialAction\":[{\"@type\":\"CommentAction\",\"name\":\"Comment\",\"target\":[\"https:\/\/explora.cl\/rmnorte\/el-ciclo-de-charlas-primeras-edades-llego-a-su-fin-2\/#respond\"]}]},{\"@type\":\"WebPage\",\"@id\":\"https:\/\/explora.cl\/rmnorte\/el-ciclo-de-charlas-primeras-edades-llego-a-su-fin-2\/\",\"url\":\"https:\/\/explora.cl\/rmnorte\/el-ciclo-de-charlas-primeras-edades-llego-a-su-fin-2\/\",\"name\":\"El Ciclo de Charlas Primeras Edades lleg\u00f3 a su fin - RM Norte\",\"isPartOf\":{\"@id\":\"https:\/\/explora.cl\/rmnorte\/#website\"},\"primaryImageOfPage\":{\"@id\":\"https:\/\/explora.cl\/rmnorte\/el-ciclo-de-charlas-primeras-edades-llego-a-su-fin-2\/#primaryimage\"},\"image\":{\"@id\":\"https:\/\/explora.cl\/rmnorte\/el-ciclo-de-charlas-primeras-edades-llego-a-su-fin-2\/#primaryimage\"},\"thumbnailUrl\":\"https:\/\/explora.cl\/rmnorte\/wp-content\/uploads\/sites\/11\/2020\/08\/web_.png\",\"datePublished\":\"2020-08-24T17:22:13+00:00\",\"dateModified\":\"2020-08-24T17:43:37+00:00\",\"author\":{\"@id\":\"https:\/\/explora.cl\/rmnorte\/#\/schema\/person\/4ad985b29a183eab4170892260e133a5\"},\"breadcrumb\":{\"@id\":\"https:\/\/explora.cl\/rmnorte\/el-ciclo-de-charlas-primeras-edades-llego-a-su-fin-2\/#breadcrumb\"},\"inLanguage\":\"es-CL\",\"potentialAction\":[{\"@type\":\"ReadAction\",\"target\":[\"https:\/\/explora.cl\/rmnorte\/el-ciclo-de-charlas-primeras-edades-llego-a-su-fin-2\/\"]}]},{\"@type\":\"ImageObject\",\"inLanguage\":\"es-CL\",\"@id\":\"https:\/\/explora.cl\/rmnorte\/el-ciclo-de-charlas-primeras-edades-llego-a-su-fin-2\/#primaryimage\",\"url\":\"https:\/\/explora.cl\/rmnorte\/wp-content\/uploads\/sites\/11\/2020\/08\/web_.png\",\"contentUrl\":\"https:\/\/explora.cl\/rmnorte\/wp-content\/uploads\/sites\/11\/2020\/08\/web_.png\",\"width\":3042,\"height\":2009},{\"@type\":\"BreadcrumbList\",\"@id\":\"https:\/\/explora.cl\/rmnorte\/el-ciclo-de-charlas-primeras-edades-llego-a-su-fin-2\/#breadcrumb\",\"itemListElement\":[{\"@type\":\"ListItem\",\"position\":1,\"name\":\"Portada\",\"item\":\"https:\/\/explora.cl\/rmnorte\/\"},{\"@type\":\"ListItem\",\"position\":2,\"name\":\"El Ciclo de Charlas Primeras Edades lleg\u00f3 a su fin\"}]},{\"@type\":\"WebSite\",\"@id\":\"https:\/\/explora.cl\/rmnorte\/#website\",\"url\":\"https:\/\/explora.cl\/rmnorte\/\",\"name\":\"RM Norte\",\"description\":\"RM Norte explora.cl\",\"potentialAction\":[{\"@type\":\"SearchAction\",\"target\":{\"@type\":\"EntryPoint\",\"urlTemplate\":\"https:\/\/explora.cl\/rmnorte\/?s={search_term_string}\"},\"query-input\":{\"@type\":\"PropertyValueSpecification\",\"valueRequired\":true,\"valueName\":\"search_term_string\"}}],\"inLanguage\":\"es-CL\"},{\"@type\":\"Person\",\"@id\":\"https:\/\/explora.cl\/rmnorte\/#\/schema\/person\/4ad985b29a183eab4170892260e133a5\",\"name\":\"dgarcia\",\"image\":{\"@type\":\"ImageObject\",\"inLanguage\":\"es-CL\",\"@id\":\"https:\/\/explora.cl\/rmnorte\/#\/schema\/person\/image\/\",\"url\":\"https:\/\/secure.gravatar.com\/avatar\/06e2fd9f68a0c19cd669ddc183de83489acab601aa57958e0f60175e5013e6b7?s=96&d=mm&r=g\",\"contentUrl\":\"https:\/\/secure.gravatar.com\/avatar\/06e2fd9f68a0c19cd669ddc183de83489acab601aa57958e0f60175e5013e6b7?s=96&d=mm&r=g\",\"caption\":\"dgarcia\"},\"url\":\"https:\/\/explora.cl\/rmnorte\/author\/dgarcia\/\"}]}<\/script>\n<!-- \/ Yoast SEO plugin. -->","yoast_head_json":{"title":"El Ciclo de Charlas Primeras Edades lleg\u00f3 a su fin - RM Norte","robots":{"index":"index","follow":"follow","max-snippet":"max-snippet:-1","max-image-preview":"max-image-preview:large","max-video-preview":"max-video-preview:-1"},"canonical":"https:\/\/explora.cl\/rmnorte\/el-ciclo-de-charlas-primeras-edades-llego-a-su-fin-2\/","og_locale":"es_ES","og_type":"article","og_title":"El Ciclo de Charlas Primeras Edades lleg\u00f3 a su fin - RM Norte","og_description":"Desde el mes de abril el PAR Explora RM Norte, lleva a cabo un ciclo de charlas de primeras edades, dirigido por su director Mario Chiong, acad\u00e9mico de la Universidad de Chile y tambi\u00e9n investigador de nuestra unidad ejecutora ACCDIS, quien a trav\u00e9s de encuentros gratuitos por el Facebook de la instituci\u00f3n ha explicado diversos temas enfocados en las Funciones Ejecutivas de ni\u00f1os y ni\u00f1as.","og_url":"https:\/\/explora.cl\/rmnorte\/el-ciclo-de-charlas-primeras-edades-llego-a-su-fin-2\/","og_site_name":"RM Norte","article_published_time":"2020-08-24T17:22:13+00:00","article_modified_time":"2020-08-24T17:43:37+00:00","og_image":[{"width":3042,"height":2009,"url":"https:\/\/explora.cl\/rmnorte\/wp-content\/uploads\/sites\/11\/2020\/08\/web_.png","type":"image\/png"}],"author":"dgarcia","twitter_card":"summary_large_image","twitter_misc":{"Escrito por":"dgarcia","Tiempo estimado de lectura":"3 minutos"},"schema":{"@context":"https:\/\/schema.org","@graph":[{"@type":"Article","@id":"https:\/\/explora.cl\/rmnorte\/el-ciclo-de-charlas-primeras-edades-llego-a-su-fin-2\/#article","isPartOf":{"@id":"https:\/\/explora.cl\/rmnorte\/el-ciclo-de-charlas-primeras-edades-llego-a-su-fin-2\/"},"author":{"name":"dgarcia","@id":"https:\/\/explora.cl\/rmnorte\/#\/schema\/person\/4ad985b29a183eab4170892260e133a5"},"headline":"El Ciclo de Charlas Primeras Edades lleg\u00f3 a su fin","datePublished":"2020-08-24T17:22:13+00:00","dateModified":"2020-08-24T17:43:37+00:00","mainEntityOfPage":{"@id":"https:\/\/explora.cl\/rmnorte\/el-ciclo-de-charlas-primeras-edades-llego-a-su-fin-2\/"},"wordCount":638,"commentCount":0,"image":{"@id":"https:\/\/explora.cl\/rmnorte\/el-ciclo-de-charlas-primeras-edades-llego-a-su-fin-2\/#primaryimage"},"thumbnailUrl":"https:\/\/explora.cl\/rmnorte\/wp-content\/uploads\/sites\/11\/2020\/08\/web_.png","articleSection":["Lugar 4","Noticias"],"inLanguage":"es-CL","potentialAction":[{"@type":"CommentAction","name":"Comment","target":["https:\/\/explora.cl\/rmnorte\/el-ciclo-de-charlas-primeras-edades-llego-a-su-fin-2\/#respond"]}]},{"@type":"WebPage","@id":"https:\/\/explora.cl\/rmnorte\/el-ciclo-de-charlas-primeras-edades-llego-a-su-fin-2\/","url":"https:\/\/explora.cl\/rmnorte\/el-ciclo-de-charlas-primeras-edades-llego-a-su-fin-2\/","name":"El Ciclo de Charlas Primeras Edades lleg\u00f3 a su fin - RM Norte","isPartOf":{"@id":"https:\/\/explora.cl\/rmnorte\/#website"},"primaryImageOfPage":{"@id":"https:\/\/explora.cl\/rmnorte\/el-ciclo-de-charlas-primeras-edades-llego-a-su-fin-2\/#primaryimage"},"image":{"@id":"https:\/\/explora.cl\/rmnorte\/el-ciclo-de-charlas-primeras-edades-llego-a-su-fin-2\/#primaryimage"},"thumbnailUrl":"https:\/\/explora.cl\/rmnorte\/wp-content\/uploads\/sites\/11\/2020\/08\/web_.png","datePublished":"2020-08-24T17:22:13+00:00","dateModified":"2020-08-24T17:43:37+00:00","author":{"@id":"https:\/\/explora.cl\/rmnorte\/#\/schema\/person\/4ad985b29a183eab4170892260e133a5"},"breadcrumb":{"@id":"https:\/\/explora.cl\/rmnorte\/el-ciclo-de-charlas-primeras-edades-llego-a-su-fin-2\/#breadcrumb"},"inLanguage":"es-CL","potentialAction":[{"@type":"ReadAction","target":["https:\/\/explora.cl\/rmnorte\/el-ciclo-de-charlas-primeras-edades-llego-a-su-fin-2\/"]}]},{"@type":"ImageObject","inLanguage":"es-CL","@id":"https:\/\/explora.cl\/rmnorte\/el-ciclo-de-charlas-primeras-edades-llego-a-su-fin-2\/#primaryimage","url":"https:\/\/explora.cl\/rmnorte\/wp-content\/uploads\/sites\/11\/2020\/08\/web_.png","contentUrl":"https:\/\/explora.cl\/rmnorte\/wp-content\/uploads\/sites\/11\/2020\/08\/web_.png","width":3042,"height":2009},{"@type":"BreadcrumbList","@id":"https:\/\/explora.cl\/rmnorte\/el-ciclo-de-charlas-primeras-edades-llego-a-su-fin-2\/#breadcrumb","itemListElement":[{"@type":"ListItem","position":1,"name":"Portada","item":"https:\/\/explora.cl\/rmnorte\/"},{"@type":"ListItem","position":2,"name":"El Ciclo de Charlas Primeras Edades lleg\u00f3 a su fin"}]},{"@type":"WebSite","@id":"https:\/\/explora.cl\/rmnorte\/#website","url":"https:\/\/explora.cl\/rmnorte\/","name":"RM Norte","description":"RM Norte explora.cl","potentialAction":[{"@type":"SearchAction","target":{"@type":"EntryPoint","urlTemplate":"https:\/\/explora.cl\/rmnorte\/?s={search_term_string}"},"query-input":{"@type":"PropertyValueSpecification","valueRequired":true,"valueName":"search_term_string"}}],"inLanguage":"es-CL"},{"@type":"Person","@id":"https:\/\/explora.cl\/rmnorte\/#\/schema\/person\/4ad985b29a183eab4170892260e133a5","name":"dgarcia","image":{"@type":"ImageObject","inLanguage":"es-CL","@id":"https:\/\/explora.cl\/rmnorte\/#\/schema\/person\/image\/","url":"https:\/\/secure.gravatar.com\/avatar\/06e2fd9f68a0c19cd669ddc183de83489acab601aa57958e0f60175e5013e6b7?s=96&d=mm&r=g","contentUrl":"https:\/\/secure.gravatar.com\/avatar\/06e2fd9f68a0c19cd669ddc183de83489acab601aa57958e0f60175e5013e6b7?s=96&d=mm&r=g","caption":"dgarcia"},"url":"https:\/\/explora.cl\/rmnorte\/author\/dgarcia\/"}]}},"_links":{"self":[{"href":"https:\/\/explora.cl\/rmnorte\/wp-json\/wp\/v2\/posts\/39853","targetHints":{"allow":["GET"]}}],"collection":[{"href":"https:\/\/explora.cl\/rmnorte\/wp-json\/wp\/v2\/posts"}],"about":[{"href":"https:\/\/explora.cl\/rmnorte\/wp-json\/wp\/v2\/types\/post"}],"author":[{"embeddable":true,"href":"https:\/\/explora.cl\/rmnorte\/wp-json\/wp\/v2\/users\/26"}],"replies":[{"embeddable":true,"href":"https:\/\/explora.cl\/rmnorte\/wp-json\/wp\/v2\/comments?post=39853"}],"version-history":[{"count":7,"href":"https:\/\/explora.cl\/rmnorte\/wp-json\/wp\/v2\/posts\/39853\/revisions"}],"predecessor-version":[{"id":39856,"href":"https:\/\/explora.cl\/rmnorte\/wp-json\/wp\/v2\/posts\/39853\/revisions\/39856"}],"wp:featuredmedia":[{"embeddable":true,"href":"https:\/\/explora.cl\/rmnorte\/wp-json\/wp\/v2\/media\/39855"}],"wp:attachment":[{"href":"https:\/\/explora.cl\/rmnorte\/wp-json\/wp\/v2\/media?parent=39853"}],"wp:term":[{"taxonomy":"category","embeddable":true,"href":"https:\/\/explora.cl\/rmnorte\/wp-json\/wp\/v2\/categories?post=39853"},{"taxonomy":"post_tag","embeddable":true,"href":"https:\/\/explora.cl\/rmnorte\/wp-json\/wp\/v2\/tags?post=39853"}],"curies":[{"name":"wp","href":"https:\/\/api.w.org\/{rel}","templated":true}]}}