{"id":39734,"date":"2020-07-24T10:54:05","date_gmt":"2020-07-24T14:54:05","guid":{"rendered":"https:\/\/explora.cl\/rmnorte\/?p=39734"},"modified":"2020-07-31T17:39:57","modified_gmt":"2020-07-31T21:39:57","slug":"mas-de-cuarenta-estudiantes-de-la-region-metropolitana-presentaran-sus-proyectos-cientificos-en-el-xvi-congreso-regional-escolar","status":"publish","type":"post","link":"https:\/\/explora.cl\/rmnorte\/mas-de-cuarenta-estudiantes-de-la-region-metropolitana-presentaran-sus-proyectos-cientificos-en-el-xvi-congreso-regional-escolar\/","title":{"rendered":"M\u00e1s de cuarenta estudiantes de la Regi\u00f3n Metropolitana presentar\u00e1n sus proyectos cient\u00edficos en el XVI Congreso Regional Escolar"},"content":{"rendered":"<h3>A pesar de la distancia social y la cuarentena, Explora RM Norte tiene su objetivo claro: reunir el mundo cient\u00edfico y el mundo escolar, a trav\u00e9s de la difusi\u00f3n del conocimiento y el desarrollo de actividades cient\u00edficas. En esta l\u00ednea, el 30 de julio se realizar\u00e1 por primera vez de forma virtual el XIV Congreso Regional Escolar de las Ciencias y la Tecnolog\u00eda.<\/h3>\n<p>Desde el jueves 30 de julio hasta el 10 de agosto se llevar\u00e1 a cabo el XIV Congreso Regional Escolar de las Ciencias y la Tecnolog\u00eda de forma virtual, organizado por el Proyecto Asociativo Regional Explora, Regi\u00f3n Metropolitana Norte del Ministerio de Ciencia, Tecnolog\u00eda, Conocimiento e Innovaci\u00f3n, liderado por la Universidad de Chile a trav\u00e9s de la Facultad de Cs. Qu\u00edmicas y Farmac\u00e9uticas y ejecutado por el Centro Avanzado de Enfermedades Cr\u00f3nicas (ACCDiS).<\/p>\n<p>Dicha iniciativa reunir\u00e1 a m\u00e1s de 40 estudiantes entre 5\u00b0 a\u00f1o B\u00e1sico y 4\u00b0 a\u00f1o Medio de diferentes instituciones educativas, quienes a trav\u00e9s de un video explicativo acompa\u00f1ado por un poster presentar\u00e1n los resultados de sus proyectos de investigaci\u00f3n escolar, realizados durante el a\u00f1o 2019. Para conocer el detalle de estos proyectos ingresa en https:\/\/bit.ly\/30QMIeP.<\/p>\n<p>Durante el Congreso se presentar\u00e1n trabajos de investigaci\u00f3n en distintas \u00e1reas de las ciencias sociales, ciencias naturales, ingenier\u00eda y tecnolog\u00eda y adem\u00e1s se contar\u00e1 con la participaci\u00f3n especial de Valeska Zambra, ganadora del Premio Joven Chilena a\u00f1o 2019 y el Dr. Gabriel Le\u00f3n, Bioqu\u00edmico y PhD en Biolog\u00eda Celular y Molecular, quienes participaran en las charlas inaugural y cierre del evento.<\/p>\n<p>El XIV Congreso Regional Escolar de las Ciencias y la Tecnolog\u00eda partir\u00e1 con la ceremonia de inauguraci\u00f3n el d\u00eda jueves 30 de julio a las 10:00. A partir de esta fecha y durante una semana los estudiantes podr\u00e1n responder de forma remota las preguntas realizadas por el Comit\u00e9 Evaluador, el cual est\u00e1 conformado por acad\u00e9micos de diversas instituciones universitarias del pa\u00eds.<\/p>\n<p>El cierre de la actividad se realizar\u00e1 el lunes 11 de agosto en el mismo horario de la apertura, d\u00eda en el que se seleccionar\u00e1n los 5 mejores proyectos cient\u00edficos y adem\u00e1s se anunciar\u00e1n otras premiaciones sorpresa.<\/p>\n<p>&nbsp;<\/p>\n<p>&nbsp;<\/p>\n","protected":false},"excerpt":{"rendered":"<p>A pesar de la distancia social y la cuarentena, Explora RM Norte tiene su objetivo claro: reunir el mundo cient\u00edfico y el mundo escolar, a trav\u00e9s de la difusi\u00f3n del conocimiento y el desarrollo de actividades cient\u00edficas. En esta l\u00ednea, el 30 de julio se realizar\u00e1 por primera vez de forma virtual el XIV Congreso Regional Escolar de las Ciencias y la Tecnolog\u00eda.<\/p>\n","protected":false},"author":26,"featured_media":39761,"comment_status":"open","ping_status":"open","sticky":false,"template":"","format":"standard","meta":{"_acf_changed":false,"_exactmetrics_skip_tracking":false,"_exactmetrics_sitenote_active":false,"_exactmetrics_sitenote_note":"","_exactmetrics_sitenote_category":0,"footnotes":"","_links_to":"","_links_to_target":""},"categories":[139,4],"tags":[],"class_list":["post-39734","post","type-post","status-publish","format-standard","has-post-thumbnail","hentry","category-lugar-4","category-noticias"],"acf":[],"yoast_head":"<!-- This site is optimized with the Yoast SEO plugin v26.9 - https:\/\/yoast.com\/product\/yoast-seo-wordpress\/ -->\n<title>M\u00e1s de cuarenta estudiantes de la Regi\u00f3n Metropolitana presentar\u00e1n sus proyectos cient\u00edficos en el XVI Congreso Regional Escolar - RM Norte<\/title>\n<meta name=\"robots\" content=\"index, follow, max-snippet:-1, max-image-preview:large, max-video-preview:-1\" \/>\n<link rel=\"canonical\" href=\"https:\/\/explora.cl\/rmnorte\/mas-de-cuarenta-estudiantes-de-la-region-metropolitana-presentaran-sus-proyectos-cientificos-en-el-xvi-congreso-regional-escolar\/\" class=\"yoast-seo-meta-tag\" \/>\n<meta property=\"og:locale\" content=\"es_ES\" class=\"yoast-seo-meta-tag\" \/>\n<meta property=\"og:type\" content=\"article\" class=\"yoast-seo-meta-tag\" \/>\n<meta property=\"og:title\" content=\"M\u00e1s de cuarenta estudiantes de la Regi\u00f3n Metropolitana presentar\u00e1n sus proyectos cient\u00edficos en el XVI Congreso Regional Escolar - RM Norte\" class=\"yoast-seo-meta-tag\" \/>\n<meta property=\"og:description\" content=\"A pesar de la distancia social y la cuarentena, Explora RM Norte tiene su objetivo claro: reunir el mundo cient\u00edfico y el mundo escolar, a trav\u00e9s de la difusi\u00f3n del conocimiento y el desarrollo de actividades cient\u00edficas. En esta l\u00ednea, el 30 de julio se realizar\u00e1 por primera vez de forma virtual el XIV Congreso Regional Escolar de las Ciencias y la Tecnolog\u00eda.\" class=\"yoast-seo-meta-tag\" \/>\n<meta property=\"og:url\" content=\"https:\/\/explora.cl\/rmnorte\/mas-de-cuarenta-estudiantes-de-la-region-metropolitana-presentaran-sus-proyectos-cientificos-en-el-xvi-congreso-regional-escolar\/\" class=\"yoast-seo-meta-tag\" \/>\n<meta property=\"og:site_name\" content=\"RM Norte\" class=\"yoast-seo-meta-tag\" \/>\n<meta property=\"article:published_time\" content=\"2020-07-24T14:54:05+00:00\" class=\"yoast-seo-meta-tag\" \/>\n<meta property=\"article:modified_time\" content=\"2020-07-31T21:39:57+00:00\" class=\"yoast-seo-meta-tag\" \/>\n<meta property=\"og:image\" content=\"https:\/\/explora.cl\/rmnorte\/wp-content\/uploads\/sites\/11\/2020\/07\/banner_noticia_.png\" class=\"yoast-seo-meta-tag\" \/>\n\t<meta property=\"og:image:width\" content=\"2340\" class=\"yoast-seo-meta-tag\" \/>\n\t<meta property=\"og:image:height\" content=\"1580\" class=\"yoast-seo-meta-tag\" \/>\n\t<meta property=\"og:image:type\" content=\"image\/png\" class=\"yoast-seo-meta-tag\" \/>\n<meta name=\"author\" content=\"dgarcia\" class=\"yoast-seo-meta-tag\" \/>\n<meta name=\"twitter:card\" content=\"summary_large_image\" class=\"yoast-seo-meta-tag\" \/>\n<meta name=\"twitter:label1\" content=\"Escrito por\" class=\"yoast-seo-meta-tag\" \/>\n\t<meta name=\"twitter:data1\" content=\"dgarcia\" class=\"yoast-seo-meta-tag\" \/>\n\t<meta name=\"twitter:label2\" content=\"Tiempo estimado de lectura\" class=\"yoast-seo-meta-tag\" \/>\n\t<meta name=\"twitter:data2\" content=\"2 minutos\" class=\"yoast-seo-meta-tag\" \/>\n<script type=\"application\/ld+json\" class=\"yoast-schema-graph\">{\"@context\":\"https:\/\/schema.org\",\"@graph\":[{\"@type\":\"Article\",\"@id\":\"https:\/\/explora.cl\/rmnorte\/mas-de-cuarenta-estudiantes-de-la-region-metropolitana-presentaran-sus-proyectos-cientificos-en-el-xvi-congreso-regional-escolar\/#article\",\"isPartOf\":{\"@id\":\"https:\/\/explora.cl\/rmnorte\/mas-de-cuarenta-estudiantes-de-la-region-metropolitana-presentaran-sus-proyectos-cientificos-en-el-xvi-congreso-regional-escolar\/\"},\"author\":{\"name\":\"dgarcia\",\"@id\":\"https:\/\/explora.cl\/rmnorte\/#\/schema\/person\/4ad985b29a183eab4170892260e133a5\"},\"headline\":\"M\u00e1s de cuarenta estudiantes de la Regi\u00f3n Metropolitana presentar\u00e1n sus proyectos cient\u00edficos en el XVI Congreso Regional Escolar\",\"datePublished\":\"2020-07-24T14:54:05+00:00\",\"dateModified\":\"2020-07-31T21:39:57+00:00\",\"mainEntityOfPage\":{\"@id\":\"https:\/\/explora.cl\/rmnorte\/mas-de-cuarenta-estudiantes-de-la-region-metropolitana-presentaran-sus-proyectos-cientificos-en-el-xvi-congreso-regional-escolar\/\"},\"wordCount\":409,\"commentCount\":0,\"image\":{\"@id\":\"https:\/\/explora.cl\/rmnorte\/mas-de-cuarenta-estudiantes-de-la-region-metropolitana-presentaran-sus-proyectos-cientificos-en-el-xvi-congreso-regional-escolar\/#primaryimage\"},\"thumbnailUrl\":\"https:\/\/explora.cl\/rmnorte\/wp-content\/uploads\/sites\/11\/2020\/07\/banner_noticia_.png\",\"articleSection\":[\"Lugar 4\",\"Noticias\"],\"inLanguage\":\"es-CL\",\"potentialAction\":[{\"@type\":\"CommentAction\",\"name\":\"Comment\",\"target\":[\"https:\/\/explora.cl\/rmnorte\/mas-de-cuarenta-estudiantes-de-la-region-metropolitana-presentaran-sus-proyectos-cientificos-en-el-xvi-congreso-regional-escolar\/#respond\"]}]},{\"@type\":\"WebPage\",\"@id\":\"https:\/\/explora.cl\/rmnorte\/mas-de-cuarenta-estudiantes-de-la-region-metropolitana-presentaran-sus-proyectos-cientificos-en-el-xvi-congreso-regional-escolar\/\",\"url\":\"https:\/\/explora.cl\/rmnorte\/mas-de-cuarenta-estudiantes-de-la-region-metropolitana-presentaran-sus-proyectos-cientificos-en-el-xvi-congreso-regional-escolar\/\",\"name\":\"M\u00e1s de cuarenta estudiantes de la Regi\u00f3n Metropolitana presentar\u00e1n sus proyectos cient\u00edficos en el XVI Congreso Regional Escolar - RM Norte\",\"isPartOf\":{\"@id\":\"https:\/\/explora.cl\/rmnorte\/#website\"},\"primaryImageOfPage\":{\"@id\":\"https:\/\/explora.cl\/rmnorte\/mas-de-cuarenta-estudiantes-de-la-region-metropolitana-presentaran-sus-proyectos-cientificos-en-el-xvi-congreso-regional-escolar\/#primaryimage\"},\"image\":{\"@id\":\"https:\/\/explora.cl\/rmnorte\/mas-de-cuarenta-estudiantes-de-la-region-metropolitana-presentaran-sus-proyectos-cientificos-en-el-xvi-congreso-regional-escolar\/#primaryimage\"},\"thumbnailUrl\":\"https:\/\/explora.cl\/rmnorte\/wp-content\/uploads\/sites\/11\/2020\/07\/banner_noticia_.png\",\"datePublished\":\"2020-07-24T14:54:05+00:00\",\"dateModified\":\"2020-07-31T21:39:57+00:00\",\"author\":{\"@id\":\"https:\/\/explora.cl\/rmnorte\/#\/schema\/person\/4ad985b29a183eab4170892260e133a5\"},\"breadcrumb\":{\"@id\":\"https:\/\/explora.cl\/rmnorte\/mas-de-cuarenta-estudiantes-de-la-region-metropolitana-presentaran-sus-proyectos-cientificos-en-el-xvi-congreso-regional-escolar\/#breadcrumb\"},\"inLanguage\":\"es-CL\",\"potentialAction\":[{\"@type\":\"ReadAction\",\"target\":[\"https:\/\/explora.cl\/rmnorte\/mas-de-cuarenta-estudiantes-de-la-region-metropolitana-presentaran-sus-proyectos-cientificos-en-el-xvi-congreso-regional-escolar\/\"]}]},{\"@type\":\"ImageObject\",\"inLanguage\":\"es-CL\",\"@id\":\"https:\/\/explora.cl\/rmnorte\/mas-de-cuarenta-estudiantes-de-la-region-metropolitana-presentaran-sus-proyectos-cientificos-en-el-xvi-congreso-regional-escolar\/#primaryimage\",\"url\":\"https:\/\/explora.cl\/rmnorte\/wp-content\/uploads\/sites\/11\/2020\/07\/banner_noticia_.png\",\"contentUrl\":\"https:\/\/explora.cl\/rmnorte\/wp-content\/uploads\/sites\/11\/2020\/07\/banner_noticia_.png\",\"width\":2340,\"height\":1580},{\"@type\":\"BreadcrumbList\",\"@id\":\"https:\/\/explora.cl\/rmnorte\/mas-de-cuarenta-estudiantes-de-la-region-metropolitana-presentaran-sus-proyectos-cientificos-en-el-xvi-congreso-regional-escolar\/#breadcrumb\",\"itemListElement\":[{\"@type\":\"ListItem\",\"position\":1,\"name\":\"Portada\",\"item\":\"https:\/\/explora.cl\/rmnorte\/\"},{\"@type\":\"ListItem\",\"position\":2,\"name\":\"M\u00e1s de cuarenta estudiantes de la Regi\u00f3n Metropolitana presentar\u00e1n sus proyectos cient\u00edficos en el XVI Congreso Regional Escolar\"}]},{\"@type\":\"WebSite\",\"@id\":\"https:\/\/explora.cl\/rmnorte\/#website\",\"url\":\"https:\/\/explora.cl\/rmnorte\/\",\"name\":\"RM Norte\",\"description\":\"RM Norte explora.cl\",\"potentialAction\":[{\"@type\":\"SearchAction\",\"target\":{\"@type\":\"EntryPoint\",\"urlTemplate\":\"https:\/\/explora.cl\/rmnorte\/?s={search_term_string}\"},\"query-input\":{\"@type\":\"PropertyValueSpecification\",\"valueRequired\":true,\"valueName\":\"search_term_string\"}}],\"inLanguage\":\"es-CL\"},{\"@type\":\"Person\",\"@id\":\"https:\/\/explora.cl\/rmnorte\/#\/schema\/person\/4ad985b29a183eab4170892260e133a5\",\"name\":\"dgarcia\",\"image\":{\"@type\":\"ImageObject\",\"inLanguage\":\"es-CL\",\"@id\":\"https:\/\/explora.cl\/rmnorte\/#\/schema\/person\/image\/\",\"url\":\"https:\/\/secure.gravatar.com\/avatar\/06e2fd9f68a0c19cd669ddc183de83489acab601aa57958e0f60175e5013e6b7?s=96&d=mm&r=g\",\"contentUrl\":\"https:\/\/secure.gravatar.com\/avatar\/06e2fd9f68a0c19cd669ddc183de83489acab601aa57958e0f60175e5013e6b7?s=96&d=mm&r=g\",\"caption\":\"dgarcia\"},\"url\":\"https:\/\/explora.cl\/rmnorte\/author\/dgarcia\/\"}]}<\/script>\n<!-- \/ Yoast SEO plugin. -->","yoast_head_json":{"title":"M\u00e1s de cuarenta estudiantes de la Regi\u00f3n Metropolitana presentar\u00e1n sus proyectos cient\u00edficos en el XVI Congreso Regional Escolar - RM Norte","robots":{"index":"index","follow":"follow","max-snippet":"max-snippet:-1","max-image-preview":"max-image-preview:large","max-video-preview":"max-video-preview:-1"},"canonical":"https:\/\/explora.cl\/rmnorte\/mas-de-cuarenta-estudiantes-de-la-region-metropolitana-presentaran-sus-proyectos-cientificos-en-el-xvi-congreso-regional-escolar\/","og_locale":"es_ES","og_type":"article","og_title":"M\u00e1s de cuarenta estudiantes de la Regi\u00f3n Metropolitana presentar\u00e1n sus proyectos cient\u00edficos en el XVI Congreso Regional Escolar - RM Norte","og_description":"A pesar de la distancia social y la cuarentena, Explora RM Norte tiene su objetivo claro: reunir el mundo cient\u00edfico y el mundo escolar, a trav\u00e9s de la difusi\u00f3n del conocimiento y el desarrollo de actividades cient\u00edficas. En esta l\u00ednea, el 30 de julio se realizar\u00e1 por primera vez de forma virtual el XIV Congreso Regional Escolar de las Ciencias y la Tecnolog\u00eda.","og_url":"https:\/\/explora.cl\/rmnorte\/mas-de-cuarenta-estudiantes-de-la-region-metropolitana-presentaran-sus-proyectos-cientificos-en-el-xvi-congreso-regional-escolar\/","og_site_name":"RM Norte","article_published_time":"2020-07-24T14:54:05+00:00","article_modified_time":"2020-07-31T21:39:57+00:00","og_image":[{"width":2340,"height":1580,"url":"https:\/\/explora.cl\/rmnorte\/wp-content\/uploads\/sites\/11\/2020\/07\/banner_noticia_.png","type":"image\/png"}],"author":"dgarcia","twitter_card":"summary_large_image","twitter_misc":{"Escrito por":"dgarcia","Tiempo estimado de lectura":"2 minutos"},"schema":{"@context":"https:\/\/schema.org","@graph":[{"@type":"Article","@id":"https:\/\/explora.cl\/rmnorte\/mas-de-cuarenta-estudiantes-de-la-region-metropolitana-presentaran-sus-proyectos-cientificos-en-el-xvi-congreso-regional-escolar\/#article","isPartOf":{"@id":"https:\/\/explora.cl\/rmnorte\/mas-de-cuarenta-estudiantes-de-la-region-metropolitana-presentaran-sus-proyectos-cientificos-en-el-xvi-congreso-regional-escolar\/"},"author":{"name":"dgarcia","@id":"https:\/\/explora.cl\/rmnorte\/#\/schema\/person\/4ad985b29a183eab4170892260e133a5"},"headline":"M\u00e1s de cuarenta estudiantes de la Regi\u00f3n Metropolitana presentar\u00e1n sus proyectos cient\u00edficos en el XVI Congreso Regional Escolar","datePublished":"2020-07-24T14:54:05+00:00","dateModified":"2020-07-31T21:39:57+00:00","mainEntityOfPage":{"@id":"https:\/\/explora.cl\/rmnorte\/mas-de-cuarenta-estudiantes-de-la-region-metropolitana-presentaran-sus-proyectos-cientificos-en-el-xvi-congreso-regional-escolar\/"},"wordCount":409,"commentCount":0,"image":{"@id":"https:\/\/explora.cl\/rmnorte\/mas-de-cuarenta-estudiantes-de-la-region-metropolitana-presentaran-sus-proyectos-cientificos-en-el-xvi-congreso-regional-escolar\/#primaryimage"},"thumbnailUrl":"https:\/\/explora.cl\/rmnorte\/wp-content\/uploads\/sites\/11\/2020\/07\/banner_noticia_.png","articleSection":["Lugar 4","Noticias"],"inLanguage":"es-CL","potentialAction":[{"@type":"CommentAction","name":"Comment","target":["https:\/\/explora.cl\/rmnorte\/mas-de-cuarenta-estudiantes-de-la-region-metropolitana-presentaran-sus-proyectos-cientificos-en-el-xvi-congreso-regional-escolar\/#respond"]}]},{"@type":"WebPage","@id":"https:\/\/explora.cl\/rmnorte\/mas-de-cuarenta-estudiantes-de-la-region-metropolitana-presentaran-sus-proyectos-cientificos-en-el-xvi-congreso-regional-escolar\/","url":"https:\/\/explora.cl\/rmnorte\/mas-de-cuarenta-estudiantes-de-la-region-metropolitana-presentaran-sus-proyectos-cientificos-en-el-xvi-congreso-regional-escolar\/","name":"M\u00e1s de cuarenta estudiantes de la Regi\u00f3n Metropolitana presentar\u00e1n sus proyectos cient\u00edficos en el XVI Congreso Regional Escolar - RM Norte","isPartOf":{"@id":"https:\/\/explora.cl\/rmnorte\/#website"},"primaryImageOfPage":{"@id":"https:\/\/explora.cl\/rmnorte\/mas-de-cuarenta-estudiantes-de-la-region-metropolitana-presentaran-sus-proyectos-cientificos-en-el-xvi-congreso-regional-escolar\/#primaryimage"},"image":{"@id":"https:\/\/explora.cl\/rmnorte\/mas-de-cuarenta-estudiantes-de-la-region-metropolitana-presentaran-sus-proyectos-cientificos-en-el-xvi-congreso-regional-escolar\/#primaryimage"},"thumbnailUrl":"https:\/\/explora.cl\/rmnorte\/wp-content\/uploads\/sites\/11\/2020\/07\/banner_noticia_.png","datePublished":"2020-07-24T14:54:05+00:00","dateModified":"2020-07-31T21:39:57+00:00","author":{"@id":"https:\/\/explora.cl\/rmnorte\/#\/schema\/person\/4ad985b29a183eab4170892260e133a5"},"breadcrumb":{"@id":"https:\/\/explora.cl\/rmnorte\/mas-de-cuarenta-estudiantes-de-la-region-metropolitana-presentaran-sus-proyectos-cientificos-en-el-xvi-congreso-regional-escolar\/#breadcrumb"},"inLanguage":"es-CL","potentialAction":[{"@type":"ReadAction","target":["https:\/\/explora.cl\/rmnorte\/mas-de-cuarenta-estudiantes-de-la-region-metropolitana-presentaran-sus-proyectos-cientificos-en-el-xvi-congreso-regional-escolar\/"]}]},{"@type":"ImageObject","inLanguage":"es-CL","@id":"https:\/\/explora.cl\/rmnorte\/mas-de-cuarenta-estudiantes-de-la-region-metropolitana-presentaran-sus-proyectos-cientificos-en-el-xvi-congreso-regional-escolar\/#primaryimage","url":"https:\/\/explora.cl\/rmnorte\/wp-content\/uploads\/sites\/11\/2020\/07\/banner_noticia_.png","contentUrl":"https:\/\/explora.cl\/rmnorte\/wp-content\/uploads\/sites\/11\/2020\/07\/banner_noticia_.png","width":2340,"height":1580},{"@type":"BreadcrumbList","@id":"https:\/\/explora.cl\/rmnorte\/mas-de-cuarenta-estudiantes-de-la-region-metropolitana-presentaran-sus-proyectos-cientificos-en-el-xvi-congreso-regional-escolar\/#breadcrumb","itemListElement":[{"@type":"ListItem","position":1,"name":"Portada","item":"https:\/\/explora.cl\/rmnorte\/"},{"@type":"ListItem","position":2,"name":"M\u00e1s de cuarenta estudiantes de la Regi\u00f3n Metropolitana presentar\u00e1n sus proyectos cient\u00edficos en el XVI Congreso Regional Escolar"}]},{"@type":"WebSite","@id":"https:\/\/explora.cl\/rmnorte\/#website","url":"https:\/\/explora.cl\/rmnorte\/","name":"RM Norte","description":"RM Norte explora.cl","potentialAction":[{"@type":"SearchAction","target":{"@type":"EntryPoint","urlTemplate":"https:\/\/explora.cl\/rmnorte\/?s={search_term_string}"},"query-input":{"@type":"PropertyValueSpecification","valueRequired":true,"valueName":"search_term_string"}}],"inLanguage":"es-CL"},{"@type":"Person","@id":"https:\/\/explora.cl\/rmnorte\/#\/schema\/person\/4ad985b29a183eab4170892260e133a5","name":"dgarcia","image":{"@type":"ImageObject","inLanguage":"es-CL","@id":"https:\/\/explora.cl\/rmnorte\/#\/schema\/person\/image\/","url":"https:\/\/secure.gravatar.com\/avatar\/06e2fd9f68a0c19cd669ddc183de83489acab601aa57958e0f60175e5013e6b7?s=96&d=mm&r=g","contentUrl":"https:\/\/secure.gravatar.com\/avatar\/06e2fd9f68a0c19cd669ddc183de83489acab601aa57958e0f60175e5013e6b7?s=96&d=mm&r=g","caption":"dgarcia"},"url":"https:\/\/explora.cl\/rmnorte\/author\/dgarcia\/"}]}},"_links":{"self":[{"href":"https:\/\/explora.cl\/rmnorte\/wp-json\/wp\/v2\/posts\/39734","targetHints":{"allow":["GET"]}}],"collection":[{"href":"https:\/\/explora.cl\/rmnorte\/wp-json\/wp\/v2\/posts"}],"about":[{"href":"https:\/\/explora.cl\/rmnorte\/wp-json\/wp\/v2\/types\/post"}],"author":[{"embeddable":true,"href":"https:\/\/explora.cl\/rmnorte\/wp-json\/wp\/v2\/users\/26"}],"replies":[{"embeddable":true,"href":"https:\/\/explora.cl\/rmnorte\/wp-json\/wp\/v2\/comments?post=39734"}],"version-history":[{"count":2,"href":"https:\/\/explora.cl\/rmnorte\/wp-json\/wp\/v2\/posts\/39734\/revisions"}],"predecessor-version":[{"id":39740,"href":"https:\/\/explora.cl\/rmnorte\/wp-json\/wp\/v2\/posts\/39734\/revisions\/39740"}],"wp:featuredmedia":[{"embeddable":true,"href":"https:\/\/explora.cl\/rmnorte\/wp-json\/wp\/v2\/media\/39761"}],"wp:attachment":[{"href":"https:\/\/explora.cl\/rmnorte\/wp-json\/wp\/v2\/media?parent=39734"}],"wp:term":[{"taxonomy":"category","embeddable":true,"href":"https:\/\/explora.cl\/rmnorte\/wp-json\/wp\/v2\/categories?post=39734"},{"taxonomy":"post_tag","embeddable":true,"href":"https:\/\/explora.cl\/rmnorte\/wp-json\/wp\/v2\/tags?post=39734"}],"curies":[{"name":"wp","href":"https:\/\/api.w.org\/{rel}","templated":true}]}}