{"id":39692,"date":"2020-06-18T17:58:58","date_gmt":"2020-06-18T21:58:58","guid":{"rendered":"https:\/\/explora.cl\/rmnorte\/?p=39692"},"modified":"2020-07-31T12:41:41","modified_gmt":"2020-07-31T16:41:41","slug":"revisa-quienes-seran-parte-del-xiv-congreso-regional-escolar-de-ciencia-y-tecnologia","status":"publish","type":"post","link":"https:\/\/explora.cl\/rmnorte\/revisa-quienes-seran-parte-del-xiv-congreso-regional-escolar-de-ciencia-y-tecnologia\/","title":{"rendered":"Revisa quienes ser\u00e1n parte del XIV Congreso Regional Escolar de Ciencia y Tecnolog\u00eda"},"content":{"rendered":"<p>Entre el viernes 30 y lunes 10 de agosto, se realizar\u00e1 el XIV<strong> Congreso Regional Escolar de Ciencia y Tecnolog\u00eda<\/strong>, CRECyT, Regi\u00f3n Metropolitana Zona Norte, el cual se realizar\u00e1 por primera vez de manera virtual.<\/p>\n<p>Estudiantes desde 5\u00b0 a\u00f1o de educaci\u00f3n b\u00e1sica hasta 4\u00b0 a\u00f1o de educaci\u00f3n media, de establecimientos educacionales de las comunas de Colina, Lampa, Las Condes, \u00d1u\u00f1oa, Providencia, Pudahuel, Quilicura, Renca y Santiago, compartir\u00e1n los resultados de sus proyectos de investigaci\u00f3n realizados durante el 2019, en las \u00e1reas de las ciencias naturales, ciencias sociales, e ingenier\u00eda y tecnolog\u00eda.<\/p>\n<p>Te invitamos a revisar el libro de res\u00famenes y p\u00f3ster de los proyectos que formaran parte de este 1\u00b0 Congreso Virtual Escolar de Ciencia y Tecnolog\u00eda de la Regi\u00f3n Metropolitana Norte.<\/p>\n<p>&nbsp;<\/p>\n<table style=\"height: 1631px\" width=\"721\">\n<tbody>\n<tr>\n<td width=\"27\"><strong>\u00a0<\/strong><\/td>\n<td width=\"124\"><strong>C\u00f3digo del proyecto<\/strong><\/td>\n<td width=\"274\"><strong>T\u00edtulo del proyecto<\/strong><\/td>\n<td width=\"208\"><strong>Establecimiento Educacional<\/strong><\/td>\n<\/tr>\n<tr>\n<td width=\"27\">1<\/td>\n<td width=\"124\">CRERMN-14-01<\/td>\n<td width=\"274\">Bacterias Musicales<\/td>\n<td width=\"208\">Instituto de Humanidades Luis Campino<\/td>\n<\/tr>\n<tr>\n<td width=\"27\">2<\/td>\n<td width=\"124\">CRERMN-14-02<\/td>\n<td width=\"274\">Efecto de aguas contaminadas con Litio en la germinaci\u00f3n de Lens culinaris y Phaseolus vulgaris.<\/td>\n<td width=\"208\">Instituto de Humanidades Luis Campino<\/td>\n<\/tr>\n<tr>\n<td width=\"27\">3<\/td>\n<td width=\"124\">CRERMN-14-03<\/td>\n<td width=\"274\">Un novedoso y econ\u00f3mico uso de las bolsas de te usadas como abono org\u00e1nico<\/td>\n<td width=\"208\">Liceo Siete de Providencia Luisa Saavedra<\/td>\n<\/tr>\n<tr>\n<td width=\"27\">4<\/td>\n<td width=\"124\">CRERMN-14-04<\/td>\n<td width=\"274\">Adaptaciones ecol\u00f3gicas de la Rana Grande chilena<\/td>\n<td width=\"208\">Colegio Santiago de Pudahuel<\/td>\n<\/tr>\n<tr>\n<td width=\"27\">5<\/td>\n<td width=\"124\">CRERMN-14-06<\/td>\n<td width=\"274\">FisicFun<\/td>\n<td width=\"208\">Liceo N\u00ba1 Javiera Carrera<\/td>\n<\/tr>\n<tr>\n<td width=\"27\">6<\/td>\n<td width=\"124\">CRERMN-14-11<\/td>\n<td width=\"274\">Producci\u00f3n de Biopl\u00e1stico a partir de la c\u00e1scara de pl\u00e1tano<\/td>\n<td width=\"208\">Colegio San Jos\u00e9 de Chicureo<\/td>\n<\/tr>\n<tr>\n<td width=\"27\">7<\/td>\n<td width=\"124\">CRERMN-14-12<\/td>\n<td width=\"274\">Una comunidad animal invisible para la gente<\/td>\n<td width=\"208\">Liceo Manuel Barros Borgo\u00f1o<\/td>\n<\/tr>\n<tr>\n<td width=\"27\">8<\/td>\n<td width=\"124\">CRERMN-14-13<\/td>\n<td width=\"274\">Sufriendo por la baja cantidad de agua apta para el consumo humano<\/td>\n<td width=\"208\">Escuela Primitiva Echeverria<\/td>\n<\/tr>\n<tr>\n<td width=\"27\">9<\/td>\n<td width=\"124\">CRERMN-14-14<\/td>\n<td width=\"274\">Highway to Shell<\/td>\n<td width=\"208\">Colegio William Kilpatrick<\/td>\n<\/tr>\n<tr>\n<td width=\"27\">10<\/td>\n<td width=\"124\">CRERMN-14-15<\/td>\n<td width=\"274\">Clasificando ara\u00f1as (Araneae) a trav\u00e9s de sus cromosomas<\/td>\n<td width=\"208\">Fundaci\u00f3n Educacional Desiree<\/td>\n<\/tr>\n<tr>\n<td width=\"27\">11<\/td>\n<td width=\"124\">CRERMN-14-17<\/td>\n<td width=\"274\">S.A.R.A.H. (Sistema Autom\u00e1tico de Radiofrecuencia para la Automatizaci\u00f3n del Hogar).<\/td>\n<td width=\"208\">Instituto de Humanidades Luis Campino<\/td>\n<\/tr>\n<tr>\n<td width=\"27\">12<\/td>\n<td width=\"124\">CRERMN-14-22<\/td>\n<td width=\"274\">Creaci\u00f3n de envases biodegradables para frutillas a partir de alginatos obtenidos de algas pardas.<\/td>\n<td width=\"208\">Colegio San Jos\u00e9 de Chicureo<\/td>\n<\/tr>\n<tr>\n<td width=\"27\">13<\/td>\n<td width=\"124\">CRERMN-14-23<\/td>\n<td width=\"274\">En busca de la Verdad sobre las Bolsas biodegradables<\/td>\n<td width=\"208\">Escuela Ciudad de Santiago de Chile E-70<\/td>\n<\/tr>\n<tr>\n<td width=\"27\">14<\/td>\n<td width=\"124\">CRERMN-14-24<\/td>\n<td width=\"274\">Embutidos de lupino: s\u00faper proteico, sustentable, bajo en grasas y cero calor\u00edas<\/td>\n<td width=\"208\">Colegio Emprender Larapinta<\/td>\n<\/tr>\n<tr>\n<td width=\"27\">15<\/td>\n<td width=\"124\">CRERMN-14-25<\/td>\n<td width=\"274\">\u00bfC\u00f3mo afectan las redes sociales en los j\u00f3venes?<\/td>\n<td width=\"208\">Colegio Victoria Prieto<\/td>\n<\/tr>\n<tr>\n<td width=\"27\">16<\/td>\n<td width=\"124\">CRERMN-14-27<\/td>\n<td width=\"274\">Lookation<\/td>\n<td width=\"208\">NEOEDUCA<\/td>\n<\/tr>\n<tr>\n<td width=\"27\">17<\/td>\n<td width=\"124\">CRERMN-14-28<\/td>\n<td width=\"274\">Galleria mellonella, una posible soluci\u00f3n a la biodegradaci\u00f3n del pl\u00e1stico: Hallazgo de enterobacterias posiblemente implicadas en la biodegradaci\u00f3n del Polietileno.<\/td>\n<td width=\"208\">Colegio Santiago de Pudahuel<\/td>\n<\/tr>\n<tr>\n<td width=\"27\">18<\/td>\n<td width=\"124\">CRERMN-14-30<\/td>\n<td width=\"274\">NatuDiesel<\/td>\n<td width=\"208\">Instituto Nacional General Jos\u00e9 Miguel Carrera<\/td>\n<\/tr>\n<tr>\n<td width=\"27\">19<\/td>\n<td width=\"124\">CRERMN-14-31<\/td>\n<td width=\"274\">An\u00e1lisis comparado entre h\u00e1bitos polinizadores de Xylocopa augusti y Bombus dahlbomii<\/td>\n<td width=\"208\">Liceo Carmela Silva Donoso<\/td>\n<\/tr>\n<tr>\n<td width=\"27\">20<\/td>\n<td width=\"124\">CRERMN-14-40<\/td>\n<td width=\"274\">Elaboraci\u00f3n de un biopl\u00e1stico a base de almid\u00f3n de papa o ma\u00edz<\/td>\n<td width=\"208\">Colegio San Isaac Jogues<\/td>\n<\/tr>\n<\/tbody>\n<\/table>\n<p>Bot\u00f3n Libro de res\u00famenes:<\/p>\n<p><a href=\"https:\/\/drive.google.com\/file\/d\/1JoIO_2je9vnP2P7qjIyf22fEsimvrotk\/view?usp=sharing\"><img decoding=\"async\" class=\"alignnone wp-image-39745\" src=\"https:\/\/explora.cl\/rmnorte\/wp-content\/uploads\/sites\/11\/2020\/06\/BOTON_1.png\" alt=\"\" width=\"277\" height=\"111\" srcset=\"https:\/\/explora.cl\/rmnorte\/wp-content\/uploads\/sites\/11\/2020\/06\/BOTON_1.png 2347w, https:\/\/explora.cl\/rmnorte\/wp-content\/uploads\/sites\/11\/2020\/06\/BOTON_1-300x120.png 300w, https:\/\/explora.cl\/rmnorte\/wp-content\/uploads\/sites\/11\/2020\/06\/BOTON_1-768x308.png 768w, https:\/\/explora.cl\/rmnorte\/wp-content\/uploads\/sites\/11\/2020\/06\/BOTON_1-1024x410.png 1024w\" sizes=\"(max-width: 277px) 100vw, 277px\" \/><\/a><\/p>\n<p>Bot\u00f3n P\u00f3ster de los proyectos:<\/p>\n<p><a href=\"https:\/\/drive.google.com\/file\/d\/1KHsT6Hzk1PTtT1DU6_LJV_B1Gc-Ocr48\/view?usp=sharing\"><img decoding=\"async\" class=\"alignnone wp-image-39746\" src=\"https:\/\/explora.cl\/rmnorte\/wp-content\/uploads\/sites\/11\/2020\/06\/BOTON_2-1.png\" alt=\"\" width=\"278\" height=\"111\" srcset=\"https:\/\/explora.cl\/rmnorte\/wp-content\/uploads\/sites\/11\/2020\/06\/BOTON_2-1.png 2347w, https:\/\/explora.cl\/rmnorte\/wp-content\/uploads\/sites\/11\/2020\/06\/BOTON_2-1-300x120.png 300w, https:\/\/explora.cl\/rmnorte\/wp-content\/uploads\/sites\/11\/2020\/06\/BOTON_2-1-768x306.png 768w, https:\/\/explora.cl\/rmnorte\/wp-content\/uploads\/sites\/11\/2020\/06\/BOTON_2-1-1024x408.png 1024w\" sizes=\"(max-width: 278px) 100vw, 278px\" \/><\/a><\/p>\n<p>&nbsp;<\/p>\n","protected":false},"excerpt":{"rendered":"<p>Revisa quienes ser\u00e1n parte del XIV Congreso Regional Escolar de Ciencia y Tecnolog\u00eda.<\/p>\n","protected":false},"author":26,"featured_media":39744,"comment_status":"open","ping_status":"open","sticky":false,"template":"","format":"standard","meta":{"_acf_changed":false,"_exactmetrics_skip_tracking":false,"_exactmetrics_sitenote_active":false,"_exactmetrics_sitenote_note":"","_exactmetrics_sitenote_category":0,"footnotes":"","_links_to":"","_links_to_target":""},"categories":[151,136],"tags":[],"class_list":["post-39692","post","type-post","status-publish","format-standard","has-post-thumbnail","hentry","category-banner","category-lugar-1"],"acf":[],"yoast_head":"<!-- This site is optimized with the Yoast SEO plugin v26.9 - https:\/\/yoast.com\/product\/yoast-seo-wordpress\/ -->\n<title>Revisa quienes ser\u00e1n parte del XIV Congreso Regional Escolar de Ciencia y Tecnolog\u00eda - RM Norte<\/title>\n<meta name=\"robots\" content=\"index, follow, max-snippet:-1, max-image-preview:large, max-video-preview:-1\" \/>\n<link rel=\"canonical\" href=\"https:\/\/explora.cl\/rmnorte\/revisa-quienes-seran-parte-del-xiv-congreso-regional-escolar-de-ciencia-y-tecnologia\/\" class=\"yoast-seo-meta-tag\" \/>\n<meta property=\"og:locale\" content=\"es_ES\" class=\"yoast-seo-meta-tag\" \/>\n<meta property=\"og:type\" content=\"article\" class=\"yoast-seo-meta-tag\" \/>\n<meta property=\"og:title\" content=\"Revisa quienes ser\u00e1n parte del XIV Congreso Regional Escolar de Ciencia y Tecnolog\u00eda - RM Norte\" class=\"yoast-seo-meta-tag\" \/>\n<meta property=\"og:description\" content=\"Revisa quienes ser\u00e1n parte del XIV Congreso Regional Escolar de Ciencia y Tecnolog\u00eda.\" class=\"yoast-seo-meta-tag\" \/>\n<meta property=\"og:url\" content=\"https:\/\/explora.cl\/rmnorte\/revisa-quienes-seran-parte-del-xiv-congreso-regional-escolar-de-ciencia-y-tecnologia\/\" class=\"yoast-seo-meta-tag\" \/>\n<meta property=\"og:site_name\" content=\"RM Norte\" class=\"yoast-seo-meta-tag\" \/>\n<meta property=\"article:published_time\" content=\"2020-06-18T21:58:58+00:00\" class=\"yoast-seo-meta-tag\" \/>\n<meta property=\"article:modified_time\" content=\"2020-07-31T16:41:41+00:00\" class=\"yoast-seo-meta-tag\" \/>\n<meta property=\"og:image\" content=\"https:\/\/explora.cl\/rmnorte\/wp-content\/uploads\/sites\/11\/2020\/06\/Banner_WEB.png\" class=\"yoast-seo-meta-tag\" \/>\n\t<meta property=\"og:image:width\" content=\"3007\" class=\"yoast-seo-meta-tag\" \/>\n\t<meta property=\"og:image:height\" content=\"1704\" class=\"yoast-seo-meta-tag\" \/>\n\t<meta property=\"og:image:type\" content=\"image\/png\" class=\"yoast-seo-meta-tag\" \/>\n<meta name=\"author\" content=\"dgarcia\" class=\"yoast-seo-meta-tag\" \/>\n<meta name=\"twitter:card\" content=\"summary_large_image\" class=\"yoast-seo-meta-tag\" \/>\n<meta name=\"twitter:label1\" content=\"Escrito por\" class=\"yoast-seo-meta-tag\" \/>\n\t<meta name=\"twitter:data1\" content=\"dgarcia\" class=\"yoast-seo-meta-tag\" \/>\n\t<meta name=\"twitter:label2\" content=\"Tiempo estimado de lectura\" class=\"yoast-seo-meta-tag\" \/>\n\t<meta name=\"twitter:data2\" content=\"2 minutos\" class=\"yoast-seo-meta-tag\" \/>\n<script type=\"application\/ld+json\" class=\"yoast-schema-graph\">{\"@context\":\"https:\/\/schema.org\",\"@graph\":[{\"@type\":\"Article\",\"@id\":\"https:\/\/explora.cl\/rmnorte\/revisa-quienes-seran-parte-del-xiv-congreso-regional-escolar-de-ciencia-y-tecnologia\/#article\",\"isPartOf\":{\"@id\":\"https:\/\/explora.cl\/rmnorte\/revisa-quienes-seran-parte-del-xiv-congreso-regional-escolar-de-ciencia-y-tecnologia\/\"},\"author\":{\"name\":\"dgarcia\",\"@id\":\"https:\/\/explora.cl\/rmnorte\/#\/schema\/person\/4ad985b29a183eab4170892260e133a5\"},\"headline\":\"Revisa quienes ser\u00e1n parte del XIV Congreso Regional Escolar de Ciencia y Tecnolog\u00eda\",\"datePublished\":\"2020-06-18T21:58:58+00:00\",\"dateModified\":\"2020-07-31T16:41:41+00:00\",\"mainEntityOfPage\":{\"@id\":\"https:\/\/explora.cl\/rmnorte\/revisa-quienes-seran-parte-del-xiv-congreso-regional-escolar-de-ciencia-y-tecnologia\/\"},\"wordCount\":506,\"commentCount\":0,\"image\":{\"@id\":\"https:\/\/explora.cl\/rmnorte\/revisa-quienes-seran-parte-del-xiv-congreso-regional-escolar-de-ciencia-y-tecnologia\/#primaryimage\"},\"thumbnailUrl\":\"https:\/\/explora.cl\/rmnorte\/wp-content\/uploads\/sites\/11\/2020\/06\/Banner_WEB.png\",\"articleSection\":[\"Banner\",\"Lugar 1\"],\"inLanguage\":\"es-CL\",\"potentialAction\":[{\"@type\":\"CommentAction\",\"name\":\"Comment\",\"target\":[\"https:\/\/explora.cl\/rmnorte\/revisa-quienes-seran-parte-del-xiv-congreso-regional-escolar-de-ciencia-y-tecnologia\/#respond\"]}]},{\"@type\":\"WebPage\",\"@id\":\"https:\/\/explora.cl\/rmnorte\/revisa-quienes-seran-parte-del-xiv-congreso-regional-escolar-de-ciencia-y-tecnologia\/\",\"url\":\"https:\/\/explora.cl\/rmnorte\/revisa-quienes-seran-parte-del-xiv-congreso-regional-escolar-de-ciencia-y-tecnologia\/\",\"name\":\"Revisa quienes ser\u00e1n parte del XIV Congreso Regional Escolar de Ciencia y Tecnolog\u00eda - RM Norte\",\"isPartOf\":{\"@id\":\"https:\/\/explora.cl\/rmnorte\/#website\"},\"primaryImageOfPage\":{\"@id\":\"https:\/\/explora.cl\/rmnorte\/revisa-quienes-seran-parte-del-xiv-congreso-regional-escolar-de-ciencia-y-tecnologia\/#primaryimage\"},\"image\":{\"@id\":\"https:\/\/explora.cl\/rmnorte\/revisa-quienes-seran-parte-del-xiv-congreso-regional-escolar-de-ciencia-y-tecnologia\/#primaryimage\"},\"thumbnailUrl\":\"https:\/\/explora.cl\/rmnorte\/wp-content\/uploads\/sites\/11\/2020\/06\/Banner_WEB.png\",\"datePublished\":\"2020-06-18T21:58:58+00:00\",\"dateModified\":\"2020-07-31T16:41:41+00:00\",\"author\":{\"@id\":\"https:\/\/explora.cl\/rmnorte\/#\/schema\/person\/4ad985b29a183eab4170892260e133a5\"},\"breadcrumb\":{\"@id\":\"https:\/\/explora.cl\/rmnorte\/revisa-quienes-seran-parte-del-xiv-congreso-regional-escolar-de-ciencia-y-tecnologia\/#breadcrumb\"},\"inLanguage\":\"es-CL\",\"potentialAction\":[{\"@type\":\"ReadAction\",\"target\":[\"https:\/\/explora.cl\/rmnorte\/revisa-quienes-seran-parte-del-xiv-congreso-regional-escolar-de-ciencia-y-tecnologia\/\"]}]},{\"@type\":\"ImageObject\",\"inLanguage\":\"es-CL\",\"@id\":\"https:\/\/explora.cl\/rmnorte\/revisa-quienes-seran-parte-del-xiv-congreso-regional-escolar-de-ciencia-y-tecnologia\/#primaryimage\",\"url\":\"https:\/\/explora.cl\/rmnorte\/wp-content\/uploads\/sites\/11\/2020\/06\/Banner_WEB.png\",\"contentUrl\":\"https:\/\/explora.cl\/rmnorte\/wp-content\/uploads\/sites\/11\/2020\/06\/Banner_WEB.png\",\"width\":3007,\"height\":1704},{\"@type\":\"BreadcrumbList\",\"@id\":\"https:\/\/explora.cl\/rmnorte\/revisa-quienes-seran-parte-del-xiv-congreso-regional-escolar-de-ciencia-y-tecnologia\/#breadcrumb\",\"itemListElement\":[{\"@type\":\"ListItem\",\"position\":1,\"name\":\"Portada\",\"item\":\"https:\/\/explora.cl\/rmnorte\/\"},{\"@type\":\"ListItem\",\"position\":2,\"name\":\"Revisa quienes ser\u00e1n parte del XIV Congreso Regional Escolar de Ciencia y Tecnolog\u00eda\"}]},{\"@type\":\"WebSite\",\"@id\":\"https:\/\/explora.cl\/rmnorte\/#website\",\"url\":\"https:\/\/explora.cl\/rmnorte\/\",\"name\":\"RM Norte\",\"description\":\"RM Norte explora.cl\",\"potentialAction\":[{\"@type\":\"SearchAction\",\"target\":{\"@type\":\"EntryPoint\",\"urlTemplate\":\"https:\/\/explora.cl\/rmnorte\/?s={search_term_string}\"},\"query-input\":{\"@type\":\"PropertyValueSpecification\",\"valueRequired\":true,\"valueName\":\"search_term_string\"}}],\"inLanguage\":\"es-CL\"},{\"@type\":\"Person\",\"@id\":\"https:\/\/explora.cl\/rmnorte\/#\/schema\/person\/4ad985b29a183eab4170892260e133a5\",\"name\":\"dgarcia\",\"image\":{\"@type\":\"ImageObject\",\"inLanguage\":\"es-CL\",\"@id\":\"https:\/\/explora.cl\/rmnorte\/#\/schema\/person\/image\/\",\"url\":\"https:\/\/secure.gravatar.com\/avatar\/06e2fd9f68a0c19cd669ddc183de83489acab601aa57958e0f60175e5013e6b7?s=96&d=mm&r=g\",\"contentUrl\":\"https:\/\/secure.gravatar.com\/avatar\/06e2fd9f68a0c19cd669ddc183de83489acab601aa57958e0f60175e5013e6b7?s=96&d=mm&r=g\",\"caption\":\"dgarcia\"},\"url\":\"https:\/\/explora.cl\/rmnorte\/author\/dgarcia\/\"}]}<\/script>\n<!-- \/ Yoast SEO plugin. -->","yoast_head_json":{"title":"Revisa quienes ser\u00e1n parte del XIV Congreso Regional Escolar de Ciencia y Tecnolog\u00eda - RM Norte","robots":{"index":"index","follow":"follow","max-snippet":"max-snippet:-1","max-image-preview":"max-image-preview:large","max-video-preview":"max-video-preview:-1"},"canonical":"https:\/\/explora.cl\/rmnorte\/revisa-quienes-seran-parte-del-xiv-congreso-regional-escolar-de-ciencia-y-tecnologia\/","og_locale":"es_ES","og_type":"article","og_title":"Revisa quienes ser\u00e1n parte del XIV Congreso Regional Escolar de Ciencia y Tecnolog\u00eda - RM Norte","og_description":"Revisa quienes ser\u00e1n parte del XIV Congreso Regional Escolar de Ciencia y Tecnolog\u00eda.","og_url":"https:\/\/explora.cl\/rmnorte\/revisa-quienes-seran-parte-del-xiv-congreso-regional-escolar-de-ciencia-y-tecnologia\/","og_site_name":"RM Norte","article_published_time":"2020-06-18T21:58:58+00:00","article_modified_time":"2020-07-31T16:41:41+00:00","og_image":[{"width":3007,"height":1704,"url":"https:\/\/explora.cl\/rmnorte\/wp-content\/uploads\/sites\/11\/2020\/06\/Banner_WEB.png","type":"image\/png"}],"author":"dgarcia","twitter_card":"summary_large_image","twitter_misc":{"Escrito por":"dgarcia","Tiempo estimado de lectura":"2 minutos"},"schema":{"@context":"https:\/\/schema.org","@graph":[{"@type":"Article","@id":"https:\/\/explora.cl\/rmnorte\/revisa-quienes-seran-parte-del-xiv-congreso-regional-escolar-de-ciencia-y-tecnologia\/#article","isPartOf":{"@id":"https:\/\/explora.cl\/rmnorte\/revisa-quienes-seran-parte-del-xiv-congreso-regional-escolar-de-ciencia-y-tecnologia\/"},"author":{"name":"dgarcia","@id":"https:\/\/explora.cl\/rmnorte\/#\/schema\/person\/4ad985b29a183eab4170892260e133a5"},"headline":"Revisa quienes ser\u00e1n parte del XIV Congreso Regional Escolar de Ciencia y Tecnolog\u00eda","datePublished":"2020-06-18T21:58:58+00:00","dateModified":"2020-07-31T16:41:41+00:00","mainEntityOfPage":{"@id":"https:\/\/explora.cl\/rmnorte\/revisa-quienes-seran-parte-del-xiv-congreso-regional-escolar-de-ciencia-y-tecnologia\/"},"wordCount":506,"commentCount":0,"image":{"@id":"https:\/\/explora.cl\/rmnorte\/revisa-quienes-seran-parte-del-xiv-congreso-regional-escolar-de-ciencia-y-tecnologia\/#primaryimage"},"thumbnailUrl":"https:\/\/explora.cl\/rmnorte\/wp-content\/uploads\/sites\/11\/2020\/06\/Banner_WEB.png","articleSection":["Banner","Lugar 1"],"inLanguage":"es-CL","potentialAction":[{"@type":"CommentAction","name":"Comment","target":["https:\/\/explora.cl\/rmnorte\/revisa-quienes-seran-parte-del-xiv-congreso-regional-escolar-de-ciencia-y-tecnologia\/#respond"]}]},{"@type":"WebPage","@id":"https:\/\/explora.cl\/rmnorte\/revisa-quienes-seran-parte-del-xiv-congreso-regional-escolar-de-ciencia-y-tecnologia\/","url":"https:\/\/explora.cl\/rmnorte\/revisa-quienes-seran-parte-del-xiv-congreso-regional-escolar-de-ciencia-y-tecnologia\/","name":"Revisa quienes ser\u00e1n parte del XIV Congreso Regional Escolar de Ciencia y Tecnolog\u00eda - RM Norte","isPartOf":{"@id":"https:\/\/explora.cl\/rmnorte\/#website"},"primaryImageOfPage":{"@id":"https:\/\/explora.cl\/rmnorte\/revisa-quienes-seran-parte-del-xiv-congreso-regional-escolar-de-ciencia-y-tecnologia\/#primaryimage"},"image":{"@id":"https:\/\/explora.cl\/rmnorte\/revisa-quienes-seran-parte-del-xiv-congreso-regional-escolar-de-ciencia-y-tecnologia\/#primaryimage"},"thumbnailUrl":"https:\/\/explora.cl\/rmnorte\/wp-content\/uploads\/sites\/11\/2020\/06\/Banner_WEB.png","datePublished":"2020-06-18T21:58:58+00:00","dateModified":"2020-07-31T16:41:41+00:00","author":{"@id":"https:\/\/explora.cl\/rmnorte\/#\/schema\/person\/4ad985b29a183eab4170892260e133a5"},"breadcrumb":{"@id":"https:\/\/explora.cl\/rmnorte\/revisa-quienes-seran-parte-del-xiv-congreso-regional-escolar-de-ciencia-y-tecnologia\/#breadcrumb"},"inLanguage":"es-CL","potentialAction":[{"@type":"ReadAction","target":["https:\/\/explora.cl\/rmnorte\/revisa-quienes-seran-parte-del-xiv-congreso-regional-escolar-de-ciencia-y-tecnologia\/"]}]},{"@type":"ImageObject","inLanguage":"es-CL","@id":"https:\/\/explora.cl\/rmnorte\/revisa-quienes-seran-parte-del-xiv-congreso-regional-escolar-de-ciencia-y-tecnologia\/#primaryimage","url":"https:\/\/explora.cl\/rmnorte\/wp-content\/uploads\/sites\/11\/2020\/06\/Banner_WEB.png","contentUrl":"https:\/\/explora.cl\/rmnorte\/wp-content\/uploads\/sites\/11\/2020\/06\/Banner_WEB.png","width":3007,"height":1704},{"@type":"BreadcrumbList","@id":"https:\/\/explora.cl\/rmnorte\/revisa-quienes-seran-parte-del-xiv-congreso-regional-escolar-de-ciencia-y-tecnologia\/#breadcrumb","itemListElement":[{"@type":"ListItem","position":1,"name":"Portada","item":"https:\/\/explora.cl\/rmnorte\/"},{"@type":"ListItem","position":2,"name":"Revisa quienes ser\u00e1n parte del XIV Congreso Regional Escolar de Ciencia y Tecnolog\u00eda"}]},{"@type":"WebSite","@id":"https:\/\/explora.cl\/rmnorte\/#website","url":"https:\/\/explora.cl\/rmnorte\/","name":"RM Norte","description":"RM Norte explora.cl","potentialAction":[{"@type":"SearchAction","target":{"@type":"EntryPoint","urlTemplate":"https:\/\/explora.cl\/rmnorte\/?s={search_term_string}"},"query-input":{"@type":"PropertyValueSpecification","valueRequired":true,"valueName":"search_term_string"}}],"inLanguage":"es-CL"},{"@type":"Person","@id":"https:\/\/explora.cl\/rmnorte\/#\/schema\/person\/4ad985b29a183eab4170892260e133a5","name":"dgarcia","image":{"@type":"ImageObject","inLanguage":"es-CL","@id":"https:\/\/explora.cl\/rmnorte\/#\/schema\/person\/image\/","url":"https:\/\/secure.gravatar.com\/avatar\/06e2fd9f68a0c19cd669ddc183de83489acab601aa57958e0f60175e5013e6b7?s=96&d=mm&r=g","contentUrl":"https:\/\/secure.gravatar.com\/avatar\/06e2fd9f68a0c19cd669ddc183de83489acab601aa57958e0f60175e5013e6b7?s=96&d=mm&r=g","caption":"dgarcia"},"url":"https:\/\/explora.cl\/rmnorte\/author\/dgarcia\/"}]}},"_links":{"self":[{"href":"https:\/\/explora.cl\/rmnorte\/wp-json\/wp\/v2\/posts\/39692","targetHints":{"allow":["GET"]}}],"collection":[{"href":"https:\/\/explora.cl\/rmnorte\/wp-json\/wp\/v2\/posts"}],"about":[{"href":"https:\/\/explora.cl\/rmnorte\/wp-json\/wp\/v2\/types\/post"}],"author":[{"embeddable":true,"href":"https:\/\/explora.cl\/rmnorte\/wp-json\/wp\/v2\/users\/26"}],"replies":[{"embeddable":true,"href":"https:\/\/explora.cl\/rmnorte\/wp-json\/wp\/v2\/comments?post=39692"}],"version-history":[{"count":8,"href":"https:\/\/explora.cl\/rmnorte\/wp-json\/wp\/v2\/posts\/39692\/revisions"}],"predecessor-version":[{"id":39747,"href":"https:\/\/explora.cl\/rmnorte\/wp-json\/wp\/v2\/posts\/39692\/revisions\/39747"}],"wp:featuredmedia":[{"embeddable":true,"href":"https:\/\/explora.cl\/rmnorte\/wp-json\/wp\/v2\/media\/39744"}],"wp:attachment":[{"href":"https:\/\/explora.cl\/rmnorte\/wp-json\/wp\/v2\/media?parent=39692"}],"wp:term":[{"taxonomy":"category","embeddable":true,"href":"https:\/\/explora.cl\/rmnorte\/wp-json\/wp\/v2\/categories?post=39692"},{"taxonomy":"post_tag","embeddable":true,"href":"https:\/\/explora.cl\/rmnorte\/wp-json\/wp\/v2\/tags?post=39692"}],"curies":[{"name":"wp","href":"https:\/\/api.w.org\/{rel}","templated":true}]}}