{"id":39682,"date":"2020-06-17T10:34:27","date_gmt":"2020-06-17T14:34:27","guid":{"rendered":"https:\/\/explora.cl\/rmnorte\/?p=39682"},"modified":"2020-06-17T10:34:27","modified_gmt":"2020-06-17T14:34:27","slug":"sitios-cerrados-y-poca-ventilacion-son-factores-claves-para-la-transmision-del-covid-19","status":"publish","type":"post","link":"https:\/\/explora.cl\/rmnorte\/sitios-cerrados-y-poca-ventilacion-son-factores-claves-para-la-transmision-del-covid-19\/","title":{"rendered":"Sitios cerrados y poca ventilaci\u00f3n son factores claves para la transmisi\u00f3n del COVID-19"},"content":{"rendered":"<p><strong>En plena pandemia por el coronavirus, volver a la completa normalidad se hace cada vez un desaf\u00edo mayor para los entes gubernamentales y sanitarios. Factores como habitaciones cerradas, poca ventilaci\u00f3n y largos tiempos de convivencia son elementos claves para continuar con la propagaci\u00f3n del COVID-19. <\/strong><\/p>\n<p>Recientemente estudios cient\u00edficos realizados en China explicaron c\u00f3mo se produjo el contagio de COVID-19 en un <a href=\"https:\/\/wwwnc.cdc.gov\/eid\/article\/26\/7\/20-0764_article\">restaurant<\/a>, <a href=\"https:\/\/papers.ssrn.com\/sol3\/papers.cfm?abstract_id=3567505\">autob\u00fas<\/a> y <a href=\"https:\/\/wwwnc.cdc.gov\/eid\/article\/26\/8\/20-1274_article\">sala de trabajo<\/a>, concluyendo como factores de riesgo: contactos m\u00faltiples y cercanos, mala ventilaci\u00f3n y tiempo prolongado en las interacciones sociales. Esta \u00faltima es una condici\u00f3n esencial para que se produzca el contagio, lo cual nos lleva hacernos la siguiente interrogante \u00bfes posible un regreso a clase o trabajo presencial a corto plazo?<\/p>\n<p>En esta l\u00ednea, la doctora Catterina Ferreccio, epidemi\u00f3loga, investigadora del Centro Avanzado de Enfermedades Cr\u00f3nicas (ACCDIS) de la Pontificia Universidad Cat\u00f3lica e integrante del Consejo Asesor del Ministerio de Salud, dijo \u201crecientemente estamos entrando en la \u00e9poca m\u00e1s fr\u00eda del a\u00f1o, esto trae consigo que las personas est\u00e9n m\u00e1s cerca, haya poca ventilaci\u00f3n y permanezcan en espacio cerrados. Seg\u00fan los estudios y las experiencias de los pa\u00edses del hemisferio norte, el contagio del virus se redujo notablemente ahora que est\u00e1n en verano\u201d. Esto nos lleva afirmar que aparentemente el virus sobrevive mejor en ambientes fr\u00edos y secos y menos en temperaturas calientes y h\u00famedas, indic\u00f3 la epidemi\u00f3loga.<\/p>\n<p>Para estas fechas, es muy com\u00fan el uso del aire acondicionado y el cierre de las ventanas, lo cual resulta uno de los mayores peligros en una vuelta a clase o trabajos en oficinas. \u201cTendr\u00edamos flujo de aire constante, lugares cerrados y contacto por un tiempo determinado en el mismo lugar. Recientemente se demostr\u00f3 que manteniendo m\u00ednimo un per\u00edodo de superposici\u00f3n de 53 minutos en aire acondicionado se produce la propagaci\u00f3n del virus, tiempo que corresponde aproximadamente a una hora de clase\u201d, coment\u00f3 Mario Chiong, acad\u00e9mico de la Universidad de Chile e investigador ACCDIS.<\/p>\n<figure id=\"attachment_39685\" aria-describedby=\"caption-attachment-39685\" style=\"width: 320px\" class=\"wp-caption alignright\"><img fetchpriority=\"high\" decoding=\"async\" class=\"wp-image-39685\" src=\"https:\/\/explora.cl\/rmnorte\/wp-content\/uploads\/sites\/11\/2020\/06\/Screenshot2.png\" alt=\"Fuente: Diario el Pais\" width=\"320\" height=\"164\" srcset=\"https:\/\/explora.cl\/rmnorte\/wp-content\/uploads\/sites\/11\/2020\/06\/Screenshot2.png 1304w, https:\/\/explora.cl\/rmnorte\/wp-content\/uploads\/sites\/11\/2020\/06\/Screenshot2-300x153.png 300w, https:\/\/explora.cl\/rmnorte\/wp-content\/uploads\/sites\/11\/2020\/06\/Screenshot2-768x393.png 768w, https:\/\/explora.cl\/rmnorte\/wp-content\/uploads\/sites\/11\/2020\/06\/Screenshot2-1024x524.png 1024w\" sizes=\"(max-width: 320px) 100vw, 320px\" \/><figcaption id=\"caption-attachment-39685\" class=\"wp-caption-text\">Fuente: Diario el Pais<\/figcaption><\/figure>\n<p><img decoding=\"async\" class=\"alignnone  wp-image-39685\" src=\"https:\/\/explora.cl\/rmnorte\/wp-content\/uploads\/sites\/11\/2020\/06\/Screenshot2.png\" alt=\"Fuente: Diario el Pais\" width=\"320\" height=\"164\" srcset=\"https:\/\/explora.cl\/rmnorte\/wp-content\/uploads\/sites\/11\/2020\/06\/Screenshot2.png 1304w, https:\/\/explora.cl\/rmnorte\/wp-content\/uploads\/sites\/11\/2020\/06\/Screenshot2-300x153.png 300w, https:\/\/explora.cl\/rmnorte\/wp-content\/uploads\/sites\/11\/2020\/06\/Screenshot2-768x393.png 768w, https:\/\/explora.cl\/rmnorte\/wp-content\/uploads\/sites\/11\/2020\/06\/Screenshot2-1024x524.png 1024w\" sizes=\"(max-width: 320px) 100vw, 320px\" \/><\/p>\n<p>&nbsp;<\/p>\n<p><strong>Consideraciones para una vuelta a clases presenciales<\/strong><\/p>\n<p>La experta en epidemiolog\u00eda asegur\u00f3 que el regreso a clases es una decisi\u00f3n compleja donde es necesario tomar en cuenta una serie de requerimientos que se deber\u00edan cumplir, partiendo por los profesores, ya que estos son los que mayor riesgo de contagio tienen en una sala de clase. \u201cLo ideal ser\u00eda hacerles un examen diagn\u00f3stico al ingresar y conocer si alguno de ellos es inmune al virus, mientras que para los que no tengan anticuerpos, se deber\u00eda mantener una vigilancia de s\u00edntomas y b\u00fasqueda de virus, por ejemplo, llenando una encuesta cada vez que entren a clases\u201d, se\u00f1al\u00f3 la Dra. Ferreccio.<\/p>\n<p>En cuanto a los ni\u00f1os y ni\u00f1as, tambi\u00e9n se deber\u00eda aplicar vigilancias por parte de sus apoderados y\/o representantes, donde se informen los sistemas y posibles contactos con personas positivas al virus.<\/p>\n<p>Sin embargo, no es el \u00fanico desaf\u00edo al que nos enfrentar\u00edamos con una vuelta a clase durante la pandemia. La distancia social es otro factor de suma importancia donde m\u00ednimo cada ni\u00f1o debe mantener 2 metros entre sus compa\u00f1eros, lo cual es bien complicado para los m\u00e1s peque\u00f1os, enfatiz\u00f3 la doctora, quien tambi\u00e9n agreg\u00f3 que se deber\u00eda evitar que los estudiantes intercambien l\u00e1pices, juguetes y otros materiales.<\/p>\n<p>Por otro lado, como ya se ha mencionado anteriormente, el tiempo juega un papel fundamental en la propagaci\u00f3n de la pandemia, por ello, lo ideal ser\u00eda que estuvieran la menor cantidad de horas en<\/p>\n<p>el colegio, \u201chay que intentar mantener algo de lo que se ha logrado con las clases a distancia. <strong>La exposici\u00f3n va a disminuir seg\u00fan la duraci\u00f3n y la cercan\u00eda<\/strong>\u201d, recalc\u00f3 la experta.<\/p>\n<p>Como recomendaciones generales para un regreso a clases o trabajos presenciales, el acad\u00e9mico Mario Chiong se\u00f1al\u00f3 \u201ces necesario cumplir con el distanciamiento social adecuado, el uso correcto de las mascarillas, ventilaci\u00f3n del espacio f\u00edsico, reducci\u00f3n de la jornada y distribuci\u00f3n adecuada de los puestos\u201d.<\/p>\n<p>Para finalizar la doctora Ferreccio dijo que, en un escenario ideal lo mejor ser\u00eda reanudar las clases cuando se presente una baja significativa en el aumento de casos nuevos, \u201ces decir, esperar al menos una semana completa donde se observe que la curva de trasmisi\u00f3n se par\u00f3\u201d.<\/p>\n<p>No obstante, ambos especialistas concordaron que tomando en cuenta los antecedentes de China, tambi\u00e9n es necesario estudiar con mayor detenci\u00f3n las medidas y condiciones que se deben tomar para un \u00f3ptimo regreso a clase.<\/p>\n","protected":false},"excerpt":{"rendered":"<p>En plena pandemia por el coronavirus, volver a la completa normalidad se hace cada vez un desaf\u00edo mayor para los entes gubernamentales y sanitarios. Factores como habitaciones cerradas, poca ventilaci\u00f3n y largos tiempos de convivencia son elementos claves para continuar con la propagaci\u00f3n del COVID-19. <\/p>\n","protected":false},"author":26,"featured_media":39683,"comment_status":"open","ping_status":"open","sticky":false,"template":"","format":"standard","meta":{"_acf_changed":false,"_exactmetrics_skip_tracking":false,"_exactmetrics_sitenote_active":false,"_exactmetrics_sitenote_note":"","_exactmetrics_sitenote_category":0,"footnotes":"","_links_to":"","_links_to_target":""},"categories":[139,4],"tags":[],"class_list":["post-39682","post","type-post","status-publish","format-standard","has-post-thumbnail","hentry","category-lugar-4","category-noticias"],"acf":[],"yoast_head":"<!-- This site is optimized with the Yoast SEO plugin v26.9 - https:\/\/yoast.com\/product\/yoast-seo-wordpress\/ -->\n<title>Sitios cerrados y poca ventilaci\u00f3n son factores claves para la transmisi\u00f3n del COVID-19 - RM Norte<\/title>\n<meta name=\"robots\" content=\"index, follow, max-snippet:-1, max-image-preview:large, max-video-preview:-1\" \/>\n<link rel=\"canonical\" href=\"https:\/\/explora.cl\/rmnorte\/sitios-cerrados-y-poca-ventilacion-son-factores-claves-para-la-transmision-del-covid-19\/\" class=\"yoast-seo-meta-tag\" \/>\n<meta property=\"og:locale\" content=\"es_ES\" class=\"yoast-seo-meta-tag\" \/>\n<meta property=\"og:type\" content=\"article\" class=\"yoast-seo-meta-tag\" \/>\n<meta property=\"og:title\" content=\"Sitios cerrados y poca ventilaci\u00f3n son factores claves para la transmisi\u00f3n del COVID-19 - RM Norte\" class=\"yoast-seo-meta-tag\" \/>\n<meta property=\"og:description\" content=\"En plena pandemia por el coronavirus, volver a la completa normalidad se hace cada vez un desaf\u00edo mayor para los entes gubernamentales y sanitarios. Factores como habitaciones cerradas, poca ventilaci\u00f3n y largos tiempos de convivencia son elementos claves para continuar con la propagaci\u00f3n del COVID-19.\" class=\"yoast-seo-meta-tag\" \/>\n<meta property=\"og:url\" content=\"https:\/\/explora.cl\/rmnorte\/sitios-cerrados-y-poca-ventilacion-son-factores-claves-para-la-transmision-del-covid-19\/\" class=\"yoast-seo-meta-tag\" \/>\n<meta property=\"og:site_name\" content=\"RM Norte\" class=\"yoast-seo-meta-tag\" \/>\n<meta property=\"article:published_time\" content=\"2020-06-17T14:34:27+00:00\" class=\"yoast-seo-meta-tag\" \/>\n<meta property=\"og:image\" content=\"https:\/\/explora.cl\/rmnorte\/wp-content\/uploads\/sites\/11\/2020\/06\/street-2805643_1280.jpg\" class=\"yoast-seo-meta-tag\" \/>\n\t<meta property=\"og:image:width\" content=\"1280\" class=\"yoast-seo-meta-tag\" \/>\n\t<meta property=\"og:image:height\" content=\"853\" class=\"yoast-seo-meta-tag\" \/>\n\t<meta property=\"og:image:type\" content=\"image\/jpeg\" class=\"yoast-seo-meta-tag\" \/>\n<meta name=\"author\" content=\"dgarcia\" class=\"yoast-seo-meta-tag\" \/>\n<meta name=\"twitter:card\" content=\"summary_large_image\" class=\"yoast-seo-meta-tag\" \/>\n<meta name=\"twitter:label1\" content=\"Escrito por\" class=\"yoast-seo-meta-tag\" \/>\n\t<meta name=\"twitter:data1\" content=\"dgarcia\" class=\"yoast-seo-meta-tag\" \/>\n\t<meta name=\"twitter:label2\" content=\"Tiempo estimado de lectura\" class=\"yoast-seo-meta-tag\" \/>\n\t<meta name=\"twitter:data2\" content=\"4 minutos\" class=\"yoast-seo-meta-tag\" \/>\n<script type=\"application\/ld+json\" class=\"yoast-schema-graph\">{\"@context\":\"https:\/\/schema.org\",\"@graph\":[{\"@type\":\"Article\",\"@id\":\"https:\/\/explora.cl\/rmnorte\/sitios-cerrados-y-poca-ventilacion-son-factores-claves-para-la-transmision-del-covid-19\/#article\",\"isPartOf\":{\"@id\":\"https:\/\/explora.cl\/rmnorte\/sitios-cerrados-y-poca-ventilacion-son-factores-claves-para-la-transmision-del-covid-19\/\"},\"author\":{\"name\":\"dgarcia\",\"@id\":\"https:\/\/explora.cl\/rmnorte\/#\/schema\/person\/4ad985b29a183eab4170892260e133a5\"},\"headline\":\"Sitios cerrados y poca ventilaci\u00f3n son factores claves para la transmisi\u00f3n del COVID-19\",\"datePublished\":\"2020-06-17T14:34:27+00:00\",\"mainEntityOfPage\":{\"@id\":\"https:\/\/explora.cl\/rmnorte\/sitios-cerrados-y-poca-ventilacion-son-factores-claves-para-la-transmision-del-covid-19\/\"},\"wordCount\":813,\"commentCount\":0,\"image\":{\"@id\":\"https:\/\/explora.cl\/rmnorte\/sitios-cerrados-y-poca-ventilacion-son-factores-claves-para-la-transmision-del-covid-19\/#primaryimage\"},\"thumbnailUrl\":\"https:\/\/explora.cl\/rmnorte\/wp-content\/uploads\/sites\/11\/2020\/06\/street-2805643_1280.jpg\",\"articleSection\":[\"Lugar 4\",\"Noticias\"],\"inLanguage\":\"es-CL\",\"potentialAction\":[{\"@type\":\"CommentAction\",\"name\":\"Comment\",\"target\":[\"https:\/\/explora.cl\/rmnorte\/sitios-cerrados-y-poca-ventilacion-son-factores-claves-para-la-transmision-del-covid-19\/#respond\"]}]},{\"@type\":\"WebPage\",\"@id\":\"https:\/\/explora.cl\/rmnorte\/sitios-cerrados-y-poca-ventilacion-son-factores-claves-para-la-transmision-del-covid-19\/\",\"url\":\"https:\/\/explora.cl\/rmnorte\/sitios-cerrados-y-poca-ventilacion-son-factores-claves-para-la-transmision-del-covid-19\/\",\"name\":\"Sitios cerrados y poca ventilaci\u00f3n son factores claves para la transmisi\u00f3n del COVID-19 - RM Norte\",\"isPartOf\":{\"@id\":\"https:\/\/explora.cl\/rmnorte\/#website\"},\"primaryImageOfPage\":{\"@id\":\"https:\/\/explora.cl\/rmnorte\/sitios-cerrados-y-poca-ventilacion-son-factores-claves-para-la-transmision-del-covid-19\/#primaryimage\"},\"image\":{\"@id\":\"https:\/\/explora.cl\/rmnorte\/sitios-cerrados-y-poca-ventilacion-son-factores-claves-para-la-transmision-del-covid-19\/#primaryimage\"},\"thumbnailUrl\":\"https:\/\/explora.cl\/rmnorte\/wp-content\/uploads\/sites\/11\/2020\/06\/street-2805643_1280.jpg\",\"datePublished\":\"2020-06-17T14:34:27+00:00\",\"author\":{\"@id\":\"https:\/\/explora.cl\/rmnorte\/#\/schema\/person\/4ad985b29a183eab4170892260e133a5\"},\"breadcrumb\":{\"@id\":\"https:\/\/explora.cl\/rmnorte\/sitios-cerrados-y-poca-ventilacion-son-factores-claves-para-la-transmision-del-covid-19\/#breadcrumb\"},\"inLanguage\":\"es-CL\",\"potentialAction\":[{\"@type\":\"ReadAction\",\"target\":[\"https:\/\/explora.cl\/rmnorte\/sitios-cerrados-y-poca-ventilacion-son-factores-claves-para-la-transmision-del-covid-19\/\"]}]},{\"@type\":\"ImageObject\",\"inLanguage\":\"es-CL\",\"@id\":\"https:\/\/explora.cl\/rmnorte\/sitios-cerrados-y-poca-ventilacion-son-factores-claves-para-la-transmision-del-covid-19\/#primaryimage\",\"url\":\"https:\/\/explora.cl\/rmnorte\/wp-content\/uploads\/sites\/11\/2020\/06\/street-2805643_1280.jpg\",\"contentUrl\":\"https:\/\/explora.cl\/rmnorte\/wp-content\/uploads\/sites\/11\/2020\/06\/street-2805643_1280.jpg\",\"width\":1280,\"height\":853},{\"@type\":\"BreadcrumbList\",\"@id\":\"https:\/\/explora.cl\/rmnorte\/sitios-cerrados-y-poca-ventilacion-son-factores-claves-para-la-transmision-del-covid-19\/#breadcrumb\",\"itemListElement\":[{\"@type\":\"ListItem\",\"position\":1,\"name\":\"Portada\",\"item\":\"https:\/\/explora.cl\/rmnorte\/\"},{\"@type\":\"ListItem\",\"position\":2,\"name\":\"Sitios cerrados y poca ventilaci\u00f3n son factores claves para la transmisi\u00f3n del COVID-19\"}]},{\"@type\":\"WebSite\",\"@id\":\"https:\/\/explora.cl\/rmnorte\/#website\",\"url\":\"https:\/\/explora.cl\/rmnorte\/\",\"name\":\"RM Norte\",\"description\":\"RM Norte explora.cl\",\"potentialAction\":[{\"@type\":\"SearchAction\",\"target\":{\"@type\":\"EntryPoint\",\"urlTemplate\":\"https:\/\/explora.cl\/rmnorte\/?s={search_term_string}\"},\"query-input\":{\"@type\":\"PropertyValueSpecification\",\"valueRequired\":true,\"valueName\":\"search_term_string\"}}],\"inLanguage\":\"es-CL\"},{\"@type\":\"Person\",\"@id\":\"https:\/\/explora.cl\/rmnorte\/#\/schema\/person\/4ad985b29a183eab4170892260e133a5\",\"name\":\"dgarcia\",\"image\":{\"@type\":\"ImageObject\",\"inLanguage\":\"es-CL\",\"@id\":\"https:\/\/explora.cl\/rmnorte\/#\/schema\/person\/image\/\",\"url\":\"https:\/\/secure.gravatar.com\/avatar\/06e2fd9f68a0c19cd669ddc183de83489acab601aa57958e0f60175e5013e6b7?s=96&d=mm&r=g\",\"contentUrl\":\"https:\/\/secure.gravatar.com\/avatar\/06e2fd9f68a0c19cd669ddc183de83489acab601aa57958e0f60175e5013e6b7?s=96&d=mm&r=g\",\"caption\":\"dgarcia\"},\"url\":\"https:\/\/explora.cl\/rmnorte\/author\/dgarcia\/\"}]}<\/script>\n<!-- \/ Yoast SEO plugin. -->","yoast_head_json":{"title":"Sitios cerrados y poca ventilaci\u00f3n son factores claves para la transmisi\u00f3n del COVID-19 - RM Norte","robots":{"index":"index","follow":"follow","max-snippet":"max-snippet:-1","max-image-preview":"max-image-preview:large","max-video-preview":"max-video-preview:-1"},"canonical":"https:\/\/explora.cl\/rmnorte\/sitios-cerrados-y-poca-ventilacion-son-factores-claves-para-la-transmision-del-covid-19\/","og_locale":"es_ES","og_type":"article","og_title":"Sitios cerrados y poca ventilaci\u00f3n son factores claves para la transmisi\u00f3n del COVID-19 - RM Norte","og_description":"En plena pandemia por el coronavirus, volver a la completa normalidad se hace cada vez un desaf\u00edo mayor para los entes gubernamentales y sanitarios. Factores como habitaciones cerradas, poca ventilaci\u00f3n y largos tiempos de convivencia son elementos claves para continuar con la propagaci\u00f3n del COVID-19.","og_url":"https:\/\/explora.cl\/rmnorte\/sitios-cerrados-y-poca-ventilacion-son-factores-claves-para-la-transmision-del-covid-19\/","og_site_name":"RM Norte","article_published_time":"2020-06-17T14:34:27+00:00","og_image":[{"width":1280,"height":853,"url":"https:\/\/explora.cl\/rmnorte\/wp-content\/uploads\/sites\/11\/2020\/06\/street-2805643_1280.jpg","type":"image\/jpeg"}],"author":"dgarcia","twitter_card":"summary_large_image","twitter_misc":{"Escrito por":"dgarcia","Tiempo estimado de lectura":"4 minutos"},"schema":{"@context":"https:\/\/schema.org","@graph":[{"@type":"Article","@id":"https:\/\/explora.cl\/rmnorte\/sitios-cerrados-y-poca-ventilacion-son-factores-claves-para-la-transmision-del-covid-19\/#article","isPartOf":{"@id":"https:\/\/explora.cl\/rmnorte\/sitios-cerrados-y-poca-ventilacion-son-factores-claves-para-la-transmision-del-covid-19\/"},"author":{"name":"dgarcia","@id":"https:\/\/explora.cl\/rmnorte\/#\/schema\/person\/4ad985b29a183eab4170892260e133a5"},"headline":"Sitios cerrados y poca ventilaci\u00f3n son factores claves para la transmisi\u00f3n del COVID-19","datePublished":"2020-06-17T14:34:27+00:00","mainEntityOfPage":{"@id":"https:\/\/explora.cl\/rmnorte\/sitios-cerrados-y-poca-ventilacion-son-factores-claves-para-la-transmision-del-covid-19\/"},"wordCount":813,"commentCount":0,"image":{"@id":"https:\/\/explora.cl\/rmnorte\/sitios-cerrados-y-poca-ventilacion-son-factores-claves-para-la-transmision-del-covid-19\/#primaryimage"},"thumbnailUrl":"https:\/\/explora.cl\/rmnorte\/wp-content\/uploads\/sites\/11\/2020\/06\/street-2805643_1280.jpg","articleSection":["Lugar 4","Noticias"],"inLanguage":"es-CL","potentialAction":[{"@type":"CommentAction","name":"Comment","target":["https:\/\/explora.cl\/rmnorte\/sitios-cerrados-y-poca-ventilacion-son-factores-claves-para-la-transmision-del-covid-19\/#respond"]}]},{"@type":"WebPage","@id":"https:\/\/explora.cl\/rmnorte\/sitios-cerrados-y-poca-ventilacion-son-factores-claves-para-la-transmision-del-covid-19\/","url":"https:\/\/explora.cl\/rmnorte\/sitios-cerrados-y-poca-ventilacion-son-factores-claves-para-la-transmision-del-covid-19\/","name":"Sitios cerrados y poca ventilaci\u00f3n son factores claves para la transmisi\u00f3n del COVID-19 - RM Norte","isPartOf":{"@id":"https:\/\/explora.cl\/rmnorte\/#website"},"primaryImageOfPage":{"@id":"https:\/\/explora.cl\/rmnorte\/sitios-cerrados-y-poca-ventilacion-son-factores-claves-para-la-transmision-del-covid-19\/#primaryimage"},"image":{"@id":"https:\/\/explora.cl\/rmnorte\/sitios-cerrados-y-poca-ventilacion-son-factores-claves-para-la-transmision-del-covid-19\/#primaryimage"},"thumbnailUrl":"https:\/\/explora.cl\/rmnorte\/wp-content\/uploads\/sites\/11\/2020\/06\/street-2805643_1280.jpg","datePublished":"2020-06-17T14:34:27+00:00","author":{"@id":"https:\/\/explora.cl\/rmnorte\/#\/schema\/person\/4ad985b29a183eab4170892260e133a5"},"breadcrumb":{"@id":"https:\/\/explora.cl\/rmnorte\/sitios-cerrados-y-poca-ventilacion-son-factores-claves-para-la-transmision-del-covid-19\/#breadcrumb"},"inLanguage":"es-CL","potentialAction":[{"@type":"ReadAction","target":["https:\/\/explora.cl\/rmnorte\/sitios-cerrados-y-poca-ventilacion-son-factores-claves-para-la-transmision-del-covid-19\/"]}]},{"@type":"ImageObject","inLanguage":"es-CL","@id":"https:\/\/explora.cl\/rmnorte\/sitios-cerrados-y-poca-ventilacion-son-factores-claves-para-la-transmision-del-covid-19\/#primaryimage","url":"https:\/\/explora.cl\/rmnorte\/wp-content\/uploads\/sites\/11\/2020\/06\/street-2805643_1280.jpg","contentUrl":"https:\/\/explora.cl\/rmnorte\/wp-content\/uploads\/sites\/11\/2020\/06\/street-2805643_1280.jpg","width":1280,"height":853},{"@type":"BreadcrumbList","@id":"https:\/\/explora.cl\/rmnorte\/sitios-cerrados-y-poca-ventilacion-son-factores-claves-para-la-transmision-del-covid-19\/#breadcrumb","itemListElement":[{"@type":"ListItem","position":1,"name":"Portada","item":"https:\/\/explora.cl\/rmnorte\/"},{"@type":"ListItem","position":2,"name":"Sitios cerrados y poca ventilaci\u00f3n son factores claves para la transmisi\u00f3n del COVID-19"}]},{"@type":"WebSite","@id":"https:\/\/explora.cl\/rmnorte\/#website","url":"https:\/\/explora.cl\/rmnorte\/","name":"RM Norte","description":"RM Norte explora.cl","potentialAction":[{"@type":"SearchAction","target":{"@type":"EntryPoint","urlTemplate":"https:\/\/explora.cl\/rmnorte\/?s={search_term_string}"},"query-input":{"@type":"PropertyValueSpecification","valueRequired":true,"valueName":"search_term_string"}}],"inLanguage":"es-CL"},{"@type":"Person","@id":"https:\/\/explora.cl\/rmnorte\/#\/schema\/person\/4ad985b29a183eab4170892260e133a5","name":"dgarcia","image":{"@type":"ImageObject","inLanguage":"es-CL","@id":"https:\/\/explora.cl\/rmnorte\/#\/schema\/person\/image\/","url":"https:\/\/secure.gravatar.com\/avatar\/06e2fd9f68a0c19cd669ddc183de83489acab601aa57958e0f60175e5013e6b7?s=96&d=mm&r=g","contentUrl":"https:\/\/secure.gravatar.com\/avatar\/06e2fd9f68a0c19cd669ddc183de83489acab601aa57958e0f60175e5013e6b7?s=96&d=mm&r=g","caption":"dgarcia"},"url":"https:\/\/explora.cl\/rmnorte\/author\/dgarcia\/"}]}},"_links":{"self":[{"href":"https:\/\/explora.cl\/rmnorte\/wp-json\/wp\/v2\/posts\/39682","targetHints":{"allow":["GET"]}}],"collection":[{"href":"https:\/\/explora.cl\/rmnorte\/wp-json\/wp\/v2\/posts"}],"about":[{"href":"https:\/\/explora.cl\/rmnorte\/wp-json\/wp\/v2\/types\/post"}],"author":[{"embeddable":true,"href":"https:\/\/explora.cl\/rmnorte\/wp-json\/wp\/v2\/users\/26"}],"replies":[{"embeddable":true,"href":"https:\/\/explora.cl\/rmnorte\/wp-json\/wp\/v2\/comments?post=39682"}],"version-history":[{"count":1,"href":"https:\/\/explora.cl\/rmnorte\/wp-json\/wp\/v2\/posts\/39682\/revisions"}],"predecessor-version":[{"id":39686,"href":"https:\/\/explora.cl\/rmnorte\/wp-json\/wp\/v2\/posts\/39682\/revisions\/39686"}],"wp:featuredmedia":[{"embeddable":true,"href":"https:\/\/explora.cl\/rmnorte\/wp-json\/wp\/v2\/media\/39683"}],"wp:attachment":[{"href":"https:\/\/explora.cl\/rmnorte\/wp-json\/wp\/v2\/media?parent=39682"}],"wp:term":[{"taxonomy":"category","embeddable":true,"href":"https:\/\/explora.cl\/rmnorte\/wp-json\/wp\/v2\/categories?post=39682"},{"taxonomy":"post_tag","embeddable":true,"href":"https:\/\/explora.cl\/rmnorte\/wp-json\/wp\/v2\/tags?post=39682"}],"curies":[{"name":"wp","href":"https:\/\/api.w.org\/{rel}","templated":true}]}}