{"id":39561,"date":"2020-05-05T11:52:06","date_gmt":"2020-05-05T15:52:06","guid":{"rendered":"https:\/\/explora.cl\/rmnorte\/?p=39561"},"modified":"2020-05-13T18:43:46","modified_gmt":"2020-05-13T22:43:46","slug":"laboratorios-de-u-chile-tienen-un-plan-b-si-se-supera-la-capacitad-de-diagnostico","status":"publish","type":"post","link":"https:\/\/explora.cl\/rmnorte\/laboratorios-de-u-chile-tienen-un-plan-b-si-se-supera-la-capacitad-de-diagnostico\/","title":{"rendered":"Laboratorios de U.Chile tienen un plan B si se supera la capacitad de diagnostico"},"content":{"rendered":"<p style=\"text-align: left\"><strong>Debido a la alta demanda y poca oferta de estos kits, los cient\u00edficos del Programa de Virolog\u00eda del Instituto de Ciencias Biom\u00e9dicas, se plantearon un \u201cplan b\u201d para mejorar la capacidad diagn\u00f3stica, omitiendo la extracci\u00f3n de ARN \u201cEsto disminuir\u00e1 en el futuro, los tiempos del diagn\u00f3stico a la mitad\u201d, inform\u00f3 el Bioqu\u00edmico y acad\u00e9mico de la Universidad de Chile Gonzalo Barriga. <\/strong><\/p>\n<p>A finales de marzo el Ministerio de Ciencia, Tecnolog\u00eda, Conocimiento e Innovaci\u00f3n ampli\u00f3 la red de laboratorios que realizan las pruebas\u00a0para detectar la presencia o no del\u00a0Covid-19\u00a0en las personas, incluyendo entre los centros de investigaci\u00f3n y red universitaria a cuatros laboratorios del Programa de Virolog\u00eda del Instituto de Ciencias Biom\u00e9dicas (ICBM) de la Facultad de Medicina de la Universidad de Chile.<\/p>\n<p>Los laboratorios trabajan en dos \u00e1reas principales, una enfocada en el diagn\u00f3stica liderada por el Doctor Aldo Gaggero y Fernando Valiente, Bioqu\u00edmico y Doctor Microbiolog\u00eda y dos el \u00e1rea de investigaci\u00f3n y desarrollo, dirigida por el cient\u00edfico Ricardo Soto y acad\u00e9mico de la Universidad de Chile Gonzalo Barriga, quienes a su vez reciben el apoyo de m\u00e1s de 10 profesionales de la UChile.<\/p>\n<p>En un <a href=\"https:\/\/www.biorxiv.org\/content\/10.1101\/2020.03.28.013508v1.full\">estudio<\/a> publicado por los acad\u00e9micos, explicaron que actualmente existen varios protocolos aprobados por la Organizaci\u00f3n Mundial de Salud para detectar el SARS-CoV-2, sin embargo, uno de los pasos limitantes es la extracci\u00f3n de ARN (\u00e1cido nucleico que se encarga de trasladar la informaci\u00f3n gen\u00e9tica del ADN) de muestras cl\u00ednicas y que actualmente se realiza mediante el uso de una cantidad limitada de kits de extracci\u00f3n aprobados por las entidades gubernamentales.<\/p>\n<p>Debido a la alta demanda y poca oferta de estos kits, los cient\u00edficos se plantearon un \u201cplan b\u201d para <strong>mejorar la capacidad diagn\u00f3stica<\/strong>, omitiendo la extracci\u00f3n de ARN \u201cEsto disminuir\u00e1 en el futuro, los tiempos del diagn\u00f3stico a la mitad\u201d, inform\u00f3 el Bioqu\u00edmico Gonzalo Barriga.<\/p>\n<p><strong>Prepar\u00e1ndonos para el invierno<\/strong><\/p>\n<p>Con el inicio de las temperaturas fr\u00edas, en muchas partes del mundo, se produce<a href=\"https:\/\/www.eldiario.es\/consumoclaro\/cuidarse\/gripe-catarro-resfriado-antibioticos-antiglipales-remedios_0_571493747.html\">\u00a0un aumento significativo de las enfermedades respiratorias<\/a>, situaci\u00f3n que se agrava por la actual crisis sanitaria, \u201cdonde no podremos saber cu\u00e1ndo una persona estar\u00e1 infectada con m\u00e1s de virus y tampoco conoceremos cu\u00e1les son las interacciones que las personas pueden tener\u201d coment\u00f3 Fernando Valiente, coordinador de la iniciativa.<\/p>\n<p>Ante esta situaci\u00f3n, el equipo del Programa de Virolog\u00eda se encuentra trabajando en fase de desarrollo, en un diagn\u00f3stico de PCR m\u00faltiple que detecte en la misma muestra el virus SARS-CoV-2, influenza y el virus sincial (virus similar a los del resfriado).<\/p>\n","protected":false},"excerpt":{"rendered":"<p>Debido a la alta demanda y poca oferta de estos kits, los cient\u00edficos del Programa de Virolog\u00eda del Instituto de Ciencias Biom\u00e9dicas, se plantearon un \u201cplan b\u201d para mejorar la capacidad diagn\u00f3stica, omitiendo la extracci\u00f3n de ARN \u201cEsto disminuir\u00e1 en el futuro, los tiempos del diagn\u00f3stico a la mitad\u201d, inform\u00f3 el Bioqu\u00edmico y acad\u00e9mico de la Universidad de Chile Gonzalo Barriga.<\/p>\n","protected":false},"author":26,"featured_media":39563,"comment_status":"open","ping_status":"open","sticky":false,"template":"","format":"standard","meta":{"_acf_changed":false,"_exactmetrics_skip_tracking":false,"_exactmetrics_sitenote_active":false,"_exactmetrics_sitenote_note":"","_exactmetrics_sitenote_category":0,"footnotes":"","_links_to":"","_links_to_target":""},"categories":[141,4],"tags":[],"class_list":["post-39561","post","type-post","status-publish","format-standard","has-post-thumbnail","hentry","category-lugar-6","category-noticias"],"acf":[],"yoast_head":"<!-- This site is optimized with the Yoast SEO plugin v26.9 - https:\/\/yoast.com\/product\/yoast-seo-wordpress\/ -->\n<title>Laboratorios de U.Chile tienen un plan B si se supera la capacitad de diagnostico - RM Norte<\/title>\n<meta name=\"robots\" content=\"index, follow, max-snippet:-1, max-image-preview:large, max-video-preview:-1\" \/>\n<link rel=\"canonical\" href=\"https:\/\/explora.cl\/rmnorte\/laboratorios-de-u-chile-tienen-un-plan-b-si-se-supera-la-capacitad-de-diagnostico\/\" class=\"yoast-seo-meta-tag\" \/>\n<meta property=\"og:locale\" content=\"es_ES\" class=\"yoast-seo-meta-tag\" \/>\n<meta property=\"og:type\" content=\"article\" class=\"yoast-seo-meta-tag\" \/>\n<meta property=\"og:title\" content=\"Laboratorios de U.Chile tienen un plan B si se supera la capacitad de diagnostico - RM Norte\" class=\"yoast-seo-meta-tag\" \/>\n<meta property=\"og:description\" content=\"Debido a la alta demanda y poca oferta de estos kits, los cient\u00edficos del Programa de Virolog\u00eda del Instituto de Ciencias Biom\u00e9dicas, se plantearon un \u201cplan b\u201d para mejorar la capacidad diagn\u00f3stica, omitiendo la extracci\u00f3n de ARN \u201cEsto disminuir\u00e1 en el futuro, los tiempos del diagn\u00f3stico a la mitad\u201d, inform\u00f3 el Bioqu\u00edmico y acad\u00e9mico de la Universidad de Chile Gonzalo Barriga.\" class=\"yoast-seo-meta-tag\" \/>\n<meta property=\"og:url\" content=\"https:\/\/explora.cl\/rmnorte\/laboratorios-de-u-chile-tienen-un-plan-b-si-se-supera-la-capacitad-de-diagnostico\/\" class=\"yoast-seo-meta-tag\" \/>\n<meta property=\"og:site_name\" content=\"RM Norte\" class=\"yoast-seo-meta-tag\" \/>\n<meta property=\"article:published_time\" content=\"2020-05-05T15:52:06+00:00\" class=\"yoast-seo-meta-tag\" \/>\n<meta property=\"article:modified_time\" content=\"2020-05-13T22:43:46+00:00\" class=\"yoast-seo-meta-tag\" \/>\n<meta property=\"og:image\" content=\"https:\/\/explora.cl\/rmnorte\/wp-content\/uploads\/sites\/11\/2020\/05\/pexels-photo-954583.jpeg\" class=\"yoast-seo-meta-tag\" \/>\n\t<meta property=\"og:image:width\" content=\"1000\" class=\"yoast-seo-meta-tag\" \/>\n\t<meta property=\"og:image:height\" content=\"667\" class=\"yoast-seo-meta-tag\" \/>\n\t<meta property=\"og:image:type\" content=\"image\/jpeg\" class=\"yoast-seo-meta-tag\" \/>\n<meta name=\"author\" content=\"dgarcia\" class=\"yoast-seo-meta-tag\" \/>\n<meta name=\"twitter:card\" content=\"summary_large_image\" class=\"yoast-seo-meta-tag\" \/>\n<meta name=\"twitter:label1\" content=\"Escrito por\" class=\"yoast-seo-meta-tag\" \/>\n\t<meta name=\"twitter:data1\" content=\"dgarcia\" class=\"yoast-seo-meta-tag\" \/>\n\t<meta name=\"twitter:label2\" content=\"Tiempo estimado de lectura\" class=\"yoast-seo-meta-tag\" \/>\n\t<meta name=\"twitter:data2\" content=\"2 minutos\" class=\"yoast-seo-meta-tag\" \/>\n<script type=\"application\/ld+json\" class=\"yoast-schema-graph\">{\"@context\":\"https:\/\/schema.org\",\"@graph\":[{\"@type\":\"Article\",\"@id\":\"https:\/\/explora.cl\/rmnorte\/laboratorios-de-u-chile-tienen-un-plan-b-si-se-supera-la-capacitad-de-diagnostico\/#article\",\"isPartOf\":{\"@id\":\"https:\/\/explora.cl\/rmnorte\/laboratorios-de-u-chile-tienen-un-plan-b-si-se-supera-la-capacitad-de-diagnostico\/\"},\"author\":{\"name\":\"dgarcia\",\"@id\":\"https:\/\/explora.cl\/rmnorte\/#\/schema\/person\/4ad985b29a183eab4170892260e133a5\"},\"headline\":\"Laboratorios de U.Chile tienen un plan B si se supera la capacitad de diagnostico\",\"datePublished\":\"2020-05-05T15:52:06+00:00\",\"dateModified\":\"2020-05-13T22:43:46+00:00\",\"mainEntityOfPage\":{\"@id\":\"https:\/\/explora.cl\/rmnorte\/laboratorios-de-u-chile-tienen-un-plan-b-si-se-supera-la-capacitad-de-diagnostico\/\"},\"wordCount\":469,\"commentCount\":0,\"image\":{\"@id\":\"https:\/\/explora.cl\/rmnorte\/laboratorios-de-u-chile-tienen-un-plan-b-si-se-supera-la-capacitad-de-diagnostico\/#primaryimage\"},\"thumbnailUrl\":\"https:\/\/explora.cl\/rmnorte\/wp-content\/uploads\/sites\/11\/2020\/05\/pexels-photo-954583.jpeg\",\"articleSection\":[\"Lugar 6\",\"Noticias\"],\"inLanguage\":\"es-CL\",\"potentialAction\":[{\"@type\":\"CommentAction\",\"name\":\"Comment\",\"target\":[\"https:\/\/explora.cl\/rmnorte\/laboratorios-de-u-chile-tienen-un-plan-b-si-se-supera-la-capacitad-de-diagnostico\/#respond\"]}]},{\"@type\":\"WebPage\",\"@id\":\"https:\/\/explora.cl\/rmnorte\/laboratorios-de-u-chile-tienen-un-plan-b-si-se-supera-la-capacitad-de-diagnostico\/\",\"url\":\"https:\/\/explora.cl\/rmnorte\/laboratorios-de-u-chile-tienen-un-plan-b-si-se-supera-la-capacitad-de-diagnostico\/\",\"name\":\"Laboratorios de U.Chile tienen un plan B si se supera la capacitad de diagnostico - RM Norte\",\"isPartOf\":{\"@id\":\"https:\/\/explora.cl\/rmnorte\/#website\"},\"primaryImageOfPage\":{\"@id\":\"https:\/\/explora.cl\/rmnorte\/laboratorios-de-u-chile-tienen-un-plan-b-si-se-supera-la-capacitad-de-diagnostico\/#primaryimage\"},\"image\":{\"@id\":\"https:\/\/explora.cl\/rmnorte\/laboratorios-de-u-chile-tienen-un-plan-b-si-se-supera-la-capacitad-de-diagnostico\/#primaryimage\"},\"thumbnailUrl\":\"https:\/\/explora.cl\/rmnorte\/wp-content\/uploads\/sites\/11\/2020\/05\/pexels-photo-954583.jpeg\",\"datePublished\":\"2020-05-05T15:52:06+00:00\",\"dateModified\":\"2020-05-13T22:43:46+00:00\",\"author\":{\"@id\":\"https:\/\/explora.cl\/rmnorte\/#\/schema\/person\/4ad985b29a183eab4170892260e133a5\"},\"breadcrumb\":{\"@id\":\"https:\/\/explora.cl\/rmnorte\/laboratorios-de-u-chile-tienen-un-plan-b-si-se-supera-la-capacitad-de-diagnostico\/#breadcrumb\"},\"inLanguage\":\"es-CL\",\"potentialAction\":[{\"@type\":\"ReadAction\",\"target\":[\"https:\/\/explora.cl\/rmnorte\/laboratorios-de-u-chile-tienen-un-plan-b-si-se-supera-la-capacitad-de-diagnostico\/\"]}]},{\"@type\":\"ImageObject\",\"inLanguage\":\"es-CL\",\"@id\":\"https:\/\/explora.cl\/rmnorte\/laboratorios-de-u-chile-tienen-un-plan-b-si-se-supera-la-capacitad-de-diagnostico\/#primaryimage\",\"url\":\"https:\/\/explora.cl\/rmnorte\/wp-content\/uploads\/sites\/11\/2020\/05\/pexels-photo-954583.jpeg\",\"contentUrl\":\"https:\/\/explora.cl\/rmnorte\/wp-content\/uploads\/sites\/11\/2020\/05\/pexels-photo-954583.jpeg\",\"width\":1000,\"height\":667},{\"@type\":\"BreadcrumbList\",\"@id\":\"https:\/\/explora.cl\/rmnorte\/laboratorios-de-u-chile-tienen-un-plan-b-si-se-supera-la-capacitad-de-diagnostico\/#breadcrumb\",\"itemListElement\":[{\"@type\":\"ListItem\",\"position\":1,\"name\":\"Portada\",\"item\":\"https:\/\/explora.cl\/rmnorte\/\"},{\"@type\":\"ListItem\",\"position\":2,\"name\":\"Laboratorios de U.Chile tienen un plan B si se supera la capacitad de diagnostico\"}]},{\"@type\":\"WebSite\",\"@id\":\"https:\/\/explora.cl\/rmnorte\/#website\",\"url\":\"https:\/\/explora.cl\/rmnorte\/\",\"name\":\"RM Norte\",\"description\":\"RM Norte explora.cl\",\"potentialAction\":[{\"@type\":\"SearchAction\",\"target\":{\"@type\":\"EntryPoint\",\"urlTemplate\":\"https:\/\/explora.cl\/rmnorte\/?s={search_term_string}\"},\"query-input\":{\"@type\":\"PropertyValueSpecification\",\"valueRequired\":true,\"valueName\":\"search_term_string\"}}],\"inLanguage\":\"es-CL\"},{\"@type\":\"Person\",\"@id\":\"https:\/\/explora.cl\/rmnorte\/#\/schema\/person\/4ad985b29a183eab4170892260e133a5\",\"name\":\"dgarcia\",\"image\":{\"@type\":\"ImageObject\",\"inLanguage\":\"es-CL\",\"@id\":\"https:\/\/explora.cl\/rmnorte\/#\/schema\/person\/image\/\",\"url\":\"https:\/\/secure.gravatar.com\/avatar\/06e2fd9f68a0c19cd669ddc183de83489acab601aa57958e0f60175e5013e6b7?s=96&d=mm&r=g\",\"contentUrl\":\"https:\/\/secure.gravatar.com\/avatar\/06e2fd9f68a0c19cd669ddc183de83489acab601aa57958e0f60175e5013e6b7?s=96&d=mm&r=g\",\"caption\":\"dgarcia\"},\"url\":\"https:\/\/explora.cl\/rmnorte\/author\/dgarcia\/\"}]}<\/script>\n<!-- \/ Yoast SEO plugin. -->","yoast_head_json":{"title":"Laboratorios de U.Chile tienen un plan B si se supera la capacitad de diagnostico - RM Norte","robots":{"index":"index","follow":"follow","max-snippet":"max-snippet:-1","max-image-preview":"max-image-preview:large","max-video-preview":"max-video-preview:-1"},"canonical":"https:\/\/explora.cl\/rmnorte\/laboratorios-de-u-chile-tienen-un-plan-b-si-se-supera-la-capacitad-de-diagnostico\/","og_locale":"es_ES","og_type":"article","og_title":"Laboratorios de U.Chile tienen un plan B si se supera la capacitad de diagnostico - RM Norte","og_description":"Debido a la alta demanda y poca oferta de estos kits, los cient\u00edficos del Programa de Virolog\u00eda del Instituto de Ciencias Biom\u00e9dicas, se plantearon un \u201cplan b\u201d para mejorar la capacidad diagn\u00f3stica, omitiendo la extracci\u00f3n de ARN \u201cEsto disminuir\u00e1 en el futuro, los tiempos del diagn\u00f3stico a la mitad\u201d, inform\u00f3 el Bioqu\u00edmico y acad\u00e9mico de la Universidad de Chile Gonzalo Barriga.","og_url":"https:\/\/explora.cl\/rmnorte\/laboratorios-de-u-chile-tienen-un-plan-b-si-se-supera-la-capacitad-de-diagnostico\/","og_site_name":"RM Norte","article_published_time":"2020-05-05T15:52:06+00:00","article_modified_time":"2020-05-13T22:43:46+00:00","og_image":[{"width":1000,"height":667,"url":"https:\/\/explora.cl\/rmnorte\/wp-content\/uploads\/sites\/11\/2020\/05\/pexels-photo-954583.jpeg","type":"image\/jpeg"}],"author":"dgarcia","twitter_card":"summary_large_image","twitter_misc":{"Escrito por":"dgarcia","Tiempo estimado de lectura":"2 minutos"},"schema":{"@context":"https:\/\/schema.org","@graph":[{"@type":"Article","@id":"https:\/\/explora.cl\/rmnorte\/laboratorios-de-u-chile-tienen-un-plan-b-si-se-supera-la-capacitad-de-diagnostico\/#article","isPartOf":{"@id":"https:\/\/explora.cl\/rmnorte\/laboratorios-de-u-chile-tienen-un-plan-b-si-se-supera-la-capacitad-de-diagnostico\/"},"author":{"name":"dgarcia","@id":"https:\/\/explora.cl\/rmnorte\/#\/schema\/person\/4ad985b29a183eab4170892260e133a5"},"headline":"Laboratorios de U.Chile tienen un plan B si se supera la capacitad de diagnostico","datePublished":"2020-05-05T15:52:06+00:00","dateModified":"2020-05-13T22:43:46+00:00","mainEntityOfPage":{"@id":"https:\/\/explora.cl\/rmnorte\/laboratorios-de-u-chile-tienen-un-plan-b-si-se-supera-la-capacitad-de-diagnostico\/"},"wordCount":469,"commentCount":0,"image":{"@id":"https:\/\/explora.cl\/rmnorte\/laboratorios-de-u-chile-tienen-un-plan-b-si-se-supera-la-capacitad-de-diagnostico\/#primaryimage"},"thumbnailUrl":"https:\/\/explora.cl\/rmnorte\/wp-content\/uploads\/sites\/11\/2020\/05\/pexels-photo-954583.jpeg","articleSection":["Lugar 6","Noticias"],"inLanguage":"es-CL","potentialAction":[{"@type":"CommentAction","name":"Comment","target":["https:\/\/explora.cl\/rmnorte\/laboratorios-de-u-chile-tienen-un-plan-b-si-se-supera-la-capacitad-de-diagnostico\/#respond"]}]},{"@type":"WebPage","@id":"https:\/\/explora.cl\/rmnorte\/laboratorios-de-u-chile-tienen-un-plan-b-si-se-supera-la-capacitad-de-diagnostico\/","url":"https:\/\/explora.cl\/rmnorte\/laboratorios-de-u-chile-tienen-un-plan-b-si-se-supera-la-capacitad-de-diagnostico\/","name":"Laboratorios de U.Chile tienen un plan B si se supera la capacitad de diagnostico - RM Norte","isPartOf":{"@id":"https:\/\/explora.cl\/rmnorte\/#website"},"primaryImageOfPage":{"@id":"https:\/\/explora.cl\/rmnorte\/laboratorios-de-u-chile-tienen-un-plan-b-si-se-supera-la-capacitad-de-diagnostico\/#primaryimage"},"image":{"@id":"https:\/\/explora.cl\/rmnorte\/laboratorios-de-u-chile-tienen-un-plan-b-si-se-supera-la-capacitad-de-diagnostico\/#primaryimage"},"thumbnailUrl":"https:\/\/explora.cl\/rmnorte\/wp-content\/uploads\/sites\/11\/2020\/05\/pexels-photo-954583.jpeg","datePublished":"2020-05-05T15:52:06+00:00","dateModified":"2020-05-13T22:43:46+00:00","author":{"@id":"https:\/\/explora.cl\/rmnorte\/#\/schema\/person\/4ad985b29a183eab4170892260e133a5"},"breadcrumb":{"@id":"https:\/\/explora.cl\/rmnorte\/laboratorios-de-u-chile-tienen-un-plan-b-si-se-supera-la-capacitad-de-diagnostico\/#breadcrumb"},"inLanguage":"es-CL","potentialAction":[{"@type":"ReadAction","target":["https:\/\/explora.cl\/rmnorte\/laboratorios-de-u-chile-tienen-un-plan-b-si-se-supera-la-capacitad-de-diagnostico\/"]}]},{"@type":"ImageObject","inLanguage":"es-CL","@id":"https:\/\/explora.cl\/rmnorte\/laboratorios-de-u-chile-tienen-un-plan-b-si-se-supera-la-capacitad-de-diagnostico\/#primaryimage","url":"https:\/\/explora.cl\/rmnorte\/wp-content\/uploads\/sites\/11\/2020\/05\/pexels-photo-954583.jpeg","contentUrl":"https:\/\/explora.cl\/rmnorte\/wp-content\/uploads\/sites\/11\/2020\/05\/pexels-photo-954583.jpeg","width":1000,"height":667},{"@type":"BreadcrumbList","@id":"https:\/\/explora.cl\/rmnorte\/laboratorios-de-u-chile-tienen-un-plan-b-si-se-supera-la-capacitad-de-diagnostico\/#breadcrumb","itemListElement":[{"@type":"ListItem","position":1,"name":"Portada","item":"https:\/\/explora.cl\/rmnorte\/"},{"@type":"ListItem","position":2,"name":"Laboratorios de U.Chile tienen un plan B si se supera la capacitad de diagnostico"}]},{"@type":"WebSite","@id":"https:\/\/explora.cl\/rmnorte\/#website","url":"https:\/\/explora.cl\/rmnorte\/","name":"RM Norte","description":"RM Norte explora.cl","potentialAction":[{"@type":"SearchAction","target":{"@type":"EntryPoint","urlTemplate":"https:\/\/explora.cl\/rmnorte\/?s={search_term_string}"},"query-input":{"@type":"PropertyValueSpecification","valueRequired":true,"valueName":"search_term_string"}}],"inLanguage":"es-CL"},{"@type":"Person","@id":"https:\/\/explora.cl\/rmnorte\/#\/schema\/person\/4ad985b29a183eab4170892260e133a5","name":"dgarcia","image":{"@type":"ImageObject","inLanguage":"es-CL","@id":"https:\/\/explora.cl\/rmnorte\/#\/schema\/person\/image\/","url":"https:\/\/secure.gravatar.com\/avatar\/06e2fd9f68a0c19cd669ddc183de83489acab601aa57958e0f60175e5013e6b7?s=96&d=mm&r=g","contentUrl":"https:\/\/secure.gravatar.com\/avatar\/06e2fd9f68a0c19cd669ddc183de83489acab601aa57958e0f60175e5013e6b7?s=96&d=mm&r=g","caption":"dgarcia"},"url":"https:\/\/explora.cl\/rmnorte\/author\/dgarcia\/"}]}},"_links":{"self":[{"href":"https:\/\/explora.cl\/rmnorte\/wp-json\/wp\/v2\/posts\/39561","targetHints":{"allow":["GET"]}}],"collection":[{"href":"https:\/\/explora.cl\/rmnorte\/wp-json\/wp\/v2\/posts"}],"about":[{"href":"https:\/\/explora.cl\/rmnorte\/wp-json\/wp\/v2\/types\/post"}],"author":[{"embeddable":true,"href":"https:\/\/explora.cl\/rmnorte\/wp-json\/wp\/v2\/users\/26"}],"replies":[{"embeddable":true,"href":"https:\/\/explora.cl\/rmnorte\/wp-json\/wp\/v2\/comments?post=39561"}],"version-history":[{"count":2,"href":"https:\/\/explora.cl\/rmnorte\/wp-json\/wp\/v2\/posts\/39561\/revisions"}],"predecessor-version":[{"id":39570,"href":"https:\/\/explora.cl\/rmnorte\/wp-json\/wp\/v2\/posts\/39561\/revisions\/39570"}],"wp:featuredmedia":[{"embeddable":true,"href":"https:\/\/explora.cl\/rmnorte\/wp-json\/wp\/v2\/media\/39563"}],"wp:attachment":[{"href":"https:\/\/explora.cl\/rmnorte\/wp-json\/wp\/v2\/media?parent=39561"}],"wp:term":[{"taxonomy":"category","embeddable":true,"href":"https:\/\/explora.cl\/rmnorte\/wp-json\/wp\/v2\/categories?post=39561"},{"taxonomy":"post_tag","embeddable":true,"href":"https:\/\/explora.cl\/rmnorte\/wp-json\/wp\/v2\/tags?post=39561"}],"curies":[{"name":"wp","href":"https:\/\/api.w.org\/{rel}","templated":true}]}}