{"id":39553,"date":"2020-04-22T15:54:43","date_gmt":"2020-04-22T19:54:43","guid":{"rendered":"https:\/\/explora.cl\/rmnorte\/?p=39553"},"modified":"2020-05-13T18:44:28","modified_gmt":"2020-05-13T22:44:28","slug":"desechos-plasticos-un-enemigo-mortal-para-la-vida-en-el-planeta-2","status":"publish","type":"post","link":"https:\/\/explora.cl\/rmnorte\/desechos-plasticos-un-enemigo-mortal-para-la-vida-en-el-planeta-2\/","title":{"rendered":"Desechos pl\u00e1sticos, un enemigo mortal para la vida en el planeta"},"content":{"rendered":"<h3>Desechos pl\u00e1sticos, un enemigo mortal para la vida en el planeta<\/h3>\n<p><img fetchpriority=\"high\" decoding=\"async\" class=\"wp-image-39555 aligncenter\" src=\"https:\/\/explora.cl\/rmnorte\/wp-content\/uploads\/sites\/11\/2020\/04\/botella_-e1587585037443.jpg\" alt=\"\" width=\"521\" height=\"306\" srcset=\"https:\/\/explora.cl\/rmnorte\/wp-content\/uploads\/sites\/11\/2020\/04\/botella_-e1587585037443.jpg 432w, https:\/\/explora.cl\/rmnorte\/wp-content\/uploads\/sites\/11\/2020\/04\/botella_-e1587585037443-300x176.jpg 300w\" sizes=\"(max-width: 521px) 100vw, 521px\" \/><\/p>\n<h3><strong>Los pl\u00e1sticos que desechamos terminan en el medio ambiente y en especial en los oc\u00e9anos, afectando la vida de especies marinas y la del ser humano, debido a que los desechos se fragmentan en peque\u00f1as part\u00edculas llamadas micropl\u00e1sticos que podr\u00edan penetrar lo tejidos de los animales y ser transferidos a trav\u00e9s de la cadena alimenticia al ser humano, ocasionando consecuencias en la salud de todo ser vivo en nuestro planeta.<\/strong><\/h3>\n<p>El pl\u00e1stico es un material resistente y econ\u00f3mico con la capacidad de ser moldeable, permitiendo su uso en la industria del transporte, textil, electr\u00f3nica, construcci\u00f3n y fabricaci\u00f3n de envases desechables.<\/p>\n<p>Desde los a\u00f1os 50 hasta la fecha la industria del pl\u00e1stico lidera la producci\u00f3n con respecto a otros materiales, generando alrededor de 300 millones de toneladas anualmente, donde el 36% de esta producci\u00f3n se usa para la fabricaci\u00f3n de envases pl\u00e1sticos desechables o de un solo uso. S\u00f3lo el 9% es reciclado y el resto termina en vertederos, basureros y en el medio ambiente en forma de bolsas, envases de alimentos, botellas, tapas, bombillas o sorbetes, colillas de cigarro, vasos y utensilios desechables, entre otros art\u00edculos.<\/p>\n<p>El pl\u00e1stico se fabrica a partir de compuestos llamados propiletileno, polipropileno y poliestireno, los cuales no son biodegradables o tardan cientos de a\u00f1os en hacerlo, ocasionando diversos problemas ambientales, tal es el caso que ocurre en los oc\u00e9anos donde se han encontrado desechos de pl\u00e1stico tanto en el aparato respiratorio como digestivo de tortugas y delfines quienes confunden estos desechos con alimentos.<\/p>\n<p>Una vez en el medio ambiente el pl\u00e1stico tambi\u00e9n sufre un proceso de fragmentaci\u00f3n, generando peque\u00f1as part\u00edculas que pueden ir desde unos pocos micr\u00f3metros a varios mil\u00edmetros, conocidas como micropl\u00e1sticos, las cuales han sido encontradas en oc\u00e9anos, r\u00edos, lagos, suelos y aire. Adem\u00e1s, estas part\u00edculas pueden atrapar y acumular contaminantes de otros or\u00edgenes presentes en el ambiente, transform\u00e1ndose en compuestos a\u00fan m\u00e1s t\u00f3xicos.<\/p>\n<p><strong>El problema de los micropl\u00e1sticos en la Ant\u00e1rtica<\/strong><\/p>\n<h3><strong>Cifras publicadas por el Instituto Ant\u00e1rtico Chileno (INACH), indican que alrededor de 5 billones de part\u00edculas de pl\u00e1stico flotan en los mares del continente blanco y son la principal causa de enredos, asfixia, estrangulaci\u00f3n o desnutrici\u00f3n en animales marinos. <\/strong><\/h3>\n<p>Cifras publicadas por el <a href=\"https:\/\/drive.google.com\/file\/d\/1zRDg8S1JG8iOpl4kjaM6rIYLkf2XfWJu\/view\">Instituto Ant\u00e1rtico Chileno (INACH<\/a>) indican que alrededor de 5 billones de part\u00edculas de pl\u00e1stico flotan en los mares del continente blanco y son la principal causa de enredos, asfixia, estrangulaci\u00f3n o desnutrici\u00f3n en animales marinos.<\/p>\n<p>Al respecto, el Doctor en Ciencias, Marcelo Gonz\u00e1lez, jefe del Departamento Cient\u00edfico del INACH, inform\u00f3 \u201cel aumento de las actividades econ\u00f3micas asociadas a la pesca, actividades log\u00edstico-cient\u00edfica, el turismo en la Ant\u00e1rtica, el incre\u00edble aumento de productos pl\u00e1sticos que se generan y son usados por pocos minutos, son elementos claves en la contaminaci\u00f3n por pl\u00e1sticos en estas zonas \u201cpr\u00edstinas\u201d (que permanece inalterada desde su origen). No se ha determinado el origen exacto de la contaminaci\u00f3n por pl\u00e1stico, es decir no tenemos certeza si la Pen\u00ednsula Ant\u00e1rtica recibe pl\u00e1sticos desde el continente sudamericano, sin embargo, un <a href=\"https:\/\/www.nature.com\/articles\/s41598-019-40311-4\">estudio reciente del 2019<\/a>, determin\u00f3 que a lo menos los pl\u00e1sticos en la Pen\u00ednsula Ant\u00e1rtica se originan en latitudes por sobre los 58\u00b0S, lo cual confirmar\u00eda que en su mayor\u00eda los desechos provienen desde el norte fuera del continente ant\u00e1rtico\u201d.<\/p>\n<figure id=\"attachment_39556\" aria-describedby=\"caption-attachment-39556\" style=\"width: 520px\" class=\"wp-caption aligncenter\"><img decoding=\"async\" class=\"wp-image-39556\" src=\"https:\/\/explora.cl\/rmnorte\/wp-content\/uploads\/sites\/11\/2020\/04\/marcelo.jpg\" alt=\"Marcelo Gonz\u00e1lez, jefe del departamento Cient\u00edfico del INACH\" width=\"520\" height=\"345\" srcset=\"https:\/\/explora.cl\/rmnorte\/wp-content\/uploads\/sites\/11\/2020\/04\/marcelo.jpg 800w, https:\/\/explora.cl\/rmnorte\/wp-content\/uploads\/sites\/11\/2020\/04\/marcelo-300x199.jpg 300w, https:\/\/explora.cl\/rmnorte\/wp-content\/uploads\/sites\/11\/2020\/04\/marcelo-768x510.jpg 768w\" sizes=\"(max-width: 520px) 100vw, 520px\" \/><figcaption id=\"caption-attachment-39556\" class=\"wp-caption-text\">Marcelo Gonz\u00e1lez, jefe del departamento Cient\u00edfico del INACH<\/figcaption><\/figure>\n<h3><strong>\u201cUn estudio reciente del 2019, determin\u00f3 que a lo menos los pl\u00e1sticos en la Pen\u00ednsula Ant\u00e1rtica se originan en latitudes por sobre los 58\u00b0S, lo cual confirmar\u00eda que en su mayor\u00eda los desechos provienen desde el norte fuera del continente ant\u00e1rtico\u201d, indic\u00f3 el jefe del Departamento Cient\u00edfico del INACH, Marcelo Gonz\u00e1lez.<\/strong><\/h3>\n<p>Por otra parte, un grupo de cient\u00edficos de la Universidad de Coimbra, Portugal, publicaron en la revista <em><a href=\"https:\/\/www.nature.com\/articles\/s41598-019-50621-2\">Nature Sience Report<\/a><\/em> \u00a0un estudio donde evaluaron la cantidad de micropl\u00e1sticos en el ping\u00fcino <em>Pygoscelis papua <\/em>en la Ant\u00e1rtica, ya que este al ser un predador de especies marinas de la zona les permite evaluar la transferencia de estas part\u00edculas que han sido ingeridas por ellos desde otras especies, a trav\u00e9s de la cadena alimenticia.<\/p>\n<p>En Chile, seg\u00fan nos cont\u00f3 el Dr. Gonz\u00e1lez, \u201clos trabajos realizados son m\u00e1s bien descriptivos respecto de la presencia de estos micropl\u00e1sticos en organismos marinos acu\u00e1ticos, principalmente, peces y moluscos. Nuestro grupo en colaboraci\u00f3n con colegas de Brasil e Italia, participamos en un estudio donde evaluamos el efecto de los nanopl\u00e1sticos (part\u00edculas m\u00e1s peque\u00f1as a\u00fan) en las c\u00e9lulas inmunes de una especie de erizo. Esto lo hicimos pensando en un escenario donde los micropl\u00e1sticos se degradan o fragmenta a nanopl\u00e1sticos y as\u00ed son incorporados a las c\u00e9lulas o tejidos de los organismos\u201d.<\/p>\n<figure id=\"attachment_39557\" aria-describedby=\"caption-attachment-39557\" style=\"width: 522px\" class=\"wp-caption aligncenter\"><img decoding=\"async\" class=\"wp-image-39557\" src=\"https:\/\/explora.cl\/rmnorte\/wp-content\/uploads\/sites\/11\/2020\/04\/medico_.jpg\" alt=\"Investigaci\u00f3n sobre micropl\u00e1sticos en moluscos, realizadas en los laboratorios de la base &quot;Escudero&quot; del INACH\" width=\"522\" height=\"349\" srcset=\"https:\/\/explora.cl\/rmnorte\/wp-content\/uploads\/sites\/11\/2020\/04\/medico_.jpg 784w, https:\/\/explora.cl\/rmnorte\/wp-content\/uploads\/sites\/11\/2020\/04\/medico_-300x201.jpg 300w, https:\/\/explora.cl\/rmnorte\/wp-content\/uploads\/sites\/11\/2020\/04\/medico_-768x513.jpg 768w\" sizes=\"(max-width: 522px) 100vw, 522px\" \/><figcaption id=\"caption-attachment-39557\" class=\"wp-caption-text\">Investigaci\u00f3n sobre micropl\u00e1sticos en moluscos, realizadas en los laboratorios de la base &#8220;Escudero&#8221; del INACH<\/figcaption><\/figure>\n<p>Las part\u00edculas peque\u00f1as de pl\u00e1stico son muy dif\u00edciles de detectar y eliminar, \u201cen la Ant\u00e1rtica no existe una tecnolog\u00eda espec\u00edfica para eliminar micropl\u00e1sticos del ambiente, pero en la pr\u00f3xima campa\u00f1a de Ant\u00e1rtica esperamos evaluar el aporte de las fibras de nuestras lavadoras, ya que este es una de las principales fuentes de ingreso de micropl\u00e1sticos al borde costero, indistintamente que exista una planta de tratamiento\u201d. concluy\u00f3 el Dr. Gonz\u00e1lez.<\/p>\n<p><strong>Micropl\u00e1sticos como una amenaza para la salud del ser humano<\/strong><\/p>\n<p>Hasta la fecha no existen estudios del impacto de los micro o nanopl\u00e1sticos sobre la salud humana, sin embargo, el ser humano es el \u00faltimo eslab\u00f3n de la cadena alimenticia que podr\u00eda recibir estos micropl\u00e1sticos. Los de menor di\u00e1metro pueden penetrar en los tejidos y ocasionar da\u00f1os. Estos efectos, en teor\u00eda dependen no solo del tama\u00f1o sino tambi\u00e9n del tipo de material, de la forma, sustancias t\u00f3xicas que se encuentren ya sea por el proceso de fabricaci\u00f3n o las que atrapen del ambiente y la cantidad que sea ingerida.<\/p>\n<p>De hecho, un estudio realizado en Chile por la Universidad San Sebasti\u00e1n, publicado el a\u00f1o pasado en <em><a href=\"https:\/\/www.sciencedirect.com\/science\/article\/abs\/pii\/S0025326X19300359?via%3Dihub\">Marine Pollution Bulletin,<\/a><\/em> evalu\u00f3 los niveles de micropl\u00e1sticos en especies de peces importantes a nivel comercial en la regi\u00f3n del Biob\u00edo, encontrando presencia de estas micropart\u00edclas en el sistema digestivo de estos animales. Adem\u00e1s, un estudio realizado en la Universidad de Victoria, Canad\u00e1, y publicados en la revista <em><a href=\"https:\/\/pubs.acs.org\/doi\/10.1021\/acs.est.9b01517\">Enviromental Science and Technology<\/a><\/em> estim\u00f3 que la ingesta anual en personas fue desde unos 39 mil a las 52 mil part\u00edculas de pl\u00e1stico al a\u00f1o y si se le suman las part\u00edculas inhaladas desde el ambiente, estas pod\u00edan subir entre 74 mil y 121 mil part\u00edculas.<\/p>\n<p>A\u00fan queda pendiente la tarea de investigar el impacto de micropl\u00e1sticos en la salud humana, sin embargo, una aproximaci\u00f3n de lo que podr\u00eda suceder se observ\u00f3 en un estudio realizado por cient\u00edficos de <em>Nanjing University,<\/em> China -publicado en Nature Scientic Report<em>&#8211;<\/em> en ratones donde vieron que tras la ingesti\u00f3n de micropl\u00e1stico, estas part\u00edculas se acumulaban principalmente en el h\u00edgado, ri\u00f1\u00f3n e intestino generando alteraciones metab\u00f3licas y efectos neurot\u00f3xicos, entre otros<strong>.<\/strong><\/p>\n","protected":false},"excerpt":{"rendered":"<p>Desechos pl\u00e1sticos, un enemigo mortal para la vida en el planeta Los pl\u00e1sticos que desechamos terminan en el medio ambiente y en especial en los oc\u00e9anos, afectando la vida de especies marinas y la del ser humano, debido a que los desechos se fragmentan en peque\u00f1as part\u00edculas llamadas micropl\u00e1sticos que podr\u00edan penetrar lo tejidos de [&hellip;]<\/p>\n","protected":false},"author":26,"featured_media":39555,"comment_status":"open","ping_status":"open","sticky":false,"template":"","format":"standard","meta":{"_acf_changed":false,"_exactmetrics_skip_tracking":false,"_exactmetrics_sitenote_active":false,"_exactmetrics_sitenote_note":"","_exactmetrics_sitenote_category":0,"footnotes":"","_links_to":"","_links_to_target":""},"categories":[142,4],"tags":[],"class_list":["post-39553","post","type-post","status-publish","format-standard","has-post-thumbnail","hentry","category-lugar-7","category-noticias"],"acf":[],"yoast_head":"<!-- This site is optimized with the Yoast SEO plugin v26.9 - https:\/\/yoast.com\/product\/yoast-seo-wordpress\/ -->\n<title>Desechos pl\u00e1sticos, un enemigo mortal para la vida en el planeta - RM Norte<\/title>\n<meta name=\"robots\" content=\"index, follow, max-snippet:-1, max-image-preview:large, max-video-preview:-1\" \/>\n<link rel=\"canonical\" href=\"https:\/\/explora.cl\/rmnorte\/desechos-plasticos-un-enemigo-mortal-para-la-vida-en-el-planeta-2\/\" class=\"yoast-seo-meta-tag\" \/>\n<meta property=\"og:locale\" content=\"es_ES\" class=\"yoast-seo-meta-tag\" \/>\n<meta property=\"og:type\" content=\"article\" class=\"yoast-seo-meta-tag\" \/>\n<meta property=\"og:title\" content=\"Desechos pl\u00e1sticos, un enemigo mortal para la vida en el planeta - RM Norte\" class=\"yoast-seo-meta-tag\" \/>\n<meta property=\"og:description\" content=\"Desechos pl\u00e1sticos, un enemigo mortal para la vida en el planeta Los pl\u00e1sticos que desechamos terminan en el medio ambiente y en especial en los oc\u00e9anos, afectando la vida de especies marinas y la del ser humano, debido a que los desechos se fragmentan en peque\u00f1as part\u00edculas llamadas micropl\u00e1sticos que podr\u00edan penetrar lo tejidos de [&hellip;]\" class=\"yoast-seo-meta-tag\" \/>\n<meta property=\"og:url\" content=\"https:\/\/explora.cl\/rmnorte\/desechos-plasticos-un-enemigo-mortal-para-la-vida-en-el-planeta-2\/\" class=\"yoast-seo-meta-tag\" \/>\n<meta property=\"og:site_name\" content=\"RM Norte\" class=\"yoast-seo-meta-tag\" \/>\n<meta property=\"article:published_time\" content=\"2020-04-22T19:54:43+00:00\" class=\"yoast-seo-meta-tag\" \/>\n<meta property=\"article:modified_time\" content=\"2020-05-13T22:44:28+00:00\" class=\"yoast-seo-meta-tag\" \/>\n<meta property=\"og:image\" content=\"https:\/\/explora.cl\/rmnorte\/wp-content\/uploads\/sites\/11\/2020\/04\/botella_-e1587585037443.jpg\" class=\"yoast-seo-meta-tag\" \/>\n\t<meta property=\"og:image:width\" content=\"432\" class=\"yoast-seo-meta-tag\" \/>\n\t<meta property=\"og:image:height\" content=\"254\" class=\"yoast-seo-meta-tag\" \/>\n\t<meta property=\"og:image:type\" content=\"image\/jpeg\" class=\"yoast-seo-meta-tag\" \/>\n<meta name=\"author\" content=\"dgarcia\" class=\"yoast-seo-meta-tag\" \/>\n<meta name=\"twitter:card\" content=\"summary_large_image\" class=\"yoast-seo-meta-tag\" \/>\n<meta name=\"twitter:label1\" content=\"Escrito por\" class=\"yoast-seo-meta-tag\" \/>\n\t<meta name=\"twitter:data1\" content=\"dgarcia\" class=\"yoast-seo-meta-tag\" \/>\n\t<meta name=\"twitter:label2\" content=\"Tiempo estimado de lectura\" class=\"yoast-seo-meta-tag\" \/>\n\t<meta name=\"twitter:data2\" content=\"6 minutos\" class=\"yoast-seo-meta-tag\" \/>\n<script type=\"application\/ld+json\" class=\"yoast-schema-graph\">{\"@context\":\"https:\/\/schema.org\",\"@graph\":[{\"@type\":\"Article\",\"@id\":\"https:\/\/explora.cl\/rmnorte\/desechos-plasticos-un-enemigo-mortal-para-la-vida-en-el-planeta-2\/#article\",\"isPartOf\":{\"@id\":\"https:\/\/explora.cl\/rmnorte\/desechos-plasticos-un-enemigo-mortal-para-la-vida-en-el-planeta-2\/\"},\"author\":{\"name\":\"dgarcia\",\"@id\":\"https:\/\/explora.cl\/rmnorte\/#\/schema\/person\/4ad985b29a183eab4170892260e133a5\"},\"headline\":\"Desechos pl\u00e1sticos, un enemigo mortal para la vida en el planeta\",\"datePublished\":\"2020-04-22T19:54:43+00:00\",\"dateModified\":\"2020-05-13T22:44:28+00:00\",\"mainEntityOfPage\":{\"@id\":\"https:\/\/explora.cl\/rmnorte\/desechos-plasticos-un-enemigo-mortal-para-la-vida-en-el-planeta-2\/\"},\"wordCount\":1303,\"commentCount\":0,\"image\":{\"@id\":\"https:\/\/explora.cl\/rmnorte\/desechos-plasticos-un-enemigo-mortal-para-la-vida-en-el-planeta-2\/#primaryimage\"},\"thumbnailUrl\":\"https:\/\/explora.cl\/rmnorte\/wp-content\/uploads\/sites\/11\/2020\/04\/botella_-e1587585037443.jpg\",\"articleSection\":[\"Lugar 7\",\"Noticias\"],\"inLanguage\":\"es-CL\",\"potentialAction\":[{\"@type\":\"CommentAction\",\"name\":\"Comment\",\"target\":[\"https:\/\/explora.cl\/rmnorte\/desechos-plasticos-un-enemigo-mortal-para-la-vida-en-el-planeta-2\/#respond\"]}]},{\"@type\":\"WebPage\",\"@id\":\"https:\/\/explora.cl\/rmnorte\/desechos-plasticos-un-enemigo-mortal-para-la-vida-en-el-planeta-2\/\",\"url\":\"https:\/\/explora.cl\/rmnorte\/desechos-plasticos-un-enemigo-mortal-para-la-vida-en-el-planeta-2\/\",\"name\":\"Desechos pl\u00e1sticos, un enemigo mortal para la vida en el planeta - RM Norte\",\"isPartOf\":{\"@id\":\"https:\/\/explora.cl\/rmnorte\/#website\"},\"primaryImageOfPage\":{\"@id\":\"https:\/\/explora.cl\/rmnorte\/desechos-plasticos-un-enemigo-mortal-para-la-vida-en-el-planeta-2\/#primaryimage\"},\"image\":{\"@id\":\"https:\/\/explora.cl\/rmnorte\/desechos-plasticos-un-enemigo-mortal-para-la-vida-en-el-planeta-2\/#primaryimage\"},\"thumbnailUrl\":\"https:\/\/explora.cl\/rmnorte\/wp-content\/uploads\/sites\/11\/2020\/04\/botella_-e1587585037443.jpg\",\"datePublished\":\"2020-04-22T19:54:43+00:00\",\"dateModified\":\"2020-05-13T22:44:28+00:00\",\"author\":{\"@id\":\"https:\/\/explora.cl\/rmnorte\/#\/schema\/person\/4ad985b29a183eab4170892260e133a5\"},\"breadcrumb\":{\"@id\":\"https:\/\/explora.cl\/rmnorte\/desechos-plasticos-un-enemigo-mortal-para-la-vida-en-el-planeta-2\/#breadcrumb\"},\"inLanguage\":\"es-CL\",\"potentialAction\":[{\"@type\":\"ReadAction\",\"target\":[\"https:\/\/explora.cl\/rmnorte\/desechos-plasticos-un-enemigo-mortal-para-la-vida-en-el-planeta-2\/\"]}]},{\"@type\":\"ImageObject\",\"inLanguage\":\"es-CL\",\"@id\":\"https:\/\/explora.cl\/rmnorte\/desechos-plasticos-un-enemigo-mortal-para-la-vida-en-el-planeta-2\/#primaryimage\",\"url\":\"https:\/\/explora.cl\/rmnorte\/wp-content\/uploads\/sites\/11\/2020\/04\/botella_-e1587585037443.jpg\",\"contentUrl\":\"https:\/\/explora.cl\/rmnorte\/wp-content\/uploads\/sites\/11\/2020\/04\/botella_-e1587585037443.jpg\",\"width\":432,\"height\":254},{\"@type\":\"BreadcrumbList\",\"@id\":\"https:\/\/explora.cl\/rmnorte\/desechos-plasticos-un-enemigo-mortal-para-la-vida-en-el-planeta-2\/#breadcrumb\",\"itemListElement\":[{\"@type\":\"ListItem\",\"position\":1,\"name\":\"Portada\",\"item\":\"https:\/\/explora.cl\/rmnorte\/\"},{\"@type\":\"ListItem\",\"position\":2,\"name\":\"Desechos pl\u00e1sticos, un enemigo mortal para la vida en el planeta\"}]},{\"@type\":\"WebSite\",\"@id\":\"https:\/\/explora.cl\/rmnorte\/#website\",\"url\":\"https:\/\/explora.cl\/rmnorte\/\",\"name\":\"RM Norte\",\"description\":\"RM Norte explora.cl\",\"potentialAction\":[{\"@type\":\"SearchAction\",\"target\":{\"@type\":\"EntryPoint\",\"urlTemplate\":\"https:\/\/explora.cl\/rmnorte\/?s={search_term_string}\"},\"query-input\":{\"@type\":\"PropertyValueSpecification\",\"valueRequired\":true,\"valueName\":\"search_term_string\"}}],\"inLanguage\":\"es-CL\"},{\"@type\":\"Person\",\"@id\":\"https:\/\/explora.cl\/rmnorte\/#\/schema\/person\/4ad985b29a183eab4170892260e133a5\",\"name\":\"dgarcia\",\"image\":{\"@type\":\"ImageObject\",\"inLanguage\":\"es-CL\",\"@id\":\"https:\/\/explora.cl\/rmnorte\/#\/schema\/person\/image\/\",\"url\":\"https:\/\/secure.gravatar.com\/avatar\/06e2fd9f68a0c19cd669ddc183de83489acab601aa57958e0f60175e5013e6b7?s=96&d=mm&r=g\",\"contentUrl\":\"https:\/\/secure.gravatar.com\/avatar\/06e2fd9f68a0c19cd669ddc183de83489acab601aa57958e0f60175e5013e6b7?s=96&d=mm&r=g\",\"caption\":\"dgarcia\"},\"url\":\"https:\/\/explora.cl\/rmnorte\/author\/dgarcia\/\"}]}<\/script>\n<!-- \/ Yoast SEO plugin. -->","yoast_head_json":{"title":"Desechos pl\u00e1sticos, un enemigo mortal para la vida en el planeta - RM Norte","robots":{"index":"index","follow":"follow","max-snippet":"max-snippet:-1","max-image-preview":"max-image-preview:large","max-video-preview":"max-video-preview:-1"},"canonical":"https:\/\/explora.cl\/rmnorte\/desechos-plasticos-un-enemigo-mortal-para-la-vida-en-el-planeta-2\/","og_locale":"es_ES","og_type":"article","og_title":"Desechos pl\u00e1sticos, un enemigo mortal para la vida en el planeta - RM Norte","og_description":"Desechos pl\u00e1sticos, un enemigo mortal para la vida en el planeta Los pl\u00e1sticos que desechamos terminan en el medio ambiente y en especial en los oc\u00e9anos, afectando la vida de especies marinas y la del ser humano, debido a que los desechos se fragmentan en peque\u00f1as part\u00edculas llamadas micropl\u00e1sticos que podr\u00edan penetrar lo tejidos de [&hellip;]","og_url":"https:\/\/explora.cl\/rmnorte\/desechos-plasticos-un-enemigo-mortal-para-la-vida-en-el-planeta-2\/","og_site_name":"RM Norte","article_published_time":"2020-04-22T19:54:43+00:00","article_modified_time":"2020-05-13T22:44:28+00:00","og_image":[{"width":432,"height":254,"url":"https:\/\/explora.cl\/rmnorte\/wp-content\/uploads\/sites\/11\/2020\/04\/botella_-e1587585037443.jpg","type":"image\/jpeg"}],"author":"dgarcia","twitter_card":"summary_large_image","twitter_misc":{"Escrito por":"dgarcia","Tiempo estimado de lectura":"6 minutos"},"schema":{"@context":"https:\/\/schema.org","@graph":[{"@type":"Article","@id":"https:\/\/explora.cl\/rmnorte\/desechos-plasticos-un-enemigo-mortal-para-la-vida-en-el-planeta-2\/#article","isPartOf":{"@id":"https:\/\/explora.cl\/rmnorte\/desechos-plasticos-un-enemigo-mortal-para-la-vida-en-el-planeta-2\/"},"author":{"name":"dgarcia","@id":"https:\/\/explora.cl\/rmnorte\/#\/schema\/person\/4ad985b29a183eab4170892260e133a5"},"headline":"Desechos pl\u00e1sticos, un enemigo mortal para la vida en el planeta","datePublished":"2020-04-22T19:54:43+00:00","dateModified":"2020-05-13T22:44:28+00:00","mainEntityOfPage":{"@id":"https:\/\/explora.cl\/rmnorte\/desechos-plasticos-un-enemigo-mortal-para-la-vida-en-el-planeta-2\/"},"wordCount":1303,"commentCount":0,"image":{"@id":"https:\/\/explora.cl\/rmnorte\/desechos-plasticos-un-enemigo-mortal-para-la-vida-en-el-planeta-2\/#primaryimage"},"thumbnailUrl":"https:\/\/explora.cl\/rmnorte\/wp-content\/uploads\/sites\/11\/2020\/04\/botella_-e1587585037443.jpg","articleSection":["Lugar 7","Noticias"],"inLanguage":"es-CL","potentialAction":[{"@type":"CommentAction","name":"Comment","target":["https:\/\/explora.cl\/rmnorte\/desechos-plasticos-un-enemigo-mortal-para-la-vida-en-el-planeta-2\/#respond"]}]},{"@type":"WebPage","@id":"https:\/\/explora.cl\/rmnorte\/desechos-plasticos-un-enemigo-mortal-para-la-vida-en-el-planeta-2\/","url":"https:\/\/explora.cl\/rmnorte\/desechos-plasticos-un-enemigo-mortal-para-la-vida-en-el-planeta-2\/","name":"Desechos pl\u00e1sticos, un enemigo mortal para la vida en el planeta - RM Norte","isPartOf":{"@id":"https:\/\/explora.cl\/rmnorte\/#website"},"primaryImageOfPage":{"@id":"https:\/\/explora.cl\/rmnorte\/desechos-plasticos-un-enemigo-mortal-para-la-vida-en-el-planeta-2\/#primaryimage"},"image":{"@id":"https:\/\/explora.cl\/rmnorte\/desechos-plasticos-un-enemigo-mortal-para-la-vida-en-el-planeta-2\/#primaryimage"},"thumbnailUrl":"https:\/\/explora.cl\/rmnorte\/wp-content\/uploads\/sites\/11\/2020\/04\/botella_-e1587585037443.jpg","datePublished":"2020-04-22T19:54:43+00:00","dateModified":"2020-05-13T22:44:28+00:00","author":{"@id":"https:\/\/explora.cl\/rmnorte\/#\/schema\/person\/4ad985b29a183eab4170892260e133a5"},"breadcrumb":{"@id":"https:\/\/explora.cl\/rmnorte\/desechos-plasticos-un-enemigo-mortal-para-la-vida-en-el-planeta-2\/#breadcrumb"},"inLanguage":"es-CL","potentialAction":[{"@type":"ReadAction","target":["https:\/\/explora.cl\/rmnorte\/desechos-plasticos-un-enemigo-mortal-para-la-vida-en-el-planeta-2\/"]}]},{"@type":"ImageObject","inLanguage":"es-CL","@id":"https:\/\/explora.cl\/rmnorte\/desechos-plasticos-un-enemigo-mortal-para-la-vida-en-el-planeta-2\/#primaryimage","url":"https:\/\/explora.cl\/rmnorte\/wp-content\/uploads\/sites\/11\/2020\/04\/botella_-e1587585037443.jpg","contentUrl":"https:\/\/explora.cl\/rmnorte\/wp-content\/uploads\/sites\/11\/2020\/04\/botella_-e1587585037443.jpg","width":432,"height":254},{"@type":"BreadcrumbList","@id":"https:\/\/explora.cl\/rmnorte\/desechos-plasticos-un-enemigo-mortal-para-la-vida-en-el-planeta-2\/#breadcrumb","itemListElement":[{"@type":"ListItem","position":1,"name":"Portada","item":"https:\/\/explora.cl\/rmnorte\/"},{"@type":"ListItem","position":2,"name":"Desechos pl\u00e1sticos, un enemigo mortal para la vida en el planeta"}]},{"@type":"WebSite","@id":"https:\/\/explora.cl\/rmnorte\/#website","url":"https:\/\/explora.cl\/rmnorte\/","name":"RM Norte","description":"RM Norte explora.cl","potentialAction":[{"@type":"SearchAction","target":{"@type":"EntryPoint","urlTemplate":"https:\/\/explora.cl\/rmnorte\/?s={search_term_string}"},"query-input":{"@type":"PropertyValueSpecification","valueRequired":true,"valueName":"search_term_string"}}],"inLanguage":"es-CL"},{"@type":"Person","@id":"https:\/\/explora.cl\/rmnorte\/#\/schema\/person\/4ad985b29a183eab4170892260e133a5","name":"dgarcia","image":{"@type":"ImageObject","inLanguage":"es-CL","@id":"https:\/\/explora.cl\/rmnorte\/#\/schema\/person\/image\/","url":"https:\/\/secure.gravatar.com\/avatar\/06e2fd9f68a0c19cd669ddc183de83489acab601aa57958e0f60175e5013e6b7?s=96&d=mm&r=g","contentUrl":"https:\/\/secure.gravatar.com\/avatar\/06e2fd9f68a0c19cd669ddc183de83489acab601aa57958e0f60175e5013e6b7?s=96&d=mm&r=g","caption":"dgarcia"},"url":"https:\/\/explora.cl\/rmnorte\/author\/dgarcia\/"}]}},"_links":{"self":[{"href":"https:\/\/explora.cl\/rmnorte\/wp-json\/wp\/v2\/posts\/39553","targetHints":{"allow":["GET"]}}],"collection":[{"href":"https:\/\/explora.cl\/rmnorte\/wp-json\/wp\/v2\/posts"}],"about":[{"href":"https:\/\/explora.cl\/rmnorte\/wp-json\/wp\/v2\/types\/post"}],"author":[{"embeddable":true,"href":"https:\/\/explora.cl\/rmnorte\/wp-json\/wp\/v2\/users\/26"}],"replies":[{"embeddable":true,"href":"https:\/\/explora.cl\/rmnorte\/wp-json\/wp\/v2\/comments?post=39553"}],"version-history":[{"count":3,"href":"https:\/\/explora.cl\/rmnorte\/wp-json\/wp\/v2\/posts\/39553\/revisions"}],"predecessor-version":[{"id":39562,"href":"https:\/\/explora.cl\/rmnorte\/wp-json\/wp\/v2\/posts\/39553\/revisions\/39562"}],"wp:featuredmedia":[{"embeddable":true,"href":"https:\/\/explora.cl\/rmnorte\/wp-json\/wp\/v2\/media\/39555"}],"wp:attachment":[{"href":"https:\/\/explora.cl\/rmnorte\/wp-json\/wp\/v2\/media?parent=39553"}],"wp:term":[{"taxonomy":"category","embeddable":true,"href":"https:\/\/explora.cl\/rmnorte\/wp-json\/wp\/v2\/categories?post=39553"},{"taxonomy":"post_tag","embeddable":true,"href":"https:\/\/explora.cl\/rmnorte\/wp-json\/wp\/v2\/tags?post=39553"}],"curies":[{"name":"wp","href":"https:\/\/api.w.org\/{rel}","templated":true}]}}