{"id":39545,"date":"2020-04-13T09:24:57","date_gmt":"2020-04-13T13:24:57","guid":{"rendered":"https:\/\/explora.cl\/rmnorte\/?p=39545"},"modified":"2020-05-13T18:45:16","modified_gmt":"2020-05-13T22:45:16","slug":"mascarilla-contra-el-coronavirus-cuales-son-las-mas-efectivas-y-como-usarlas-2","status":"publish","type":"post","link":"https:\/\/explora.cl\/rmnorte\/mascarilla-contra-el-coronavirus-cuales-son-las-mas-efectivas-y-como-usarlas-2\/","title":{"rendered":"Mascarilla contra el coronavirus: \u00bfCu\u00e1les son las m\u00e1s efectivas y c\u00f3mo usarlas?"},"content":{"rendered":"<h3><strong>Mascarilla contra el coronavirus: \u00bfCu\u00e1les son las m\u00e1s efectivas y c\u00f3mo usarlas?<\/strong><\/h3>\n<p><img fetchpriority=\"high\" decoding=\"async\" class=\"wp-image-39546 aligncenter\" src=\"https:\/\/explora.cl\/rmnorte\/wp-content\/uploads\/sites\/11\/2020\/04\/personas-que-usan-mascaras-protectoras-muestran-senales-alto-manos_1157-31391.jpg\" alt=\"\" width=\"543\" height=\"362\" srcset=\"https:\/\/explora.cl\/rmnorte\/wp-content\/uploads\/sites\/11\/2020\/04\/personas-que-usan-mascaras-protectoras-muestran-senales-alto-manos_1157-31391.jpg 626w, https:\/\/explora.cl\/rmnorte\/wp-content\/uploads\/sites\/11\/2020\/04\/personas-que-usan-mascaras-protectoras-muestran-senales-alto-manos_1157-31391-300x200.jpg 300w\" sizes=\"(max-width: 543px) 100vw, 543px\" \/><\/p>\n<p style=\"margin: 0cm;margin-bottom: .0001pt;text-align: justify;vertical-align: baseline\"><span style=\"font-family: 'Arial',sans-serif\">Actualmente el uso de la mascarilla ha generado pol\u00e9mica en el mundo, recibimos tanta informaci\u00f3n que es dif\u00edcil discriminar cu\u00e1l es la indicaci\u00f3n m\u00e1s adecuada, es por ello que en alianza con el PAR Explora O\u2019Higgins y el PAR Explora RM Norte de la Universidad de Chile, ejecutado por el Centro Avanzado de Enfermedades Cr\u00f3nicas (ACCDIS), se reunieron dos expertos en el tema para corroborar la informaci\u00f3n y hacer las recomendaciones pertinentes, ellos son: Paola Salas, M\u00e1ster en epidemiolog\u00eda y Doctora en Salud P\u00fablica, acad\u00e9mica de la Universidad de la Serena y Mario Chiong, Director del PAR RM Norte y cient\u00edfico e investigador de ACCDIS.<\/span><\/p>\n<p><strong>\u00bfPor qu\u00e9 es importante el uso de la mascarilla?<\/strong><\/p>\n<figure id=\"attachment_39547\" aria-describedby=\"caption-attachment-39547\" style=\"width: 288px\" class=\"wp-caption alignright\"><img decoding=\"async\" class=\"wp-image-39547\" src=\"https:\/\/explora.cl\/rmnorte\/wp-content\/uploads\/sites\/11\/2020\/04\/Entrevista_paola_salas.jpg\" alt=\"Paola Salas, M\u00e1ster en epidemiolog\u00eda y Doctora en Salud P\u00fablica, acad\u00e9mica de la Universidad de la Serena\" width=\"288\" height=\"218\" srcset=\"https:\/\/explora.cl\/rmnorte\/wp-content\/uploads\/sites\/11\/2020\/04\/Entrevista_paola_salas.jpg 455w, https:\/\/explora.cl\/rmnorte\/wp-content\/uploads\/sites\/11\/2020\/04\/Entrevista_paola_salas-300x227.jpg 300w\" sizes=\"(max-width: 288px) 100vw, 288px\" \/><figcaption id=\"caption-attachment-39547\" class=\"wp-caption-text\">Paola Salas, M\u00e1ster en epidemiolog\u00eda y Doctora en Salud P\u00fablica, acad\u00e9mica de la Universidad de la Serena.<\/figcaption><\/figure>\n<p>Tras los nuevos estudios cient\u00edficos respaldados por el Centro para el Control y la Prevenci\u00f3n de Enfermedades (CDC), la Organizaci\u00f3n Mundial de la Salud (OMS) recomend\u00f3 el uso de la mascarilla obligatoria como una forma de prevenci\u00f3n de la expansi\u00f3n del virus.<\/p>\n<p>Esto ocurre porque, seg\u00fan nos explic\u00f3 la especialista Paola Salas, la tasa de infectividad del virus ha crecido. \u201cHace poco se establec\u00eda que por cada persona positiva exist\u00eda la posibilidad que se infectaran 3 personas m\u00e1s, sin embargo, los estudios actuales est\u00e1n evidenciando que esta propagaci\u00f3n es mayor. Se\u00f1alan que por un infectado hay en promedio 15 personas contagiadas\u201d.\u00a0 A esto se suma, que la tasa de crecimiento ha ido en aumento y en nuestro pa\u00eds existen zonas como la Araucan\u00eda, donde \u00e9ste ha sido demasiado agresivo. Otro factor que influye, es el desconocimiento de la cantidad de contagiados asintom\u00e1ticos que pueden estar expandiendo el virus. \u201cLa nueva evidencia se\u00f1ala agresividad m\u00e1s alta, por eso hay que tomar medidas m\u00e1s extremas, de all\u00ed la recomendaci\u00f3n obligatoria de la OMS con respecto al uso de las mascarillas para toda la comunidad\u201d, explic\u00f3 la Doctora en Salud P\u00fablica.<\/p>\n<p><strong>\u00bfQu\u00e9 mascarillas sirven y por qu\u00e9?<\/strong><\/p>\n<p>Es importante destacar que el uso de la mascarilla no es 100% efectivo y debe estar acompa\u00f1ado de otra serie de medidas de prevenci\u00f3n para evitar el contagio, aclar\u00f3 la epidemi\u00f3loga. \u00a0Para efectos de esta explicaci\u00f3n, podemos dividir las mascarillas en cuatro tipos: N95, quir\u00fargica, de g\u00e9nero y otras.<\/p>\n<p><strong>Mascarillas N95<\/strong>: son las m\u00e1s efectivas, \u201cimpiden en mayor porcentaje el ingreso del virus a las v\u00edas respiratorias\u201d, coment\u00f3 Salas. Su uso est\u00e1 indicado para ser utilizadas en los hospitales. Este tipo de mascarilla tiene el mayor filtro comprobado con controles de calidad externo, su efectividad depende del buen ajuste en la nariz y puede ser usada durante dos a tres d\u00edas.<\/p>\n<p><strong>Mascarillas quir\u00fargicas<\/strong>: como ya no hay N95 a la venta, se recomienda el uso de este tipo de mascarilla, las cuales pueden ser adquiridas en las farmacias. Son de color verde, cuentan con una banda de metal en la parte superior, tienen un filtro interior de un g\u00e9nero llamado politropileno y por fuera est\u00e1n recubiertas con otro g\u00e9nero denominado ray\u00f3n. Tienen una duraci\u00f3n m\u00e1xima de 4 horas, pero si se humedece es importante dejar de usarla.<\/p>\n<p><strong>Mascarillas de g\u00e9nero<\/strong>: son las recomendadas por el Ministerio de Salud, siguiendo las indicaciones de las autoridades se puede hacer en casa, solo se necesitan dos el\u00e1sticos y g\u00e9nero, coment\u00f3 la doctora, quien tambi\u00e9n explic\u00f3 que este tipo de mascarilla son efectivas mientras se usen con las precauciones necesarias \u201cEso quiere decir, que si sales a comprar y te pones la mascarilla de g\u00e9nero, no te la debes quitar hasta llegar a tu casa. La debes sacar con los el\u00e1sticos ubicados detr\u00e1s tus orejas, no se debe tocar por la parte que estuvo expuesta y se procede al lavado, en un recipiente con agua caliente (a 70\u00b0 a 90\u00b0 ideal) con detergente habitual, luego se cuelga al sol, se plancha y se puede volver a utilizar.<\/p>\n<p><img decoding=\"async\" class=\"wp-image-39548 aligncenter\" src=\"https:\/\/explora.cl\/rmnorte\/wp-content\/uploads\/sites\/11\/2020\/04\/EU4BH6GWsAAxU-W.jpg\" alt=\"\" width=\"575\" height=\"322\" srcset=\"https:\/\/explora.cl\/rmnorte\/wp-content\/uploads\/sites\/11\/2020\/04\/EU4BH6GWsAAxU-W.jpg 1280w, https:\/\/explora.cl\/rmnorte\/wp-content\/uploads\/sites\/11\/2020\/04\/EU4BH6GWsAAxU-W-300x168.jpg 300w, https:\/\/explora.cl\/rmnorte\/wp-content\/uploads\/sites\/11\/2020\/04\/EU4BH6GWsAAxU-W-768x430.jpg 768w, https:\/\/explora.cl\/rmnorte\/wp-content\/uploads\/sites\/11\/2020\/04\/EU4BH6GWsAAxU-W-1024x573.jpg 1024w\" sizes=\"(max-width: 575px) 100vw, 575px\" \/><\/p>\n<p><strong>Otras mascarillas<\/strong><\/p>\n<p>Las mascarillas 3D se han propuesto como alternativa para la crisis, sin embargo la doctora Salas coment\u00f3 \u201cestas son m\u00e1s dif\u00edciles de fabricar porque en general la tecnolog\u00eda 3D utiliza material m\u00e1s s\u00f3lido o r\u00edgido\u201d, por tanto, recomend\u00f3 que esta tecnolog\u00eda sea usada, m\u00e1s bien en la elaboraci\u00f3n de los escudos faciales, m\u00e1scaras para intubar o incluso como ventilador mec\u00e1nico manual.<\/p>\n<p>Tambi\u00e9n existen las mascarillas para la poluci\u00f3n o contaminaci\u00f3n ambiental, \u201cen ese caso hay que tener presente que el virus mide entre 80 a 220 nan\u00f3metros\u201d y en general esas mascarillas no retienen esa distancia, aclar\u00f3 la experta.<\/p>\n<p><strong>\u00bfC\u00f3mo asegurarnos que la mascarilla que usamos es efectiva?<\/strong><\/p>\n<p>\u201cUna manera sencilla de saber si la mascarilla sirve, es hacer la prueba con un aerosol. Se toma la mascarilla, se roc\u00ede el aerosol y se observa. Si \u00e9ste puede atravesar la mascarilla, entonces no es adecuada para ser usada como medio de protecci\u00f3n\u201d, explic\u00f3 el doctor Mario Chiong, tambi\u00e9n profesor de la Universidad de Chile.<\/p>\n<p>Otra indicaci\u00f3n que se\u00f1al\u00f3 el experto es, \u201cla tela simple sin doblez no sirve, pero si se aumenta el n\u00famero de dobleces, esto reduce el traspaso del aerosol, asegurando enormemente su eficacia\u201d.<\/p>\n<p>El uso de la mascarilla es una recomendaci\u00f3n para evitar el contagio del virus, sin embargo, no es 100% efectiva sino se cumple con la forma correcta de usarla. Adem\u00e1s de esta medida, se debe continuar con las dem\u00e1s recomendaciones sugeridas por la OMS, como lo es: el lavado de manos, quedarse en casa si es posible, respeto por la cuarentena, entre otras.<\/p>\n","protected":false},"excerpt":{"rendered":"<p>Mascarilla contra el coronavirus: \u00bfCu\u00e1les son las m\u00e1s efectivas y c\u00f3mo usarlas? Actualmente el uso de la mascarilla ha generado pol\u00e9mica en el mundo, recibimos tanta informaci\u00f3n que es dif\u00edcil discriminar cu\u00e1l es la indicaci\u00f3n m\u00e1s adecuada, es por ello que en alianza con el PAR Explora O\u2019Higgins y el PAR Explora RM Norte de [&hellip;]<\/p>\n","protected":false},"author":26,"featured_media":39546,"comment_status":"open","ping_status":"open","sticky":false,"template":"","format":"standard","meta":{"_acf_changed":false,"_exactmetrics_skip_tracking":false,"_exactmetrics_sitenote_active":false,"_exactmetrics_sitenote_note":"","_exactmetrics_sitenote_category":0,"footnotes":"","_links_to":"","_links_to_target":""},"categories":[143,4],"tags":[],"class_list":["post-39545","post","type-post","status-publish","format-standard","has-post-thumbnail","hentry","category-lugar-8","category-noticias"],"acf":[],"yoast_head":"<!-- This site is optimized with the Yoast SEO plugin v26.9 - https:\/\/yoast.com\/product\/yoast-seo-wordpress\/ -->\n<title>Mascarilla contra el coronavirus: \u00bfCu\u00e1les son las m\u00e1s efectivas y c\u00f3mo usarlas? - RM Norte<\/title>\n<meta name=\"robots\" content=\"index, follow, max-snippet:-1, max-image-preview:large, max-video-preview:-1\" \/>\n<link rel=\"canonical\" href=\"https:\/\/explora.cl\/rmnorte\/mascarilla-contra-el-coronavirus-cuales-son-las-mas-efectivas-y-como-usarlas-2\/\" class=\"yoast-seo-meta-tag\" \/>\n<meta property=\"og:locale\" content=\"es_ES\" class=\"yoast-seo-meta-tag\" \/>\n<meta property=\"og:type\" content=\"article\" class=\"yoast-seo-meta-tag\" \/>\n<meta property=\"og:title\" content=\"Mascarilla contra el coronavirus: \u00bfCu\u00e1les son las m\u00e1s efectivas y c\u00f3mo usarlas? - RM Norte\" class=\"yoast-seo-meta-tag\" \/>\n<meta property=\"og:description\" content=\"Mascarilla contra el coronavirus: \u00bfCu\u00e1les son las m\u00e1s efectivas y c\u00f3mo usarlas? Actualmente el uso de la mascarilla ha generado pol\u00e9mica en el mundo, recibimos tanta informaci\u00f3n que es dif\u00edcil discriminar cu\u00e1l es la indicaci\u00f3n m\u00e1s adecuada, es por ello que en alianza con el PAR Explora O\u2019Higgins y el PAR Explora RM Norte de [&hellip;]\" class=\"yoast-seo-meta-tag\" \/>\n<meta property=\"og:url\" content=\"https:\/\/explora.cl\/rmnorte\/mascarilla-contra-el-coronavirus-cuales-son-las-mas-efectivas-y-como-usarlas-2\/\" class=\"yoast-seo-meta-tag\" \/>\n<meta property=\"og:site_name\" content=\"RM Norte\" class=\"yoast-seo-meta-tag\" \/>\n<meta property=\"article:published_time\" content=\"2020-04-13T13:24:57+00:00\" class=\"yoast-seo-meta-tag\" \/>\n<meta property=\"article:modified_time\" content=\"2020-05-13T22:45:16+00:00\" class=\"yoast-seo-meta-tag\" \/>\n<meta property=\"og:image\" content=\"https:\/\/explora.cl\/rmnorte\/wp-content\/uploads\/sites\/11\/2020\/04\/personas-que-usan-mascaras-protectoras-muestran-senales-alto-manos_1157-31391.jpg\" class=\"yoast-seo-meta-tag\" \/>\n\t<meta property=\"og:image:width\" content=\"626\" class=\"yoast-seo-meta-tag\" \/>\n\t<meta property=\"og:image:height\" content=\"417\" class=\"yoast-seo-meta-tag\" \/>\n\t<meta property=\"og:image:type\" content=\"image\/jpeg\" class=\"yoast-seo-meta-tag\" \/>\n<meta name=\"author\" content=\"dgarcia\" class=\"yoast-seo-meta-tag\" \/>\n<meta name=\"twitter:card\" content=\"summary_large_image\" class=\"yoast-seo-meta-tag\" \/>\n<meta name=\"twitter:label1\" content=\"Escrito por\" class=\"yoast-seo-meta-tag\" \/>\n\t<meta name=\"twitter:data1\" content=\"dgarcia\" class=\"yoast-seo-meta-tag\" \/>\n\t<meta name=\"twitter:label2\" content=\"Tiempo estimado de lectura\" class=\"yoast-seo-meta-tag\" \/>\n\t<meta name=\"twitter:data2\" content=\"5 minutos\" class=\"yoast-seo-meta-tag\" \/>\n<script type=\"application\/ld+json\" class=\"yoast-schema-graph\">{\"@context\":\"https:\/\/schema.org\",\"@graph\":[{\"@type\":\"Article\",\"@id\":\"https:\/\/explora.cl\/rmnorte\/mascarilla-contra-el-coronavirus-cuales-son-las-mas-efectivas-y-como-usarlas-2\/#article\",\"isPartOf\":{\"@id\":\"https:\/\/explora.cl\/rmnorte\/mascarilla-contra-el-coronavirus-cuales-son-las-mas-efectivas-y-como-usarlas-2\/\"},\"author\":{\"name\":\"dgarcia\",\"@id\":\"https:\/\/explora.cl\/rmnorte\/#\/schema\/person\/4ad985b29a183eab4170892260e133a5\"},\"headline\":\"Mascarilla contra el coronavirus: \u00bfCu\u00e1les son las m\u00e1s efectivas y c\u00f3mo usarlas?\",\"datePublished\":\"2020-04-13T13:24:57+00:00\",\"dateModified\":\"2020-05-13T22:45:16+00:00\",\"mainEntityOfPage\":{\"@id\":\"https:\/\/explora.cl\/rmnorte\/mascarilla-contra-el-coronavirus-cuales-son-las-mas-efectivas-y-como-usarlas-2\/\"},\"wordCount\":1013,\"commentCount\":0,\"image\":{\"@id\":\"https:\/\/explora.cl\/rmnorte\/mascarilla-contra-el-coronavirus-cuales-son-las-mas-efectivas-y-como-usarlas-2\/#primaryimage\"},\"thumbnailUrl\":\"https:\/\/explora.cl\/rmnorte\/wp-content\/uploads\/sites\/11\/2020\/04\/personas-que-usan-mascaras-protectoras-muestran-senales-alto-manos_1157-31391.jpg\",\"articleSection\":[\"Lugar 8\",\"Noticias\"],\"inLanguage\":\"es-CL\",\"potentialAction\":[{\"@type\":\"CommentAction\",\"name\":\"Comment\",\"target\":[\"https:\/\/explora.cl\/rmnorte\/mascarilla-contra-el-coronavirus-cuales-son-las-mas-efectivas-y-como-usarlas-2\/#respond\"]}]},{\"@type\":\"WebPage\",\"@id\":\"https:\/\/explora.cl\/rmnorte\/mascarilla-contra-el-coronavirus-cuales-son-las-mas-efectivas-y-como-usarlas-2\/\",\"url\":\"https:\/\/explora.cl\/rmnorte\/mascarilla-contra-el-coronavirus-cuales-son-las-mas-efectivas-y-como-usarlas-2\/\",\"name\":\"Mascarilla contra el coronavirus: \u00bfCu\u00e1les son las m\u00e1s efectivas y c\u00f3mo usarlas? - RM Norte\",\"isPartOf\":{\"@id\":\"https:\/\/explora.cl\/rmnorte\/#website\"},\"primaryImageOfPage\":{\"@id\":\"https:\/\/explora.cl\/rmnorte\/mascarilla-contra-el-coronavirus-cuales-son-las-mas-efectivas-y-como-usarlas-2\/#primaryimage\"},\"image\":{\"@id\":\"https:\/\/explora.cl\/rmnorte\/mascarilla-contra-el-coronavirus-cuales-son-las-mas-efectivas-y-como-usarlas-2\/#primaryimage\"},\"thumbnailUrl\":\"https:\/\/explora.cl\/rmnorte\/wp-content\/uploads\/sites\/11\/2020\/04\/personas-que-usan-mascaras-protectoras-muestran-senales-alto-manos_1157-31391.jpg\",\"datePublished\":\"2020-04-13T13:24:57+00:00\",\"dateModified\":\"2020-05-13T22:45:16+00:00\",\"author\":{\"@id\":\"https:\/\/explora.cl\/rmnorte\/#\/schema\/person\/4ad985b29a183eab4170892260e133a5\"},\"breadcrumb\":{\"@id\":\"https:\/\/explora.cl\/rmnorte\/mascarilla-contra-el-coronavirus-cuales-son-las-mas-efectivas-y-como-usarlas-2\/#breadcrumb\"},\"inLanguage\":\"es-CL\",\"potentialAction\":[{\"@type\":\"ReadAction\",\"target\":[\"https:\/\/explora.cl\/rmnorte\/mascarilla-contra-el-coronavirus-cuales-son-las-mas-efectivas-y-como-usarlas-2\/\"]}]},{\"@type\":\"ImageObject\",\"inLanguage\":\"es-CL\",\"@id\":\"https:\/\/explora.cl\/rmnorte\/mascarilla-contra-el-coronavirus-cuales-son-las-mas-efectivas-y-como-usarlas-2\/#primaryimage\",\"url\":\"https:\/\/explora.cl\/rmnorte\/wp-content\/uploads\/sites\/11\/2020\/04\/personas-que-usan-mascaras-protectoras-muestran-senales-alto-manos_1157-31391.jpg\",\"contentUrl\":\"https:\/\/explora.cl\/rmnorte\/wp-content\/uploads\/sites\/11\/2020\/04\/personas-que-usan-mascaras-protectoras-muestran-senales-alto-manos_1157-31391.jpg\",\"width\":626,\"height\":417},{\"@type\":\"BreadcrumbList\",\"@id\":\"https:\/\/explora.cl\/rmnorte\/mascarilla-contra-el-coronavirus-cuales-son-las-mas-efectivas-y-como-usarlas-2\/#breadcrumb\",\"itemListElement\":[{\"@type\":\"ListItem\",\"position\":1,\"name\":\"Portada\",\"item\":\"https:\/\/explora.cl\/rmnorte\/\"},{\"@type\":\"ListItem\",\"position\":2,\"name\":\"Mascarilla contra el coronavirus: \u00bfCu\u00e1les son las m\u00e1s efectivas y c\u00f3mo usarlas?\"}]},{\"@type\":\"WebSite\",\"@id\":\"https:\/\/explora.cl\/rmnorte\/#website\",\"url\":\"https:\/\/explora.cl\/rmnorte\/\",\"name\":\"RM Norte\",\"description\":\"RM Norte explora.cl\",\"potentialAction\":[{\"@type\":\"SearchAction\",\"target\":{\"@type\":\"EntryPoint\",\"urlTemplate\":\"https:\/\/explora.cl\/rmnorte\/?s={search_term_string}\"},\"query-input\":{\"@type\":\"PropertyValueSpecification\",\"valueRequired\":true,\"valueName\":\"search_term_string\"}}],\"inLanguage\":\"es-CL\"},{\"@type\":\"Person\",\"@id\":\"https:\/\/explora.cl\/rmnorte\/#\/schema\/person\/4ad985b29a183eab4170892260e133a5\",\"name\":\"dgarcia\",\"image\":{\"@type\":\"ImageObject\",\"inLanguage\":\"es-CL\",\"@id\":\"https:\/\/explora.cl\/rmnorte\/#\/schema\/person\/image\/\",\"url\":\"https:\/\/secure.gravatar.com\/avatar\/06e2fd9f68a0c19cd669ddc183de83489acab601aa57958e0f60175e5013e6b7?s=96&d=mm&r=g\",\"contentUrl\":\"https:\/\/secure.gravatar.com\/avatar\/06e2fd9f68a0c19cd669ddc183de83489acab601aa57958e0f60175e5013e6b7?s=96&d=mm&r=g\",\"caption\":\"dgarcia\"},\"url\":\"https:\/\/explora.cl\/rmnorte\/author\/dgarcia\/\"}]}<\/script>\n<!-- \/ Yoast SEO plugin. -->","yoast_head_json":{"title":"Mascarilla contra el coronavirus: \u00bfCu\u00e1les son las m\u00e1s efectivas y c\u00f3mo usarlas? - RM Norte","robots":{"index":"index","follow":"follow","max-snippet":"max-snippet:-1","max-image-preview":"max-image-preview:large","max-video-preview":"max-video-preview:-1"},"canonical":"https:\/\/explora.cl\/rmnorte\/mascarilla-contra-el-coronavirus-cuales-son-las-mas-efectivas-y-como-usarlas-2\/","og_locale":"es_ES","og_type":"article","og_title":"Mascarilla contra el coronavirus: \u00bfCu\u00e1les son las m\u00e1s efectivas y c\u00f3mo usarlas? - RM Norte","og_description":"Mascarilla contra el coronavirus: \u00bfCu\u00e1les son las m\u00e1s efectivas y c\u00f3mo usarlas? Actualmente el uso de la mascarilla ha generado pol\u00e9mica en el mundo, recibimos tanta informaci\u00f3n que es dif\u00edcil discriminar cu\u00e1l es la indicaci\u00f3n m\u00e1s adecuada, es por ello que en alianza con el PAR Explora O\u2019Higgins y el PAR Explora RM Norte de [&hellip;]","og_url":"https:\/\/explora.cl\/rmnorte\/mascarilla-contra-el-coronavirus-cuales-son-las-mas-efectivas-y-como-usarlas-2\/","og_site_name":"RM Norte","article_published_time":"2020-04-13T13:24:57+00:00","article_modified_time":"2020-05-13T22:45:16+00:00","og_image":[{"width":626,"height":417,"url":"https:\/\/explora.cl\/rmnorte\/wp-content\/uploads\/sites\/11\/2020\/04\/personas-que-usan-mascaras-protectoras-muestran-senales-alto-manos_1157-31391.jpg","type":"image\/jpeg"}],"author":"dgarcia","twitter_card":"summary_large_image","twitter_misc":{"Escrito por":"dgarcia","Tiempo estimado de lectura":"5 minutos"},"schema":{"@context":"https:\/\/schema.org","@graph":[{"@type":"Article","@id":"https:\/\/explora.cl\/rmnorte\/mascarilla-contra-el-coronavirus-cuales-son-las-mas-efectivas-y-como-usarlas-2\/#article","isPartOf":{"@id":"https:\/\/explora.cl\/rmnorte\/mascarilla-contra-el-coronavirus-cuales-son-las-mas-efectivas-y-como-usarlas-2\/"},"author":{"name":"dgarcia","@id":"https:\/\/explora.cl\/rmnorte\/#\/schema\/person\/4ad985b29a183eab4170892260e133a5"},"headline":"Mascarilla contra el coronavirus: \u00bfCu\u00e1les son las m\u00e1s efectivas y c\u00f3mo usarlas?","datePublished":"2020-04-13T13:24:57+00:00","dateModified":"2020-05-13T22:45:16+00:00","mainEntityOfPage":{"@id":"https:\/\/explora.cl\/rmnorte\/mascarilla-contra-el-coronavirus-cuales-son-las-mas-efectivas-y-como-usarlas-2\/"},"wordCount":1013,"commentCount":0,"image":{"@id":"https:\/\/explora.cl\/rmnorte\/mascarilla-contra-el-coronavirus-cuales-son-las-mas-efectivas-y-como-usarlas-2\/#primaryimage"},"thumbnailUrl":"https:\/\/explora.cl\/rmnorte\/wp-content\/uploads\/sites\/11\/2020\/04\/personas-que-usan-mascaras-protectoras-muestran-senales-alto-manos_1157-31391.jpg","articleSection":["Lugar 8","Noticias"],"inLanguage":"es-CL","potentialAction":[{"@type":"CommentAction","name":"Comment","target":["https:\/\/explora.cl\/rmnorte\/mascarilla-contra-el-coronavirus-cuales-son-las-mas-efectivas-y-como-usarlas-2\/#respond"]}]},{"@type":"WebPage","@id":"https:\/\/explora.cl\/rmnorte\/mascarilla-contra-el-coronavirus-cuales-son-las-mas-efectivas-y-como-usarlas-2\/","url":"https:\/\/explora.cl\/rmnorte\/mascarilla-contra-el-coronavirus-cuales-son-las-mas-efectivas-y-como-usarlas-2\/","name":"Mascarilla contra el coronavirus: \u00bfCu\u00e1les son las m\u00e1s efectivas y c\u00f3mo usarlas? - RM Norte","isPartOf":{"@id":"https:\/\/explora.cl\/rmnorte\/#website"},"primaryImageOfPage":{"@id":"https:\/\/explora.cl\/rmnorte\/mascarilla-contra-el-coronavirus-cuales-son-las-mas-efectivas-y-como-usarlas-2\/#primaryimage"},"image":{"@id":"https:\/\/explora.cl\/rmnorte\/mascarilla-contra-el-coronavirus-cuales-son-las-mas-efectivas-y-como-usarlas-2\/#primaryimage"},"thumbnailUrl":"https:\/\/explora.cl\/rmnorte\/wp-content\/uploads\/sites\/11\/2020\/04\/personas-que-usan-mascaras-protectoras-muestran-senales-alto-manos_1157-31391.jpg","datePublished":"2020-04-13T13:24:57+00:00","dateModified":"2020-05-13T22:45:16+00:00","author":{"@id":"https:\/\/explora.cl\/rmnorte\/#\/schema\/person\/4ad985b29a183eab4170892260e133a5"},"breadcrumb":{"@id":"https:\/\/explora.cl\/rmnorte\/mascarilla-contra-el-coronavirus-cuales-son-las-mas-efectivas-y-como-usarlas-2\/#breadcrumb"},"inLanguage":"es-CL","potentialAction":[{"@type":"ReadAction","target":["https:\/\/explora.cl\/rmnorte\/mascarilla-contra-el-coronavirus-cuales-son-las-mas-efectivas-y-como-usarlas-2\/"]}]},{"@type":"ImageObject","inLanguage":"es-CL","@id":"https:\/\/explora.cl\/rmnorte\/mascarilla-contra-el-coronavirus-cuales-son-las-mas-efectivas-y-como-usarlas-2\/#primaryimage","url":"https:\/\/explora.cl\/rmnorte\/wp-content\/uploads\/sites\/11\/2020\/04\/personas-que-usan-mascaras-protectoras-muestran-senales-alto-manos_1157-31391.jpg","contentUrl":"https:\/\/explora.cl\/rmnorte\/wp-content\/uploads\/sites\/11\/2020\/04\/personas-que-usan-mascaras-protectoras-muestran-senales-alto-manos_1157-31391.jpg","width":626,"height":417},{"@type":"BreadcrumbList","@id":"https:\/\/explora.cl\/rmnorte\/mascarilla-contra-el-coronavirus-cuales-son-las-mas-efectivas-y-como-usarlas-2\/#breadcrumb","itemListElement":[{"@type":"ListItem","position":1,"name":"Portada","item":"https:\/\/explora.cl\/rmnorte\/"},{"@type":"ListItem","position":2,"name":"Mascarilla contra el coronavirus: \u00bfCu\u00e1les son las m\u00e1s efectivas y c\u00f3mo usarlas?"}]},{"@type":"WebSite","@id":"https:\/\/explora.cl\/rmnorte\/#website","url":"https:\/\/explora.cl\/rmnorte\/","name":"RM Norte","description":"RM Norte explora.cl","potentialAction":[{"@type":"SearchAction","target":{"@type":"EntryPoint","urlTemplate":"https:\/\/explora.cl\/rmnorte\/?s={search_term_string}"},"query-input":{"@type":"PropertyValueSpecification","valueRequired":true,"valueName":"search_term_string"}}],"inLanguage":"es-CL"},{"@type":"Person","@id":"https:\/\/explora.cl\/rmnorte\/#\/schema\/person\/4ad985b29a183eab4170892260e133a5","name":"dgarcia","image":{"@type":"ImageObject","inLanguage":"es-CL","@id":"https:\/\/explora.cl\/rmnorte\/#\/schema\/person\/image\/","url":"https:\/\/secure.gravatar.com\/avatar\/06e2fd9f68a0c19cd669ddc183de83489acab601aa57958e0f60175e5013e6b7?s=96&d=mm&r=g","contentUrl":"https:\/\/secure.gravatar.com\/avatar\/06e2fd9f68a0c19cd669ddc183de83489acab601aa57958e0f60175e5013e6b7?s=96&d=mm&r=g","caption":"dgarcia"},"url":"https:\/\/explora.cl\/rmnorte\/author\/dgarcia\/"}]}},"_links":{"self":[{"href":"https:\/\/explora.cl\/rmnorte\/wp-json\/wp\/v2\/posts\/39545","targetHints":{"allow":["GET"]}}],"collection":[{"href":"https:\/\/explora.cl\/rmnorte\/wp-json\/wp\/v2\/posts"}],"about":[{"href":"https:\/\/explora.cl\/rmnorte\/wp-json\/wp\/v2\/types\/post"}],"author":[{"embeddable":true,"href":"https:\/\/explora.cl\/rmnorte\/wp-json\/wp\/v2\/users\/26"}],"replies":[{"embeddable":true,"href":"https:\/\/explora.cl\/rmnorte\/wp-json\/wp\/v2\/comments?post=39545"}],"version-history":[{"count":4,"href":"https:\/\/explora.cl\/rmnorte\/wp-json\/wp\/v2\/posts\/39545\/revisions"}],"predecessor-version":[{"id":39554,"href":"https:\/\/explora.cl\/rmnorte\/wp-json\/wp\/v2\/posts\/39545\/revisions\/39554"}],"wp:featuredmedia":[{"embeddable":true,"href":"https:\/\/explora.cl\/rmnorte\/wp-json\/wp\/v2\/media\/39546"}],"wp:attachment":[{"href":"https:\/\/explora.cl\/rmnorte\/wp-json\/wp\/v2\/media?parent=39545"}],"wp:term":[{"taxonomy":"category","embeddable":true,"href":"https:\/\/explora.cl\/rmnorte\/wp-json\/wp\/v2\/categories?post=39545"},{"taxonomy":"post_tag","embeddable":true,"href":"https:\/\/explora.cl\/rmnorte\/wp-json\/wp\/v2\/tags?post=39545"}],"curies":[{"name":"wp","href":"https:\/\/api.w.org\/{rel}","templated":true}]}}