{"id":39471,"date":"2020-03-16T16:07:02","date_gmt":"2020-03-16T19:07:02","guid":{"rendered":"https:\/\/explora.cl\/rmnorte\/?p=39471"},"modified":"2020-04-03T16:03:41","modified_gmt":"2020-04-03T19:03:41","slug":"medidas-preventivas-y-de-control-para-ser-implementadas-en-los-colegios-y-mitigar-el-impacto-del-coronavirus-2-2","status":"publish","type":"post","link":"https:\/\/explora.cl\/rmnorte\/medidas-preventivas-y-de-control-para-ser-implementadas-en-los-colegios-y-mitigar-el-impacto-del-coronavirus-2-2\/","title":{"rendered":"MEDIDAS PREVENTIVAS Y DE CONTROL PARA SER IMPLEMENTADAS EN LOS COLEGIOS Y MITIGAR EL IMPACTO DEL CORONAVIRUS"},"content":{"rendered":"<h4 style=\"font-weight: 400\">El Proyecto Asociativo Regional Explora, Regi\u00f3n Metropolitana Norte de la Universidad de Chile, ejecutado por el Centro Avanzado de Enfermedades Cr\u00f3nicas &#8211; ACCDIS, realiz\u00f3 dos documentos adaptados a la realidad chilena, sobre las recomendaciones propuestas en EE.UU. por los Centros para el Control y la Prevenci\u00f3n de Enfermedades (CDC), UNICEF y la Organizaci\u00f3n Mundial de la Salud, con el fin de orientar a la comunidad en general sobre las medidas preventivas y de control a implementar en los colegios para mitigar el impacto del coronavirus<\/h4>\n<h3 style=\"font-weight: 400\">Los siguientes documentos no son un instructivo oficial, sino sugerencias a partir de las fuentes citadas.<\/h3>\n<p>Gu\u00eda para directivos, profesionales de la educaci\u00f3n y administrativos de establecimientos<\/p>\n<p>educacionales:<\/p>\n<p><a href=\"https:\/\/www.accdis.cl\/wp-content\/uploads\/2020\/03\/CDC-Coronavirus-adaptado-Chile-2.pdf\"><img decoding=\"async\" class=\"alignnone wp-image-39472\" src=\"https:\/\/explora.cl\/rmnorte\/wp-content\/uploads\/sites\/11\/2020\/03\/descargar-pdf.png\" alt=\"\" width=\"260\" height=\"77\" srcset=\"https:\/\/explora.cl\/rmnorte\/wp-content\/uploads\/sites\/11\/2020\/03\/descargar-pdf.png 540w, https:\/\/explora.cl\/rmnorte\/wp-content\/uploads\/sites\/11\/2020\/03\/descargar-pdf-300x89.png 300w\" sizes=\"(max-width: 260px) 100vw, 260px\" \/><\/a><\/p>\n<p>Mensajes y acciones claves para la prevenci\u00f3n y control de COVID-19:<\/p>\n<p><a href=\"https:\/\/www.accdis.cl\/wp-content\/uploads\/2020\/03\/Documento-UNICEF-OMS-1.pdf\"><img decoding=\"async\" class=\"alignnone wp-image-39472\" src=\"https:\/\/explora.cl\/rmnorte\/wp-content\/uploads\/sites\/11\/2020\/03\/descargar-pdf.png\" alt=\"\" width=\"259\" height=\"79\" \/><\/a><\/p>\n","protected":false},"excerpt":{"rendered":"<p>El Proyecto Asociativo Regional Explora, Regi\u00f3n Metropolitana Norte de la Universidad de Chile, ejecutado por el Centro Avanzado de Enfermedades Cr\u00f3nicas &#8211; ACCDIS, realiz\u00f3 dos documentos adaptados a la realidad chilena, sobre las recomendaciones propuestas en EE.UU. por los Centros para el Control y la Prevenci\u00f3n de Enfermedades (CDC), UNICEF y la Organizaci\u00f3n Mundial de la Salud, con el fin de orientar a la comunidad en general sobre las medidas preventivas y de control a implementar en los colegios para mitigar el impacto del coronavirus.<\/p>\n","protected":false},"author":26,"featured_media":39476,"comment_status":"open","ping_status":"open","sticky":false,"template":"","format":"standard","meta":{"_acf_changed":false,"_exactmetrics_skip_tracking":false,"_exactmetrics_sitenote_active":false,"_exactmetrics_sitenote_note":"","_exactmetrics_sitenote_category":0,"footnotes":"","_links_to":"","_links_to_target":""},"categories":[143,4],"tags":[],"class_list":["post-39471","post","type-post","status-publish","format-standard","has-post-thumbnail","hentry","category-lugar-8","category-noticias"],"acf":[],"yoast_head":"<!-- This site is optimized with the Yoast SEO plugin v26.9 - https:\/\/yoast.com\/product\/yoast-seo-wordpress\/ -->\n<title>MEDIDAS PREVENTIVAS Y DE CONTROL PARA SER IMPLEMENTADAS EN LOS COLEGIOS Y MITIGAR EL IMPACTO DEL CORONAVIRUS - RM Norte<\/title>\n<meta name=\"robots\" content=\"index, follow, max-snippet:-1, max-image-preview:large, max-video-preview:-1\" \/>\n<link rel=\"canonical\" href=\"https:\/\/explora.cl\/rmnorte\/medidas-preventivas-y-de-control-para-ser-implementadas-en-los-colegios-y-mitigar-el-impacto-del-coronavirus-2-2\/\" class=\"yoast-seo-meta-tag\" \/>\n<meta property=\"og:locale\" content=\"es_ES\" class=\"yoast-seo-meta-tag\" \/>\n<meta property=\"og:type\" content=\"article\" class=\"yoast-seo-meta-tag\" \/>\n<meta property=\"og:title\" content=\"MEDIDAS PREVENTIVAS Y DE CONTROL PARA SER IMPLEMENTADAS EN LOS COLEGIOS Y MITIGAR EL IMPACTO DEL CORONAVIRUS - RM Norte\" class=\"yoast-seo-meta-tag\" \/>\n<meta property=\"og:description\" content=\"El Proyecto Asociativo Regional Explora, Regi\u00f3n Metropolitana Norte de la Universidad de Chile, ejecutado por el Centro Avanzado de Enfermedades Cr\u00f3nicas - ACCDIS, realiz\u00f3 dos documentos adaptados a la realidad chilena, sobre las recomendaciones propuestas en EE.UU. por los Centros para el Control y la Prevenci\u00f3n de Enfermedades (CDC), UNICEF y la Organizaci\u00f3n Mundial de la Salud, con el fin de orientar a la comunidad en general sobre las medidas preventivas y de control a implementar en los colegios para mitigar el impacto del coronavirus.\" class=\"yoast-seo-meta-tag\" \/>\n<meta property=\"og:url\" content=\"https:\/\/explora.cl\/rmnorte\/medidas-preventivas-y-de-control-para-ser-implementadas-en-los-colegios-y-mitigar-el-impacto-del-coronavirus-2-2\/\" class=\"yoast-seo-meta-tag\" \/>\n<meta property=\"og:site_name\" content=\"RM Norte\" class=\"yoast-seo-meta-tag\" \/>\n<meta property=\"article:published_time\" content=\"2020-03-16T19:07:02+00:00\" class=\"yoast-seo-meta-tag\" \/>\n<meta property=\"article:modified_time\" content=\"2020-04-03T19:03:41+00:00\" class=\"yoast-seo-meta-tag\" \/>\n<meta property=\"og:image\" content=\"https:\/\/explora.cl\/rmnorte\/wp-content\/uploads\/sites\/11\/2020\/03\/COVID_19.png\" class=\"yoast-seo-meta-tag\" \/>\n\t<meta property=\"og:image:width\" content=\"1080\" class=\"yoast-seo-meta-tag\" \/>\n\t<meta property=\"og:image:height\" content=\"600\" class=\"yoast-seo-meta-tag\" \/>\n\t<meta property=\"og:image:type\" content=\"image\/png\" class=\"yoast-seo-meta-tag\" \/>\n<meta name=\"author\" content=\"dgarcia\" class=\"yoast-seo-meta-tag\" \/>\n<meta name=\"twitter:card\" content=\"summary_large_image\" class=\"yoast-seo-meta-tag\" \/>\n<meta name=\"twitter:label1\" content=\"Escrito por\" class=\"yoast-seo-meta-tag\" \/>\n\t<meta name=\"twitter:data1\" content=\"dgarcia\" class=\"yoast-seo-meta-tag\" \/>\n\t<meta name=\"twitter:label2\" content=\"Tiempo estimado de lectura\" class=\"yoast-seo-meta-tag\" \/>\n\t<meta name=\"twitter:data2\" content=\"1 minuto\" class=\"yoast-seo-meta-tag\" \/>\n<script type=\"application\/ld+json\" class=\"yoast-schema-graph\">{\"@context\":\"https:\/\/schema.org\",\"@graph\":[{\"@type\":\"Article\",\"@id\":\"https:\/\/explora.cl\/rmnorte\/medidas-preventivas-y-de-control-para-ser-implementadas-en-los-colegios-y-mitigar-el-impacto-del-coronavirus-2-2\/#article\",\"isPartOf\":{\"@id\":\"https:\/\/explora.cl\/rmnorte\/medidas-preventivas-y-de-control-para-ser-implementadas-en-los-colegios-y-mitigar-el-impacto-del-coronavirus-2-2\/\"},\"author\":{\"name\":\"dgarcia\",\"@id\":\"https:\/\/explora.cl\/rmnorte\/#\/schema\/person\/4ad985b29a183eab4170892260e133a5\"},\"headline\":\"MEDIDAS PREVENTIVAS Y DE CONTROL PARA SER IMPLEMENTADAS EN LOS COLEGIOS Y MITIGAR EL IMPACTO DEL CORONAVIRUS\",\"datePublished\":\"2020-03-16T19:07:02+00:00\",\"dateModified\":\"2020-04-03T19:03:41+00:00\",\"mainEntityOfPage\":{\"@id\":\"https:\/\/explora.cl\/rmnorte\/medidas-preventivas-y-de-control-para-ser-implementadas-en-los-colegios-y-mitigar-el-impacto-del-coronavirus-2-2\/\"},\"wordCount\":149,\"commentCount\":0,\"image\":{\"@id\":\"https:\/\/explora.cl\/rmnorte\/medidas-preventivas-y-de-control-para-ser-implementadas-en-los-colegios-y-mitigar-el-impacto-del-coronavirus-2-2\/#primaryimage\"},\"thumbnailUrl\":\"https:\/\/explora.cl\/rmnorte\/wp-content\/uploads\/sites\/11\/2020\/03\/COVID_19.png\",\"articleSection\":[\"Lugar 8\",\"Noticias\"],\"inLanguage\":\"es-CL\",\"potentialAction\":[{\"@type\":\"CommentAction\",\"name\":\"Comment\",\"target\":[\"https:\/\/explora.cl\/rmnorte\/medidas-preventivas-y-de-control-para-ser-implementadas-en-los-colegios-y-mitigar-el-impacto-del-coronavirus-2-2\/#respond\"]}]},{\"@type\":\"WebPage\",\"@id\":\"https:\/\/explora.cl\/rmnorte\/medidas-preventivas-y-de-control-para-ser-implementadas-en-los-colegios-y-mitigar-el-impacto-del-coronavirus-2-2\/\",\"url\":\"https:\/\/explora.cl\/rmnorte\/medidas-preventivas-y-de-control-para-ser-implementadas-en-los-colegios-y-mitigar-el-impacto-del-coronavirus-2-2\/\",\"name\":\"MEDIDAS PREVENTIVAS Y DE CONTROL PARA SER IMPLEMENTADAS EN LOS COLEGIOS Y MITIGAR EL IMPACTO DEL CORONAVIRUS - RM Norte\",\"isPartOf\":{\"@id\":\"https:\/\/explora.cl\/rmnorte\/#website\"},\"primaryImageOfPage\":{\"@id\":\"https:\/\/explora.cl\/rmnorte\/medidas-preventivas-y-de-control-para-ser-implementadas-en-los-colegios-y-mitigar-el-impacto-del-coronavirus-2-2\/#primaryimage\"},\"image\":{\"@id\":\"https:\/\/explora.cl\/rmnorte\/medidas-preventivas-y-de-control-para-ser-implementadas-en-los-colegios-y-mitigar-el-impacto-del-coronavirus-2-2\/#primaryimage\"},\"thumbnailUrl\":\"https:\/\/explora.cl\/rmnorte\/wp-content\/uploads\/sites\/11\/2020\/03\/COVID_19.png\",\"datePublished\":\"2020-03-16T19:07:02+00:00\",\"dateModified\":\"2020-04-03T19:03:41+00:00\",\"author\":{\"@id\":\"https:\/\/explora.cl\/rmnorte\/#\/schema\/person\/4ad985b29a183eab4170892260e133a5\"},\"breadcrumb\":{\"@id\":\"https:\/\/explora.cl\/rmnorte\/medidas-preventivas-y-de-control-para-ser-implementadas-en-los-colegios-y-mitigar-el-impacto-del-coronavirus-2-2\/#breadcrumb\"},\"inLanguage\":\"es-CL\",\"potentialAction\":[{\"@type\":\"ReadAction\",\"target\":[\"https:\/\/explora.cl\/rmnorte\/medidas-preventivas-y-de-control-para-ser-implementadas-en-los-colegios-y-mitigar-el-impacto-del-coronavirus-2-2\/\"]}]},{\"@type\":\"ImageObject\",\"inLanguage\":\"es-CL\",\"@id\":\"https:\/\/explora.cl\/rmnorte\/medidas-preventivas-y-de-control-para-ser-implementadas-en-los-colegios-y-mitigar-el-impacto-del-coronavirus-2-2\/#primaryimage\",\"url\":\"https:\/\/explora.cl\/rmnorte\/wp-content\/uploads\/sites\/11\/2020\/03\/COVID_19.png\",\"contentUrl\":\"https:\/\/explora.cl\/rmnorte\/wp-content\/uploads\/sites\/11\/2020\/03\/COVID_19.png\",\"width\":1080,\"height\":600},{\"@type\":\"BreadcrumbList\",\"@id\":\"https:\/\/explora.cl\/rmnorte\/medidas-preventivas-y-de-control-para-ser-implementadas-en-los-colegios-y-mitigar-el-impacto-del-coronavirus-2-2\/#breadcrumb\",\"itemListElement\":[{\"@type\":\"ListItem\",\"position\":1,\"name\":\"Portada\",\"item\":\"https:\/\/explora.cl\/rmnorte\/\"},{\"@type\":\"ListItem\",\"position\":2,\"name\":\"MEDIDAS PREVENTIVAS Y DE CONTROL PARA SER IMPLEMENTADAS EN LOS COLEGIOS Y MITIGAR EL IMPACTO DEL CORONAVIRUS\"}]},{\"@type\":\"WebSite\",\"@id\":\"https:\/\/explora.cl\/rmnorte\/#website\",\"url\":\"https:\/\/explora.cl\/rmnorte\/\",\"name\":\"RM Norte\",\"description\":\"RM Norte explora.cl\",\"potentialAction\":[{\"@type\":\"SearchAction\",\"target\":{\"@type\":\"EntryPoint\",\"urlTemplate\":\"https:\/\/explora.cl\/rmnorte\/?s={search_term_string}\"},\"query-input\":{\"@type\":\"PropertyValueSpecification\",\"valueRequired\":true,\"valueName\":\"search_term_string\"}}],\"inLanguage\":\"es-CL\"},{\"@type\":\"Person\",\"@id\":\"https:\/\/explora.cl\/rmnorte\/#\/schema\/person\/4ad985b29a183eab4170892260e133a5\",\"name\":\"dgarcia\",\"image\":{\"@type\":\"ImageObject\",\"inLanguage\":\"es-CL\",\"@id\":\"https:\/\/explora.cl\/rmnorte\/#\/schema\/person\/image\/\",\"url\":\"https:\/\/secure.gravatar.com\/avatar\/06e2fd9f68a0c19cd669ddc183de83489acab601aa57958e0f60175e5013e6b7?s=96&d=mm&r=g\",\"contentUrl\":\"https:\/\/secure.gravatar.com\/avatar\/06e2fd9f68a0c19cd669ddc183de83489acab601aa57958e0f60175e5013e6b7?s=96&d=mm&r=g\",\"caption\":\"dgarcia\"},\"url\":\"https:\/\/explora.cl\/rmnorte\/author\/dgarcia\/\"}]}<\/script>\n<!-- \/ Yoast SEO plugin. -->","yoast_head_json":{"title":"MEDIDAS PREVENTIVAS Y DE CONTROL PARA SER IMPLEMENTADAS EN LOS COLEGIOS Y MITIGAR EL IMPACTO DEL CORONAVIRUS - RM Norte","robots":{"index":"index","follow":"follow","max-snippet":"max-snippet:-1","max-image-preview":"max-image-preview:large","max-video-preview":"max-video-preview:-1"},"canonical":"https:\/\/explora.cl\/rmnorte\/medidas-preventivas-y-de-control-para-ser-implementadas-en-los-colegios-y-mitigar-el-impacto-del-coronavirus-2-2\/","og_locale":"es_ES","og_type":"article","og_title":"MEDIDAS PREVENTIVAS Y DE CONTROL PARA SER IMPLEMENTADAS EN LOS COLEGIOS Y MITIGAR EL IMPACTO DEL CORONAVIRUS - RM Norte","og_description":"El Proyecto Asociativo Regional Explora, Regi\u00f3n Metropolitana Norte de la Universidad de Chile, ejecutado por el Centro Avanzado de Enfermedades Cr\u00f3nicas - ACCDIS, realiz\u00f3 dos documentos adaptados a la realidad chilena, sobre las recomendaciones propuestas en EE.UU. por los Centros para el Control y la Prevenci\u00f3n de Enfermedades (CDC), UNICEF y la Organizaci\u00f3n Mundial de la Salud, con el fin de orientar a la comunidad en general sobre las medidas preventivas y de control a implementar en los colegios para mitigar el impacto del coronavirus.","og_url":"https:\/\/explora.cl\/rmnorte\/medidas-preventivas-y-de-control-para-ser-implementadas-en-los-colegios-y-mitigar-el-impacto-del-coronavirus-2-2\/","og_site_name":"RM Norte","article_published_time":"2020-03-16T19:07:02+00:00","article_modified_time":"2020-04-03T19:03:41+00:00","og_image":[{"width":1080,"height":600,"url":"https:\/\/explora.cl\/rmnorte\/wp-content\/uploads\/sites\/11\/2020\/03\/COVID_19.png","type":"image\/png"}],"author":"dgarcia","twitter_card":"summary_large_image","twitter_misc":{"Escrito por":"dgarcia","Tiempo estimado de lectura":"1 minuto"},"schema":{"@context":"https:\/\/schema.org","@graph":[{"@type":"Article","@id":"https:\/\/explora.cl\/rmnorte\/medidas-preventivas-y-de-control-para-ser-implementadas-en-los-colegios-y-mitigar-el-impacto-del-coronavirus-2-2\/#article","isPartOf":{"@id":"https:\/\/explora.cl\/rmnorte\/medidas-preventivas-y-de-control-para-ser-implementadas-en-los-colegios-y-mitigar-el-impacto-del-coronavirus-2-2\/"},"author":{"name":"dgarcia","@id":"https:\/\/explora.cl\/rmnorte\/#\/schema\/person\/4ad985b29a183eab4170892260e133a5"},"headline":"MEDIDAS PREVENTIVAS Y DE CONTROL PARA SER IMPLEMENTADAS EN LOS COLEGIOS Y MITIGAR EL IMPACTO DEL CORONAVIRUS","datePublished":"2020-03-16T19:07:02+00:00","dateModified":"2020-04-03T19:03:41+00:00","mainEntityOfPage":{"@id":"https:\/\/explora.cl\/rmnorte\/medidas-preventivas-y-de-control-para-ser-implementadas-en-los-colegios-y-mitigar-el-impacto-del-coronavirus-2-2\/"},"wordCount":149,"commentCount":0,"image":{"@id":"https:\/\/explora.cl\/rmnorte\/medidas-preventivas-y-de-control-para-ser-implementadas-en-los-colegios-y-mitigar-el-impacto-del-coronavirus-2-2\/#primaryimage"},"thumbnailUrl":"https:\/\/explora.cl\/rmnorte\/wp-content\/uploads\/sites\/11\/2020\/03\/COVID_19.png","articleSection":["Lugar 8","Noticias"],"inLanguage":"es-CL","potentialAction":[{"@type":"CommentAction","name":"Comment","target":["https:\/\/explora.cl\/rmnorte\/medidas-preventivas-y-de-control-para-ser-implementadas-en-los-colegios-y-mitigar-el-impacto-del-coronavirus-2-2\/#respond"]}]},{"@type":"WebPage","@id":"https:\/\/explora.cl\/rmnorte\/medidas-preventivas-y-de-control-para-ser-implementadas-en-los-colegios-y-mitigar-el-impacto-del-coronavirus-2-2\/","url":"https:\/\/explora.cl\/rmnorte\/medidas-preventivas-y-de-control-para-ser-implementadas-en-los-colegios-y-mitigar-el-impacto-del-coronavirus-2-2\/","name":"MEDIDAS PREVENTIVAS Y DE CONTROL PARA SER IMPLEMENTADAS EN LOS COLEGIOS Y MITIGAR EL IMPACTO DEL CORONAVIRUS - RM Norte","isPartOf":{"@id":"https:\/\/explora.cl\/rmnorte\/#website"},"primaryImageOfPage":{"@id":"https:\/\/explora.cl\/rmnorte\/medidas-preventivas-y-de-control-para-ser-implementadas-en-los-colegios-y-mitigar-el-impacto-del-coronavirus-2-2\/#primaryimage"},"image":{"@id":"https:\/\/explora.cl\/rmnorte\/medidas-preventivas-y-de-control-para-ser-implementadas-en-los-colegios-y-mitigar-el-impacto-del-coronavirus-2-2\/#primaryimage"},"thumbnailUrl":"https:\/\/explora.cl\/rmnorte\/wp-content\/uploads\/sites\/11\/2020\/03\/COVID_19.png","datePublished":"2020-03-16T19:07:02+00:00","dateModified":"2020-04-03T19:03:41+00:00","author":{"@id":"https:\/\/explora.cl\/rmnorte\/#\/schema\/person\/4ad985b29a183eab4170892260e133a5"},"breadcrumb":{"@id":"https:\/\/explora.cl\/rmnorte\/medidas-preventivas-y-de-control-para-ser-implementadas-en-los-colegios-y-mitigar-el-impacto-del-coronavirus-2-2\/#breadcrumb"},"inLanguage":"es-CL","potentialAction":[{"@type":"ReadAction","target":["https:\/\/explora.cl\/rmnorte\/medidas-preventivas-y-de-control-para-ser-implementadas-en-los-colegios-y-mitigar-el-impacto-del-coronavirus-2-2\/"]}]},{"@type":"ImageObject","inLanguage":"es-CL","@id":"https:\/\/explora.cl\/rmnorte\/medidas-preventivas-y-de-control-para-ser-implementadas-en-los-colegios-y-mitigar-el-impacto-del-coronavirus-2-2\/#primaryimage","url":"https:\/\/explora.cl\/rmnorte\/wp-content\/uploads\/sites\/11\/2020\/03\/COVID_19.png","contentUrl":"https:\/\/explora.cl\/rmnorte\/wp-content\/uploads\/sites\/11\/2020\/03\/COVID_19.png","width":1080,"height":600},{"@type":"BreadcrumbList","@id":"https:\/\/explora.cl\/rmnorte\/medidas-preventivas-y-de-control-para-ser-implementadas-en-los-colegios-y-mitigar-el-impacto-del-coronavirus-2-2\/#breadcrumb","itemListElement":[{"@type":"ListItem","position":1,"name":"Portada","item":"https:\/\/explora.cl\/rmnorte\/"},{"@type":"ListItem","position":2,"name":"MEDIDAS PREVENTIVAS Y DE CONTROL PARA SER IMPLEMENTADAS EN LOS COLEGIOS Y MITIGAR EL IMPACTO DEL CORONAVIRUS"}]},{"@type":"WebSite","@id":"https:\/\/explora.cl\/rmnorte\/#website","url":"https:\/\/explora.cl\/rmnorte\/","name":"RM Norte","description":"RM Norte explora.cl","potentialAction":[{"@type":"SearchAction","target":{"@type":"EntryPoint","urlTemplate":"https:\/\/explora.cl\/rmnorte\/?s={search_term_string}"},"query-input":{"@type":"PropertyValueSpecification","valueRequired":true,"valueName":"search_term_string"}}],"inLanguage":"es-CL"},{"@type":"Person","@id":"https:\/\/explora.cl\/rmnorte\/#\/schema\/person\/4ad985b29a183eab4170892260e133a5","name":"dgarcia","image":{"@type":"ImageObject","inLanguage":"es-CL","@id":"https:\/\/explora.cl\/rmnorte\/#\/schema\/person\/image\/","url":"https:\/\/secure.gravatar.com\/avatar\/06e2fd9f68a0c19cd669ddc183de83489acab601aa57958e0f60175e5013e6b7?s=96&d=mm&r=g","contentUrl":"https:\/\/secure.gravatar.com\/avatar\/06e2fd9f68a0c19cd669ddc183de83489acab601aa57958e0f60175e5013e6b7?s=96&d=mm&r=g","caption":"dgarcia"},"url":"https:\/\/explora.cl\/rmnorte\/author\/dgarcia\/"}]}},"_links":{"self":[{"href":"https:\/\/explora.cl\/rmnorte\/wp-json\/wp\/v2\/posts\/39471","targetHints":{"allow":["GET"]}}],"collection":[{"href":"https:\/\/explora.cl\/rmnorte\/wp-json\/wp\/v2\/posts"}],"about":[{"href":"https:\/\/explora.cl\/rmnorte\/wp-json\/wp\/v2\/types\/post"}],"author":[{"embeddable":true,"href":"https:\/\/explora.cl\/rmnorte\/wp-json\/wp\/v2\/users\/26"}],"replies":[{"embeddable":true,"href":"https:\/\/explora.cl\/rmnorte\/wp-json\/wp\/v2\/comments?post=39471"}],"version-history":[{"count":1,"href":"https:\/\/explora.cl\/rmnorte\/wp-json\/wp\/v2\/posts\/39471\/revisions"}],"predecessor-version":[{"id":39474,"href":"https:\/\/explora.cl\/rmnorte\/wp-json\/wp\/v2\/posts\/39471\/revisions\/39474"}],"wp:featuredmedia":[{"embeddable":true,"href":"https:\/\/explora.cl\/rmnorte\/wp-json\/wp\/v2\/media\/39476"}],"wp:attachment":[{"href":"https:\/\/explora.cl\/rmnorte\/wp-json\/wp\/v2\/media?parent=39471"}],"wp:term":[{"taxonomy":"category","embeddable":true,"href":"https:\/\/explora.cl\/rmnorte\/wp-json\/wp\/v2\/categories?post=39471"},{"taxonomy":"post_tag","embeddable":true,"href":"https:\/\/explora.cl\/rmnorte\/wp-json\/wp\/v2\/tags?post=39471"}],"curies":[{"name":"wp","href":"https:\/\/api.w.org\/{rel}","templated":true}]}}