{"id":39438,"date":"2020-03-03T09:53:47","date_gmt":"2020-03-03T12:53:47","guid":{"rendered":"https:\/\/explora.cl\/rmnorte\/?p=39438"},"modified":"2020-03-27T18:25:36","modified_gmt":"2020-03-27T21:25:36","slug":"la-diabetes-una-epidemia-mundial","status":"publish","type":"post","link":"https:\/\/explora.cl\/rmnorte\/la-diabetes-una-epidemia-mundial\/","title":{"rendered":"La diabetes: Una epidemia mundial"},"content":{"rendered":"<h3><strong>En Chile, la diabetes se ha transformado en una situaci\u00f3n cr\u00edtica de Salud P\u00fablica con una prevalencia aproximada de un 12% de sospecha, donde los principales afectados son personas mayores de 65 a\u00f1os, sin embargo, actualmente este mal tambi\u00e9n se est\u00e1 presentando en personas m\u00e1s j\u00f3venes, inform\u00f3 el Doctor Mario Chiong, Bioqu\u00edmico experto en diabetes tipo II de la Universidad de Chile.<\/strong><\/h3>\n<p>Se prev\u00e9 que para el a\u00f1o 2030 la diabetes ser\u00e1 la s\u00e9ptima causa de muerte, seg\u00fan la Organizaci\u00f3n Mundial de la Salud (OMS), es por ello que actualmente se hace un llamado urgente a adoptar medidas eficaces de vigilancia, prevenci\u00f3n y control de esta enfermedad.<\/p>\n<p>Para comprender m\u00e1s detallada esta problem\u00e1tica, es necesario conocer qu\u00e9 es la diabetes y sus tipos, esto ayudar\u00e1 a prevenirla y disminuir los factores de riesgo. Seg\u00fan la OMS la <a href=\"https:\/\/www.who.int\/topics\/diabetes_mellitus\/es\/\">diabetes<\/a> es el exceso de glucosa (az\u00facar) en la sangre, la cual se obtiene a trav\u00e9s de los alimentos consumidos. Esta enfermedad aparece cuando el p\u00e1ncreas no produce insulina suficiente o cuando el organismo no responde eficazmente a la insulina.<\/p>\n<p>Los tipos de diabetes m\u00e1s padecidos son: El\u00a0tipo 1, cuando el cuerpo no produce insulina y el tipo 2, cuando el cuerpo no responde a la insulina de manera adecuada.<\/p>\n<p>De este modo, al no haber suficiente insulina, la glucosa permanece en la sangre, conduciendo a alteraciones en las funciones del cuerpo humano. Por ejemplo, si el az\u00facar se une a las prote\u00ednas que forman el cristal del ojo, oscurecer\u00e1 el cristalino y producir\u00e1 cataratas, esta es una de las consecuencias t\u00edpica de las personas diab\u00e9ticas, inform\u00f3 el Doctor Chiong, Bioqu\u00edmico experto en diabetes tipo II de la Universidad de Chile.<\/p>\n<p><img fetchpriority=\"high\" decoding=\"async\" class=\"wp-image-39441 aligncenter\" src=\"https:\/\/explora.cl\/rmnorte\/wp-content\/uploads\/sites\/11\/2020\/03\/DIABETES-FOTO-2.jpg\" alt=\"\" width=\"586\" height=\"400\" srcset=\"https:\/\/explora.cl\/rmnorte\/wp-content\/uploads\/sites\/11\/2020\/03\/DIABETES-FOTO-2.jpg 738w, https:\/\/explora.cl\/rmnorte\/wp-content\/uploads\/sites\/11\/2020\/03\/DIABETES-FOTO-2-300x205.jpg 300w, https:\/\/explora.cl\/rmnorte\/wp-content\/uploads\/sites\/11\/2020\/03\/DIABETES-FOTO-2-474x324.jpg 474w\" sizes=\"(max-width: 586px) 100vw, 586px\" \/><\/p>\n<p>Actualmente, seg\u00fan el \u00faltimo informe de la <a href=\"https:\/\/ncdalliance.org\/es\/news-events\/news\/the-lancet-la-sindemia-mundial-de-obesidad-desnutrici%C3%B3n-y-cambio-clim%C3%A1tico-es-la-amenaza-m%C3%A1s-grave-para-la-salud\">Comisi\u00f3n de Obesidad de The Lancet<\/a>, apunta a que una de las causas principales de la diabetes es la obesidad, factor de riesgo que se ha transformado en situaci\u00f3n cr\u00edtica de Salud P\u00fablica. Y lo cual ha generado un 12% de sospecha de diabetes, donde los principales afectados son personas mayores de 65 a\u00f1os, sin embargo, actualmente este mal tambi\u00e9n se est\u00e1 presentando en personas m\u00e1s j\u00f3venes, agreg\u00f3 Chiong.<\/p>\n<p>Dicha prevalencia se hizo notar en los resultados de la \u00faltima <a href=\"https:\/\/www.minsal.cl\/wp-content\/uploads\/2017\/11\/ENS-2016-17_PRIMEROS-RESULTADOS.pdf\">Encuesta Nacional de Salud 2016-2017<\/a>, donde se destac\u00f3 que el sobrepeso y la obesidad en los chilenos llegaron al 74,2% de la poblaci\u00f3n y el sedentarismo a 86,7%. Adem\u00e1s, se detect\u00f3 que la\u00a0diabetes tipo 2 est\u00e1 aumentando sobre todo entre los j\u00f3venes de 15 a 24 a\u00f1os, pasando del 0,4% en la medici\u00f3n anterior (2009-2010) al 1,8% y en el grupo de 25 &#8211; 44 a\u00f1os pas\u00f3 de 3,8% a 6,3%.<\/p>\n<p><strong>\u00bfPor qu\u00e9 esta aumentado la diabetes en personas m\u00e1s j\u00f3venes?<\/strong><\/p>\n<p>Seg\u00fan la doctora Gloria Briones, jefa del Servicio de Diabetes y Nutrici\u00f3n de Adulto del Hospital San Juan de Dios, apunta a que una de las causas de este aumento tiene que ver con el sobrepeso y obesidad que los ni\u00f1os y ni\u00f1as empiezan a padecer desde la educaci\u00f3n b\u00e1sica, \u201cestos son los principales factores de riesgo para padecer diabetes\u201d asegur\u00f3 la doctora.<\/p>\n<p>Por otro lado, el doctor Manuel Garc\u00eda de los R\u00edos, diabet\u00f3logo y cofundador del Hospital San Juan de Dios, en una entrevista realizada por Radio Concierto coment\u00f3 al respecto,\u00a0&#8220;hemos copiado los p\u00e9simos h\u00e1bitos alimenticios del hemisferio norte, lo que nos deja como el segundo pa\u00eds de Latinoam\u00e9rica en tener \u00edndices m\u00e1s altos de diabetes&#8221;.<\/p>\n<p>Asimismo, inform\u00f3 que adem\u00e1s de las causas generales que produce la diabetes como lo son: los malos h\u00e1bitos alimenticios, el sedentarismo y la obesidad, tiene relevancia el \u00e1mbito hereditario \u201ccuando se interroga a los pacientes con diabetes tipo 2, alrededor del 40% da como resultado un antecedente familiar con esta patolog\u00eda\u201d.<\/p>\n<p>Es as\u00ed como el Dr. Mario tambi\u00e9n afirma, que a pesar que la diabetes y obesidad son enfermedades no contagiosas, \u201cactualmente se est\u00e1 considerando, que son patolog\u00edas socialmente trasmisibles, es decir, cuando los padres tienen malos h\u00e1bitos alimenticios los ni\u00f1os adoptan dichas costumbre\u201d.<\/p>\n<p>Por otro lado, otra causa del aumento de diabetes en personas m\u00e1s j\u00f3venes, se relaciona al f\u00e1cil acceso de los\u00a0alimentos procesados y bebidas gaseosas ricas en az\u00facares, grasas o sal, seg\u00fan informaci\u00f3n suministrada por el informe de la Comisi\u00f3n de Obesidad de The Lancet.<\/p>\n<p><strong>Prevenci\u00f3n <\/strong><\/p>\n<p>La Organizaci\u00f3n Mundial de Salud ha demostrado que realizar las simples medidas de prevenci\u00f3n relacionadas con el estilo de vida, son eficaces para prevenir la diabetes tipo 2 o retrasar su aparici\u00f3n. Tomando en cuenta, que la diabetes tipo 1 es la menos desarrollada en el mundo y su aparici\u00f3n suele ocurrir a muy temprana edad, en este sentido el doctor Manuel asegura que una de las acciones a tomar, debe empezar desde el jard\u00edn infantil \u201ccambiar las costumbres en los adultos es muy dif\u00edcil\u201d.<\/p>\n<p>Por su parte, la Dra. Gloria tambi\u00e9n afirma que la alimentaci\u00f3n es fundamental para la prevenci\u00f3n de esta enfermedad, siempre y cuando se acompa\u00f1e de actividad f\u00edsica.<\/p>\n<p><strong>Recomendaciones generales:\u00a0 <\/strong><\/p>\n<ul>\n<li>Comer frutas y verduras de todo tipo, en especial aquellas que tengan fibra.<\/li>\n<li>Restringir el consumo de az\u00facar refinada y grasas saturadas<\/li>\n<li>Mantener un peso corporal saludable.<\/li>\n<li>Realizar al menos 30 diarios minutos de actividad f\u00edsica<\/li>\n<li>Evitar el consumo de tabaco.<\/li>\n<\/ul>\n<p>\u201cEste estilo de vida no solo previene la diabetes y obesidad, sino que tambi\u00e9n evita el padecimiento de otras enfermedades cr\u00f3nicas y problemas osteomusculares \u2212la artrosis en las rodillas generada por el sobrepeso\u2212\u201d, coment\u00f3 la doctora Briones.<\/p>\n<p><strong>Estudios actuales <\/strong><\/p>\n<p>El Centro Avanzado de Enfermedades Cr\u00f3nicas ACCDiS, actualmente trabaja en un estudio de investigaci\u00f3n de base poblacional que busca conocer la historia natural del desarrollo de la enfermedad, en la comunidad agr\u00edcola del Maule. El objetivo es determinar qu\u00e9 factores de riesgo existen en la poblaci\u00f3n chilena que predispone a los individuos a sufrir diabetes tipo 1 y 2.<\/p>\n<p>&nbsp;<\/p>\n<p>La investigaci\u00f3n se basa en realizar encuestas y examinar a un grupo de\u00a010.000 personas, para luego observarlas durante un per\u00edodo de 10 a\u00f1os. \u201cHasta la fecha, se ha demostrado que la diabetes no es una enfermedad \u00fanica, sino que habitualmente al sufrir esta patolog\u00eda se padece de otras dos enfermedades, siendo una de ellas la hipertensi\u00f3n arterial y el aumento exagerado de los niveles de grasa en la sangre, denominado dislipidemia\u201d inform\u00f3 el Dr. Mario, investigador asociado de ACCDiS.<\/p>\n<p>Tambi\u00e9n coment\u00f3, que el otro hallazgo guarda relaci\u00f3n con los estudios generales demostrados en la poblaci\u00f3n chilena, con respecto al aumento de la diabetes y el s\u00edndrome metab\u00f3lico \u2013conjunto de trastornos que aumentan el riesgo de enfermedad card\u00edaca, accidente cerebrovascular y diabetes tipo 2\u2013.<\/p>\n<p>Desde otra perspectiva, la doctora Gloria del Hospital San Juan de Dios, inform\u00f3 que en marzo se presentar\u00e1n los resultados del a\u00f1o 2019 con respecto a la experiencia del medicamento SGLT2 en los pacientes, el cual impide la reabsorci\u00f3n del az\u00facar al nivel de ri\u00f1\u00f3n y ayuda a bajar de peso.<\/p>\n<p>&nbsp;<\/p>\n<p>&nbsp;<\/p>\n<p>&nbsp;<\/p>\n","protected":false},"excerpt":{"rendered":"<p>50 profesores, provenientes de 17 comunas de la Regi\u00f3n Metropolitana, son parte del Campamento Explora Va 2020 del PAR Explora Regi\u00f3n Metropolitana Norte de la Universidad de Chile. <\/p>\n","protected":false},"author":26,"featured_media":39442,"comment_status":"open","ping_status":"open","sticky":false,"template":"","format":"standard","meta":{"_acf_changed":false,"_exactmetrics_skip_tracking":false,"_exactmetrics_sitenote_active":false,"_exactmetrics_sitenote_note":"","_exactmetrics_sitenote_category":0,"footnotes":"","_links_to":"","_links_to_target":""},"categories":[143,4],"tags":[],"class_list":["post-39438","post","type-post","status-publish","format-standard","has-post-thumbnail","hentry","category-lugar-8","category-noticias"],"acf":[],"yoast_head":"<!-- This site is optimized with the Yoast SEO plugin v26.9 - https:\/\/yoast.com\/product\/yoast-seo-wordpress\/ -->\n<title>La diabetes: Una epidemia mundial - RM Norte<\/title>\n<meta name=\"robots\" content=\"index, follow, max-snippet:-1, max-image-preview:large, max-video-preview:-1\" \/>\n<link rel=\"canonical\" href=\"https:\/\/explora.cl\/rmnorte\/la-diabetes-una-epidemia-mundial\/\" class=\"yoast-seo-meta-tag\" \/>\n<meta property=\"og:locale\" content=\"es_ES\" class=\"yoast-seo-meta-tag\" \/>\n<meta property=\"og:type\" content=\"article\" class=\"yoast-seo-meta-tag\" \/>\n<meta property=\"og:title\" content=\"La diabetes: Una epidemia mundial - RM Norte\" class=\"yoast-seo-meta-tag\" \/>\n<meta property=\"og:description\" content=\"50 profesores, provenientes de 17 comunas de la Regi\u00f3n Metropolitana, son parte del Campamento Explora Va 2020 del PAR Explora Regi\u00f3n Metropolitana Norte de la Universidad de Chile.\" class=\"yoast-seo-meta-tag\" \/>\n<meta property=\"og:url\" content=\"https:\/\/explora.cl\/rmnorte\/la-diabetes-una-epidemia-mundial\/\" class=\"yoast-seo-meta-tag\" \/>\n<meta property=\"og:site_name\" content=\"RM Norte\" class=\"yoast-seo-meta-tag\" \/>\n<meta property=\"article:published_time\" content=\"2020-03-03T12:53:47+00:00\" class=\"yoast-seo-meta-tag\" \/>\n<meta property=\"article:modified_time\" content=\"2020-03-27T21:25:36+00:00\" class=\"yoast-seo-meta-tag\" \/>\n<meta property=\"og:image\" content=\"https:\/\/explora.cl\/rmnorte\/wp-content\/uploads\/sites\/11\/2020\/03\/DIABETES-FOTO1.jpg\" class=\"yoast-seo-meta-tag\" \/>\n\t<meta property=\"og:image:width\" content=\"625\" class=\"yoast-seo-meta-tag\" \/>\n\t<meta property=\"og:image:height\" content=\"417\" class=\"yoast-seo-meta-tag\" \/>\n\t<meta property=\"og:image:type\" content=\"image\/jpeg\" class=\"yoast-seo-meta-tag\" \/>\n<meta name=\"author\" content=\"dgarcia\" class=\"yoast-seo-meta-tag\" \/>\n<meta name=\"twitter:card\" content=\"summary_large_image\" class=\"yoast-seo-meta-tag\" \/>\n<meta name=\"twitter:label1\" content=\"Escrito por\" class=\"yoast-seo-meta-tag\" \/>\n\t<meta name=\"twitter:data1\" content=\"dgarcia\" class=\"yoast-seo-meta-tag\" \/>\n\t<meta name=\"twitter:label2\" content=\"Tiempo estimado de lectura\" class=\"yoast-seo-meta-tag\" \/>\n\t<meta name=\"twitter:data2\" content=\"6 minutos\" class=\"yoast-seo-meta-tag\" \/>\n<script type=\"application\/ld+json\" class=\"yoast-schema-graph\">{\"@context\":\"https:\/\/schema.org\",\"@graph\":[{\"@type\":\"Article\",\"@id\":\"https:\/\/explora.cl\/rmnorte\/la-diabetes-una-epidemia-mundial\/#article\",\"isPartOf\":{\"@id\":\"https:\/\/explora.cl\/rmnorte\/la-diabetes-una-epidemia-mundial\/\"},\"author\":{\"name\":\"dgarcia\",\"@id\":\"https:\/\/explora.cl\/rmnorte\/#\/schema\/person\/4ad985b29a183eab4170892260e133a5\"},\"headline\":\"La diabetes: Una epidemia mundial\",\"datePublished\":\"2020-03-03T12:53:47+00:00\",\"dateModified\":\"2020-03-27T21:25:36+00:00\",\"mainEntityOfPage\":{\"@id\":\"https:\/\/explora.cl\/rmnorte\/la-diabetes-una-epidemia-mundial\/\"},\"wordCount\":1220,\"commentCount\":0,\"image\":{\"@id\":\"https:\/\/explora.cl\/rmnorte\/la-diabetes-una-epidemia-mundial\/#primaryimage\"},\"thumbnailUrl\":\"https:\/\/explora.cl\/rmnorte\/wp-content\/uploads\/sites\/11\/2020\/03\/DIABETES-FOTO1.jpg\",\"articleSection\":[\"Lugar 8\",\"Noticias\"],\"inLanguage\":\"es-CL\",\"potentialAction\":[{\"@type\":\"CommentAction\",\"name\":\"Comment\",\"target\":[\"https:\/\/explora.cl\/rmnorte\/la-diabetes-una-epidemia-mundial\/#respond\"]}]},{\"@type\":\"WebPage\",\"@id\":\"https:\/\/explora.cl\/rmnorte\/la-diabetes-una-epidemia-mundial\/\",\"url\":\"https:\/\/explora.cl\/rmnorte\/la-diabetes-una-epidemia-mundial\/\",\"name\":\"La diabetes: Una epidemia mundial - RM Norte\",\"isPartOf\":{\"@id\":\"https:\/\/explora.cl\/rmnorte\/#website\"},\"primaryImageOfPage\":{\"@id\":\"https:\/\/explora.cl\/rmnorte\/la-diabetes-una-epidemia-mundial\/#primaryimage\"},\"image\":{\"@id\":\"https:\/\/explora.cl\/rmnorte\/la-diabetes-una-epidemia-mundial\/#primaryimage\"},\"thumbnailUrl\":\"https:\/\/explora.cl\/rmnorte\/wp-content\/uploads\/sites\/11\/2020\/03\/DIABETES-FOTO1.jpg\",\"datePublished\":\"2020-03-03T12:53:47+00:00\",\"dateModified\":\"2020-03-27T21:25:36+00:00\",\"author\":{\"@id\":\"https:\/\/explora.cl\/rmnorte\/#\/schema\/person\/4ad985b29a183eab4170892260e133a5\"},\"breadcrumb\":{\"@id\":\"https:\/\/explora.cl\/rmnorte\/la-diabetes-una-epidemia-mundial\/#breadcrumb\"},\"inLanguage\":\"es-CL\",\"potentialAction\":[{\"@type\":\"ReadAction\",\"target\":[\"https:\/\/explora.cl\/rmnorte\/la-diabetes-una-epidemia-mundial\/\"]}]},{\"@type\":\"ImageObject\",\"inLanguage\":\"es-CL\",\"@id\":\"https:\/\/explora.cl\/rmnorte\/la-diabetes-una-epidemia-mundial\/#primaryimage\",\"url\":\"https:\/\/explora.cl\/rmnorte\/wp-content\/uploads\/sites\/11\/2020\/03\/DIABETES-FOTO1.jpg\",\"contentUrl\":\"https:\/\/explora.cl\/rmnorte\/wp-content\/uploads\/sites\/11\/2020\/03\/DIABETES-FOTO1.jpg\",\"width\":625,\"height\":417,\"caption\":\"Hand holding a blood glucose meter measuring blood sugar, the background is a stethoscope and chart file\"},{\"@type\":\"BreadcrumbList\",\"@id\":\"https:\/\/explora.cl\/rmnorte\/la-diabetes-una-epidemia-mundial\/#breadcrumb\",\"itemListElement\":[{\"@type\":\"ListItem\",\"position\":1,\"name\":\"Portada\",\"item\":\"https:\/\/explora.cl\/rmnorte\/\"},{\"@type\":\"ListItem\",\"position\":2,\"name\":\"La diabetes: Una epidemia mundial\"}]},{\"@type\":\"WebSite\",\"@id\":\"https:\/\/explora.cl\/rmnorte\/#website\",\"url\":\"https:\/\/explora.cl\/rmnorte\/\",\"name\":\"RM Norte\",\"description\":\"RM Norte explora.cl\",\"potentialAction\":[{\"@type\":\"SearchAction\",\"target\":{\"@type\":\"EntryPoint\",\"urlTemplate\":\"https:\/\/explora.cl\/rmnorte\/?s={search_term_string}\"},\"query-input\":{\"@type\":\"PropertyValueSpecification\",\"valueRequired\":true,\"valueName\":\"search_term_string\"}}],\"inLanguage\":\"es-CL\"},{\"@type\":\"Person\",\"@id\":\"https:\/\/explora.cl\/rmnorte\/#\/schema\/person\/4ad985b29a183eab4170892260e133a5\",\"name\":\"dgarcia\",\"image\":{\"@type\":\"ImageObject\",\"inLanguage\":\"es-CL\",\"@id\":\"https:\/\/explora.cl\/rmnorte\/#\/schema\/person\/image\/\",\"url\":\"https:\/\/secure.gravatar.com\/avatar\/06e2fd9f68a0c19cd669ddc183de83489acab601aa57958e0f60175e5013e6b7?s=96&d=mm&r=g\",\"contentUrl\":\"https:\/\/secure.gravatar.com\/avatar\/06e2fd9f68a0c19cd669ddc183de83489acab601aa57958e0f60175e5013e6b7?s=96&d=mm&r=g\",\"caption\":\"dgarcia\"},\"url\":\"https:\/\/explora.cl\/rmnorte\/author\/dgarcia\/\"}]}<\/script>\n<!-- \/ Yoast SEO plugin. -->","yoast_head_json":{"title":"La diabetes: Una epidemia mundial - RM Norte","robots":{"index":"index","follow":"follow","max-snippet":"max-snippet:-1","max-image-preview":"max-image-preview:large","max-video-preview":"max-video-preview:-1"},"canonical":"https:\/\/explora.cl\/rmnorte\/la-diabetes-una-epidemia-mundial\/","og_locale":"es_ES","og_type":"article","og_title":"La diabetes: Una epidemia mundial - RM Norte","og_description":"50 profesores, provenientes de 17 comunas de la Regi\u00f3n Metropolitana, son parte del Campamento Explora Va 2020 del PAR Explora Regi\u00f3n Metropolitana Norte de la Universidad de Chile.","og_url":"https:\/\/explora.cl\/rmnorte\/la-diabetes-una-epidemia-mundial\/","og_site_name":"RM Norte","article_published_time":"2020-03-03T12:53:47+00:00","article_modified_time":"2020-03-27T21:25:36+00:00","og_image":[{"width":625,"height":417,"url":"https:\/\/explora.cl\/rmnorte\/wp-content\/uploads\/sites\/11\/2020\/03\/DIABETES-FOTO1.jpg","type":"image\/jpeg"}],"author":"dgarcia","twitter_card":"summary_large_image","twitter_misc":{"Escrito por":"dgarcia","Tiempo estimado de lectura":"6 minutos"},"schema":{"@context":"https:\/\/schema.org","@graph":[{"@type":"Article","@id":"https:\/\/explora.cl\/rmnorte\/la-diabetes-una-epidemia-mundial\/#article","isPartOf":{"@id":"https:\/\/explora.cl\/rmnorte\/la-diabetes-una-epidemia-mundial\/"},"author":{"name":"dgarcia","@id":"https:\/\/explora.cl\/rmnorte\/#\/schema\/person\/4ad985b29a183eab4170892260e133a5"},"headline":"La diabetes: Una epidemia mundial","datePublished":"2020-03-03T12:53:47+00:00","dateModified":"2020-03-27T21:25:36+00:00","mainEntityOfPage":{"@id":"https:\/\/explora.cl\/rmnorte\/la-diabetes-una-epidemia-mundial\/"},"wordCount":1220,"commentCount":0,"image":{"@id":"https:\/\/explora.cl\/rmnorte\/la-diabetes-una-epidemia-mundial\/#primaryimage"},"thumbnailUrl":"https:\/\/explora.cl\/rmnorte\/wp-content\/uploads\/sites\/11\/2020\/03\/DIABETES-FOTO1.jpg","articleSection":["Lugar 8","Noticias"],"inLanguage":"es-CL","potentialAction":[{"@type":"CommentAction","name":"Comment","target":["https:\/\/explora.cl\/rmnorte\/la-diabetes-una-epidemia-mundial\/#respond"]}]},{"@type":"WebPage","@id":"https:\/\/explora.cl\/rmnorte\/la-diabetes-una-epidemia-mundial\/","url":"https:\/\/explora.cl\/rmnorte\/la-diabetes-una-epidemia-mundial\/","name":"La diabetes: Una epidemia mundial - RM Norte","isPartOf":{"@id":"https:\/\/explora.cl\/rmnorte\/#website"},"primaryImageOfPage":{"@id":"https:\/\/explora.cl\/rmnorte\/la-diabetes-una-epidemia-mundial\/#primaryimage"},"image":{"@id":"https:\/\/explora.cl\/rmnorte\/la-diabetes-una-epidemia-mundial\/#primaryimage"},"thumbnailUrl":"https:\/\/explora.cl\/rmnorte\/wp-content\/uploads\/sites\/11\/2020\/03\/DIABETES-FOTO1.jpg","datePublished":"2020-03-03T12:53:47+00:00","dateModified":"2020-03-27T21:25:36+00:00","author":{"@id":"https:\/\/explora.cl\/rmnorte\/#\/schema\/person\/4ad985b29a183eab4170892260e133a5"},"breadcrumb":{"@id":"https:\/\/explora.cl\/rmnorte\/la-diabetes-una-epidemia-mundial\/#breadcrumb"},"inLanguage":"es-CL","potentialAction":[{"@type":"ReadAction","target":["https:\/\/explora.cl\/rmnorte\/la-diabetes-una-epidemia-mundial\/"]}]},{"@type":"ImageObject","inLanguage":"es-CL","@id":"https:\/\/explora.cl\/rmnorte\/la-diabetes-una-epidemia-mundial\/#primaryimage","url":"https:\/\/explora.cl\/rmnorte\/wp-content\/uploads\/sites\/11\/2020\/03\/DIABETES-FOTO1.jpg","contentUrl":"https:\/\/explora.cl\/rmnorte\/wp-content\/uploads\/sites\/11\/2020\/03\/DIABETES-FOTO1.jpg","width":625,"height":417,"caption":"Hand holding a blood glucose meter measuring blood sugar, the background is a stethoscope and chart file"},{"@type":"BreadcrumbList","@id":"https:\/\/explora.cl\/rmnorte\/la-diabetes-una-epidemia-mundial\/#breadcrumb","itemListElement":[{"@type":"ListItem","position":1,"name":"Portada","item":"https:\/\/explora.cl\/rmnorte\/"},{"@type":"ListItem","position":2,"name":"La diabetes: Una epidemia mundial"}]},{"@type":"WebSite","@id":"https:\/\/explora.cl\/rmnorte\/#website","url":"https:\/\/explora.cl\/rmnorte\/","name":"RM Norte","description":"RM Norte explora.cl","potentialAction":[{"@type":"SearchAction","target":{"@type":"EntryPoint","urlTemplate":"https:\/\/explora.cl\/rmnorte\/?s={search_term_string}"},"query-input":{"@type":"PropertyValueSpecification","valueRequired":true,"valueName":"search_term_string"}}],"inLanguage":"es-CL"},{"@type":"Person","@id":"https:\/\/explora.cl\/rmnorte\/#\/schema\/person\/4ad985b29a183eab4170892260e133a5","name":"dgarcia","image":{"@type":"ImageObject","inLanguage":"es-CL","@id":"https:\/\/explora.cl\/rmnorte\/#\/schema\/person\/image\/","url":"https:\/\/secure.gravatar.com\/avatar\/06e2fd9f68a0c19cd669ddc183de83489acab601aa57958e0f60175e5013e6b7?s=96&d=mm&r=g","contentUrl":"https:\/\/secure.gravatar.com\/avatar\/06e2fd9f68a0c19cd669ddc183de83489acab601aa57958e0f60175e5013e6b7?s=96&d=mm&r=g","caption":"dgarcia"},"url":"https:\/\/explora.cl\/rmnorte\/author\/dgarcia\/"}]}},"_links":{"self":[{"href":"https:\/\/explora.cl\/rmnorte\/wp-json\/wp\/v2\/posts\/39438","targetHints":{"allow":["GET"]}}],"collection":[{"href":"https:\/\/explora.cl\/rmnorte\/wp-json\/wp\/v2\/posts"}],"about":[{"href":"https:\/\/explora.cl\/rmnorte\/wp-json\/wp\/v2\/types\/post"}],"author":[{"embeddable":true,"href":"https:\/\/explora.cl\/rmnorte\/wp-json\/wp\/v2\/users\/26"}],"replies":[{"embeddable":true,"href":"https:\/\/explora.cl\/rmnorte\/wp-json\/wp\/v2\/comments?post=39438"}],"version-history":[{"count":2,"href":"https:\/\/explora.cl\/rmnorte\/wp-json\/wp\/v2\/posts\/39438\/revisions"}],"predecessor-version":[{"id":39450,"href":"https:\/\/explora.cl\/rmnorte\/wp-json\/wp\/v2\/posts\/39438\/revisions\/39450"}],"wp:featuredmedia":[{"embeddable":true,"href":"https:\/\/explora.cl\/rmnorte\/wp-json\/wp\/v2\/media\/39442"}],"wp:attachment":[{"href":"https:\/\/explora.cl\/rmnorte\/wp-json\/wp\/v2\/media?parent=39438"}],"wp:term":[{"taxonomy":"category","embeddable":true,"href":"https:\/\/explora.cl\/rmnorte\/wp-json\/wp\/v2\/categories?post=39438"},{"taxonomy":"post_tag","embeddable":true,"href":"https:\/\/explora.cl\/rmnorte\/wp-json\/wp\/v2\/tags?post=39438"}],"curies":[{"name":"wp","href":"https:\/\/api.w.org\/{rel}","templated":true}]}}