{"id":39434,"date":"2020-03-03T09:37:27","date_gmt":"2020-03-03T12:37:27","guid":{"rendered":"https:\/\/explora.cl\/rmnorte\/?p=39434"},"modified":"2020-04-01T13:35:44","modified_gmt":"2020-04-01T16:35:44","slug":"damos-inicio-al-programa-de-indagacion-para-primeras-edades-pipe-2","status":"publish","type":"post","link":"https:\/\/explora.cl\/rmnorte\/damos-inicio-al-programa-de-indagacion-para-primeras-edades-pipe-2\/","title":{"rendered":"Damos inicio al Programa de Indagaci\u00f3n para Primeras Edades (PIPE)"},"content":{"rendered":"<h3><strong>\u201cLos ni\u00f1os con condiciones especiales tienen las mismas capacidades intelectuales que los dem\u00e1s estudiantes, debemos motivarlos y ense\u00f1arles la ciencia desde la etapa inicial\u201d, coment\u00f3 emotivamente la profesora Karina D\u00edaz, quien a trav\u00e9s del lenguaje de se\u00f1as recibi\u00f3 la capacitaci\u00f3n del Programa de Indagaci\u00f3n para Primeras Edades (PIPE).<\/strong><\/h3>\n<p>El Proyecto Asociativo Regional Explora, Regi\u00f3n Metropolitana Norte (PAR Explora RM Norte) de la Agencia Nacional de Investigaci\u00f3n y Desarrollo, present\u00f3 en estado piloto su Programa de Indagaci\u00f3n para Primeras Edades (PIPE), m\u00f3dulo Animales, el cual est\u00e1 orientado a facilitar el aprendizaje de la ciencia a temprana edad, permitiendo estimular la observaci\u00f3n, inferencia y exploraci\u00f3n en el nivel preescolar.<\/p>\n<p>En esta oportunidad, PAR Explora RM Norte trabajar\u00e1 con las educadoras de p\u00e1rvulo y docentes el m\u00f3dulo de Animales, el cual les permitir\u00e1 a ni\u00f1os y ni\u00f1as conocer conceptos claves como: ciclo de vida, h\u00e1bitat, servicios ecosist\u00e9micos y contaminaci\u00f3n, desarrollando la habilidad de la indagaci\u00f3n durante la implementaci\u00f3n de las experiencias cient\u00edficas.<\/p>\n<p>\u201cA diferencia del ciclo tradicional de ense\u00f1anza de las ciencias, este modelo le permitir\u00e1 a los ni\u00f1os y ni\u00f1as tener un rol fundamental en su propio aprendizaje\u201d, inform\u00f3 Emma Figari, encargada del Programa PIPE del PAR Explora RM Norte.<\/p>\n<p>Esta iniciativa inici\u00f3 en enero con una capacitaci\u00f3n en la que participaron educadoras y docentes de 14 colegios y jardines infantiles pertenecientes a la Regi\u00f3n Metropolitana, quienes durante la actividad realizaron un taller pr\u00e1ctico, revisaron contenidos y actividades del programa, y recibieron el kit cient\u00edfico con material de apoyo. Las actividades ser\u00e1n implementadas en sus establecimientos educacionales durante el primer semestre del a\u00f1o 2020.<\/p>\n<p><img fetchpriority=\"high\" decoding=\"async\" class=\"wp-image-39435 aligncenter\" src=\"https:\/\/explora.cl\/rmnorte\/wp-content\/uploads\/sites\/11\/2020\/03\/PIPES-FOTO-2.jpg\" alt=\"\" width=\"586\" height=\"391\" srcset=\"https:\/\/explora.cl\/rmnorte\/wp-content\/uploads\/sites\/11\/2020\/03\/PIPES-FOTO-2.jpg 1296w, https:\/\/explora.cl\/rmnorte\/wp-content\/uploads\/sites\/11\/2020\/03\/PIPES-FOTO-2-300x200.jpg 300w, https:\/\/explora.cl\/rmnorte\/wp-content\/uploads\/sites\/11\/2020\/03\/PIPES-FOTO-2-768x512.jpg 768w, https:\/\/explora.cl\/rmnorte\/wp-content\/uploads\/sites\/11\/2020\/03\/PIPES-FOTO-2-1024x683.jpg 1024w\" sizes=\"(max-width: 586px) 100vw, 586px\" \/><\/p>\n<p>La profesora Karina D\u00edaz de la Escuela Especial Santiago Ap\u00f3stol, fue una de las seleccionadas para participar en PIPE, quien a trav\u00e9s de su interpret\u00e9 coment\u00f3 \u201cMe interes\u00f3 esta iniciativa porque realmente hay muy poco material disponible para ense\u00f1ar ciencia a los ni\u00f1os y ni\u00f1as de p\u00e1rvulo con condiciones especiales. Mi objetivo es aprender nuevas t\u00e9cnicas para que ellos entiendan con mayor facilidad la ciencia\u201d. Adem\u00e1s, aprovech\u00f3 la oportunidad para invitar a los dem\u00e1s educadores a unirse a la ense\u00f1anza de esta disciplina \u201cjuntos podemos contribuir con el desarrollo de actitudes, habilidades y nuevos conocimientos en los ni\u00f1os y ni\u00f1as m\u00e1s peque\u00f1os\u201d.<\/p>\n<p>&nbsp;<\/p>\n<p>&nbsp;<\/p>\n","protected":false},"excerpt":{"rendered":"<p>\u201cLos ni\u00f1os con condiciones especiales tienen las mismas capacidades intelectuales que los dem\u00e1s estudiantes, debemos motivarlos y ense\u00f1arles la ciencia desde la etapa inicial\u201d, coment\u00f3 emotivamente la profesora Karina D\u00edaz, quien a trav\u00e9s del lenguaje de se\u00f1as recibi\u00f3 la capacitaci\u00f3n del Programa de Indagaci\u00f3n para Primeras Edades (PIPE).<\/p>\n","protected":false},"author":26,"featured_media":39436,"comment_status":"open","ping_status":"open","sticky":false,"template":"","format":"standard","meta":{"_acf_changed":false,"_exactmetrics_skip_tracking":false,"_exactmetrics_sitenote_active":false,"_exactmetrics_sitenote_note":"","_exactmetrics_sitenote_category":0,"footnotes":"","_links_to":"","_links_to_target":""},"categories":[143,4],"tags":[],"class_list":["post-39434","post","type-post","status-publish","format-standard","has-post-thumbnail","hentry","category-lugar-8","category-noticias"],"acf":[],"yoast_head":"<!-- This site is optimized with the Yoast SEO plugin v26.9 - https:\/\/yoast.com\/product\/yoast-seo-wordpress\/ -->\n<title>Damos inicio al Programa de Indagaci\u00f3n para Primeras Edades (PIPE) - RM Norte<\/title>\n<meta name=\"robots\" content=\"index, follow, max-snippet:-1, max-image-preview:large, max-video-preview:-1\" \/>\n<link rel=\"canonical\" href=\"https:\/\/explora.cl\/rmnorte\/damos-inicio-al-programa-de-indagacion-para-primeras-edades-pipe-2\/\" class=\"yoast-seo-meta-tag\" \/>\n<meta property=\"og:locale\" content=\"es_ES\" class=\"yoast-seo-meta-tag\" \/>\n<meta property=\"og:type\" content=\"article\" class=\"yoast-seo-meta-tag\" \/>\n<meta property=\"og:title\" content=\"Damos inicio al Programa de Indagaci\u00f3n para Primeras Edades (PIPE) - RM Norte\" class=\"yoast-seo-meta-tag\" \/>\n<meta property=\"og:description\" content=\"\u201cLos ni\u00f1os con condiciones especiales tienen las mismas capacidades intelectuales que los dem\u00e1s estudiantes, debemos motivarlos y ense\u00f1arles la ciencia desde la etapa inicial\u201d, coment\u00f3 emotivamente la profesora Karina D\u00edaz, quien a trav\u00e9s del lenguaje de se\u00f1as recibi\u00f3 la capacitaci\u00f3n del Programa de Indagaci\u00f3n para Primeras Edades (PIPE).\" class=\"yoast-seo-meta-tag\" \/>\n<meta property=\"og:url\" content=\"https:\/\/explora.cl\/rmnorte\/damos-inicio-al-programa-de-indagacion-para-primeras-edades-pipe-2\/\" class=\"yoast-seo-meta-tag\" \/>\n<meta property=\"og:site_name\" content=\"RM Norte\" class=\"yoast-seo-meta-tag\" \/>\n<meta property=\"article:published_time\" content=\"2020-03-03T12:37:27+00:00\" class=\"yoast-seo-meta-tag\" \/>\n<meta property=\"article:modified_time\" content=\"2020-04-01T16:35:44+00:00\" class=\"yoast-seo-meta-tag\" \/>\n<meta property=\"og:image\" content=\"https:\/\/explora.cl\/rmnorte\/wp-content\/uploads\/sites\/11\/2020\/03\/PIPES-FOTO1.jpg\" class=\"yoast-seo-meta-tag\" \/>\n\t<meta property=\"og:image:width\" content=\"1285\" class=\"yoast-seo-meta-tag\" \/>\n\t<meta property=\"og:image:height\" content=\"684\" class=\"yoast-seo-meta-tag\" \/>\n\t<meta property=\"og:image:type\" content=\"image\/jpeg\" class=\"yoast-seo-meta-tag\" \/>\n<meta name=\"author\" content=\"dgarcia\" class=\"yoast-seo-meta-tag\" \/>\n<meta name=\"twitter:card\" content=\"summary_large_image\" class=\"yoast-seo-meta-tag\" \/>\n<meta name=\"twitter:label1\" content=\"Escrito por\" class=\"yoast-seo-meta-tag\" \/>\n\t<meta name=\"twitter:data1\" content=\"dgarcia\" class=\"yoast-seo-meta-tag\" \/>\n\t<meta name=\"twitter:label2\" content=\"Tiempo estimado de lectura\" class=\"yoast-seo-meta-tag\" \/>\n\t<meta name=\"twitter:data2\" content=\"2 minutos\" class=\"yoast-seo-meta-tag\" \/>\n<script type=\"application\/ld+json\" class=\"yoast-schema-graph\">{\"@context\":\"https:\/\/schema.org\",\"@graph\":[{\"@type\":\"Article\",\"@id\":\"https:\/\/explora.cl\/rmnorte\/damos-inicio-al-programa-de-indagacion-para-primeras-edades-pipe-2\/#article\",\"isPartOf\":{\"@id\":\"https:\/\/explora.cl\/rmnorte\/damos-inicio-al-programa-de-indagacion-para-primeras-edades-pipe-2\/\"},\"author\":{\"name\":\"dgarcia\",\"@id\":\"https:\/\/explora.cl\/rmnorte\/#\/schema\/person\/4ad985b29a183eab4170892260e133a5\"},\"headline\":\"Damos inicio al Programa de Indagaci\u00f3n para Primeras Edades (PIPE)\",\"datePublished\":\"2020-03-03T12:37:27+00:00\",\"dateModified\":\"2020-04-01T16:35:44+00:00\",\"mainEntityOfPage\":{\"@id\":\"https:\/\/explora.cl\/rmnorte\/damos-inicio-al-programa-de-indagacion-para-primeras-edades-pipe-2\/\"},\"wordCount\":423,\"commentCount\":0,\"image\":{\"@id\":\"https:\/\/explora.cl\/rmnorte\/damos-inicio-al-programa-de-indagacion-para-primeras-edades-pipe-2\/#primaryimage\"},\"thumbnailUrl\":\"https:\/\/explora.cl\/rmnorte\/wp-content\/uploads\/sites\/11\/2020\/03\/PIPES-FOTO1.jpg\",\"articleSection\":[\"Lugar 8\",\"Noticias\"],\"inLanguage\":\"es-CL\",\"potentialAction\":[{\"@type\":\"CommentAction\",\"name\":\"Comment\",\"target\":[\"https:\/\/explora.cl\/rmnorte\/damos-inicio-al-programa-de-indagacion-para-primeras-edades-pipe-2\/#respond\"]}]},{\"@type\":\"WebPage\",\"@id\":\"https:\/\/explora.cl\/rmnorte\/damos-inicio-al-programa-de-indagacion-para-primeras-edades-pipe-2\/\",\"url\":\"https:\/\/explora.cl\/rmnorte\/damos-inicio-al-programa-de-indagacion-para-primeras-edades-pipe-2\/\",\"name\":\"Damos inicio al Programa de Indagaci\u00f3n para Primeras Edades (PIPE) - RM Norte\",\"isPartOf\":{\"@id\":\"https:\/\/explora.cl\/rmnorte\/#website\"},\"primaryImageOfPage\":{\"@id\":\"https:\/\/explora.cl\/rmnorte\/damos-inicio-al-programa-de-indagacion-para-primeras-edades-pipe-2\/#primaryimage\"},\"image\":{\"@id\":\"https:\/\/explora.cl\/rmnorte\/damos-inicio-al-programa-de-indagacion-para-primeras-edades-pipe-2\/#primaryimage\"},\"thumbnailUrl\":\"https:\/\/explora.cl\/rmnorte\/wp-content\/uploads\/sites\/11\/2020\/03\/PIPES-FOTO1.jpg\",\"datePublished\":\"2020-03-03T12:37:27+00:00\",\"dateModified\":\"2020-04-01T16:35:44+00:00\",\"author\":{\"@id\":\"https:\/\/explora.cl\/rmnorte\/#\/schema\/person\/4ad985b29a183eab4170892260e133a5\"},\"breadcrumb\":{\"@id\":\"https:\/\/explora.cl\/rmnorte\/damos-inicio-al-programa-de-indagacion-para-primeras-edades-pipe-2\/#breadcrumb\"},\"inLanguage\":\"es-CL\",\"potentialAction\":[{\"@type\":\"ReadAction\",\"target\":[\"https:\/\/explora.cl\/rmnorte\/damos-inicio-al-programa-de-indagacion-para-primeras-edades-pipe-2\/\"]}]},{\"@type\":\"ImageObject\",\"inLanguage\":\"es-CL\",\"@id\":\"https:\/\/explora.cl\/rmnorte\/damos-inicio-al-programa-de-indagacion-para-primeras-edades-pipe-2\/#primaryimage\",\"url\":\"https:\/\/explora.cl\/rmnorte\/wp-content\/uploads\/sites\/11\/2020\/03\/PIPES-FOTO1.jpg\",\"contentUrl\":\"https:\/\/explora.cl\/rmnorte\/wp-content\/uploads\/sites\/11\/2020\/03\/PIPES-FOTO1.jpg\",\"width\":1285,\"height\":684},{\"@type\":\"BreadcrumbList\",\"@id\":\"https:\/\/explora.cl\/rmnorte\/damos-inicio-al-programa-de-indagacion-para-primeras-edades-pipe-2\/#breadcrumb\",\"itemListElement\":[{\"@type\":\"ListItem\",\"position\":1,\"name\":\"Portada\",\"item\":\"https:\/\/explora.cl\/rmnorte\/\"},{\"@type\":\"ListItem\",\"position\":2,\"name\":\"Damos inicio al Programa de Indagaci\u00f3n para Primeras Edades (PIPE)\"}]},{\"@type\":\"WebSite\",\"@id\":\"https:\/\/explora.cl\/rmnorte\/#website\",\"url\":\"https:\/\/explora.cl\/rmnorte\/\",\"name\":\"RM Norte\",\"description\":\"RM Norte explora.cl\",\"potentialAction\":[{\"@type\":\"SearchAction\",\"target\":{\"@type\":\"EntryPoint\",\"urlTemplate\":\"https:\/\/explora.cl\/rmnorte\/?s={search_term_string}\"},\"query-input\":{\"@type\":\"PropertyValueSpecification\",\"valueRequired\":true,\"valueName\":\"search_term_string\"}}],\"inLanguage\":\"es-CL\"},{\"@type\":\"Person\",\"@id\":\"https:\/\/explora.cl\/rmnorte\/#\/schema\/person\/4ad985b29a183eab4170892260e133a5\",\"name\":\"dgarcia\",\"image\":{\"@type\":\"ImageObject\",\"inLanguage\":\"es-CL\",\"@id\":\"https:\/\/explora.cl\/rmnorte\/#\/schema\/person\/image\/\",\"url\":\"https:\/\/secure.gravatar.com\/avatar\/06e2fd9f68a0c19cd669ddc183de83489acab601aa57958e0f60175e5013e6b7?s=96&d=mm&r=g\",\"contentUrl\":\"https:\/\/secure.gravatar.com\/avatar\/06e2fd9f68a0c19cd669ddc183de83489acab601aa57958e0f60175e5013e6b7?s=96&d=mm&r=g\",\"caption\":\"dgarcia\"},\"url\":\"https:\/\/explora.cl\/rmnorte\/author\/dgarcia\/\"}]}<\/script>\n<!-- \/ Yoast SEO plugin. -->","yoast_head_json":{"title":"Damos inicio al Programa de Indagaci\u00f3n para Primeras Edades (PIPE) - RM Norte","robots":{"index":"index","follow":"follow","max-snippet":"max-snippet:-1","max-image-preview":"max-image-preview:large","max-video-preview":"max-video-preview:-1"},"canonical":"https:\/\/explora.cl\/rmnorte\/damos-inicio-al-programa-de-indagacion-para-primeras-edades-pipe-2\/","og_locale":"es_ES","og_type":"article","og_title":"Damos inicio al Programa de Indagaci\u00f3n para Primeras Edades (PIPE) - RM Norte","og_description":"\u201cLos ni\u00f1os con condiciones especiales tienen las mismas capacidades intelectuales que los dem\u00e1s estudiantes, debemos motivarlos y ense\u00f1arles la ciencia desde la etapa inicial\u201d, coment\u00f3 emotivamente la profesora Karina D\u00edaz, quien a trav\u00e9s del lenguaje de se\u00f1as recibi\u00f3 la capacitaci\u00f3n del Programa de Indagaci\u00f3n para Primeras Edades (PIPE).","og_url":"https:\/\/explora.cl\/rmnorte\/damos-inicio-al-programa-de-indagacion-para-primeras-edades-pipe-2\/","og_site_name":"RM Norte","article_published_time":"2020-03-03T12:37:27+00:00","article_modified_time":"2020-04-01T16:35:44+00:00","og_image":[{"width":1285,"height":684,"url":"https:\/\/explora.cl\/rmnorte\/wp-content\/uploads\/sites\/11\/2020\/03\/PIPES-FOTO1.jpg","type":"image\/jpeg"}],"author":"dgarcia","twitter_card":"summary_large_image","twitter_misc":{"Escrito por":"dgarcia","Tiempo estimado de lectura":"2 minutos"},"schema":{"@context":"https:\/\/schema.org","@graph":[{"@type":"Article","@id":"https:\/\/explora.cl\/rmnorte\/damos-inicio-al-programa-de-indagacion-para-primeras-edades-pipe-2\/#article","isPartOf":{"@id":"https:\/\/explora.cl\/rmnorte\/damos-inicio-al-programa-de-indagacion-para-primeras-edades-pipe-2\/"},"author":{"name":"dgarcia","@id":"https:\/\/explora.cl\/rmnorte\/#\/schema\/person\/4ad985b29a183eab4170892260e133a5"},"headline":"Damos inicio al Programa de Indagaci\u00f3n para Primeras Edades (PIPE)","datePublished":"2020-03-03T12:37:27+00:00","dateModified":"2020-04-01T16:35:44+00:00","mainEntityOfPage":{"@id":"https:\/\/explora.cl\/rmnorte\/damos-inicio-al-programa-de-indagacion-para-primeras-edades-pipe-2\/"},"wordCount":423,"commentCount":0,"image":{"@id":"https:\/\/explora.cl\/rmnorte\/damos-inicio-al-programa-de-indagacion-para-primeras-edades-pipe-2\/#primaryimage"},"thumbnailUrl":"https:\/\/explora.cl\/rmnorte\/wp-content\/uploads\/sites\/11\/2020\/03\/PIPES-FOTO1.jpg","articleSection":["Lugar 8","Noticias"],"inLanguage":"es-CL","potentialAction":[{"@type":"CommentAction","name":"Comment","target":["https:\/\/explora.cl\/rmnorte\/damos-inicio-al-programa-de-indagacion-para-primeras-edades-pipe-2\/#respond"]}]},{"@type":"WebPage","@id":"https:\/\/explora.cl\/rmnorte\/damos-inicio-al-programa-de-indagacion-para-primeras-edades-pipe-2\/","url":"https:\/\/explora.cl\/rmnorte\/damos-inicio-al-programa-de-indagacion-para-primeras-edades-pipe-2\/","name":"Damos inicio al Programa de Indagaci\u00f3n para Primeras Edades (PIPE) - RM Norte","isPartOf":{"@id":"https:\/\/explora.cl\/rmnorte\/#website"},"primaryImageOfPage":{"@id":"https:\/\/explora.cl\/rmnorte\/damos-inicio-al-programa-de-indagacion-para-primeras-edades-pipe-2\/#primaryimage"},"image":{"@id":"https:\/\/explora.cl\/rmnorte\/damos-inicio-al-programa-de-indagacion-para-primeras-edades-pipe-2\/#primaryimage"},"thumbnailUrl":"https:\/\/explora.cl\/rmnorte\/wp-content\/uploads\/sites\/11\/2020\/03\/PIPES-FOTO1.jpg","datePublished":"2020-03-03T12:37:27+00:00","dateModified":"2020-04-01T16:35:44+00:00","author":{"@id":"https:\/\/explora.cl\/rmnorte\/#\/schema\/person\/4ad985b29a183eab4170892260e133a5"},"breadcrumb":{"@id":"https:\/\/explora.cl\/rmnorte\/damos-inicio-al-programa-de-indagacion-para-primeras-edades-pipe-2\/#breadcrumb"},"inLanguage":"es-CL","potentialAction":[{"@type":"ReadAction","target":["https:\/\/explora.cl\/rmnorte\/damos-inicio-al-programa-de-indagacion-para-primeras-edades-pipe-2\/"]}]},{"@type":"ImageObject","inLanguage":"es-CL","@id":"https:\/\/explora.cl\/rmnorte\/damos-inicio-al-programa-de-indagacion-para-primeras-edades-pipe-2\/#primaryimage","url":"https:\/\/explora.cl\/rmnorte\/wp-content\/uploads\/sites\/11\/2020\/03\/PIPES-FOTO1.jpg","contentUrl":"https:\/\/explora.cl\/rmnorte\/wp-content\/uploads\/sites\/11\/2020\/03\/PIPES-FOTO1.jpg","width":1285,"height":684},{"@type":"BreadcrumbList","@id":"https:\/\/explora.cl\/rmnorte\/damos-inicio-al-programa-de-indagacion-para-primeras-edades-pipe-2\/#breadcrumb","itemListElement":[{"@type":"ListItem","position":1,"name":"Portada","item":"https:\/\/explora.cl\/rmnorte\/"},{"@type":"ListItem","position":2,"name":"Damos inicio al Programa de Indagaci\u00f3n para Primeras Edades (PIPE)"}]},{"@type":"WebSite","@id":"https:\/\/explora.cl\/rmnorte\/#website","url":"https:\/\/explora.cl\/rmnorte\/","name":"RM Norte","description":"RM Norte explora.cl","potentialAction":[{"@type":"SearchAction","target":{"@type":"EntryPoint","urlTemplate":"https:\/\/explora.cl\/rmnorte\/?s={search_term_string}"},"query-input":{"@type":"PropertyValueSpecification","valueRequired":true,"valueName":"search_term_string"}}],"inLanguage":"es-CL"},{"@type":"Person","@id":"https:\/\/explora.cl\/rmnorte\/#\/schema\/person\/4ad985b29a183eab4170892260e133a5","name":"dgarcia","image":{"@type":"ImageObject","inLanguage":"es-CL","@id":"https:\/\/explora.cl\/rmnorte\/#\/schema\/person\/image\/","url":"https:\/\/secure.gravatar.com\/avatar\/06e2fd9f68a0c19cd669ddc183de83489acab601aa57958e0f60175e5013e6b7?s=96&d=mm&r=g","contentUrl":"https:\/\/secure.gravatar.com\/avatar\/06e2fd9f68a0c19cd669ddc183de83489acab601aa57958e0f60175e5013e6b7?s=96&d=mm&r=g","caption":"dgarcia"},"url":"https:\/\/explora.cl\/rmnorte\/author\/dgarcia\/"}]}},"_links":{"self":[{"href":"https:\/\/explora.cl\/rmnorte\/wp-json\/wp\/v2\/posts\/39434","targetHints":{"allow":["GET"]}}],"collection":[{"href":"https:\/\/explora.cl\/rmnorte\/wp-json\/wp\/v2\/posts"}],"about":[{"href":"https:\/\/explora.cl\/rmnorte\/wp-json\/wp\/v2\/types\/post"}],"author":[{"embeddable":true,"href":"https:\/\/explora.cl\/rmnorte\/wp-json\/wp\/v2\/users\/26"}],"replies":[{"embeddable":true,"href":"https:\/\/explora.cl\/rmnorte\/wp-json\/wp\/v2\/comments?post=39434"}],"version-history":[{"count":2,"href":"https:\/\/explora.cl\/rmnorte\/wp-json\/wp\/v2\/posts\/39434\/revisions"}],"predecessor-version":[{"id":39449,"href":"https:\/\/explora.cl\/rmnorte\/wp-json\/wp\/v2\/posts\/39434\/revisions\/39449"}],"wp:featuredmedia":[{"embeddable":true,"href":"https:\/\/explora.cl\/rmnorte\/wp-json\/wp\/v2\/media\/39436"}],"wp:attachment":[{"href":"https:\/\/explora.cl\/rmnorte\/wp-json\/wp\/v2\/media?parent=39434"}],"wp:term":[{"taxonomy":"category","embeddable":true,"href":"https:\/\/explora.cl\/rmnorte\/wp-json\/wp\/v2\/categories?post=39434"},{"taxonomy":"post_tag","embeddable":true,"href":"https:\/\/explora.cl\/rmnorte\/wp-json\/wp\/v2\/tags?post=39434"}],"curies":[{"name":"wp","href":"https:\/\/api.w.org\/{rel}","templated":true}]}}