{"id":39364,"date":"2020-01-21T11:08:07","date_gmt":"2020-01-21T14:08:07","guid":{"rendered":"https:\/\/explora.cl\/rmnorte\/?p=39364"},"modified":"2020-01-31T18:14:38","modified_gmt":"2020-01-31T21:14:38","slug":"profesores-de-la-region-metropolitana-se-atrevieron-y-vivieron-la-ciencia-en-explora-va-2","status":"publish","type":"post","link":"https:\/\/explora.cl\/rmnorte\/profesores-de-la-region-metropolitana-se-atrevieron-y-vivieron-la-ciencia-en-explora-va-2\/","title":{"rendered":"Profesores de la Regi\u00f3n Metropolitana se atrevieron y vivieron la ciencia en Explora VA!"},"content":{"rendered":"<h3><strong>La motivaci\u00f3n, pasi\u00f3n y dedicaci\u00f3n son sin duda las cualidades que caracterizaron a los 50 profesores que participaron en el Campamento Explora VA! RM Norte, quienes sin importar la disciplina a la que se dedican, la escuela en donde trabajan y las experiencias vividas, durante 5 d\u00edas fortalecieron sus competencias profesionales, para luego transf\u00f3rmalas y ser un agente de cambio en sus instituciones escolares.<\/strong><\/h3>\n<p>El Campamento de Ciencia para Profesores Explora \u00a1VA!, efectuado por el Programa Asociativo Regional \u2013PAR Explora RM Norte del Ministerio de Ciencia, Tecnolog\u00eda, Conocimiento e Innovaci\u00f3n\u2013 ejecutado por la Universidad de Chile y el Centro Avanzado de Enfermedades Cr\u00f3nicas (ACCDiS), se realiz\u00f3 con \u00e9xito desde el lunes 13 hasta el viernes 17 de enero, en el Caj\u00f3n del Maipo, siendo la naturaleza la encarda de conectar a los docentes y demostrarles una vez m\u00e1s, la importancia de su rol para la educaci\u00f3n del futuro.<\/p>\n<h3><strong>El objetivo del Campamento se centr\u00f3 en el desarrollo del aprendizaje basado en el m\u00e9todo de la indagaci\u00f3n, usando como ejemplo la prevenci\u00f3n de las enfermedades cr\u00f3nicas desde el aula de clase.<\/strong><\/h3>\n<p>La inauguraci\u00f3n del primer campamento de profesores en la Regi\u00f3n Metropolitana, estuvo a cargo del director Mario Chiong, quien explic\u00f3 que el objetivo es desarrollar el aprendizaje basado en el m\u00e9todo de la indagaci\u00f3n, usando como ejemplo la prevenci\u00f3n de las enfermedades cr\u00f3nicas desde el aula de clase. \u201cSino se toman acciones pertinentes, se prev\u00e9 que para el 2030, la obesidad sea la s\u00e9ptima causa de muerte, seg\u00fan la Organizaci\u00f3n Mundial de la Salud\u201d, coment\u00f3 el Dr. Mario Chiong.<\/p>\n<p>En este sentido y preocupados por las recientes cifras alarmantes, el campamento no solo dirigi\u00f3 los talleres al \u00e1rea pedag\u00f3gica de la ciencia, sino que tambi\u00e9n involucr\u00f3 la prevenci\u00f3n de la obesidad en las aulas.<\/p>\n<p>Para dar inicio a una semana cargada de aprendizaje, el encuentro sorprendi\u00f3 a los profesores con participaciones especiales como: <strong>la charla nocturna del astr\u00f3nomo Mario Hamuy<\/strong>, Premio Nacional de Ciencias exactas 2015, jefe de Misi\u00f3n de AURA en Chile y presidente de la Fundaci\u00f3n Chilena de Astronom\u00eda (FuChAs), quien convers\u00f3 con los docentes sobre los eclipses, agujeros negros y galaxias.<\/p>\n<figure id=\"attachment_39365\" aria-describedby=\"caption-attachment-39365\" style=\"width: 380px\" class=\"wp-caption alignleft\"><img fetchpriority=\"high\" decoding=\"async\" class=\"wp-image-39365\" src=\"https:\/\/explora.cl\/rmnorte\/wp-content\/uploads\/sites\/11\/2020\/01\/2.-FOTO1.jpg\" alt=\"\" width=\"380\" height=\"253\" srcset=\"https:\/\/explora.cl\/rmnorte\/wp-content\/uploads\/sites\/11\/2020\/01\/2.-FOTO1.jpg 5184w, https:\/\/explora.cl\/rmnorte\/wp-content\/uploads\/sites\/11\/2020\/01\/2.-FOTO1-300x200.jpg 300w, https:\/\/explora.cl\/rmnorte\/wp-content\/uploads\/sites\/11\/2020\/01\/2.-FOTO1-768x512.jpg 768w, https:\/\/explora.cl\/rmnorte\/wp-content\/uploads\/sites\/11\/2020\/01\/2.-FOTO1-1024x683.jpg 1024w\" sizes=\"(max-width: 380px) 100vw, 380px\" \/><figcaption id=\"caption-attachment-39365\" class=\"wp-caption-text\">El astr\u00f3nomo Mario Hamuy, Premio Nacional de Ciencias exactas 2015 le envi\u00f3 un mensaje a todos los profesores \u201cno solo se trata de traspasar conocimientos, sino de aprovechar toda la energ\u00eda que tienen los estudiantes y convertirla en acciones y desarrollo positivo para la sociedad\u201d.<\/figcaption><\/figure>\n<p>El astr\u00f3nomo Mario, tambi\u00e9n aprovech\u00f3 el encuentro para enviarles un mensaje a todos los profesores \u201cno solo se trata de traspasar conocimientos, sino de aprovechar toda la energ\u00eda que tienen los estudiantes y convertirla en acciones y desarrollo positivo para la sociedad\u201d.<\/p>\n<p>Al evento, tambi\u00e9n asisti\u00f3 <strong>Jorge Miles<\/strong>, estudiante de medicina de la Universidad Cat\u00f3lica y ganador del Premio de la Audiencia, otorgado por Falling Walls Lab en Berlin, quien junto a su profesor Patricio \u00d1\u00fa\u00f1ez, descubrieron la bacteria capaz de desintegrar el caucho.<\/p>\n<p>Miles agradeci\u00f3 el entusiasmo de todos los docentes que all\u00ed se encontraban y tom\u00f3 la palabra de la profesora Denisse Soto de la Escuela Anne Eleonor Roosevelt, quien emotivamente invit\u00f3 a todos los profesores a enamorarse de lo que hacen y a prop\u00f3sito de ello, agreg\u00f3 \u201csin la motivaci\u00f3n e inspiraci\u00f3n que cada profesor puso en mis estudios, yo no fuese descubierto ni confiado en mis capacidades que hoy por hoy me hacen estar en donde estoy\u201d.<\/p>\n<p>Por otro lado, las herramientas necesarias enfocadas en la prevenci\u00f3n de obesidad y diabetes en el aula, estuvieron a cargo del <strong>Dr. Patricio Felmer<\/strong>, Premio Nacional de Ciencias Exactas de Chile en el a\u00f1o 2011 y director de Activando la Resoluci\u00f3n de Problemas en el aula (ARPA), quien junto a su equipo del Centro de Investigaci\u00f3n avanzada en Educaci\u00f3n (CIAE) de la Universidad de Chile abordaron el tema desde el an\u00e1lisis de la situaci\u00f3n actual en los ni\u00f1os chilenos hasta las posibles soluciones que se pueden ejecutar para bajar los altos \u00edndices de obesidad en las escuelas.<\/p>\n<p><img decoding=\"async\" class=\"wp-image-39378 aligncenter\" src=\"https:\/\/explora.cl\/rmnorte\/wp-content\/uploads\/sites\/11\/2020\/01\/IMG_2322.jpg\" alt=\"\" width=\"735\" height=\"490\" srcset=\"https:\/\/explora.cl\/rmnorte\/wp-content\/uploads\/sites\/11\/2020\/01\/IMG_2322.jpg 5184w, https:\/\/explora.cl\/rmnorte\/wp-content\/uploads\/sites\/11\/2020\/01\/IMG_2322-300x200.jpg 300w, https:\/\/explora.cl\/rmnorte\/wp-content\/uploads\/sites\/11\/2020\/01\/IMG_2322-768x512.jpg 768w, https:\/\/explora.cl\/rmnorte\/wp-content\/uploads\/sites\/11\/2020\/01\/IMG_2322-1024x683.jpg 1024w\" sizes=\"(max-width: 735px) 100vw, 735px\" \/><\/p>\n<p><strong>Herramientas pr\u00e1cticas<\/strong><\/p>\n<p>Durante la actividad tambi\u00e9n se cont\u00f3 con el apoyo de diferentes instituciones, que capacitaron a los profesores a trav\u00e9s de talleres pr\u00e1cticos, fue el caso de la salida a terreno, organizada por Fundaci\u00f3n Planificable, quienes ten\u00edan como objetivo ense\u00f1ar herramientas metodol\u00f3gicas para trabajar la biodiversidad del pa\u00eds.<\/p>\n<figure id=\"attachment_39373\" aria-describedby=\"caption-attachment-39373\" style=\"width: 380px\" class=\"wp-caption alignleft\"><img decoding=\"async\" class=\"wp-image-39373\" src=\"https:\/\/explora.cl\/rmnorte\/wp-content\/uploads\/sites\/11\/2020\/01\/aa.jpg\" alt=\"\" width=\"380\" height=\"252\" srcset=\"https:\/\/explora.cl\/rmnorte\/wp-content\/uploads\/sites\/11\/2020\/01\/aa.jpg 1046w, https:\/\/explora.cl\/rmnorte\/wp-content\/uploads\/sites\/11\/2020\/01\/aa-300x199.jpg 300w, https:\/\/explora.cl\/rmnorte\/wp-content\/uploads\/sites\/11\/2020\/01\/aa-768x510.jpg 768w, https:\/\/explora.cl\/rmnorte\/wp-content\/uploads\/sites\/11\/2020\/01\/aa-1024x679.jpg 1024w\" sizes=\"(max-width: 380px) 100vw, 380px\" \/><figcaption id=\"caption-attachment-39373\" class=\"wp-caption-text\">La Educaci\u00f3n para el Desarrollo Sostenible es un elemento clave de la agenda 2030 para el Desarrollo Sostenible (UNESCO, 2015).<\/figcaption><\/figure>\n<p>Tambi\u00e9n estuvo presente la organizaci\u00f3n Bioquimica.cl, quienes abordaron los Objetivos de Desarrollo Sostenible y c\u00f3mo podemos contextualizarlo en la sala de clase.<\/p>\n<p>Adem\u00e1s, esta instituci\u00f3n, fue la encargada de explicar qu\u00e9 es la educaci\u00f3n con enfoque STEAM y en un taller pr\u00e1ctico, conectaron la educaci\u00f3n para el desarrollo sostenible con la alimentaci\u00f3n saludable. Un experimento f\u00e1cil de replicar en el aula, donde se analizaron diferentes alimentos como jugos comerciales, frutas y verduras, analizando su contenido de vitamina C y desmitificando algunos conceptos sobre la presencia de esta vitamina.<\/p>\n<p>Por otro lado, con el objetivo de incentivar el uso de materiales de reciclaje y aplicar la ciencia en cualquiera de los niveles educativos, la organizaci\u00f3n Ideo Maker, les demostr\u00f3 a trav\u00e9s de la elaboraci\u00f3n de un art\u00edculo tecnol\u00f3gico, la capacidad que tienen todos los profesores de realizar pr\u00e1cticas en el aula para ense\u00f1ar la ciencia y tecnolog\u00eda en los ni\u00f1os.<\/p>\n<p>En grupos de 5 personas, los profesores aplicaron lo aprendido y se sorprendieron ellos mismos de los resultados, \u201cMe pareci\u00f3 una oportunidad maravillosa y desafiante para aplicarlo en la escuela, soy profesora diferencial y nunca hab\u00eda creado un juguete tecnol\u00f3gico. Su tem\u00e1tica sensorial es un\u00a0 aspecto relevante y muy significativo para su aprendizaje.\u201d, coment\u00f3 Paulina Gonz\u00e1lez, profesora de la Escuela Diferencial Santa Teresa de \u00c1vila.<\/p>\n<p>Como cierre de la actividad, los profesores disfrutaron de un momento de reflexi\u00f3n y encuentro consigo mismo, quienes acompa\u00f1ados por el olor de la naturaleza, el silencio de la noche y la luz que irradiaba de la fogata, escribieron una carta a su yo personal, indicando sus motivaciones, aprendizajes y objetivos, dej\u00e1ndolo como un sello y compromiso para el pr\u00f3ximo a\u00f1o escolar.<\/p>\n<p>\u201cMe voy cargada de esperanza y convencida que la educaci\u00f3n es la manera de equilibrar y ofrecer oportunidades para seguir so\u00f1ando en un mundo m\u00e1s igualitario, paritario y con mayor justicia social\u201d, coment\u00f3 emotivamente la profesora Pamela Acu\u00f1a, del Liceo Bicentenario Francisco Bilbao Barqu\u00edn.<\/p>\n","protected":false},"excerpt":{"rendered":"<p>La motivaci\u00f3n, pasi\u00f3n y dedicaci\u00f3n son sin duda las cualidades que caracterizaron a los 50 profesores que participaron en el Campamento Explora VA! RM Norte, quienes sin importar la disciplina a la que se dedican, la escuela en donde trabajan y las experiencias vividas, durante 5 d\u00edas fortalecieron sus competencias profesionales, para luego transf\u00f3rmalas y ser un agente de cambio en sus instituciones escolares.<\/p>\n","protected":false},"author":26,"featured_media":39377,"comment_status":"open","ping_status":"open","sticky":false,"template":"","format":"standard","meta":{"_acf_changed":false,"_exactmetrics_skip_tracking":false,"_exactmetrics_sitenote_active":false,"_exactmetrics_sitenote_note":"","_exactmetrics_sitenote_category":0,"footnotes":"","_links_to":"","_links_to_target":""},"categories":[141,4],"tags":[],"class_list":["post-39364","post","type-post","status-publish","format-standard","has-post-thumbnail","hentry","category-lugar-6","category-noticias"],"acf":[],"yoast_head":"<!-- This site is optimized with the Yoast SEO plugin v26.9 - https:\/\/yoast.com\/product\/yoast-seo-wordpress\/ -->\n<title>Profesores de la Regi\u00f3n Metropolitana se atrevieron y vivieron la ciencia en Explora VA! - RM Norte<\/title>\n<meta name=\"robots\" content=\"index, follow, max-snippet:-1, max-image-preview:large, max-video-preview:-1\" \/>\n<link rel=\"canonical\" href=\"https:\/\/explora.cl\/rmnorte\/profesores-de-la-region-metropolitana-se-atrevieron-y-vivieron-la-ciencia-en-explora-va-2\/\" class=\"yoast-seo-meta-tag\" \/>\n<meta property=\"og:locale\" content=\"es_ES\" class=\"yoast-seo-meta-tag\" \/>\n<meta property=\"og:type\" content=\"article\" class=\"yoast-seo-meta-tag\" \/>\n<meta property=\"og:title\" content=\"Profesores de la Regi\u00f3n Metropolitana se atrevieron y vivieron la ciencia en Explora VA! - RM Norte\" class=\"yoast-seo-meta-tag\" \/>\n<meta property=\"og:description\" content=\"La motivaci\u00f3n, pasi\u00f3n y dedicaci\u00f3n son sin duda las cualidades que caracterizaron a los 50 profesores que participaron en el Campamento Explora VA! RM Norte, quienes sin importar la disciplina a la que se dedican, la escuela en donde trabajan y las experiencias vividas, durante 5 d\u00edas fortalecieron sus competencias profesionales, para luego transf\u00f3rmalas y ser un agente de cambio en sus instituciones escolares.\" class=\"yoast-seo-meta-tag\" \/>\n<meta property=\"og:url\" content=\"https:\/\/explora.cl\/rmnorte\/profesores-de-la-region-metropolitana-se-atrevieron-y-vivieron-la-ciencia-en-explora-va-2\/\" class=\"yoast-seo-meta-tag\" \/>\n<meta property=\"og:site_name\" content=\"RM Norte\" class=\"yoast-seo-meta-tag\" \/>\n<meta property=\"article:published_time\" content=\"2020-01-21T14:08:07+00:00\" class=\"yoast-seo-meta-tag\" \/>\n<meta property=\"article:modified_time\" content=\"2020-01-31T21:14:38+00:00\" class=\"yoast-seo-meta-tag\" \/>\n<meta property=\"og:image\" content=\"https:\/\/explora.cl\/rmnorte\/wp-content\/uploads\/sites\/11\/2020\/01\/IMG_1832-1024x628.jpg\" class=\"yoast-seo-meta-tag\" \/>\n\t<meta property=\"og:image:width\" content=\"1024\" class=\"yoast-seo-meta-tag\" \/>\n\t<meta property=\"og:image:height\" content=\"628\" class=\"yoast-seo-meta-tag\" \/>\n\t<meta property=\"og:image:type\" content=\"image\/jpeg\" class=\"yoast-seo-meta-tag\" \/>\n<meta name=\"author\" content=\"dgarcia\" class=\"yoast-seo-meta-tag\" \/>\n<meta name=\"twitter:card\" content=\"summary_large_image\" class=\"yoast-seo-meta-tag\" \/>\n<meta name=\"twitter:label1\" content=\"Escrito por\" class=\"yoast-seo-meta-tag\" \/>\n\t<meta name=\"twitter:data1\" content=\"dgarcia\" class=\"yoast-seo-meta-tag\" \/>\n\t<meta name=\"twitter:label2\" content=\"Tiempo estimado de lectura\" class=\"yoast-seo-meta-tag\" \/>\n\t<meta name=\"twitter:data2\" content=\"6 minutos\" class=\"yoast-seo-meta-tag\" \/>\n<script type=\"application\/ld+json\" class=\"yoast-schema-graph\">{\"@context\":\"https:\/\/schema.org\",\"@graph\":[{\"@type\":\"Article\",\"@id\":\"https:\/\/explora.cl\/rmnorte\/profesores-de-la-region-metropolitana-se-atrevieron-y-vivieron-la-ciencia-en-explora-va-2\/#article\",\"isPartOf\":{\"@id\":\"https:\/\/explora.cl\/rmnorte\/profesores-de-la-region-metropolitana-se-atrevieron-y-vivieron-la-ciencia-en-explora-va-2\/\"},\"author\":{\"name\":\"dgarcia\",\"@id\":\"https:\/\/explora.cl\/rmnorte\/#\/schema\/person\/4ad985b29a183eab4170892260e133a5\"},\"headline\":\"Profesores de la Regi\u00f3n Metropolitana se atrevieron y vivieron la ciencia en Explora VA!\",\"datePublished\":\"2020-01-21T14:08:07+00:00\",\"dateModified\":\"2020-01-31T21:14:38+00:00\",\"mainEntityOfPage\":{\"@id\":\"https:\/\/explora.cl\/rmnorte\/profesores-de-la-region-metropolitana-se-atrevieron-y-vivieron-la-ciencia-en-explora-va-2\/\"},\"wordCount\":1157,\"commentCount\":0,\"image\":{\"@id\":\"https:\/\/explora.cl\/rmnorte\/profesores-de-la-region-metropolitana-se-atrevieron-y-vivieron-la-ciencia-en-explora-va-2\/#primaryimage\"},\"thumbnailUrl\":\"https:\/\/explora.cl\/rmnorte\/wp-content\/uploads\/sites\/11\/2020\/01\/IMG_1832.jpg\",\"articleSection\":[\"Lugar 6\",\"Noticias\"],\"inLanguage\":\"es-CL\",\"potentialAction\":[{\"@type\":\"CommentAction\",\"name\":\"Comment\",\"target\":[\"https:\/\/explora.cl\/rmnorte\/profesores-de-la-region-metropolitana-se-atrevieron-y-vivieron-la-ciencia-en-explora-va-2\/#respond\"]}]},{\"@type\":\"WebPage\",\"@id\":\"https:\/\/explora.cl\/rmnorte\/profesores-de-la-region-metropolitana-se-atrevieron-y-vivieron-la-ciencia-en-explora-va-2\/\",\"url\":\"https:\/\/explora.cl\/rmnorte\/profesores-de-la-region-metropolitana-se-atrevieron-y-vivieron-la-ciencia-en-explora-va-2\/\",\"name\":\"Profesores de la Regi\u00f3n Metropolitana se atrevieron y vivieron la ciencia en Explora VA! - RM Norte\",\"isPartOf\":{\"@id\":\"https:\/\/explora.cl\/rmnorte\/#website\"},\"primaryImageOfPage\":{\"@id\":\"https:\/\/explora.cl\/rmnorte\/profesores-de-la-region-metropolitana-se-atrevieron-y-vivieron-la-ciencia-en-explora-va-2\/#primaryimage\"},\"image\":{\"@id\":\"https:\/\/explora.cl\/rmnorte\/profesores-de-la-region-metropolitana-se-atrevieron-y-vivieron-la-ciencia-en-explora-va-2\/#primaryimage\"},\"thumbnailUrl\":\"https:\/\/explora.cl\/rmnorte\/wp-content\/uploads\/sites\/11\/2020\/01\/IMG_1832.jpg\",\"datePublished\":\"2020-01-21T14:08:07+00:00\",\"dateModified\":\"2020-01-31T21:14:38+00:00\",\"author\":{\"@id\":\"https:\/\/explora.cl\/rmnorte\/#\/schema\/person\/4ad985b29a183eab4170892260e133a5\"},\"breadcrumb\":{\"@id\":\"https:\/\/explora.cl\/rmnorte\/profesores-de-la-region-metropolitana-se-atrevieron-y-vivieron-la-ciencia-en-explora-va-2\/#breadcrumb\"},\"inLanguage\":\"es-CL\",\"potentialAction\":[{\"@type\":\"ReadAction\",\"target\":[\"https:\/\/explora.cl\/rmnorte\/profesores-de-la-region-metropolitana-se-atrevieron-y-vivieron-la-ciencia-en-explora-va-2\/\"]}]},{\"@type\":\"ImageObject\",\"inLanguage\":\"es-CL\",\"@id\":\"https:\/\/explora.cl\/rmnorte\/profesores-de-la-region-metropolitana-se-atrevieron-y-vivieron-la-ciencia-en-explora-va-2\/#primaryimage\",\"url\":\"https:\/\/explora.cl\/rmnorte\/wp-content\/uploads\/sites\/11\/2020\/01\/IMG_1832.jpg\",\"contentUrl\":\"https:\/\/explora.cl\/rmnorte\/wp-content\/uploads\/sites\/11\/2020\/01\/IMG_1832.jpg\",\"width\":5153,\"height\":3158},{\"@type\":\"BreadcrumbList\",\"@id\":\"https:\/\/explora.cl\/rmnorte\/profesores-de-la-region-metropolitana-se-atrevieron-y-vivieron-la-ciencia-en-explora-va-2\/#breadcrumb\",\"itemListElement\":[{\"@type\":\"ListItem\",\"position\":1,\"name\":\"Portada\",\"item\":\"https:\/\/explora.cl\/rmnorte\/\"},{\"@type\":\"ListItem\",\"position\":2,\"name\":\"Profesores de la Regi\u00f3n Metropolitana se atrevieron y vivieron la ciencia en Explora VA!\"}]},{\"@type\":\"WebSite\",\"@id\":\"https:\/\/explora.cl\/rmnorte\/#website\",\"url\":\"https:\/\/explora.cl\/rmnorte\/\",\"name\":\"RM Norte\",\"description\":\"RM Norte explora.cl\",\"potentialAction\":[{\"@type\":\"SearchAction\",\"target\":{\"@type\":\"EntryPoint\",\"urlTemplate\":\"https:\/\/explora.cl\/rmnorte\/?s={search_term_string}\"},\"query-input\":{\"@type\":\"PropertyValueSpecification\",\"valueRequired\":true,\"valueName\":\"search_term_string\"}}],\"inLanguage\":\"es-CL\"},{\"@type\":\"Person\",\"@id\":\"https:\/\/explora.cl\/rmnorte\/#\/schema\/person\/4ad985b29a183eab4170892260e133a5\",\"name\":\"dgarcia\",\"image\":{\"@type\":\"ImageObject\",\"inLanguage\":\"es-CL\",\"@id\":\"https:\/\/explora.cl\/rmnorte\/#\/schema\/person\/image\/\",\"url\":\"https:\/\/secure.gravatar.com\/avatar\/06e2fd9f68a0c19cd669ddc183de83489acab601aa57958e0f60175e5013e6b7?s=96&d=mm&r=g\",\"contentUrl\":\"https:\/\/secure.gravatar.com\/avatar\/06e2fd9f68a0c19cd669ddc183de83489acab601aa57958e0f60175e5013e6b7?s=96&d=mm&r=g\",\"caption\":\"dgarcia\"},\"url\":\"https:\/\/explora.cl\/rmnorte\/author\/dgarcia\/\"}]}<\/script>\n<!-- \/ Yoast SEO plugin. -->","yoast_head_json":{"title":"Profesores de la Regi\u00f3n Metropolitana se atrevieron y vivieron la ciencia en Explora VA! - RM Norte","robots":{"index":"index","follow":"follow","max-snippet":"max-snippet:-1","max-image-preview":"max-image-preview:large","max-video-preview":"max-video-preview:-1"},"canonical":"https:\/\/explora.cl\/rmnorte\/profesores-de-la-region-metropolitana-se-atrevieron-y-vivieron-la-ciencia-en-explora-va-2\/","og_locale":"es_ES","og_type":"article","og_title":"Profesores de la Regi\u00f3n Metropolitana se atrevieron y vivieron la ciencia en Explora VA! - RM Norte","og_description":"La motivaci\u00f3n, pasi\u00f3n y dedicaci\u00f3n son sin duda las cualidades que caracterizaron a los 50 profesores que participaron en el Campamento Explora VA! RM Norte, quienes sin importar la disciplina a la que se dedican, la escuela en donde trabajan y las experiencias vividas, durante 5 d\u00edas fortalecieron sus competencias profesionales, para luego transf\u00f3rmalas y ser un agente de cambio en sus instituciones escolares.","og_url":"https:\/\/explora.cl\/rmnorte\/profesores-de-la-region-metropolitana-se-atrevieron-y-vivieron-la-ciencia-en-explora-va-2\/","og_site_name":"RM Norte","article_published_time":"2020-01-21T14:08:07+00:00","article_modified_time":"2020-01-31T21:14:38+00:00","og_image":[{"width":1024,"height":628,"url":"https:\/\/explora.cl\/rmnorte\/wp-content\/uploads\/sites\/11\/2020\/01\/IMG_1832-1024x628.jpg","type":"image\/jpeg"}],"author":"dgarcia","twitter_card":"summary_large_image","twitter_misc":{"Escrito por":"dgarcia","Tiempo estimado de lectura":"6 minutos"},"schema":{"@context":"https:\/\/schema.org","@graph":[{"@type":"Article","@id":"https:\/\/explora.cl\/rmnorte\/profesores-de-la-region-metropolitana-se-atrevieron-y-vivieron-la-ciencia-en-explora-va-2\/#article","isPartOf":{"@id":"https:\/\/explora.cl\/rmnorte\/profesores-de-la-region-metropolitana-se-atrevieron-y-vivieron-la-ciencia-en-explora-va-2\/"},"author":{"name":"dgarcia","@id":"https:\/\/explora.cl\/rmnorte\/#\/schema\/person\/4ad985b29a183eab4170892260e133a5"},"headline":"Profesores de la Regi\u00f3n Metropolitana se atrevieron y vivieron la ciencia en Explora VA!","datePublished":"2020-01-21T14:08:07+00:00","dateModified":"2020-01-31T21:14:38+00:00","mainEntityOfPage":{"@id":"https:\/\/explora.cl\/rmnorte\/profesores-de-la-region-metropolitana-se-atrevieron-y-vivieron-la-ciencia-en-explora-va-2\/"},"wordCount":1157,"commentCount":0,"image":{"@id":"https:\/\/explora.cl\/rmnorte\/profesores-de-la-region-metropolitana-se-atrevieron-y-vivieron-la-ciencia-en-explora-va-2\/#primaryimage"},"thumbnailUrl":"https:\/\/explora.cl\/rmnorte\/wp-content\/uploads\/sites\/11\/2020\/01\/IMG_1832.jpg","articleSection":["Lugar 6","Noticias"],"inLanguage":"es-CL","potentialAction":[{"@type":"CommentAction","name":"Comment","target":["https:\/\/explora.cl\/rmnorte\/profesores-de-la-region-metropolitana-se-atrevieron-y-vivieron-la-ciencia-en-explora-va-2\/#respond"]}]},{"@type":"WebPage","@id":"https:\/\/explora.cl\/rmnorte\/profesores-de-la-region-metropolitana-se-atrevieron-y-vivieron-la-ciencia-en-explora-va-2\/","url":"https:\/\/explora.cl\/rmnorte\/profesores-de-la-region-metropolitana-se-atrevieron-y-vivieron-la-ciencia-en-explora-va-2\/","name":"Profesores de la Regi\u00f3n Metropolitana se atrevieron y vivieron la ciencia en Explora VA! - RM Norte","isPartOf":{"@id":"https:\/\/explora.cl\/rmnorte\/#website"},"primaryImageOfPage":{"@id":"https:\/\/explora.cl\/rmnorte\/profesores-de-la-region-metropolitana-se-atrevieron-y-vivieron-la-ciencia-en-explora-va-2\/#primaryimage"},"image":{"@id":"https:\/\/explora.cl\/rmnorte\/profesores-de-la-region-metropolitana-se-atrevieron-y-vivieron-la-ciencia-en-explora-va-2\/#primaryimage"},"thumbnailUrl":"https:\/\/explora.cl\/rmnorte\/wp-content\/uploads\/sites\/11\/2020\/01\/IMG_1832.jpg","datePublished":"2020-01-21T14:08:07+00:00","dateModified":"2020-01-31T21:14:38+00:00","author":{"@id":"https:\/\/explora.cl\/rmnorte\/#\/schema\/person\/4ad985b29a183eab4170892260e133a5"},"breadcrumb":{"@id":"https:\/\/explora.cl\/rmnorte\/profesores-de-la-region-metropolitana-se-atrevieron-y-vivieron-la-ciencia-en-explora-va-2\/#breadcrumb"},"inLanguage":"es-CL","potentialAction":[{"@type":"ReadAction","target":["https:\/\/explora.cl\/rmnorte\/profesores-de-la-region-metropolitana-se-atrevieron-y-vivieron-la-ciencia-en-explora-va-2\/"]}]},{"@type":"ImageObject","inLanguage":"es-CL","@id":"https:\/\/explora.cl\/rmnorte\/profesores-de-la-region-metropolitana-se-atrevieron-y-vivieron-la-ciencia-en-explora-va-2\/#primaryimage","url":"https:\/\/explora.cl\/rmnorte\/wp-content\/uploads\/sites\/11\/2020\/01\/IMG_1832.jpg","contentUrl":"https:\/\/explora.cl\/rmnorte\/wp-content\/uploads\/sites\/11\/2020\/01\/IMG_1832.jpg","width":5153,"height":3158},{"@type":"BreadcrumbList","@id":"https:\/\/explora.cl\/rmnorte\/profesores-de-la-region-metropolitana-se-atrevieron-y-vivieron-la-ciencia-en-explora-va-2\/#breadcrumb","itemListElement":[{"@type":"ListItem","position":1,"name":"Portada","item":"https:\/\/explora.cl\/rmnorte\/"},{"@type":"ListItem","position":2,"name":"Profesores de la Regi\u00f3n Metropolitana se atrevieron y vivieron la ciencia en Explora VA!"}]},{"@type":"WebSite","@id":"https:\/\/explora.cl\/rmnorte\/#website","url":"https:\/\/explora.cl\/rmnorte\/","name":"RM Norte","description":"RM Norte explora.cl","potentialAction":[{"@type":"SearchAction","target":{"@type":"EntryPoint","urlTemplate":"https:\/\/explora.cl\/rmnorte\/?s={search_term_string}"},"query-input":{"@type":"PropertyValueSpecification","valueRequired":true,"valueName":"search_term_string"}}],"inLanguage":"es-CL"},{"@type":"Person","@id":"https:\/\/explora.cl\/rmnorte\/#\/schema\/person\/4ad985b29a183eab4170892260e133a5","name":"dgarcia","image":{"@type":"ImageObject","inLanguage":"es-CL","@id":"https:\/\/explora.cl\/rmnorte\/#\/schema\/person\/image\/","url":"https:\/\/secure.gravatar.com\/avatar\/06e2fd9f68a0c19cd669ddc183de83489acab601aa57958e0f60175e5013e6b7?s=96&d=mm&r=g","contentUrl":"https:\/\/secure.gravatar.com\/avatar\/06e2fd9f68a0c19cd669ddc183de83489acab601aa57958e0f60175e5013e6b7?s=96&d=mm&r=g","caption":"dgarcia"},"url":"https:\/\/explora.cl\/rmnorte\/author\/dgarcia\/"}]}},"_links":{"self":[{"href":"https:\/\/explora.cl\/rmnorte\/wp-json\/wp\/v2\/posts\/39364","targetHints":{"allow":["GET"]}}],"collection":[{"href":"https:\/\/explora.cl\/rmnorte\/wp-json\/wp\/v2\/posts"}],"about":[{"href":"https:\/\/explora.cl\/rmnorte\/wp-json\/wp\/v2\/types\/post"}],"author":[{"embeddable":true,"href":"https:\/\/explora.cl\/rmnorte\/wp-json\/wp\/v2\/users\/26"}],"replies":[{"embeddable":true,"href":"https:\/\/explora.cl\/rmnorte\/wp-json\/wp\/v2\/comments?post=39364"}],"version-history":[{"count":5,"href":"https:\/\/explora.cl\/rmnorte\/wp-json\/wp\/v2\/posts\/39364\/revisions"}],"predecessor-version":[{"id":39380,"href":"https:\/\/explora.cl\/rmnorte\/wp-json\/wp\/v2\/posts\/39364\/revisions\/39380"}],"wp:featuredmedia":[{"embeddable":true,"href":"https:\/\/explora.cl\/rmnorte\/wp-json\/wp\/v2\/media\/39377"}],"wp:attachment":[{"href":"https:\/\/explora.cl\/rmnorte\/wp-json\/wp\/v2\/media?parent=39364"}],"wp:term":[{"taxonomy":"category","embeddable":true,"href":"https:\/\/explora.cl\/rmnorte\/wp-json\/wp\/v2\/categories?post=39364"},{"taxonomy":"post_tag","embeddable":true,"href":"https:\/\/explora.cl\/rmnorte\/wp-json\/wp\/v2\/tags?post=39364"}],"curies":[{"name":"wp","href":"https:\/\/api.w.org\/{rel}","templated":true}]}}