{"id":39353,"date":"2020-01-06T12:14:32","date_gmt":"2020-01-06T15:14:32","guid":{"rendered":"https:\/\/explora.cl\/rmnorte\/?p=39353"},"modified":"2020-01-31T18:18:37","modified_gmt":"2020-01-31T21:18:37","slug":"mas-alla-que-un-campamento-de-verano-2","status":"publish","type":"post","link":"https:\/\/explora.cl\/rmnorte\/mas-alla-que-un-campamento-de-verano-2\/","title":{"rendered":"M\u00e1s all\u00e1 que un campamento de verano"},"content":{"rendered":"<h3 class=\"p1\"><span class=\"s1\"><b>La experiencia de los profesores Mario Santiba\u00f1ez y Carmen Barros, participantes de los Campamentos de Explora \u00a1Va!, son un ejemplo de c\u00f3mo esta experiencia permite el fortalecimiento de las competencias cient\u00edficas y el desarrollo de nuevas formas de ense\u00f1ar dentro y fuera del aula.<\/b><\/span><\/h3>\n<p class=\"p1\"><span class=\"s1\">El campamento para profesores es una iniciativa de Explora y de la Divisi\u00f3n de Ciencia y Sociedad del Ministerio\u00a0de Ciencia, Tecnolog\u00eda, Conocimiento e Innovaci\u00f3n, quienes desde hace m\u00e1s de 20 a\u00f1os, buscan fomentar en la ciudadan\u00eda el razonamiento cr\u00edtico, reflexivo y la comprensi\u00f3n del entorno, inspirando a la comunidad en general en el desarrollo y curiosidad cient\u00edfica. <\/span><\/p>\n<p class=\"p1\"><span class=\"s1\">El a\u00f1o 2016 comenz\u00f3 la aventura de los campamentos gratuitos, dirigido a directivos, docentes y educadores de cualquier asignatura, pertenecientes a las regiones determinadas por cada Proyecto Asociativo Regional Explora. <\/span><\/p>\n<p class=\"p1\"><span class=\"s1\">\u201cParticip\u00e9 en el primer campamento realizado en Picarqu\u00edn, comuna de Mostazal, Regi\u00f3n de O\u2019Higgins y realmente fue una experiencia maravillosa. Hasta el d\u00eda de hoy sigo en contacto con los profesores que conoc\u00ed en esa oportunidad y constantemente intercambiamos conocimientos y practicas cient\u00edficas\u201d, coment\u00f3 entusiasmadamente el profesor Mario Santiba\u00f1ez, educador de ciencias naturales en ense\u00f1anza b\u00e1sica en The English Institute. <\/span><\/p>\n<figure id=\"attachment_39357\" aria-describedby=\"caption-attachment-39357\" style=\"width: 560px\" class=\"wp-caption aligncenter\"><img fetchpriority=\"high\" decoding=\"async\" class=\"wp-image-39357\" src=\"https:\/\/explora.cl\/rmnorte\/wp-content\/uploads\/sites\/11\/2020\/01\/Prof-Mario.png\" alt=\"\" width=\"560\" height=\"350\" srcset=\"https:\/\/explora.cl\/rmnorte\/wp-content\/uploads\/sites\/11\/2020\/01\/Prof-Mario.png 800w, https:\/\/explora.cl\/rmnorte\/wp-content\/uploads\/sites\/11\/2020\/01\/Prof-Mario-300x188.png 300w, https:\/\/explora.cl\/rmnorte\/wp-content\/uploads\/sites\/11\/2020\/01\/Prof-Mario-768x480.png 768w\" sizes=\"(max-width: 560px) 100vw, 560px\" \/><figcaption id=\"caption-attachment-39357\" class=\"wp-caption-text\">La participaci\u00f3n del profesor Mario Santiba\u00f1ez, educador de ciencias naturales en ense\u00f1anza b\u00e1sica en The English Institute, lo llev\u00f3 a ser finalistas en el Global Teacher Prize Chile 2017<\/figcaption><\/figure>\n<p>&nbsp;<\/p>\n<p class=\"p1\"><span class=\"s1\">\u201cFueron muchas las actividades que se realizaron durante esos cinco d\u00edas y hasta le fecha pongo en pr\u00e1ctica lo aprendido. Hace poco, utilizamos en el aula un objeto que me regalaron en el campamento. Es un simulador de las placas tect\u00f3nicas y mis alumnos quedaron fascinados\u201d, cuenta Mario. <\/span><\/p>\n<p class=\"p1\"><span class=\"s1\">Por otro lado, la profesora Carmen Barros, educadora diferencial dedicada a los ni\u00f1os con trastornos del lenguaje de la audici\u00f3n y la comunicaci\u00f3n, del Colegio Abelardo Iturriaga, particip\u00f3 en el campamento del a\u00f1o 2018, realizado en Parque Nacional Conguillio. \u201cDesde el d\u00eda que fui seleccionada sab\u00eda que esta capacitaci\u00f3n ser\u00eda diferente, a pesar de recibir un mensaje de bienvenida de parte del jefe del campamento muy general, sent\u00ed que era personalizado y que \u00e9l estaba tan entusiasmado como yo de asistir al campamento\u201d, expres\u00f3 emocionada.<span class=\"Apple-converted-space\">\u00a0 \u00a0<\/span><\/span><\/p>\n<p class=\"p1\"><span class=\"s1\">Con 37 a\u00f1os de ejercicio profesional, la profesora cont\u00f3 que ha asistido a muchas capacitaciones, nacionales e internacionales, pero asegura que ninguna como esta. \u201cSiempre se espera que los profesores sean entretenidos en el aula, pero los talleres ofrecidos, por lo general, no cumplen con innovaci\u00f3n, dinamismo, ni pr\u00e1cticas, todo queda en un archivo Word o en una simple presentaci\u00f3n. Salir de la zona de confort, fue sin duda uno de los m\u00e1s atractivos elementos\u201d, explica agregando \u201ccuando llegu\u00e9, la capacitaci\u00f3n dejo de ser clases donde yo, estudiante, escuchaba al especialista, genio y experto de un tema, y nos convertimos en familia, en peque\u00f1os grupos que ten\u00edan padre o madre\u201d.\u00a0<\/span><\/p>\n<figure id=\"attachment_39358\" aria-describedby=\"caption-attachment-39358\" style=\"width: 511px\" class=\"wp-caption aligncenter\"><img decoding=\"async\" class=\"wp-image-39358\" src=\"https:\/\/explora.cl\/rmnorte\/wp-content\/uploads\/sites\/11\/2020\/01\/20191212_153142.jpg\" alt=\"\" width=\"511\" height=\"681\" srcset=\"https:\/\/explora.cl\/rmnorte\/wp-content\/uploads\/sites\/11\/2020\/01\/20191212_153142.jpg 555w, https:\/\/explora.cl\/rmnorte\/wp-content\/uploads\/sites\/11\/2020\/01\/20191212_153142-225x300.jpg 225w\" sizes=\"(max-width: 511px) 100vw, 511px\" \/><figcaption id=\"caption-attachment-39358\" class=\"wp-caption-text\">Carmen Barros, educadora diferencial dedicada a los ni\u00f1os con trastornos del lenguaje de la audici\u00f3n y la comunicaci\u00f3n, del Colegio Abelardo Iturriaga, particip\u00f3 en el campamento del a\u00f1o 2018, realizado en Parque Nacional Conguillio<\/figcaption><\/figure>\n<p>&nbsp;<\/p>\n<p class=\"p1\"><span class=\"s1\">Tambi\u00e9n explic\u00f3 que \u201cno se habl\u00f3 de inclusi\u00f3n, se vivi\u00f3 la inclusi\u00f3n\u201d. Cada una de las actividades estaba dise\u00f1ada para incluir a todos los profesores que all\u00ed se encontraban, no importaba la edad, disciplina ni experiencia, \u201cno nos dijeron c\u00f3mo deb\u00edamos hacerlo, nos lo demostraron\u201d. <\/span><\/p>\n<h3 class=\"p1\"><span class=\"s1\">\u201cNo se habl\u00f3 de inclusi\u00f3n, se vivi\u00f3 la inclusi\u00f3n\u201d, cada una de las actividades estaba dise\u00f1ada para incluir a todos los profesores que all\u00ed se encontraban, no importaba la edad, disciplina ni experiencia, \u201cno nos dijeron c\u00f3mo deb\u00edamos hacerlo, nos lo demostraron\u201d, explic\u00f3 Carmen Barros educadora diferencial del Colegio Abelardo Iturriaga.<\/span><\/h3>\n<p class=\"p1\"><span class=\"s1\"><b>Despu\u00e9s del Campamento<\/b><\/span><\/p>\n<p class=\"p2\"><span class=\"s1\">Para Carmen era un desaf\u00edo implementar pr\u00e1cticas cient\u00edficas en ni\u00f1os tan peque\u00f1os, pero luego de su grata experiencia en el campamento, descubri\u00f3 y le mostr\u00f3 al personal de su colegio c\u00f3mo se pod\u00eda educar a trav\u00e9s de la indagaci\u00f3n, lo cual se tradujo en un programa de ciencia tan exitoso que logr\u00f3 que la municipalidad le otorgara una extensi\u00f3n horaria significativa con el objetivo de poder llevar a cabo cada uno de los proyectos.<\/span><\/p>\n<p class=\"p2\"><span class=\"s1\">En este sentido, se realiz\u00f3 un dise\u00f1o de trabajo curricular al servicio de la ciencia y tecnolog\u00eda, y se lograron implementar estos atributos como un sello del colegio, relacionando los m\u00e9todos cient\u00edficos y las habilidades del lenguaje, explic\u00f3 la profesora. <\/span><\/p>\n<p class=\"p2\"><span class=\"s1\">Uno de los grandes cambios fue la realizaci\u00f3n de un huerto en el colegio, \u201clos ni\u00f1os aprendieron a cosechar lechuga, acelgas y paico, entre otras plantas, y a trav\u00e9s del m\u00e9todo de la indagaci\u00f3n han descubierto si la plata sembrada crecer\u00e1 como flor, \u00e1rbol, o si ser\u00e1 necesario cambiarla de macetero. Realmente ha sido una experiencia muy enriquecedora en todos los sentidos, coment\u00f3 Carmen.\u00a0<\/span><\/p>\n<p class=\"p2\"><span class=\"s1\">Por otro lado, el profesor Mario cont\u00f3 que gracias a la vivencia que obtuvo en el campamento y la motivaci\u00f3n generada en la capacitaci\u00f3n, ha logrado publicar varios estudios, donde uno de ellos lo llev\u00f3 a Dub\u00e1i y ser parte de los finalistas en el Global Teacher Prize Chile 2017. <\/span><\/p>\n<h3 class=\"p3\"><span class=\"s1\">Mario Santiba\u00f1ez, educador de ciencias naturales en ense\u00f1anza b\u00e1sica en The English Institute, coment\u00f3 que gracias a la vivencia que obtuvo en el campamento ha logrado publicar varios estudios, donde uno de ellos, lo llevo a ser parte de los finalistas en el Global Teacher Prize Chile 2017.<\/span><\/h3>\n<p class=\"p2\"><span class=\"s1\">Para finalizar, Mario asegura que el campamento es una oportunidad para abrir puertas, generar redes y aprender nuevas t\u00e9cnicas pedag\u00f3gicas, que sin duda son necesarias para impulsar la ciencia en los m\u00e1s peque\u00f1os. <\/span><\/p>\n<p class=\"p2\"><span class=\"s1\">En enero del a\u00f1o 2020, el PAR Explora RM Norte realizar\u00e1 el campamento de profesores, desde el lunes 13 hasta el viernes 17, en el Rancho el A\u00f1il, ubicado en\u00a0San Jos\u00e9 de Maipo, Regi\u00f3n Metropolitana. <\/span><\/p>\n<p class=\"p2\"><span class=\"s1\">Durante cinco d\u00edas, los docentes disfrutaran de hospedaje, comida y traslados. Adem\u00e1s contar\u00e1n con diferentes actividades de intercambio de aprendizaje con estudiantes y embajadores l\u00edderes de la ciencia, exposici\u00f3n de iniciativas y proyectos innovadores en pedagog\u00eda, discusi\u00f3n y socializaci\u00f3n de experiencias y estrategias entre pares, entre otras actividades te\u00f3ricas-pr\u00e1cticas.<\/span><\/p>\n","protected":false},"excerpt":{"rendered":"<p>La experiencia de los profesores Mario Santiba\u00f1ez y Carmen Barros, participantes de los Campamentos de Explora \u00a1Va!, son un ejemplo de c\u00f3mo esta experiencia permite el fortalecimiento de las competencias cient\u00edficas y el desarrollo de nuevas formas de ense\u00f1ar dentro y fuera del aula.<\/p>\n","protected":false},"author":26,"featured_media":39357,"comment_status":"open","ping_status":"open","sticky":false,"template":"","format":"standard","meta":{"_acf_changed":false,"_exactmetrics_skip_tracking":false,"_exactmetrics_sitenote_active":false,"_exactmetrics_sitenote_note":"","_exactmetrics_sitenote_category":0,"footnotes":"","_links_to":"","_links_to_target":""},"categories":[143,4],"tags":[],"class_list":["post-39353","post","type-post","status-publish","format-standard","has-post-thumbnail","hentry","category-lugar-8","category-noticias"],"acf":[],"yoast_head":"<!-- This site is optimized with the Yoast SEO plugin v26.9 - https:\/\/yoast.com\/product\/yoast-seo-wordpress\/ -->\n<title>M\u00e1s all\u00e1 que un campamento de verano - RM Norte<\/title>\n<meta name=\"robots\" content=\"index, follow, max-snippet:-1, max-image-preview:large, max-video-preview:-1\" \/>\n<link rel=\"canonical\" href=\"https:\/\/explora.cl\/rmnorte\/mas-alla-que-un-campamento-de-verano-2\/\" class=\"yoast-seo-meta-tag\" \/>\n<meta property=\"og:locale\" content=\"es_ES\" class=\"yoast-seo-meta-tag\" \/>\n<meta property=\"og:type\" content=\"article\" class=\"yoast-seo-meta-tag\" \/>\n<meta property=\"og:title\" content=\"M\u00e1s all\u00e1 que un campamento de verano - RM Norte\" class=\"yoast-seo-meta-tag\" \/>\n<meta property=\"og:description\" content=\"La experiencia de los profesores Mario Santiba\u00f1ez y Carmen Barros, participantes de los Campamentos de Explora \u00a1Va!, son un ejemplo de c\u00f3mo esta experiencia permite el fortalecimiento de las competencias cient\u00edficas y el desarrollo de nuevas formas de ense\u00f1ar dentro y fuera del aula.\" class=\"yoast-seo-meta-tag\" \/>\n<meta property=\"og:url\" content=\"https:\/\/explora.cl\/rmnorte\/mas-alla-que-un-campamento-de-verano-2\/\" class=\"yoast-seo-meta-tag\" \/>\n<meta property=\"og:site_name\" content=\"RM Norte\" class=\"yoast-seo-meta-tag\" \/>\n<meta property=\"article:published_time\" content=\"2020-01-06T15:14:32+00:00\" class=\"yoast-seo-meta-tag\" \/>\n<meta property=\"article:modified_time\" content=\"2020-01-31T21:18:37+00:00\" class=\"yoast-seo-meta-tag\" \/>\n<meta property=\"og:image\" content=\"https:\/\/explora.cl\/rmnorte\/wp-content\/uploads\/sites\/11\/2020\/01\/Prof-Mario.png\" class=\"yoast-seo-meta-tag\" \/>\n\t<meta property=\"og:image:width\" content=\"800\" class=\"yoast-seo-meta-tag\" \/>\n\t<meta property=\"og:image:height\" content=\"500\" class=\"yoast-seo-meta-tag\" \/>\n\t<meta property=\"og:image:type\" content=\"image\/png\" class=\"yoast-seo-meta-tag\" \/>\n<meta name=\"author\" content=\"dgarcia\" class=\"yoast-seo-meta-tag\" \/>\n<meta name=\"twitter:card\" content=\"summary_large_image\" class=\"yoast-seo-meta-tag\" \/>\n<meta name=\"twitter:label1\" content=\"Escrito por\" class=\"yoast-seo-meta-tag\" \/>\n\t<meta name=\"twitter:data1\" content=\"dgarcia\" class=\"yoast-seo-meta-tag\" \/>\n\t<meta name=\"twitter:label2\" content=\"Tiempo estimado de lectura\" class=\"yoast-seo-meta-tag\" \/>\n\t<meta name=\"twitter:data2\" content=\"5 minutos\" class=\"yoast-seo-meta-tag\" \/>\n<script type=\"application\/ld+json\" class=\"yoast-schema-graph\">{\"@context\":\"https:\/\/schema.org\",\"@graph\":[{\"@type\":\"Article\",\"@id\":\"https:\/\/explora.cl\/rmnorte\/mas-alla-que-un-campamento-de-verano-2\/#article\",\"isPartOf\":{\"@id\":\"https:\/\/explora.cl\/rmnorte\/mas-alla-que-un-campamento-de-verano-2\/\"},\"author\":{\"name\":\"dgarcia\",\"@id\":\"https:\/\/explora.cl\/rmnorte\/#\/schema\/person\/4ad985b29a183eab4170892260e133a5\"},\"headline\":\"M\u00e1s all\u00e1 que un campamento de verano\",\"datePublished\":\"2020-01-06T15:14:32+00:00\",\"dateModified\":\"2020-01-31T21:18:37+00:00\",\"mainEntityOfPage\":{\"@id\":\"https:\/\/explora.cl\/rmnorte\/mas-alla-que-un-campamento-de-verano-2\/\"},\"wordCount\":1107,\"commentCount\":0,\"image\":{\"@id\":\"https:\/\/explora.cl\/rmnorte\/mas-alla-que-un-campamento-de-verano-2\/#primaryimage\"},\"thumbnailUrl\":\"https:\/\/explora.cl\/rmnorte\/wp-content\/uploads\/sites\/11\/2020\/01\/Prof-Mario.png\",\"articleSection\":[\"Lugar 8\",\"Noticias\"],\"inLanguage\":\"es-CL\",\"potentialAction\":[{\"@type\":\"CommentAction\",\"name\":\"Comment\",\"target\":[\"https:\/\/explora.cl\/rmnorte\/mas-alla-que-un-campamento-de-verano-2\/#respond\"]}]},{\"@type\":\"WebPage\",\"@id\":\"https:\/\/explora.cl\/rmnorte\/mas-alla-que-un-campamento-de-verano-2\/\",\"url\":\"https:\/\/explora.cl\/rmnorte\/mas-alla-que-un-campamento-de-verano-2\/\",\"name\":\"M\u00e1s all\u00e1 que un campamento de verano - RM Norte\",\"isPartOf\":{\"@id\":\"https:\/\/explora.cl\/rmnorte\/#website\"},\"primaryImageOfPage\":{\"@id\":\"https:\/\/explora.cl\/rmnorte\/mas-alla-que-un-campamento-de-verano-2\/#primaryimage\"},\"image\":{\"@id\":\"https:\/\/explora.cl\/rmnorte\/mas-alla-que-un-campamento-de-verano-2\/#primaryimage\"},\"thumbnailUrl\":\"https:\/\/explora.cl\/rmnorte\/wp-content\/uploads\/sites\/11\/2020\/01\/Prof-Mario.png\",\"datePublished\":\"2020-01-06T15:14:32+00:00\",\"dateModified\":\"2020-01-31T21:18:37+00:00\",\"author\":{\"@id\":\"https:\/\/explora.cl\/rmnorte\/#\/schema\/person\/4ad985b29a183eab4170892260e133a5\"},\"breadcrumb\":{\"@id\":\"https:\/\/explora.cl\/rmnorte\/mas-alla-que-un-campamento-de-verano-2\/#breadcrumb\"},\"inLanguage\":\"es-CL\",\"potentialAction\":[{\"@type\":\"ReadAction\",\"target\":[\"https:\/\/explora.cl\/rmnorte\/mas-alla-que-un-campamento-de-verano-2\/\"]}]},{\"@type\":\"ImageObject\",\"inLanguage\":\"es-CL\",\"@id\":\"https:\/\/explora.cl\/rmnorte\/mas-alla-que-un-campamento-de-verano-2\/#primaryimage\",\"url\":\"https:\/\/explora.cl\/rmnorte\/wp-content\/uploads\/sites\/11\/2020\/01\/Prof-Mario.png\",\"contentUrl\":\"https:\/\/explora.cl\/rmnorte\/wp-content\/uploads\/sites\/11\/2020\/01\/Prof-Mario.png\",\"width\":800,\"height\":500},{\"@type\":\"BreadcrumbList\",\"@id\":\"https:\/\/explora.cl\/rmnorte\/mas-alla-que-un-campamento-de-verano-2\/#breadcrumb\",\"itemListElement\":[{\"@type\":\"ListItem\",\"position\":1,\"name\":\"Portada\",\"item\":\"https:\/\/explora.cl\/rmnorte\/\"},{\"@type\":\"ListItem\",\"position\":2,\"name\":\"M\u00e1s all\u00e1 que un campamento de verano\"}]},{\"@type\":\"WebSite\",\"@id\":\"https:\/\/explora.cl\/rmnorte\/#website\",\"url\":\"https:\/\/explora.cl\/rmnorte\/\",\"name\":\"RM Norte\",\"description\":\"RM Norte explora.cl\",\"potentialAction\":[{\"@type\":\"SearchAction\",\"target\":{\"@type\":\"EntryPoint\",\"urlTemplate\":\"https:\/\/explora.cl\/rmnorte\/?s={search_term_string}\"},\"query-input\":{\"@type\":\"PropertyValueSpecification\",\"valueRequired\":true,\"valueName\":\"search_term_string\"}}],\"inLanguage\":\"es-CL\"},{\"@type\":\"Person\",\"@id\":\"https:\/\/explora.cl\/rmnorte\/#\/schema\/person\/4ad985b29a183eab4170892260e133a5\",\"name\":\"dgarcia\",\"image\":{\"@type\":\"ImageObject\",\"inLanguage\":\"es-CL\",\"@id\":\"https:\/\/explora.cl\/rmnorte\/#\/schema\/person\/image\/\",\"url\":\"https:\/\/secure.gravatar.com\/avatar\/06e2fd9f68a0c19cd669ddc183de83489acab601aa57958e0f60175e5013e6b7?s=96&d=mm&r=g\",\"contentUrl\":\"https:\/\/secure.gravatar.com\/avatar\/06e2fd9f68a0c19cd669ddc183de83489acab601aa57958e0f60175e5013e6b7?s=96&d=mm&r=g\",\"caption\":\"dgarcia\"},\"url\":\"https:\/\/explora.cl\/rmnorte\/author\/dgarcia\/\"}]}<\/script>\n<!-- \/ Yoast SEO plugin. -->","yoast_head_json":{"title":"M\u00e1s all\u00e1 que un campamento de verano - RM Norte","robots":{"index":"index","follow":"follow","max-snippet":"max-snippet:-1","max-image-preview":"max-image-preview:large","max-video-preview":"max-video-preview:-1"},"canonical":"https:\/\/explora.cl\/rmnorte\/mas-alla-que-un-campamento-de-verano-2\/","og_locale":"es_ES","og_type":"article","og_title":"M\u00e1s all\u00e1 que un campamento de verano - RM Norte","og_description":"La experiencia de los profesores Mario Santiba\u00f1ez y Carmen Barros, participantes de los Campamentos de Explora \u00a1Va!, son un ejemplo de c\u00f3mo esta experiencia permite el fortalecimiento de las competencias cient\u00edficas y el desarrollo de nuevas formas de ense\u00f1ar dentro y fuera del aula.","og_url":"https:\/\/explora.cl\/rmnorte\/mas-alla-que-un-campamento-de-verano-2\/","og_site_name":"RM Norte","article_published_time":"2020-01-06T15:14:32+00:00","article_modified_time":"2020-01-31T21:18:37+00:00","og_image":[{"width":800,"height":500,"url":"https:\/\/explora.cl\/rmnorte\/wp-content\/uploads\/sites\/11\/2020\/01\/Prof-Mario.png","type":"image\/png"}],"author":"dgarcia","twitter_card":"summary_large_image","twitter_misc":{"Escrito por":"dgarcia","Tiempo estimado de lectura":"5 minutos"},"schema":{"@context":"https:\/\/schema.org","@graph":[{"@type":"Article","@id":"https:\/\/explora.cl\/rmnorte\/mas-alla-que-un-campamento-de-verano-2\/#article","isPartOf":{"@id":"https:\/\/explora.cl\/rmnorte\/mas-alla-que-un-campamento-de-verano-2\/"},"author":{"name":"dgarcia","@id":"https:\/\/explora.cl\/rmnorte\/#\/schema\/person\/4ad985b29a183eab4170892260e133a5"},"headline":"M\u00e1s all\u00e1 que un campamento de verano","datePublished":"2020-01-06T15:14:32+00:00","dateModified":"2020-01-31T21:18:37+00:00","mainEntityOfPage":{"@id":"https:\/\/explora.cl\/rmnorte\/mas-alla-que-un-campamento-de-verano-2\/"},"wordCount":1107,"commentCount":0,"image":{"@id":"https:\/\/explora.cl\/rmnorte\/mas-alla-que-un-campamento-de-verano-2\/#primaryimage"},"thumbnailUrl":"https:\/\/explora.cl\/rmnorte\/wp-content\/uploads\/sites\/11\/2020\/01\/Prof-Mario.png","articleSection":["Lugar 8","Noticias"],"inLanguage":"es-CL","potentialAction":[{"@type":"CommentAction","name":"Comment","target":["https:\/\/explora.cl\/rmnorte\/mas-alla-que-un-campamento-de-verano-2\/#respond"]}]},{"@type":"WebPage","@id":"https:\/\/explora.cl\/rmnorte\/mas-alla-que-un-campamento-de-verano-2\/","url":"https:\/\/explora.cl\/rmnorte\/mas-alla-que-un-campamento-de-verano-2\/","name":"M\u00e1s all\u00e1 que un campamento de verano - RM Norte","isPartOf":{"@id":"https:\/\/explora.cl\/rmnorte\/#website"},"primaryImageOfPage":{"@id":"https:\/\/explora.cl\/rmnorte\/mas-alla-que-un-campamento-de-verano-2\/#primaryimage"},"image":{"@id":"https:\/\/explora.cl\/rmnorte\/mas-alla-que-un-campamento-de-verano-2\/#primaryimage"},"thumbnailUrl":"https:\/\/explora.cl\/rmnorte\/wp-content\/uploads\/sites\/11\/2020\/01\/Prof-Mario.png","datePublished":"2020-01-06T15:14:32+00:00","dateModified":"2020-01-31T21:18:37+00:00","author":{"@id":"https:\/\/explora.cl\/rmnorte\/#\/schema\/person\/4ad985b29a183eab4170892260e133a5"},"breadcrumb":{"@id":"https:\/\/explora.cl\/rmnorte\/mas-alla-que-un-campamento-de-verano-2\/#breadcrumb"},"inLanguage":"es-CL","potentialAction":[{"@type":"ReadAction","target":["https:\/\/explora.cl\/rmnorte\/mas-alla-que-un-campamento-de-verano-2\/"]}]},{"@type":"ImageObject","inLanguage":"es-CL","@id":"https:\/\/explora.cl\/rmnorte\/mas-alla-que-un-campamento-de-verano-2\/#primaryimage","url":"https:\/\/explora.cl\/rmnorte\/wp-content\/uploads\/sites\/11\/2020\/01\/Prof-Mario.png","contentUrl":"https:\/\/explora.cl\/rmnorte\/wp-content\/uploads\/sites\/11\/2020\/01\/Prof-Mario.png","width":800,"height":500},{"@type":"BreadcrumbList","@id":"https:\/\/explora.cl\/rmnorte\/mas-alla-que-un-campamento-de-verano-2\/#breadcrumb","itemListElement":[{"@type":"ListItem","position":1,"name":"Portada","item":"https:\/\/explora.cl\/rmnorte\/"},{"@type":"ListItem","position":2,"name":"M\u00e1s all\u00e1 que un campamento de verano"}]},{"@type":"WebSite","@id":"https:\/\/explora.cl\/rmnorte\/#website","url":"https:\/\/explora.cl\/rmnorte\/","name":"RM Norte","description":"RM Norte explora.cl","potentialAction":[{"@type":"SearchAction","target":{"@type":"EntryPoint","urlTemplate":"https:\/\/explora.cl\/rmnorte\/?s={search_term_string}"},"query-input":{"@type":"PropertyValueSpecification","valueRequired":true,"valueName":"search_term_string"}}],"inLanguage":"es-CL"},{"@type":"Person","@id":"https:\/\/explora.cl\/rmnorte\/#\/schema\/person\/4ad985b29a183eab4170892260e133a5","name":"dgarcia","image":{"@type":"ImageObject","inLanguage":"es-CL","@id":"https:\/\/explora.cl\/rmnorte\/#\/schema\/person\/image\/","url":"https:\/\/secure.gravatar.com\/avatar\/06e2fd9f68a0c19cd669ddc183de83489acab601aa57958e0f60175e5013e6b7?s=96&d=mm&r=g","contentUrl":"https:\/\/secure.gravatar.com\/avatar\/06e2fd9f68a0c19cd669ddc183de83489acab601aa57958e0f60175e5013e6b7?s=96&d=mm&r=g","caption":"dgarcia"},"url":"https:\/\/explora.cl\/rmnorte\/author\/dgarcia\/"}]}},"_links":{"self":[{"href":"https:\/\/explora.cl\/rmnorte\/wp-json\/wp\/v2\/posts\/39353","targetHints":{"allow":["GET"]}}],"collection":[{"href":"https:\/\/explora.cl\/rmnorte\/wp-json\/wp\/v2\/posts"}],"about":[{"href":"https:\/\/explora.cl\/rmnorte\/wp-json\/wp\/v2\/types\/post"}],"author":[{"embeddable":true,"href":"https:\/\/explora.cl\/rmnorte\/wp-json\/wp\/v2\/users\/26"}],"replies":[{"embeddable":true,"href":"https:\/\/explora.cl\/rmnorte\/wp-json\/wp\/v2\/comments?post=39353"}],"version-history":[{"count":3,"href":"https:\/\/explora.cl\/rmnorte\/wp-json\/wp\/v2\/posts\/39353\/revisions"}],"predecessor-version":[{"id":39381,"href":"https:\/\/explora.cl\/rmnorte\/wp-json\/wp\/v2\/posts\/39353\/revisions\/39381"}],"wp:featuredmedia":[{"embeddable":true,"href":"https:\/\/explora.cl\/rmnorte\/wp-json\/wp\/v2\/media\/39357"}],"wp:attachment":[{"href":"https:\/\/explora.cl\/rmnorte\/wp-json\/wp\/v2\/media?parent=39353"}],"wp:term":[{"taxonomy":"category","embeddable":true,"href":"https:\/\/explora.cl\/rmnorte\/wp-json\/wp\/v2\/categories?post=39353"},{"taxonomy":"post_tag","embeddable":true,"href":"https:\/\/explora.cl\/rmnorte\/wp-json\/wp\/v2\/tags?post=39353"}],"curies":[{"name":"wp","href":"https:\/\/api.w.org\/{rel}","templated":true}]}}