{"id":39342,"date":"2019-12-27T12:30:05","date_gmt":"2019-12-27T15:30:05","guid":{"rendered":"https:\/\/explora.cl\/rmnorte\/?p=39342"},"modified":"2020-01-21T11:15:36","modified_gmt":"2020-01-21T14:15:36","slug":"el-arte-un-invitado-especial-en-la-fiesta-de-la-ciencia-2","status":"publish","type":"post","link":"https:\/\/explora.cl\/rmnorte\/el-arte-un-invitado-especial-en-la-fiesta-de-la-ciencia-2\/","title":{"rendered":"El arte, un invitado especial en la fiesta de la ciencia"},"content":{"rendered":"<h3><strong><em>\u201cEl universo no s\u00f3lo entrega datos sino tambi\u00e9n experiencias y sensaciones\u201d indica el Dr. Andro Montoya, cient\u00edfico y artista del grafiti, quien particip\u00f3 en la fiesta de la ciencia EUREKA, organizada por el PAR Explora RM Norte el pasado 6 de octubre en el Centro Cultural Gabriela Mistral (GAM).<\/em><\/strong><\/h3>\n<p>Entremedio de la entrega de mil \u00e1rboles del Instituto Milenio de Biolog\u00eda Integrativa (iBIO), los simuladores de terremotos y maremotos de CIGIDEN, los 22 stand y los talleres realizados por las instituciones participantes, durante la fiesta de la ciencia Eureka, un grupo de j\u00f3venes dirigidos por Andro Montoya daba vida a un mural que mostraba todas las bondades del astro Sol. All\u00ed, exhibieron sus efectos sobre el ciclo del agua, la fotos\u00edntesis en las plantas, la s\u00edntesis de vitamina D y las alteraciones en el ADN, resaltando la escala de colores, desde el rojo, pasando por el amarillo, verde, azul y el ultravioleta.<\/p>\n<p>Extra\u00f1a puede resultar la conjunci\u00f3n entre arte y ciencia, no tanto en la obra misma, sino m\u00e1s bien en qui\u00e9n es capaz de desarrollar ambos campos, que tienen formas muy diferentes de relatar el universo. Aunque puede parecer complejo, no lo fue as\u00ed para Andro Montoya, grafitero e Ingeniero en Biotecnolog\u00eda Molecular de la Universidad de Chile, con un Doctorado en Ciencias con menci\u00f3n en Biolog\u00eda Molecular, Celular y Neurociencias de la misma casa de estudios.<\/p>\n<p>Andro Montoya es cient\u00edfico, pero creci\u00f3 en un c\u00edrculo de artistas cuya familia y amigos de sus cercanos tambi\u00e9n lo eran. A su padre, artesano del cuero, le gustaba la actuaci\u00f3n, adem\u00e1s de escribir poes\u00eda. A su madre, le apasionaba la danza y la costura. Aquel legado permiti\u00f3 que su parte art\u00edstica se desarrollara con naturalidad, porque proven\u00eda de su cotidianidad. De hecho, recuerda que junto con el retorno de la democracia en Chile, los amigos de sus padres crearon la \u201cBrigada Jurel tipo Toyo\u201d, colectivo que pintaba murales en la poblaci\u00f3n.<\/p>\n<p>Su gusto por la ciencia y tecnolog\u00eda se inici\u00f3 m\u00e1s tarde, pero tambi\u00e9n con peque\u00f1os esbozos en su ni\u00f1ez. Seg\u00fan relata, \u201chab\u00eda en ese entonces programas de televisi\u00f3n como \u2018El mundo del profesor Rosa\u2019, donde se mezclaba muy bien el arte del dibujo con la vida de los animales, los fen\u00f3menos de la naturaleza, y otros temas que involucraban ciencia y tecnolog\u00eda\u201d.<\/p>\n<p><strong><em>\u201cSiempre me gustaron los computadores, los videojuegos, los robots, la inteligencia artificial y, por otra parte, la naturaleza, los gusanos, las ranas, el paisaje, las c\u00e9lulas, el sistema sangu\u00edneo, etc.\u201d. Y esto son algunas de los t\u00f3picos que se encuentran plasmados en las obras de Andro Montoya.<\/em><\/strong><\/p>\n<p>Fue as\u00ed como su inter\u00e9s en la naturaleza y la tecnolog\u00eda lo llevaron a estudiar Ingenier\u00eda en Biotecnolog\u00eda, ya que, seg\u00fan recuerda, siempre le gustaron los computadores, los videojuegos, los robots, la inteligencia artificial, y, por otra parte, la naturaleza, como los gusanos, las ranas, el paisaje, las c\u00e9lulas, el sistema sangu\u00edneo, etc\u2026 elementos que tambi\u00e9n se encuentran plasmadas en sus obras.<\/p>\n<p><strong>La ciencia de c\u00f3mo percibimos el universo y c\u00f3mo respondemos.<\/strong><\/p>\n<p>Durante el doctorado, realiz\u00f3 sus tesis en el laboratorio de Neuroinmunolog\u00eda en la\u00a0 Fundaci\u00f3n Ciencia y Vida con el Dr. Rodrigo Pacheco, donde estudi\u00f3 c\u00f3mo alteraciones del sistema inmune se encuentran asociadas al desarrollo de diferentes patolog\u00edas y, en su caso particular, investig\u00f3 c\u00f3mo la expresi\u00f3n de un receptor de dopamina (neurotransmisor que permite la comunicaci\u00f3n entre diferentes c\u00e9lulas que conforman nuestro cuerpo, especialmente en el sistema nervioso) en c\u00e9lulas como las microglias (c\u00e9lulas del sistema inmune del cerebro)y astrocitos (c\u00e9lulas de soporte del cerebro), pueden estar implicadas en el desarrollo de patolog\u00edas como Parkinson o Esclerosis M\u00faltiple.<\/p>\n<p>\u201cEntr\u00e9 al laboratorio con el inter\u00e9s de estudiar este nexo entre el sistema nervioso y el sistema inmune, donde uno percibe el universo y la existencia, mientras que el otro es el que responde frente a eso\u201d, cuenta. \u201cEstoy muy interesado en el efecto de la mente sobre el cuerpo, c\u00f3mo el estr\u00e9s deteriora la salud, o c\u00f3mo la tranquilidad, armon\u00eda mental o estados de meditaci\u00f3n mejoran la misma. Procesos cotidianos de conducta, como sensaciones, emociones o sentimientos, pueden influenciar procesos inmunol\u00f3gicos, como las defensas frente a un pat\u00f3geno o la manera c\u00f3mo responde el cuerpo frente a agresiones\u201d. Esto no es raro, ya en el a\u00f1o 2004 la revista \u2018<em>The Lancet<\/em>\u2019 publicaba una revisi\u00f3n de la evidencia de c\u00f3mo factores celulares, moleculares e inmunol\u00f3gicos est\u00e1n alterados en condiciones de estr\u00e9s cr\u00f3nico y depresi\u00f3n, y que se encuentran asociados a la iniciaci\u00f3n y progresi\u00f3n del c\u00e1ncer\u201d.<\/p>\n<p>Su visi\u00f3n m\u00e1s hol\u00edstica la adquiri\u00f3 de su madre, actualmente acupunturista, con quien pudo conocer diferentes enfoques de la fisiolog\u00eda humana. La acupuntura ha sido utilizada com\u00fanmente en la medicina China por a\u00f1os y desde los a\u00f1os 70 se comenz\u00f3 a emplear en occidente, principalmente en el tratamiento del dolor. Para apoyar su uso, el Dr. Montoya indica que \u201choy en d\u00eda es tiempo de juntar todos estos conocimientos dispersos de medicina oriental y medicina occidental. Este tipo de exploraci\u00f3n me parece muy interesante y me gustar\u00eda desarrollarla\u201d.<\/p>\n<p><strong>C\u00f3mo se benefician mutuamente la ciencia y el arte<\/strong><\/p>\n<p>Seg\u00fan explica el Dr. Montoya, es m\u00e1s claro ver c\u00f3mo el arte se va beneficiando de las cosas que la ciencia va develando. De hecho, indica que \u201clas cosas fruto de la exploraci\u00f3n cient\u00edfica son las que me inspiran, por eso en mi obra hago criaturas con ojos, nariz y movimiento. Adem\u00e1s, me gustan las c\u00e9lulas, cuyas formas podemos tambi\u00e9n ver en la naturaleza\u2026 la manera en que crecen las ramas de un \u00e1rbol o se distribuyen los brazos de un r\u00edo cuando llega al mar, son formas que, gracias a la ciencia, podemos conocer que tambi\u00e9n las encontramos en las neuronas\u201d.<\/p>\n<p><strong><em>\u201cel arte puede hacer un resumen est\u00e9tico visual o auditivo para mostrar los datos duros que se adquieren con el m\u00e9todo cient\u00edfico\u201d.<\/em><\/strong><\/p>\n<p>M\u00e1s complejo es entender c\u00f3mo la ciencia se beneficia del arte, pero si ocurre como el Dr. Montoya explica, \u201cel arte puede hacer un resumen est\u00e9tico visual o auditivo para mostrar los datos duros que se adquieren con el m\u00e9todo cient\u00edfico\u201d. Es por eso que Andro, junto a su amigo y compa\u00f1ero en el arte del grafiti, el m\u00e9dico Guillermo Mardones, profesor de anatom\u00eda de la Facultad de medicina de la Universidad de Chile y qui\u00e9n tambi\u00e9n participo en la creaci\u00f3n del mural de EUREKA, est\u00e1n desarrollando la iniciativa de infomurales de trabajos cient\u00edficos en los barrios, de forma de llegar all\u00ed con la sofisticaci\u00f3n de las publicaciones cient\u00edficas o libros a personas no cient\u00edficas.<\/p>\n<p>\u201cSin simplificarlos tanto, no pretendemos subestimar a las personas, queremos llevarles a trav\u00e9s de im\u00e1genes lo que est\u00e1 pasando hoy en d\u00eda en la frontera del conocimiento\u201d, se\u00f1ala Andro.<\/p>\n<p><img fetchpriority=\"high\" decoding=\"async\" class=\"wp-image-39343 aligncenter\" src=\"https:\/\/explora.cl\/rmnorte\/wp-content\/uploads\/sites\/11\/2019\/12\/andro_.jpg\" alt=\"\" width=\"586\" height=\"308\" srcset=\"https:\/\/explora.cl\/rmnorte\/wp-content\/uploads\/sites\/11\/2019\/12\/andro_.jpg 816w, https:\/\/explora.cl\/rmnorte\/wp-content\/uploads\/sites\/11\/2019\/12\/andro_-300x157.jpg 300w, https:\/\/explora.cl\/rmnorte\/wp-content\/uploads\/sites\/11\/2019\/12\/andro_-768x403.jpg 768w\" sizes=\"(max-width: 586px) 100vw, 586px\" \/><\/p>\n<p><strong>Fundaci\u00f3n Arte + Ciencia<\/strong><\/p>\n<p>Andro Montoya es tambi\u00e9n Artista Director de Vinculaci\u00f3n Cient\u00edfica de la Fundaci\u00f3n Arte + Ciencia, una plataforma sin fines de lucro que acoge iniciativas que apoyan la generaci\u00f3n de nexos que se pueden establecer entre artistas y cient\u00edficos.<\/p>\n<h3><strong><em>\u201cEspero evolucionar por ahora, poder llevar el conocimiento m\u00e1s sofisticado de la ciencia a sectores m\u00e1s pobres o marginados de la sociedad, m\u00e1s oprimidos y estigmatizados<\/em><\/strong><strong><em>,<\/em><\/strong> <strong><em>es un acto y una decisi\u00f3n pol\u00edtica\u201d.<\/em><\/strong><\/h3>\n<p>La fundaci\u00f3n realiza talleres para entregar el pensamiento art\u00edstico a cient\u00edficos con el fin de que estos logren expresar sus investigaciones desde las sensaciones y no tanto del pensamiento l\u00f3gico que se plasma en una publicaci\u00f3n de una revista cient\u00edfica, con el fin de proyectarlas art\u00edsticamente para darlas a conocer, porque seg\u00fan se\u00f1ala Andro, \u201cqui\u00e9nes m\u00e1s que ellos que son los expertos para mostrar lo que significan sus investigaciones para la humanidad\u201d. Seg\u00fan nos cuenta, \u201cla fundaci\u00f3n se ha vuelto m\u00e1s din\u00e1mica, pues nos hemos hecho notar intencionalmente para salir al p\u00fablico y comunicar nuestra propuesta y compartir los que sabemos en cuanto a la relaci\u00f3n entre el arte y la ciencia\u201d.<\/p>\n<p>Andro Montoya, desea seguir creciendo como artista, y tiene ganas de \u201cevolucionar, para poder llevar el conocimiento m\u00e1s sofisticado de la ciencia a sectores m\u00e1s pobres o marginados de la sociedad, m\u00e1s oprimidos y estigmatizados. Es un acto y una decisi\u00f3n pol\u00edtica, creo que ah\u00ed empieza esta cosa y espero que evolucione hacia eso\u201d.<\/p>\n<p><img decoding=\"async\" class=\"wp-image-39344 aligncenter\" src=\"https:\/\/explora.cl\/rmnorte\/wp-content\/uploads\/sites\/11\/2019\/12\/andro_2.jpg\" alt=\"\" width=\"586\" height=\"440\" srcset=\"https:\/\/explora.cl\/rmnorte\/wp-content\/uploads\/sites\/11\/2019\/12\/andro_2.jpg 1280w, https:\/\/explora.cl\/rmnorte\/wp-content\/uploads\/sites\/11\/2019\/12\/andro_2-300x225.jpg 300w, https:\/\/explora.cl\/rmnorte\/wp-content\/uploads\/sites\/11\/2019\/12\/andro_2-768x576.jpg 768w, https:\/\/explora.cl\/rmnorte\/wp-content\/uploads\/sites\/11\/2019\/12\/andro_2-1024x768.jpg 1024w\" sizes=\"(max-width: 586px) 100vw, 586px\" \/><\/p>\n<p>&nbsp;<\/p>\n<p>&nbsp;<\/p>\n","protected":false},"excerpt":{"rendered":"<p>\u201cEl universo no s\u00f3lo entrega datos sino tambi\u00e9n experiencias y sensaciones\u201d indica el Dr. Andro Montoya, cient\u00edfico y artista del grafiti, quien particip\u00f3 en la fiesta de la ciencia EUREKA, organizada por el PAR Explora RM Norte el pasado 6 de octubre en el Centro Cultural Gabriela Mistral (GAM).<\/p>\n","protected":false},"author":26,"featured_media":39345,"comment_status":"open","ping_status":"open","sticky":false,"template":"","format":"standard","meta":{"_acf_changed":false,"_exactmetrics_skip_tracking":false,"_exactmetrics_sitenote_active":false,"_exactmetrics_sitenote_note":"","_exactmetrics_sitenote_category":0,"footnotes":"","_links_to":"","_links_to_target":""},"categories":[143,4],"tags":[],"class_list":["post-39342","post","type-post","status-publish","format-standard","has-post-thumbnail","hentry","category-lugar-8","category-noticias"],"acf":[],"yoast_head":"<!-- This site is optimized with the Yoast SEO plugin v26.9 - https:\/\/yoast.com\/product\/yoast-seo-wordpress\/ -->\n<title>El arte, un invitado especial en la fiesta de la ciencia - RM Norte<\/title>\n<meta name=\"robots\" content=\"index, follow, max-snippet:-1, max-image-preview:large, max-video-preview:-1\" \/>\n<link rel=\"canonical\" href=\"https:\/\/explora.cl\/rmnorte\/el-arte-un-invitado-especial-en-la-fiesta-de-la-ciencia-2\/\" class=\"yoast-seo-meta-tag\" \/>\n<meta property=\"og:locale\" content=\"es_ES\" class=\"yoast-seo-meta-tag\" \/>\n<meta property=\"og:type\" content=\"article\" class=\"yoast-seo-meta-tag\" \/>\n<meta property=\"og:title\" content=\"El arte, un invitado especial en la fiesta de la ciencia - RM Norte\" class=\"yoast-seo-meta-tag\" \/>\n<meta property=\"og:description\" content=\"\u201cEl universo no s\u00f3lo entrega datos sino tambi\u00e9n experiencias y sensaciones\u201d indica el Dr. Andro Montoya, cient\u00edfico y artista del grafiti, quien particip\u00f3 en la fiesta de la ciencia EUREKA, organizada por el PAR Explora RM Norte el pasado 6 de octubre en el Centro Cultural Gabriela Mistral (GAM).\" class=\"yoast-seo-meta-tag\" \/>\n<meta property=\"og:url\" content=\"https:\/\/explora.cl\/rmnorte\/el-arte-un-invitado-especial-en-la-fiesta-de-la-ciencia-2\/\" class=\"yoast-seo-meta-tag\" \/>\n<meta property=\"og:site_name\" content=\"RM Norte\" class=\"yoast-seo-meta-tag\" \/>\n<meta property=\"article:published_time\" content=\"2019-12-27T15:30:05+00:00\" class=\"yoast-seo-meta-tag\" \/>\n<meta property=\"article:modified_time\" content=\"2020-01-21T14:15:36+00:00\" class=\"yoast-seo-meta-tag\" \/>\n<meta property=\"og:image\" content=\"https:\/\/explora.cl\/rmnorte\/wp-content\/uploads\/sites\/11\/2019\/12\/B4AF33B8-FF94-4027-8AE2-EF19C544E568.jpeg\" class=\"yoast-seo-meta-tag\" \/>\n\t<meta property=\"og:image:width\" content=\"1000\" class=\"yoast-seo-meta-tag\" \/>\n\t<meta property=\"og:image:height\" content=\"790\" class=\"yoast-seo-meta-tag\" \/>\n\t<meta property=\"og:image:type\" content=\"image\/jpeg\" class=\"yoast-seo-meta-tag\" \/>\n<meta name=\"author\" content=\"dgarcia\" class=\"yoast-seo-meta-tag\" \/>\n<meta name=\"twitter:card\" content=\"summary_large_image\" class=\"yoast-seo-meta-tag\" \/>\n<meta name=\"twitter:label1\" content=\"Escrito por\" class=\"yoast-seo-meta-tag\" \/>\n\t<meta name=\"twitter:data1\" content=\"dgarcia\" class=\"yoast-seo-meta-tag\" \/>\n\t<meta name=\"twitter:label2\" content=\"Tiempo estimado de lectura\" class=\"yoast-seo-meta-tag\" \/>\n\t<meta name=\"twitter:data2\" content=\"8 minutos\" class=\"yoast-seo-meta-tag\" \/>\n<script type=\"application\/ld+json\" class=\"yoast-schema-graph\">{\"@context\":\"https:\/\/schema.org\",\"@graph\":[{\"@type\":\"Article\",\"@id\":\"https:\/\/explora.cl\/rmnorte\/el-arte-un-invitado-especial-en-la-fiesta-de-la-ciencia-2\/#article\",\"isPartOf\":{\"@id\":\"https:\/\/explora.cl\/rmnorte\/el-arte-un-invitado-especial-en-la-fiesta-de-la-ciencia-2\/\"},\"author\":{\"name\":\"dgarcia\",\"@id\":\"https:\/\/explora.cl\/rmnorte\/#\/schema\/person\/4ad985b29a183eab4170892260e133a5\"},\"headline\":\"El arte, un invitado especial en la fiesta de la ciencia\",\"datePublished\":\"2019-12-27T15:30:05+00:00\",\"dateModified\":\"2020-01-21T14:15:36+00:00\",\"mainEntityOfPage\":{\"@id\":\"https:\/\/explora.cl\/rmnorte\/el-arte-un-invitado-especial-en-la-fiesta-de-la-ciencia-2\/\"},\"wordCount\":1516,\"commentCount\":0,\"image\":{\"@id\":\"https:\/\/explora.cl\/rmnorte\/el-arte-un-invitado-especial-en-la-fiesta-de-la-ciencia-2\/#primaryimage\"},\"thumbnailUrl\":\"https:\/\/explora.cl\/rmnorte\/wp-content\/uploads\/sites\/11\/2019\/12\/B4AF33B8-FF94-4027-8AE2-EF19C544E568.jpeg\",\"articleSection\":[\"Lugar 8\",\"Noticias\"],\"inLanguage\":\"es-CL\",\"potentialAction\":[{\"@type\":\"CommentAction\",\"name\":\"Comment\",\"target\":[\"https:\/\/explora.cl\/rmnorte\/el-arte-un-invitado-especial-en-la-fiesta-de-la-ciencia-2\/#respond\"]}]},{\"@type\":\"WebPage\",\"@id\":\"https:\/\/explora.cl\/rmnorte\/el-arte-un-invitado-especial-en-la-fiesta-de-la-ciencia-2\/\",\"url\":\"https:\/\/explora.cl\/rmnorte\/el-arte-un-invitado-especial-en-la-fiesta-de-la-ciencia-2\/\",\"name\":\"El arte, un invitado especial en la fiesta de la ciencia - RM Norte\",\"isPartOf\":{\"@id\":\"https:\/\/explora.cl\/rmnorte\/#website\"},\"primaryImageOfPage\":{\"@id\":\"https:\/\/explora.cl\/rmnorte\/el-arte-un-invitado-especial-en-la-fiesta-de-la-ciencia-2\/#primaryimage\"},\"image\":{\"@id\":\"https:\/\/explora.cl\/rmnorte\/el-arte-un-invitado-especial-en-la-fiesta-de-la-ciencia-2\/#primaryimage\"},\"thumbnailUrl\":\"https:\/\/explora.cl\/rmnorte\/wp-content\/uploads\/sites\/11\/2019\/12\/B4AF33B8-FF94-4027-8AE2-EF19C544E568.jpeg\",\"datePublished\":\"2019-12-27T15:30:05+00:00\",\"dateModified\":\"2020-01-21T14:15:36+00:00\",\"author\":{\"@id\":\"https:\/\/explora.cl\/rmnorte\/#\/schema\/person\/4ad985b29a183eab4170892260e133a5\"},\"breadcrumb\":{\"@id\":\"https:\/\/explora.cl\/rmnorte\/el-arte-un-invitado-especial-en-la-fiesta-de-la-ciencia-2\/#breadcrumb\"},\"inLanguage\":\"es-CL\",\"potentialAction\":[{\"@type\":\"ReadAction\",\"target\":[\"https:\/\/explora.cl\/rmnorte\/el-arte-un-invitado-especial-en-la-fiesta-de-la-ciencia-2\/\"]}]},{\"@type\":\"ImageObject\",\"inLanguage\":\"es-CL\",\"@id\":\"https:\/\/explora.cl\/rmnorte\/el-arte-un-invitado-especial-en-la-fiesta-de-la-ciencia-2\/#primaryimage\",\"url\":\"https:\/\/explora.cl\/rmnorte\/wp-content\/uploads\/sites\/11\/2019\/12\/B4AF33B8-FF94-4027-8AE2-EF19C544E568.jpeg\",\"contentUrl\":\"https:\/\/explora.cl\/rmnorte\/wp-content\/uploads\/sites\/11\/2019\/12\/B4AF33B8-FF94-4027-8AE2-EF19C544E568.jpeg\",\"width\":1000,\"height\":790},{\"@type\":\"BreadcrumbList\",\"@id\":\"https:\/\/explora.cl\/rmnorte\/el-arte-un-invitado-especial-en-la-fiesta-de-la-ciencia-2\/#breadcrumb\",\"itemListElement\":[{\"@type\":\"ListItem\",\"position\":1,\"name\":\"Portada\",\"item\":\"https:\/\/explora.cl\/rmnorte\/\"},{\"@type\":\"ListItem\",\"position\":2,\"name\":\"El arte, un invitado especial en la fiesta de la ciencia\"}]},{\"@type\":\"WebSite\",\"@id\":\"https:\/\/explora.cl\/rmnorte\/#website\",\"url\":\"https:\/\/explora.cl\/rmnorte\/\",\"name\":\"RM Norte\",\"description\":\"RM Norte explora.cl\",\"potentialAction\":[{\"@type\":\"SearchAction\",\"target\":{\"@type\":\"EntryPoint\",\"urlTemplate\":\"https:\/\/explora.cl\/rmnorte\/?s={search_term_string}\"},\"query-input\":{\"@type\":\"PropertyValueSpecification\",\"valueRequired\":true,\"valueName\":\"search_term_string\"}}],\"inLanguage\":\"es-CL\"},{\"@type\":\"Person\",\"@id\":\"https:\/\/explora.cl\/rmnorte\/#\/schema\/person\/4ad985b29a183eab4170892260e133a5\",\"name\":\"dgarcia\",\"image\":{\"@type\":\"ImageObject\",\"inLanguage\":\"es-CL\",\"@id\":\"https:\/\/explora.cl\/rmnorte\/#\/schema\/person\/image\/\",\"url\":\"https:\/\/secure.gravatar.com\/avatar\/06e2fd9f68a0c19cd669ddc183de83489acab601aa57958e0f60175e5013e6b7?s=96&d=mm&r=g\",\"contentUrl\":\"https:\/\/secure.gravatar.com\/avatar\/06e2fd9f68a0c19cd669ddc183de83489acab601aa57958e0f60175e5013e6b7?s=96&d=mm&r=g\",\"caption\":\"dgarcia\"},\"url\":\"https:\/\/explora.cl\/rmnorte\/author\/dgarcia\/\"}]}<\/script>\n<!-- \/ Yoast SEO plugin. -->","yoast_head_json":{"title":"El arte, un invitado especial en la fiesta de la ciencia - RM Norte","robots":{"index":"index","follow":"follow","max-snippet":"max-snippet:-1","max-image-preview":"max-image-preview:large","max-video-preview":"max-video-preview:-1"},"canonical":"https:\/\/explora.cl\/rmnorte\/el-arte-un-invitado-especial-en-la-fiesta-de-la-ciencia-2\/","og_locale":"es_ES","og_type":"article","og_title":"El arte, un invitado especial en la fiesta de la ciencia - RM Norte","og_description":"\u201cEl universo no s\u00f3lo entrega datos sino tambi\u00e9n experiencias y sensaciones\u201d indica el Dr. Andro Montoya, cient\u00edfico y artista del grafiti, quien particip\u00f3 en la fiesta de la ciencia EUREKA, organizada por el PAR Explora RM Norte el pasado 6 de octubre en el Centro Cultural Gabriela Mistral (GAM).","og_url":"https:\/\/explora.cl\/rmnorte\/el-arte-un-invitado-especial-en-la-fiesta-de-la-ciencia-2\/","og_site_name":"RM Norte","article_published_time":"2019-12-27T15:30:05+00:00","article_modified_time":"2020-01-21T14:15:36+00:00","og_image":[{"width":1000,"height":790,"url":"https:\/\/explora.cl\/rmnorte\/wp-content\/uploads\/sites\/11\/2019\/12\/B4AF33B8-FF94-4027-8AE2-EF19C544E568.jpeg","type":"image\/jpeg"}],"author":"dgarcia","twitter_card":"summary_large_image","twitter_misc":{"Escrito por":"dgarcia","Tiempo estimado de lectura":"8 minutos"},"schema":{"@context":"https:\/\/schema.org","@graph":[{"@type":"Article","@id":"https:\/\/explora.cl\/rmnorte\/el-arte-un-invitado-especial-en-la-fiesta-de-la-ciencia-2\/#article","isPartOf":{"@id":"https:\/\/explora.cl\/rmnorte\/el-arte-un-invitado-especial-en-la-fiesta-de-la-ciencia-2\/"},"author":{"name":"dgarcia","@id":"https:\/\/explora.cl\/rmnorte\/#\/schema\/person\/4ad985b29a183eab4170892260e133a5"},"headline":"El arte, un invitado especial en la fiesta de la ciencia","datePublished":"2019-12-27T15:30:05+00:00","dateModified":"2020-01-21T14:15:36+00:00","mainEntityOfPage":{"@id":"https:\/\/explora.cl\/rmnorte\/el-arte-un-invitado-especial-en-la-fiesta-de-la-ciencia-2\/"},"wordCount":1516,"commentCount":0,"image":{"@id":"https:\/\/explora.cl\/rmnorte\/el-arte-un-invitado-especial-en-la-fiesta-de-la-ciencia-2\/#primaryimage"},"thumbnailUrl":"https:\/\/explora.cl\/rmnorte\/wp-content\/uploads\/sites\/11\/2019\/12\/B4AF33B8-FF94-4027-8AE2-EF19C544E568.jpeg","articleSection":["Lugar 8","Noticias"],"inLanguage":"es-CL","potentialAction":[{"@type":"CommentAction","name":"Comment","target":["https:\/\/explora.cl\/rmnorte\/el-arte-un-invitado-especial-en-la-fiesta-de-la-ciencia-2\/#respond"]}]},{"@type":"WebPage","@id":"https:\/\/explora.cl\/rmnorte\/el-arte-un-invitado-especial-en-la-fiesta-de-la-ciencia-2\/","url":"https:\/\/explora.cl\/rmnorte\/el-arte-un-invitado-especial-en-la-fiesta-de-la-ciencia-2\/","name":"El arte, un invitado especial en la fiesta de la ciencia - RM Norte","isPartOf":{"@id":"https:\/\/explora.cl\/rmnorte\/#website"},"primaryImageOfPage":{"@id":"https:\/\/explora.cl\/rmnorte\/el-arte-un-invitado-especial-en-la-fiesta-de-la-ciencia-2\/#primaryimage"},"image":{"@id":"https:\/\/explora.cl\/rmnorte\/el-arte-un-invitado-especial-en-la-fiesta-de-la-ciencia-2\/#primaryimage"},"thumbnailUrl":"https:\/\/explora.cl\/rmnorte\/wp-content\/uploads\/sites\/11\/2019\/12\/B4AF33B8-FF94-4027-8AE2-EF19C544E568.jpeg","datePublished":"2019-12-27T15:30:05+00:00","dateModified":"2020-01-21T14:15:36+00:00","author":{"@id":"https:\/\/explora.cl\/rmnorte\/#\/schema\/person\/4ad985b29a183eab4170892260e133a5"},"breadcrumb":{"@id":"https:\/\/explora.cl\/rmnorte\/el-arte-un-invitado-especial-en-la-fiesta-de-la-ciencia-2\/#breadcrumb"},"inLanguage":"es-CL","potentialAction":[{"@type":"ReadAction","target":["https:\/\/explora.cl\/rmnorte\/el-arte-un-invitado-especial-en-la-fiesta-de-la-ciencia-2\/"]}]},{"@type":"ImageObject","inLanguage":"es-CL","@id":"https:\/\/explora.cl\/rmnorte\/el-arte-un-invitado-especial-en-la-fiesta-de-la-ciencia-2\/#primaryimage","url":"https:\/\/explora.cl\/rmnorte\/wp-content\/uploads\/sites\/11\/2019\/12\/B4AF33B8-FF94-4027-8AE2-EF19C544E568.jpeg","contentUrl":"https:\/\/explora.cl\/rmnorte\/wp-content\/uploads\/sites\/11\/2019\/12\/B4AF33B8-FF94-4027-8AE2-EF19C544E568.jpeg","width":1000,"height":790},{"@type":"BreadcrumbList","@id":"https:\/\/explora.cl\/rmnorte\/el-arte-un-invitado-especial-en-la-fiesta-de-la-ciencia-2\/#breadcrumb","itemListElement":[{"@type":"ListItem","position":1,"name":"Portada","item":"https:\/\/explora.cl\/rmnorte\/"},{"@type":"ListItem","position":2,"name":"El arte, un invitado especial en la fiesta de la ciencia"}]},{"@type":"WebSite","@id":"https:\/\/explora.cl\/rmnorte\/#website","url":"https:\/\/explora.cl\/rmnorte\/","name":"RM Norte","description":"RM Norte explora.cl","potentialAction":[{"@type":"SearchAction","target":{"@type":"EntryPoint","urlTemplate":"https:\/\/explora.cl\/rmnorte\/?s={search_term_string}"},"query-input":{"@type":"PropertyValueSpecification","valueRequired":true,"valueName":"search_term_string"}}],"inLanguage":"es-CL"},{"@type":"Person","@id":"https:\/\/explora.cl\/rmnorte\/#\/schema\/person\/4ad985b29a183eab4170892260e133a5","name":"dgarcia","image":{"@type":"ImageObject","inLanguage":"es-CL","@id":"https:\/\/explora.cl\/rmnorte\/#\/schema\/person\/image\/","url":"https:\/\/secure.gravatar.com\/avatar\/06e2fd9f68a0c19cd669ddc183de83489acab601aa57958e0f60175e5013e6b7?s=96&d=mm&r=g","contentUrl":"https:\/\/secure.gravatar.com\/avatar\/06e2fd9f68a0c19cd669ddc183de83489acab601aa57958e0f60175e5013e6b7?s=96&d=mm&r=g","caption":"dgarcia"},"url":"https:\/\/explora.cl\/rmnorte\/author\/dgarcia\/"}]}},"_links":{"self":[{"href":"https:\/\/explora.cl\/rmnorte\/wp-json\/wp\/v2\/posts\/39342","targetHints":{"allow":["GET"]}}],"collection":[{"href":"https:\/\/explora.cl\/rmnorte\/wp-json\/wp\/v2\/posts"}],"about":[{"href":"https:\/\/explora.cl\/rmnorte\/wp-json\/wp\/v2\/types\/post"}],"author":[{"embeddable":true,"href":"https:\/\/explora.cl\/rmnorte\/wp-json\/wp\/v2\/users\/26"}],"replies":[{"embeddable":true,"href":"https:\/\/explora.cl\/rmnorte\/wp-json\/wp\/v2\/comments?post=39342"}],"version-history":[{"count":3,"href":"https:\/\/explora.cl\/rmnorte\/wp-json\/wp\/v2\/posts\/39342\/revisions"}],"predecessor-version":[{"id":39355,"href":"https:\/\/explora.cl\/rmnorte\/wp-json\/wp\/v2\/posts\/39342\/revisions\/39355"}],"wp:featuredmedia":[{"embeddable":true,"href":"https:\/\/explora.cl\/rmnorte\/wp-json\/wp\/v2\/media\/39345"}],"wp:attachment":[{"href":"https:\/\/explora.cl\/rmnorte\/wp-json\/wp\/v2\/media?parent=39342"}],"wp:term":[{"taxonomy":"category","embeddable":true,"href":"https:\/\/explora.cl\/rmnorte\/wp-json\/wp\/v2\/categories?post=39342"},{"taxonomy":"post_tag","embeddable":true,"href":"https:\/\/explora.cl\/rmnorte\/wp-json\/wp\/v2\/tags?post=39342"}],"curies":[{"name":"wp","href":"https:\/\/api.w.org\/{rel}","templated":true}]}}