{"id":39093,"date":"2019-08-26T10:10:06","date_gmt":"2019-08-26T14:10:06","guid":{"rendered":"https:\/\/explora.cl\/rmnorte\/?p=39093"},"modified":"2019-12-10T16:18:10","modified_gmt":"2019-12-10T19:18:10","slug":"dos-investigaciones-buscan-contribuir-a-la-disminucion-el-alzheimer-en-chile","status":"publish","type":"post","link":"https:\/\/explora.cl\/rmnorte\/dos-investigaciones-buscan-contribuir-a-la-disminucion-el-alzheimer-en-chile\/","title":{"rendered":"Dos investigaciones buscan contribuir a la disminuci\u00f3n el Alzheimer en Chile"},"content":{"rendered":"<h3 class=\"p1\"><span class=\"s1\"><b>Una investigaci\u00f3n que durar\u00e1 10 a\u00f1os en una zona de alta prevalencia de esta enfermedad, y otra acerca de un f\u00e1rmaco hecho a base de una planta medicinal, abren nuevos horizontes para contrarrestarla y disminuir sus complejas estad\u00edsticas en el pa\u00eds.<\/b><\/span><\/h3>\n<p class=\"p1\"><span class=\"s1\">\u201cVeo las palabras colgadas delante de m\u00ed y no logro entenderlas, no s\u00e9 qui\u00e9n soy y no s\u00e9 qu\u00e9 ser\u00e1 lo siguiente que pierda\u201d corresponde a un fragmento de la pel\u00edcula <i>Siempre Alice<\/i>, donde una mujer comienza a sentirse desorientada y olvidadiza, y que es diagnosticada con Alzheimer.<\/span><\/p>\n<p class=\"p1\"><span class=\"s1\">Seg\u00fan el Dr. Pedro Cisternas, investigador asociado del Centro de Envejecimiento y Regeneraci\u00f3n de la Pontificia Universidad Cat\u00f3lica, \u201cel Alzheimer es una enfermedad neurodegenerativa que produce una falla progresiva de todas las funciones del cerebro. Tiene una alta prevalencia, principalmente en adultos mayores de 65 a\u00f1os\u201d. El mismo experto comenta que \u201cuna de las primeras manifestaciones de esta enfermedad es la p\u00e9rdida de memoria de corto plazo que se asocia a procesos de la vida cotidiana, lo que conlleva a una p\u00e9rdida significativa en la calidad de vida del paciente y de las personas relacionadas\u201d.<\/span><\/p>\n<h3 class=\"p1\"><span class=\"s1\"><b>Existe una serie de factores que se asocian al envejecimiento y que podr\u00edan ser aplicados en la prevenci\u00f3n de la enfermedad de Alzheimer, como son la actividad mental, el ejercicio y la dieta, entre otros.<\/b><\/span><\/h3>\n<p class=\"p1\"><span class=\"s1\">La incidencia de Alzheimer aumenta con la edad y representa entre un 60 a 70% de los casos de demencias, seg\u00fan la Organizaci\u00f3n Mundial de la Salud (OMS). En la actualidad, nuestro pa\u00eds tiene una esperanza de vida de 77 a\u00f1os para hombres y 82 a\u00f1os para las mujeres. Los datos del Censo indican que nuestra poblaci\u00f3n est\u00e1 envejeciendo: en 1992, un 6,6% de las personas ten\u00edan sobre 65 a\u00f1os, mientras que el 2017 esta cifra aumento a 11,4%. De acuerdo con datos del Ministerio de Salud, 200 mil personas presentan demencia.<\/span><\/p>\n<p class=\"p1\"><span class=\"s1\">Ante esta realidad se est\u00e1n desarrollando una serie de pol\u00edticas que permitan prevenir y generar factores protectores relacionados con la salud y los aspectos sociales de estos enfermos. Una de ellas es que, a partir de julio de este a\u00f1o, el Alzheimer ha sido incorporado dentro del Plan de Garant\u00edas Expl\u00edcitas de Salud, AUGE, lo que incluye su diagn\u00f3stico y tratamiento. <\/span><\/p>\n<p class=\"p1\"><span class=\"s1\"><b>C\u00f3mo prevenir la enfermedad de Alzheimer<\/b><\/span><\/p>\n<p class=\"p1\"><span class=\"s1\">Existe una serie de factores que se asocian al envejecimiento y que podr\u00edan ser aplicados en la prevenci\u00f3n de la enfermedad de Alzheimer, como son la actividad mental, el ejercicio y la dieta, entre otros.<\/span><\/p>\n<p class=\"p1\"><span class=\"s1\">Al respecto, el Dr. Pablo Toro, m\u00e9dico psiquiatra de la Pontificia Universidad Cat\u00f3lica de Chile, investigador asociado del Centro FONDAP de Conicyt ACCDiS \u2013Centro Avanzado de Enfermedades Cr\u00f3nicas\u2013 se\u00f1ala que \u201cuno de los factores m\u00e1s relevantes en la enfermedad de Alzheimer es el nivel educacional. Es tan importante que se ha acu\u00f1ado el t\u00e9rmino de Reserva Cognitiva, que es la capacidad que tiene el cerebro para compensar el deterioro producido por procesos como el envejecimiento. Las personas que mantienen una actividad mental permanente generan mayores conexiones neuronales a diferencias de aquellas que no, lo que conduce finalmente a la muerte de las neuronas de manera irreversible\u201d, coment\u00f3.<\/span><\/p>\n<p class=\"p1\"><span class=\"s1\">Una dieta desbalanceada y falta de ejercicio no solo se encuentran asociados a enfermedades como la diabetes mellitus, el s\u00edndrome metab\u00f3lico, la dislipidemia, hipertensi\u00f3n arterial y obesidad, sino que tambi\u00e9n se encuentran relacionados al desarrollo de la enfermedad de Alzheimer, agrega el facultativo. \u201cExisten dietas que mejoran la reserva cognitiva, como la dieta mediterr\u00e1nea\u201d, agrega Toro. Esta dieta se compone principalmente de vegetales, legumbres, frutas, cereales, una ingesta alta a moderada de pescados, una baja ingesta de productos l\u00e1cteos y carnes rojas, y una regular pero moderada ingesta de vino tinto.<\/span><\/p>\n<p class=\"p1\"><span class=\"s1\">Por otra parte, la actividad f\u00edsica mejora la irrigaci\u00f3n cerebral y facilita la conectividad entre neuronas, reduciendo su p\u00e9rdida y preservando el volumen en regiones del cerebro vulnerables. Seg\u00fan un metaan\u00e1lisis publicado en la revista <i>Journals of Gerontology: Biological Sciences <\/i>el a\u00f1o 2017, la ventana de oportunidad para el efecto beneficioso de la actividad f\u00edsica es bastante amplio y se puede extender incluso para aquellos que deciden comenzar a realizarla en una etapa m\u00e1s tard\u00eda de la vida.<\/span><\/p>\n<figure id=\"attachment_39095\" aria-describedby=\"caption-attachment-39095\" style=\"width: 506px\" class=\"wp-caption aligncenter\"><img fetchpriority=\"high\" decoding=\"async\" class=\"wp-image-39095 size-full\" src=\"https:\/\/explora.cl\/rmnorte\/wp-content\/uploads\/sites\/11\/2019\/08\/foto_1.png\" alt=\"Aplicaci\u00f3n de Encuesta de funci\u00f3n cognitiva en Cohorte MAUCO\" width=\"506\" height=\"334\" srcset=\"https:\/\/explora.cl\/rmnorte\/wp-content\/uploads\/sites\/11\/2019\/08\/foto_1.png 506w, https:\/\/explora.cl\/rmnorte\/wp-content\/uploads\/sites\/11\/2019\/08\/foto_1-300x198.png 300w\" sizes=\"(max-width: 506px) 100vw, 506px\" \/><figcaption id=\"caption-attachment-39095\" class=\"wp-caption-text\">Aplicaci\u00f3n de Encuesta de funci\u00f3n cognitiva en Cohorte MAUCO<\/figcaption><\/figure>\n<p class=\"p1\"><span class=\"s1\"><b>Investigaci\u00f3n sobre Alzheimer en Chile<\/b><\/span><\/p>\n<p class=\"p1\"><span class=\"s1\">El Dr. Pablo Toro participa actualmente en el primer estudio poblacional de cohorte de nuestro pa\u00eds en la ciudad de Molina en la regi\u00f3n del Maule (MAUCO) del ACCDiS, lugar con altas tasas de mortalidad por diabetes, enfermedades cardiovasculares, neumon\u00eda y enfermedad de Alzheimer. <\/span><\/p>\n<p class=\"p1\"><span class=\"s1\">Sobre el estudio, dice que, en la cohorte, el objetivo es evaluar los factores ambientales comunes a los que est\u00e1 expuesta la poblaci\u00f3n y que conducen al desarrollo de estas patolog\u00edas. Esto se analizar\u00e1 durante los pr\u00f3ximos 10 a\u00f1os que dura el estudio. \u201cEstamos realizando una serie de evaluaciones mediante pruebas, cuestionarios \u2013entre otras\u2013 para medir la atenci\u00f3n, memoria, lenguaje, y actividades de la vida diaria que permitir\u00e1n obtener resultados de la funci\u00f3n cognitiva\u201d, indica. A\u00f1ade que este estudio es de gran relevancia sobre todo para obtener datos m\u00e1s cercanos a la realidad de nuestra poblaci\u00f3n chilena, a pesar de que se realice en una regi\u00f3n en particular.<\/span><\/p>\n<h3 class=\"p1\"><span class=\"s1\"><b>El Dr. Pedro Cisternas, es otro de los investigadores que se encuentra estudiando esta enfermedad. \u201cDurante los \u00faltimos a\u00f1os nuestro laboratorio se ha dedicado a buscar mol\u00e9culas que permitan retrasar la aparici\u00f3n de las primeras manifestaciones de la enfermedad de Alzheimer o que permitan recuperar las funciones cerebrales en modelos donde la enfermedad ya est\u00e1 establecida\u201d, explica el acad\u00e9mico.<\/b><\/span><\/h3>\n<p class=\"p1\"><span class=\"s1\">El Dr. Pedro Cisternas es otro de los investigadores que se encuentra estudiando esta enfermedad. \u201cDurante los \u00faltimos a\u00f1os nuestro laboratorio<b> <\/b>se ha dedicado a buscar mol\u00e9culas que permitan retrasar la aparici\u00f3n de las primeras manifestaciones de la enfermedad de Alzheimer o que permitan recuperar las funciones cerebrales en modelos donde la enfermedad ya est\u00e1 establecida\u201d, explica el acad\u00e9mico. <\/span><\/p>\n<p class=\"p1\"><span class=\"s1\">\u201cHemos demostrado la importancia de una v\u00eda de se\u00f1alizaci\u00f3n de las c\u00e9lulas y la importancia del metabolismo de glucosa en la enfermedad de Alzheimer. En este contexto hemos utilizado la mol\u00e9cula Andrographolide (ANDRO)\u201d, se\u00f1ala, explicando asimismo que \u201cel ANDRO es el principal componente activo de la planta medicinal <i>Andrographis paniculate\u201d. <\/i><\/span><\/p>\n<p class=\"p1\"><span class=\"s1\">Explica el Dr. Cisternas que este componente lo han probado en modelos <i>in vitro<\/i> (cultivos de neuronas del hipocampo de rat\u00f3n) e <i>in vivo<\/i> (ratones transg\u00e9nicos para manifestar algunas caracter\u00edsticas de las enfermedades de Alzheimer). Se\u00f1ala que \u201cen ambos modelos estudiamos el efecto de ANDRO sobre la actividad neuronal y si estos efectos se correlacionan con una mejor en la memoria de los animales y\/o en un cambio en los marcadores de la enfermedad de Alzheimer, y hemos demostrado que esta mol\u00e9cula es capaz de mejorar diferentes funciones del cerebro, tales como la generaci\u00f3n de nuevas neuronas, comunicaci\u00f3n entre las neuronas y potenciar el uso de glucosa a nivel cerebral\u201d. <\/span><\/p>\n<p class=\"p1\"><span class=\"s1\">En su conjunto, el investigador comenta que estas funciones soportan la idea de que esta mol\u00e9cula puede representar una interesante herramienta farmacol\u00f3gica contra la enfermedad de Alzheimer. Con respecto al posible uso de esta mol\u00e9cula en pacientes opina que \u201ces necesario realizar m\u00e1s estudios para descartar efectos no deseados por el consumo cr\u00f3nico de esta mol\u00e9cula. Adem\u00e1s, es necesario esclarecer la dosis necesaria para que esta mol\u00e9cula puede llegar eficientemente al cerebro\u201d.<\/span><\/p>\n<p class=\"p1\"><span class=\"s1\">El Dr. Cisternas hace una reflexi\u00f3n sobre la importancia de la investigaci\u00f3n en esta \u00e1rea. \u201cEl desarrollo de conocimiento para entender estas enfermedades es indispensable para posteriormente desarrollar terapias farmacol\u00f3gicas para prevenir la aparici\u00f3n de la enfermedad y con ello mejorar la calidad de vida de los pacientes y sus familias\u201d, indica, a modo de conclusi\u00f3n.<\/span><\/p>\n<p><img decoding=\"async\" class=\"aligncenter wp-image-39096 size-full\" src=\"https:\/\/explora.cl\/rmnorte\/wp-content\/uploads\/sites\/11\/2019\/08\/shutterstock_677115007.jpg\" alt=\"\" width=\"500\" height=\"334\" srcset=\"https:\/\/explora.cl\/rmnorte\/wp-content\/uploads\/sites\/11\/2019\/08\/shutterstock_677115007.jpg 500w, https:\/\/explora.cl\/rmnorte\/wp-content\/uploads\/sites\/11\/2019\/08\/shutterstock_677115007-300x200.jpg 300w\" sizes=\"(max-width: 500px) 100vw, 500px\" \/><\/p>\n<p>&nbsp;<\/p>\n<p>&nbsp;<\/p>\n<p>&nbsp;<\/p>\n<p>&nbsp;<\/p>\n<p>&nbsp;<\/p>\n<p>&nbsp;<\/p>\n<p>&nbsp;<\/p>\n","protected":false},"excerpt":{"rendered":"<p>Una investigaci\u00f3n que durar\u00e1 10 a\u00f1os en una zona de alta prevalencia de esta enfermedad, y otra acerca de un f\u00e1rmaco hecho a base de una planta medicinal, abren nuevos horizontes para contrarrestarla y disminuir sus complejas estad\u00edsticas en el pa\u00eds.<\/p>\n","protected":false},"author":26,"featured_media":39097,"comment_status":"open","ping_status":"open","sticky":false,"template":"","format":"standard","meta":{"_acf_changed":false,"_exactmetrics_skip_tracking":false,"_exactmetrics_sitenote_active":false,"_exactmetrics_sitenote_note":"","_exactmetrics_sitenote_category":0,"footnotes":"","_links_to":"","_links_to_target":""},"categories":[142,4],"tags":[],"class_list":["post-39093","post","type-post","status-publish","format-standard","has-post-thumbnail","hentry","category-lugar-7","category-noticias"],"acf":[],"yoast_head":"<!-- This site is optimized with the Yoast SEO plugin v26.9 - https:\/\/yoast.com\/product\/yoast-seo-wordpress\/ -->\n<title>Dos investigaciones buscan contribuir a la disminuci\u00f3n el Alzheimer en Chile - RM Norte<\/title>\n<meta name=\"robots\" content=\"index, follow, max-snippet:-1, max-image-preview:large, max-video-preview:-1\" \/>\n<link rel=\"canonical\" href=\"https:\/\/explora.cl\/rmnorte\/dos-investigaciones-buscan-contribuir-a-la-disminucion-el-alzheimer-en-chile\/\" class=\"yoast-seo-meta-tag\" \/>\n<meta property=\"og:locale\" content=\"es_ES\" class=\"yoast-seo-meta-tag\" \/>\n<meta property=\"og:type\" content=\"article\" class=\"yoast-seo-meta-tag\" \/>\n<meta property=\"og:title\" content=\"Dos investigaciones buscan contribuir a la disminuci\u00f3n el Alzheimer en Chile - RM Norte\" class=\"yoast-seo-meta-tag\" \/>\n<meta property=\"og:description\" content=\"Una investigaci\u00f3n que durar\u00e1 10 a\u00f1os en una zona de alta prevalencia de esta enfermedad, y otra acerca de un f\u00e1rmaco hecho a base de una planta medicinal, abren nuevos horizontes para contrarrestarla y disminuir sus complejas estad\u00edsticas en el pa\u00eds.\" class=\"yoast-seo-meta-tag\" \/>\n<meta property=\"og:url\" content=\"https:\/\/explora.cl\/rmnorte\/dos-investigaciones-buscan-contribuir-a-la-disminucion-el-alzheimer-en-chile\/\" class=\"yoast-seo-meta-tag\" \/>\n<meta property=\"og:site_name\" content=\"RM Norte\" class=\"yoast-seo-meta-tag\" \/>\n<meta property=\"article:published_time\" content=\"2019-08-26T14:10:06+00:00\" class=\"yoast-seo-meta-tag\" \/>\n<meta property=\"article:modified_time\" content=\"2019-12-10T19:18:10+00:00\" class=\"yoast-seo-meta-tag\" \/>\n<meta property=\"og:image\" content=\"https:\/\/explora.cl\/rmnorte\/wp-content\/uploads\/sites\/11\/2019\/08\/shutterstock_698352529-e1566828417479.jpg\" class=\"yoast-seo-meta-tag\" \/>\n\t<meta property=\"og:image:width\" content=\"700\" class=\"yoast-seo-meta-tag\" \/>\n\t<meta property=\"og:image:height\" content=\"467\" class=\"yoast-seo-meta-tag\" \/>\n\t<meta property=\"og:image:type\" content=\"image\/jpeg\" class=\"yoast-seo-meta-tag\" \/>\n<meta name=\"author\" content=\"dgarcia\" class=\"yoast-seo-meta-tag\" \/>\n<meta name=\"twitter:card\" content=\"summary_large_image\" class=\"yoast-seo-meta-tag\" \/>\n<meta name=\"twitter:label1\" content=\"Escrito por\" class=\"yoast-seo-meta-tag\" \/>\n\t<meta name=\"twitter:data1\" content=\"dgarcia\" class=\"yoast-seo-meta-tag\" \/>\n\t<meta name=\"twitter:label2\" content=\"Tiempo estimado de lectura\" class=\"yoast-seo-meta-tag\" \/>\n\t<meta name=\"twitter:data2\" content=\"7 minutos\" class=\"yoast-seo-meta-tag\" \/>\n<script type=\"application\/ld+json\" class=\"yoast-schema-graph\">{\"@context\":\"https:\/\/schema.org\",\"@graph\":[{\"@type\":\"Article\",\"@id\":\"https:\/\/explora.cl\/rmnorte\/dos-investigaciones-buscan-contribuir-a-la-disminucion-el-alzheimer-en-chile\/#article\",\"isPartOf\":{\"@id\":\"https:\/\/explora.cl\/rmnorte\/dos-investigaciones-buscan-contribuir-a-la-disminucion-el-alzheimer-en-chile\/\"},\"author\":{\"name\":\"dgarcia\",\"@id\":\"https:\/\/explora.cl\/rmnorte\/#\/schema\/person\/4ad985b29a183eab4170892260e133a5\"},\"headline\":\"Dos investigaciones buscan contribuir a la disminuci\u00f3n el Alzheimer en Chile\",\"datePublished\":\"2019-08-26T14:10:06+00:00\",\"dateModified\":\"2019-12-10T19:18:10+00:00\",\"mainEntityOfPage\":{\"@id\":\"https:\/\/explora.cl\/rmnorte\/dos-investigaciones-buscan-contribuir-a-la-disminucion-el-alzheimer-en-chile\/\"},\"wordCount\":1379,\"commentCount\":0,\"image\":{\"@id\":\"https:\/\/explora.cl\/rmnorte\/dos-investigaciones-buscan-contribuir-a-la-disminucion-el-alzheimer-en-chile\/#primaryimage\"},\"thumbnailUrl\":\"https:\/\/explora.cl\/rmnorte\/wp-content\/uploads\/sites\/11\/2019\/08\/shutterstock_698352529-e1566828417479.jpg\",\"articleSection\":[\"Lugar 7\",\"Noticias\"],\"inLanguage\":\"es-CL\",\"potentialAction\":[{\"@type\":\"CommentAction\",\"name\":\"Comment\",\"target\":[\"https:\/\/explora.cl\/rmnorte\/dos-investigaciones-buscan-contribuir-a-la-disminucion-el-alzheimer-en-chile\/#respond\"]}]},{\"@type\":\"WebPage\",\"@id\":\"https:\/\/explora.cl\/rmnorte\/dos-investigaciones-buscan-contribuir-a-la-disminucion-el-alzheimer-en-chile\/\",\"url\":\"https:\/\/explora.cl\/rmnorte\/dos-investigaciones-buscan-contribuir-a-la-disminucion-el-alzheimer-en-chile\/\",\"name\":\"Dos investigaciones buscan contribuir a la disminuci\u00f3n el Alzheimer en Chile - RM Norte\",\"isPartOf\":{\"@id\":\"https:\/\/explora.cl\/rmnorte\/#website\"},\"primaryImageOfPage\":{\"@id\":\"https:\/\/explora.cl\/rmnorte\/dos-investigaciones-buscan-contribuir-a-la-disminucion-el-alzheimer-en-chile\/#primaryimage\"},\"image\":{\"@id\":\"https:\/\/explora.cl\/rmnorte\/dos-investigaciones-buscan-contribuir-a-la-disminucion-el-alzheimer-en-chile\/#primaryimage\"},\"thumbnailUrl\":\"https:\/\/explora.cl\/rmnorte\/wp-content\/uploads\/sites\/11\/2019\/08\/shutterstock_698352529-e1566828417479.jpg\",\"datePublished\":\"2019-08-26T14:10:06+00:00\",\"dateModified\":\"2019-12-10T19:18:10+00:00\",\"author\":{\"@id\":\"https:\/\/explora.cl\/rmnorte\/#\/schema\/person\/4ad985b29a183eab4170892260e133a5\"},\"breadcrumb\":{\"@id\":\"https:\/\/explora.cl\/rmnorte\/dos-investigaciones-buscan-contribuir-a-la-disminucion-el-alzheimer-en-chile\/#breadcrumb\"},\"inLanguage\":\"es-CL\",\"potentialAction\":[{\"@type\":\"ReadAction\",\"target\":[\"https:\/\/explora.cl\/rmnorte\/dos-investigaciones-buscan-contribuir-a-la-disminucion-el-alzheimer-en-chile\/\"]}]},{\"@type\":\"ImageObject\",\"inLanguage\":\"es-CL\",\"@id\":\"https:\/\/explora.cl\/rmnorte\/dos-investigaciones-buscan-contribuir-a-la-disminucion-el-alzheimer-en-chile\/#primaryimage\",\"url\":\"https:\/\/explora.cl\/rmnorte\/wp-content\/uploads\/sites\/11\/2019\/08\/shutterstock_698352529-e1566828417479.jpg\",\"contentUrl\":\"https:\/\/explora.cl\/rmnorte\/wp-content\/uploads\/sites\/11\/2019\/08\/shutterstock_698352529-e1566828417479.jpg\",\"width\":700,\"height\":467},{\"@type\":\"BreadcrumbList\",\"@id\":\"https:\/\/explora.cl\/rmnorte\/dos-investigaciones-buscan-contribuir-a-la-disminucion-el-alzheimer-en-chile\/#breadcrumb\",\"itemListElement\":[{\"@type\":\"ListItem\",\"position\":1,\"name\":\"Portada\",\"item\":\"https:\/\/explora.cl\/rmnorte\/\"},{\"@type\":\"ListItem\",\"position\":2,\"name\":\"Dos investigaciones buscan contribuir a la disminuci\u00f3n el Alzheimer en Chile\"}]},{\"@type\":\"WebSite\",\"@id\":\"https:\/\/explora.cl\/rmnorte\/#website\",\"url\":\"https:\/\/explora.cl\/rmnorte\/\",\"name\":\"RM Norte\",\"description\":\"RM Norte explora.cl\",\"potentialAction\":[{\"@type\":\"SearchAction\",\"target\":{\"@type\":\"EntryPoint\",\"urlTemplate\":\"https:\/\/explora.cl\/rmnorte\/?s={search_term_string}\"},\"query-input\":{\"@type\":\"PropertyValueSpecification\",\"valueRequired\":true,\"valueName\":\"search_term_string\"}}],\"inLanguage\":\"es-CL\"},{\"@type\":\"Person\",\"@id\":\"https:\/\/explora.cl\/rmnorte\/#\/schema\/person\/4ad985b29a183eab4170892260e133a5\",\"name\":\"dgarcia\",\"image\":{\"@type\":\"ImageObject\",\"inLanguage\":\"es-CL\",\"@id\":\"https:\/\/explora.cl\/rmnorte\/#\/schema\/person\/image\/\",\"url\":\"https:\/\/secure.gravatar.com\/avatar\/06e2fd9f68a0c19cd669ddc183de83489acab601aa57958e0f60175e5013e6b7?s=96&d=mm&r=g\",\"contentUrl\":\"https:\/\/secure.gravatar.com\/avatar\/06e2fd9f68a0c19cd669ddc183de83489acab601aa57958e0f60175e5013e6b7?s=96&d=mm&r=g\",\"caption\":\"dgarcia\"},\"url\":\"https:\/\/explora.cl\/rmnorte\/author\/dgarcia\/\"}]}<\/script>\n<!-- \/ Yoast SEO plugin. -->","yoast_head_json":{"title":"Dos investigaciones buscan contribuir a la disminuci\u00f3n el Alzheimer en Chile - RM Norte","robots":{"index":"index","follow":"follow","max-snippet":"max-snippet:-1","max-image-preview":"max-image-preview:large","max-video-preview":"max-video-preview:-1"},"canonical":"https:\/\/explora.cl\/rmnorte\/dos-investigaciones-buscan-contribuir-a-la-disminucion-el-alzheimer-en-chile\/","og_locale":"es_ES","og_type":"article","og_title":"Dos investigaciones buscan contribuir a la disminuci\u00f3n el Alzheimer en Chile - RM Norte","og_description":"Una investigaci\u00f3n que durar\u00e1 10 a\u00f1os en una zona de alta prevalencia de esta enfermedad, y otra acerca de un f\u00e1rmaco hecho a base de una planta medicinal, abren nuevos horizontes para contrarrestarla y disminuir sus complejas estad\u00edsticas en el pa\u00eds.","og_url":"https:\/\/explora.cl\/rmnorte\/dos-investigaciones-buscan-contribuir-a-la-disminucion-el-alzheimer-en-chile\/","og_site_name":"RM Norte","article_published_time":"2019-08-26T14:10:06+00:00","article_modified_time":"2019-12-10T19:18:10+00:00","og_image":[{"width":700,"height":467,"url":"https:\/\/explora.cl\/rmnorte\/wp-content\/uploads\/sites\/11\/2019\/08\/shutterstock_698352529-e1566828417479.jpg","type":"image\/jpeg"}],"author":"dgarcia","twitter_card":"summary_large_image","twitter_misc":{"Escrito por":"dgarcia","Tiempo estimado de lectura":"7 minutos"},"schema":{"@context":"https:\/\/schema.org","@graph":[{"@type":"Article","@id":"https:\/\/explora.cl\/rmnorte\/dos-investigaciones-buscan-contribuir-a-la-disminucion-el-alzheimer-en-chile\/#article","isPartOf":{"@id":"https:\/\/explora.cl\/rmnorte\/dos-investigaciones-buscan-contribuir-a-la-disminucion-el-alzheimer-en-chile\/"},"author":{"name":"dgarcia","@id":"https:\/\/explora.cl\/rmnorte\/#\/schema\/person\/4ad985b29a183eab4170892260e133a5"},"headline":"Dos investigaciones buscan contribuir a la disminuci\u00f3n el Alzheimer en Chile","datePublished":"2019-08-26T14:10:06+00:00","dateModified":"2019-12-10T19:18:10+00:00","mainEntityOfPage":{"@id":"https:\/\/explora.cl\/rmnorte\/dos-investigaciones-buscan-contribuir-a-la-disminucion-el-alzheimer-en-chile\/"},"wordCount":1379,"commentCount":0,"image":{"@id":"https:\/\/explora.cl\/rmnorte\/dos-investigaciones-buscan-contribuir-a-la-disminucion-el-alzheimer-en-chile\/#primaryimage"},"thumbnailUrl":"https:\/\/explora.cl\/rmnorte\/wp-content\/uploads\/sites\/11\/2019\/08\/shutterstock_698352529-e1566828417479.jpg","articleSection":["Lugar 7","Noticias"],"inLanguage":"es-CL","potentialAction":[{"@type":"CommentAction","name":"Comment","target":["https:\/\/explora.cl\/rmnorte\/dos-investigaciones-buscan-contribuir-a-la-disminucion-el-alzheimer-en-chile\/#respond"]}]},{"@type":"WebPage","@id":"https:\/\/explora.cl\/rmnorte\/dos-investigaciones-buscan-contribuir-a-la-disminucion-el-alzheimer-en-chile\/","url":"https:\/\/explora.cl\/rmnorte\/dos-investigaciones-buscan-contribuir-a-la-disminucion-el-alzheimer-en-chile\/","name":"Dos investigaciones buscan contribuir a la disminuci\u00f3n el Alzheimer en Chile - RM Norte","isPartOf":{"@id":"https:\/\/explora.cl\/rmnorte\/#website"},"primaryImageOfPage":{"@id":"https:\/\/explora.cl\/rmnorte\/dos-investigaciones-buscan-contribuir-a-la-disminucion-el-alzheimer-en-chile\/#primaryimage"},"image":{"@id":"https:\/\/explora.cl\/rmnorte\/dos-investigaciones-buscan-contribuir-a-la-disminucion-el-alzheimer-en-chile\/#primaryimage"},"thumbnailUrl":"https:\/\/explora.cl\/rmnorte\/wp-content\/uploads\/sites\/11\/2019\/08\/shutterstock_698352529-e1566828417479.jpg","datePublished":"2019-08-26T14:10:06+00:00","dateModified":"2019-12-10T19:18:10+00:00","author":{"@id":"https:\/\/explora.cl\/rmnorte\/#\/schema\/person\/4ad985b29a183eab4170892260e133a5"},"breadcrumb":{"@id":"https:\/\/explora.cl\/rmnorte\/dos-investigaciones-buscan-contribuir-a-la-disminucion-el-alzheimer-en-chile\/#breadcrumb"},"inLanguage":"es-CL","potentialAction":[{"@type":"ReadAction","target":["https:\/\/explora.cl\/rmnorte\/dos-investigaciones-buscan-contribuir-a-la-disminucion-el-alzheimer-en-chile\/"]}]},{"@type":"ImageObject","inLanguage":"es-CL","@id":"https:\/\/explora.cl\/rmnorte\/dos-investigaciones-buscan-contribuir-a-la-disminucion-el-alzheimer-en-chile\/#primaryimage","url":"https:\/\/explora.cl\/rmnorte\/wp-content\/uploads\/sites\/11\/2019\/08\/shutterstock_698352529-e1566828417479.jpg","contentUrl":"https:\/\/explora.cl\/rmnorte\/wp-content\/uploads\/sites\/11\/2019\/08\/shutterstock_698352529-e1566828417479.jpg","width":700,"height":467},{"@type":"BreadcrumbList","@id":"https:\/\/explora.cl\/rmnorte\/dos-investigaciones-buscan-contribuir-a-la-disminucion-el-alzheimer-en-chile\/#breadcrumb","itemListElement":[{"@type":"ListItem","position":1,"name":"Portada","item":"https:\/\/explora.cl\/rmnorte\/"},{"@type":"ListItem","position":2,"name":"Dos investigaciones buscan contribuir a la disminuci\u00f3n el Alzheimer en Chile"}]},{"@type":"WebSite","@id":"https:\/\/explora.cl\/rmnorte\/#website","url":"https:\/\/explora.cl\/rmnorte\/","name":"RM Norte","description":"RM Norte explora.cl","potentialAction":[{"@type":"SearchAction","target":{"@type":"EntryPoint","urlTemplate":"https:\/\/explora.cl\/rmnorte\/?s={search_term_string}"},"query-input":{"@type":"PropertyValueSpecification","valueRequired":true,"valueName":"search_term_string"}}],"inLanguage":"es-CL"},{"@type":"Person","@id":"https:\/\/explora.cl\/rmnorte\/#\/schema\/person\/4ad985b29a183eab4170892260e133a5","name":"dgarcia","image":{"@type":"ImageObject","inLanguage":"es-CL","@id":"https:\/\/explora.cl\/rmnorte\/#\/schema\/person\/image\/","url":"https:\/\/secure.gravatar.com\/avatar\/06e2fd9f68a0c19cd669ddc183de83489acab601aa57958e0f60175e5013e6b7?s=96&d=mm&r=g","contentUrl":"https:\/\/secure.gravatar.com\/avatar\/06e2fd9f68a0c19cd669ddc183de83489acab601aa57958e0f60175e5013e6b7?s=96&d=mm&r=g","caption":"dgarcia"},"url":"https:\/\/explora.cl\/rmnorte\/author\/dgarcia\/"}]}},"_links":{"self":[{"href":"https:\/\/explora.cl\/rmnorte\/wp-json\/wp\/v2\/posts\/39093","targetHints":{"allow":["GET"]}}],"collection":[{"href":"https:\/\/explora.cl\/rmnorte\/wp-json\/wp\/v2\/posts"}],"about":[{"href":"https:\/\/explora.cl\/rmnorte\/wp-json\/wp\/v2\/types\/post"}],"author":[{"embeddable":true,"href":"https:\/\/explora.cl\/rmnorte\/wp-json\/wp\/v2\/users\/26"}],"replies":[{"embeddable":true,"href":"https:\/\/explora.cl\/rmnorte\/wp-json\/wp\/v2\/comments?post=39093"}],"version-history":[{"count":8,"href":"https:\/\/explora.cl\/rmnorte\/wp-json\/wp\/v2\/posts\/39093\/revisions"}],"predecessor-version":[{"id":39133,"href":"https:\/\/explora.cl\/rmnorte\/wp-json\/wp\/v2\/posts\/39093\/revisions\/39133"}],"wp:featuredmedia":[{"embeddable":true,"href":"https:\/\/explora.cl\/rmnorte\/wp-json\/wp\/v2\/media\/39097"}],"wp:attachment":[{"href":"https:\/\/explora.cl\/rmnorte\/wp-json\/wp\/v2\/media?parent=39093"}],"wp:term":[{"taxonomy":"category","embeddable":true,"href":"https:\/\/explora.cl\/rmnorte\/wp-json\/wp\/v2\/categories?post=39093"},{"taxonomy":"post_tag","embeddable":true,"href":"https:\/\/explora.cl\/rmnorte\/wp-json\/wp\/v2\/tags?post=39093"}],"curies":[{"name":"wp","href":"https:\/\/api.w.org\/{rel}","templated":true}]}}