{"id":37744,"date":"2014-09-08T00:00:00","date_gmt":"2014-09-08T04:00:00","guid":{"rendered":"https:\/\/explora.cl\/rmnorte\/blog\/2014\/09\/08\/educadoras-tcc-se-volvieron-a-ver-para-analizar-sus-experiencias\/"},"modified":"2019-05-20T17:23:36","modified_gmt":"2019-05-20T17:23:36","slug":"educadoras-tcc-se-volvieron-a-ver-para-analizar-sus-experiencias","status":"publish","type":"post","link":"https:\/\/explora.cl\/rmnorte\/educadoras-tcc-se-volvieron-a-ver-para-analizar-sus-experiencias\/","title":{"rendered":"Educadoras TCC se volvieron a ver para analizar sus experiencias"},"content":{"rendered":"<p><img fetchpriority=\"high\" decoding=\"async\" class=\" size-full wp-image-5275\" src=\"http:\/\/ec2-34-218-253-251.us-west-2.compute.amazonaws.com\/wp-content\/uploads\/2014\/09\/ba568de1c3a873af54a09d87fad6fd24.jpg\" alt=\"\" width=\"4992\" height=\"2832\" \/><\/p>\n<p>El lunes 8 de septiembre, en las dependencias de la Sede Santiago de la Universidad Arturo Prat, se realiz\u00f3 la primera reuni\u00f3n de Educadoras de P\u00e1rvulo, que implementan por primera vez Tus Competencias en Ciencias en sus respectivos establecimientos.<\/p>\n<p style=\"text-align: justify\">Las participantes, que fueron capacitadas en marzo de 2014 por el PAR EXPLORA RM Norte, tuvieron la oportunidad de compartir su experiencia y analizar los avances obtenidos hasta ahora, adem\u00e1s de aclarar sus dudas, para continuar con las actividades TCC de la mejor manera posible.<\/p>\n<p style=\"text-align: justify\">Durante la jornada las educadoras tuvieron la oportunidad de trabajar con la plataforma TCC, adem\u00e1s de realizar una divertida actividad donde pudieron conocer m\u00e1s sobre el M\u00e9todo Cient\u00edfico.<\/p>\n<p style=\"text-align: justify\"><img decoding=\"async\" src=\"images\/IMAGENES-RM-NORTE\/080914%20TCC1.jpg\" border=\"0\" width=\"400\" style=\"float: left;margin: 5px;border: 5px solid black\" \/><\/p>\n<p style=\"text-align: justify\">Carol Figueroa de la Escuela Juanita Fern\u00e1ndez Solar se\u00f1al\u00f3, \u201cla jornada me ha parecido excelente porque tenemos la oportunidad de conocer la experiencia de otras personas y retroalimentarnos. Siempre es bueno compartir con tus colegas y sobre todo despu\u00e9s de haber vivido ya una parte del proceso para as\u00ed ayudarnos entre nosotros\u201d.<\/p>\n<p style=\"text-align: justify\">Sobre la recepci\u00f3n de los ni\u00f1os y ni\u00f1as a los que est\u00e1n dirigidos los talleres, Samara Caballero del Jard\u00edn Infantil Quillaicito de Conchal\u00ed comparti\u00f3, \u201cme parece que tener la oportunidad de implementar TCC en nuestro establecimiento ha sido muy bueno, incluso queremos ir sumando otros niveles y que se capaciten otras personas. Los ni\u00f1os y ni\u00f1as han presentado grandes avances en lenguaje, comprensi\u00f3n y an\u00e1lisis, a pesar de que uno piense que algunos no van a participar o no van a entender muy bien por su edad.<\/p>\n<p>\u00a0<\/p>\n<p><img decoding=\"async\" src=\"images\/IMAGENES-RM-NORTE\/080914%20TCC2.jpg\" border=\"0\" width=\"800\" style=\"margin-left: auto;margin-right: auto\" \/><\/p>\n","protected":false},"excerpt":{"rendered":"<p>El lunes 8 de septiembre, en las dependencias de la Sede Santiago de la Universidad Arturo Prat, se realiz\u00f3 la primera reuni\u00f3n de Educadoras de P\u00e1rvulo, que implementan por primera vez Tus Competencias en Ciencias en sus respectivos establecimientos. Las participantes, que fueron capacitadas en marzo de 2014 por el PAR EXPLORA RM Norte, tuvieron [&hellip;]<\/p>\n","protected":false},"author":2,"featured_media":32074,"comment_status":"closed","ping_status":"open","sticky":false,"template":"","format":"standard","meta":{"_acf_changed":false,"_exactmetrics_skip_tracking":false,"_exactmetrics_sitenote_active":false,"_exactmetrics_sitenote_note":"","_exactmetrics_sitenote_category":0,"footnotes":"","_links_to":"","_links_to_target":""},"categories":[4],"tags":[],"class_list":["post-37744","post","type-post","status-publish","format-standard","has-post-thumbnail","hentry","category-noticias"],"acf":[],"yoast_head":"<!-- This site is optimized with the Yoast SEO plugin v26.9 - https:\/\/yoast.com\/product\/yoast-seo-wordpress\/ -->\n<title>Educadoras TCC se volvieron a ver para analizar sus experiencias - RM Norte<\/title>\n<meta name=\"robots\" content=\"index, follow, max-snippet:-1, max-image-preview:large, max-video-preview:-1\" \/>\n<link rel=\"canonical\" href=\"https:\/\/explora.cl\/rmnorte\/educadoras-tcc-se-volvieron-a-ver-para-analizar-sus-experiencias\/\" class=\"yoast-seo-meta-tag\" \/>\n<meta property=\"og:locale\" content=\"es_ES\" class=\"yoast-seo-meta-tag\" \/>\n<meta property=\"og:type\" content=\"article\" class=\"yoast-seo-meta-tag\" \/>\n<meta property=\"og:title\" content=\"Educadoras TCC se volvieron a ver para analizar sus experiencias - RM Norte\" class=\"yoast-seo-meta-tag\" \/>\n<meta property=\"og:description\" content=\"El lunes 8 de septiembre, en las dependencias de la Sede Santiago de la Universidad Arturo Prat, se realiz\u00f3 la primera reuni\u00f3n de Educadoras de P\u00e1rvulo, que implementan por primera vez Tus Competencias en Ciencias en sus respectivos establecimientos. Las participantes, que fueron capacitadas en marzo de 2014 por el PAR EXPLORA RM Norte, tuvieron [&hellip;]\" class=\"yoast-seo-meta-tag\" \/>\n<meta property=\"og:url\" content=\"https:\/\/explora.cl\/rmnorte\/educadoras-tcc-se-volvieron-a-ver-para-analizar-sus-experiencias\/\" class=\"yoast-seo-meta-tag\" \/>\n<meta property=\"og:site_name\" content=\"RM Norte\" class=\"yoast-seo-meta-tag\" \/>\n<meta property=\"article:published_time\" content=\"2014-09-08T04:00:00+00:00\" class=\"yoast-seo-meta-tag\" \/>\n<meta property=\"article:modified_time\" content=\"2019-05-20T17:23:36+00:00\" class=\"yoast-seo-meta-tag\" \/>\n<meta property=\"og:image\" content=\"https:\/\/explora.cl\/rmnorte\/wp-content\/uploads\/sites\/11\/2018\/06\/ba568de1c3a873af54a09d87fad6fd24-1024x581.jpg\" class=\"yoast-seo-meta-tag\" \/>\n\t<meta property=\"og:image:width\" content=\"1024\" class=\"yoast-seo-meta-tag\" \/>\n\t<meta property=\"og:image:height\" content=\"581\" class=\"yoast-seo-meta-tag\" \/>\n\t<meta property=\"og:image:type\" content=\"image\/jpeg\" class=\"yoast-seo-meta-tag\" \/>\n<meta name=\"author\" content=\"webman\" class=\"yoast-seo-meta-tag\" \/>\n<meta name=\"twitter:card\" content=\"summary_large_image\" class=\"yoast-seo-meta-tag\" \/>\n<meta name=\"twitter:label1\" content=\"Escrito por\" class=\"yoast-seo-meta-tag\" \/>\n\t<meta name=\"twitter:data1\" content=\"webman\" class=\"yoast-seo-meta-tag\" \/>\n\t<meta name=\"twitter:label2\" content=\"Tiempo estimado de lectura\" class=\"yoast-seo-meta-tag\" \/>\n\t<meta name=\"twitter:data2\" content=\"1 minuto\" class=\"yoast-seo-meta-tag\" \/>\n<script type=\"application\/ld+json\" class=\"yoast-schema-graph\">{\"@context\":\"https:\/\/schema.org\",\"@graph\":[{\"@type\":\"Article\",\"@id\":\"https:\/\/explora.cl\/rmnorte\/educadoras-tcc-se-volvieron-a-ver-para-analizar-sus-experiencias\/#article\",\"isPartOf\":{\"@id\":\"https:\/\/explora.cl\/rmnorte\/educadoras-tcc-se-volvieron-a-ver-para-analizar-sus-experiencias\/\"},\"author\":{\"name\":\"webman\",\"@id\":\"https:\/\/explora.cl\/rmnorte\/#\/schema\/person\/cb8349c13ea2d324080adf8480d7ba5d\"},\"headline\":\"Educadoras TCC se volvieron a ver para analizar sus experiencias\",\"datePublished\":\"2014-09-08T04:00:00+00:00\",\"dateModified\":\"2019-05-20T17:23:36+00:00\",\"mainEntityOfPage\":{\"@id\":\"https:\/\/explora.cl\/rmnorte\/educadoras-tcc-se-volvieron-a-ver-para-analizar-sus-experiencias\/\"},\"wordCount\":278,\"image\":{\"@id\":\"https:\/\/explora.cl\/rmnorte\/educadoras-tcc-se-volvieron-a-ver-para-analizar-sus-experiencias\/#primaryimage\"},\"thumbnailUrl\":\"https:\/\/explora.cl\/rmnorte\/wp-content\/uploads\/sites\/11\/2018\/06\/ba568de1c3a873af54a09d87fad6fd24.jpg\",\"articleSection\":[\"Noticias\"],\"inLanguage\":\"es-CL\"},{\"@type\":\"WebPage\",\"@id\":\"https:\/\/explora.cl\/rmnorte\/educadoras-tcc-se-volvieron-a-ver-para-analizar-sus-experiencias\/\",\"url\":\"https:\/\/explora.cl\/rmnorte\/educadoras-tcc-se-volvieron-a-ver-para-analizar-sus-experiencias\/\",\"name\":\"Educadoras TCC se volvieron a ver para analizar sus experiencias - RM Norte\",\"isPartOf\":{\"@id\":\"https:\/\/explora.cl\/rmnorte\/#website\"},\"primaryImageOfPage\":{\"@id\":\"https:\/\/explora.cl\/rmnorte\/educadoras-tcc-se-volvieron-a-ver-para-analizar-sus-experiencias\/#primaryimage\"},\"image\":{\"@id\":\"https:\/\/explora.cl\/rmnorte\/educadoras-tcc-se-volvieron-a-ver-para-analizar-sus-experiencias\/#primaryimage\"},\"thumbnailUrl\":\"https:\/\/explora.cl\/rmnorte\/wp-content\/uploads\/sites\/11\/2018\/06\/ba568de1c3a873af54a09d87fad6fd24.jpg\",\"datePublished\":\"2014-09-08T04:00:00+00:00\",\"dateModified\":\"2019-05-20T17:23:36+00:00\",\"author\":{\"@id\":\"https:\/\/explora.cl\/rmnorte\/#\/schema\/person\/cb8349c13ea2d324080adf8480d7ba5d\"},\"breadcrumb\":{\"@id\":\"https:\/\/explora.cl\/rmnorte\/educadoras-tcc-se-volvieron-a-ver-para-analizar-sus-experiencias\/#breadcrumb\"},\"inLanguage\":\"es-CL\",\"potentialAction\":[{\"@type\":\"ReadAction\",\"target\":[\"https:\/\/explora.cl\/rmnorte\/educadoras-tcc-se-volvieron-a-ver-para-analizar-sus-experiencias\/\"]}]},{\"@type\":\"ImageObject\",\"inLanguage\":\"es-CL\",\"@id\":\"https:\/\/explora.cl\/rmnorte\/educadoras-tcc-se-volvieron-a-ver-para-analizar-sus-experiencias\/#primaryimage\",\"url\":\"https:\/\/explora.cl\/rmnorte\/wp-content\/uploads\/sites\/11\/2018\/06\/ba568de1c3a873af54a09d87fad6fd24.jpg\",\"contentUrl\":\"https:\/\/explora.cl\/rmnorte\/wp-content\/uploads\/sites\/11\/2018\/06\/ba568de1c3a873af54a09d87fad6fd24.jpg\",\"width\":4992,\"height\":2832},{\"@type\":\"BreadcrumbList\",\"@id\":\"https:\/\/explora.cl\/rmnorte\/educadoras-tcc-se-volvieron-a-ver-para-analizar-sus-experiencias\/#breadcrumb\",\"itemListElement\":[{\"@type\":\"ListItem\",\"position\":1,\"name\":\"Portada\",\"item\":\"https:\/\/explora.cl\/rmnorte\/\"},{\"@type\":\"ListItem\",\"position\":2,\"name\":\"Educadoras TCC se volvieron a ver para analizar sus experiencias\"}]},{\"@type\":\"WebSite\",\"@id\":\"https:\/\/explora.cl\/rmnorte\/#website\",\"url\":\"https:\/\/explora.cl\/rmnorte\/\",\"name\":\"RM Norte\",\"description\":\"RM Norte explora.cl\",\"potentialAction\":[{\"@type\":\"SearchAction\",\"target\":{\"@type\":\"EntryPoint\",\"urlTemplate\":\"https:\/\/explora.cl\/rmnorte\/?s={search_term_string}\"},\"query-input\":{\"@type\":\"PropertyValueSpecification\",\"valueRequired\":true,\"valueName\":\"search_term_string\"}}],\"inLanguage\":\"es-CL\"},{\"@type\":\"Person\",\"@id\":\"https:\/\/explora.cl\/rmnorte\/#\/schema\/person\/cb8349c13ea2d324080adf8480d7ba5d\",\"name\":\"webman\",\"image\":{\"@type\":\"ImageObject\",\"inLanguage\":\"es-CL\",\"@id\":\"https:\/\/explora.cl\/rmnorte\/#\/schema\/person\/image\/\",\"url\":\"https:\/\/secure.gravatar.com\/avatar\/eeff3c82f2c02f7177d13663b7e6f890e9a6a0647ce9bb29cae02dcb094c7312?s=96&d=mm&r=g\",\"contentUrl\":\"https:\/\/secure.gravatar.com\/avatar\/eeff3c82f2c02f7177d13663b7e6f890e9a6a0647ce9bb29cae02dcb094c7312?s=96&d=mm&r=g\",\"caption\":\"webman\"},\"url\":\"https:\/\/explora.cl\/rmnorte\/author\/webman\/\"}]}<\/script>\n<!-- \/ Yoast SEO plugin. -->","yoast_head_json":{"title":"Educadoras TCC se volvieron a ver para analizar sus experiencias - RM Norte","robots":{"index":"index","follow":"follow","max-snippet":"max-snippet:-1","max-image-preview":"max-image-preview:large","max-video-preview":"max-video-preview:-1"},"canonical":"https:\/\/explora.cl\/rmnorte\/educadoras-tcc-se-volvieron-a-ver-para-analizar-sus-experiencias\/","og_locale":"es_ES","og_type":"article","og_title":"Educadoras TCC se volvieron a ver para analizar sus experiencias - RM Norte","og_description":"El lunes 8 de septiembre, en las dependencias de la Sede Santiago de la Universidad Arturo Prat, se realiz\u00f3 la primera reuni\u00f3n de Educadoras de P\u00e1rvulo, que implementan por primera vez Tus Competencias en Ciencias en sus respectivos establecimientos. Las participantes, que fueron capacitadas en marzo de 2014 por el PAR EXPLORA RM Norte, tuvieron [&hellip;]","og_url":"https:\/\/explora.cl\/rmnorte\/educadoras-tcc-se-volvieron-a-ver-para-analizar-sus-experiencias\/","og_site_name":"RM Norte","article_published_time":"2014-09-08T04:00:00+00:00","article_modified_time":"2019-05-20T17:23:36+00:00","og_image":[{"width":1024,"height":581,"url":"https:\/\/explora.cl\/rmnorte\/wp-content\/uploads\/sites\/11\/2018\/06\/ba568de1c3a873af54a09d87fad6fd24-1024x581.jpg","type":"image\/jpeg"}],"author":"webman","twitter_card":"summary_large_image","twitter_misc":{"Escrito por":"webman","Tiempo estimado de lectura":"1 minuto"},"schema":{"@context":"https:\/\/schema.org","@graph":[{"@type":"Article","@id":"https:\/\/explora.cl\/rmnorte\/educadoras-tcc-se-volvieron-a-ver-para-analizar-sus-experiencias\/#article","isPartOf":{"@id":"https:\/\/explora.cl\/rmnorte\/educadoras-tcc-se-volvieron-a-ver-para-analizar-sus-experiencias\/"},"author":{"name":"webman","@id":"https:\/\/explora.cl\/rmnorte\/#\/schema\/person\/cb8349c13ea2d324080adf8480d7ba5d"},"headline":"Educadoras TCC se volvieron a ver para analizar sus experiencias","datePublished":"2014-09-08T04:00:00+00:00","dateModified":"2019-05-20T17:23:36+00:00","mainEntityOfPage":{"@id":"https:\/\/explora.cl\/rmnorte\/educadoras-tcc-se-volvieron-a-ver-para-analizar-sus-experiencias\/"},"wordCount":278,"image":{"@id":"https:\/\/explora.cl\/rmnorte\/educadoras-tcc-se-volvieron-a-ver-para-analizar-sus-experiencias\/#primaryimage"},"thumbnailUrl":"https:\/\/explora.cl\/rmnorte\/wp-content\/uploads\/sites\/11\/2018\/06\/ba568de1c3a873af54a09d87fad6fd24.jpg","articleSection":["Noticias"],"inLanguage":"es-CL"},{"@type":"WebPage","@id":"https:\/\/explora.cl\/rmnorte\/educadoras-tcc-se-volvieron-a-ver-para-analizar-sus-experiencias\/","url":"https:\/\/explora.cl\/rmnorte\/educadoras-tcc-se-volvieron-a-ver-para-analizar-sus-experiencias\/","name":"Educadoras TCC se volvieron a ver para analizar sus experiencias - RM Norte","isPartOf":{"@id":"https:\/\/explora.cl\/rmnorte\/#website"},"primaryImageOfPage":{"@id":"https:\/\/explora.cl\/rmnorte\/educadoras-tcc-se-volvieron-a-ver-para-analizar-sus-experiencias\/#primaryimage"},"image":{"@id":"https:\/\/explora.cl\/rmnorte\/educadoras-tcc-se-volvieron-a-ver-para-analizar-sus-experiencias\/#primaryimage"},"thumbnailUrl":"https:\/\/explora.cl\/rmnorte\/wp-content\/uploads\/sites\/11\/2018\/06\/ba568de1c3a873af54a09d87fad6fd24.jpg","datePublished":"2014-09-08T04:00:00+00:00","dateModified":"2019-05-20T17:23:36+00:00","author":{"@id":"https:\/\/explora.cl\/rmnorte\/#\/schema\/person\/cb8349c13ea2d324080adf8480d7ba5d"},"breadcrumb":{"@id":"https:\/\/explora.cl\/rmnorte\/educadoras-tcc-se-volvieron-a-ver-para-analizar-sus-experiencias\/#breadcrumb"},"inLanguage":"es-CL","potentialAction":[{"@type":"ReadAction","target":["https:\/\/explora.cl\/rmnorte\/educadoras-tcc-se-volvieron-a-ver-para-analizar-sus-experiencias\/"]}]},{"@type":"ImageObject","inLanguage":"es-CL","@id":"https:\/\/explora.cl\/rmnorte\/educadoras-tcc-se-volvieron-a-ver-para-analizar-sus-experiencias\/#primaryimage","url":"https:\/\/explora.cl\/rmnorte\/wp-content\/uploads\/sites\/11\/2018\/06\/ba568de1c3a873af54a09d87fad6fd24.jpg","contentUrl":"https:\/\/explora.cl\/rmnorte\/wp-content\/uploads\/sites\/11\/2018\/06\/ba568de1c3a873af54a09d87fad6fd24.jpg","width":4992,"height":2832},{"@type":"BreadcrumbList","@id":"https:\/\/explora.cl\/rmnorte\/educadoras-tcc-se-volvieron-a-ver-para-analizar-sus-experiencias\/#breadcrumb","itemListElement":[{"@type":"ListItem","position":1,"name":"Portada","item":"https:\/\/explora.cl\/rmnorte\/"},{"@type":"ListItem","position":2,"name":"Educadoras TCC se volvieron a ver para analizar sus experiencias"}]},{"@type":"WebSite","@id":"https:\/\/explora.cl\/rmnorte\/#website","url":"https:\/\/explora.cl\/rmnorte\/","name":"RM Norte","description":"RM Norte explora.cl","potentialAction":[{"@type":"SearchAction","target":{"@type":"EntryPoint","urlTemplate":"https:\/\/explora.cl\/rmnorte\/?s={search_term_string}"},"query-input":{"@type":"PropertyValueSpecification","valueRequired":true,"valueName":"search_term_string"}}],"inLanguage":"es-CL"},{"@type":"Person","@id":"https:\/\/explora.cl\/rmnorte\/#\/schema\/person\/cb8349c13ea2d324080adf8480d7ba5d","name":"webman","image":{"@type":"ImageObject","inLanguage":"es-CL","@id":"https:\/\/explora.cl\/rmnorte\/#\/schema\/person\/image\/","url":"https:\/\/secure.gravatar.com\/avatar\/eeff3c82f2c02f7177d13663b7e6f890e9a6a0647ce9bb29cae02dcb094c7312?s=96&d=mm&r=g","contentUrl":"https:\/\/secure.gravatar.com\/avatar\/eeff3c82f2c02f7177d13663b7e6f890e9a6a0647ce9bb29cae02dcb094c7312?s=96&d=mm&r=g","caption":"webman"},"url":"https:\/\/explora.cl\/rmnorte\/author\/webman\/"}]}},"_links":{"self":[{"href":"https:\/\/explora.cl\/rmnorte\/wp-json\/wp\/v2\/posts\/37744","targetHints":{"allow":["GET"]}}],"collection":[{"href":"https:\/\/explora.cl\/rmnorte\/wp-json\/wp\/v2\/posts"}],"about":[{"href":"https:\/\/explora.cl\/rmnorte\/wp-json\/wp\/v2\/types\/post"}],"author":[{"embeddable":true,"href":"https:\/\/explora.cl\/rmnorte\/wp-json\/wp\/v2\/users\/2"}],"replies":[{"embeddable":true,"href":"https:\/\/explora.cl\/rmnorte\/wp-json\/wp\/v2\/comments?post=37744"}],"version-history":[{"count":1,"href":"https:\/\/explora.cl\/rmnorte\/wp-json\/wp\/v2\/posts\/37744\/revisions"}],"predecessor-version":[{"id":38566,"href":"https:\/\/explora.cl\/rmnorte\/wp-json\/wp\/v2\/posts\/37744\/revisions\/38566"}],"wp:featuredmedia":[{"embeddable":true,"href":"https:\/\/explora.cl\/rmnorte\/wp-json\/wp\/v2\/media\/32074"}],"wp:attachment":[{"href":"https:\/\/explora.cl\/rmnorte\/wp-json\/wp\/v2\/media?parent=37744"}],"wp:term":[{"taxonomy":"category","embeddable":true,"href":"https:\/\/explora.cl\/rmnorte\/wp-json\/wp\/v2\/categories?post=37744"},{"taxonomy":"post_tag","embeddable":true,"href":"https:\/\/explora.cl\/rmnorte\/wp-json\/wp\/v2\/tags?post=37744"}],"curies":[{"name":"wp","href":"https:\/\/api.w.org\/{rel}","templated":true}]}}