{"id":37740,"date":"2014-06-18T00:00:00","date_gmt":"2014-06-18T04:00:00","guid":{"rendered":"https:\/\/explora.cl\/rmnorte\/blog\/2014\/06\/18\/con-encuentros-desarrollados-los-dias-11-y-12-de-junio-en-la-sede-santiago-de-la-universidad-arturo-prat-los-equipos-participantes-se-midieron-por-segunda-vez-en-este-torneo\/"},"modified":"2019-05-20T17:24:16","modified_gmt":"2019-05-20T17:24:16","slug":"con-encuentros-desarrollados-los-dias-11-y-12-de-junio-en-la-sede-santiago-de-la-universidad-arturo-prat-los-equipos-participantes-se-midieron-por-segunda-vez-en-este-torneo","status":"publish","type":"post","link":"https:\/\/explora.cl\/rmnorte\/con-encuentros-desarrollados-los-dias-11-y-12-de-junio-en-la-sede-santiago-de-la-universidad-arturo-prat-los-equipos-participantes-se-midieron-por-segunda-vez-en-este-torneo\/","title":{"rendered":"El Torneo de Debates tuvo su segunda fecha"},"content":{"rendered":"<p><img decoding=\"async\" src=\"images\/IMAGENES-RM-NORTE\/Debates - Segundo Encuentro - 01.jpg\" border=\"0\" alt=\"\" align=\"right\" \/>Con encuentros desarrollados los d\u00edas 11 y 12 de junio en la Sede Santiago de la Universidad Arturo Prat, los equipos participantes se midieron por segunda vez en este Torneo.<\/p>\n<p>\u00a0<\/p>\n<p>Luego del primer encuentro, los participantes del Torneo tuvieron la posibilidad de corregir los errores y de enfrentar con menor ansiedad la segunda participaci\u00f3n. As\u00ed es como se vieron las distintas bancadas, un poco m\u00e1s relajadas y con mayor confianza en su preparaci\u00f3n.<\/p>\n<p>La fase de grupos del Torneo finaliza en el pr\u00f3ximo encuentro, momento en el cual se definir\u00e1n los equipos que pasan a la siguiente fase, sin embargo en estas primeras instancias los equipos investigadores desde ya acumulan puntaje, haciendo de cada encuentro una instancia fundamental.<\/p>\n<p>Entre los encuentros realizados el mi\u00e9rcoles 11, se destacan las victorias del INSUCO 2 frente al Colegio Echaurren, la del Colegio Santa B\u00e1rbara ante al Instituto Nacional y la del Liceo Emilia Toro de Balmaceda sobre el Complejo Educacional La Reina.<\/p>\n<p>Mientras que el jueves 12 se materializaron las victorias del Liceo San Jos\u00e9 de Renca sobre el The Angel\u2019s School, la del Liceo Eugenio Mar\u00eda de Hostos ante el Colegio Paula Jaraquemada, la del The English Institute frente el Liceo San Francisco de Quito, el Liceo Tajamar sobre el Colegio Undurraga Aninat, el Colegio Mar\u00eda Luisa Villal\u00f3n frente al Liceo de Aplicaci\u00f3n y el Liceo 1 por sobre el Liceo Valent\u00edn Letelier.<\/p>\n<p>El pr\u00f3ximo encuentro, que marcar\u00e1 el cierre de la primera fase y se definir\u00e1n los equipos que pasan a la etapa de eliminaci\u00f3n directa, se realizar\u00e1 los d\u00edas 1 y 2 de julio tambi\u00e9n en la Sede Santiago de la Universidad Arturo Prat, entre las 9 y las 17:30 horas para ambos d\u00edas.<\/p>\n<p><img decoding=\"async\" src=\"images\/IMAGENES-RM-NORTE\/Debates - Segundo Encuentro - 03.jpg\" border=\"0\" alt=\"\" style=\"margin-left: auto;margin-right: auto\" \/><\/p>\n","protected":false},"excerpt":{"rendered":"<p>Con encuentros desarrollados los d\u00edas 11 y 12 de junio en la Sede Santiago de la Universidad Arturo Prat, los equipos participantes se midieron por segunda vez en este Torneo. \u00a0 Luego del primer encuentro, los participantes del Torneo tuvieron la posibilidad de corregir los errores y de enfrentar con menor ansiedad la segunda participaci\u00f3n. [&hellip;]<\/p>\n","protected":false},"author":2,"featured_media":0,"comment_status":"closed","ping_status":"open","sticky":false,"template":"","format":"standard","meta":{"_acf_changed":false,"_exactmetrics_skip_tracking":false,"_exactmetrics_sitenote_active":false,"_exactmetrics_sitenote_note":"","_exactmetrics_sitenote_category":0,"footnotes":"","_links_to":"","_links_to_target":""},"categories":[4],"tags":[],"class_list":["post-37740","post","type-post","status-publish","format-standard","hentry","category-noticias"],"acf":[],"yoast_head":"<!-- This site is optimized with the Yoast SEO plugin v26.9 - https:\/\/yoast.com\/product\/yoast-seo-wordpress\/ -->\n<title>El Torneo de Debates tuvo su segunda fecha - RM Norte<\/title>\n<meta name=\"robots\" content=\"index, follow, max-snippet:-1, max-image-preview:large, max-video-preview:-1\" \/>\n<link rel=\"canonical\" href=\"https:\/\/explora.cl\/rmnorte\/con-encuentros-desarrollados-los-dias-11-y-12-de-junio-en-la-sede-santiago-de-la-universidad-arturo-prat-los-equipos-participantes-se-midieron-por-segunda-vez-en-este-torneo\/\" class=\"yoast-seo-meta-tag\" \/>\n<meta property=\"og:locale\" content=\"es_ES\" class=\"yoast-seo-meta-tag\" \/>\n<meta property=\"og:type\" content=\"article\" class=\"yoast-seo-meta-tag\" \/>\n<meta property=\"og:title\" content=\"El Torneo de Debates tuvo su segunda fecha - RM Norte\" class=\"yoast-seo-meta-tag\" \/>\n<meta property=\"og:description\" content=\"Con encuentros desarrollados los d\u00edas 11 y 12 de junio en la Sede Santiago de la Universidad Arturo Prat, los equipos participantes se midieron por segunda vez en este Torneo. \u00a0 Luego del primer encuentro, los participantes del Torneo tuvieron la posibilidad de corregir los errores y de enfrentar con menor ansiedad la segunda participaci\u00f3n. [&hellip;]\" class=\"yoast-seo-meta-tag\" \/>\n<meta property=\"og:url\" content=\"https:\/\/explora.cl\/rmnorte\/con-encuentros-desarrollados-los-dias-11-y-12-de-junio-en-la-sede-santiago-de-la-universidad-arturo-prat-los-equipos-participantes-se-midieron-por-segunda-vez-en-este-torneo\/\" class=\"yoast-seo-meta-tag\" \/>\n<meta property=\"og:site_name\" content=\"RM Norte\" class=\"yoast-seo-meta-tag\" \/>\n<meta property=\"article:published_time\" content=\"2014-06-18T04:00:00+00:00\" class=\"yoast-seo-meta-tag\" \/>\n<meta property=\"article:modified_time\" content=\"2019-05-20T17:24:16+00:00\" class=\"yoast-seo-meta-tag\" \/>\n<meta name=\"author\" content=\"webman\" class=\"yoast-seo-meta-tag\" \/>\n<meta name=\"twitter:card\" content=\"summary_large_image\" class=\"yoast-seo-meta-tag\" \/>\n<meta name=\"twitter:label1\" content=\"Escrito por\" class=\"yoast-seo-meta-tag\" \/>\n\t<meta name=\"twitter:data1\" content=\"webman\" class=\"yoast-seo-meta-tag\" \/>\n\t<meta name=\"twitter:label2\" content=\"Tiempo estimado de lectura\" class=\"yoast-seo-meta-tag\" \/>\n\t<meta name=\"twitter:data2\" content=\"1 minuto\" class=\"yoast-seo-meta-tag\" \/>\n<script type=\"application\/ld+json\" class=\"yoast-schema-graph\">{\"@context\":\"https:\/\/schema.org\",\"@graph\":[{\"@type\":\"Article\",\"@id\":\"https:\/\/explora.cl\/rmnorte\/con-encuentros-desarrollados-los-dias-11-y-12-de-junio-en-la-sede-santiago-de-la-universidad-arturo-prat-los-equipos-participantes-se-midieron-por-segunda-vez-en-este-torneo\/#article\",\"isPartOf\":{\"@id\":\"https:\/\/explora.cl\/rmnorte\/con-encuentros-desarrollados-los-dias-11-y-12-de-junio-en-la-sede-santiago-de-la-universidad-arturo-prat-los-equipos-participantes-se-midieron-por-segunda-vez-en-este-torneo\/\"},\"author\":{\"name\":\"webman\",\"@id\":\"https:\/\/explora.cl\/rmnorte\/#\/schema\/person\/cb8349c13ea2d324080adf8480d7ba5d\"},\"headline\":\"El Torneo de Debates tuvo su segunda fecha\",\"datePublished\":\"2014-06-18T04:00:00+00:00\",\"dateModified\":\"2019-05-20T17:24:16+00:00\",\"mainEntityOfPage\":{\"@id\":\"https:\/\/explora.cl\/rmnorte\/con-encuentros-desarrollados-los-dias-11-y-12-de-junio-en-la-sede-santiago-de-la-universidad-arturo-prat-los-equipos-participantes-se-midieron-por-segunda-vez-en-este-torneo\/\"},\"wordCount\":302,\"articleSection\":[\"Noticias\"],\"inLanguage\":\"es-CL\"},{\"@type\":\"WebPage\",\"@id\":\"https:\/\/explora.cl\/rmnorte\/con-encuentros-desarrollados-los-dias-11-y-12-de-junio-en-la-sede-santiago-de-la-universidad-arturo-prat-los-equipos-participantes-se-midieron-por-segunda-vez-en-este-torneo\/\",\"url\":\"https:\/\/explora.cl\/rmnorte\/con-encuentros-desarrollados-los-dias-11-y-12-de-junio-en-la-sede-santiago-de-la-universidad-arturo-prat-los-equipos-participantes-se-midieron-por-segunda-vez-en-este-torneo\/\",\"name\":\"El Torneo de Debates tuvo su segunda fecha - RM Norte\",\"isPartOf\":{\"@id\":\"https:\/\/explora.cl\/rmnorte\/#website\"},\"datePublished\":\"2014-06-18T04:00:00+00:00\",\"dateModified\":\"2019-05-20T17:24:16+00:00\",\"author\":{\"@id\":\"https:\/\/explora.cl\/rmnorte\/#\/schema\/person\/cb8349c13ea2d324080adf8480d7ba5d\"},\"breadcrumb\":{\"@id\":\"https:\/\/explora.cl\/rmnorte\/con-encuentros-desarrollados-los-dias-11-y-12-de-junio-en-la-sede-santiago-de-la-universidad-arturo-prat-los-equipos-participantes-se-midieron-por-segunda-vez-en-este-torneo\/#breadcrumb\"},\"inLanguage\":\"es-CL\",\"potentialAction\":[{\"@type\":\"ReadAction\",\"target\":[\"https:\/\/explora.cl\/rmnorte\/con-encuentros-desarrollados-los-dias-11-y-12-de-junio-en-la-sede-santiago-de-la-universidad-arturo-prat-los-equipos-participantes-se-midieron-por-segunda-vez-en-este-torneo\/\"]}]},{\"@type\":\"BreadcrumbList\",\"@id\":\"https:\/\/explora.cl\/rmnorte\/con-encuentros-desarrollados-los-dias-11-y-12-de-junio-en-la-sede-santiago-de-la-universidad-arturo-prat-los-equipos-participantes-se-midieron-por-segunda-vez-en-este-torneo\/#breadcrumb\",\"itemListElement\":[{\"@type\":\"ListItem\",\"position\":1,\"name\":\"Portada\",\"item\":\"https:\/\/explora.cl\/rmnorte\/\"},{\"@type\":\"ListItem\",\"position\":2,\"name\":\"El Torneo de Debates tuvo su segunda fecha\"}]},{\"@type\":\"WebSite\",\"@id\":\"https:\/\/explora.cl\/rmnorte\/#website\",\"url\":\"https:\/\/explora.cl\/rmnorte\/\",\"name\":\"RM Norte\",\"description\":\"RM Norte explora.cl\",\"potentialAction\":[{\"@type\":\"SearchAction\",\"target\":{\"@type\":\"EntryPoint\",\"urlTemplate\":\"https:\/\/explora.cl\/rmnorte\/?s={search_term_string}\"},\"query-input\":{\"@type\":\"PropertyValueSpecification\",\"valueRequired\":true,\"valueName\":\"search_term_string\"}}],\"inLanguage\":\"es-CL\"},{\"@type\":\"Person\",\"@id\":\"https:\/\/explora.cl\/rmnorte\/#\/schema\/person\/cb8349c13ea2d324080adf8480d7ba5d\",\"name\":\"webman\",\"image\":{\"@type\":\"ImageObject\",\"inLanguage\":\"es-CL\",\"@id\":\"https:\/\/explora.cl\/rmnorte\/#\/schema\/person\/image\/\",\"url\":\"https:\/\/secure.gravatar.com\/avatar\/eeff3c82f2c02f7177d13663b7e6f890e9a6a0647ce9bb29cae02dcb094c7312?s=96&d=mm&r=g\",\"contentUrl\":\"https:\/\/secure.gravatar.com\/avatar\/eeff3c82f2c02f7177d13663b7e6f890e9a6a0647ce9bb29cae02dcb094c7312?s=96&d=mm&r=g\",\"caption\":\"webman\"},\"url\":\"https:\/\/explora.cl\/rmnorte\/author\/webman\/\"}]}<\/script>\n<!-- \/ Yoast SEO plugin. -->","yoast_head_json":{"title":"El Torneo de Debates tuvo su segunda fecha - RM Norte","robots":{"index":"index","follow":"follow","max-snippet":"max-snippet:-1","max-image-preview":"max-image-preview:large","max-video-preview":"max-video-preview:-1"},"canonical":"https:\/\/explora.cl\/rmnorte\/con-encuentros-desarrollados-los-dias-11-y-12-de-junio-en-la-sede-santiago-de-la-universidad-arturo-prat-los-equipos-participantes-se-midieron-por-segunda-vez-en-este-torneo\/","og_locale":"es_ES","og_type":"article","og_title":"El Torneo de Debates tuvo su segunda fecha - RM Norte","og_description":"Con encuentros desarrollados los d\u00edas 11 y 12 de junio en la Sede Santiago de la Universidad Arturo Prat, los equipos participantes se midieron por segunda vez en este Torneo. \u00a0 Luego del primer encuentro, los participantes del Torneo tuvieron la posibilidad de corregir los errores y de enfrentar con menor ansiedad la segunda participaci\u00f3n. [&hellip;]","og_url":"https:\/\/explora.cl\/rmnorte\/con-encuentros-desarrollados-los-dias-11-y-12-de-junio-en-la-sede-santiago-de-la-universidad-arturo-prat-los-equipos-participantes-se-midieron-por-segunda-vez-en-este-torneo\/","og_site_name":"RM Norte","article_published_time":"2014-06-18T04:00:00+00:00","article_modified_time":"2019-05-20T17:24:16+00:00","author":"webman","twitter_card":"summary_large_image","twitter_misc":{"Escrito por":"webman","Tiempo estimado de lectura":"1 minuto"},"schema":{"@context":"https:\/\/schema.org","@graph":[{"@type":"Article","@id":"https:\/\/explora.cl\/rmnorte\/con-encuentros-desarrollados-los-dias-11-y-12-de-junio-en-la-sede-santiago-de-la-universidad-arturo-prat-los-equipos-participantes-se-midieron-por-segunda-vez-en-este-torneo\/#article","isPartOf":{"@id":"https:\/\/explora.cl\/rmnorte\/con-encuentros-desarrollados-los-dias-11-y-12-de-junio-en-la-sede-santiago-de-la-universidad-arturo-prat-los-equipos-participantes-se-midieron-por-segunda-vez-en-este-torneo\/"},"author":{"name":"webman","@id":"https:\/\/explora.cl\/rmnorte\/#\/schema\/person\/cb8349c13ea2d324080adf8480d7ba5d"},"headline":"El Torneo de Debates tuvo su segunda fecha","datePublished":"2014-06-18T04:00:00+00:00","dateModified":"2019-05-20T17:24:16+00:00","mainEntityOfPage":{"@id":"https:\/\/explora.cl\/rmnorte\/con-encuentros-desarrollados-los-dias-11-y-12-de-junio-en-la-sede-santiago-de-la-universidad-arturo-prat-los-equipos-participantes-se-midieron-por-segunda-vez-en-este-torneo\/"},"wordCount":302,"articleSection":["Noticias"],"inLanguage":"es-CL"},{"@type":"WebPage","@id":"https:\/\/explora.cl\/rmnorte\/con-encuentros-desarrollados-los-dias-11-y-12-de-junio-en-la-sede-santiago-de-la-universidad-arturo-prat-los-equipos-participantes-se-midieron-por-segunda-vez-en-este-torneo\/","url":"https:\/\/explora.cl\/rmnorte\/con-encuentros-desarrollados-los-dias-11-y-12-de-junio-en-la-sede-santiago-de-la-universidad-arturo-prat-los-equipos-participantes-se-midieron-por-segunda-vez-en-este-torneo\/","name":"El Torneo de Debates tuvo su segunda fecha - RM Norte","isPartOf":{"@id":"https:\/\/explora.cl\/rmnorte\/#website"},"datePublished":"2014-06-18T04:00:00+00:00","dateModified":"2019-05-20T17:24:16+00:00","author":{"@id":"https:\/\/explora.cl\/rmnorte\/#\/schema\/person\/cb8349c13ea2d324080adf8480d7ba5d"},"breadcrumb":{"@id":"https:\/\/explora.cl\/rmnorte\/con-encuentros-desarrollados-los-dias-11-y-12-de-junio-en-la-sede-santiago-de-la-universidad-arturo-prat-los-equipos-participantes-se-midieron-por-segunda-vez-en-este-torneo\/#breadcrumb"},"inLanguage":"es-CL","potentialAction":[{"@type":"ReadAction","target":["https:\/\/explora.cl\/rmnorte\/con-encuentros-desarrollados-los-dias-11-y-12-de-junio-en-la-sede-santiago-de-la-universidad-arturo-prat-los-equipos-participantes-se-midieron-por-segunda-vez-en-este-torneo\/"]}]},{"@type":"BreadcrumbList","@id":"https:\/\/explora.cl\/rmnorte\/con-encuentros-desarrollados-los-dias-11-y-12-de-junio-en-la-sede-santiago-de-la-universidad-arturo-prat-los-equipos-participantes-se-midieron-por-segunda-vez-en-este-torneo\/#breadcrumb","itemListElement":[{"@type":"ListItem","position":1,"name":"Portada","item":"https:\/\/explora.cl\/rmnorte\/"},{"@type":"ListItem","position":2,"name":"El Torneo de Debates tuvo su segunda fecha"}]},{"@type":"WebSite","@id":"https:\/\/explora.cl\/rmnorte\/#website","url":"https:\/\/explora.cl\/rmnorte\/","name":"RM Norte","description":"RM Norte explora.cl","potentialAction":[{"@type":"SearchAction","target":{"@type":"EntryPoint","urlTemplate":"https:\/\/explora.cl\/rmnorte\/?s={search_term_string}"},"query-input":{"@type":"PropertyValueSpecification","valueRequired":true,"valueName":"search_term_string"}}],"inLanguage":"es-CL"},{"@type":"Person","@id":"https:\/\/explora.cl\/rmnorte\/#\/schema\/person\/cb8349c13ea2d324080adf8480d7ba5d","name":"webman","image":{"@type":"ImageObject","inLanguage":"es-CL","@id":"https:\/\/explora.cl\/rmnorte\/#\/schema\/person\/image\/","url":"https:\/\/secure.gravatar.com\/avatar\/eeff3c82f2c02f7177d13663b7e6f890e9a6a0647ce9bb29cae02dcb094c7312?s=96&d=mm&r=g","contentUrl":"https:\/\/secure.gravatar.com\/avatar\/eeff3c82f2c02f7177d13663b7e6f890e9a6a0647ce9bb29cae02dcb094c7312?s=96&d=mm&r=g","caption":"webman"},"url":"https:\/\/explora.cl\/rmnorte\/author\/webman\/"}]}},"_links":{"self":[{"href":"https:\/\/explora.cl\/rmnorte\/wp-json\/wp\/v2\/posts\/37740","targetHints":{"allow":["GET"]}}],"collection":[{"href":"https:\/\/explora.cl\/rmnorte\/wp-json\/wp\/v2\/posts"}],"about":[{"href":"https:\/\/explora.cl\/rmnorte\/wp-json\/wp\/v2\/types\/post"}],"author":[{"embeddable":true,"href":"https:\/\/explora.cl\/rmnorte\/wp-json\/wp\/v2\/users\/2"}],"replies":[{"embeddable":true,"href":"https:\/\/explora.cl\/rmnorte\/wp-json\/wp\/v2\/comments?post=37740"}],"version-history":[{"count":1,"href":"https:\/\/explora.cl\/rmnorte\/wp-json\/wp\/v2\/posts\/37740\/revisions"}],"predecessor-version":[{"id":38627,"href":"https:\/\/explora.cl\/rmnorte\/wp-json\/wp\/v2\/posts\/37740\/revisions\/38627"}],"wp:attachment":[{"href":"https:\/\/explora.cl\/rmnorte\/wp-json\/wp\/v2\/media?parent=37740"}],"wp:term":[{"taxonomy":"category","embeddable":true,"href":"https:\/\/explora.cl\/rmnorte\/wp-json\/wp\/v2\/categories?post=37740"},{"taxonomy":"post_tag","embeddable":true,"href":"https:\/\/explora.cl\/rmnorte\/wp-json\/wp\/v2\/tags?post=37740"}],"curies":[{"name":"wp","href":"https:\/\/api.w.org\/{rel}","templated":true}]}}