{"id":37737,"date":"2014-06-12T00:00:00","date_gmt":"2014-06-12T04:00:00","guid":{"rendered":"https:\/\/explora.cl\/rmnorte\/blog\/2014\/06\/12\/educadoras-tcc-recibieron-certificacion-cpeip\/"},"modified":"2019-05-20T17:24:17","modified_gmt":"2019-05-20T17:24:17","slug":"educadoras-tcc-recibieron-certificacion-cpeip","status":"publish","type":"post","link":"https:\/\/explora.cl\/rmnorte\/educadoras-tcc-recibieron-certificacion-cpeip\/","title":{"rendered":"Educadoras TCC recibieron Certificaci\u00f3n CPEIP"},"content":{"rendered":"<p><img fetchpriority=\"high\" decoding=\"async\" class=\" size-full wp-image-3075\" src=\"http:\/\/ec2-34-218-253-251.us-west-2.compute.amazonaws.com\/wp-content\/uploads\/2014\/06\/be558df57ee1bb0ff5368c31d4836afc.jpg\" alt=\"\" width=\"350\" height=\"204\" \/><\/p>\n<div style=\"color: #555555;font-family: Arial, sans-serif;font-size: 14px;line-height: 23px\">\n<div class=\"entry\" style=\"padding: 0px;margin: 0px;border: 0px none;line-height: 1.5;font-family: Raleway;font-size: 12px\">\n<div style=\"color: #444444;font-family: 'Trebuchet MS', sans-serif;font-size: 12px;line-height: 16px;text-align: justify\">\n<p style=\"font-family: Arial, sans-serif;font-size: 14px;line-height: 23px;color: #444444\">Las Educadoras de P\u00e1rvulos que se capacitaron en Tus Competencias en Ciencias y que implementaron sus talleres durante el 2013 en establecimientos de la Zona Norte de la Regi\u00f3n Metropolitana, recibieron el certificado que acredita la ejecuci\u00f3n \u00edntegra de la iniciativa.<\/p>\n<p style=\"font-family: Arial, sans-serif;font-size: 14px;line-height: 23px;color: #444444\">En una ceremonia realizada el jueves 05 de junio en la Sede Santiago de la Universidad Arturo Prat, se reunieron 19 de las educadoras que hace precisamente un a\u00f1o iniciaban en el mismo lugar, el desaf\u00edo que Tus Competencias en Ciencias les plante\u00f3.<\/p>\n<p style=\"font-family: Arial, sans-serif;font-size: 14px;line-height: 23px;color: #444444\">Esta vez asistieron para recibir el certificado que acreditaba el cumplimiento de todas las etapas involucradas en la iniciativa, documento extendido por el Centro de Perfeccionamiento, Experimentaci\u00f3n e Investigaciones Pedag\u00f3gicas (CPEIP) del Ministerio de Educaci\u00f3n, por un total de 161 horas.<\/p>\n<p style=\"font-family: Arial, sans-serif;font-size: 14px;line-height: 23px;color: #444444\">Para cerrar este ciclo y a modo de experiencia, una de las educadoras presentes, Ver\u00f3nica Rojas del Complejo Educacional La Reina, tuvo una especial participaci\u00f3n durante la ceremonia, compartiendo con los asistentes sus reflexiones respecto a lo que signific\u00f3 el proceso vivido durante este a\u00f1o junto a sus estudiantes.<\/p>\n<p style=\"font-family: Arial, sans-serif;font-size: 14px;line-height: 23px;color: #444444\">Al acto asisti\u00f3 la Coordinadora T\u00e9cnica de la Direcci\u00f3n de Educaci\u00f3n Municipal de la Municipalidad de Santiago, Patricia Nilo, adem\u00e1s de un grupo de directores y directoras de los establecimientos a los cuales pertenecen las educadoras, para acompa\u00f1arlas en esta actividad, demostrando su apoyo a la implementaci\u00f3n de la iniciativa.<\/p>\n<p style=\"font-family: Arial, sans-serif;font-size: 14px;line-height: 23px;color: #444444\"><img decoding=\"async\" class=\"alignleft\" style=\"border: 1px solid #e2e2e2;max-width: 100%;height: auto;float: left;margin: 5px 20px 20px 0px\" src=\"https:\/\/explora.cl\/images_new\/SitiosRegionales-RM\/NoticiasRegionales-RM\/Certificacin_TCC_2012_-_02.jpg\" alt=\"Certificacin_TCC_2012_-_02\" width=\"264\" height=\"150\" \/>Catalina Morales, del Jard\u00edn Calvo Mackenna perteneciente al Comit\u00e9 para la Infancia y la Familia de la Municipalidad de Santiago, coment\u00f3 al cierre: \u201cMe siento muy complacida y orgullosa, porque aprendimos que abordar la ciencia es en realidad mucho m\u00e1s simple de lo que uno cree y que ense\u00f1arla no es tan descabellado, pensando en que son ni\u00f1os peque\u00f1os que quiz\u00e1s tienen otras prioridades de aprendizaje primero, pero tambi\u00e9n la ciencia est\u00e1 inmerso en todo y que ellos s\u00ed son capaces de experimentar y la pueden entender\u201d.<\/p>\n<p style=\"font-family: Arial, sans-serif;font-size: 14px;line-height: 23px;color: #444444\">Por su parte, Jennifer Apablaza del Colegio Juanita Fern\u00e1ndez Solar de Pudahuel, se\u00f1al\u00f3: \u201cLa experiencia ha sido muy buena, los ni\u00f1os aprenden harto y los pap\u00e1s est\u00e1n contentos. Adem\u00e1s no es necesario tener muchos conocimientos en ciencias, porque la capacitaci\u00f3n y los documentos est\u00e1n tan claros que se puede aplicar en cualquier contexto. Por ejemplo, yo trabajo en un contexto vulnerable y los ni\u00f1os logran desarrollar un lenguaje cient\u00edfico y se expresan con palabas que no ocupan cotidianamente\u201d.<\/p>\n<p style=\"font-family: Arial, sans-serif;font-size: 14px;line-height: 23px;color: #444444\"><img decoding=\"async\" class=\"aligncenter\" style=\"border: 1px solid #e2e2e2;max-width: 100%;height: auto;margin: 5px auto\" src=\"https:\/\/explora.cl\/images_new\/SitiosRegionales-RM\/NoticiasRegionales-RM\/Certificacin_CPEIP_-_03.jpg\" alt=\"Certificacin_CPEIP_-_03\" width=\"600\" height=\"326\" \/><\/p>\n<p>&nbsp;<\/p>\n<div class=\"sharedaddy sd-sharing-enabled\" style=\"clear: both;color: #555555;font-family: Arial, sans-serif;font-size: 14px;line-height: 23px\">&nbsp;<\/div>\n<\/p><\/div>\n<\/p><\/div>\n<\/p><\/div>\n","protected":false},"excerpt":{"rendered":"<p>Las Educadoras de P\u00e1rvulos que se capacitaron en Tus Competencias en Ciencias y que implementaron sus talleres durante el 2013 en establecimientos de la Zona Norte de la Regi\u00f3n Metropolitana, recibieron el certificado que acredita la ejecuci\u00f3n \u00edntegra de la iniciativa. En una ceremonia realizada el jueves 05 de junio en la Sede Santiago de [&hellip;]<\/p>\n","protected":false},"author":2,"featured_media":31937,"comment_status":"closed","ping_status":"open","sticky":false,"template":"","format":"standard","meta":{"_acf_changed":false,"_exactmetrics_skip_tracking":false,"_exactmetrics_sitenote_active":false,"_exactmetrics_sitenote_note":"","_exactmetrics_sitenote_category":0,"footnotes":"","_links_to":"","_links_to_target":""},"categories":[4],"tags":[],"class_list":["post-37737","post","type-post","status-publish","format-standard","has-post-thumbnail","hentry","category-noticias"],"acf":[],"yoast_head":"<!-- This site is optimized with the Yoast SEO plugin v26.9 - https:\/\/yoast.com\/product\/yoast-seo-wordpress\/ -->\n<title>Educadoras TCC recibieron Certificaci\u00f3n CPEIP - RM Norte<\/title>\n<meta name=\"robots\" content=\"index, follow, max-snippet:-1, max-image-preview:large, max-video-preview:-1\" \/>\n<link rel=\"canonical\" href=\"https:\/\/explora.cl\/rmnorte\/educadoras-tcc-recibieron-certificacion-cpeip\/\" class=\"yoast-seo-meta-tag\" \/>\n<meta property=\"og:locale\" content=\"es_ES\" class=\"yoast-seo-meta-tag\" \/>\n<meta property=\"og:type\" content=\"article\" class=\"yoast-seo-meta-tag\" \/>\n<meta property=\"og:title\" content=\"Educadoras TCC recibieron Certificaci\u00f3n CPEIP - RM Norte\" class=\"yoast-seo-meta-tag\" \/>\n<meta property=\"og:description\" content=\"Las Educadoras de P\u00e1rvulos que se capacitaron en Tus Competencias en Ciencias y que implementaron sus talleres durante el 2013 en establecimientos de la Zona Norte de la Regi\u00f3n Metropolitana, recibieron el certificado que acredita la ejecuci\u00f3n \u00edntegra de la iniciativa. En una ceremonia realizada el jueves 05 de junio en la Sede Santiago de [&hellip;]\" class=\"yoast-seo-meta-tag\" \/>\n<meta property=\"og:url\" content=\"https:\/\/explora.cl\/rmnorte\/educadoras-tcc-recibieron-certificacion-cpeip\/\" class=\"yoast-seo-meta-tag\" \/>\n<meta property=\"og:site_name\" content=\"RM Norte\" class=\"yoast-seo-meta-tag\" \/>\n<meta property=\"article:published_time\" content=\"2014-06-12T04:00:00+00:00\" class=\"yoast-seo-meta-tag\" \/>\n<meta property=\"article:modified_time\" content=\"2019-05-20T17:24:17+00:00\" class=\"yoast-seo-meta-tag\" \/>\n<meta property=\"og:image\" content=\"https:\/\/explora.cl\/rmnorte\/wp-content\/uploads\/sites\/11\/2018\/06\/be558df57ee1bb0ff5368c31d4836afc.jpg\" class=\"yoast-seo-meta-tag\" \/>\n\t<meta property=\"og:image:width\" content=\"350\" class=\"yoast-seo-meta-tag\" \/>\n\t<meta property=\"og:image:height\" content=\"204\" class=\"yoast-seo-meta-tag\" \/>\n\t<meta property=\"og:image:type\" content=\"image\/jpeg\" class=\"yoast-seo-meta-tag\" \/>\n<meta name=\"author\" content=\"webman\" class=\"yoast-seo-meta-tag\" \/>\n<meta name=\"twitter:card\" content=\"summary_large_image\" class=\"yoast-seo-meta-tag\" \/>\n<meta name=\"twitter:label1\" content=\"Escrito por\" class=\"yoast-seo-meta-tag\" \/>\n\t<meta name=\"twitter:data1\" content=\"webman\" class=\"yoast-seo-meta-tag\" \/>\n\t<meta name=\"twitter:label2\" content=\"Tiempo estimado de lectura\" class=\"yoast-seo-meta-tag\" \/>\n\t<meta name=\"twitter:data2\" content=\"2 minutos\" class=\"yoast-seo-meta-tag\" \/>\n<script type=\"application\/ld+json\" class=\"yoast-schema-graph\">{\"@context\":\"https:\/\/schema.org\",\"@graph\":[{\"@type\":\"Article\",\"@id\":\"https:\/\/explora.cl\/rmnorte\/educadoras-tcc-recibieron-certificacion-cpeip\/#article\",\"isPartOf\":{\"@id\":\"https:\/\/explora.cl\/rmnorte\/educadoras-tcc-recibieron-certificacion-cpeip\/\"},\"author\":{\"name\":\"webman\",\"@id\":\"https:\/\/explora.cl\/rmnorte\/#\/schema\/person\/cb8349c13ea2d324080adf8480d7ba5d\"},\"headline\":\"Educadoras TCC recibieron Certificaci\u00f3n CPEIP\",\"datePublished\":\"2014-06-12T04:00:00+00:00\",\"dateModified\":\"2019-05-20T17:24:17+00:00\",\"mainEntityOfPage\":{\"@id\":\"https:\/\/explora.cl\/rmnorte\/educadoras-tcc-recibieron-certificacion-cpeip\/\"},\"wordCount\":427,\"image\":{\"@id\":\"https:\/\/explora.cl\/rmnorte\/educadoras-tcc-recibieron-certificacion-cpeip\/#primaryimage\"},\"thumbnailUrl\":\"https:\/\/explora.cl\/rmnorte\/wp-content\/uploads\/sites\/11\/2018\/06\/be558df57ee1bb0ff5368c31d4836afc.jpg\",\"articleSection\":[\"Noticias\"],\"inLanguage\":\"es-CL\"},{\"@type\":\"WebPage\",\"@id\":\"https:\/\/explora.cl\/rmnorte\/educadoras-tcc-recibieron-certificacion-cpeip\/\",\"url\":\"https:\/\/explora.cl\/rmnorte\/educadoras-tcc-recibieron-certificacion-cpeip\/\",\"name\":\"Educadoras TCC recibieron Certificaci\u00f3n CPEIP - RM Norte\",\"isPartOf\":{\"@id\":\"https:\/\/explora.cl\/rmnorte\/#website\"},\"primaryImageOfPage\":{\"@id\":\"https:\/\/explora.cl\/rmnorte\/educadoras-tcc-recibieron-certificacion-cpeip\/#primaryimage\"},\"image\":{\"@id\":\"https:\/\/explora.cl\/rmnorte\/educadoras-tcc-recibieron-certificacion-cpeip\/#primaryimage\"},\"thumbnailUrl\":\"https:\/\/explora.cl\/rmnorte\/wp-content\/uploads\/sites\/11\/2018\/06\/be558df57ee1bb0ff5368c31d4836afc.jpg\",\"datePublished\":\"2014-06-12T04:00:00+00:00\",\"dateModified\":\"2019-05-20T17:24:17+00:00\",\"author\":{\"@id\":\"https:\/\/explora.cl\/rmnorte\/#\/schema\/person\/cb8349c13ea2d324080adf8480d7ba5d\"},\"breadcrumb\":{\"@id\":\"https:\/\/explora.cl\/rmnorte\/educadoras-tcc-recibieron-certificacion-cpeip\/#breadcrumb\"},\"inLanguage\":\"es-CL\",\"potentialAction\":[{\"@type\":\"ReadAction\",\"target\":[\"https:\/\/explora.cl\/rmnorte\/educadoras-tcc-recibieron-certificacion-cpeip\/\"]}]},{\"@type\":\"ImageObject\",\"inLanguage\":\"es-CL\",\"@id\":\"https:\/\/explora.cl\/rmnorte\/educadoras-tcc-recibieron-certificacion-cpeip\/#primaryimage\",\"url\":\"https:\/\/explora.cl\/rmnorte\/wp-content\/uploads\/sites\/11\/2018\/06\/be558df57ee1bb0ff5368c31d4836afc.jpg\",\"contentUrl\":\"https:\/\/explora.cl\/rmnorte\/wp-content\/uploads\/sites\/11\/2018\/06\/be558df57ee1bb0ff5368c31d4836afc.jpg\",\"width\":350,\"height\":204},{\"@type\":\"BreadcrumbList\",\"@id\":\"https:\/\/explora.cl\/rmnorte\/educadoras-tcc-recibieron-certificacion-cpeip\/#breadcrumb\",\"itemListElement\":[{\"@type\":\"ListItem\",\"position\":1,\"name\":\"Portada\",\"item\":\"https:\/\/explora.cl\/rmnorte\/\"},{\"@type\":\"ListItem\",\"position\":2,\"name\":\"Educadoras TCC recibieron Certificaci\u00f3n CPEIP\"}]},{\"@type\":\"WebSite\",\"@id\":\"https:\/\/explora.cl\/rmnorte\/#website\",\"url\":\"https:\/\/explora.cl\/rmnorte\/\",\"name\":\"RM Norte\",\"description\":\"RM Norte explora.cl\",\"potentialAction\":[{\"@type\":\"SearchAction\",\"target\":{\"@type\":\"EntryPoint\",\"urlTemplate\":\"https:\/\/explora.cl\/rmnorte\/?s={search_term_string}\"},\"query-input\":{\"@type\":\"PropertyValueSpecification\",\"valueRequired\":true,\"valueName\":\"search_term_string\"}}],\"inLanguage\":\"es-CL\"},{\"@type\":\"Person\",\"@id\":\"https:\/\/explora.cl\/rmnorte\/#\/schema\/person\/cb8349c13ea2d324080adf8480d7ba5d\",\"name\":\"webman\",\"image\":{\"@type\":\"ImageObject\",\"inLanguage\":\"es-CL\",\"@id\":\"https:\/\/explora.cl\/rmnorte\/#\/schema\/person\/image\/\",\"url\":\"https:\/\/secure.gravatar.com\/avatar\/eeff3c82f2c02f7177d13663b7e6f890e9a6a0647ce9bb29cae02dcb094c7312?s=96&d=mm&r=g\",\"contentUrl\":\"https:\/\/secure.gravatar.com\/avatar\/eeff3c82f2c02f7177d13663b7e6f890e9a6a0647ce9bb29cae02dcb094c7312?s=96&d=mm&r=g\",\"caption\":\"webman\"},\"url\":\"https:\/\/explora.cl\/rmnorte\/author\/webman\/\"}]}<\/script>\n<!-- \/ Yoast SEO plugin. -->","yoast_head_json":{"title":"Educadoras TCC recibieron Certificaci\u00f3n CPEIP - RM Norte","robots":{"index":"index","follow":"follow","max-snippet":"max-snippet:-1","max-image-preview":"max-image-preview:large","max-video-preview":"max-video-preview:-1"},"canonical":"https:\/\/explora.cl\/rmnorte\/educadoras-tcc-recibieron-certificacion-cpeip\/","og_locale":"es_ES","og_type":"article","og_title":"Educadoras TCC recibieron Certificaci\u00f3n CPEIP - RM Norte","og_description":"Las Educadoras de P\u00e1rvulos que se capacitaron en Tus Competencias en Ciencias y que implementaron sus talleres durante el 2013 en establecimientos de la Zona Norte de la Regi\u00f3n Metropolitana, recibieron el certificado que acredita la ejecuci\u00f3n \u00edntegra de la iniciativa. En una ceremonia realizada el jueves 05 de junio en la Sede Santiago de [&hellip;]","og_url":"https:\/\/explora.cl\/rmnorte\/educadoras-tcc-recibieron-certificacion-cpeip\/","og_site_name":"RM Norte","article_published_time":"2014-06-12T04:00:00+00:00","article_modified_time":"2019-05-20T17:24:17+00:00","og_image":[{"width":350,"height":204,"url":"https:\/\/explora.cl\/rmnorte\/wp-content\/uploads\/sites\/11\/2018\/06\/be558df57ee1bb0ff5368c31d4836afc.jpg","type":"image\/jpeg"}],"author":"webman","twitter_card":"summary_large_image","twitter_misc":{"Escrito por":"webman","Tiempo estimado de lectura":"2 minutos"},"schema":{"@context":"https:\/\/schema.org","@graph":[{"@type":"Article","@id":"https:\/\/explora.cl\/rmnorte\/educadoras-tcc-recibieron-certificacion-cpeip\/#article","isPartOf":{"@id":"https:\/\/explora.cl\/rmnorte\/educadoras-tcc-recibieron-certificacion-cpeip\/"},"author":{"name":"webman","@id":"https:\/\/explora.cl\/rmnorte\/#\/schema\/person\/cb8349c13ea2d324080adf8480d7ba5d"},"headline":"Educadoras TCC recibieron Certificaci\u00f3n CPEIP","datePublished":"2014-06-12T04:00:00+00:00","dateModified":"2019-05-20T17:24:17+00:00","mainEntityOfPage":{"@id":"https:\/\/explora.cl\/rmnorte\/educadoras-tcc-recibieron-certificacion-cpeip\/"},"wordCount":427,"image":{"@id":"https:\/\/explora.cl\/rmnorte\/educadoras-tcc-recibieron-certificacion-cpeip\/#primaryimage"},"thumbnailUrl":"https:\/\/explora.cl\/rmnorte\/wp-content\/uploads\/sites\/11\/2018\/06\/be558df57ee1bb0ff5368c31d4836afc.jpg","articleSection":["Noticias"],"inLanguage":"es-CL"},{"@type":"WebPage","@id":"https:\/\/explora.cl\/rmnorte\/educadoras-tcc-recibieron-certificacion-cpeip\/","url":"https:\/\/explora.cl\/rmnorte\/educadoras-tcc-recibieron-certificacion-cpeip\/","name":"Educadoras TCC recibieron Certificaci\u00f3n CPEIP - RM Norte","isPartOf":{"@id":"https:\/\/explora.cl\/rmnorte\/#website"},"primaryImageOfPage":{"@id":"https:\/\/explora.cl\/rmnorte\/educadoras-tcc-recibieron-certificacion-cpeip\/#primaryimage"},"image":{"@id":"https:\/\/explora.cl\/rmnorte\/educadoras-tcc-recibieron-certificacion-cpeip\/#primaryimage"},"thumbnailUrl":"https:\/\/explora.cl\/rmnorte\/wp-content\/uploads\/sites\/11\/2018\/06\/be558df57ee1bb0ff5368c31d4836afc.jpg","datePublished":"2014-06-12T04:00:00+00:00","dateModified":"2019-05-20T17:24:17+00:00","author":{"@id":"https:\/\/explora.cl\/rmnorte\/#\/schema\/person\/cb8349c13ea2d324080adf8480d7ba5d"},"breadcrumb":{"@id":"https:\/\/explora.cl\/rmnorte\/educadoras-tcc-recibieron-certificacion-cpeip\/#breadcrumb"},"inLanguage":"es-CL","potentialAction":[{"@type":"ReadAction","target":["https:\/\/explora.cl\/rmnorte\/educadoras-tcc-recibieron-certificacion-cpeip\/"]}]},{"@type":"ImageObject","inLanguage":"es-CL","@id":"https:\/\/explora.cl\/rmnorte\/educadoras-tcc-recibieron-certificacion-cpeip\/#primaryimage","url":"https:\/\/explora.cl\/rmnorte\/wp-content\/uploads\/sites\/11\/2018\/06\/be558df57ee1bb0ff5368c31d4836afc.jpg","contentUrl":"https:\/\/explora.cl\/rmnorte\/wp-content\/uploads\/sites\/11\/2018\/06\/be558df57ee1bb0ff5368c31d4836afc.jpg","width":350,"height":204},{"@type":"BreadcrumbList","@id":"https:\/\/explora.cl\/rmnorte\/educadoras-tcc-recibieron-certificacion-cpeip\/#breadcrumb","itemListElement":[{"@type":"ListItem","position":1,"name":"Portada","item":"https:\/\/explora.cl\/rmnorte\/"},{"@type":"ListItem","position":2,"name":"Educadoras TCC recibieron Certificaci\u00f3n CPEIP"}]},{"@type":"WebSite","@id":"https:\/\/explora.cl\/rmnorte\/#website","url":"https:\/\/explora.cl\/rmnorte\/","name":"RM Norte","description":"RM Norte explora.cl","potentialAction":[{"@type":"SearchAction","target":{"@type":"EntryPoint","urlTemplate":"https:\/\/explora.cl\/rmnorte\/?s={search_term_string}"},"query-input":{"@type":"PropertyValueSpecification","valueRequired":true,"valueName":"search_term_string"}}],"inLanguage":"es-CL"},{"@type":"Person","@id":"https:\/\/explora.cl\/rmnorte\/#\/schema\/person\/cb8349c13ea2d324080adf8480d7ba5d","name":"webman","image":{"@type":"ImageObject","inLanguage":"es-CL","@id":"https:\/\/explora.cl\/rmnorte\/#\/schema\/person\/image\/","url":"https:\/\/secure.gravatar.com\/avatar\/eeff3c82f2c02f7177d13663b7e6f890e9a6a0647ce9bb29cae02dcb094c7312?s=96&d=mm&r=g","contentUrl":"https:\/\/secure.gravatar.com\/avatar\/eeff3c82f2c02f7177d13663b7e6f890e9a6a0647ce9bb29cae02dcb094c7312?s=96&d=mm&r=g","caption":"webman"},"url":"https:\/\/explora.cl\/rmnorte\/author\/webman\/"}]}},"_links":{"self":[{"href":"https:\/\/explora.cl\/rmnorte\/wp-json\/wp\/v2\/posts\/37737","targetHints":{"allow":["GET"]}}],"collection":[{"href":"https:\/\/explora.cl\/rmnorte\/wp-json\/wp\/v2\/posts"}],"about":[{"href":"https:\/\/explora.cl\/rmnorte\/wp-json\/wp\/v2\/types\/post"}],"author":[{"embeddable":true,"href":"https:\/\/explora.cl\/rmnorte\/wp-json\/wp\/v2\/users\/2"}],"replies":[{"embeddable":true,"href":"https:\/\/explora.cl\/rmnorte\/wp-json\/wp\/v2\/comments?post=37737"}],"version-history":[{"count":1,"href":"https:\/\/explora.cl\/rmnorte\/wp-json\/wp\/v2\/posts\/37737\/revisions"}],"predecessor-version":[{"id":38628,"href":"https:\/\/explora.cl\/rmnorte\/wp-json\/wp\/v2\/posts\/37737\/revisions\/38628"}],"wp:featuredmedia":[{"embeddable":true,"href":"https:\/\/explora.cl\/rmnorte\/wp-json\/wp\/v2\/media\/31937"}],"wp:attachment":[{"href":"https:\/\/explora.cl\/rmnorte\/wp-json\/wp\/v2\/media?parent=37737"}],"wp:term":[{"taxonomy":"category","embeddable":true,"href":"https:\/\/explora.cl\/rmnorte\/wp-json\/wp\/v2\/categories?post=37737"},{"taxonomy":"post_tag","embeddable":true,"href":"https:\/\/explora.cl\/rmnorte\/wp-json\/wp\/v2\/tags?post=37737"}],"curies":[{"name":"wp","href":"https:\/\/api.w.org\/{rel}","templated":true}]}}