{"id":37734,"date":"2014-06-11T00:00:00","date_gmt":"2014-06-11T04:00:00","guid":{"rendered":"https:\/\/explora.cl\/rmnorte\/blog\/2014\/06\/11\/con-exito-se-desarrollo-seminario-mineria-y-sismologia-organizado-por-el-amtc\/"},"modified":"2019-05-20T17:24:20","modified_gmt":"2019-05-20T17:24:20","slug":"con-exito-se-desarrollo-seminario-mineria-y-sismologia-organizado-por-el-amtc","status":"publish","type":"post","link":"https:\/\/explora.cl\/rmnorte\/con-exito-se-desarrollo-seminario-mineria-y-sismologia-organizado-por-el-amtc\/","title":{"rendered":"Con \u00e9xito se desarroll\u00f3 Seminario \u201cMiner\u00eda y Sismolog\u00eda\u201d organizado por el AMTC"},"content":{"rendered":"<p><img fetchpriority=\"high\" decoding=\"async\" class=\" size-full wp-image-3026\" src=\"http:\/\/ec2-34-218-253-251.us-west-2.compute.amazonaws.com\/wp-content\/uploads\/2014\/06\/01f69c1f9473a51d2a7c462a87724eec.jpg\" alt=\"\" width=\"199\" height=\"286\" \/><\/p>\n<div style=\"color: #555555;font-family: Arial, sans-serif;font-size: 14px;line-height: 23px\">\n<div class=\"entry\" style=\"padding: 0px;margin: 0px;border: 0px none;line-height: 1.5;font-family: Raleway;font-size: 12px\">\n<p style=\"padding: 1em 0px;margin: 0px;border: 0px none;font-family: Raleway;font-size: 12px;line-height: 18px\"><span style=\"color: #444444;font-family: Arial, sans-serif;font-size: 14px;line-height: 23px\">Con esta actividad, que cont\u00f3 con expertos del mundo cient\u00edfico y minero, estudiantes y p\u00fablico general se inaugur\u00f3 el Ciclo de Seminarios 2014 \u201cMiner\u00eda, Tecnolog\u00eda y Sociedad\u201d.<\/span><\/p>\n<p style=\"font-family: Arial, sans-serif;font-size: 14px;line-height: 23px;color: #444444\">El martes 27 de Mayo se dio inicio al Ciclo de Seminarios \u201cMiner\u00eda, Tecnolog\u00eda y Sociedad\u201d, organizado por el Centro Avanzado de Tecnolog\u00eda para la Miner\u00eda (AMTC) de la Universidad de Chile. El seminario elegido para comenzar fue \u201cMiner\u00eda y Sismolog\u00eda\u201d, cuya bienvenida fue oficiada por el Director Ejecutivo del AMTC, Sr. Javier Ru\u00edz del Solar, qui\u00e9n resalt\u00f3 la importancia de este Ciclo, que se desarrollar\u00e1 durante todo el segundo semestre del a\u00f1o 2014 y finalizar\u00e1 en enero de 2015. Tras sus palabras, se dirigi\u00f3 al p\u00fablico el Rector de la Universidad de Chile, Sr. V\u00edctor P\u00e9rez, quien destac\u00f3 la importancia de estos eventos y su aporte a la sociedad en temas relacionados con las ciencias, la innovaci\u00f3n y la miner\u00eda.<\/p>\n<p style=\"font-family: Arial, sans-serif;font-size: 14px;line-height: 23px;color: #444444\">El programa del Seminario contempl\u00f3 las presentaciones de los investigadores del AMTC, Dr. Daniel Carrizo con el tema \u201cCohabitando con Terremotos Gigantescos\u201d y la presentaci\u00f3n de la Dra. Diana Comte con el tema \u201cLos Terremotos al Servicio de la Miner\u00eda\u201d. Las charlas finalizaron con las palabras del Ingeniero especialista Phillipo Correa, integrante de la Vicepresidencia de proyectos de CODELCO, quien expuso acerca del tema \u201cInfluencia de la Sismicidad en los Dise\u00f1os de las plantas Mineras\u201d. Tanto el Dr. Daniel Carrizo como la Dra. Diana Comte, explicaron c\u00f3mo los sismos se generan, influyen y pueden ser un gran aporte al desarrollo de la miner\u00eda, y c\u00f3mo en Chile se podr\u00eda tener un mejor plan para aprovechar la informaci\u00f3n y el conocimiento que se genera a partir de los grandes sismos que han afectado al pa\u00eds en los \u00faltimos a\u00f1os. Por su parte, Phillipo Correa, explic\u00f3 las etapas del proceso del cobre, desde su extracci\u00f3n hasta su venta y c\u00f3mo la industria minera se ve afectada por los eventos s\u00edsmicos.<\/p>\n<p style=\"font-family: Arial, sans-serif;font-size: 14px;line-height: 23px;color: #444444\">Luego de finalizada la ronda de presentaciones, se produjo un fruct\u00edfero y enriquecedor di\u00e1logo en el que los expertos respondieron a todas las consultas e inquietudes de los presentes. Cerr\u00f3 esta actividad el Director Ejecutivo del AMTC, Agradeciendo A los ponentes y asistentes e invitando al pr\u00f3ximo seminario \u201cMiner\u00eda y Glaciolog\u00eda\u201d, que se realizar\u00e1 el d\u00eda 26 de Junio en Edificio Telef\u00f3nica.<\/p>\n<p style=\"font-family: Arial, sans-serif;font-size: 14px;line-height: 23px;color: #444444\"><strong>Sobre el Ciclo de Seminarios 2014-2015<\/strong><\/p>\n<p style=\"font-family: Arial, sans-serif;font-size: 14px;line-height: 23px;color: #444444\"><img decoding=\"async\" class=\"alignright\" style=\"border: 1px solid #e2e2e2;max-width: 100%;height: auto;float: right;margin: 5px 0px 20px 20px\" src=\"https:\/\/explora.cl\/images_new\/SitiosRegionales-RM\/NoticiasRegionales-RM\/Seminario_AMTC_1_-_02.jpg\" alt=\"Seminario_AMTC_1_-_02\" width=\"350\" height=\"223\" \/>El Centro Avanzado de Tecnolog\u00eda para la Miner\u00eda (AMTC), resolvi\u00f3 organizar este Ciclo de Seminarios \u201cMiner\u00eda, Tecnolog\u00eda y Sociedad\u201d con el prop\u00f3sito de poner de relieve y difundir entre los grupos de inter\u00e9s y la sociedad en general, la importancia y los aportes del desarrollo de la miner\u00eda en Chile y su relaci\u00f3n con aspectos tan diversos como; sismolog\u00eda, agua, rob\u00f3tica, superc\u00f3mputo, vulcanolog\u00eda y energ\u00eda. Asimismo, este Ciclo tiene como objetivo aportar a la puesta en valor de la innovaci\u00f3n tecnol\u00f3gica en miner\u00eda como un motor de desarrollo de tecnolog\u00edas de punta, las cuales inciden significativamente en la mejora de la productividad y la competitividad de dicha actividad, contribuyendo as\u00ed, al crecimiento socioecon\u00f3mico de nuestro pa\u00eds.<\/p>\n<p style=\"font-family: Arial, sans-serif;font-size: 14px;line-height: 23px;color: #444444\">El Ciclo comprende la organizaci\u00f3n de un total de nueve seminarios. Cada seminario, tendr\u00e1 una duraci\u00f3n m\u00e1xima de 3 horas y estar\u00e1n dirigidos a: autoridades de Gobierno, representantes de empresas, representantes de organismos p\u00fablicos, investigadores, organizaciones de la Sociedad Civil, estudiantes y p\u00fablico en general.<\/p>\n<p style=\"font-family: Arial, sans-serif;font-size: 14px;line-height: 23px;color: #444444\">La actividad, organizada por el AMTC, cuenta con el auspicio de la Sociedad Nacional de Miner\u00eda (SONAMI), la empresa minera Anglo American y Fundaci\u00f3n Telef\u00f3nica y es patrocinada por el Ministerio de Miner\u00eda, la Comisi\u00f3n Nacional de Investigaci\u00f3n Cient\u00edfica y Tecnol\u00f3gica (CONICYT), el Servicio Nacional de Miner\u00eda (SERNAGEOMIN), la Corporaci\u00f3n Nacional del Cobre (CODELCO), el proyecto EXPLORA CONICYT RM Norte, la Universidad de Chile, la Facultad de Ciencias F\u00edsicas y Matem\u00e1ticas de la Universidad de Chile y la Asociaci\u00f3n de la Industria El\u00e9ctrica-Electr\u00f3nica (AIE).<\/p>\n<p style=\"font-family: Arial, sans-serif;font-size: 14px;line-height: 23px;color: #444444\"><strong>M\u00e1s informaci\u00f3n y fotograf\u00edas en&nbsp;<a style=\"color: #007399;border-bottom-width: 1px;border-bottom-style: dotted\" href=\"http:\/\/www.amtc.cl\/?p=2906\" target=\"_blank\" rel=\"noopener noreferrer\">http:\/\/www.amtc.cl\/?p=2906<\/a><\/strong><\/p>\n<\/p><\/div>\n<\/p><\/div>\n","protected":false},"excerpt":{"rendered":"<p>Con esta actividad, que cont\u00f3 con expertos del mundo cient\u00edfico y minero, estudiantes y p\u00fablico general se inaugur\u00f3 el Ciclo de Seminarios 2014 \u201cMiner\u00eda, Tecnolog\u00eda y Sociedad\u201d. El martes 27 de Mayo se dio inicio al Ciclo de Seminarios \u201cMiner\u00eda, Tecnolog\u00eda y Sociedad\u201d, organizado por el Centro Avanzado de Tecnolog\u00eda para la Miner\u00eda (AMTC) de [&hellip;]<\/p>\n","protected":false},"author":2,"featured_media":31931,"comment_status":"closed","ping_status":"open","sticky":false,"template":"","format":"standard","meta":{"_acf_changed":false,"_exactmetrics_skip_tracking":false,"_exactmetrics_sitenote_active":false,"_exactmetrics_sitenote_note":"","_exactmetrics_sitenote_category":0,"footnotes":"","_links_to":"","_links_to_target":""},"categories":[4],"tags":[],"class_list":["post-37734","post","type-post","status-publish","format-standard","has-post-thumbnail","hentry","category-noticias"],"acf":[],"yoast_head":"<!-- This site is optimized with the Yoast SEO plugin v26.9 - https:\/\/yoast.com\/product\/yoast-seo-wordpress\/ -->\n<title>Con \u00e9xito se desarroll\u00f3 Seminario \u201cMiner\u00eda y Sismolog\u00eda\u201d organizado por el AMTC - RM Norte<\/title>\n<meta name=\"robots\" content=\"index, follow, max-snippet:-1, max-image-preview:large, max-video-preview:-1\" \/>\n<link rel=\"canonical\" href=\"https:\/\/explora.cl\/rmnorte\/con-exito-se-desarrollo-seminario-mineria-y-sismologia-organizado-por-el-amtc\/\" class=\"yoast-seo-meta-tag\" \/>\n<meta property=\"og:locale\" content=\"es_ES\" class=\"yoast-seo-meta-tag\" \/>\n<meta property=\"og:type\" content=\"article\" class=\"yoast-seo-meta-tag\" \/>\n<meta property=\"og:title\" content=\"Con \u00e9xito se desarroll\u00f3 Seminario \u201cMiner\u00eda y Sismolog\u00eda\u201d organizado por el AMTC - RM Norte\" class=\"yoast-seo-meta-tag\" \/>\n<meta property=\"og:description\" content=\"Con esta actividad, que cont\u00f3 con expertos del mundo cient\u00edfico y minero, estudiantes y p\u00fablico general se inaugur\u00f3 el Ciclo de Seminarios 2014 \u201cMiner\u00eda, Tecnolog\u00eda y Sociedad\u201d. El martes 27 de Mayo se dio inicio al Ciclo de Seminarios \u201cMiner\u00eda, Tecnolog\u00eda y Sociedad\u201d, organizado por el Centro Avanzado de Tecnolog\u00eda para la Miner\u00eda (AMTC) de [&hellip;]\" class=\"yoast-seo-meta-tag\" \/>\n<meta property=\"og:url\" content=\"https:\/\/explora.cl\/rmnorte\/con-exito-se-desarrollo-seminario-mineria-y-sismologia-organizado-por-el-amtc\/\" class=\"yoast-seo-meta-tag\" \/>\n<meta property=\"og:site_name\" content=\"RM Norte\" class=\"yoast-seo-meta-tag\" \/>\n<meta property=\"article:published_time\" content=\"2014-06-11T04:00:00+00:00\" class=\"yoast-seo-meta-tag\" \/>\n<meta property=\"article:modified_time\" content=\"2019-05-20T17:24:20+00:00\" class=\"yoast-seo-meta-tag\" \/>\n<meta property=\"og:image\" content=\"https:\/\/explora.cl\/rmnorte\/wp-content\/uploads\/sites\/11\/2018\/06\/01f69c1f9473a51d2a7c462a87724eec.jpg\" class=\"yoast-seo-meta-tag\" \/>\n\t<meta property=\"og:image:width\" content=\"199\" class=\"yoast-seo-meta-tag\" \/>\n\t<meta property=\"og:image:height\" content=\"286\" class=\"yoast-seo-meta-tag\" \/>\n\t<meta property=\"og:image:type\" content=\"image\/jpeg\" class=\"yoast-seo-meta-tag\" \/>\n<meta name=\"author\" content=\"webman\" class=\"yoast-seo-meta-tag\" \/>\n<meta name=\"twitter:card\" content=\"summary_large_image\" class=\"yoast-seo-meta-tag\" \/>\n<meta name=\"twitter:label1\" content=\"Escrito por\" class=\"yoast-seo-meta-tag\" \/>\n\t<meta name=\"twitter:data1\" content=\"webman\" class=\"yoast-seo-meta-tag\" \/>\n\t<meta name=\"twitter:label2\" content=\"Tiempo estimado de lectura\" class=\"yoast-seo-meta-tag\" \/>\n\t<meta name=\"twitter:data2\" content=\"4 minutos\" class=\"yoast-seo-meta-tag\" \/>\n<script type=\"application\/ld+json\" class=\"yoast-schema-graph\">{\"@context\":\"https:\/\/schema.org\",\"@graph\":[{\"@type\":\"Article\",\"@id\":\"https:\/\/explora.cl\/rmnorte\/con-exito-se-desarrollo-seminario-mineria-y-sismologia-organizado-por-el-amtc\/#article\",\"isPartOf\":{\"@id\":\"https:\/\/explora.cl\/rmnorte\/con-exito-se-desarrollo-seminario-mineria-y-sismologia-organizado-por-el-amtc\/\"},\"author\":{\"name\":\"webman\",\"@id\":\"https:\/\/explora.cl\/rmnorte\/#\/schema\/person\/cb8349c13ea2d324080adf8480d7ba5d\"},\"headline\":\"Con \u00e9xito se desarroll\u00f3 Seminario \u201cMiner\u00eda y Sismolog\u00eda\u201d organizado por el AMTC\",\"datePublished\":\"2014-06-11T04:00:00+00:00\",\"dateModified\":\"2019-05-20T17:24:20+00:00\",\"mainEntityOfPage\":{\"@id\":\"https:\/\/explora.cl\/rmnorte\/con-exito-se-desarrollo-seminario-mineria-y-sismologia-organizado-por-el-amtc\/\"},\"wordCount\":729,\"image\":{\"@id\":\"https:\/\/explora.cl\/rmnorte\/con-exito-se-desarrollo-seminario-mineria-y-sismologia-organizado-por-el-amtc\/#primaryimage\"},\"thumbnailUrl\":\"https:\/\/explora.cl\/rmnorte\/wp-content\/uploads\/sites\/11\/2018\/06\/01f69c1f9473a51d2a7c462a87724eec.jpg\",\"articleSection\":[\"Noticias\"],\"inLanguage\":\"es-CL\"},{\"@type\":\"WebPage\",\"@id\":\"https:\/\/explora.cl\/rmnorte\/con-exito-se-desarrollo-seminario-mineria-y-sismologia-organizado-por-el-amtc\/\",\"url\":\"https:\/\/explora.cl\/rmnorte\/con-exito-se-desarrollo-seminario-mineria-y-sismologia-organizado-por-el-amtc\/\",\"name\":\"Con \u00e9xito se desarroll\u00f3 Seminario \u201cMiner\u00eda y Sismolog\u00eda\u201d organizado por el AMTC - RM Norte\",\"isPartOf\":{\"@id\":\"https:\/\/explora.cl\/rmnorte\/#website\"},\"primaryImageOfPage\":{\"@id\":\"https:\/\/explora.cl\/rmnorte\/con-exito-se-desarrollo-seminario-mineria-y-sismologia-organizado-por-el-amtc\/#primaryimage\"},\"image\":{\"@id\":\"https:\/\/explora.cl\/rmnorte\/con-exito-se-desarrollo-seminario-mineria-y-sismologia-organizado-por-el-amtc\/#primaryimage\"},\"thumbnailUrl\":\"https:\/\/explora.cl\/rmnorte\/wp-content\/uploads\/sites\/11\/2018\/06\/01f69c1f9473a51d2a7c462a87724eec.jpg\",\"datePublished\":\"2014-06-11T04:00:00+00:00\",\"dateModified\":\"2019-05-20T17:24:20+00:00\",\"author\":{\"@id\":\"https:\/\/explora.cl\/rmnorte\/#\/schema\/person\/cb8349c13ea2d324080adf8480d7ba5d\"},\"breadcrumb\":{\"@id\":\"https:\/\/explora.cl\/rmnorte\/con-exito-se-desarrollo-seminario-mineria-y-sismologia-organizado-por-el-amtc\/#breadcrumb\"},\"inLanguage\":\"es-CL\",\"potentialAction\":[{\"@type\":\"ReadAction\",\"target\":[\"https:\/\/explora.cl\/rmnorte\/con-exito-se-desarrollo-seminario-mineria-y-sismologia-organizado-por-el-amtc\/\"]}]},{\"@type\":\"ImageObject\",\"inLanguage\":\"es-CL\",\"@id\":\"https:\/\/explora.cl\/rmnorte\/con-exito-se-desarrollo-seminario-mineria-y-sismologia-organizado-por-el-amtc\/#primaryimage\",\"url\":\"https:\/\/explora.cl\/rmnorte\/wp-content\/uploads\/sites\/11\/2018\/06\/01f69c1f9473a51d2a7c462a87724eec.jpg\",\"contentUrl\":\"https:\/\/explora.cl\/rmnorte\/wp-content\/uploads\/sites\/11\/2018\/06\/01f69c1f9473a51d2a7c462a87724eec.jpg\",\"width\":199,\"height\":286},{\"@type\":\"BreadcrumbList\",\"@id\":\"https:\/\/explora.cl\/rmnorte\/con-exito-se-desarrollo-seminario-mineria-y-sismologia-organizado-por-el-amtc\/#breadcrumb\",\"itemListElement\":[{\"@type\":\"ListItem\",\"position\":1,\"name\":\"Portada\",\"item\":\"https:\/\/explora.cl\/rmnorte\/\"},{\"@type\":\"ListItem\",\"position\":2,\"name\":\"Con \u00e9xito se desarroll\u00f3 Seminario \u201cMiner\u00eda y Sismolog\u00eda\u201d organizado por el AMTC\"}]},{\"@type\":\"WebSite\",\"@id\":\"https:\/\/explora.cl\/rmnorte\/#website\",\"url\":\"https:\/\/explora.cl\/rmnorte\/\",\"name\":\"RM Norte\",\"description\":\"RM Norte explora.cl\",\"potentialAction\":[{\"@type\":\"SearchAction\",\"target\":{\"@type\":\"EntryPoint\",\"urlTemplate\":\"https:\/\/explora.cl\/rmnorte\/?s={search_term_string}\"},\"query-input\":{\"@type\":\"PropertyValueSpecification\",\"valueRequired\":true,\"valueName\":\"search_term_string\"}}],\"inLanguage\":\"es-CL\"},{\"@type\":\"Person\",\"@id\":\"https:\/\/explora.cl\/rmnorte\/#\/schema\/person\/cb8349c13ea2d324080adf8480d7ba5d\",\"name\":\"webman\",\"image\":{\"@type\":\"ImageObject\",\"inLanguage\":\"es-CL\",\"@id\":\"https:\/\/explora.cl\/rmnorte\/#\/schema\/person\/image\/\",\"url\":\"https:\/\/secure.gravatar.com\/avatar\/eeff3c82f2c02f7177d13663b7e6f890e9a6a0647ce9bb29cae02dcb094c7312?s=96&d=mm&r=g\",\"contentUrl\":\"https:\/\/secure.gravatar.com\/avatar\/eeff3c82f2c02f7177d13663b7e6f890e9a6a0647ce9bb29cae02dcb094c7312?s=96&d=mm&r=g\",\"caption\":\"webman\"},\"url\":\"https:\/\/explora.cl\/rmnorte\/author\/webman\/\"}]}<\/script>\n<!-- \/ Yoast SEO plugin. -->","yoast_head_json":{"title":"Con \u00e9xito se desarroll\u00f3 Seminario \u201cMiner\u00eda y Sismolog\u00eda\u201d organizado por el AMTC - RM Norte","robots":{"index":"index","follow":"follow","max-snippet":"max-snippet:-1","max-image-preview":"max-image-preview:large","max-video-preview":"max-video-preview:-1"},"canonical":"https:\/\/explora.cl\/rmnorte\/con-exito-se-desarrollo-seminario-mineria-y-sismologia-organizado-por-el-amtc\/","og_locale":"es_ES","og_type":"article","og_title":"Con \u00e9xito se desarroll\u00f3 Seminario \u201cMiner\u00eda y Sismolog\u00eda\u201d organizado por el AMTC - RM Norte","og_description":"Con esta actividad, que cont\u00f3 con expertos del mundo cient\u00edfico y minero, estudiantes y p\u00fablico general se inaugur\u00f3 el Ciclo de Seminarios 2014 \u201cMiner\u00eda, Tecnolog\u00eda y Sociedad\u201d. El martes 27 de Mayo se dio inicio al Ciclo de Seminarios \u201cMiner\u00eda, Tecnolog\u00eda y Sociedad\u201d, organizado por el Centro Avanzado de Tecnolog\u00eda para la Miner\u00eda (AMTC) de [&hellip;]","og_url":"https:\/\/explora.cl\/rmnorte\/con-exito-se-desarrollo-seminario-mineria-y-sismologia-organizado-por-el-amtc\/","og_site_name":"RM Norte","article_published_time":"2014-06-11T04:00:00+00:00","article_modified_time":"2019-05-20T17:24:20+00:00","og_image":[{"width":199,"height":286,"url":"https:\/\/explora.cl\/rmnorte\/wp-content\/uploads\/sites\/11\/2018\/06\/01f69c1f9473a51d2a7c462a87724eec.jpg","type":"image\/jpeg"}],"author":"webman","twitter_card":"summary_large_image","twitter_misc":{"Escrito por":"webman","Tiempo estimado de lectura":"4 minutos"},"schema":{"@context":"https:\/\/schema.org","@graph":[{"@type":"Article","@id":"https:\/\/explora.cl\/rmnorte\/con-exito-se-desarrollo-seminario-mineria-y-sismologia-organizado-por-el-amtc\/#article","isPartOf":{"@id":"https:\/\/explora.cl\/rmnorte\/con-exito-se-desarrollo-seminario-mineria-y-sismologia-organizado-por-el-amtc\/"},"author":{"name":"webman","@id":"https:\/\/explora.cl\/rmnorte\/#\/schema\/person\/cb8349c13ea2d324080adf8480d7ba5d"},"headline":"Con \u00e9xito se desarroll\u00f3 Seminario \u201cMiner\u00eda y Sismolog\u00eda\u201d organizado por el AMTC","datePublished":"2014-06-11T04:00:00+00:00","dateModified":"2019-05-20T17:24:20+00:00","mainEntityOfPage":{"@id":"https:\/\/explora.cl\/rmnorte\/con-exito-se-desarrollo-seminario-mineria-y-sismologia-organizado-por-el-amtc\/"},"wordCount":729,"image":{"@id":"https:\/\/explora.cl\/rmnorte\/con-exito-se-desarrollo-seminario-mineria-y-sismologia-organizado-por-el-amtc\/#primaryimage"},"thumbnailUrl":"https:\/\/explora.cl\/rmnorte\/wp-content\/uploads\/sites\/11\/2018\/06\/01f69c1f9473a51d2a7c462a87724eec.jpg","articleSection":["Noticias"],"inLanguage":"es-CL"},{"@type":"WebPage","@id":"https:\/\/explora.cl\/rmnorte\/con-exito-se-desarrollo-seminario-mineria-y-sismologia-organizado-por-el-amtc\/","url":"https:\/\/explora.cl\/rmnorte\/con-exito-se-desarrollo-seminario-mineria-y-sismologia-organizado-por-el-amtc\/","name":"Con \u00e9xito se desarroll\u00f3 Seminario \u201cMiner\u00eda y Sismolog\u00eda\u201d organizado por el AMTC - RM Norte","isPartOf":{"@id":"https:\/\/explora.cl\/rmnorte\/#website"},"primaryImageOfPage":{"@id":"https:\/\/explora.cl\/rmnorte\/con-exito-se-desarrollo-seminario-mineria-y-sismologia-organizado-por-el-amtc\/#primaryimage"},"image":{"@id":"https:\/\/explora.cl\/rmnorte\/con-exito-se-desarrollo-seminario-mineria-y-sismologia-organizado-por-el-amtc\/#primaryimage"},"thumbnailUrl":"https:\/\/explora.cl\/rmnorte\/wp-content\/uploads\/sites\/11\/2018\/06\/01f69c1f9473a51d2a7c462a87724eec.jpg","datePublished":"2014-06-11T04:00:00+00:00","dateModified":"2019-05-20T17:24:20+00:00","author":{"@id":"https:\/\/explora.cl\/rmnorte\/#\/schema\/person\/cb8349c13ea2d324080adf8480d7ba5d"},"breadcrumb":{"@id":"https:\/\/explora.cl\/rmnorte\/con-exito-se-desarrollo-seminario-mineria-y-sismologia-organizado-por-el-amtc\/#breadcrumb"},"inLanguage":"es-CL","potentialAction":[{"@type":"ReadAction","target":["https:\/\/explora.cl\/rmnorte\/con-exito-se-desarrollo-seminario-mineria-y-sismologia-organizado-por-el-amtc\/"]}]},{"@type":"ImageObject","inLanguage":"es-CL","@id":"https:\/\/explora.cl\/rmnorte\/con-exito-se-desarrollo-seminario-mineria-y-sismologia-organizado-por-el-amtc\/#primaryimage","url":"https:\/\/explora.cl\/rmnorte\/wp-content\/uploads\/sites\/11\/2018\/06\/01f69c1f9473a51d2a7c462a87724eec.jpg","contentUrl":"https:\/\/explora.cl\/rmnorte\/wp-content\/uploads\/sites\/11\/2018\/06\/01f69c1f9473a51d2a7c462a87724eec.jpg","width":199,"height":286},{"@type":"BreadcrumbList","@id":"https:\/\/explora.cl\/rmnorte\/con-exito-se-desarrollo-seminario-mineria-y-sismologia-organizado-por-el-amtc\/#breadcrumb","itemListElement":[{"@type":"ListItem","position":1,"name":"Portada","item":"https:\/\/explora.cl\/rmnorte\/"},{"@type":"ListItem","position":2,"name":"Con \u00e9xito se desarroll\u00f3 Seminario \u201cMiner\u00eda y Sismolog\u00eda\u201d organizado por el AMTC"}]},{"@type":"WebSite","@id":"https:\/\/explora.cl\/rmnorte\/#website","url":"https:\/\/explora.cl\/rmnorte\/","name":"RM Norte","description":"RM Norte explora.cl","potentialAction":[{"@type":"SearchAction","target":{"@type":"EntryPoint","urlTemplate":"https:\/\/explora.cl\/rmnorte\/?s={search_term_string}"},"query-input":{"@type":"PropertyValueSpecification","valueRequired":true,"valueName":"search_term_string"}}],"inLanguage":"es-CL"},{"@type":"Person","@id":"https:\/\/explora.cl\/rmnorte\/#\/schema\/person\/cb8349c13ea2d324080adf8480d7ba5d","name":"webman","image":{"@type":"ImageObject","inLanguage":"es-CL","@id":"https:\/\/explora.cl\/rmnorte\/#\/schema\/person\/image\/","url":"https:\/\/secure.gravatar.com\/avatar\/eeff3c82f2c02f7177d13663b7e6f890e9a6a0647ce9bb29cae02dcb094c7312?s=96&d=mm&r=g","contentUrl":"https:\/\/secure.gravatar.com\/avatar\/eeff3c82f2c02f7177d13663b7e6f890e9a6a0647ce9bb29cae02dcb094c7312?s=96&d=mm&r=g","caption":"webman"},"url":"https:\/\/explora.cl\/rmnorte\/author\/webman\/"}]}},"_links":{"self":[{"href":"https:\/\/explora.cl\/rmnorte\/wp-json\/wp\/v2\/posts\/37734","targetHints":{"allow":["GET"]}}],"collection":[{"href":"https:\/\/explora.cl\/rmnorte\/wp-json\/wp\/v2\/posts"}],"about":[{"href":"https:\/\/explora.cl\/rmnorte\/wp-json\/wp\/v2\/types\/post"}],"author":[{"embeddable":true,"href":"https:\/\/explora.cl\/rmnorte\/wp-json\/wp\/v2\/users\/2"}],"replies":[{"embeddable":true,"href":"https:\/\/explora.cl\/rmnorte\/wp-json\/wp\/v2\/comments?post=37734"}],"version-history":[{"count":1,"href":"https:\/\/explora.cl\/rmnorte\/wp-json\/wp\/v2\/posts\/37734\/revisions"}],"predecessor-version":[{"id":38635,"href":"https:\/\/explora.cl\/rmnorte\/wp-json\/wp\/v2\/posts\/37734\/revisions\/38635"}],"wp:featuredmedia":[{"embeddable":true,"href":"https:\/\/explora.cl\/rmnorte\/wp-json\/wp\/v2\/media\/31931"}],"wp:attachment":[{"href":"https:\/\/explora.cl\/rmnorte\/wp-json\/wp\/v2\/media?parent=37734"}],"wp:term":[{"taxonomy":"category","embeddable":true,"href":"https:\/\/explora.cl\/rmnorte\/wp-json\/wp\/v2\/categories?post=37734"},{"taxonomy":"post_tag","embeddable":true,"href":"https:\/\/explora.cl\/rmnorte\/wp-json\/wp\/v2\/tags?post=37734"}],"curies":[{"name":"wp","href":"https:\/\/api.w.org\/{rel}","templated":true}]}}