{"id":37728,"date":"2014-06-11T00:00:00","date_gmt":"2014-06-11T04:00:00","guid":{"rendered":"https:\/\/explora.cl\/rmnorte\/blog\/2014\/06\/11\/montaje-teatral-sobre-bosque-nativo-se-presento-en-el-ex-congreso\/"},"modified":"2019-05-20T17:24:25","modified_gmt":"2019-05-20T17:24:25","slug":"montaje-teatral-sobre-bosque-nativo-se-presento-en-el-ex-congreso","status":"publish","type":"post","link":"https:\/\/explora.cl\/rmnorte\/montaje-teatral-sobre-bosque-nativo-se-presento-en-el-ex-congreso\/","title":{"rendered":"Montaje teatral sobre Bosque Nativo se present\u00f3 en el Ex Congreso"},"content":{"rendered":"<p><img fetchpriority=\"high\" decoding=\"async\" class=\" size-full wp-image-2931\" src=\"http:\/\/ec2-34-218-253-251.us-west-2.compute.amazonaws.com\/wp-content\/uploads\/2014\/06\/0a4409fd7de9904a5f786d566e19e14d.jpg\" alt=\"\" width=\"300\" height=\"199\" \/><\/p>\n<div style=\"color: #555555;font-family: Arial, sans-serif;font-size: 14px;line-height: 23px\">\n<p style=\"color: #555555;font-family: Arial, sans-serif;font-size: 14px;line-height: 23px\">El jueves 24 de abril se realiz\u00f3 una funci\u00f3n de la obra \u201cNing\u00fan P\u00e1jaro canta por cantar\u201d en el Sal\u00f3n de Honor ex Congreso de Santiago ante m\u00e1s de 150 ni\u00f1os y ni\u00f1as de distintos establecimientos de la capital.<\/p>\n<p style=\"color: #555555;font-family: Arial, sans-serif;font-size: 14px;line-height: 23px\">La presentaci\u00f3n se efectu\u00f3 como parte de la itinerancia establecida en el Proyecto EXPLORA CONICYT \u201cEl Bosque Nativo en el Universo Monta\u00f1oso\u201d y el p\u00fablico asistente fue convocado por el Proyecto Explora RM Norte.<\/p>\n<p style=\"color: #555555;font-family: Arial, sans-serif;font-size: 14px;line-height: 23px\">\u201cNing\u00fan P\u00e1jaro canta por cantar\u201d est\u00e1 inspirada en un texto de Lorenzo Aillap\u00e1n, conocido como el Hombre P\u00e1jaro y nombrado Tesoro Humano Vivo por la UNESCO, quien adem\u00e1s act\u00faa en la obra en la que se abordan contenidos cient\u00edficos relacionados con la biodiversidad del bosque nativo y la amenaza que sufre por la plantaci\u00f3n masiva de especies introducidas como el pino y el eucaliptus.<\/p>\n<p style=\"color: #555555;font-family: Arial, sans-serif;font-size: 14px;line-height: 23px\">El montaje teatral narra la historia del propio Lorenzo y de como tuvo que proteger el peque\u00f1o bosque de su familia de la ambici\u00f3n de su propio hermano, adem\u00e1s se muestra una importante reuni\u00f3n de los <a href=\"http:\/\/www.educarbol.org\/paisforestal\/desafios_manejo.php\"><span style=\"color: #0000ff\">\u00e1rboles nativos<\/span><\/a> que discuten sobre su futuro y del inminente peligro de la deforestaci\u00f3n y la extinci\u00f3n de ellos como especie.<\/p>\n<p style=\"color: #555555;font-family: Arial, sans-serif;font-size: 14px;line-height: 23px\">A trav\u00e9s de la sabidur\u00eda ancestral se difunden elementos simb\u00f3licos de la cultura mapuche, sus valores y las formas en que los ancestros han transmitido la convivencia arm\u00f3nica entre el hombre y la naturaleza.<\/p>\n<p style=\"color: #555555;font-family: Arial, sans-serif;font-size: 14px;line-height: 23px\"><img decoding=\"async\" class=\"aligncenter\" src=\"images_new\/SitiosRegionales-RM\/NoticiasRegionales-RM\/Obra_Ningun_Pjaro_-_03.jpg\" border=\"0\" alt=\"Obra_Ningun_Pjaro_-_03\" width=\"600\" height=\"315\" style=\"border: 1px solid #e2e2e2;max-width: 100%;height: auto;margin: 5px auto\" \/><\/p>\n<\/p><\/div>\n","protected":false},"excerpt":{"rendered":"<p>El jueves 24 de abril se realiz\u00f3 una funci\u00f3n de la obra \u201cNing\u00fan P\u00e1jaro canta por cantar\u201d en el Sal\u00f3n de Honor ex Congreso de Santiago ante m\u00e1s de 150 ni\u00f1os y ni\u00f1as de distintos establecimientos de la capital. La presentaci\u00f3n se efectu\u00f3 como parte de la itinerancia establecida en el Proyecto EXPLORA CONICYT \u201cEl [&hellip;]<\/p>\n","protected":false},"author":2,"featured_media":31915,"comment_status":"closed","ping_status":"open","sticky":false,"template":"","format":"standard","meta":{"_acf_changed":false,"_exactmetrics_skip_tracking":false,"_exactmetrics_sitenote_active":false,"_exactmetrics_sitenote_note":"","_exactmetrics_sitenote_category":0,"footnotes":"","_links_to":"","_links_to_target":""},"categories":[4],"tags":[],"class_list":["post-37728","post","type-post","status-publish","format-standard","has-post-thumbnail","hentry","category-noticias"],"acf":[],"yoast_head":"<!-- This site is optimized with the Yoast SEO plugin v26.9 - https:\/\/yoast.com\/product\/yoast-seo-wordpress\/ -->\n<title>Montaje teatral sobre Bosque Nativo se present\u00f3 en el Ex Congreso - RM Norte<\/title>\n<meta name=\"robots\" content=\"index, follow, max-snippet:-1, max-image-preview:large, max-video-preview:-1\" \/>\n<link rel=\"canonical\" href=\"https:\/\/explora.cl\/rmnorte\/montaje-teatral-sobre-bosque-nativo-se-presento-en-el-ex-congreso\/\" class=\"yoast-seo-meta-tag\" \/>\n<meta property=\"og:locale\" content=\"es_ES\" class=\"yoast-seo-meta-tag\" \/>\n<meta property=\"og:type\" content=\"article\" class=\"yoast-seo-meta-tag\" \/>\n<meta property=\"og:title\" content=\"Montaje teatral sobre Bosque Nativo se present\u00f3 en el Ex Congreso - RM Norte\" class=\"yoast-seo-meta-tag\" \/>\n<meta property=\"og:description\" content=\"El jueves 24 de abril se realiz\u00f3 una funci\u00f3n de la obra \u201cNing\u00fan P\u00e1jaro canta por cantar\u201d en el Sal\u00f3n de Honor ex Congreso de Santiago ante m\u00e1s de 150 ni\u00f1os y ni\u00f1as de distintos establecimientos de la capital. La presentaci\u00f3n se efectu\u00f3 como parte de la itinerancia establecida en el Proyecto EXPLORA CONICYT \u201cEl [&hellip;]\" class=\"yoast-seo-meta-tag\" \/>\n<meta property=\"og:url\" content=\"https:\/\/explora.cl\/rmnorte\/montaje-teatral-sobre-bosque-nativo-se-presento-en-el-ex-congreso\/\" class=\"yoast-seo-meta-tag\" \/>\n<meta property=\"og:site_name\" content=\"RM Norte\" class=\"yoast-seo-meta-tag\" \/>\n<meta property=\"article:published_time\" content=\"2014-06-11T04:00:00+00:00\" class=\"yoast-seo-meta-tag\" \/>\n<meta property=\"article:modified_time\" content=\"2019-05-20T17:24:25+00:00\" class=\"yoast-seo-meta-tag\" \/>\n<meta property=\"og:image\" content=\"https:\/\/explora.cl\/rmnorte\/wp-content\/uploads\/sites\/11\/2018\/06\/0a4409fd7de9904a5f786d566e19e14d.jpg\" class=\"yoast-seo-meta-tag\" \/>\n\t<meta property=\"og:image:width\" content=\"300\" class=\"yoast-seo-meta-tag\" \/>\n\t<meta property=\"og:image:height\" content=\"199\" class=\"yoast-seo-meta-tag\" \/>\n\t<meta property=\"og:image:type\" content=\"image\/jpeg\" class=\"yoast-seo-meta-tag\" \/>\n<meta name=\"author\" content=\"webman\" class=\"yoast-seo-meta-tag\" \/>\n<meta name=\"twitter:card\" content=\"summary_large_image\" class=\"yoast-seo-meta-tag\" \/>\n<meta name=\"twitter:label1\" content=\"Escrito por\" class=\"yoast-seo-meta-tag\" \/>\n\t<meta name=\"twitter:data1\" content=\"webman\" class=\"yoast-seo-meta-tag\" \/>\n\t<meta name=\"twitter:label2\" content=\"Tiempo estimado de lectura\" class=\"yoast-seo-meta-tag\" \/>\n\t<meta name=\"twitter:data2\" content=\"1 minuto\" class=\"yoast-seo-meta-tag\" \/>\n<script type=\"application\/ld+json\" class=\"yoast-schema-graph\">{\"@context\":\"https:\/\/schema.org\",\"@graph\":[{\"@type\":\"Article\",\"@id\":\"https:\/\/explora.cl\/rmnorte\/montaje-teatral-sobre-bosque-nativo-se-presento-en-el-ex-congreso\/#article\",\"isPartOf\":{\"@id\":\"https:\/\/explora.cl\/rmnorte\/montaje-teatral-sobre-bosque-nativo-se-presento-en-el-ex-congreso\/\"},\"author\":{\"name\":\"webman\",\"@id\":\"https:\/\/explora.cl\/rmnorte\/#\/schema\/person\/cb8349c13ea2d324080adf8480d7ba5d\"},\"headline\":\"Montaje teatral sobre Bosque Nativo se present\u00f3 en el Ex Congreso\",\"datePublished\":\"2014-06-11T04:00:00+00:00\",\"dateModified\":\"2019-05-20T17:24:25+00:00\",\"mainEntityOfPage\":{\"@id\":\"https:\/\/explora.cl\/rmnorte\/montaje-teatral-sobre-bosque-nativo-se-presento-en-el-ex-congreso\/\"},\"wordCount\":265,\"image\":{\"@id\":\"https:\/\/explora.cl\/rmnorte\/montaje-teatral-sobre-bosque-nativo-se-presento-en-el-ex-congreso\/#primaryimage\"},\"thumbnailUrl\":\"https:\/\/explora.cl\/rmnorte\/wp-content\/uploads\/sites\/11\/2018\/06\/0a4409fd7de9904a5f786d566e19e14d.jpg\",\"articleSection\":[\"Noticias\"],\"inLanguage\":\"es-CL\"},{\"@type\":\"WebPage\",\"@id\":\"https:\/\/explora.cl\/rmnorte\/montaje-teatral-sobre-bosque-nativo-se-presento-en-el-ex-congreso\/\",\"url\":\"https:\/\/explora.cl\/rmnorte\/montaje-teatral-sobre-bosque-nativo-se-presento-en-el-ex-congreso\/\",\"name\":\"Montaje teatral sobre Bosque Nativo se present\u00f3 en el Ex Congreso - RM Norte\",\"isPartOf\":{\"@id\":\"https:\/\/explora.cl\/rmnorte\/#website\"},\"primaryImageOfPage\":{\"@id\":\"https:\/\/explora.cl\/rmnorte\/montaje-teatral-sobre-bosque-nativo-se-presento-en-el-ex-congreso\/#primaryimage\"},\"image\":{\"@id\":\"https:\/\/explora.cl\/rmnorte\/montaje-teatral-sobre-bosque-nativo-se-presento-en-el-ex-congreso\/#primaryimage\"},\"thumbnailUrl\":\"https:\/\/explora.cl\/rmnorte\/wp-content\/uploads\/sites\/11\/2018\/06\/0a4409fd7de9904a5f786d566e19e14d.jpg\",\"datePublished\":\"2014-06-11T04:00:00+00:00\",\"dateModified\":\"2019-05-20T17:24:25+00:00\",\"author\":{\"@id\":\"https:\/\/explora.cl\/rmnorte\/#\/schema\/person\/cb8349c13ea2d324080adf8480d7ba5d\"},\"breadcrumb\":{\"@id\":\"https:\/\/explora.cl\/rmnorte\/montaje-teatral-sobre-bosque-nativo-se-presento-en-el-ex-congreso\/#breadcrumb\"},\"inLanguage\":\"es-CL\",\"potentialAction\":[{\"@type\":\"ReadAction\",\"target\":[\"https:\/\/explora.cl\/rmnorte\/montaje-teatral-sobre-bosque-nativo-se-presento-en-el-ex-congreso\/\"]}]},{\"@type\":\"ImageObject\",\"inLanguage\":\"es-CL\",\"@id\":\"https:\/\/explora.cl\/rmnorte\/montaje-teatral-sobre-bosque-nativo-se-presento-en-el-ex-congreso\/#primaryimage\",\"url\":\"https:\/\/explora.cl\/rmnorte\/wp-content\/uploads\/sites\/11\/2018\/06\/0a4409fd7de9904a5f786d566e19e14d.jpg\",\"contentUrl\":\"https:\/\/explora.cl\/rmnorte\/wp-content\/uploads\/sites\/11\/2018\/06\/0a4409fd7de9904a5f786d566e19e14d.jpg\",\"width\":300,\"height\":199},{\"@type\":\"BreadcrumbList\",\"@id\":\"https:\/\/explora.cl\/rmnorte\/montaje-teatral-sobre-bosque-nativo-se-presento-en-el-ex-congreso\/#breadcrumb\",\"itemListElement\":[{\"@type\":\"ListItem\",\"position\":1,\"name\":\"Portada\",\"item\":\"https:\/\/explora.cl\/rmnorte\/\"},{\"@type\":\"ListItem\",\"position\":2,\"name\":\"Montaje teatral sobre Bosque Nativo se present\u00f3 en el Ex Congreso\"}]},{\"@type\":\"WebSite\",\"@id\":\"https:\/\/explora.cl\/rmnorte\/#website\",\"url\":\"https:\/\/explora.cl\/rmnorte\/\",\"name\":\"RM Norte\",\"description\":\"RM Norte explora.cl\",\"potentialAction\":[{\"@type\":\"SearchAction\",\"target\":{\"@type\":\"EntryPoint\",\"urlTemplate\":\"https:\/\/explora.cl\/rmnorte\/?s={search_term_string}\"},\"query-input\":{\"@type\":\"PropertyValueSpecification\",\"valueRequired\":true,\"valueName\":\"search_term_string\"}}],\"inLanguage\":\"es-CL\"},{\"@type\":\"Person\",\"@id\":\"https:\/\/explora.cl\/rmnorte\/#\/schema\/person\/cb8349c13ea2d324080adf8480d7ba5d\",\"name\":\"webman\",\"image\":{\"@type\":\"ImageObject\",\"inLanguage\":\"es-CL\",\"@id\":\"https:\/\/explora.cl\/rmnorte\/#\/schema\/person\/image\/\",\"url\":\"https:\/\/secure.gravatar.com\/avatar\/eeff3c82f2c02f7177d13663b7e6f890e9a6a0647ce9bb29cae02dcb094c7312?s=96&d=mm&r=g\",\"contentUrl\":\"https:\/\/secure.gravatar.com\/avatar\/eeff3c82f2c02f7177d13663b7e6f890e9a6a0647ce9bb29cae02dcb094c7312?s=96&d=mm&r=g\",\"caption\":\"webman\"},\"url\":\"https:\/\/explora.cl\/rmnorte\/author\/webman\/\"}]}<\/script>\n<!-- \/ Yoast SEO plugin. -->","yoast_head_json":{"title":"Montaje teatral sobre Bosque Nativo se present\u00f3 en el Ex Congreso - RM Norte","robots":{"index":"index","follow":"follow","max-snippet":"max-snippet:-1","max-image-preview":"max-image-preview:large","max-video-preview":"max-video-preview:-1"},"canonical":"https:\/\/explora.cl\/rmnorte\/montaje-teatral-sobre-bosque-nativo-se-presento-en-el-ex-congreso\/","og_locale":"es_ES","og_type":"article","og_title":"Montaje teatral sobre Bosque Nativo se present\u00f3 en el Ex Congreso - RM Norte","og_description":"El jueves 24 de abril se realiz\u00f3 una funci\u00f3n de la obra \u201cNing\u00fan P\u00e1jaro canta por cantar\u201d en el Sal\u00f3n de Honor ex Congreso de Santiago ante m\u00e1s de 150 ni\u00f1os y ni\u00f1as de distintos establecimientos de la capital. La presentaci\u00f3n se efectu\u00f3 como parte de la itinerancia establecida en el Proyecto EXPLORA CONICYT \u201cEl [&hellip;]","og_url":"https:\/\/explora.cl\/rmnorte\/montaje-teatral-sobre-bosque-nativo-se-presento-en-el-ex-congreso\/","og_site_name":"RM Norte","article_published_time":"2014-06-11T04:00:00+00:00","article_modified_time":"2019-05-20T17:24:25+00:00","og_image":[{"width":300,"height":199,"url":"https:\/\/explora.cl\/rmnorte\/wp-content\/uploads\/sites\/11\/2018\/06\/0a4409fd7de9904a5f786d566e19e14d.jpg","type":"image\/jpeg"}],"author":"webman","twitter_card":"summary_large_image","twitter_misc":{"Escrito por":"webman","Tiempo estimado de lectura":"1 minuto"},"schema":{"@context":"https:\/\/schema.org","@graph":[{"@type":"Article","@id":"https:\/\/explora.cl\/rmnorte\/montaje-teatral-sobre-bosque-nativo-se-presento-en-el-ex-congreso\/#article","isPartOf":{"@id":"https:\/\/explora.cl\/rmnorte\/montaje-teatral-sobre-bosque-nativo-se-presento-en-el-ex-congreso\/"},"author":{"name":"webman","@id":"https:\/\/explora.cl\/rmnorte\/#\/schema\/person\/cb8349c13ea2d324080adf8480d7ba5d"},"headline":"Montaje teatral sobre Bosque Nativo se present\u00f3 en el Ex Congreso","datePublished":"2014-06-11T04:00:00+00:00","dateModified":"2019-05-20T17:24:25+00:00","mainEntityOfPage":{"@id":"https:\/\/explora.cl\/rmnorte\/montaje-teatral-sobre-bosque-nativo-se-presento-en-el-ex-congreso\/"},"wordCount":265,"image":{"@id":"https:\/\/explora.cl\/rmnorte\/montaje-teatral-sobre-bosque-nativo-se-presento-en-el-ex-congreso\/#primaryimage"},"thumbnailUrl":"https:\/\/explora.cl\/rmnorte\/wp-content\/uploads\/sites\/11\/2018\/06\/0a4409fd7de9904a5f786d566e19e14d.jpg","articleSection":["Noticias"],"inLanguage":"es-CL"},{"@type":"WebPage","@id":"https:\/\/explora.cl\/rmnorte\/montaje-teatral-sobre-bosque-nativo-se-presento-en-el-ex-congreso\/","url":"https:\/\/explora.cl\/rmnorte\/montaje-teatral-sobre-bosque-nativo-se-presento-en-el-ex-congreso\/","name":"Montaje teatral sobre Bosque Nativo se present\u00f3 en el Ex Congreso - RM Norte","isPartOf":{"@id":"https:\/\/explora.cl\/rmnorte\/#website"},"primaryImageOfPage":{"@id":"https:\/\/explora.cl\/rmnorte\/montaje-teatral-sobre-bosque-nativo-se-presento-en-el-ex-congreso\/#primaryimage"},"image":{"@id":"https:\/\/explora.cl\/rmnorte\/montaje-teatral-sobre-bosque-nativo-se-presento-en-el-ex-congreso\/#primaryimage"},"thumbnailUrl":"https:\/\/explora.cl\/rmnorte\/wp-content\/uploads\/sites\/11\/2018\/06\/0a4409fd7de9904a5f786d566e19e14d.jpg","datePublished":"2014-06-11T04:00:00+00:00","dateModified":"2019-05-20T17:24:25+00:00","author":{"@id":"https:\/\/explora.cl\/rmnorte\/#\/schema\/person\/cb8349c13ea2d324080adf8480d7ba5d"},"breadcrumb":{"@id":"https:\/\/explora.cl\/rmnorte\/montaje-teatral-sobre-bosque-nativo-se-presento-en-el-ex-congreso\/#breadcrumb"},"inLanguage":"es-CL","potentialAction":[{"@type":"ReadAction","target":["https:\/\/explora.cl\/rmnorte\/montaje-teatral-sobre-bosque-nativo-se-presento-en-el-ex-congreso\/"]}]},{"@type":"ImageObject","inLanguage":"es-CL","@id":"https:\/\/explora.cl\/rmnorte\/montaje-teatral-sobre-bosque-nativo-se-presento-en-el-ex-congreso\/#primaryimage","url":"https:\/\/explora.cl\/rmnorte\/wp-content\/uploads\/sites\/11\/2018\/06\/0a4409fd7de9904a5f786d566e19e14d.jpg","contentUrl":"https:\/\/explora.cl\/rmnorte\/wp-content\/uploads\/sites\/11\/2018\/06\/0a4409fd7de9904a5f786d566e19e14d.jpg","width":300,"height":199},{"@type":"BreadcrumbList","@id":"https:\/\/explora.cl\/rmnorte\/montaje-teatral-sobre-bosque-nativo-se-presento-en-el-ex-congreso\/#breadcrumb","itemListElement":[{"@type":"ListItem","position":1,"name":"Portada","item":"https:\/\/explora.cl\/rmnorte\/"},{"@type":"ListItem","position":2,"name":"Montaje teatral sobre Bosque Nativo se present\u00f3 en el Ex Congreso"}]},{"@type":"WebSite","@id":"https:\/\/explora.cl\/rmnorte\/#website","url":"https:\/\/explora.cl\/rmnorte\/","name":"RM Norte","description":"RM Norte explora.cl","potentialAction":[{"@type":"SearchAction","target":{"@type":"EntryPoint","urlTemplate":"https:\/\/explora.cl\/rmnorte\/?s={search_term_string}"},"query-input":{"@type":"PropertyValueSpecification","valueRequired":true,"valueName":"search_term_string"}}],"inLanguage":"es-CL"},{"@type":"Person","@id":"https:\/\/explora.cl\/rmnorte\/#\/schema\/person\/cb8349c13ea2d324080adf8480d7ba5d","name":"webman","image":{"@type":"ImageObject","inLanguage":"es-CL","@id":"https:\/\/explora.cl\/rmnorte\/#\/schema\/person\/image\/","url":"https:\/\/secure.gravatar.com\/avatar\/eeff3c82f2c02f7177d13663b7e6f890e9a6a0647ce9bb29cae02dcb094c7312?s=96&d=mm&r=g","contentUrl":"https:\/\/secure.gravatar.com\/avatar\/eeff3c82f2c02f7177d13663b7e6f890e9a6a0647ce9bb29cae02dcb094c7312?s=96&d=mm&r=g","caption":"webman"},"url":"https:\/\/explora.cl\/rmnorte\/author\/webman\/"}]}},"_links":{"self":[{"href":"https:\/\/explora.cl\/rmnorte\/wp-json\/wp\/v2\/posts\/37728","targetHints":{"allow":["GET"]}}],"collection":[{"href":"https:\/\/explora.cl\/rmnorte\/wp-json\/wp\/v2\/posts"}],"about":[{"href":"https:\/\/explora.cl\/rmnorte\/wp-json\/wp\/v2\/types\/post"}],"author":[{"embeddable":true,"href":"https:\/\/explora.cl\/rmnorte\/wp-json\/wp\/v2\/users\/2"}],"replies":[{"embeddable":true,"href":"https:\/\/explora.cl\/rmnorte\/wp-json\/wp\/v2\/comments?post=37728"}],"version-history":[{"count":1,"href":"https:\/\/explora.cl\/rmnorte\/wp-json\/wp\/v2\/posts\/37728\/revisions"}],"predecessor-version":[{"id":38647,"href":"https:\/\/explora.cl\/rmnorte\/wp-json\/wp\/v2\/posts\/37728\/revisions\/38647"}],"wp:featuredmedia":[{"embeddable":true,"href":"https:\/\/explora.cl\/rmnorte\/wp-json\/wp\/v2\/media\/31915"}],"wp:attachment":[{"href":"https:\/\/explora.cl\/rmnorte\/wp-json\/wp\/v2\/media?parent=37728"}],"wp:term":[{"taxonomy":"category","embeddable":true,"href":"https:\/\/explora.cl\/rmnorte\/wp-json\/wp\/v2\/categories?post=37728"},{"taxonomy":"post_tag","embeddable":true,"href":"https:\/\/explora.cl\/rmnorte\/wp-json\/wp\/v2\/tags?post=37728"}],"curies":[{"name":"wp","href":"https:\/\/api.w.org\/{rel}","templated":true}]}}