{"id":37687,"date":"2019-05-01T16:54:44","date_gmt":"2019-05-01T20:54:44","guid":{"rendered":"https:\/\/explora.cl\/rmnorte\/?p=37687"},"modified":"2019-06-13T16:04:55","modified_gmt":"2019-06-13T20:04:55","slug":"proyecto-explora-2019-2022-pone-en-movimiento-al-campus-norte-dra-eloisa-diaz-de-la-u-de-chile","status":"publish","type":"post","link":"https:\/\/explora.cl\/rmnorte\/proyecto-explora-2019-2022-pone-en-movimiento-al-campus-norte-dra-eloisa-diaz-de-la-u-de-chile\/","title":{"rendered":"Proyecto Explora 2019-2022 pone en movimiento al Campus Norte Dra. Elo\u00edsa D\u00edaz de la U. de Chile"},"content":{"rendered":"<p>Beneficiando a m\u00e1s de 400 mil estudiantes de la Regi\u00f3n Metropolitana.<\/p>\n<p style=\"text-align: justify\">Con el lema &#8220;La ciencia es todo, atr\u00e9vete a vivirla&#8221; se convoca a ni\u00f1os, j\u00f3venes y adultos de 1.387 colegios, desde educaci\u00f3n parvularia a ense\u00f1anza media, a participar de actividades de divulgaci\u00f3n y valoraci\u00f3n de la ciencia y la tecnolog\u00eda de Explora.<\/p>\n<p style=\"text-align: justify\">Despertar su curiosidad y acercarlos al conocimiento de las distintas \u00e1reas de las ciencias, es el nuevo desaf\u00edo que tendr\u00e1 que enfrentar todo el Campus Norte Dra. Elo\u00edsa D\u00edaz de la Universidad de Chile ya que el Centro Avanzado de Enfermedades Cr\u00f3nicas (ACCDIS) se adjudic\u00f3 el concurso: Proyecto Asociativo Regional de Divulgaci\u00f3n y Valoraci\u00f3n Cient\u00edfica y Tecnol\u00f3gica Explora 2019-2022 para la Regi\u00f3n Metropolitana Norte \u2013Oriente convocado por Conicyt a trav\u00e9s de su programa Explora.<\/p>\n<p style=\"text-align: justify\">La iniciativa reunir\u00e1 a las Facultades de Ciencias Qu\u00edmicas y Farmac\u00e9uticas, Odontolog\u00eda, Medicina, Hospital Cl\u00ednico Universidad de Chile (HCUCH) e Instituto de Nutrici\u00f3n y Tecnolog\u00eda de los Alimentos (INTA), adem\u00e1s de la Pontificia Universidad Cat\u00f3lica de Chile, Universidad Central y Universidad Santo Tom\u00e1s. En conjunto desarrollar\u00e1n diferentes metodolog\u00edas de ense\u00f1anza para promover a trav\u00e9s de actividades mensuales el inter\u00e9s por la ciencia y la tecnolog\u00eda en estudiantes, docentes, sus familias y la comunidad en general.<\/p>\n<p style=\"text-align: justify\">El Dr. Sergio Lavandero, profesor titular de las Facultades de Ciencias Qu\u00edmicas y Farmac\u00e9uticas y Medicina, senador universitario y director de este PAR Explora Norte de la Regi\u00f3n Metropolitana, destac\u00f3 que\u00a0 &#8220;La \u00faltima encuesta de percepci\u00f3n de la ciencia elaborada por CONICYT, mostr\u00f3 que nuestra sociedad demanda inter\u00e9s por la ciencia y nos invita a abordar y resolver los problemas reales del pa\u00eds. Una tarea y responsabilidad ineludible es asegurar nuestra generaci\u00f3n de recambio e estimular tempranamente el surgimiento de nuevos l\u00edderes cient\u00edficos en las comunidades escolares. Sin ciencia no hay futuro para el pa\u00eds\u201d.<\/p>\n<p style=\"text-align: justify\">Seg\u00fan comenta M\u00f3nica Villa, coordinadora ejecutiva del proyecto, \u201cEsta iniciativa abordar\u00e1 un intenso programa de actividades en las \u00e1reas de la ciencia y la tecnolog\u00eda a cumplir durante todo el a\u00f1o. Por ejemplo, Abril ser\u00e1 el mes de las Ciencias Sociales y se abordar\u00e1 con el tema del bullying; Mayo ser\u00e1 el mes del medioambiente; en Junio abordaremos las Ciencias B\u00e1sicas, implementando diversos laboratorios itinerantes; Julio ser\u00e1 el mes de la Tecnolog\u00eda; en Agosto trataremos temas de Medicina con charlas en colegios; para Septiembre tenemos contemplado abocarnos a la Astronom\u00eda; en Octubre se realizar\u00e1 una Feria Cient\u00edfica; en Noviembre se llevar\u00e1 a cabo un congreso escolar de investigaciones cient\u00edficas y finalmente en Diciembre realizaremos la actividad \u201cser cient\u00edficos por un d\u00eda\u201d. Adem\u00e1s habr\u00e1n dos actividades regionales orientadas a ni\u00f1as, denominadas \u201cIgualmente sabias\u201d, en las cuales cient\u00edficas chilenas compartir\u00e1n su mirada de las ciencias\u201d.<\/p>\n<p style=\"text-align: justify\">La prioridad del proyecto es abarcar principalmente los colegios municipales: \u201cel 60% de nuestras actividades se realizar\u00e1n en colegios que, en general, tienen poco acceso al mundo de la ciencia\u201d, detalla la coordinadora.<\/p>\n<p style=\"text-align: justify\">Para la Dra. Carmen Romero, jefa del Laboratorio de Endocrinolog\u00eda y Biolog\u00eda de la Reproducci\u00f3n del HCUCH, quien adem\u00e1s pertenece a ACCDiS y es parte de esta iniciativa, \u201cparticipar de este proyecto es una labor muy importante porque es incre\u00edble ver el talento que tienen los ni\u00f1os y j\u00f3venes en nuestro pa\u00eds. Creo que para que sea un proyecto exitoso es fundamental la participaci\u00f3n de todas las facultades y estoy segura, de que tanto acad\u00e9micos como no acad\u00e9micos, no querr\u00e1n quedar fuera de esta gran oportunidad de compartir el conocimiento con las futuras generaciones\u201d.<\/p>\n<h3 style=\"text-align: justify\">Fuente: <a href=\"https:\/\/www.redclinica.cl\/hospital-clinico\/noticias-c\/newsid\/1462.aspx\" target=\"_blank\" rel=\"noopener noreferrer\">www.redclinica.cl<\/a><\/h3>\n","protected":false},"excerpt":{"rendered":"<p>Beneficiando a m\u00e1s de 400 mil estudiantes de la Regi\u00f3n Metropolitana. Con el lema &#8220;La ciencia es todo, atr\u00e9vete a vivirla&#8221; se convoca a ni\u00f1os, j\u00f3venes y adultos de 1.387 colegios, desde educaci\u00f3n parvularia a ense\u00f1anza media, a participar de actividades de divulgaci\u00f3n y valoraci\u00f3n de la ciencia y la tecnolog\u00eda de Explora. Despertar su [&hellip;]<\/p>\n","protected":false},"author":2,"featured_media":37688,"comment_status":"closed","ping_status":"open","sticky":false,"template":"","format":"standard","meta":{"_acf_changed":false,"_exactmetrics_skip_tracking":false,"_exactmetrics_sitenote_active":false,"_exactmetrics_sitenote_note":"","_exactmetrics_sitenote_category":0,"footnotes":"","_links_to":"","_links_to_target":""},"categories":[141,4],"tags":[],"class_list":["post-37687","post","type-post","status-publish","format-standard","has-post-thumbnail","hentry","category-lugar-6","category-noticias"],"acf":[],"yoast_head":"<!-- This site is optimized with the Yoast SEO plugin v26.9 - https:\/\/yoast.com\/product\/yoast-seo-wordpress\/ -->\n<title>Proyecto Explora 2019-2022 pone en movimiento al Campus Norte Dra. Elo\u00edsa D\u00edaz de la U. de Chile - RM Norte<\/title>\n<meta name=\"robots\" content=\"index, follow, max-snippet:-1, max-image-preview:large, max-video-preview:-1\" \/>\n<link rel=\"canonical\" href=\"https:\/\/explora.cl\/rmnorte\/proyecto-explora-2019-2022-pone-en-movimiento-al-campus-norte-dra-eloisa-diaz-de-la-u-de-chile\/\" class=\"yoast-seo-meta-tag\" \/>\n<meta property=\"og:locale\" content=\"es_ES\" class=\"yoast-seo-meta-tag\" \/>\n<meta property=\"og:type\" content=\"article\" class=\"yoast-seo-meta-tag\" \/>\n<meta property=\"og:title\" content=\"Proyecto Explora 2019-2022 pone en movimiento al Campus Norte Dra. Elo\u00edsa D\u00edaz de la U. de Chile - RM Norte\" class=\"yoast-seo-meta-tag\" \/>\n<meta property=\"og:description\" content=\"Beneficiando a m\u00e1s de 400 mil estudiantes de la Regi\u00f3n Metropolitana. Con el lema &#8220;La ciencia es todo, atr\u00e9vete a vivirla&#8221; se convoca a ni\u00f1os, j\u00f3venes y adultos de 1.387 colegios, desde educaci\u00f3n parvularia a ense\u00f1anza media, a participar de actividades de divulgaci\u00f3n y valoraci\u00f3n de la ciencia y la tecnolog\u00eda de Explora. Despertar su [&hellip;]\" class=\"yoast-seo-meta-tag\" \/>\n<meta property=\"og:url\" content=\"https:\/\/explora.cl\/rmnorte\/proyecto-explora-2019-2022-pone-en-movimiento-al-campus-norte-dra-eloisa-diaz-de-la-u-de-chile\/\" class=\"yoast-seo-meta-tag\" \/>\n<meta property=\"og:site_name\" content=\"RM Norte\" class=\"yoast-seo-meta-tag\" \/>\n<meta property=\"article:published_time\" content=\"2019-05-01T20:54:44+00:00\" class=\"yoast-seo-meta-tag\" \/>\n<meta property=\"article:modified_time\" content=\"2019-06-13T20:04:55+00:00\" class=\"yoast-seo-meta-tag\" \/>\n<meta property=\"og:image\" content=\"https:\/\/explora.cl\/rmnorte\/wp-content\/uploads\/sites\/11\/2019\/05\/img-explora.jpg\" class=\"yoast-seo-meta-tag\" \/>\n\t<meta property=\"og:image:width\" content=\"784\" class=\"yoast-seo-meta-tag\" \/>\n\t<meta property=\"og:image:height\" content=\"339\" class=\"yoast-seo-meta-tag\" \/>\n\t<meta property=\"og:image:type\" content=\"image\/jpeg\" class=\"yoast-seo-meta-tag\" \/>\n<meta name=\"author\" content=\"webman\" class=\"yoast-seo-meta-tag\" \/>\n<meta name=\"twitter:card\" content=\"summary_large_image\" class=\"yoast-seo-meta-tag\" \/>\n<meta name=\"twitter:label1\" content=\"Escrito por\" class=\"yoast-seo-meta-tag\" \/>\n\t<meta name=\"twitter:data1\" content=\"webman\" class=\"yoast-seo-meta-tag\" \/>\n\t<meta name=\"twitter:label2\" content=\"Tiempo estimado de lectura\" class=\"yoast-seo-meta-tag\" \/>\n\t<meta name=\"twitter:data2\" content=\"3 minutos\" class=\"yoast-seo-meta-tag\" \/>\n<script type=\"application\/ld+json\" class=\"yoast-schema-graph\">{\"@context\":\"https:\/\/schema.org\",\"@graph\":[{\"@type\":\"Article\",\"@id\":\"https:\/\/explora.cl\/rmnorte\/proyecto-explora-2019-2022-pone-en-movimiento-al-campus-norte-dra-eloisa-diaz-de-la-u-de-chile\/#article\",\"isPartOf\":{\"@id\":\"https:\/\/explora.cl\/rmnorte\/proyecto-explora-2019-2022-pone-en-movimiento-al-campus-norte-dra-eloisa-diaz-de-la-u-de-chile\/\"},\"author\":{\"name\":\"webman\",\"@id\":\"https:\/\/explora.cl\/rmnorte\/#\/schema\/person\/cb8349c13ea2d324080adf8480d7ba5d\"},\"headline\":\"Proyecto Explora 2019-2022 pone en movimiento al Campus Norte Dra. Elo\u00edsa D\u00edaz de la U. de Chile\",\"datePublished\":\"2019-05-01T20:54:44+00:00\",\"dateModified\":\"2019-06-13T20:04:55+00:00\",\"mainEntityOfPage\":{\"@id\":\"https:\/\/explora.cl\/rmnorte\/proyecto-explora-2019-2022-pone-en-movimiento-al-campus-norte-dra-eloisa-diaz-de-la-u-de-chile\/\"},\"wordCount\":661,\"image\":{\"@id\":\"https:\/\/explora.cl\/rmnorte\/proyecto-explora-2019-2022-pone-en-movimiento-al-campus-norte-dra-eloisa-diaz-de-la-u-de-chile\/#primaryimage\"},\"thumbnailUrl\":\"https:\/\/explora.cl\/rmnorte\/wp-content\/uploads\/sites\/11\/2019\/05\/img-explora.jpg\",\"articleSection\":[\"Lugar 6\",\"Noticias\"],\"inLanguage\":\"es-CL\"},{\"@type\":\"WebPage\",\"@id\":\"https:\/\/explora.cl\/rmnorte\/proyecto-explora-2019-2022-pone-en-movimiento-al-campus-norte-dra-eloisa-diaz-de-la-u-de-chile\/\",\"url\":\"https:\/\/explora.cl\/rmnorte\/proyecto-explora-2019-2022-pone-en-movimiento-al-campus-norte-dra-eloisa-diaz-de-la-u-de-chile\/\",\"name\":\"Proyecto Explora 2019-2022 pone en movimiento al Campus Norte Dra. Elo\u00edsa D\u00edaz de la U. de Chile - RM Norte\",\"isPartOf\":{\"@id\":\"https:\/\/explora.cl\/rmnorte\/#website\"},\"primaryImageOfPage\":{\"@id\":\"https:\/\/explora.cl\/rmnorte\/proyecto-explora-2019-2022-pone-en-movimiento-al-campus-norte-dra-eloisa-diaz-de-la-u-de-chile\/#primaryimage\"},\"image\":{\"@id\":\"https:\/\/explora.cl\/rmnorte\/proyecto-explora-2019-2022-pone-en-movimiento-al-campus-norte-dra-eloisa-diaz-de-la-u-de-chile\/#primaryimage\"},\"thumbnailUrl\":\"https:\/\/explora.cl\/rmnorte\/wp-content\/uploads\/sites\/11\/2019\/05\/img-explora.jpg\",\"datePublished\":\"2019-05-01T20:54:44+00:00\",\"dateModified\":\"2019-06-13T20:04:55+00:00\",\"author\":{\"@id\":\"https:\/\/explora.cl\/rmnorte\/#\/schema\/person\/cb8349c13ea2d324080adf8480d7ba5d\"},\"breadcrumb\":{\"@id\":\"https:\/\/explora.cl\/rmnorte\/proyecto-explora-2019-2022-pone-en-movimiento-al-campus-norte-dra-eloisa-diaz-de-la-u-de-chile\/#breadcrumb\"},\"inLanguage\":\"es-CL\",\"potentialAction\":[{\"@type\":\"ReadAction\",\"target\":[\"https:\/\/explora.cl\/rmnorte\/proyecto-explora-2019-2022-pone-en-movimiento-al-campus-norte-dra-eloisa-diaz-de-la-u-de-chile\/\"]}]},{\"@type\":\"ImageObject\",\"inLanguage\":\"es-CL\",\"@id\":\"https:\/\/explora.cl\/rmnorte\/proyecto-explora-2019-2022-pone-en-movimiento-al-campus-norte-dra-eloisa-diaz-de-la-u-de-chile\/#primaryimage\",\"url\":\"https:\/\/explora.cl\/rmnorte\/wp-content\/uploads\/sites\/11\/2019\/05\/img-explora.jpg\",\"contentUrl\":\"https:\/\/explora.cl\/rmnorte\/wp-content\/uploads\/sites\/11\/2019\/05\/img-explora.jpg\",\"width\":784,\"height\":339},{\"@type\":\"BreadcrumbList\",\"@id\":\"https:\/\/explora.cl\/rmnorte\/proyecto-explora-2019-2022-pone-en-movimiento-al-campus-norte-dra-eloisa-diaz-de-la-u-de-chile\/#breadcrumb\",\"itemListElement\":[{\"@type\":\"ListItem\",\"position\":1,\"name\":\"Portada\",\"item\":\"https:\/\/explora.cl\/rmnorte\/\"},{\"@type\":\"ListItem\",\"position\":2,\"name\":\"Proyecto Explora 2019-2022 pone en movimiento al Campus Norte Dra. Elo\u00edsa D\u00edaz de la U. de Chile\"}]},{\"@type\":\"WebSite\",\"@id\":\"https:\/\/explora.cl\/rmnorte\/#website\",\"url\":\"https:\/\/explora.cl\/rmnorte\/\",\"name\":\"RM Norte\",\"description\":\"RM Norte explora.cl\",\"potentialAction\":[{\"@type\":\"SearchAction\",\"target\":{\"@type\":\"EntryPoint\",\"urlTemplate\":\"https:\/\/explora.cl\/rmnorte\/?s={search_term_string}\"},\"query-input\":{\"@type\":\"PropertyValueSpecification\",\"valueRequired\":true,\"valueName\":\"search_term_string\"}}],\"inLanguage\":\"es-CL\"},{\"@type\":\"Person\",\"@id\":\"https:\/\/explora.cl\/rmnorte\/#\/schema\/person\/cb8349c13ea2d324080adf8480d7ba5d\",\"name\":\"webman\",\"image\":{\"@type\":\"ImageObject\",\"inLanguage\":\"es-CL\",\"@id\":\"https:\/\/explora.cl\/rmnorte\/#\/schema\/person\/image\/\",\"url\":\"https:\/\/secure.gravatar.com\/avatar\/eeff3c82f2c02f7177d13663b7e6f890e9a6a0647ce9bb29cae02dcb094c7312?s=96&d=mm&r=g\",\"contentUrl\":\"https:\/\/secure.gravatar.com\/avatar\/eeff3c82f2c02f7177d13663b7e6f890e9a6a0647ce9bb29cae02dcb094c7312?s=96&d=mm&r=g\",\"caption\":\"webman\"},\"url\":\"https:\/\/explora.cl\/rmnorte\/author\/webman\/\"}]}<\/script>\n<!-- \/ Yoast SEO plugin. -->","yoast_head_json":{"title":"Proyecto Explora 2019-2022 pone en movimiento al Campus Norte Dra. Elo\u00edsa D\u00edaz de la U. de Chile - RM Norte","robots":{"index":"index","follow":"follow","max-snippet":"max-snippet:-1","max-image-preview":"max-image-preview:large","max-video-preview":"max-video-preview:-1"},"canonical":"https:\/\/explora.cl\/rmnorte\/proyecto-explora-2019-2022-pone-en-movimiento-al-campus-norte-dra-eloisa-diaz-de-la-u-de-chile\/","og_locale":"es_ES","og_type":"article","og_title":"Proyecto Explora 2019-2022 pone en movimiento al Campus Norte Dra. Elo\u00edsa D\u00edaz de la U. de Chile - RM Norte","og_description":"Beneficiando a m\u00e1s de 400 mil estudiantes de la Regi\u00f3n Metropolitana. Con el lema &#8220;La ciencia es todo, atr\u00e9vete a vivirla&#8221; se convoca a ni\u00f1os, j\u00f3venes y adultos de 1.387 colegios, desde educaci\u00f3n parvularia a ense\u00f1anza media, a participar de actividades de divulgaci\u00f3n y valoraci\u00f3n de la ciencia y la tecnolog\u00eda de Explora. Despertar su [&hellip;]","og_url":"https:\/\/explora.cl\/rmnorte\/proyecto-explora-2019-2022-pone-en-movimiento-al-campus-norte-dra-eloisa-diaz-de-la-u-de-chile\/","og_site_name":"RM Norte","article_published_time":"2019-05-01T20:54:44+00:00","article_modified_time":"2019-06-13T20:04:55+00:00","og_image":[{"width":784,"height":339,"url":"https:\/\/explora.cl\/rmnorte\/wp-content\/uploads\/sites\/11\/2019\/05\/img-explora.jpg","type":"image\/jpeg"}],"author":"webman","twitter_card":"summary_large_image","twitter_misc":{"Escrito por":"webman","Tiempo estimado de lectura":"3 minutos"},"schema":{"@context":"https:\/\/schema.org","@graph":[{"@type":"Article","@id":"https:\/\/explora.cl\/rmnorte\/proyecto-explora-2019-2022-pone-en-movimiento-al-campus-norte-dra-eloisa-diaz-de-la-u-de-chile\/#article","isPartOf":{"@id":"https:\/\/explora.cl\/rmnorte\/proyecto-explora-2019-2022-pone-en-movimiento-al-campus-norte-dra-eloisa-diaz-de-la-u-de-chile\/"},"author":{"name":"webman","@id":"https:\/\/explora.cl\/rmnorte\/#\/schema\/person\/cb8349c13ea2d324080adf8480d7ba5d"},"headline":"Proyecto Explora 2019-2022 pone en movimiento al Campus Norte Dra. Elo\u00edsa D\u00edaz de la U. de Chile","datePublished":"2019-05-01T20:54:44+00:00","dateModified":"2019-06-13T20:04:55+00:00","mainEntityOfPage":{"@id":"https:\/\/explora.cl\/rmnorte\/proyecto-explora-2019-2022-pone-en-movimiento-al-campus-norte-dra-eloisa-diaz-de-la-u-de-chile\/"},"wordCount":661,"image":{"@id":"https:\/\/explora.cl\/rmnorte\/proyecto-explora-2019-2022-pone-en-movimiento-al-campus-norte-dra-eloisa-diaz-de-la-u-de-chile\/#primaryimage"},"thumbnailUrl":"https:\/\/explora.cl\/rmnorte\/wp-content\/uploads\/sites\/11\/2019\/05\/img-explora.jpg","articleSection":["Lugar 6","Noticias"],"inLanguage":"es-CL"},{"@type":"WebPage","@id":"https:\/\/explora.cl\/rmnorte\/proyecto-explora-2019-2022-pone-en-movimiento-al-campus-norte-dra-eloisa-diaz-de-la-u-de-chile\/","url":"https:\/\/explora.cl\/rmnorte\/proyecto-explora-2019-2022-pone-en-movimiento-al-campus-norte-dra-eloisa-diaz-de-la-u-de-chile\/","name":"Proyecto Explora 2019-2022 pone en movimiento al Campus Norte Dra. Elo\u00edsa D\u00edaz de la U. de Chile - RM Norte","isPartOf":{"@id":"https:\/\/explora.cl\/rmnorte\/#website"},"primaryImageOfPage":{"@id":"https:\/\/explora.cl\/rmnorte\/proyecto-explora-2019-2022-pone-en-movimiento-al-campus-norte-dra-eloisa-diaz-de-la-u-de-chile\/#primaryimage"},"image":{"@id":"https:\/\/explora.cl\/rmnorte\/proyecto-explora-2019-2022-pone-en-movimiento-al-campus-norte-dra-eloisa-diaz-de-la-u-de-chile\/#primaryimage"},"thumbnailUrl":"https:\/\/explora.cl\/rmnorte\/wp-content\/uploads\/sites\/11\/2019\/05\/img-explora.jpg","datePublished":"2019-05-01T20:54:44+00:00","dateModified":"2019-06-13T20:04:55+00:00","author":{"@id":"https:\/\/explora.cl\/rmnorte\/#\/schema\/person\/cb8349c13ea2d324080adf8480d7ba5d"},"breadcrumb":{"@id":"https:\/\/explora.cl\/rmnorte\/proyecto-explora-2019-2022-pone-en-movimiento-al-campus-norte-dra-eloisa-diaz-de-la-u-de-chile\/#breadcrumb"},"inLanguage":"es-CL","potentialAction":[{"@type":"ReadAction","target":["https:\/\/explora.cl\/rmnorte\/proyecto-explora-2019-2022-pone-en-movimiento-al-campus-norte-dra-eloisa-diaz-de-la-u-de-chile\/"]}]},{"@type":"ImageObject","inLanguage":"es-CL","@id":"https:\/\/explora.cl\/rmnorte\/proyecto-explora-2019-2022-pone-en-movimiento-al-campus-norte-dra-eloisa-diaz-de-la-u-de-chile\/#primaryimage","url":"https:\/\/explora.cl\/rmnorte\/wp-content\/uploads\/sites\/11\/2019\/05\/img-explora.jpg","contentUrl":"https:\/\/explora.cl\/rmnorte\/wp-content\/uploads\/sites\/11\/2019\/05\/img-explora.jpg","width":784,"height":339},{"@type":"BreadcrumbList","@id":"https:\/\/explora.cl\/rmnorte\/proyecto-explora-2019-2022-pone-en-movimiento-al-campus-norte-dra-eloisa-diaz-de-la-u-de-chile\/#breadcrumb","itemListElement":[{"@type":"ListItem","position":1,"name":"Portada","item":"https:\/\/explora.cl\/rmnorte\/"},{"@type":"ListItem","position":2,"name":"Proyecto Explora 2019-2022 pone en movimiento al Campus Norte Dra. Elo\u00edsa D\u00edaz de la U. de Chile"}]},{"@type":"WebSite","@id":"https:\/\/explora.cl\/rmnorte\/#website","url":"https:\/\/explora.cl\/rmnorte\/","name":"RM Norte","description":"RM Norte explora.cl","potentialAction":[{"@type":"SearchAction","target":{"@type":"EntryPoint","urlTemplate":"https:\/\/explora.cl\/rmnorte\/?s={search_term_string}"},"query-input":{"@type":"PropertyValueSpecification","valueRequired":true,"valueName":"search_term_string"}}],"inLanguage":"es-CL"},{"@type":"Person","@id":"https:\/\/explora.cl\/rmnorte\/#\/schema\/person\/cb8349c13ea2d324080adf8480d7ba5d","name":"webman","image":{"@type":"ImageObject","inLanguage":"es-CL","@id":"https:\/\/explora.cl\/rmnorte\/#\/schema\/person\/image\/","url":"https:\/\/secure.gravatar.com\/avatar\/eeff3c82f2c02f7177d13663b7e6f890e9a6a0647ce9bb29cae02dcb094c7312?s=96&d=mm&r=g","contentUrl":"https:\/\/secure.gravatar.com\/avatar\/eeff3c82f2c02f7177d13663b7e6f890e9a6a0647ce9bb29cae02dcb094c7312?s=96&d=mm&r=g","caption":"webman"},"url":"https:\/\/explora.cl\/rmnorte\/author\/webman\/"}]}},"_links":{"self":[{"href":"https:\/\/explora.cl\/rmnorte\/wp-json\/wp\/v2\/posts\/37687","targetHints":{"allow":["GET"]}}],"collection":[{"href":"https:\/\/explora.cl\/rmnorte\/wp-json\/wp\/v2\/posts"}],"about":[{"href":"https:\/\/explora.cl\/rmnorte\/wp-json\/wp\/v2\/types\/post"}],"author":[{"embeddable":true,"href":"https:\/\/explora.cl\/rmnorte\/wp-json\/wp\/v2\/users\/2"}],"replies":[{"embeddable":true,"href":"https:\/\/explora.cl\/rmnorte\/wp-json\/wp\/v2\/comments?post=37687"}],"version-history":[{"count":1,"href":"https:\/\/explora.cl\/rmnorte\/wp-json\/wp\/v2\/posts\/37687\/revisions"}],"predecessor-version":[{"id":37907,"href":"https:\/\/explora.cl\/rmnorte\/wp-json\/wp\/v2\/posts\/37687\/revisions\/37907"}],"wp:featuredmedia":[{"embeddable":true,"href":"https:\/\/explora.cl\/rmnorte\/wp-json\/wp\/v2\/media\/37688"}],"wp:attachment":[{"href":"https:\/\/explora.cl\/rmnorte\/wp-json\/wp\/v2\/media?parent=37687"}],"wp:term":[{"taxonomy":"category","embeddable":true,"href":"https:\/\/explora.cl\/rmnorte\/wp-json\/wp\/v2\/categories?post=37687"},{"taxonomy":"post_tag","embeddable":true,"href":"https:\/\/explora.cl\/rmnorte\/wp-json\/wp\/v2\/tags?post=37687"}],"curies":[{"name":"wp","href":"https:\/\/api.w.org\/{rel}","templated":true}]}}