{"id":37431,"date":"2018-12-12T09:10:41","date_gmt":"2018-12-12T13:10:41","guid":{"rendered":"https:\/\/explora.cl\/rmnorte\/?p=37431"},"modified":"2019-05-20T17:27:36","modified_gmt":"2019-05-20T17:27:36","slug":"curso-ganadores-de-album-de-los-por-que-visitaron-el-planetario","status":"publish","type":"post","link":"https:\/\/explora.cl\/rmnorte\/curso-ganadores-de-album-de-los-por-que-visitaron-el-planetario\/","title":{"rendered":"Cursos ganadores de \u00e1lbum de los \u00bfPor Qu\u00e9? Visitaron el Planetario"},"content":{"rendered":"<p style=\"text-align: justify\"><span style=\"font-family: tahoma, arial, helvetica, sans-serif\">Experimentos, actividades dentro y fuera de la sala de clases fueron parte de la implementaci\u00f3n que realizaron ni\u00f1os y ni\u00f1as de todo el pa\u00eds para completar el \u00e1lbum Un Viaje al Universo de los POR QU\u00c9?<\/span><\/p>\n<p style=\"text-align: justify\"><span style=\"font-family: tahoma, arial, helvetica, sans-serif\">S\u00f3lo en la red perteneciente al PAR Explora Regi\u00f3n Metropolitana Norte, fueron m\u00e1s de 8.000 los estudiantes que trabajaron en esta iniciativa, siento tres ni\u00f1as las primeras en completarlo y recibir un premio para ellas y sus cursos, una visita al Planetario de la Universidad de Santiago el audiovisual 3,2,1 Despegue!<\/span><\/p>\n<p style=\"text-align: justify\"><span style=\"font-family: tahoma, arial, helvetica, sans-serif\">De esta forma, el viernes 7 de diciembre a las 09:30 hrs. comenzaron a llegar las tres delegaciones de estudiantes de los colegios Weston Academy, San Pedro Valle Grande y la Escuela B\u00e1sica Roquer.<\/span><\/p>\n<p style=\"text-align: justify\"><span style=\"font-family: tahoma, arial, helvetica, sans-serif\"><img fetchpriority=\"high\" decoding=\"async\" class=\"size-medium wp-image-37437 alignleft\" src=\"https:\/\/explora.cl\/rmnorte\/wp-content\/uploads\/sites\/11\/2018\/12\/cole_2-300x227.jpg\" alt=\"\" width=\"300\" height=\"227\" srcset=\"https:\/\/explora.cl\/rmnorte\/wp-content\/uploads\/sites\/11\/2018\/12\/cole_2-300x227.jpg 300w, https:\/\/explora.cl\/rmnorte\/wp-content\/uploads\/sites\/11\/2018\/12\/cole_2.jpg 397w\" sizes=\"(max-width: 300px) 100vw, 300px\" \/>Javiera Vargas, de 3\u00b0 del Colegio Weston Academy de Quilicura, \u00a0una de las ganadoras, coment\u00f3 \u201ceste es el \u00e1lbum que m\u00e1s me ha gustado porque es el primero que completo. Mis actividades favoritas fueron los experimentos, en especial el de la br\u00fajula que nos mostraba hacia donde estaba el norte y el sur\u201d. A\u00f1adi\u00f3, \u201cHoy, estoy muy contenta porque tambi\u00e9n es primera vez que vengo al planetario y mis compa\u00f1eros me dijeron que si yo no hubiera ganado no estar\u00edamos aqu\u00ed\u201d.\u00a0<\/span><\/p>\n<p style=\"text-align: justify\"><span style=\"font-family: tahoma, arial, helvetica, sans-serif\"><img decoding=\"async\" class=\"size-medium wp-image-37442 alignright\" src=\"https:\/\/explora.cl\/rmnorte\/wp-content\/uploads\/sites\/11\/2018\/12\/cole_1-1-300x227.jpg\" alt=\"\" width=\"300\" height=\"227\" srcset=\"https:\/\/explora.cl\/rmnorte\/wp-content\/uploads\/sites\/11\/2018\/12\/cole_1-1-300x227.jpg 300w, https:\/\/explora.cl\/rmnorte\/wp-content\/uploads\/sites\/11\/2018\/12\/cole_1-1.jpg 397w\" sizes=\"(max-width: 300px) 100vw, 300px\" \/>Mar\u00eda Fernanda Buitr\u00f3n, 3\u00b0 del Colegio San Pedro Valle Grande coment\u00f3, \u201cestoy muy <\/span><span style=\"font-family: tahoma, arial, helvetica, sans-serif\">contenta de estar en el Planetario y poder\u00a0compartir con mis compa\u00f1eros. El \u00e1lbum me pareci\u00f3 lindo, nos pudimos divertir mucho; me gust\u00f3 que nos fueran entregando las l\u00e1minas y que mis compa\u00f1eros y yo nos esforz\u00e1ramos mucho por tenerlas todas\u201d.<\/span><\/p>\n<p style=\"text-align: justify\"><span style=\"font-family: tahoma, arial, helvetica, sans-serif\"><img decoding=\"async\" class=\"size-medium wp-image-37436 alignleft\" src=\"https:\/\/explora.cl\/rmnorte\/wp-content\/uploads\/sites\/11\/2018\/12\/cole_3-300x227.jpg\" alt=\"\" width=\"300\" height=\"227\" srcset=\"https:\/\/explora.cl\/rmnorte\/wp-content\/uploads\/sites\/11\/2018\/12\/cole_3-300x227.jpg 300w, https:\/\/explora.cl\/rmnorte\/wp-content\/uploads\/sites\/11\/2018\/12\/cole_3.jpg 397w\" sizes=\"(max-width: 300px) 100vw, 300px\" \/>La m\u00e1s joven de las ganadoras fue Sof\u00eda Alveal, estudiante de K\u00ednder Escuela B\u00e1sica Roquer, quien se\u00f1al\u00f3 \u201cel \u00e1lbum es bonito, lo que m\u00e1s me gust\u00f3 fue la parte del mago y el arco\u00edris fue mi experimento favorito, estoy muy feliz de estar aqu\u00ed\u201d.\u00a0<\/span><\/p>\n<p style=\"text-align: justify\"><span style=\"font-family: tahoma, arial, helvetica, sans-serif\">Tras la entrega de los diplomas a los ganadores, la entrega de colaciones y la fotograf\u00eda inicial, los cursos visitaron las exposiciones del Planetario y luego entraron a la sala de pel\u00edculas 360\u00b0 donde entre gritos de emoci\u00f3n, carcajadas y expresiones de asombro vieron la pel\u00edcula.<\/span><\/p>\n<p style=\"text-align: justify\"><span style=\"font-family: tahoma, arial, helvetica, sans-serif\">En la versi\u00f3n 2019 del \u00e1lbum Explora se invit\u00f3 a estudiantes de todo Chile a seguir las aventuras de Rodo, Tina, Olga y El\u00edas, realizando junto a ellos actividades dedicadas a fomentar la curiosidad, el pensamiento cr\u00edtico y la creatividad, siendo parte de un maravilloso viaje por laberintos insospechados en el \u201cUniverso de los \u00bfPOR QU\u00c9?\u201d<\/span><\/p>\n<p style=\"text-align: justify\"><span style=\"font-family: tahoma, arial, helvetica, sans-serif\">Las distintas actividades realizadas por los cursos se implementaron dentro y fuera del aula, con la gu\u00eda de un docente. Una de ellas es Leenseith Berner, educadora del colegio Roquer, \u201cesta es la primera vez que trabajo con Explora y fue una excelente experiencia. Cuando nos lleg\u00f3 el correo invit\u00e1ndonos a participar en \u00e1lbum, lo conseguimos, lo armamos, hicimos los experimentos y luego de enviar las evidencias resultamos ser uno de los ganadores\u201d. Respecto a la experiencia de trabajar en ciencia con ni\u00f1os de ense\u00f1anza pre-b\u00e1sica a\u00f1adi\u00f3, \u201cMe gusta mucho trabajar estas tem\u00e1ticas con los ni\u00f1os, por lo que recibir apoyo e incluso env\u00edo de material es muy significativo para los ni\u00f1os y para nosotros como docentes. Gracias a este tipo de actividades, el trabajo con experimentos, etc. Los ni\u00f1os ahora tienen un pensamiento m\u00e1s cient\u00edfico, hoy pueden ver una galaxia espiral y reconocerla, no ven estrellas o puntos en el cielo, sino que\u00a0mucho m\u00e1s\u201d.\u00a0<\/span><\/p>\n<p><a href=\"http:\/\/bit.ly\/2QBV72A\"><img loading=\"lazy\" decoding=\"async\" class=\"alignnone size-medium wp-image-37373\" src=\"https:\/\/explora.cl\/rmnorte\/wp-content\/uploads\/sites\/11\/2018\/12\/galeria_fotos-300x141.png\" alt=\"\" width=\"300\" height=\"141\" srcset=\"https:\/\/explora.cl\/rmnorte\/wp-content\/uploads\/sites\/11\/2018\/12\/galeria_fotos-300x141.png 300w, https:\/\/explora.cl\/rmnorte\/wp-content\/uploads\/sites\/11\/2018\/12\/galeria_fotos-768x361.png 768w, https:\/\/explora.cl\/rmnorte\/wp-content\/uploads\/sites\/11\/2018\/12\/galeria_fotos-1024x481.png 1024w\" sizes=\"(max-width: 300px) 100vw, 300px\" \/><\/a><\/p>\n","protected":false},"excerpt":{"rendered":"<p>Experimentos, actividades dentro y fuera de la sala de clases fueron parte de la implementaci\u00f3n que realizaron ni\u00f1os y ni\u00f1as de todo el pa\u00eds para completar el \u00e1lbum Un Viaje al Universo de los POR QU\u00c9? S\u00f3lo en la red perteneciente al PAR Explora Regi\u00f3n Metropolitana Norte, fueron m\u00e1s de 8.000 los estudiantes que trabajaron [&hellip;]<\/p>\n","protected":false},"author":2,"featured_media":37433,"comment_status":"closed","ping_status":"open","sticky":false,"template":"","format":"standard","meta":{"_acf_changed":false,"_exactmetrics_skip_tracking":false,"_exactmetrics_sitenote_active":false,"_exactmetrics_sitenote_note":"","_exactmetrics_sitenote_category":0,"footnotes":"","_links_to":"","_links_to_target":""},"categories":[4],"tags":[],"class_list":["post-37431","post","type-post","status-publish","format-standard","has-post-thumbnail","hentry","category-noticias"],"acf":[],"yoast_head":"<!-- This site is optimized with the Yoast SEO plugin v26.9 - https:\/\/yoast.com\/product\/yoast-seo-wordpress\/ -->\n<title>Cursos ganadores de \u00e1lbum de los \u00bfPor Qu\u00e9? Visitaron el Planetario - RM Norte<\/title>\n<meta name=\"robots\" content=\"index, follow, max-snippet:-1, max-image-preview:large, max-video-preview:-1\" \/>\n<link rel=\"canonical\" href=\"https:\/\/explora.cl\/rmnorte\/curso-ganadores-de-album-de-los-por-que-visitaron-el-planetario\/\" class=\"yoast-seo-meta-tag\" \/>\n<meta property=\"og:locale\" content=\"es_ES\" class=\"yoast-seo-meta-tag\" \/>\n<meta property=\"og:type\" content=\"article\" class=\"yoast-seo-meta-tag\" \/>\n<meta property=\"og:title\" content=\"Cursos ganadores de \u00e1lbum de los \u00bfPor Qu\u00e9? Visitaron el Planetario - RM Norte\" class=\"yoast-seo-meta-tag\" \/>\n<meta property=\"og:description\" content=\"Experimentos, actividades dentro y fuera de la sala de clases fueron parte de la implementaci\u00f3n que realizaron ni\u00f1os y ni\u00f1as de todo el pa\u00eds para completar el \u00e1lbum Un Viaje al Universo de los POR QU\u00c9? S\u00f3lo en la red perteneciente al PAR Explora Regi\u00f3n Metropolitana Norte, fueron m\u00e1s de 8.000 los estudiantes que trabajaron [&hellip;]\" class=\"yoast-seo-meta-tag\" \/>\n<meta property=\"og:url\" content=\"https:\/\/explora.cl\/rmnorte\/curso-ganadores-de-album-de-los-por-que-visitaron-el-planetario\/\" class=\"yoast-seo-meta-tag\" \/>\n<meta property=\"og:site_name\" content=\"RM Norte\" class=\"yoast-seo-meta-tag\" \/>\n<meta property=\"article:published_time\" content=\"2018-12-12T13:10:41+00:00\" class=\"yoast-seo-meta-tag\" \/>\n<meta property=\"article:modified_time\" content=\"2019-05-20T17:27:36+00:00\" class=\"yoast-seo-meta-tag\" \/>\n<meta property=\"og:image\" content=\"https:\/\/explora.cl\/rmnorte\/wp-content\/uploads\/sites\/11\/2018\/12\/una_.jpg\" class=\"yoast-seo-meta-tag\" \/>\n\t<meta property=\"og:image:width\" content=\"3662\" class=\"yoast-seo-meta-tag\" \/>\n\t<meta property=\"og:image:height\" content=\"2059\" class=\"yoast-seo-meta-tag\" \/>\n\t<meta property=\"og:image:type\" content=\"image\/jpeg\" class=\"yoast-seo-meta-tag\" \/>\n<meta name=\"author\" content=\"webman\" class=\"yoast-seo-meta-tag\" \/>\n<meta name=\"twitter:card\" content=\"summary_large_image\" class=\"yoast-seo-meta-tag\" \/>\n<meta name=\"twitter:label1\" content=\"Escrito por\" class=\"yoast-seo-meta-tag\" \/>\n\t<meta name=\"twitter:data1\" content=\"webman\" class=\"yoast-seo-meta-tag\" \/>\n\t<meta name=\"twitter:label2\" content=\"Tiempo estimado de lectura\" class=\"yoast-seo-meta-tag\" \/>\n\t<meta name=\"twitter:data2\" content=\"3 minutos\" class=\"yoast-seo-meta-tag\" \/>\n<script type=\"application\/ld+json\" class=\"yoast-schema-graph\">{\"@context\":\"https:\/\/schema.org\",\"@graph\":[{\"@type\":\"Article\",\"@id\":\"https:\/\/explora.cl\/rmnorte\/curso-ganadores-de-album-de-los-por-que-visitaron-el-planetario\/#article\",\"isPartOf\":{\"@id\":\"https:\/\/explora.cl\/rmnorte\/curso-ganadores-de-album-de-los-por-que-visitaron-el-planetario\/\"},\"author\":{\"name\":\"webman\",\"@id\":\"https:\/\/explora.cl\/rmnorte\/#\/schema\/person\/cb8349c13ea2d324080adf8480d7ba5d\"},\"headline\":\"Cursos ganadores de \u00e1lbum de los \u00bfPor Qu\u00e9? Visitaron el Planetario\",\"datePublished\":\"2018-12-12T13:10:41+00:00\",\"dateModified\":\"2019-05-20T17:27:36+00:00\",\"mainEntityOfPage\":{\"@id\":\"https:\/\/explora.cl\/rmnorte\/curso-ganadores-de-album-de-los-por-que-visitaron-el-planetario\/\"},\"wordCount\":610,\"image\":{\"@id\":\"https:\/\/explora.cl\/rmnorte\/curso-ganadores-de-album-de-los-por-que-visitaron-el-planetario\/#primaryimage\"},\"thumbnailUrl\":\"https:\/\/explora.cl\/rmnorte\/wp-content\/uploads\/sites\/11\/2018\/12\/una_.jpg\",\"articleSection\":[\"Noticias\"],\"inLanguage\":\"es-CL\"},{\"@type\":\"WebPage\",\"@id\":\"https:\/\/explora.cl\/rmnorte\/curso-ganadores-de-album-de-los-por-que-visitaron-el-planetario\/\",\"url\":\"https:\/\/explora.cl\/rmnorte\/curso-ganadores-de-album-de-los-por-que-visitaron-el-planetario\/\",\"name\":\"Cursos ganadores de \u00e1lbum de los \u00bfPor Qu\u00e9? Visitaron el Planetario - RM Norte\",\"isPartOf\":{\"@id\":\"https:\/\/explora.cl\/rmnorte\/#website\"},\"primaryImageOfPage\":{\"@id\":\"https:\/\/explora.cl\/rmnorte\/curso-ganadores-de-album-de-los-por-que-visitaron-el-planetario\/#primaryimage\"},\"image\":{\"@id\":\"https:\/\/explora.cl\/rmnorte\/curso-ganadores-de-album-de-los-por-que-visitaron-el-planetario\/#primaryimage\"},\"thumbnailUrl\":\"https:\/\/explora.cl\/rmnorte\/wp-content\/uploads\/sites\/11\/2018\/12\/una_.jpg\",\"datePublished\":\"2018-12-12T13:10:41+00:00\",\"dateModified\":\"2019-05-20T17:27:36+00:00\",\"author\":{\"@id\":\"https:\/\/explora.cl\/rmnorte\/#\/schema\/person\/cb8349c13ea2d324080adf8480d7ba5d\"},\"breadcrumb\":{\"@id\":\"https:\/\/explora.cl\/rmnorte\/curso-ganadores-de-album-de-los-por-que-visitaron-el-planetario\/#breadcrumb\"},\"inLanguage\":\"es-CL\",\"potentialAction\":[{\"@type\":\"ReadAction\",\"target\":[\"https:\/\/explora.cl\/rmnorte\/curso-ganadores-de-album-de-los-por-que-visitaron-el-planetario\/\"]}]},{\"@type\":\"ImageObject\",\"inLanguage\":\"es-CL\",\"@id\":\"https:\/\/explora.cl\/rmnorte\/curso-ganadores-de-album-de-los-por-que-visitaron-el-planetario\/#primaryimage\",\"url\":\"https:\/\/explora.cl\/rmnorte\/wp-content\/uploads\/sites\/11\/2018\/12\/una_.jpg\",\"contentUrl\":\"https:\/\/explora.cl\/rmnorte\/wp-content\/uploads\/sites\/11\/2018\/12\/una_.jpg\",\"width\":3662,\"height\":2059},{\"@type\":\"BreadcrumbList\",\"@id\":\"https:\/\/explora.cl\/rmnorte\/curso-ganadores-de-album-de-los-por-que-visitaron-el-planetario\/#breadcrumb\",\"itemListElement\":[{\"@type\":\"ListItem\",\"position\":1,\"name\":\"Portada\",\"item\":\"https:\/\/explora.cl\/rmnorte\/\"},{\"@type\":\"ListItem\",\"position\":2,\"name\":\"Cursos ganadores de \u00e1lbum de los \u00bfPor Qu\u00e9? Visitaron el Planetario\"}]},{\"@type\":\"WebSite\",\"@id\":\"https:\/\/explora.cl\/rmnorte\/#website\",\"url\":\"https:\/\/explora.cl\/rmnorte\/\",\"name\":\"RM Norte\",\"description\":\"RM Norte explora.cl\",\"potentialAction\":[{\"@type\":\"SearchAction\",\"target\":{\"@type\":\"EntryPoint\",\"urlTemplate\":\"https:\/\/explora.cl\/rmnorte\/?s={search_term_string}\"},\"query-input\":{\"@type\":\"PropertyValueSpecification\",\"valueRequired\":true,\"valueName\":\"search_term_string\"}}],\"inLanguage\":\"es-CL\"},{\"@type\":\"Person\",\"@id\":\"https:\/\/explora.cl\/rmnorte\/#\/schema\/person\/cb8349c13ea2d324080adf8480d7ba5d\",\"name\":\"webman\",\"image\":{\"@type\":\"ImageObject\",\"inLanguage\":\"es-CL\",\"@id\":\"https:\/\/explora.cl\/rmnorte\/#\/schema\/person\/image\/\",\"url\":\"https:\/\/secure.gravatar.com\/avatar\/eeff3c82f2c02f7177d13663b7e6f890e9a6a0647ce9bb29cae02dcb094c7312?s=96&d=mm&r=g\",\"contentUrl\":\"https:\/\/secure.gravatar.com\/avatar\/eeff3c82f2c02f7177d13663b7e6f890e9a6a0647ce9bb29cae02dcb094c7312?s=96&d=mm&r=g\",\"caption\":\"webman\"},\"url\":\"https:\/\/explora.cl\/rmnorte\/author\/webman\/\"}]}<\/script>\n<!-- \/ Yoast SEO plugin. -->","yoast_head_json":{"title":"Cursos ganadores de \u00e1lbum de los \u00bfPor Qu\u00e9? Visitaron el Planetario - RM Norte","robots":{"index":"index","follow":"follow","max-snippet":"max-snippet:-1","max-image-preview":"max-image-preview:large","max-video-preview":"max-video-preview:-1"},"canonical":"https:\/\/explora.cl\/rmnorte\/curso-ganadores-de-album-de-los-por-que-visitaron-el-planetario\/","og_locale":"es_ES","og_type":"article","og_title":"Cursos ganadores de \u00e1lbum de los \u00bfPor Qu\u00e9? Visitaron el Planetario - RM Norte","og_description":"Experimentos, actividades dentro y fuera de la sala de clases fueron parte de la implementaci\u00f3n que realizaron ni\u00f1os y ni\u00f1as de todo el pa\u00eds para completar el \u00e1lbum Un Viaje al Universo de los POR QU\u00c9? S\u00f3lo en la red perteneciente al PAR Explora Regi\u00f3n Metropolitana Norte, fueron m\u00e1s de 8.000 los estudiantes que trabajaron [&hellip;]","og_url":"https:\/\/explora.cl\/rmnorte\/curso-ganadores-de-album-de-los-por-que-visitaron-el-planetario\/","og_site_name":"RM Norte","article_published_time":"2018-12-12T13:10:41+00:00","article_modified_time":"2019-05-20T17:27:36+00:00","og_image":[{"width":3662,"height":2059,"url":"https:\/\/explora.cl\/rmnorte\/wp-content\/uploads\/sites\/11\/2018\/12\/una_.jpg","type":"image\/jpeg"}],"author":"webman","twitter_card":"summary_large_image","twitter_misc":{"Escrito por":"webman","Tiempo estimado de lectura":"3 minutos"},"schema":{"@context":"https:\/\/schema.org","@graph":[{"@type":"Article","@id":"https:\/\/explora.cl\/rmnorte\/curso-ganadores-de-album-de-los-por-que-visitaron-el-planetario\/#article","isPartOf":{"@id":"https:\/\/explora.cl\/rmnorte\/curso-ganadores-de-album-de-los-por-que-visitaron-el-planetario\/"},"author":{"name":"webman","@id":"https:\/\/explora.cl\/rmnorte\/#\/schema\/person\/cb8349c13ea2d324080adf8480d7ba5d"},"headline":"Cursos ganadores de \u00e1lbum de los \u00bfPor Qu\u00e9? Visitaron el Planetario","datePublished":"2018-12-12T13:10:41+00:00","dateModified":"2019-05-20T17:27:36+00:00","mainEntityOfPage":{"@id":"https:\/\/explora.cl\/rmnorte\/curso-ganadores-de-album-de-los-por-que-visitaron-el-planetario\/"},"wordCount":610,"image":{"@id":"https:\/\/explora.cl\/rmnorte\/curso-ganadores-de-album-de-los-por-que-visitaron-el-planetario\/#primaryimage"},"thumbnailUrl":"https:\/\/explora.cl\/rmnorte\/wp-content\/uploads\/sites\/11\/2018\/12\/una_.jpg","articleSection":["Noticias"],"inLanguage":"es-CL"},{"@type":"WebPage","@id":"https:\/\/explora.cl\/rmnorte\/curso-ganadores-de-album-de-los-por-que-visitaron-el-planetario\/","url":"https:\/\/explora.cl\/rmnorte\/curso-ganadores-de-album-de-los-por-que-visitaron-el-planetario\/","name":"Cursos ganadores de \u00e1lbum de los \u00bfPor Qu\u00e9? Visitaron el Planetario - RM Norte","isPartOf":{"@id":"https:\/\/explora.cl\/rmnorte\/#website"},"primaryImageOfPage":{"@id":"https:\/\/explora.cl\/rmnorte\/curso-ganadores-de-album-de-los-por-que-visitaron-el-planetario\/#primaryimage"},"image":{"@id":"https:\/\/explora.cl\/rmnorte\/curso-ganadores-de-album-de-los-por-que-visitaron-el-planetario\/#primaryimage"},"thumbnailUrl":"https:\/\/explora.cl\/rmnorte\/wp-content\/uploads\/sites\/11\/2018\/12\/una_.jpg","datePublished":"2018-12-12T13:10:41+00:00","dateModified":"2019-05-20T17:27:36+00:00","author":{"@id":"https:\/\/explora.cl\/rmnorte\/#\/schema\/person\/cb8349c13ea2d324080adf8480d7ba5d"},"breadcrumb":{"@id":"https:\/\/explora.cl\/rmnorte\/curso-ganadores-de-album-de-los-por-que-visitaron-el-planetario\/#breadcrumb"},"inLanguage":"es-CL","potentialAction":[{"@type":"ReadAction","target":["https:\/\/explora.cl\/rmnorte\/curso-ganadores-de-album-de-los-por-que-visitaron-el-planetario\/"]}]},{"@type":"ImageObject","inLanguage":"es-CL","@id":"https:\/\/explora.cl\/rmnorte\/curso-ganadores-de-album-de-los-por-que-visitaron-el-planetario\/#primaryimage","url":"https:\/\/explora.cl\/rmnorte\/wp-content\/uploads\/sites\/11\/2018\/12\/una_.jpg","contentUrl":"https:\/\/explora.cl\/rmnorte\/wp-content\/uploads\/sites\/11\/2018\/12\/una_.jpg","width":3662,"height":2059},{"@type":"BreadcrumbList","@id":"https:\/\/explora.cl\/rmnorte\/curso-ganadores-de-album-de-los-por-que-visitaron-el-planetario\/#breadcrumb","itemListElement":[{"@type":"ListItem","position":1,"name":"Portada","item":"https:\/\/explora.cl\/rmnorte\/"},{"@type":"ListItem","position":2,"name":"Cursos ganadores de \u00e1lbum de los \u00bfPor Qu\u00e9? Visitaron el Planetario"}]},{"@type":"WebSite","@id":"https:\/\/explora.cl\/rmnorte\/#website","url":"https:\/\/explora.cl\/rmnorte\/","name":"RM Norte","description":"RM Norte explora.cl","potentialAction":[{"@type":"SearchAction","target":{"@type":"EntryPoint","urlTemplate":"https:\/\/explora.cl\/rmnorte\/?s={search_term_string}"},"query-input":{"@type":"PropertyValueSpecification","valueRequired":true,"valueName":"search_term_string"}}],"inLanguage":"es-CL"},{"@type":"Person","@id":"https:\/\/explora.cl\/rmnorte\/#\/schema\/person\/cb8349c13ea2d324080adf8480d7ba5d","name":"webman","image":{"@type":"ImageObject","inLanguage":"es-CL","@id":"https:\/\/explora.cl\/rmnorte\/#\/schema\/person\/image\/","url":"https:\/\/secure.gravatar.com\/avatar\/eeff3c82f2c02f7177d13663b7e6f890e9a6a0647ce9bb29cae02dcb094c7312?s=96&d=mm&r=g","contentUrl":"https:\/\/secure.gravatar.com\/avatar\/eeff3c82f2c02f7177d13663b7e6f890e9a6a0647ce9bb29cae02dcb094c7312?s=96&d=mm&r=g","caption":"webman"},"url":"https:\/\/explora.cl\/rmnorte\/author\/webman\/"}]}},"_links":{"self":[{"href":"https:\/\/explora.cl\/rmnorte\/wp-json\/wp\/v2\/posts\/37431","targetHints":{"allow":["GET"]}}],"collection":[{"href":"https:\/\/explora.cl\/rmnorte\/wp-json\/wp\/v2\/posts"}],"about":[{"href":"https:\/\/explora.cl\/rmnorte\/wp-json\/wp\/v2\/types\/post"}],"author":[{"embeddable":true,"href":"https:\/\/explora.cl\/rmnorte\/wp-json\/wp\/v2\/users\/2"}],"replies":[{"embeddable":true,"href":"https:\/\/explora.cl\/rmnorte\/wp-json\/wp\/v2\/comments?post=37431"}],"version-history":[{"count":1,"href":"https:\/\/explora.cl\/rmnorte\/wp-json\/wp\/v2\/posts\/37431\/revisions"}],"predecessor-version":[{"id":37917,"href":"https:\/\/explora.cl\/rmnorte\/wp-json\/wp\/v2\/posts\/37431\/revisions\/37917"}],"wp:featuredmedia":[{"embeddable":true,"href":"https:\/\/explora.cl\/rmnorte\/wp-json\/wp\/v2\/media\/37433"}],"wp:attachment":[{"href":"https:\/\/explora.cl\/rmnorte\/wp-json\/wp\/v2\/media?parent=37431"}],"wp:term":[{"taxonomy":"category","embeddable":true,"href":"https:\/\/explora.cl\/rmnorte\/wp-json\/wp\/v2\/categories?post=37431"},{"taxonomy":"post_tag","embeddable":true,"href":"https:\/\/explora.cl\/rmnorte\/wp-json\/wp\/v2\/tags?post=37431"}],"curies":[{"name":"wp","href":"https:\/\/api.w.org\/{rel}","templated":true}]}}