{"id":37317,"date":"2018-11-30T14:33:49","date_gmt":"2018-11-30T18:33:49","guid":{"rendered":"https:\/\/explora.cl\/rmnorte\/?p=37317"},"modified":"2019-05-20T17:27:35","modified_gmt":"2019-05-20T17:27:35","slug":"escolares-de-todas-las-edades-se-tomaron-la-feria-de-ciencia-y-medio-ambiente-de-recoleta","status":"publish","type":"post","link":"https:\/\/explora.cl\/rmnorte\/escolares-de-todas-las-edades-se-tomaron-la-feria-de-ciencia-y-medio-ambiente-de-recoleta\/","title":{"rendered":"Escolares de todas las edades se tomaron la feria de ciencia y medio ambiente de recoleta"},"content":{"rendered":"<div>\n<p style=\"text-align: justify\"><span style=\"font-family: helvetica, arial, sans-serif\"><strong><img fetchpriority=\"high\" decoding=\"async\" class=\"wp-image-37318 size-full aligncenter\" src=\"https:\/\/explora.cl\/rmnorte\/wp-content\/uploads\/sites\/11\/2018\/11\/recoleta.jpg\" alt=\"\" width=\"960\" height=\"640\" srcset=\"https:\/\/explora.cl\/rmnorte\/wp-content\/uploads\/sites\/11\/2018\/11\/recoleta.jpg 960w, https:\/\/explora.cl\/rmnorte\/wp-content\/uploads\/sites\/11\/2018\/11\/recoleta-300x200.jpg 300w, https:\/\/explora.cl\/rmnorte\/wp-content\/uploads\/sites\/11\/2018\/11\/recoleta-768x512.jpg 768w\" sizes=\"(max-width: 960px) 100vw, 960px\" \/>El jueves 15 de noviembre en la Corporaci\u00f3n Cultural de Recoleta se realiz\u00f3 la 6ta versi\u00f3n de la Feria Escolar de Ciencia, Tecnolog\u00eda y Medio Ambiente, organizada por la Direcci\u00f3n de Educaci\u00f3n Municipal y que cont\u00f3 con el apoyo del PAR Explora de CONICYT Regi\u00f3n Metropolitana Norte, de la Facultad de Matem\u00e1ticas de la Pontiicia Universidad Cat\u00f3lica de Chile.\u00a0<\/strong><\/span><\/p>\n<\/div>\n<div class=\"clearfix\" style=\"text-align: justify\"><\/div>\n<div style=\"text-align: justify\">\n<span style=\"font-family: helvetica, arial, sans-serif\">En la actividad participaron 19 colegios municipales de la comuna, cuyos estudiantes fueron seleccionados tras haber trabajado en proyectos durante el a\u00f1o y haberlos expuesto en ferias cient\u00edficas en sus establecimientos.\u00a0<\/span><br \/>\n<span style=\"font-family: helvetica, arial, sans-serif\">Karen Garrido, encargada del \u00c1rea Extraescolar de Ciencia, Tecnolog\u00eda y Medio Ambiente de la Unidad T\u00e9cnico Pedag\u00f3gica del Departamento de Educaci\u00f3n de Recoleta, y una de las organizadoras de la feria se\u00f1al\u00f3, \u201cla motivaci\u00f3n que siempre hemos tenido para realizar esta actividad es aportar a crear una comunidad cient\u00edfica, tecnol\u00f3gica y medioambiental dentro de cada establecimiento de la comuna. Estamos s\u00faper contentos por el crecimiento que ha tenido cada escuela, con sus profesores y estudiantes durante estos seis a\u00f1os\u201d.\u00a0<\/span><br \/>\n<span style=\"font-family: helvetica, arial, sans-serif\">Por su parte, para Wenceslao Castro, profesor de ciencias naturales de la Escuela Puerto Rico, que participa por segunda vez junto a sus estudiantes, la feria se constituye en \u201cuna instancia muy importante, aqu\u00ed los ni\u00f1os tienen la oportunidad de relacionarse con otros y conocer las distintas realidades de los distintos colegios de la comuna\u201d. Respecto a la experiencia para sus estudiantes, adem\u00e1s a\u00f1adi\u00f3: \u201clos ni\u00f1os que est\u00e1n aqu\u00ed exponiendo se han tomado la feria con mucha responsabilidad, prepararon sus trabajos, los mostraron a sus compa\u00f1eros en el colegio y fue as\u00ed como lograron estar aqu\u00ed hoy\u201d.\u00a0<\/span><br \/>\n<span style=\"font-family: helvetica, arial, sans-serif\">Alanis Chand\u00eda, estudiante de tercero medio del Liceo Valent\u00edn Letelier y una experimentada participante de ferias cient\u00edficas tanto en la comuna como fuera de ella, nos cont\u00f3 respecto de su participaci\u00f3n: \u201ccomo grupo est\u00e1bamos muy nerviosos antes de venir, aunque es la segunda vez que mostramos este proyecto en el a\u00f1o. Ha sido una linda experiencia compartir con otros colegios, me ha encantado, porque han venido ni\u00f1os peque\u00f1os y tambi\u00e9n ha habido muchas mujeres\u201d, acot\u00f3 entusiasmada.<\/span>\n<\/div>\n<p><a href=\"https:\/\/bit.ly\/2G5e0Hd\"><img decoding=\"async\" class=\"size-medium wp-image-37373 alignleft\" src=\"https:\/\/explora.cl\/rmnorte\/wp-content\/uploads\/sites\/11\/2018\/12\/galeria_fotos-300x141.png\" alt=\"\" width=\"300\" height=\"141\" srcset=\"https:\/\/explora.cl\/rmnorte\/wp-content\/uploads\/sites\/11\/2018\/12\/galeria_fotos-300x141.png 300w, https:\/\/explora.cl\/rmnorte\/wp-content\/uploads\/sites\/11\/2018\/12\/galeria_fotos-768x361.png 768w, https:\/\/explora.cl\/rmnorte\/wp-content\/uploads\/sites\/11\/2018\/12\/galeria_fotos-1024x481.png 1024w\" sizes=\"(max-width: 300px) 100vw, 300px\" \/><\/a><\/p>\n","protected":false},"excerpt":{"rendered":"<p>El jueves 15 de noviembre en la Corporaci\u00f3n Cultural de Recoleta se realiz\u00f3 la 6ta versi\u00f3n de la Feria Escolar de Ciencia, Tecnolog\u00eda y Medio Ambiente, organizada por la Direcci\u00f3n de Educaci\u00f3n Municipal y que cont\u00f3 con el apoyo del PAR Explora de CONICYT Regi\u00f3n Metropolitana Norte, de la Facultad de Matem\u00e1ticas de la Pontiicia [&hellip;]<\/p>\n","protected":false},"author":2,"featured_media":37318,"comment_status":"closed","ping_status":"open","sticky":false,"template":"","format":"standard","meta":{"_acf_changed":false,"_exactmetrics_skip_tracking":false,"_exactmetrics_sitenote_active":false,"_exactmetrics_sitenote_note":"","_exactmetrics_sitenote_category":0,"footnotes":"","_links_to":"","_links_to_target":""},"categories":[4],"tags":[178,177,164],"class_list":["post-37317","post","type-post","status-publish","format-standard","has-post-thumbnail","hentry","category-noticias","tag-feria-de-recoleta","tag-ferias","tag-par-explora-rm-norte"],"acf":[],"yoast_head":"<!-- This site is optimized with the Yoast SEO plugin v26.9 - https:\/\/yoast.com\/product\/yoast-seo-wordpress\/ -->\n<title>Escolares de todas las edades se tomaron la feria de ciencia y medio ambiente de recoleta - RM Norte<\/title>\n<meta name=\"robots\" content=\"index, follow, max-snippet:-1, max-image-preview:large, max-video-preview:-1\" \/>\n<link rel=\"canonical\" href=\"https:\/\/explora.cl\/rmnorte\/escolares-de-todas-las-edades-se-tomaron-la-feria-de-ciencia-y-medio-ambiente-de-recoleta\/\" class=\"yoast-seo-meta-tag\" \/>\n<meta property=\"og:locale\" content=\"es_ES\" class=\"yoast-seo-meta-tag\" \/>\n<meta property=\"og:type\" content=\"article\" class=\"yoast-seo-meta-tag\" \/>\n<meta property=\"og:title\" content=\"Escolares de todas las edades se tomaron la feria de ciencia y medio ambiente de recoleta - RM Norte\" class=\"yoast-seo-meta-tag\" \/>\n<meta property=\"og:description\" content=\"El jueves 15 de noviembre en la Corporaci\u00f3n Cultural de Recoleta se realiz\u00f3 la 6ta versi\u00f3n de la Feria Escolar de Ciencia, Tecnolog\u00eda y Medio Ambiente, organizada por la Direcci\u00f3n de Educaci\u00f3n Municipal y que cont\u00f3 con el apoyo del PAR Explora de CONICYT Regi\u00f3n Metropolitana Norte, de la Facultad de Matem\u00e1ticas de la Pontiicia [&hellip;]\" class=\"yoast-seo-meta-tag\" \/>\n<meta property=\"og:url\" content=\"https:\/\/explora.cl\/rmnorte\/escolares-de-todas-las-edades-se-tomaron-la-feria-de-ciencia-y-medio-ambiente-de-recoleta\/\" class=\"yoast-seo-meta-tag\" \/>\n<meta property=\"og:site_name\" content=\"RM Norte\" class=\"yoast-seo-meta-tag\" \/>\n<meta property=\"article:published_time\" content=\"2018-11-30T18:33:49+00:00\" class=\"yoast-seo-meta-tag\" \/>\n<meta property=\"article:modified_time\" content=\"2019-05-20T17:27:35+00:00\" class=\"yoast-seo-meta-tag\" \/>\n<meta property=\"og:image\" content=\"https:\/\/explora.cl\/rmnorte\/wp-content\/uploads\/sites\/11\/2018\/11\/recoleta.jpg\" class=\"yoast-seo-meta-tag\" \/>\n\t<meta property=\"og:image:width\" content=\"960\" class=\"yoast-seo-meta-tag\" \/>\n\t<meta property=\"og:image:height\" content=\"640\" class=\"yoast-seo-meta-tag\" \/>\n\t<meta property=\"og:image:type\" content=\"image\/jpeg\" class=\"yoast-seo-meta-tag\" \/>\n<meta name=\"author\" content=\"webman\" class=\"yoast-seo-meta-tag\" \/>\n<meta name=\"twitter:card\" content=\"summary_large_image\" class=\"yoast-seo-meta-tag\" \/>\n<meta name=\"twitter:label1\" content=\"Escrito por\" class=\"yoast-seo-meta-tag\" \/>\n\t<meta name=\"twitter:data1\" content=\"webman\" class=\"yoast-seo-meta-tag\" \/>\n\t<meta name=\"twitter:label2\" content=\"Tiempo estimado de lectura\" class=\"yoast-seo-meta-tag\" \/>\n\t<meta name=\"twitter:data2\" content=\"2 minutos\" class=\"yoast-seo-meta-tag\" \/>\n<script type=\"application\/ld+json\" class=\"yoast-schema-graph\">{\"@context\":\"https:\/\/schema.org\",\"@graph\":[{\"@type\":\"Article\",\"@id\":\"https:\/\/explora.cl\/rmnorte\/escolares-de-todas-las-edades-se-tomaron-la-feria-de-ciencia-y-medio-ambiente-de-recoleta\/#article\",\"isPartOf\":{\"@id\":\"https:\/\/explora.cl\/rmnorte\/escolares-de-todas-las-edades-se-tomaron-la-feria-de-ciencia-y-medio-ambiente-de-recoleta\/\"},\"author\":{\"name\":\"webman\",\"@id\":\"https:\/\/explora.cl\/rmnorte\/#\/schema\/person\/cb8349c13ea2d324080adf8480d7ba5d\"},\"headline\":\"Escolares de todas las edades se tomaron la feria de ciencia y medio ambiente de recoleta\",\"datePublished\":\"2018-11-30T18:33:49+00:00\",\"dateModified\":\"2019-05-20T17:27:35+00:00\",\"mainEntityOfPage\":{\"@id\":\"https:\/\/explora.cl\/rmnorte\/escolares-de-todas-las-edades-se-tomaron-la-feria-de-ciencia-y-medio-ambiente-de-recoleta\/\"},\"wordCount\":391,\"image\":{\"@id\":\"https:\/\/explora.cl\/rmnorte\/escolares-de-todas-las-edades-se-tomaron-la-feria-de-ciencia-y-medio-ambiente-de-recoleta\/#primaryimage\"},\"thumbnailUrl\":\"https:\/\/explora.cl\/rmnorte\/wp-content\/uploads\/sites\/11\/2018\/11\/recoleta.jpg\",\"keywords\":[\"Feria de Recoleta\",\"Ferias\",\"PAR Explora RM Norte\"],\"articleSection\":[\"Noticias\"],\"inLanguage\":\"es-CL\"},{\"@type\":\"WebPage\",\"@id\":\"https:\/\/explora.cl\/rmnorte\/escolares-de-todas-las-edades-se-tomaron-la-feria-de-ciencia-y-medio-ambiente-de-recoleta\/\",\"url\":\"https:\/\/explora.cl\/rmnorte\/escolares-de-todas-las-edades-se-tomaron-la-feria-de-ciencia-y-medio-ambiente-de-recoleta\/\",\"name\":\"Escolares de todas las edades se tomaron la feria de ciencia y medio ambiente de recoleta - RM Norte\",\"isPartOf\":{\"@id\":\"https:\/\/explora.cl\/rmnorte\/#website\"},\"primaryImageOfPage\":{\"@id\":\"https:\/\/explora.cl\/rmnorte\/escolares-de-todas-las-edades-se-tomaron-la-feria-de-ciencia-y-medio-ambiente-de-recoleta\/#primaryimage\"},\"image\":{\"@id\":\"https:\/\/explora.cl\/rmnorte\/escolares-de-todas-las-edades-se-tomaron-la-feria-de-ciencia-y-medio-ambiente-de-recoleta\/#primaryimage\"},\"thumbnailUrl\":\"https:\/\/explora.cl\/rmnorte\/wp-content\/uploads\/sites\/11\/2018\/11\/recoleta.jpg\",\"datePublished\":\"2018-11-30T18:33:49+00:00\",\"dateModified\":\"2019-05-20T17:27:35+00:00\",\"author\":{\"@id\":\"https:\/\/explora.cl\/rmnorte\/#\/schema\/person\/cb8349c13ea2d324080adf8480d7ba5d\"},\"breadcrumb\":{\"@id\":\"https:\/\/explora.cl\/rmnorte\/escolares-de-todas-las-edades-se-tomaron-la-feria-de-ciencia-y-medio-ambiente-de-recoleta\/#breadcrumb\"},\"inLanguage\":\"es-CL\",\"potentialAction\":[{\"@type\":\"ReadAction\",\"target\":[\"https:\/\/explora.cl\/rmnorte\/escolares-de-todas-las-edades-se-tomaron-la-feria-de-ciencia-y-medio-ambiente-de-recoleta\/\"]}]},{\"@type\":\"ImageObject\",\"inLanguage\":\"es-CL\",\"@id\":\"https:\/\/explora.cl\/rmnorte\/escolares-de-todas-las-edades-se-tomaron-la-feria-de-ciencia-y-medio-ambiente-de-recoleta\/#primaryimage\",\"url\":\"https:\/\/explora.cl\/rmnorte\/wp-content\/uploads\/sites\/11\/2018\/11\/recoleta.jpg\",\"contentUrl\":\"https:\/\/explora.cl\/rmnorte\/wp-content\/uploads\/sites\/11\/2018\/11\/recoleta.jpg\",\"width\":960,\"height\":640},{\"@type\":\"BreadcrumbList\",\"@id\":\"https:\/\/explora.cl\/rmnorte\/escolares-de-todas-las-edades-se-tomaron-la-feria-de-ciencia-y-medio-ambiente-de-recoleta\/#breadcrumb\",\"itemListElement\":[{\"@type\":\"ListItem\",\"position\":1,\"name\":\"Portada\",\"item\":\"https:\/\/explora.cl\/rmnorte\/\"},{\"@type\":\"ListItem\",\"position\":2,\"name\":\"Escolares de todas las edades se tomaron la feria de ciencia y medio ambiente de recoleta\"}]},{\"@type\":\"WebSite\",\"@id\":\"https:\/\/explora.cl\/rmnorte\/#website\",\"url\":\"https:\/\/explora.cl\/rmnorte\/\",\"name\":\"RM Norte\",\"description\":\"RM Norte explora.cl\",\"potentialAction\":[{\"@type\":\"SearchAction\",\"target\":{\"@type\":\"EntryPoint\",\"urlTemplate\":\"https:\/\/explora.cl\/rmnorte\/?s={search_term_string}\"},\"query-input\":{\"@type\":\"PropertyValueSpecification\",\"valueRequired\":true,\"valueName\":\"search_term_string\"}}],\"inLanguage\":\"es-CL\"},{\"@type\":\"Person\",\"@id\":\"https:\/\/explora.cl\/rmnorte\/#\/schema\/person\/cb8349c13ea2d324080adf8480d7ba5d\",\"name\":\"webman\",\"image\":{\"@type\":\"ImageObject\",\"inLanguage\":\"es-CL\",\"@id\":\"https:\/\/explora.cl\/rmnorte\/#\/schema\/person\/image\/\",\"url\":\"https:\/\/secure.gravatar.com\/avatar\/eeff3c82f2c02f7177d13663b7e6f890e9a6a0647ce9bb29cae02dcb094c7312?s=96&d=mm&r=g\",\"contentUrl\":\"https:\/\/secure.gravatar.com\/avatar\/eeff3c82f2c02f7177d13663b7e6f890e9a6a0647ce9bb29cae02dcb094c7312?s=96&d=mm&r=g\",\"caption\":\"webman\"},\"url\":\"https:\/\/explora.cl\/rmnorte\/author\/webman\/\"}]}<\/script>\n<!-- \/ Yoast SEO plugin. -->","yoast_head_json":{"title":"Escolares de todas las edades se tomaron la feria de ciencia y medio ambiente de recoleta - RM Norte","robots":{"index":"index","follow":"follow","max-snippet":"max-snippet:-1","max-image-preview":"max-image-preview:large","max-video-preview":"max-video-preview:-1"},"canonical":"https:\/\/explora.cl\/rmnorte\/escolares-de-todas-las-edades-se-tomaron-la-feria-de-ciencia-y-medio-ambiente-de-recoleta\/","og_locale":"es_ES","og_type":"article","og_title":"Escolares de todas las edades se tomaron la feria de ciencia y medio ambiente de recoleta - RM Norte","og_description":"El jueves 15 de noviembre en la Corporaci\u00f3n Cultural de Recoleta se realiz\u00f3 la 6ta versi\u00f3n de la Feria Escolar de Ciencia, Tecnolog\u00eda y Medio Ambiente, organizada por la Direcci\u00f3n de Educaci\u00f3n Municipal y que cont\u00f3 con el apoyo del PAR Explora de CONICYT Regi\u00f3n Metropolitana Norte, de la Facultad de Matem\u00e1ticas de la Pontiicia [&hellip;]","og_url":"https:\/\/explora.cl\/rmnorte\/escolares-de-todas-las-edades-se-tomaron-la-feria-de-ciencia-y-medio-ambiente-de-recoleta\/","og_site_name":"RM Norte","article_published_time":"2018-11-30T18:33:49+00:00","article_modified_time":"2019-05-20T17:27:35+00:00","og_image":[{"width":960,"height":640,"url":"https:\/\/explora.cl\/rmnorte\/wp-content\/uploads\/sites\/11\/2018\/11\/recoleta.jpg","type":"image\/jpeg"}],"author":"webman","twitter_card":"summary_large_image","twitter_misc":{"Escrito por":"webman","Tiempo estimado de lectura":"2 minutos"},"schema":{"@context":"https:\/\/schema.org","@graph":[{"@type":"Article","@id":"https:\/\/explora.cl\/rmnorte\/escolares-de-todas-las-edades-se-tomaron-la-feria-de-ciencia-y-medio-ambiente-de-recoleta\/#article","isPartOf":{"@id":"https:\/\/explora.cl\/rmnorte\/escolares-de-todas-las-edades-se-tomaron-la-feria-de-ciencia-y-medio-ambiente-de-recoleta\/"},"author":{"name":"webman","@id":"https:\/\/explora.cl\/rmnorte\/#\/schema\/person\/cb8349c13ea2d324080adf8480d7ba5d"},"headline":"Escolares de todas las edades se tomaron la feria de ciencia y medio ambiente de recoleta","datePublished":"2018-11-30T18:33:49+00:00","dateModified":"2019-05-20T17:27:35+00:00","mainEntityOfPage":{"@id":"https:\/\/explora.cl\/rmnorte\/escolares-de-todas-las-edades-se-tomaron-la-feria-de-ciencia-y-medio-ambiente-de-recoleta\/"},"wordCount":391,"image":{"@id":"https:\/\/explora.cl\/rmnorte\/escolares-de-todas-las-edades-se-tomaron-la-feria-de-ciencia-y-medio-ambiente-de-recoleta\/#primaryimage"},"thumbnailUrl":"https:\/\/explora.cl\/rmnorte\/wp-content\/uploads\/sites\/11\/2018\/11\/recoleta.jpg","keywords":["Feria de Recoleta","Ferias","PAR Explora RM Norte"],"articleSection":["Noticias"],"inLanguage":"es-CL"},{"@type":"WebPage","@id":"https:\/\/explora.cl\/rmnorte\/escolares-de-todas-las-edades-se-tomaron-la-feria-de-ciencia-y-medio-ambiente-de-recoleta\/","url":"https:\/\/explora.cl\/rmnorte\/escolares-de-todas-las-edades-se-tomaron-la-feria-de-ciencia-y-medio-ambiente-de-recoleta\/","name":"Escolares de todas las edades se tomaron la feria de ciencia y medio ambiente de recoleta - RM Norte","isPartOf":{"@id":"https:\/\/explora.cl\/rmnorte\/#website"},"primaryImageOfPage":{"@id":"https:\/\/explora.cl\/rmnorte\/escolares-de-todas-las-edades-se-tomaron-la-feria-de-ciencia-y-medio-ambiente-de-recoleta\/#primaryimage"},"image":{"@id":"https:\/\/explora.cl\/rmnorte\/escolares-de-todas-las-edades-se-tomaron-la-feria-de-ciencia-y-medio-ambiente-de-recoleta\/#primaryimage"},"thumbnailUrl":"https:\/\/explora.cl\/rmnorte\/wp-content\/uploads\/sites\/11\/2018\/11\/recoleta.jpg","datePublished":"2018-11-30T18:33:49+00:00","dateModified":"2019-05-20T17:27:35+00:00","author":{"@id":"https:\/\/explora.cl\/rmnorte\/#\/schema\/person\/cb8349c13ea2d324080adf8480d7ba5d"},"breadcrumb":{"@id":"https:\/\/explora.cl\/rmnorte\/escolares-de-todas-las-edades-se-tomaron-la-feria-de-ciencia-y-medio-ambiente-de-recoleta\/#breadcrumb"},"inLanguage":"es-CL","potentialAction":[{"@type":"ReadAction","target":["https:\/\/explora.cl\/rmnorte\/escolares-de-todas-las-edades-se-tomaron-la-feria-de-ciencia-y-medio-ambiente-de-recoleta\/"]}]},{"@type":"ImageObject","inLanguage":"es-CL","@id":"https:\/\/explora.cl\/rmnorte\/escolares-de-todas-las-edades-se-tomaron-la-feria-de-ciencia-y-medio-ambiente-de-recoleta\/#primaryimage","url":"https:\/\/explora.cl\/rmnorte\/wp-content\/uploads\/sites\/11\/2018\/11\/recoleta.jpg","contentUrl":"https:\/\/explora.cl\/rmnorte\/wp-content\/uploads\/sites\/11\/2018\/11\/recoleta.jpg","width":960,"height":640},{"@type":"BreadcrumbList","@id":"https:\/\/explora.cl\/rmnorte\/escolares-de-todas-las-edades-se-tomaron-la-feria-de-ciencia-y-medio-ambiente-de-recoleta\/#breadcrumb","itemListElement":[{"@type":"ListItem","position":1,"name":"Portada","item":"https:\/\/explora.cl\/rmnorte\/"},{"@type":"ListItem","position":2,"name":"Escolares de todas las edades se tomaron la feria de ciencia y medio ambiente de recoleta"}]},{"@type":"WebSite","@id":"https:\/\/explora.cl\/rmnorte\/#website","url":"https:\/\/explora.cl\/rmnorte\/","name":"RM Norte","description":"RM Norte explora.cl","potentialAction":[{"@type":"SearchAction","target":{"@type":"EntryPoint","urlTemplate":"https:\/\/explora.cl\/rmnorte\/?s={search_term_string}"},"query-input":{"@type":"PropertyValueSpecification","valueRequired":true,"valueName":"search_term_string"}}],"inLanguage":"es-CL"},{"@type":"Person","@id":"https:\/\/explora.cl\/rmnorte\/#\/schema\/person\/cb8349c13ea2d324080adf8480d7ba5d","name":"webman","image":{"@type":"ImageObject","inLanguage":"es-CL","@id":"https:\/\/explora.cl\/rmnorte\/#\/schema\/person\/image\/","url":"https:\/\/secure.gravatar.com\/avatar\/eeff3c82f2c02f7177d13663b7e6f890e9a6a0647ce9bb29cae02dcb094c7312?s=96&d=mm&r=g","contentUrl":"https:\/\/secure.gravatar.com\/avatar\/eeff3c82f2c02f7177d13663b7e6f890e9a6a0647ce9bb29cae02dcb094c7312?s=96&d=mm&r=g","caption":"webman"},"url":"https:\/\/explora.cl\/rmnorte\/author\/webman\/"}]}},"_links":{"self":[{"href":"https:\/\/explora.cl\/rmnorte\/wp-json\/wp\/v2\/posts\/37317","targetHints":{"allow":["GET"]}}],"collection":[{"href":"https:\/\/explora.cl\/rmnorte\/wp-json\/wp\/v2\/posts"}],"about":[{"href":"https:\/\/explora.cl\/rmnorte\/wp-json\/wp\/v2\/types\/post"}],"author":[{"embeddable":true,"href":"https:\/\/explora.cl\/rmnorte\/wp-json\/wp\/v2\/users\/2"}],"replies":[{"embeddable":true,"href":"https:\/\/explora.cl\/rmnorte\/wp-json\/wp\/v2\/comments?post=37317"}],"version-history":[{"count":1,"href":"https:\/\/explora.cl\/rmnorte\/wp-json\/wp\/v2\/posts\/37317\/revisions"}],"predecessor-version":[{"id":37920,"href":"https:\/\/explora.cl\/rmnorte\/wp-json\/wp\/v2\/posts\/37317\/revisions\/37920"}],"wp:featuredmedia":[{"embeddable":true,"href":"https:\/\/explora.cl\/rmnorte\/wp-json\/wp\/v2\/media\/37318"}],"wp:attachment":[{"href":"https:\/\/explora.cl\/rmnorte\/wp-json\/wp\/v2\/media?parent=37317"}],"wp:term":[{"taxonomy":"category","embeddable":true,"href":"https:\/\/explora.cl\/rmnorte\/wp-json\/wp\/v2\/categories?post=37317"},{"taxonomy":"post_tag","embeddable":true,"href":"https:\/\/explora.cl\/rmnorte\/wp-json\/wp\/v2\/tags?post=37317"}],"curies":[{"name":"wp","href":"https:\/\/api.w.org\/{rel}","templated":true}]}}