{"id":32842,"date":"2017-06-29T00:00:00","date_gmt":"2017-06-29T04:00:00","guid":{"rendered":"https:\/\/explora.cl\/rmnorte\/blog\/2017\/06\/29\/la-tierra-y-sus-capas-fueron-parte-de-1000-cientificos-1000-aulas\/"},"modified":"2019-05-20T17:14:27","modified_gmt":"2019-05-20T17:14:27","slug":"la-tierra-y-sus-capas-fueron-parte-de-1000-cientificos-1000-aulas","status":"publish","type":"post","link":"https:\/\/explora.cl\/rmnorte\/la-tierra-y-sus-capas-fueron-parte-de-1000-cientificos-1000-aulas\/","title":{"rendered":"La Tierra y sus capas fueron parte de 1000 Cient\u00edficos 1000 Aulas"},"content":{"rendered":"<p style=\"text-align: justify\"><a href=\"https:\/\/www.facebook.com\/pg\/ExploraRMNorte\/photos\/?tab=album&amp;album_id=802143423281984\" target=\"_blank\" rel=\"noopener noreferrer\"><img decoding=\"async\" class=\"pull-left size-full wp-image-24056\" src=\"http:\/\/ec2-54-245-22-188.us-west-2.compute.amazonaws.com\/wp-content\/uploads\/2017\/03\/Mira-las-fotos-aqui-2.jpg\" alt=\"\" width=\"207\" height=\"86\" srcset=\"https:\/\/explora.cl\/rmnorte\/wp-content\/uploads\/sites\/11\/2017\/03\/Mira-las-fotos-aqui-2.jpg 306w, https:\/\/explora.cl\/rmnorte\/wp-content\/uploads\/sites\/11\/2017\/03\/Mira-las-fotos-aqui-2-300x125.jpg 300w\" sizes=\"(max-width: 207px) 100vw, 207px\" \/>\u00a0<\/a>Hasta la Escuela El Vergel de Providencia lleg\u00f3 el geof\u00edsico de la Universidad de Chile, Javier Ojeda, para interactuar con las estudiantes de s\u00e9ptimo b\u00e1sico en torno a la geolog\u00eda y la formaci\u00f3n de terremotos.<\/p>\n<p style=\"text-align: justify\">\u00a0<\/p>\n<p style=\"text-align: justify\"><img fetchpriority=\"high\" decoding=\"async\" class=\"pull-right size-full wp-image-26319\" src=\"http:\/\/ec2-54-245-22-188.us-west-2.compute.amazonaws.com\/wp-content\/uploads\/2017\/06\/1000C1000A-El-Vergel-02.jpg\" alt=\"\" width=\"431\" height=\"250\" \/>Para este 2017, la emblem\u00e1tica iniciativa del Programa Explora de CONICYT, denominada 1000 Cient\u00edficos 1000 Aulas, se proyect\u00f3 m\u00e1s all\u00e1 de la Semana Nacional de la Ciencia y la Tecnolog\u00eda, buscando que los encuentros entre estudiantes y cient\u00edfic@s se pudieran materializar durante todo el a\u00f1o.<\/p>\n<p style=\"text-align: justify\">Fue as\u00ed como las estudiantes de la Escuela El Vergel, de Providencia, hicieron un cambio en su rutina diaria para recibir a este joven cient\u00edfico, quien les llev\u00f3 hasta su propia sala de clases, todo lo que involucra la estructura interna de nuestro planeta y de c\u00f3mo se comportan las placas tect\u00f3nicas produciendo en su interacci\u00f3n, los terremotos.<\/p>\n<p style=\"text-align: justify\">Casandra Valdenegro, profesora de biolog\u00eda y ciencias naturales en la Escuela El Vergel, coment\u00f3: \u201cSiempre es s\u00faper provechoso cuando viene alguien distinto a la profe, que est\u00e1 todos los d\u00edas, todo el a\u00f1o con ellas (estudiantes) y este tipo de experiencias contribuyen en gran medida a lo que es la educaci\u00f3n cient\u00edfica, porque las estudiantes e incluso a veces los profesores, nos imaginamos a los cient\u00edficos como personas s\u00faper serias, pesadas y estrictas, pero poder tener esta cercan\u00eda con ellos las impulsa a que tambi\u00e9n quieran estudiar ciencia\u201d.<\/p>\n<p style=\"text-align: justify\">Javier Ojeda, geof\u00edsico de la Universidad de Chile: \u201cMe parece s\u00faper importante que como cient\u00edficos dejemos el escritorio y salgamos a comunicar lo que hacemos, porque as\u00ed le damos un sentido a nuestro quehacer, aplic\u00e1ndolo en pos de la sociedad\u201d.<\/p>\n<p style=\"text-align: justify\">El llamado es para que los cient\u00edficos y cient\u00edficas inscriban sus charlas a trav\u00e9s de la plataforma disponible en <a href=\"https:\/\/servicios.conicyt.cl\/web\/\/1000c1000a\/#\/\" target=\"_blank\" rel=\"noopener noreferrer\">https:\/\/servicios.conicyt.cl\/web\/\/1000c1000a\/#\/<\/a> y completen el formulario de registro.\u00a0<\/p>\n<p style=\"text-align: justify\">La invitaci\u00f3n tambi\u00e9n es para que las y los profesores y educadoras de p\u00e1rvulos se inscriban y reserven sus charlas para el a\u00f1o, tambi\u00e9n a trav\u00e9s de la misma <a href=\"https:\/\/servicios.conicyt.cl\/web\/\/1000c1000a\/#\/\" target=\"_blank\" rel=\"noopener noreferrer\">plataforma<\/a>.\u00a0<\/p>\n<p style=\"text-align: justify\"><img decoding=\"async\" class=\"pull-center size-full wp-image-26320\" src=\"http:\/\/ec2-54-245-22-188.us-west-2.compute.amazonaws.com\/wp-content\/uploads\/2017\/06\/1000C1000A-El-Vergel-03.jpg\" alt=\"\" width=\"1200\" height=\"558\" \/><\/p>\n<p>\u00a0<\/p>\n","protected":false},"excerpt":{"rendered":"<p>\u00a0Hasta la Escuela El Vergel de Providencia lleg\u00f3 el geof\u00edsico de la Universidad de Chile, Javier Ojeda, para interactuar con las estudiantes de s\u00e9ptimo b\u00e1sico en torno a la geolog\u00eda y la formaci\u00f3n de terremotos. \u00a0 Para este 2017, la emblem\u00e1tica iniciativa del Programa Explora de CONICYT, denominada 1000 Cient\u00edficos 1000 Aulas, se proyect\u00f3 m\u00e1s [&hellip;]<\/p>\n","protected":false},"author":2,"featured_media":0,"comment_status":"closed","ping_status":"open","sticky":false,"template":"","format":"standard","meta":{"_acf_changed":false,"_exactmetrics_skip_tracking":false,"_exactmetrics_sitenote_active":false,"_exactmetrics_sitenote_note":"","_exactmetrics_sitenote_category":0,"footnotes":"","_links_to":"","_links_to_target":""},"categories":[4],"tags":[],"class_list":["post-32842","post","type-post","status-publish","format-standard","hentry","category-noticias"],"acf":[],"yoast_head":"<!-- This site is optimized with the Yoast SEO plugin v26.9 - https:\/\/yoast.com\/product\/yoast-seo-wordpress\/ -->\n<title>La Tierra y sus capas fueron parte de 1000 Cient\u00edficos 1000 Aulas - RM Norte<\/title>\n<meta name=\"robots\" content=\"index, follow, max-snippet:-1, max-image-preview:large, max-video-preview:-1\" \/>\n<link rel=\"canonical\" href=\"https:\/\/explora.cl\/rmnorte\/la-tierra-y-sus-capas-fueron-parte-de-1000-cientificos-1000-aulas\/\" class=\"yoast-seo-meta-tag\" \/>\n<meta property=\"og:locale\" content=\"es_ES\" class=\"yoast-seo-meta-tag\" \/>\n<meta property=\"og:type\" content=\"article\" class=\"yoast-seo-meta-tag\" \/>\n<meta property=\"og:title\" content=\"La Tierra y sus capas fueron parte de 1000 Cient\u00edficos 1000 Aulas - RM Norte\" class=\"yoast-seo-meta-tag\" \/>\n<meta property=\"og:description\" content=\"\u00a0Hasta la Escuela El Vergel de Providencia lleg\u00f3 el geof\u00edsico de la Universidad de Chile, Javier Ojeda, para interactuar con las estudiantes de s\u00e9ptimo b\u00e1sico en torno a la geolog\u00eda y la formaci\u00f3n de terremotos. \u00a0 Para este 2017, la emblem\u00e1tica iniciativa del Programa Explora de CONICYT, denominada 1000 Cient\u00edficos 1000 Aulas, se proyect\u00f3 m\u00e1s [&hellip;]\" class=\"yoast-seo-meta-tag\" \/>\n<meta property=\"og:url\" content=\"https:\/\/explora.cl\/rmnorte\/la-tierra-y-sus-capas-fueron-parte-de-1000-cientificos-1000-aulas\/\" class=\"yoast-seo-meta-tag\" \/>\n<meta property=\"og:site_name\" content=\"RM Norte\" class=\"yoast-seo-meta-tag\" \/>\n<meta property=\"article:published_time\" content=\"2017-06-29T04:00:00+00:00\" class=\"yoast-seo-meta-tag\" \/>\n<meta property=\"article:modified_time\" content=\"2019-05-20T17:14:27+00:00\" class=\"yoast-seo-meta-tag\" \/>\n<meta property=\"og:image\" content=\"https:\/\/explora.cl\/rmnorte\/wp-content\/uploads\/sites\/11\/2017\/03\/Mira-las-fotos-aqui-2.jpg\" class=\"yoast-seo-meta-tag\" \/>\n\t<meta property=\"og:image:width\" content=\"306\" class=\"yoast-seo-meta-tag\" \/>\n\t<meta property=\"og:image:height\" content=\"127\" class=\"yoast-seo-meta-tag\" \/>\n\t<meta property=\"og:image:type\" content=\"image\/jpeg\" class=\"yoast-seo-meta-tag\" \/>\n<meta name=\"author\" content=\"webman\" class=\"yoast-seo-meta-tag\" \/>\n<meta name=\"twitter:card\" content=\"summary_large_image\" class=\"yoast-seo-meta-tag\" \/>\n<meta name=\"twitter:label1\" content=\"Escrito por\" class=\"yoast-seo-meta-tag\" \/>\n\t<meta name=\"twitter:data1\" content=\"webman\" class=\"yoast-seo-meta-tag\" \/>\n\t<meta name=\"twitter:label2\" content=\"Tiempo estimado de lectura\" class=\"yoast-seo-meta-tag\" \/>\n\t<meta name=\"twitter:data2\" content=\"2 minutos\" class=\"yoast-seo-meta-tag\" \/>\n<script type=\"application\/ld+json\" class=\"yoast-schema-graph\">{\"@context\":\"https:\/\/schema.org\",\"@graph\":[{\"@type\":\"Article\",\"@id\":\"https:\/\/explora.cl\/rmnorte\/la-tierra-y-sus-capas-fueron-parte-de-1000-cientificos-1000-aulas\/#article\",\"isPartOf\":{\"@id\":\"https:\/\/explora.cl\/rmnorte\/la-tierra-y-sus-capas-fueron-parte-de-1000-cientificos-1000-aulas\/\"},\"author\":{\"name\":\"webman\",\"@id\":\"https:\/\/explora.cl\/rmnorte\/#\/schema\/person\/cb8349c13ea2d324080adf8480d7ba5d\"},\"headline\":\"La Tierra y sus capas fueron parte de 1000 Cient\u00edficos 1000 Aulas\",\"datePublished\":\"2017-06-29T04:00:00+00:00\",\"dateModified\":\"2019-05-20T17:14:27+00:00\",\"mainEntityOfPage\":{\"@id\":\"https:\/\/explora.cl\/rmnorte\/la-tierra-y-sus-capas-fueron-parte-de-1000-cientificos-1000-aulas\/\"},\"wordCount\":375,\"image\":{\"@id\":\"https:\/\/explora.cl\/rmnorte\/la-tierra-y-sus-capas-fueron-parte-de-1000-cientificos-1000-aulas\/#primaryimage\"},\"thumbnailUrl\":\"http:\/\/ec2-54-245-22-188.us-west-2.compute.amazonaws.com\/wp-content\/uploads\/2017\/03\/Mira-las-fotos-aqui-2.jpg\",\"articleSection\":[\"Noticias\"],\"inLanguage\":\"es-CL\"},{\"@type\":\"WebPage\",\"@id\":\"https:\/\/explora.cl\/rmnorte\/la-tierra-y-sus-capas-fueron-parte-de-1000-cientificos-1000-aulas\/\",\"url\":\"https:\/\/explora.cl\/rmnorte\/la-tierra-y-sus-capas-fueron-parte-de-1000-cientificos-1000-aulas\/\",\"name\":\"La Tierra y sus capas fueron parte de 1000 Cient\u00edficos 1000 Aulas - RM Norte\",\"isPartOf\":{\"@id\":\"https:\/\/explora.cl\/rmnorte\/#website\"},\"primaryImageOfPage\":{\"@id\":\"https:\/\/explora.cl\/rmnorte\/la-tierra-y-sus-capas-fueron-parte-de-1000-cientificos-1000-aulas\/#primaryimage\"},\"image\":{\"@id\":\"https:\/\/explora.cl\/rmnorte\/la-tierra-y-sus-capas-fueron-parte-de-1000-cientificos-1000-aulas\/#primaryimage\"},\"thumbnailUrl\":\"http:\/\/ec2-54-245-22-188.us-west-2.compute.amazonaws.com\/wp-content\/uploads\/2017\/03\/Mira-las-fotos-aqui-2.jpg\",\"datePublished\":\"2017-06-29T04:00:00+00:00\",\"dateModified\":\"2019-05-20T17:14:27+00:00\",\"author\":{\"@id\":\"https:\/\/explora.cl\/rmnorte\/#\/schema\/person\/cb8349c13ea2d324080adf8480d7ba5d\"},\"breadcrumb\":{\"@id\":\"https:\/\/explora.cl\/rmnorte\/la-tierra-y-sus-capas-fueron-parte-de-1000-cientificos-1000-aulas\/#breadcrumb\"},\"inLanguage\":\"es-CL\",\"potentialAction\":[{\"@type\":\"ReadAction\",\"target\":[\"https:\/\/explora.cl\/rmnorte\/la-tierra-y-sus-capas-fueron-parte-de-1000-cientificos-1000-aulas\/\"]}]},{\"@type\":\"ImageObject\",\"inLanguage\":\"es-CL\",\"@id\":\"https:\/\/explora.cl\/rmnorte\/la-tierra-y-sus-capas-fueron-parte-de-1000-cientificos-1000-aulas\/#primaryimage\",\"url\":\"http:\/\/ec2-54-245-22-188.us-west-2.compute.amazonaws.com\/wp-content\/uploads\/2017\/03\/Mira-las-fotos-aqui-2.jpg\",\"contentUrl\":\"http:\/\/ec2-54-245-22-188.us-west-2.compute.amazonaws.com\/wp-content\/uploads\/2017\/03\/Mira-las-fotos-aqui-2.jpg\"},{\"@type\":\"BreadcrumbList\",\"@id\":\"https:\/\/explora.cl\/rmnorte\/la-tierra-y-sus-capas-fueron-parte-de-1000-cientificos-1000-aulas\/#breadcrumb\",\"itemListElement\":[{\"@type\":\"ListItem\",\"position\":1,\"name\":\"Portada\",\"item\":\"https:\/\/explora.cl\/rmnorte\/\"},{\"@type\":\"ListItem\",\"position\":2,\"name\":\"La Tierra y sus capas fueron parte de 1000 Cient\u00edficos 1000 Aulas\"}]},{\"@type\":\"WebSite\",\"@id\":\"https:\/\/explora.cl\/rmnorte\/#website\",\"url\":\"https:\/\/explora.cl\/rmnorte\/\",\"name\":\"RM Norte\",\"description\":\"RM Norte explora.cl\",\"potentialAction\":[{\"@type\":\"SearchAction\",\"target\":{\"@type\":\"EntryPoint\",\"urlTemplate\":\"https:\/\/explora.cl\/rmnorte\/?s={search_term_string}\"},\"query-input\":{\"@type\":\"PropertyValueSpecification\",\"valueRequired\":true,\"valueName\":\"search_term_string\"}}],\"inLanguage\":\"es-CL\"},{\"@type\":\"Person\",\"@id\":\"https:\/\/explora.cl\/rmnorte\/#\/schema\/person\/cb8349c13ea2d324080adf8480d7ba5d\",\"name\":\"webman\",\"image\":{\"@type\":\"ImageObject\",\"inLanguage\":\"es-CL\",\"@id\":\"https:\/\/explora.cl\/rmnorte\/#\/schema\/person\/image\/\",\"url\":\"https:\/\/secure.gravatar.com\/avatar\/eeff3c82f2c02f7177d13663b7e6f890e9a6a0647ce9bb29cae02dcb094c7312?s=96&d=mm&r=g\",\"contentUrl\":\"https:\/\/secure.gravatar.com\/avatar\/eeff3c82f2c02f7177d13663b7e6f890e9a6a0647ce9bb29cae02dcb094c7312?s=96&d=mm&r=g\",\"caption\":\"webman\"},\"url\":\"https:\/\/explora.cl\/rmnorte\/author\/webman\/\"}]}<\/script>\n<!-- \/ Yoast SEO plugin. -->","yoast_head_json":{"title":"La Tierra y sus capas fueron parte de 1000 Cient\u00edficos 1000 Aulas - RM Norte","robots":{"index":"index","follow":"follow","max-snippet":"max-snippet:-1","max-image-preview":"max-image-preview:large","max-video-preview":"max-video-preview:-1"},"canonical":"https:\/\/explora.cl\/rmnorte\/la-tierra-y-sus-capas-fueron-parte-de-1000-cientificos-1000-aulas\/","og_locale":"es_ES","og_type":"article","og_title":"La Tierra y sus capas fueron parte de 1000 Cient\u00edficos 1000 Aulas - RM Norte","og_description":"\u00a0Hasta la Escuela El Vergel de Providencia lleg\u00f3 el geof\u00edsico de la Universidad de Chile, Javier Ojeda, para interactuar con las estudiantes de s\u00e9ptimo b\u00e1sico en torno a la geolog\u00eda y la formaci\u00f3n de terremotos. \u00a0 Para este 2017, la emblem\u00e1tica iniciativa del Programa Explora de CONICYT, denominada 1000 Cient\u00edficos 1000 Aulas, se proyect\u00f3 m\u00e1s [&hellip;]","og_url":"https:\/\/explora.cl\/rmnorte\/la-tierra-y-sus-capas-fueron-parte-de-1000-cientificos-1000-aulas\/","og_site_name":"RM Norte","article_published_time":"2017-06-29T04:00:00+00:00","article_modified_time":"2019-05-20T17:14:27+00:00","og_image":[{"width":306,"height":127,"url":"https:\/\/explora.cl\/rmnorte\/wp-content\/uploads\/sites\/11\/2017\/03\/Mira-las-fotos-aqui-2.jpg","type":"image\/jpeg"}],"author":"webman","twitter_card":"summary_large_image","twitter_misc":{"Escrito por":"webman","Tiempo estimado de lectura":"2 minutos"},"schema":{"@context":"https:\/\/schema.org","@graph":[{"@type":"Article","@id":"https:\/\/explora.cl\/rmnorte\/la-tierra-y-sus-capas-fueron-parte-de-1000-cientificos-1000-aulas\/#article","isPartOf":{"@id":"https:\/\/explora.cl\/rmnorte\/la-tierra-y-sus-capas-fueron-parte-de-1000-cientificos-1000-aulas\/"},"author":{"name":"webman","@id":"https:\/\/explora.cl\/rmnorte\/#\/schema\/person\/cb8349c13ea2d324080adf8480d7ba5d"},"headline":"La Tierra y sus capas fueron parte de 1000 Cient\u00edficos 1000 Aulas","datePublished":"2017-06-29T04:00:00+00:00","dateModified":"2019-05-20T17:14:27+00:00","mainEntityOfPage":{"@id":"https:\/\/explora.cl\/rmnorte\/la-tierra-y-sus-capas-fueron-parte-de-1000-cientificos-1000-aulas\/"},"wordCount":375,"image":{"@id":"https:\/\/explora.cl\/rmnorte\/la-tierra-y-sus-capas-fueron-parte-de-1000-cientificos-1000-aulas\/#primaryimage"},"thumbnailUrl":"http:\/\/ec2-54-245-22-188.us-west-2.compute.amazonaws.com\/wp-content\/uploads\/2017\/03\/Mira-las-fotos-aqui-2.jpg","articleSection":["Noticias"],"inLanguage":"es-CL"},{"@type":"WebPage","@id":"https:\/\/explora.cl\/rmnorte\/la-tierra-y-sus-capas-fueron-parte-de-1000-cientificos-1000-aulas\/","url":"https:\/\/explora.cl\/rmnorte\/la-tierra-y-sus-capas-fueron-parte-de-1000-cientificos-1000-aulas\/","name":"La Tierra y sus capas fueron parte de 1000 Cient\u00edficos 1000 Aulas - RM Norte","isPartOf":{"@id":"https:\/\/explora.cl\/rmnorte\/#website"},"primaryImageOfPage":{"@id":"https:\/\/explora.cl\/rmnorte\/la-tierra-y-sus-capas-fueron-parte-de-1000-cientificos-1000-aulas\/#primaryimage"},"image":{"@id":"https:\/\/explora.cl\/rmnorte\/la-tierra-y-sus-capas-fueron-parte-de-1000-cientificos-1000-aulas\/#primaryimage"},"thumbnailUrl":"http:\/\/ec2-54-245-22-188.us-west-2.compute.amazonaws.com\/wp-content\/uploads\/2017\/03\/Mira-las-fotos-aqui-2.jpg","datePublished":"2017-06-29T04:00:00+00:00","dateModified":"2019-05-20T17:14:27+00:00","author":{"@id":"https:\/\/explora.cl\/rmnorte\/#\/schema\/person\/cb8349c13ea2d324080adf8480d7ba5d"},"breadcrumb":{"@id":"https:\/\/explora.cl\/rmnorte\/la-tierra-y-sus-capas-fueron-parte-de-1000-cientificos-1000-aulas\/#breadcrumb"},"inLanguage":"es-CL","potentialAction":[{"@type":"ReadAction","target":["https:\/\/explora.cl\/rmnorte\/la-tierra-y-sus-capas-fueron-parte-de-1000-cientificos-1000-aulas\/"]}]},{"@type":"ImageObject","inLanguage":"es-CL","@id":"https:\/\/explora.cl\/rmnorte\/la-tierra-y-sus-capas-fueron-parte-de-1000-cientificos-1000-aulas\/#primaryimage","url":"http:\/\/ec2-54-245-22-188.us-west-2.compute.amazonaws.com\/wp-content\/uploads\/2017\/03\/Mira-las-fotos-aqui-2.jpg","contentUrl":"http:\/\/ec2-54-245-22-188.us-west-2.compute.amazonaws.com\/wp-content\/uploads\/2017\/03\/Mira-las-fotos-aqui-2.jpg"},{"@type":"BreadcrumbList","@id":"https:\/\/explora.cl\/rmnorte\/la-tierra-y-sus-capas-fueron-parte-de-1000-cientificos-1000-aulas\/#breadcrumb","itemListElement":[{"@type":"ListItem","position":1,"name":"Portada","item":"https:\/\/explora.cl\/rmnorte\/"},{"@type":"ListItem","position":2,"name":"La Tierra y sus capas fueron parte de 1000 Cient\u00edficos 1000 Aulas"}]},{"@type":"WebSite","@id":"https:\/\/explora.cl\/rmnorte\/#website","url":"https:\/\/explora.cl\/rmnorte\/","name":"RM Norte","description":"RM Norte explora.cl","potentialAction":[{"@type":"SearchAction","target":{"@type":"EntryPoint","urlTemplate":"https:\/\/explora.cl\/rmnorte\/?s={search_term_string}"},"query-input":{"@type":"PropertyValueSpecification","valueRequired":true,"valueName":"search_term_string"}}],"inLanguage":"es-CL"},{"@type":"Person","@id":"https:\/\/explora.cl\/rmnorte\/#\/schema\/person\/cb8349c13ea2d324080adf8480d7ba5d","name":"webman","image":{"@type":"ImageObject","inLanguage":"es-CL","@id":"https:\/\/explora.cl\/rmnorte\/#\/schema\/person\/image\/","url":"https:\/\/secure.gravatar.com\/avatar\/eeff3c82f2c02f7177d13663b7e6f890e9a6a0647ce9bb29cae02dcb094c7312?s=96&d=mm&r=g","contentUrl":"https:\/\/secure.gravatar.com\/avatar\/eeff3c82f2c02f7177d13663b7e6f890e9a6a0647ce9bb29cae02dcb094c7312?s=96&d=mm&r=g","caption":"webman"},"url":"https:\/\/explora.cl\/rmnorte\/author\/webman\/"}]}},"_links":{"self":[{"href":"https:\/\/explora.cl\/rmnorte\/wp-json\/wp\/v2\/posts\/32842","targetHints":{"allow":["GET"]}}],"collection":[{"href":"https:\/\/explora.cl\/rmnorte\/wp-json\/wp\/v2\/posts"}],"about":[{"href":"https:\/\/explora.cl\/rmnorte\/wp-json\/wp\/v2\/types\/post"}],"author":[{"embeddable":true,"href":"https:\/\/explora.cl\/rmnorte\/wp-json\/wp\/v2\/users\/2"}],"replies":[{"embeddable":true,"href":"https:\/\/explora.cl\/rmnorte\/wp-json\/wp\/v2\/comments?post=32842"}],"version-history":[{"count":1,"href":"https:\/\/explora.cl\/rmnorte\/wp-json\/wp\/v2\/posts\/32842\/revisions"}],"predecessor-version":[{"id":38026,"href":"https:\/\/explora.cl\/rmnorte\/wp-json\/wp\/v2\/posts\/32842\/revisions\/38026"}],"wp:attachment":[{"href":"https:\/\/explora.cl\/rmnorte\/wp-json\/wp\/v2\/media?parent=32842"}],"wp:term":[{"taxonomy":"category","embeddable":true,"href":"https:\/\/explora.cl\/rmnorte\/wp-json\/wp\/v2\/categories?post=32842"},{"taxonomy":"post_tag","embeddable":true,"href":"https:\/\/explora.cl\/rmnorte\/wp-json\/wp\/v2\/tags?post=32842"}],"curies":[{"name":"wp","href":"https:\/\/api.w.org\/{rel}","templated":true}]}}