{"id":32065,"date":"2014-09-03T00:00:00","date_gmt":"2014-09-03T04:00:00","guid":{"rendered":"https:\/\/explora.cl\/rmnorte\/blog\/2014\/09\/03\/astronomia-exploratoria-inauguro-el-ciclo-de-talleres-de-preparacion-para-el-dia-de-la-ciencia-en-mi-colegio\/"},"modified":"2019-05-20T17:23:37","modified_gmt":"2019-05-20T17:23:37","slug":"astronomia-exploratoria-inauguro-el-ciclo-de-talleres-de-preparacion-para-el-dia-de-la-ciencia-en-mi-colegio","status":"publish","type":"post","link":"https:\/\/explora.cl\/rmnorte\/astronomia-exploratoria-inauguro-el-ciclo-de-talleres-de-preparacion-para-el-dia-de-la-ciencia-en-mi-colegio\/","title":{"rendered":"\u201cAstronom\u00eda Exploratoria\u201d inaugur\u00f3 el ciclo de talleres de preparaci\u00f3n para el \u201cD\u00eda de la Ciencia en Mi Colegio\u201d"},"content":{"rendered":"<p><img fetchpriority=\"high\" decoding=\"async\" class=\" size-full wp-image-5160\" src=\"http:\/\/ec2-34-218-253-251.us-west-2.compute.amazonaws.com\/wp-content\/uploads\/2014\/09\/90683f730b399de432426b19b8c1c795.jpg\" alt=\"\" width=\"1000\" height=\"797\" \/><\/p>\n<p>El ingeniero del Observatorio Interamericano Cerro Tololo, Juan Seguel, fue el encargado de iniciar el ciclo de talleres destinados a entregar a las y los profesores herramientas pr\u00e1cticas para desarrollar con sus estudiantes durante la Semana de la Ciencia.<\/p>\n<p>\u00a0<\/p>\n<p>Este primer taller, organizado por el Instituto Milenio de Astrof\u00edsica en conjunto con el PAR EXPLORA RM Norte, se desarroll\u00f3 en la Sede Santiago de la Universidad Arturo Prat el pasado 02 de septiembre y estuvo destinado a educadoras de p\u00e1rvulos y docentes de ense\u00f1anza b\u00e1sica.<\/p>\n<p><img decoding=\"async\" src=\"images\/IMAGENES-RM-NORTE\/Astronomia%20Exploratoria%20-%2001.jpg\" border=\"0\" width=\"317\" height=\"211\" style=\"float: left;margin: 5px;border: 5px solid black\" \/>Juan Seguel, el relator de la jornada, es Coordinador del \u00c1rea de Extensi\u00f3n y Educaci\u00f3n P\u00fablica del Observatorio Cerro Tololo y se\u00f1al\u00f3 respecto al taller: \u201cTratamos a trav\u00e9s de estos talleres de acercar los conocimientos y hacerlos m\u00e1s l\u00fadicos para que las y los profesores puedan transmitirlos a sus estudiantes, ofreci\u00e9ndoles experiencias y actividades que puedan que puedan replicar con materiales muy sencillos\u201d.<\/p>\n<p>Diversas fueron las tem\u00e1ticas abordadas durante el taller, partiendo por la contaminaci\u00f3n lum\u00ednica y la protecci\u00f3n del cielo, para luego adentrarse en el sol, las estrellas y la luna, finalizando con la luz y la espectroscopia.<\/p>\n<p><img decoding=\"async\" src=\"images\/IMAGENES-RM-NORTE\/Astronomia%20Exploratoria%20-%2002.jpg\" border=\"0\" width=\"375\" height=\"185\" style=\"float: right;margin: 5px;border: 5px solid black\" \/>Ana Oyola, es profesora de la Escuela Rep\u00fablica de Colombia de la comuna de Santiago y coment\u00f3 al finalizar respecto al material pedag\u00f3gico recibido: \u201cSon actividades que no necesitan tantos recursos y son factibles de hacer con los ni\u00f1os, ya que a ellos les gusta mucho esta unidad, les llama mucho la atenci\u00f3n y este tipo de actividades son entretenidas y motivadoras\u201d.<\/p>\n<p>Al concluir el taller las y los asistentes recibieron un kit con materiales para replicar las experiencias vividas, adem\u00e1s de las respectivas gu\u00edas pedag\u00f3gicas que facilitar\u00e1n la implementaci\u00f3n.<\/p>\n<p>\u00a0<\/p>\n","protected":false},"excerpt":{"rendered":"<p>El ingeniero del Observatorio Interamericano Cerro Tololo, Juan Seguel, fue el encargado de iniciar el ciclo de talleres destinados a entregar a las y los profesores herramientas pr\u00e1cticas para desarrollar con sus estudiantes durante la Semana de la Ciencia. \u00a0 Este primer taller, organizado por el Instituto Milenio de Astrof\u00edsica en conjunto con el PAR [&hellip;]<\/p>\n","protected":false},"author":2,"featured_media":33825,"comment_status":"closed","ping_status":"open","sticky":false,"template":"","format":"standard","meta":{"_acf_changed":false,"_exactmetrics_skip_tracking":false,"_exactmetrics_sitenote_active":false,"_exactmetrics_sitenote_note":"","_exactmetrics_sitenote_category":0,"footnotes":"","_links_to":"","_links_to_target":""},"categories":[4],"tags":[],"class_list":["post-32065","post","type-post","status-publish","format-standard","has-post-thumbnail","hentry","category-noticias"],"acf":[],"yoast_head":"<!-- This site is optimized with the Yoast SEO plugin v26.9 - https:\/\/yoast.com\/product\/yoast-seo-wordpress\/ -->\n<title>\u201cAstronom\u00eda Exploratoria\u201d inaugur\u00f3 el ciclo de talleres de preparaci\u00f3n para el \u201cD\u00eda de la Ciencia en Mi Colegio\u201d - RM Norte<\/title>\n<meta name=\"robots\" content=\"index, follow, max-snippet:-1, max-image-preview:large, max-video-preview:-1\" \/>\n<link rel=\"canonical\" href=\"https:\/\/explora.cl\/rmnorte\/astronomia-exploratoria-inauguro-el-ciclo-de-talleres-de-preparacion-para-el-dia-de-la-ciencia-en-mi-colegio\/\" class=\"yoast-seo-meta-tag\" \/>\n<meta property=\"og:locale\" content=\"es_ES\" class=\"yoast-seo-meta-tag\" \/>\n<meta property=\"og:type\" content=\"article\" class=\"yoast-seo-meta-tag\" \/>\n<meta property=\"og:title\" content=\"\u201cAstronom\u00eda Exploratoria\u201d inaugur\u00f3 el ciclo de talleres de preparaci\u00f3n para el \u201cD\u00eda de la Ciencia en Mi Colegio\u201d - RM Norte\" class=\"yoast-seo-meta-tag\" \/>\n<meta property=\"og:description\" content=\"El ingeniero del Observatorio Interamericano Cerro Tololo, Juan Seguel, fue el encargado de iniciar el ciclo de talleres destinados a entregar a las y los profesores herramientas pr\u00e1cticas para desarrollar con sus estudiantes durante la Semana de la Ciencia. \u00a0 Este primer taller, organizado por el Instituto Milenio de Astrof\u00edsica en conjunto con el PAR [&hellip;]\" class=\"yoast-seo-meta-tag\" \/>\n<meta property=\"og:url\" content=\"https:\/\/explora.cl\/rmnorte\/astronomia-exploratoria-inauguro-el-ciclo-de-talleres-de-preparacion-para-el-dia-de-la-ciencia-en-mi-colegio\/\" class=\"yoast-seo-meta-tag\" \/>\n<meta property=\"og:site_name\" content=\"RM Norte\" class=\"yoast-seo-meta-tag\" \/>\n<meta property=\"article:published_time\" content=\"2014-09-03T04:00:00+00:00\" class=\"yoast-seo-meta-tag\" \/>\n<meta property=\"article:modified_time\" content=\"2019-05-20T17:23:37+00:00\" class=\"yoast-seo-meta-tag\" \/>\n<meta property=\"og:image\" content=\"https:\/\/explora.cl\/rmnorte\/wp-content\/uploads\/sites\/11\/2018\/06\/90683f730b399de432426b19b8c1c795.jpg\" class=\"yoast-seo-meta-tag\" \/>\n\t<meta property=\"og:image:width\" content=\"1000\" class=\"yoast-seo-meta-tag\" \/>\n\t<meta property=\"og:image:height\" content=\"797\" class=\"yoast-seo-meta-tag\" \/>\n\t<meta property=\"og:image:type\" content=\"image\/jpeg\" class=\"yoast-seo-meta-tag\" \/>\n<meta name=\"author\" content=\"webman\" class=\"yoast-seo-meta-tag\" \/>\n<meta name=\"twitter:card\" content=\"summary_large_image\" class=\"yoast-seo-meta-tag\" \/>\n<meta name=\"twitter:label1\" content=\"Escrito por\" class=\"yoast-seo-meta-tag\" \/>\n\t<meta name=\"twitter:data1\" content=\"webman\" class=\"yoast-seo-meta-tag\" \/>\n\t<meta name=\"twitter:label2\" content=\"Tiempo estimado de lectura\" class=\"yoast-seo-meta-tag\" \/>\n\t<meta name=\"twitter:data2\" content=\"1 minuto\" class=\"yoast-seo-meta-tag\" \/>\n<script type=\"application\/ld+json\" class=\"yoast-schema-graph\">{\"@context\":\"https:\/\/schema.org\",\"@graph\":[{\"@type\":\"Article\",\"@id\":\"https:\/\/explora.cl\/rmnorte\/astronomia-exploratoria-inauguro-el-ciclo-de-talleres-de-preparacion-para-el-dia-de-la-ciencia-en-mi-colegio\/#article\",\"isPartOf\":{\"@id\":\"https:\/\/explora.cl\/rmnorte\/astronomia-exploratoria-inauguro-el-ciclo-de-talleres-de-preparacion-para-el-dia-de-la-ciencia-en-mi-colegio\/\"},\"author\":{\"name\":\"webman\",\"@id\":\"https:\/\/explora.cl\/rmnorte\/#\/schema\/person\/cb8349c13ea2d324080adf8480d7ba5d\"},\"headline\":\"\u201cAstronom\u00eda Exploratoria\u201d inaugur\u00f3 el ciclo de talleres de preparaci\u00f3n para el \u201cD\u00eda de la Ciencia en Mi Colegio\u201d\",\"datePublished\":\"2014-09-03T04:00:00+00:00\",\"dateModified\":\"2019-05-20T17:23:37+00:00\",\"mainEntityOfPage\":{\"@id\":\"https:\/\/explora.cl\/rmnorte\/astronomia-exploratoria-inauguro-el-ciclo-de-talleres-de-preparacion-para-el-dia-de-la-ciencia-en-mi-colegio\/\"},\"wordCount\":320,\"image\":{\"@id\":\"https:\/\/explora.cl\/rmnorte\/astronomia-exploratoria-inauguro-el-ciclo-de-talleres-de-preparacion-para-el-dia-de-la-ciencia-en-mi-colegio\/#primaryimage\"},\"thumbnailUrl\":\"https:\/\/explora.cl\/rmnorte\/wp-content\/uploads\/sites\/11\/2018\/06\/90683f730b399de432426b19b8c1c795.jpg\",\"articleSection\":[\"Noticias\"],\"inLanguage\":\"es-CL\"},{\"@type\":\"WebPage\",\"@id\":\"https:\/\/explora.cl\/rmnorte\/astronomia-exploratoria-inauguro-el-ciclo-de-talleres-de-preparacion-para-el-dia-de-la-ciencia-en-mi-colegio\/\",\"url\":\"https:\/\/explora.cl\/rmnorte\/astronomia-exploratoria-inauguro-el-ciclo-de-talleres-de-preparacion-para-el-dia-de-la-ciencia-en-mi-colegio\/\",\"name\":\"\u201cAstronom\u00eda Exploratoria\u201d inaugur\u00f3 el ciclo de talleres de preparaci\u00f3n para el \u201cD\u00eda de la Ciencia en Mi Colegio\u201d - RM Norte\",\"isPartOf\":{\"@id\":\"https:\/\/explora.cl\/rmnorte\/#website\"},\"primaryImageOfPage\":{\"@id\":\"https:\/\/explora.cl\/rmnorte\/astronomia-exploratoria-inauguro-el-ciclo-de-talleres-de-preparacion-para-el-dia-de-la-ciencia-en-mi-colegio\/#primaryimage\"},\"image\":{\"@id\":\"https:\/\/explora.cl\/rmnorte\/astronomia-exploratoria-inauguro-el-ciclo-de-talleres-de-preparacion-para-el-dia-de-la-ciencia-en-mi-colegio\/#primaryimage\"},\"thumbnailUrl\":\"https:\/\/explora.cl\/rmnorte\/wp-content\/uploads\/sites\/11\/2018\/06\/90683f730b399de432426b19b8c1c795.jpg\",\"datePublished\":\"2014-09-03T04:00:00+00:00\",\"dateModified\":\"2019-05-20T17:23:37+00:00\",\"author\":{\"@id\":\"https:\/\/explora.cl\/rmnorte\/#\/schema\/person\/cb8349c13ea2d324080adf8480d7ba5d\"},\"breadcrumb\":{\"@id\":\"https:\/\/explora.cl\/rmnorte\/astronomia-exploratoria-inauguro-el-ciclo-de-talleres-de-preparacion-para-el-dia-de-la-ciencia-en-mi-colegio\/#breadcrumb\"},\"inLanguage\":\"es-CL\",\"potentialAction\":[{\"@type\":\"ReadAction\",\"target\":[\"https:\/\/explora.cl\/rmnorte\/astronomia-exploratoria-inauguro-el-ciclo-de-talleres-de-preparacion-para-el-dia-de-la-ciencia-en-mi-colegio\/\"]}]},{\"@type\":\"ImageObject\",\"inLanguage\":\"es-CL\",\"@id\":\"https:\/\/explora.cl\/rmnorte\/astronomia-exploratoria-inauguro-el-ciclo-de-talleres-de-preparacion-para-el-dia-de-la-ciencia-en-mi-colegio\/#primaryimage\",\"url\":\"https:\/\/explora.cl\/rmnorte\/wp-content\/uploads\/sites\/11\/2018\/06\/90683f730b399de432426b19b8c1c795.jpg\",\"contentUrl\":\"https:\/\/explora.cl\/rmnorte\/wp-content\/uploads\/sites\/11\/2018\/06\/90683f730b399de432426b19b8c1c795.jpg\",\"width\":1000,\"height\":797},{\"@type\":\"BreadcrumbList\",\"@id\":\"https:\/\/explora.cl\/rmnorte\/astronomia-exploratoria-inauguro-el-ciclo-de-talleres-de-preparacion-para-el-dia-de-la-ciencia-en-mi-colegio\/#breadcrumb\",\"itemListElement\":[{\"@type\":\"ListItem\",\"position\":1,\"name\":\"Portada\",\"item\":\"https:\/\/explora.cl\/rmnorte\/\"},{\"@type\":\"ListItem\",\"position\":2,\"name\":\"\u201cAstronom\u00eda Exploratoria\u201d inaugur\u00f3 el ciclo de talleres de preparaci\u00f3n para el \u201cD\u00eda de la Ciencia en Mi Colegio\u201d\"}]},{\"@type\":\"WebSite\",\"@id\":\"https:\/\/explora.cl\/rmnorte\/#website\",\"url\":\"https:\/\/explora.cl\/rmnorte\/\",\"name\":\"RM Norte\",\"description\":\"RM Norte explora.cl\",\"potentialAction\":[{\"@type\":\"SearchAction\",\"target\":{\"@type\":\"EntryPoint\",\"urlTemplate\":\"https:\/\/explora.cl\/rmnorte\/?s={search_term_string}\"},\"query-input\":{\"@type\":\"PropertyValueSpecification\",\"valueRequired\":true,\"valueName\":\"search_term_string\"}}],\"inLanguage\":\"es-CL\"},{\"@type\":\"Person\",\"@id\":\"https:\/\/explora.cl\/rmnorte\/#\/schema\/person\/cb8349c13ea2d324080adf8480d7ba5d\",\"name\":\"webman\",\"image\":{\"@type\":\"ImageObject\",\"inLanguage\":\"es-CL\",\"@id\":\"https:\/\/explora.cl\/rmnorte\/#\/schema\/person\/image\/\",\"url\":\"https:\/\/secure.gravatar.com\/avatar\/eeff3c82f2c02f7177d13663b7e6f890e9a6a0647ce9bb29cae02dcb094c7312?s=96&d=mm&r=g\",\"contentUrl\":\"https:\/\/secure.gravatar.com\/avatar\/eeff3c82f2c02f7177d13663b7e6f890e9a6a0647ce9bb29cae02dcb094c7312?s=96&d=mm&r=g\",\"caption\":\"webman\"},\"url\":\"https:\/\/explora.cl\/rmnorte\/author\/webman\/\"}]}<\/script>\n<!-- \/ Yoast SEO plugin. -->","yoast_head_json":{"title":"\u201cAstronom\u00eda Exploratoria\u201d inaugur\u00f3 el ciclo de talleres de preparaci\u00f3n para el \u201cD\u00eda de la Ciencia en Mi Colegio\u201d - RM Norte","robots":{"index":"index","follow":"follow","max-snippet":"max-snippet:-1","max-image-preview":"max-image-preview:large","max-video-preview":"max-video-preview:-1"},"canonical":"https:\/\/explora.cl\/rmnorte\/astronomia-exploratoria-inauguro-el-ciclo-de-talleres-de-preparacion-para-el-dia-de-la-ciencia-en-mi-colegio\/","og_locale":"es_ES","og_type":"article","og_title":"\u201cAstronom\u00eda Exploratoria\u201d inaugur\u00f3 el ciclo de talleres de preparaci\u00f3n para el \u201cD\u00eda de la Ciencia en Mi Colegio\u201d - RM Norte","og_description":"El ingeniero del Observatorio Interamericano Cerro Tololo, Juan Seguel, fue el encargado de iniciar el ciclo de talleres destinados a entregar a las y los profesores herramientas pr\u00e1cticas para desarrollar con sus estudiantes durante la Semana de la Ciencia. \u00a0 Este primer taller, organizado por el Instituto Milenio de Astrof\u00edsica en conjunto con el PAR [&hellip;]","og_url":"https:\/\/explora.cl\/rmnorte\/astronomia-exploratoria-inauguro-el-ciclo-de-talleres-de-preparacion-para-el-dia-de-la-ciencia-en-mi-colegio\/","og_site_name":"RM Norte","article_published_time":"2014-09-03T04:00:00+00:00","article_modified_time":"2019-05-20T17:23:37+00:00","og_image":[{"width":1000,"height":797,"url":"https:\/\/explora.cl\/rmnorte\/wp-content\/uploads\/sites\/11\/2018\/06\/90683f730b399de432426b19b8c1c795.jpg","type":"image\/jpeg"}],"author":"webman","twitter_card":"summary_large_image","twitter_misc":{"Escrito por":"webman","Tiempo estimado de lectura":"1 minuto"},"schema":{"@context":"https:\/\/schema.org","@graph":[{"@type":"Article","@id":"https:\/\/explora.cl\/rmnorte\/astronomia-exploratoria-inauguro-el-ciclo-de-talleres-de-preparacion-para-el-dia-de-la-ciencia-en-mi-colegio\/#article","isPartOf":{"@id":"https:\/\/explora.cl\/rmnorte\/astronomia-exploratoria-inauguro-el-ciclo-de-talleres-de-preparacion-para-el-dia-de-la-ciencia-en-mi-colegio\/"},"author":{"name":"webman","@id":"https:\/\/explora.cl\/rmnorte\/#\/schema\/person\/cb8349c13ea2d324080adf8480d7ba5d"},"headline":"\u201cAstronom\u00eda Exploratoria\u201d inaugur\u00f3 el ciclo de talleres de preparaci\u00f3n para el \u201cD\u00eda de la Ciencia en Mi Colegio\u201d","datePublished":"2014-09-03T04:00:00+00:00","dateModified":"2019-05-20T17:23:37+00:00","mainEntityOfPage":{"@id":"https:\/\/explora.cl\/rmnorte\/astronomia-exploratoria-inauguro-el-ciclo-de-talleres-de-preparacion-para-el-dia-de-la-ciencia-en-mi-colegio\/"},"wordCount":320,"image":{"@id":"https:\/\/explora.cl\/rmnorte\/astronomia-exploratoria-inauguro-el-ciclo-de-talleres-de-preparacion-para-el-dia-de-la-ciencia-en-mi-colegio\/#primaryimage"},"thumbnailUrl":"https:\/\/explora.cl\/rmnorte\/wp-content\/uploads\/sites\/11\/2018\/06\/90683f730b399de432426b19b8c1c795.jpg","articleSection":["Noticias"],"inLanguage":"es-CL"},{"@type":"WebPage","@id":"https:\/\/explora.cl\/rmnorte\/astronomia-exploratoria-inauguro-el-ciclo-de-talleres-de-preparacion-para-el-dia-de-la-ciencia-en-mi-colegio\/","url":"https:\/\/explora.cl\/rmnorte\/astronomia-exploratoria-inauguro-el-ciclo-de-talleres-de-preparacion-para-el-dia-de-la-ciencia-en-mi-colegio\/","name":"\u201cAstronom\u00eda Exploratoria\u201d inaugur\u00f3 el ciclo de talleres de preparaci\u00f3n para el \u201cD\u00eda de la Ciencia en Mi Colegio\u201d - RM Norte","isPartOf":{"@id":"https:\/\/explora.cl\/rmnorte\/#website"},"primaryImageOfPage":{"@id":"https:\/\/explora.cl\/rmnorte\/astronomia-exploratoria-inauguro-el-ciclo-de-talleres-de-preparacion-para-el-dia-de-la-ciencia-en-mi-colegio\/#primaryimage"},"image":{"@id":"https:\/\/explora.cl\/rmnorte\/astronomia-exploratoria-inauguro-el-ciclo-de-talleres-de-preparacion-para-el-dia-de-la-ciencia-en-mi-colegio\/#primaryimage"},"thumbnailUrl":"https:\/\/explora.cl\/rmnorte\/wp-content\/uploads\/sites\/11\/2018\/06\/90683f730b399de432426b19b8c1c795.jpg","datePublished":"2014-09-03T04:00:00+00:00","dateModified":"2019-05-20T17:23:37+00:00","author":{"@id":"https:\/\/explora.cl\/rmnorte\/#\/schema\/person\/cb8349c13ea2d324080adf8480d7ba5d"},"breadcrumb":{"@id":"https:\/\/explora.cl\/rmnorte\/astronomia-exploratoria-inauguro-el-ciclo-de-talleres-de-preparacion-para-el-dia-de-la-ciencia-en-mi-colegio\/#breadcrumb"},"inLanguage":"es-CL","potentialAction":[{"@type":"ReadAction","target":["https:\/\/explora.cl\/rmnorte\/astronomia-exploratoria-inauguro-el-ciclo-de-talleres-de-preparacion-para-el-dia-de-la-ciencia-en-mi-colegio\/"]}]},{"@type":"ImageObject","inLanguage":"es-CL","@id":"https:\/\/explora.cl\/rmnorte\/astronomia-exploratoria-inauguro-el-ciclo-de-talleres-de-preparacion-para-el-dia-de-la-ciencia-en-mi-colegio\/#primaryimage","url":"https:\/\/explora.cl\/rmnorte\/wp-content\/uploads\/sites\/11\/2018\/06\/90683f730b399de432426b19b8c1c795.jpg","contentUrl":"https:\/\/explora.cl\/rmnorte\/wp-content\/uploads\/sites\/11\/2018\/06\/90683f730b399de432426b19b8c1c795.jpg","width":1000,"height":797},{"@type":"BreadcrumbList","@id":"https:\/\/explora.cl\/rmnorte\/astronomia-exploratoria-inauguro-el-ciclo-de-talleres-de-preparacion-para-el-dia-de-la-ciencia-en-mi-colegio\/#breadcrumb","itemListElement":[{"@type":"ListItem","position":1,"name":"Portada","item":"https:\/\/explora.cl\/rmnorte\/"},{"@type":"ListItem","position":2,"name":"\u201cAstronom\u00eda Exploratoria\u201d inaugur\u00f3 el ciclo de talleres de preparaci\u00f3n para el \u201cD\u00eda de la Ciencia en Mi Colegio\u201d"}]},{"@type":"WebSite","@id":"https:\/\/explora.cl\/rmnorte\/#website","url":"https:\/\/explora.cl\/rmnorte\/","name":"RM Norte","description":"RM Norte explora.cl","potentialAction":[{"@type":"SearchAction","target":{"@type":"EntryPoint","urlTemplate":"https:\/\/explora.cl\/rmnorte\/?s={search_term_string}"},"query-input":{"@type":"PropertyValueSpecification","valueRequired":true,"valueName":"search_term_string"}}],"inLanguage":"es-CL"},{"@type":"Person","@id":"https:\/\/explora.cl\/rmnorte\/#\/schema\/person\/cb8349c13ea2d324080adf8480d7ba5d","name":"webman","image":{"@type":"ImageObject","inLanguage":"es-CL","@id":"https:\/\/explora.cl\/rmnorte\/#\/schema\/person\/image\/","url":"https:\/\/secure.gravatar.com\/avatar\/eeff3c82f2c02f7177d13663b7e6f890e9a6a0647ce9bb29cae02dcb094c7312?s=96&d=mm&r=g","contentUrl":"https:\/\/secure.gravatar.com\/avatar\/eeff3c82f2c02f7177d13663b7e6f890e9a6a0647ce9bb29cae02dcb094c7312?s=96&d=mm&r=g","caption":"webman"},"url":"https:\/\/explora.cl\/rmnorte\/author\/webman\/"}]}},"_links":{"self":[{"href":"https:\/\/explora.cl\/rmnorte\/wp-json\/wp\/v2\/posts\/32065","targetHints":{"allow":["GET"]}}],"collection":[{"href":"https:\/\/explora.cl\/rmnorte\/wp-json\/wp\/v2\/posts"}],"about":[{"href":"https:\/\/explora.cl\/rmnorte\/wp-json\/wp\/v2\/types\/post"}],"author":[{"embeddable":true,"href":"https:\/\/explora.cl\/rmnorte\/wp-json\/wp\/v2\/users\/2"}],"replies":[{"embeddable":true,"href":"https:\/\/explora.cl\/rmnorte\/wp-json\/wp\/v2\/comments?post=32065"}],"version-history":[{"count":1,"href":"https:\/\/explora.cl\/rmnorte\/wp-json\/wp\/v2\/posts\/32065\/revisions"}],"predecessor-version":[{"id":38569,"href":"https:\/\/explora.cl\/rmnorte\/wp-json\/wp\/v2\/posts\/32065\/revisions\/38569"}],"wp:featuredmedia":[{"embeddable":true,"href":"https:\/\/explora.cl\/rmnorte\/wp-json\/wp\/v2\/media\/33825"}],"wp:attachment":[{"href":"https:\/\/explora.cl\/rmnorte\/wp-json\/wp\/v2\/media?parent=32065"}],"wp:term":[{"taxonomy":"category","embeddable":true,"href":"https:\/\/explora.cl\/rmnorte\/wp-json\/wp\/v2\/categories?post=32065"},{"taxonomy":"post_tag","embeddable":true,"href":"https:\/\/explora.cl\/rmnorte\/wp-json\/wp\/v2\/tags?post=32065"}],"curies":[{"name":"wp","href":"https:\/\/api.w.org\/{rel}","templated":true}]}}