{"id":32051,"date":"2014-09-01T00:00:00","date_gmt":"2014-09-01T04:00:00","guid":{"rendered":"https:\/\/explora.cl\/rmnorte\/blog\/2014\/09\/01\/santiago-high-tech-la-vision-de-un-futuro-santiago-hiperconectado\/"},"modified":"2019-05-20T17:23:40","modified_gmt":"2019-05-20T17:23:40","slug":"santiago-high-tech-la-vision-de-un-futuro-santiago-hiperconectado","status":"publish","type":"post","link":"https:\/\/explora.cl\/rmnorte\/santiago-high-tech-la-vision-de-un-futuro-santiago-hiperconectado\/","title":{"rendered":"Santiago High Tech, la visi\u00f3n de un futuro hiperconectado"},"content":{"rendered":"<p><img fetchpriority=\"high\" decoding=\"async\" class=\" size-full wp-image-5088\" src=\"http:\/\/ec2-34-218-253-251.us-west-2.compute.amazonaws.com\/wp-content\/uploads\/2014\/09\/50862d360e6387cee5e1016764b5d36d.jpg\" alt=\"\" width=\"2500\" height=\"1707\" \/><\/p>\n<p style=\"text-align: justify\">Santiago High Tech, del dramaturgo chileno Cristi\u00e1n Soto, se sit\u00faa en un Santiago del Futuro, donde se puede recorrer el pa\u00eds en aerotrenes y las relaciones entre las personas han cambiado considerablemente a lo que conocemos, como resultado de los avances cient\u00edficos y tecnol\u00f3gicos.<\/p>\n<p style=\"text-align: justify\">En este contexto vive XY, un joven que en ese mundo hipertecnol\u00f3gico est\u00e1 preocupado por lo mismo que podr\u00eda preocuparse una persona en la actualidad o hace 50 a\u00f1os, el amor, eso s\u00ed, vivi\u00e9ndolo de una manera diferente a la que conocemos actualmente, donde se identifica de manera m\u00e1s concreta el funcionamiento de las neuronas espejo.<\/p>\n<p style=\"text-align: justify\"><img decoding=\"async\" src=\"images\/IMAGENES-RM-NORTE\/SHT%202.JPG\" border=\"0\" width=\"403\" height=\"268\" style=\"margin: 5px;float: left;border: 5px solid black\" \/><\/p>\n<p style=\"text-align: justify\">La obra, que se estren\u00f3 por primera vez el 2002, se presenta en el Centro Cultural Gabriela Mistral (GAM) y apuesta por un teatro renovado, orientado a un p\u00fablico joven, donde no hay escenograf\u00eda como tal, ya que la historia transcurre dentro de un cubo en el que se proyectan im\u00e1genes y donde el p\u00fablico tiene la oportunidad de interactuar con la obra mediante tablets y la app Santiago High Tech.<\/p>\n<p style=\"text-align: justify\">\u00a0<\/p>\n<p style=\"text-align: justify\">\u00a0<\/p>\n<p style=\"text-align: justify\">\u00a0<\/p>\n<p style=\"text-align: justify\">\u00a0<\/p>\n<p>\u00a0<\/p>\n<p><strong><span style=\"line-height: 1.3em\">Funciones<\/span><\/strong><\/p>\n<p><span style=\"line-height: 1.3em\">14 agosto al 5 octubre (excepto 21 al 24 ago y 11, 18 y 19 sep) \u00a0 \u00a0 \u00a0 \u00a0 \u00a0 \u00a0 \u00a0 \u00a0 \u00a0 \u00a0 \u00a0 \u00a0 \u00a0 \u00a0 \u00a0 \u00a0 \u00a0 \u00a0 \u00a0 \u00a0 \u00a0 \u00a0 \u00a0 \u00a0 \u00a0 \u00a0 \u00a0 \u00a0 \u00a0 \u00a0 \u00a0 \u00a0 \u00a0 \u00a0 \u00a0 \u00a0 \u00a0 \u00a0 \u00a0 \u00a0 \u00a0 \u00a0 \u00a0 \u00a0 \u00a0 \u00a0 \u00a0 \u00a0 \u00a0 \u00a0 \u00a0 \u00a0 \u00a0 \u00a0 \u00a0 \u00a0 \u00a0 \u00a0 \u00a0 \u00a0 \u00a0 \u00a0 \u00a0 \u00a0 \u00a0 \u00a0 \u00a0 \u00a0 \u00a0 \u00a0\u00a0<\/span><br \/><span style=\"line-height: 1.3em\">Jueves a s\u00e1bado &#8211; 18.30 hrs. comienzo entrega tablets \/ 19 hrs. comienzo funci\u00f3n<\/span><br \/><span style=\"line-height: 1.3em\">Domingo &#8211; 17.30 hrs. comienzo entrega tablets \/ 18 hrs. comienzo funci\u00f3n<\/span><br \/><span style=\"line-height: 1.3em\">Sala N2. Edificio B, piso 2\u00a0<\/span><br \/><span style=\"line-height: 1.3em\">$ 6.000 general<\/span><br \/><span style=\"line-height: 1.3em\">$ 3.000 estudiantes y tercera edad<\/span><br \/><span style=\"line-height: 1.3em\">\u00a0<\/span><br \/><strong style=\"line-height: 1.3em\">Ficha t\u00e9cnica<\/strong><\/p>\n<p style=\"text-align: justify\">Dramaturgo: Cristi\u00e1n Soto<br \/> Direcci\u00f3n puesta en escena: Francisco Krebs<br \/> Direcci\u00f3n creativa: Fernando Ocampo<br \/> Elenco: Diego Ru\u00edz, Nathalia Aragonese, Juan Pablo Miranda, Carmina Riego e Isidora Stevenson<br \/> Canci\u00f3n original: Gepe<\/p>\n<p style=\"text-align: justify\"><strong>\u00a0<\/strong><\/p>\n<p style=\"text-align: justify\"><strong>Entrevista a \u00a0Fernando Ocampo,<strong>\u00a0Director Creativo de Santiago High Tech<\/strong><\/strong><\/p>\n<p style=\"text-align: justify\">El joven arquitecto mexicano, radicado en Chile hace seis a\u00f1os, posee<span>\u00a0amplia experiencia relacionando su profesi\u00f3n con las artes esc\u00e9nicas.\u00a0<\/span><span style=\"line-height: 1.3em\">Ocampo e<\/span><span style=\"line-height: 1.3em\">s fundador y director creativo de MOODLAB (2011),\u00a0<\/span><span style=\"line-height: 1.3em\">laboratorio de experimentaci\u00f3n creativa y ha dirigido obras como \u201cGesto\u201d, su primer montaje, o\u00a0\u201cErrantes\u201d, presentada el 2013 en el GAM. En Santiago High Tech, ha tenido un rol fundamental trabajando las propuestas tras el dise\u00f1o integral del montaje.<\/span><\/p>\n<p style=\"text-align: justify\">\u00a0<\/p>\n<p style=\"text-align: justify\"><img decoding=\"async\" src=\"images\/IMAGENES-RM-NORTE\/SHT%20Director%20creativo.jpg\" border=\"0\" width=\"250\" style=\"margin: 8px 15px;float: right;border: 5px solid black\" \/><\/p>\n<p style=\"text-align: justify\"><strong>\u00bfCu\u00e1les han sido los desaf\u00edos de preparar una obra dirigida a un p\u00fablico joven?<\/strong><\/p>\n<p style=\"text-align: justify\">Entre los desaf\u00edos que ha significado esta obra se encuentra el conocer a nuestro p\u00fablico, conocer cu\u00e1les son sus medios de comunicaci\u00f3n, redes sociales, etc.<\/p>\n<p style=\"text-align: justify\">Tambi\u00e9n ha sido un desaf\u00edo integrar a personas que no son necesariamente del mundo del teatro, como dise\u00f1adores de videojuegos, de medios digitales y programadores aplicaciones, entre otros. En ese sentido vamos apostando a profesionalizar el teatro desde otra perspectiva, no solo pensando en la disciplina, sino tambi\u00e9n en un formato con elementos atractivos para un p\u00fablico, que en este caso es un p\u00fablico joven. Investigamos mucho sobre los temas en voga, las estad\u00edsticas de medios de difusi\u00f3n, redes sociales, uso de tablets, tiempo que se demoran en compartir informaci\u00f3n, etc.<\/p>\n<p style=\"text-align: justify\"><strong>\u00bfDe qu\u00e9 forma valoras el abordar una tem\u00e1tica cient\u00edfica desde una plataforma teatral?<\/strong><\/p>\n<p style=\"text-align: justify\">Para m\u00ed el tratar situaciones que se acercan a la ciencia desde una plataforma m\u00e1s cercana al entretenimiento es una de las partes m\u00e1s fuertes del proyecto. Por eso en el momento en que puedes mezclar esas \u00e1reas desde el teatro es bastante potente y los temas como las neuronas espejo, la empat\u00eda o el c\u00f3mo las relaciones afectivas pueden de alguna manera cuantificarse cient\u00edficamente, y que est\u00e1n puestas en el texto del dramaturgo, nosotros estamos intentando llevarlas a una experiencia mucho m\u00e1s cercana. En el montaje no estamos explicando temas tan concretos o t\u00e9cnicos, sino que entregamos nociones para que ellos entiendan en su propio lenguaje posibles conceptos que puedan desarrollar por otro lado.<\/p>\n<p style=\"text-align: justify\"><strong>Y m\u00e1s all\u00e1 del objeto tecnol\u00f3gico que siempre es atractivo para los m\u00e1s j\u00f3venes \u00bfc\u00f3mo reciben los contenidos, se desarrolla empat\u00eda con la historia o con los personajes?<\/strong><\/p>\n<p style=\"text-align: justify\">S\u00ed, de todas maneras se nota que los j\u00f3venes reaccionan por sus gestos o alg\u00fan sonido. En la obra hay besos, algunas partes son m\u00e1s rom\u00e1nticas o tr\u00e1gicas y siento que tambi\u00e9n a su edad o a su noci\u00f3n de mundo les afecta, no s\u00e9 si positiva o negativamente, pero s\u00ed permite que se pregunten por ejemplo, qu\u00e9 les depara el futuro y si son capaces de cambiar lo que la obra dice que puede pasar.<\/p>\n<p style=\"text-align: justify\">Nosotros intentamos hacer que ellos tengan conciencia de que s\u00ed es posible un futuro de Santiago que tiene alguna condici\u00f3n tr\u00e1gica por la existencia de las tecnolog\u00edas, les mostramos un entorno que todav\u00eda no conocen, pero que tiene la posibilidad de cambiar.<\/p>\n<p style=\"text-align: justify\"><strong>\u00bfCu\u00e1l crees que es el sello distintivo de la obra?<\/strong><\/p>\n<p style=\"text-align: justify\">La visualizaci\u00f3n de los video juegos en una obra de teatro, siento que no se hab\u00eda hecho antes, y el que te pasen una Tablet para ver la obra, es uno de los proyectos pioneros en Latinoam\u00e9rica y la posibilidad de tener una aplicaci\u00f3n que se llame Santiago High Tech para ver la obra, tambi\u00e9n es otro atributo bien grande porque tampoco el \u00e1rea de aplicaciones para tel\u00e9fonos est\u00e1 enfocada a estas \u00e1reas de artes y humanidades, siempre son proyectos empresariales, con otro presupuesto y aqu\u00ed estamos apostando a integrar esas \u00e1reas a una obra de teatro o a una pieza de arte y desde ah\u00ed desde los formatos y el soporte\u00a0 y desde los contenido, al hablar del futuro, la utop\u00eda de hablar de ciencia ficci\u00f3n significa una nueva apuesta para el teatro chileno.<\/p>\n<p style=\"text-align: justify\"><strong>\u00bfCu\u00e1l ha sido la reacci\u00f3n de las delegaciones de estudiantes al ver la obra?<\/strong><\/p>\n<p style=\"text-align: justify\">Previo a la muestra de la obra realizamos una conversaci\u00f3n para que las y los estudiantes entiendan la obra desde que entran y tengan informaci\u00f3n previa del montaje que van a ver. En esa primera interacci\u00f3n se p<br \/>\nuede ver que se sienten muy contentos ya que se les entrega un aparato con el que ellos pueden interactuar y al que no est\u00e1n tan acostumbrados, al menos en el contexto. Con la Tablet les damos la oportunidad de twittear, hacer check-in en el GAM o tomar fotograf\u00edas y compartirlas en sus redes sociales, generando interacci\u00f3n en tiempo real con la obra y con sus amigos.<\/p>\n<p style=\"text-align: justify\">De este modo el recibimiento del montaje ha sido bastante bueno, principalmente porque la obra tiene elementos visuales que son muy atractivos para el p\u00fablico joven.<\/p>\n<p style=\"text-align: justify\">\u00a0<\/p>\n","protected":false},"excerpt":{"rendered":"<p>Santiago High Tech, del dramaturgo chileno Cristi\u00e1n Soto, se sit\u00faa en un Santiago del Futuro, donde se puede recorrer el pa\u00eds en aerotrenes y las relaciones entre las personas han cambiado considerablemente a lo que conocemos, como resultado de los avances cient\u00edficos y tecnol\u00f3gicos. En este contexto vive XY, un joven que en ese mundo [&hellip;]<\/p>\n","protected":false},"author":2,"featured_media":33818,"comment_status":"closed","ping_status":"open","sticky":false,"template":"","format":"standard","meta":{"_acf_changed":false,"_exactmetrics_skip_tracking":false,"_exactmetrics_sitenote_active":false,"_exactmetrics_sitenote_note":"","_exactmetrics_sitenote_category":0,"footnotes":"","_links_to":"","_links_to_target":""},"categories":[4],"tags":[],"class_list":["post-32051","post","type-post","status-publish","format-standard","has-post-thumbnail","hentry","category-noticias"],"acf":[],"yoast_head":"<!-- This site is optimized with the Yoast SEO plugin v26.9 - https:\/\/yoast.com\/product\/yoast-seo-wordpress\/ -->\n<title>Santiago High Tech, la visi\u00f3n de un futuro hiperconectado - RM Norte<\/title>\n<meta name=\"robots\" content=\"index, follow, max-snippet:-1, max-image-preview:large, max-video-preview:-1\" \/>\n<link rel=\"canonical\" href=\"https:\/\/explora.cl\/rmnorte\/santiago-high-tech-la-vision-de-un-futuro-santiago-hiperconectado\/\" class=\"yoast-seo-meta-tag\" \/>\n<meta property=\"og:locale\" content=\"es_ES\" class=\"yoast-seo-meta-tag\" \/>\n<meta property=\"og:type\" content=\"article\" class=\"yoast-seo-meta-tag\" \/>\n<meta property=\"og:title\" content=\"Santiago High Tech, la visi\u00f3n de un futuro hiperconectado - RM Norte\" class=\"yoast-seo-meta-tag\" \/>\n<meta property=\"og:description\" content=\"Santiago High Tech, del dramaturgo chileno Cristi\u00e1n Soto, se sit\u00faa en un Santiago del Futuro, donde se puede recorrer el pa\u00eds en aerotrenes y las relaciones entre las personas han cambiado considerablemente a lo que conocemos, como resultado de los avances cient\u00edficos y tecnol\u00f3gicos. En este contexto vive XY, un joven que en ese mundo [&hellip;]\" class=\"yoast-seo-meta-tag\" \/>\n<meta property=\"og:url\" content=\"https:\/\/explora.cl\/rmnorte\/santiago-high-tech-la-vision-de-un-futuro-santiago-hiperconectado\/\" class=\"yoast-seo-meta-tag\" \/>\n<meta property=\"og:site_name\" content=\"RM Norte\" class=\"yoast-seo-meta-tag\" \/>\n<meta property=\"article:published_time\" content=\"2014-09-01T04:00:00+00:00\" class=\"yoast-seo-meta-tag\" \/>\n<meta property=\"article:modified_time\" content=\"2019-05-20T17:23:40+00:00\" class=\"yoast-seo-meta-tag\" \/>\n<meta property=\"og:image\" content=\"https:\/\/explora.cl\/rmnorte\/wp-content\/uploads\/sites\/11\/2018\/06\/50862d360e6387cee5e1016764b5d36d.jpg\" class=\"yoast-seo-meta-tag\" \/>\n\t<meta property=\"og:image:width\" content=\"2500\" class=\"yoast-seo-meta-tag\" \/>\n\t<meta property=\"og:image:height\" content=\"1707\" class=\"yoast-seo-meta-tag\" \/>\n\t<meta property=\"og:image:type\" content=\"image\/jpeg\" class=\"yoast-seo-meta-tag\" \/>\n<meta name=\"author\" content=\"webman\" class=\"yoast-seo-meta-tag\" \/>\n<meta name=\"twitter:card\" content=\"summary_large_image\" class=\"yoast-seo-meta-tag\" \/>\n<meta name=\"twitter:label1\" content=\"Escrito por\" class=\"yoast-seo-meta-tag\" \/>\n\t<meta name=\"twitter:data1\" content=\"webman\" class=\"yoast-seo-meta-tag\" \/>\n\t<meta name=\"twitter:label2\" content=\"Tiempo estimado de lectura\" class=\"yoast-seo-meta-tag\" \/>\n\t<meta name=\"twitter:data2\" content=\"5 minutos\" class=\"yoast-seo-meta-tag\" \/>\n<script type=\"application\/ld+json\" class=\"yoast-schema-graph\">{\"@context\":\"https:\/\/schema.org\",\"@graph\":[{\"@type\":\"Article\",\"@id\":\"https:\/\/explora.cl\/rmnorte\/santiago-high-tech-la-vision-de-un-futuro-santiago-hiperconectado\/#article\",\"isPartOf\":{\"@id\":\"https:\/\/explora.cl\/rmnorte\/santiago-high-tech-la-vision-de-un-futuro-santiago-hiperconectado\/\"},\"author\":{\"name\":\"webman\",\"@id\":\"https:\/\/explora.cl\/rmnorte\/#\/schema\/person\/cb8349c13ea2d324080adf8480d7ba5d\"},\"headline\":\"Santiago High Tech, la visi\u00f3n de un futuro hiperconectado\",\"datePublished\":\"2014-09-01T04:00:00+00:00\",\"dateModified\":\"2019-05-20T17:23:40+00:00\",\"mainEntityOfPage\":{\"@id\":\"https:\/\/explora.cl\/rmnorte\/santiago-high-tech-la-vision-de-un-futuro-santiago-hiperconectado\/\"},\"wordCount\":1110,\"image\":{\"@id\":\"https:\/\/explora.cl\/rmnorte\/santiago-high-tech-la-vision-de-un-futuro-santiago-hiperconectado\/#primaryimage\"},\"thumbnailUrl\":\"https:\/\/explora.cl\/rmnorte\/wp-content\/uploads\/sites\/11\/2018\/06\/50862d360e6387cee5e1016764b5d36d.jpg\",\"articleSection\":[\"Noticias\"],\"inLanguage\":\"es-CL\"},{\"@type\":\"WebPage\",\"@id\":\"https:\/\/explora.cl\/rmnorte\/santiago-high-tech-la-vision-de-un-futuro-santiago-hiperconectado\/\",\"url\":\"https:\/\/explora.cl\/rmnorte\/santiago-high-tech-la-vision-de-un-futuro-santiago-hiperconectado\/\",\"name\":\"Santiago High Tech, la visi\u00f3n de un futuro hiperconectado - RM Norte\",\"isPartOf\":{\"@id\":\"https:\/\/explora.cl\/rmnorte\/#website\"},\"primaryImageOfPage\":{\"@id\":\"https:\/\/explora.cl\/rmnorte\/santiago-high-tech-la-vision-de-un-futuro-santiago-hiperconectado\/#primaryimage\"},\"image\":{\"@id\":\"https:\/\/explora.cl\/rmnorte\/santiago-high-tech-la-vision-de-un-futuro-santiago-hiperconectado\/#primaryimage\"},\"thumbnailUrl\":\"https:\/\/explora.cl\/rmnorte\/wp-content\/uploads\/sites\/11\/2018\/06\/50862d360e6387cee5e1016764b5d36d.jpg\",\"datePublished\":\"2014-09-01T04:00:00+00:00\",\"dateModified\":\"2019-05-20T17:23:40+00:00\",\"author\":{\"@id\":\"https:\/\/explora.cl\/rmnorte\/#\/schema\/person\/cb8349c13ea2d324080adf8480d7ba5d\"},\"breadcrumb\":{\"@id\":\"https:\/\/explora.cl\/rmnorte\/santiago-high-tech-la-vision-de-un-futuro-santiago-hiperconectado\/#breadcrumb\"},\"inLanguage\":\"es-CL\",\"potentialAction\":[{\"@type\":\"ReadAction\",\"target\":[\"https:\/\/explora.cl\/rmnorte\/santiago-high-tech-la-vision-de-un-futuro-santiago-hiperconectado\/\"]}]},{\"@type\":\"ImageObject\",\"inLanguage\":\"es-CL\",\"@id\":\"https:\/\/explora.cl\/rmnorte\/santiago-high-tech-la-vision-de-un-futuro-santiago-hiperconectado\/#primaryimage\",\"url\":\"https:\/\/explora.cl\/rmnorte\/wp-content\/uploads\/sites\/11\/2018\/06\/50862d360e6387cee5e1016764b5d36d.jpg\",\"contentUrl\":\"https:\/\/explora.cl\/rmnorte\/wp-content\/uploads\/sites\/11\/2018\/06\/50862d360e6387cee5e1016764b5d36d.jpg\",\"width\":2500,\"height\":1707},{\"@type\":\"BreadcrumbList\",\"@id\":\"https:\/\/explora.cl\/rmnorte\/santiago-high-tech-la-vision-de-un-futuro-santiago-hiperconectado\/#breadcrumb\",\"itemListElement\":[{\"@type\":\"ListItem\",\"position\":1,\"name\":\"Portada\",\"item\":\"https:\/\/explora.cl\/rmnorte\/\"},{\"@type\":\"ListItem\",\"position\":2,\"name\":\"Santiago High Tech, la visi\u00f3n de un futuro hiperconectado\"}]},{\"@type\":\"WebSite\",\"@id\":\"https:\/\/explora.cl\/rmnorte\/#website\",\"url\":\"https:\/\/explora.cl\/rmnorte\/\",\"name\":\"RM Norte\",\"description\":\"RM Norte explora.cl\",\"potentialAction\":[{\"@type\":\"SearchAction\",\"target\":{\"@type\":\"EntryPoint\",\"urlTemplate\":\"https:\/\/explora.cl\/rmnorte\/?s={search_term_string}\"},\"query-input\":{\"@type\":\"PropertyValueSpecification\",\"valueRequired\":true,\"valueName\":\"search_term_string\"}}],\"inLanguage\":\"es-CL\"},{\"@type\":\"Person\",\"@id\":\"https:\/\/explora.cl\/rmnorte\/#\/schema\/person\/cb8349c13ea2d324080adf8480d7ba5d\",\"name\":\"webman\",\"image\":{\"@type\":\"ImageObject\",\"inLanguage\":\"es-CL\",\"@id\":\"https:\/\/explora.cl\/rmnorte\/#\/schema\/person\/image\/\",\"url\":\"https:\/\/secure.gravatar.com\/avatar\/eeff3c82f2c02f7177d13663b7e6f890e9a6a0647ce9bb29cae02dcb094c7312?s=96&d=mm&r=g\",\"contentUrl\":\"https:\/\/secure.gravatar.com\/avatar\/eeff3c82f2c02f7177d13663b7e6f890e9a6a0647ce9bb29cae02dcb094c7312?s=96&d=mm&r=g\",\"caption\":\"webman\"},\"url\":\"https:\/\/explora.cl\/rmnorte\/author\/webman\/\"}]}<\/script>\n<!-- \/ Yoast SEO plugin. -->","yoast_head_json":{"title":"Santiago High Tech, la visi\u00f3n de un futuro hiperconectado - RM Norte","robots":{"index":"index","follow":"follow","max-snippet":"max-snippet:-1","max-image-preview":"max-image-preview:large","max-video-preview":"max-video-preview:-1"},"canonical":"https:\/\/explora.cl\/rmnorte\/santiago-high-tech-la-vision-de-un-futuro-santiago-hiperconectado\/","og_locale":"es_ES","og_type":"article","og_title":"Santiago High Tech, la visi\u00f3n de un futuro hiperconectado - RM Norte","og_description":"Santiago High Tech, del dramaturgo chileno Cristi\u00e1n Soto, se sit\u00faa en un Santiago del Futuro, donde se puede recorrer el pa\u00eds en aerotrenes y las relaciones entre las personas han cambiado considerablemente a lo que conocemos, como resultado de los avances cient\u00edficos y tecnol\u00f3gicos. En este contexto vive XY, un joven que en ese mundo [&hellip;]","og_url":"https:\/\/explora.cl\/rmnorte\/santiago-high-tech-la-vision-de-un-futuro-santiago-hiperconectado\/","og_site_name":"RM Norte","article_published_time":"2014-09-01T04:00:00+00:00","article_modified_time":"2019-05-20T17:23:40+00:00","og_image":[{"width":2500,"height":1707,"url":"https:\/\/explora.cl\/rmnorte\/wp-content\/uploads\/sites\/11\/2018\/06\/50862d360e6387cee5e1016764b5d36d.jpg","type":"image\/jpeg"}],"author":"webman","twitter_card":"summary_large_image","twitter_misc":{"Escrito por":"webman","Tiempo estimado de lectura":"5 minutos"},"schema":{"@context":"https:\/\/schema.org","@graph":[{"@type":"Article","@id":"https:\/\/explora.cl\/rmnorte\/santiago-high-tech-la-vision-de-un-futuro-santiago-hiperconectado\/#article","isPartOf":{"@id":"https:\/\/explora.cl\/rmnorte\/santiago-high-tech-la-vision-de-un-futuro-santiago-hiperconectado\/"},"author":{"name":"webman","@id":"https:\/\/explora.cl\/rmnorte\/#\/schema\/person\/cb8349c13ea2d324080adf8480d7ba5d"},"headline":"Santiago High Tech, la visi\u00f3n de un futuro hiperconectado","datePublished":"2014-09-01T04:00:00+00:00","dateModified":"2019-05-20T17:23:40+00:00","mainEntityOfPage":{"@id":"https:\/\/explora.cl\/rmnorte\/santiago-high-tech-la-vision-de-un-futuro-santiago-hiperconectado\/"},"wordCount":1110,"image":{"@id":"https:\/\/explora.cl\/rmnorte\/santiago-high-tech-la-vision-de-un-futuro-santiago-hiperconectado\/#primaryimage"},"thumbnailUrl":"https:\/\/explora.cl\/rmnorte\/wp-content\/uploads\/sites\/11\/2018\/06\/50862d360e6387cee5e1016764b5d36d.jpg","articleSection":["Noticias"],"inLanguage":"es-CL"},{"@type":"WebPage","@id":"https:\/\/explora.cl\/rmnorte\/santiago-high-tech-la-vision-de-un-futuro-santiago-hiperconectado\/","url":"https:\/\/explora.cl\/rmnorte\/santiago-high-tech-la-vision-de-un-futuro-santiago-hiperconectado\/","name":"Santiago High Tech, la visi\u00f3n de un futuro hiperconectado - RM Norte","isPartOf":{"@id":"https:\/\/explora.cl\/rmnorte\/#website"},"primaryImageOfPage":{"@id":"https:\/\/explora.cl\/rmnorte\/santiago-high-tech-la-vision-de-un-futuro-santiago-hiperconectado\/#primaryimage"},"image":{"@id":"https:\/\/explora.cl\/rmnorte\/santiago-high-tech-la-vision-de-un-futuro-santiago-hiperconectado\/#primaryimage"},"thumbnailUrl":"https:\/\/explora.cl\/rmnorte\/wp-content\/uploads\/sites\/11\/2018\/06\/50862d360e6387cee5e1016764b5d36d.jpg","datePublished":"2014-09-01T04:00:00+00:00","dateModified":"2019-05-20T17:23:40+00:00","author":{"@id":"https:\/\/explora.cl\/rmnorte\/#\/schema\/person\/cb8349c13ea2d324080adf8480d7ba5d"},"breadcrumb":{"@id":"https:\/\/explora.cl\/rmnorte\/santiago-high-tech-la-vision-de-un-futuro-santiago-hiperconectado\/#breadcrumb"},"inLanguage":"es-CL","potentialAction":[{"@type":"ReadAction","target":["https:\/\/explora.cl\/rmnorte\/santiago-high-tech-la-vision-de-un-futuro-santiago-hiperconectado\/"]}]},{"@type":"ImageObject","inLanguage":"es-CL","@id":"https:\/\/explora.cl\/rmnorte\/santiago-high-tech-la-vision-de-un-futuro-santiago-hiperconectado\/#primaryimage","url":"https:\/\/explora.cl\/rmnorte\/wp-content\/uploads\/sites\/11\/2018\/06\/50862d360e6387cee5e1016764b5d36d.jpg","contentUrl":"https:\/\/explora.cl\/rmnorte\/wp-content\/uploads\/sites\/11\/2018\/06\/50862d360e6387cee5e1016764b5d36d.jpg","width":2500,"height":1707},{"@type":"BreadcrumbList","@id":"https:\/\/explora.cl\/rmnorte\/santiago-high-tech-la-vision-de-un-futuro-santiago-hiperconectado\/#breadcrumb","itemListElement":[{"@type":"ListItem","position":1,"name":"Portada","item":"https:\/\/explora.cl\/rmnorte\/"},{"@type":"ListItem","position":2,"name":"Santiago High Tech, la visi\u00f3n de un futuro hiperconectado"}]},{"@type":"WebSite","@id":"https:\/\/explora.cl\/rmnorte\/#website","url":"https:\/\/explora.cl\/rmnorte\/","name":"RM Norte","description":"RM Norte explora.cl","potentialAction":[{"@type":"SearchAction","target":{"@type":"EntryPoint","urlTemplate":"https:\/\/explora.cl\/rmnorte\/?s={search_term_string}"},"query-input":{"@type":"PropertyValueSpecification","valueRequired":true,"valueName":"search_term_string"}}],"inLanguage":"es-CL"},{"@type":"Person","@id":"https:\/\/explora.cl\/rmnorte\/#\/schema\/person\/cb8349c13ea2d324080adf8480d7ba5d","name":"webman","image":{"@type":"ImageObject","inLanguage":"es-CL","@id":"https:\/\/explora.cl\/rmnorte\/#\/schema\/person\/image\/","url":"https:\/\/secure.gravatar.com\/avatar\/eeff3c82f2c02f7177d13663b7e6f890e9a6a0647ce9bb29cae02dcb094c7312?s=96&d=mm&r=g","contentUrl":"https:\/\/secure.gravatar.com\/avatar\/eeff3c82f2c02f7177d13663b7e6f890e9a6a0647ce9bb29cae02dcb094c7312?s=96&d=mm&r=g","caption":"webman"},"url":"https:\/\/explora.cl\/rmnorte\/author\/webman\/"}]}},"_links":{"self":[{"href":"https:\/\/explora.cl\/rmnorte\/wp-json\/wp\/v2\/posts\/32051","targetHints":{"allow":["GET"]}}],"collection":[{"href":"https:\/\/explora.cl\/rmnorte\/wp-json\/wp\/v2\/posts"}],"about":[{"href":"https:\/\/explora.cl\/rmnorte\/wp-json\/wp\/v2\/types\/post"}],"author":[{"embeddable":true,"href":"https:\/\/explora.cl\/rmnorte\/wp-json\/wp\/v2\/users\/2"}],"replies":[{"embeddable":true,"href":"https:\/\/explora.cl\/rmnorte\/wp-json\/wp\/v2\/comments?post=32051"}],"version-history":[{"count":1,"href":"https:\/\/explora.cl\/rmnorte\/wp-json\/wp\/v2\/posts\/32051\/revisions"}],"predecessor-version":[{"id":38576,"href":"https:\/\/explora.cl\/rmnorte\/wp-json\/wp\/v2\/posts\/32051\/revisions\/38576"}],"wp:featuredmedia":[{"embeddable":true,"href":"https:\/\/explora.cl\/rmnorte\/wp-json\/wp\/v2\/media\/33818"}],"wp:attachment":[{"href":"https:\/\/explora.cl\/rmnorte\/wp-json\/wp\/v2\/media?parent=32051"}],"wp:term":[{"taxonomy":"category","embeddable":true,"href":"https:\/\/explora.cl\/rmnorte\/wp-json\/wp\/v2\/categories?post=32051"},{"taxonomy":"post_tag","embeddable":true,"href":"https:\/\/explora.cl\/rmnorte\/wp-json\/wp\/v2\/tags?post=32051"}],"curies":[{"name":"wp","href":"https:\/\/api.w.org\/{rel}","templated":true}]}}