{"id":32049,"date":"2014-08-29T00:00:00","date_gmt":"2014-08-29T04:00:00","guid":{"rendered":"https:\/\/explora.cl\/rmnorte\/blog\/2014\/08\/29\/reserva-tu-visita-a-los-museos-laboratorios-y-observatorios-abiertos\/"},"modified":"2019-05-20T17:23:40","modified_gmt":"2019-05-20T17:23:40","slug":"reserva-tu-visita-a-los-museos-laboratorios-y-observatorios-abiertos","status":"publish","type":"post","link":"https:\/\/explora.cl\/rmnorte\/reserva-tu-visita-a-los-museos-laboratorios-y-observatorios-abiertos\/","title":{"rendered":"Reserva tu visita a los Museos, Laboratorios y Observatorios Abiertos"},"content":{"rendered":"<p><img fetchpriority=\"high\" decoding=\"async\" class=\" size-full wp-image-5017\" src=\"http:\/\/ec2-34-218-253-251.us-west-2.compute.amazonaws.com\/wp-content\/uploads\/2014\/08\/636e334a67fa992d370764eb0d378703.jpg\" alt=\"\" width=\"820\" height=\"833\" \/><\/p>\n<p style=\"text-align: justify\" align=\"center\"><span style=\"line-height: 1.3em\">Ya est\u00e1 disponible la lista de instituciones que participar\u00e1n en esta emblem\u00e1tica actividad de la Semana Nacional de la Ciencia y la Tecnolog\u00eda, las que como ya es tradici\u00f3n, abrir\u00e1n sus puertas a las delegaciones de estudiantes para mostrar sus instalaciones y su quehacer.<\/span><\/p>\n<p style=\"text-align: justify\">Trece son los centros e instituciones que se inscribieron en la versi\u00f3n n\u00famero 20 de la Semana de la Ciencia, quienes han preparado actividades especiales para recibir a las y los estudiantes que deseen vivir una experiencia en terreno y en forma pr\u00e1ctica.<\/p>\n<p style=\"text-align: justify\">Para participar, las y los docentes interesados deben seleccionar la o las instituciones que les gustar\u00eda visitar, en cada link podr\u00e1n acceder al formulario de inscripci\u00f3n donde encontrar\u00e1n adem\u00e1s la informaci\u00f3n detallada de la actividad que se ofrece para desarrollar con las y los estudiantes, adem\u00e1s de las fechas y los horarios disponibles.<\/p>\n<p style=\"text-align: justify\">Para cualquier duda respecto a esta iniciativa el correo de contacto es <span style=\"text-decoration: underline;color: #ff6600\"><a href=\"mailto:paulamerinoiglesias@gmail.com\"><span style=\"text-decoration: underline;color: #ff6600\">paulamerinoiglesias@gmail.com<\/span><\/a><\/span><\/p>\n<p style=\"text-align: justify\">A continuaci\u00f3n se detalla la lista de Museos, Laboratorios y Observatorios participantes:<\/p>\n<p style=\"text-align: justify\">\u00a0<\/p>\n<p style=\"text-align: justify\"><span style=\"color: #339966\"><strong style=\"color: #339966;line-height: 1.3em\"><a href=\"https:\/\/docs.google.com\/forms\/d\/1nHFGQISHfc8pPBGuVGSTAn8fSCUFFIQ669wZ8hzdDOo\/viewform\"><span style=\"color: #339966\">Universidad de Las Am\u00e9ricas<\/span><\/a><\/strong><strong style=\"color: #339966;line-height: 1.3em\"><a href=\"https:\/\/docs.google.com\/forms\/d\/1QPt5dhncxJO-BhtyfSIETC56g5zLurx5VTl5vMG624Y\/viewform\"><span style=\"color: #339966\"><strong style=\"color: #339966;line-height: 1.3em\">\u00a0<\/strong><\/span><\/a><\/strong><\/span><\/p>\n<p style=\"text-align: justify\"><span style=\"color: #339966\"><strong style=\"color: #339966;line-height: 1.3em\"><a href=\"https:\/\/docs.google.com\/forms\/d\/1YoggvZjPgGFutY-9Yp_DGhZbuL4RrNB-Vl5qmsM2ifY\/viewform\"><span style=\"color: #339966\">Universidad Central de Chile,\u00a0Escuela de Pedagog\u00eda en Biolog\u00eda y Ciencias, Fac. Educaci\u00f3n\u00a0<\/span><\/a><\/strong><strong style=\"color: #339966;line-height: 1.3em\"><span style=\"line-height: 1.3em\"><a href=\"https:\/\/docs.google.com\/forms\/d\/1DNsXkaaGFcM6hl5Fk-W8Ygc70guy2DqoXcdhFgDAR5I\/viewform\"><span style=\"color: #339966\">\u00a0<\/span><\/a><\/span><\/strong><\/span><\/p>\n<p style=\"text-align: justify\"><span style=\"color: #339966\"><strong><span style=\"line-height: 1.3em\"><a href=\"https:\/\/docs.google.com\/forms\/d\/1Op5kL804P4clLKCHz_xO-RqOUkBmET674mfZBIZ-_Tw\/viewform\"><span style=\"color: #339966\">Universidad Metropolitana de Ciencias de la Educaci\u00f3n -Laboratorio de Microbiolog\u00eda. Dpto. de Biolog\u00eda. Facultad de Ciencias B\u00e1sicas<\/span><\/a><\/span><\/strong><\/span><\/p>\n<p style=\"text-align: justify\"><span style=\"color: #339966\"><a href=\"https:\/\/docs.google.com\/forms\/d\/1A1Acxt-fW4rEwPjT614tvA8u8cXqrMlCVj9SDk_cKyo\/viewform\"><span style=\"color: #339966\"><strong><span style=\"line-height: 1.3em\">Universidad del Pac\u00edfico &#8211; \u00c1rea de Ciencias Agropecuarias y Salud &#8211; Melipil<\/span><\/strong><\/span><\/a><a href=\"https:\/\/docs.google.com\/forms\/d\/1A1Acxt-fW4rEwPjT614tvA8u8cXqrMlCVj9SDk_cKyo\/viewform\"><span style=\"color: #339966\"><strong><span style=\"line-height: 1.3em\">la<\/span><\/strong><\/span><\/a><\/span><\/p>\n<p style=\"text-align: justify\"><span style=\"color: #008000\">\u00a0<\/span><\/p>\n<h1 class=\"ss-form-title\">\u00a0<\/h1>\n<p style=\"text-align: justify\">\u00a0<\/p>\n<p style=\"text-align: justify\"><strong><span style=\"color: #339966\"><span style=\"line-height: 1.3em;color: #339966\">\u00a0<\/span><\/span><\/strong><\/p>\n<p>\u00a0<\/p>\n","protected":false},"excerpt":{"rendered":"<p>Ya est\u00e1 disponible la lista de instituciones que participar\u00e1n en esta emblem\u00e1tica actividad de la Semana Nacional de la Ciencia y la Tecnolog\u00eda, las que como ya es tradici\u00f3n, abrir\u00e1n sus puertas a las delegaciones de estudiantes para mostrar sus instalaciones y su quehacer. Trece son los centros e instituciones que se inscribieron en la [&hellip;]<\/p>\n","protected":false},"author":2,"featured_media":33817,"comment_status":"closed","ping_status":"open","sticky":false,"template":"","format":"standard","meta":{"_acf_changed":false,"_exactmetrics_skip_tracking":false,"_exactmetrics_sitenote_active":false,"_exactmetrics_sitenote_note":"","_exactmetrics_sitenote_category":0,"footnotes":"","_links_to":"","_links_to_target":""},"categories":[4],"tags":[],"class_list":["post-32049","post","type-post","status-publish","format-standard","has-post-thumbnail","hentry","category-noticias"],"acf":[],"yoast_head":"<!-- This site is optimized with the Yoast SEO plugin v26.9 - https:\/\/yoast.com\/product\/yoast-seo-wordpress\/ -->\n<title>Reserva tu visita a los Museos, Laboratorios y Observatorios Abiertos - RM Norte<\/title>\n<meta name=\"robots\" content=\"index, follow, max-snippet:-1, max-image-preview:large, max-video-preview:-1\" \/>\n<link rel=\"canonical\" href=\"https:\/\/explora.cl\/rmnorte\/reserva-tu-visita-a-los-museos-laboratorios-y-observatorios-abiertos\/\" class=\"yoast-seo-meta-tag\" \/>\n<meta property=\"og:locale\" content=\"es_ES\" class=\"yoast-seo-meta-tag\" \/>\n<meta property=\"og:type\" content=\"article\" class=\"yoast-seo-meta-tag\" \/>\n<meta property=\"og:title\" content=\"Reserva tu visita a los Museos, Laboratorios y Observatorios Abiertos - RM Norte\" class=\"yoast-seo-meta-tag\" \/>\n<meta property=\"og:description\" content=\"Ya est\u00e1 disponible la lista de instituciones que participar\u00e1n en esta emblem\u00e1tica actividad de la Semana Nacional de la Ciencia y la Tecnolog\u00eda, las que como ya es tradici\u00f3n, abrir\u00e1n sus puertas a las delegaciones de estudiantes para mostrar sus instalaciones y su quehacer. Trece son los centros e instituciones que se inscribieron en la [&hellip;]\" class=\"yoast-seo-meta-tag\" \/>\n<meta property=\"og:url\" content=\"https:\/\/explora.cl\/rmnorte\/reserva-tu-visita-a-los-museos-laboratorios-y-observatorios-abiertos\/\" class=\"yoast-seo-meta-tag\" \/>\n<meta property=\"og:site_name\" content=\"RM Norte\" class=\"yoast-seo-meta-tag\" \/>\n<meta property=\"article:published_time\" content=\"2014-08-29T04:00:00+00:00\" class=\"yoast-seo-meta-tag\" \/>\n<meta property=\"article:modified_time\" content=\"2019-05-20T17:23:40+00:00\" class=\"yoast-seo-meta-tag\" \/>\n<meta property=\"og:image\" content=\"https:\/\/explora.cl\/rmnorte\/wp-content\/uploads\/sites\/11\/2018\/06\/636e334a67fa992d370764eb0d378703.jpg\" class=\"yoast-seo-meta-tag\" \/>\n\t<meta property=\"og:image:width\" content=\"820\" class=\"yoast-seo-meta-tag\" \/>\n\t<meta property=\"og:image:height\" content=\"833\" class=\"yoast-seo-meta-tag\" \/>\n\t<meta property=\"og:image:type\" content=\"image\/jpeg\" class=\"yoast-seo-meta-tag\" \/>\n<meta name=\"author\" content=\"webman\" class=\"yoast-seo-meta-tag\" \/>\n<meta name=\"twitter:card\" content=\"summary_large_image\" class=\"yoast-seo-meta-tag\" \/>\n<meta name=\"twitter:label1\" content=\"Escrito por\" class=\"yoast-seo-meta-tag\" \/>\n\t<meta name=\"twitter:data1\" content=\"webman\" class=\"yoast-seo-meta-tag\" \/>\n\t<meta name=\"twitter:label2\" content=\"Tiempo estimado de lectura\" class=\"yoast-seo-meta-tag\" \/>\n\t<meta name=\"twitter:data2\" content=\"1 minuto\" class=\"yoast-seo-meta-tag\" \/>\n<script type=\"application\/ld+json\" class=\"yoast-schema-graph\">{\"@context\":\"https:\/\/schema.org\",\"@graph\":[{\"@type\":\"Article\",\"@id\":\"https:\/\/explora.cl\/rmnorte\/reserva-tu-visita-a-los-museos-laboratorios-y-observatorios-abiertos\/#article\",\"isPartOf\":{\"@id\":\"https:\/\/explora.cl\/rmnorte\/reserva-tu-visita-a-los-museos-laboratorios-y-observatorios-abiertos\/\"},\"author\":{\"name\":\"webman\",\"@id\":\"https:\/\/explora.cl\/rmnorte\/#\/schema\/person\/cb8349c13ea2d324080adf8480d7ba5d\"},\"headline\":\"Reserva tu visita a los Museos, Laboratorios y Observatorios Abiertos\",\"datePublished\":\"2014-08-29T04:00:00+00:00\",\"dateModified\":\"2019-05-20T17:23:40+00:00\",\"mainEntityOfPage\":{\"@id\":\"https:\/\/explora.cl\/rmnorte\/reserva-tu-visita-a-los-museos-laboratorios-y-observatorios-abiertos\/\"},\"wordCount\":248,\"image\":{\"@id\":\"https:\/\/explora.cl\/rmnorte\/reserva-tu-visita-a-los-museos-laboratorios-y-observatorios-abiertos\/#primaryimage\"},\"thumbnailUrl\":\"https:\/\/explora.cl\/rmnorte\/wp-content\/uploads\/sites\/11\/2018\/06\/636e334a67fa992d370764eb0d378703.jpg\",\"articleSection\":[\"Noticias\"],\"inLanguage\":\"es-CL\"},{\"@type\":\"WebPage\",\"@id\":\"https:\/\/explora.cl\/rmnorte\/reserva-tu-visita-a-los-museos-laboratorios-y-observatorios-abiertos\/\",\"url\":\"https:\/\/explora.cl\/rmnorte\/reserva-tu-visita-a-los-museos-laboratorios-y-observatorios-abiertos\/\",\"name\":\"Reserva tu visita a los Museos, Laboratorios y Observatorios Abiertos - RM Norte\",\"isPartOf\":{\"@id\":\"https:\/\/explora.cl\/rmnorte\/#website\"},\"primaryImageOfPage\":{\"@id\":\"https:\/\/explora.cl\/rmnorte\/reserva-tu-visita-a-los-museos-laboratorios-y-observatorios-abiertos\/#primaryimage\"},\"image\":{\"@id\":\"https:\/\/explora.cl\/rmnorte\/reserva-tu-visita-a-los-museos-laboratorios-y-observatorios-abiertos\/#primaryimage\"},\"thumbnailUrl\":\"https:\/\/explora.cl\/rmnorte\/wp-content\/uploads\/sites\/11\/2018\/06\/636e334a67fa992d370764eb0d378703.jpg\",\"datePublished\":\"2014-08-29T04:00:00+00:00\",\"dateModified\":\"2019-05-20T17:23:40+00:00\",\"author\":{\"@id\":\"https:\/\/explora.cl\/rmnorte\/#\/schema\/person\/cb8349c13ea2d324080adf8480d7ba5d\"},\"breadcrumb\":{\"@id\":\"https:\/\/explora.cl\/rmnorte\/reserva-tu-visita-a-los-museos-laboratorios-y-observatorios-abiertos\/#breadcrumb\"},\"inLanguage\":\"es-CL\",\"potentialAction\":[{\"@type\":\"ReadAction\",\"target\":[\"https:\/\/explora.cl\/rmnorte\/reserva-tu-visita-a-los-museos-laboratorios-y-observatorios-abiertos\/\"]}]},{\"@type\":\"ImageObject\",\"inLanguage\":\"es-CL\",\"@id\":\"https:\/\/explora.cl\/rmnorte\/reserva-tu-visita-a-los-museos-laboratorios-y-observatorios-abiertos\/#primaryimage\",\"url\":\"https:\/\/explora.cl\/rmnorte\/wp-content\/uploads\/sites\/11\/2018\/06\/636e334a67fa992d370764eb0d378703.jpg\",\"contentUrl\":\"https:\/\/explora.cl\/rmnorte\/wp-content\/uploads\/sites\/11\/2018\/06\/636e334a67fa992d370764eb0d378703.jpg\",\"width\":820,\"height\":833},{\"@type\":\"BreadcrumbList\",\"@id\":\"https:\/\/explora.cl\/rmnorte\/reserva-tu-visita-a-los-museos-laboratorios-y-observatorios-abiertos\/#breadcrumb\",\"itemListElement\":[{\"@type\":\"ListItem\",\"position\":1,\"name\":\"Portada\",\"item\":\"https:\/\/explora.cl\/rmnorte\/\"},{\"@type\":\"ListItem\",\"position\":2,\"name\":\"Reserva tu visita a los Museos, Laboratorios y Observatorios Abiertos\"}]},{\"@type\":\"WebSite\",\"@id\":\"https:\/\/explora.cl\/rmnorte\/#website\",\"url\":\"https:\/\/explora.cl\/rmnorte\/\",\"name\":\"RM Norte\",\"description\":\"RM Norte explora.cl\",\"potentialAction\":[{\"@type\":\"SearchAction\",\"target\":{\"@type\":\"EntryPoint\",\"urlTemplate\":\"https:\/\/explora.cl\/rmnorte\/?s={search_term_string}\"},\"query-input\":{\"@type\":\"PropertyValueSpecification\",\"valueRequired\":true,\"valueName\":\"search_term_string\"}}],\"inLanguage\":\"es-CL\"},{\"@type\":\"Person\",\"@id\":\"https:\/\/explora.cl\/rmnorte\/#\/schema\/person\/cb8349c13ea2d324080adf8480d7ba5d\",\"name\":\"webman\",\"image\":{\"@type\":\"ImageObject\",\"inLanguage\":\"es-CL\",\"@id\":\"https:\/\/explora.cl\/rmnorte\/#\/schema\/person\/image\/\",\"url\":\"https:\/\/secure.gravatar.com\/avatar\/eeff3c82f2c02f7177d13663b7e6f890e9a6a0647ce9bb29cae02dcb094c7312?s=96&d=mm&r=g\",\"contentUrl\":\"https:\/\/secure.gravatar.com\/avatar\/eeff3c82f2c02f7177d13663b7e6f890e9a6a0647ce9bb29cae02dcb094c7312?s=96&d=mm&r=g\",\"caption\":\"webman\"},\"url\":\"https:\/\/explora.cl\/rmnorte\/author\/webman\/\"}]}<\/script>\n<!-- \/ Yoast SEO plugin. -->","yoast_head_json":{"title":"Reserva tu visita a los Museos, Laboratorios y Observatorios Abiertos - RM Norte","robots":{"index":"index","follow":"follow","max-snippet":"max-snippet:-1","max-image-preview":"max-image-preview:large","max-video-preview":"max-video-preview:-1"},"canonical":"https:\/\/explora.cl\/rmnorte\/reserva-tu-visita-a-los-museos-laboratorios-y-observatorios-abiertos\/","og_locale":"es_ES","og_type":"article","og_title":"Reserva tu visita a los Museos, Laboratorios y Observatorios Abiertos - RM Norte","og_description":"Ya est\u00e1 disponible la lista de instituciones que participar\u00e1n en esta emblem\u00e1tica actividad de la Semana Nacional de la Ciencia y la Tecnolog\u00eda, las que como ya es tradici\u00f3n, abrir\u00e1n sus puertas a las delegaciones de estudiantes para mostrar sus instalaciones y su quehacer. Trece son los centros e instituciones que se inscribieron en la [&hellip;]","og_url":"https:\/\/explora.cl\/rmnorte\/reserva-tu-visita-a-los-museos-laboratorios-y-observatorios-abiertos\/","og_site_name":"RM Norte","article_published_time":"2014-08-29T04:00:00+00:00","article_modified_time":"2019-05-20T17:23:40+00:00","og_image":[{"width":820,"height":833,"url":"https:\/\/explora.cl\/rmnorte\/wp-content\/uploads\/sites\/11\/2018\/06\/636e334a67fa992d370764eb0d378703.jpg","type":"image\/jpeg"}],"author":"webman","twitter_card":"summary_large_image","twitter_misc":{"Escrito por":"webman","Tiempo estimado de lectura":"1 minuto"},"schema":{"@context":"https:\/\/schema.org","@graph":[{"@type":"Article","@id":"https:\/\/explora.cl\/rmnorte\/reserva-tu-visita-a-los-museos-laboratorios-y-observatorios-abiertos\/#article","isPartOf":{"@id":"https:\/\/explora.cl\/rmnorte\/reserva-tu-visita-a-los-museos-laboratorios-y-observatorios-abiertos\/"},"author":{"name":"webman","@id":"https:\/\/explora.cl\/rmnorte\/#\/schema\/person\/cb8349c13ea2d324080adf8480d7ba5d"},"headline":"Reserva tu visita a los Museos, Laboratorios y Observatorios Abiertos","datePublished":"2014-08-29T04:00:00+00:00","dateModified":"2019-05-20T17:23:40+00:00","mainEntityOfPage":{"@id":"https:\/\/explora.cl\/rmnorte\/reserva-tu-visita-a-los-museos-laboratorios-y-observatorios-abiertos\/"},"wordCount":248,"image":{"@id":"https:\/\/explora.cl\/rmnorte\/reserva-tu-visita-a-los-museos-laboratorios-y-observatorios-abiertos\/#primaryimage"},"thumbnailUrl":"https:\/\/explora.cl\/rmnorte\/wp-content\/uploads\/sites\/11\/2018\/06\/636e334a67fa992d370764eb0d378703.jpg","articleSection":["Noticias"],"inLanguage":"es-CL"},{"@type":"WebPage","@id":"https:\/\/explora.cl\/rmnorte\/reserva-tu-visita-a-los-museos-laboratorios-y-observatorios-abiertos\/","url":"https:\/\/explora.cl\/rmnorte\/reserva-tu-visita-a-los-museos-laboratorios-y-observatorios-abiertos\/","name":"Reserva tu visita a los Museos, Laboratorios y Observatorios Abiertos - RM Norte","isPartOf":{"@id":"https:\/\/explora.cl\/rmnorte\/#website"},"primaryImageOfPage":{"@id":"https:\/\/explora.cl\/rmnorte\/reserva-tu-visita-a-los-museos-laboratorios-y-observatorios-abiertos\/#primaryimage"},"image":{"@id":"https:\/\/explora.cl\/rmnorte\/reserva-tu-visita-a-los-museos-laboratorios-y-observatorios-abiertos\/#primaryimage"},"thumbnailUrl":"https:\/\/explora.cl\/rmnorte\/wp-content\/uploads\/sites\/11\/2018\/06\/636e334a67fa992d370764eb0d378703.jpg","datePublished":"2014-08-29T04:00:00+00:00","dateModified":"2019-05-20T17:23:40+00:00","author":{"@id":"https:\/\/explora.cl\/rmnorte\/#\/schema\/person\/cb8349c13ea2d324080adf8480d7ba5d"},"breadcrumb":{"@id":"https:\/\/explora.cl\/rmnorte\/reserva-tu-visita-a-los-museos-laboratorios-y-observatorios-abiertos\/#breadcrumb"},"inLanguage":"es-CL","potentialAction":[{"@type":"ReadAction","target":["https:\/\/explora.cl\/rmnorte\/reserva-tu-visita-a-los-museos-laboratorios-y-observatorios-abiertos\/"]}]},{"@type":"ImageObject","inLanguage":"es-CL","@id":"https:\/\/explora.cl\/rmnorte\/reserva-tu-visita-a-los-museos-laboratorios-y-observatorios-abiertos\/#primaryimage","url":"https:\/\/explora.cl\/rmnorte\/wp-content\/uploads\/sites\/11\/2018\/06\/636e334a67fa992d370764eb0d378703.jpg","contentUrl":"https:\/\/explora.cl\/rmnorte\/wp-content\/uploads\/sites\/11\/2018\/06\/636e334a67fa992d370764eb0d378703.jpg","width":820,"height":833},{"@type":"BreadcrumbList","@id":"https:\/\/explora.cl\/rmnorte\/reserva-tu-visita-a-los-museos-laboratorios-y-observatorios-abiertos\/#breadcrumb","itemListElement":[{"@type":"ListItem","position":1,"name":"Portada","item":"https:\/\/explora.cl\/rmnorte\/"},{"@type":"ListItem","position":2,"name":"Reserva tu visita a los Museos, Laboratorios y Observatorios Abiertos"}]},{"@type":"WebSite","@id":"https:\/\/explora.cl\/rmnorte\/#website","url":"https:\/\/explora.cl\/rmnorte\/","name":"RM Norte","description":"RM Norte explora.cl","potentialAction":[{"@type":"SearchAction","target":{"@type":"EntryPoint","urlTemplate":"https:\/\/explora.cl\/rmnorte\/?s={search_term_string}"},"query-input":{"@type":"PropertyValueSpecification","valueRequired":true,"valueName":"search_term_string"}}],"inLanguage":"es-CL"},{"@type":"Person","@id":"https:\/\/explora.cl\/rmnorte\/#\/schema\/person\/cb8349c13ea2d324080adf8480d7ba5d","name":"webman","image":{"@type":"ImageObject","inLanguage":"es-CL","@id":"https:\/\/explora.cl\/rmnorte\/#\/schema\/person\/image\/","url":"https:\/\/secure.gravatar.com\/avatar\/eeff3c82f2c02f7177d13663b7e6f890e9a6a0647ce9bb29cae02dcb094c7312?s=96&d=mm&r=g","contentUrl":"https:\/\/secure.gravatar.com\/avatar\/eeff3c82f2c02f7177d13663b7e6f890e9a6a0647ce9bb29cae02dcb094c7312?s=96&d=mm&r=g","caption":"webman"},"url":"https:\/\/explora.cl\/rmnorte\/author\/webman\/"}]}},"_links":{"self":[{"href":"https:\/\/explora.cl\/rmnorte\/wp-json\/wp\/v2\/posts\/32049","targetHints":{"allow":["GET"]}}],"collection":[{"href":"https:\/\/explora.cl\/rmnorte\/wp-json\/wp\/v2\/posts"}],"about":[{"href":"https:\/\/explora.cl\/rmnorte\/wp-json\/wp\/v2\/types\/post"}],"author":[{"embeddable":true,"href":"https:\/\/explora.cl\/rmnorte\/wp-json\/wp\/v2\/users\/2"}],"replies":[{"embeddable":true,"href":"https:\/\/explora.cl\/rmnorte\/wp-json\/wp\/v2\/comments?post=32049"}],"version-history":[{"count":1,"href":"https:\/\/explora.cl\/rmnorte\/wp-json\/wp\/v2\/posts\/32049\/revisions"}],"predecessor-version":[{"id":38577,"href":"https:\/\/explora.cl\/rmnorte\/wp-json\/wp\/v2\/posts\/32049\/revisions\/38577"}],"wp:featuredmedia":[{"embeddable":true,"href":"https:\/\/explora.cl\/rmnorte\/wp-json\/wp\/v2\/media\/33817"}],"wp:attachment":[{"href":"https:\/\/explora.cl\/rmnorte\/wp-json\/wp\/v2\/media?parent=32049"}],"wp:term":[{"taxonomy":"category","embeddable":true,"href":"https:\/\/explora.cl\/rmnorte\/wp-json\/wp\/v2\/categories?post=32049"},{"taxonomy":"post_tag","embeddable":true,"href":"https:\/\/explora.cl\/rmnorte\/wp-json\/wp\/v2\/tags?post=32049"}],"curies":[{"name":"wp","href":"https:\/\/api.w.org\/{rel}","templated":true}]}}