{"id":32045,"date":"2014-08-28T00:00:00","date_gmt":"2014-08-28T04:00:00","guid":{"rendered":"https:\/\/explora.cl\/rmnorte\/blog\/2014\/08\/28\/ballenas-y-delfines-se-avistaron-en-santiago\/"},"modified":"2019-05-20T17:23:41","modified_gmt":"2019-05-20T17:23:41","slug":"ballenas-y-delfines-se-avistaron-en-santiago","status":"publish","type":"post","link":"https:\/\/explora.cl\/rmnorte\/ballenas-y-delfines-se-avistaron-en-santiago\/","title":{"rendered":"Ballenas y delfines se avistaron en Santiago"},"content":{"rendered":"<p><img fetchpriority=\"high\" decoding=\"async\" class=\" size-full wp-image-4972\" src=\"http:\/\/ec2-34-218-253-251.us-west-2.compute.amazonaws.com\/wp-content\/uploads\/2014\/08\/b8c76ee8ebbe7de4df8bd61f72161540.jpg\" alt=\"\" width=\"2500\" height=\"2373\" \/><\/p>\n<p style=\"text-align: justify\">La charla de la Dra. Mar\u00eda Jos\u00e9 P\u00e9rez \u00c1lvarez trajo a la capital la amplia gama de cet\u00e1ceos que habitan en las costas de nuestro pa\u00eds, destacando su importancia para el ecosistema y el cuidado que deben recibir para su conservaci\u00f3n.<\/p>\n<p style=\"text-align: justify\">\u00a0<\/p>\n<p style=\"text-align: justify\">En la Sala Am\u00e9rica de la Biblioteca Nacional se desarroll\u00f3 este 27 de agosto el encuentro entre la investigadora del Instituto de Ecolog\u00eda y Biodiversidad de la Universidad de Chile con estudiantes y p\u00fablico general, para conversar sobre estos mam\u00edferos que recorren gran parte de nuestro territorio mar\u00edtimo.<\/p>\n<p style=\"text-align: justify\">Durante la exposici\u00f3n, Mar\u00eda Jos\u00e9 P\u00e9rez \u00c1lvarez dio a conocer las diferencias entre las especies de delfines y ballenas, para luego analizar las principales metodolog\u00edas de estudio de los cet\u00e1ceos, as\u00ed como las formas en que los especialistas levantan informaci\u00f3n para el reconocimiento y seguimiento de individuos.<\/p>\n<p style=\"text-align: justify\"><img decoding=\"async\" src=\"images\/IMAGENES-RM-NORTE\/Charla%20Cetaceos%20-%2001.jpg\" border=\"0\" width=\"367\" height=\"189\" style=\"margin: 5px;border: 5px solid black;float: left\" \/>Entre el p\u00fablico asistente se encontraba Cristian Guajardo que viene de una familia de pescadores de la regi\u00f3n del Biob\u00edo y desde peque\u00f1o tuvo la posibilidad de ver distintas especies de delfines y ballenas, por lo cual estuvo muy interesado en la presentaci\u00f3n, de la cual coment\u00f3 al finalizar: \u201clo importante es que hay que tener mucho cuidado en el acercamiento a este tipo de mam\u00edferos y crear conciencia con el cuidado y el uso de las redes de pescadores, as\u00ed como del manejo del turismo\u201d.<\/p>\n<p style=\"text-align: justify\">Javier Caama\u00f1o, estudiante del Instituto Tecnol\u00f3gico Comercial de Recoleta, se encuentra trabajando en un proyecto para ser presentado en la Feria Ant\u00e1rtica Escolar sobre una comparaci\u00f3n de ping\u00fcinos en cautiverio y en estado silvestre, sobre la charla de cet\u00e1ceos destac\u00f3 la claridad en la exposici\u00f3n de la investigadora y entre los aspectos que m\u00e1s llamaron su atenci\u00f3n est\u00e1 la organizaci\u00f3n social de los delfines y sus capacidades.<\/p>\n<p style=\"text-align: justify\"><img decoding=\"async\" src=\"images\/IMAGENES-RM-NORTE\/Charla%20Cetaceos%20-%2002.jpg\" border=\"0\" width=\"356\" height=\"184\" style=\"float: right;margin: 5px;border: 5px solid black\" \/>Respecto a la mayor problem\u00e1tica que se da en la interacci\u00f3n entre las especies analizadas y la poblaci\u00f3n que habita las costas, Mar\u00eda Jos\u00e9 P\u00e9rez \u00c1lvarez se\u00f1al\u00f3: \u201cEn cuanto a los cet\u00e1ceos los mayores problemas surgen con las redes de pesca, principalmente las redes costeras, que al ser de filamentos muy delgados no logran ser detectadas por el sistema de ecolocalizaci\u00f3n de estas especies; el otro gran problema es el turismo mal regulado, el que puede alterar la interacci\u00f3n de estos animales con el entorno\u201d.<\/p>\n<p style=\"text-align: justify\">En cuanto a la importancia de la presencia de los cet\u00e1ceos en nuestras costas, adem\u00e1s de su potencial tur\u00edstico, la investigadora se\u00f1al\u00f3: \u201cLas ballenas y los delfines act\u00faan como indicadores de salud ambiental, ya que al estar nosotros en un eslab\u00f3n tr\u00f3fico superior, la presencia de estos cet\u00e1ceos en un lugar determinado nos asegura que ah\u00ed hay alimento\u201d.<\/p>\n","protected":false},"excerpt":{"rendered":"<p>La charla de la Dra. Mar\u00eda Jos\u00e9 P\u00e9rez \u00c1lvarez trajo a la capital la amplia gama de cet\u00e1ceos que habitan en las costas de nuestro pa\u00eds, destacando su importancia para el ecosistema y el cuidado que deben recibir para su conservaci\u00f3n. \u00a0 En la Sala Am\u00e9rica de la Biblioteca Nacional se desarroll\u00f3 este 27 de [&hellip;]<\/p>\n","protected":false},"author":2,"featured_media":33815,"comment_status":"closed","ping_status":"open","sticky":false,"template":"","format":"standard","meta":{"_acf_changed":false,"_exactmetrics_skip_tracking":false,"_exactmetrics_sitenote_active":false,"_exactmetrics_sitenote_note":"","_exactmetrics_sitenote_category":0,"footnotes":"","_links_to":"","_links_to_target":""},"categories":[4],"tags":[],"class_list":["post-32045","post","type-post","status-publish","format-standard","has-post-thumbnail","hentry","category-noticias"],"acf":[],"yoast_head":"<!-- This site is optimized with the Yoast SEO plugin v26.9 - https:\/\/yoast.com\/product\/yoast-seo-wordpress\/ -->\n<title>Ballenas y delfines se avistaron en Santiago - RM Norte<\/title>\n<meta name=\"robots\" content=\"index, follow, max-snippet:-1, max-image-preview:large, max-video-preview:-1\" \/>\n<link rel=\"canonical\" href=\"https:\/\/explora.cl\/rmnorte\/ballenas-y-delfines-se-avistaron-en-santiago\/\" class=\"yoast-seo-meta-tag\" \/>\n<meta property=\"og:locale\" content=\"es_ES\" class=\"yoast-seo-meta-tag\" \/>\n<meta property=\"og:type\" content=\"article\" class=\"yoast-seo-meta-tag\" \/>\n<meta property=\"og:title\" content=\"Ballenas y delfines se avistaron en Santiago - RM Norte\" class=\"yoast-seo-meta-tag\" \/>\n<meta property=\"og:description\" content=\"La charla de la Dra. Mar\u00eda Jos\u00e9 P\u00e9rez \u00c1lvarez trajo a la capital la amplia gama de cet\u00e1ceos que habitan en las costas de nuestro pa\u00eds, destacando su importancia para el ecosistema y el cuidado que deben recibir para su conservaci\u00f3n. \u00a0 En la Sala Am\u00e9rica de la Biblioteca Nacional se desarroll\u00f3 este 27 de [&hellip;]\" class=\"yoast-seo-meta-tag\" \/>\n<meta property=\"og:url\" content=\"https:\/\/explora.cl\/rmnorte\/ballenas-y-delfines-se-avistaron-en-santiago\/\" class=\"yoast-seo-meta-tag\" \/>\n<meta property=\"og:site_name\" content=\"RM Norte\" class=\"yoast-seo-meta-tag\" \/>\n<meta property=\"article:published_time\" content=\"2014-08-28T04:00:00+00:00\" class=\"yoast-seo-meta-tag\" \/>\n<meta property=\"article:modified_time\" content=\"2019-05-20T17:23:41+00:00\" class=\"yoast-seo-meta-tag\" \/>\n<meta property=\"og:image\" content=\"https:\/\/explora.cl\/rmnorte\/wp-content\/uploads\/sites\/11\/2018\/06\/b8c76ee8ebbe7de4df8bd61f72161540-1024x972.jpg\" class=\"yoast-seo-meta-tag\" \/>\n\t<meta property=\"og:image:width\" content=\"1024\" class=\"yoast-seo-meta-tag\" \/>\n\t<meta property=\"og:image:height\" content=\"972\" class=\"yoast-seo-meta-tag\" \/>\n\t<meta property=\"og:image:type\" content=\"image\/jpeg\" class=\"yoast-seo-meta-tag\" \/>\n<meta name=\"author\" content=\"webman\" class=\"yoast-seo-meta-tag\" \/>\n<meta name=\"twitter:card\" content=\"summary_large_image\" class=\"yoast-seo-meta-tag\" \/>\n<meta name=\"twitter:label1\" content=\"Escrito por\" class=\"yoast-seo-meta-tag\" \/>\n\t<meta name=\"twitter:data1\" content=\"webman\" class=\"yoast-seo-meta-tag\" \/>\n\t<meta name=\"twitter:label2\" content=\"Tiempo estimado de lectura\" class=\"yoast-seo-meta-tag\" \/>\n\t<meta name=\"twitter:data2\" content=\"2 minutos\" class=\"yoast-seo-meta-tag\" \/>\n<script type=\"application\/ld+json\" class=\"yoast-schema-graph\">{\"@context\":\"https:\/\/schema.org\",\"@graph\":[{\"@type\":\"Article\",\"@id\":\"https:\/\/explora.cl\/rmnorte\/ballenas-y-delfines-se-avistaron-en-santiago\/#article\",\"isPartOf\":{\"@id\":\"https:\/\/explora.cl\/rmnorte\/ballenas-y-delfines-se-avistaron-en-santiago\/\"},\"author\":{\"name\":\"webman\",\"@id\":\"https:\/\/explora.cl\/rmnorte\/#\/schema\/person\/cb8349c13ea2d324080adf8480d7ba5d\"},\"headline\":\"Ballenas y delfines se avistaron en Santiago\",\"datePublished\":\"2014-08-28T04:00:00+00:00\",\"dateModified\":\"2019-05-20T17:23:41+00:00\",\"mainEntityOfPage\":{\"@id\":\"https:\/\/explora.cl\/rmnorte\/ballenas-y-delfines-se-avistaron-en-santiago\/\"},\"wordCount\":487,\"image\":{\"@id\":\"https:\/\/explora.cl\/rmnorte\/ballenas-y-delfines-se-avistaron-en-santiago\/#primaryimage\"},\"thumbnailUrl\":\"https:\/\/explora.cl\/rmnorte\/wp-content\/uploads\/sites\/11\/2018\/06\/b8c76ee8ebbe7de4df8bd61f72161540.jpg\",\"articleSection\":[\"Noticias\"],\"inLanguage\":\"es-CL\"},{\"@type\":\"WebPage\",\"@id\":\"https:\/\/explora.cl\/rmnorte\/ballenas-y-delfines-se-avistaron-en-santiago\/\",\"url\":\"https:\/\/explora.cl\/rmnorte\/ballenas-y-delfines-se-avistaron-en-santiago\/\",\"name\":\"Ballenas y delfines se avistaron en Santiago - RM Norte\",\"isPartOf\":{\"@id\":\"https:\/\/explora.cl\/rmnorte\/#website\"},\"primaryImageOfPage\":{\"@id\":\"https:\/\/explora.cl\/rmnorte\/ballenas-y-delfines-se-avistaron-en-santiago\/#primaryimage\"},\"image\":{\"@id\":\"https:\/\/explora.cl\/rmnorte\/ballenas-y-delfines-se-avistaron-en-santiago\/#primaryimage\"},\"thumbnailUrl\":\"https:\/\/explora.cl\/rmnorte\/wp-content\/uploads\/sites\/11\/2018\/06\/b8c76ee8ebbe7de4df8bd61f72161540.jpg\",\"datePublished\":\"2014-08-28T04:00:00+00:00\",\"dateModified\":\"2019-05-20T17:23:41+00:00\",\"author\":{\"@id\":\"https:\/\/explora.cl\/rmnorte\/#\/schema\/person\/cb8349c13ea2d324080adf8480d7ba5d\"},\"breadcrumb\":{\"@id\":\"https:\/\/explora.cl\/rmnorte\/ballenas-y-delfines-se-avistaron-en-santiago\/#breadcrumb\"},\"inLanguage\":\"es-CL\",\"potentialAction\":[{\"@type\":\"ReadAction\",\"target\":[\"https:\/\/explora.cl\/rmnorte\/ballenas-y-delfines-se-avistaron-en-santiago\/\"]}]},{\"@type\":\"ImageObject\",\"inLanguage\":\"es-CL\",\"@id\":\"https:\/\/explora.cl\/rmnorte\/ballenas-y-delfines-se-avistaron-en-santiago\/#primaryimage\",\"url\":\"https:\/\/explora.cl\/rmnorte\/wp-content\/uploads\/sites\/11\/2018\/06\/b8c76ee8ebbe7de4df8bd61f72161540.jpg\",\"contentUrl\":\"https:\/\/explora.cl\/rmnorte\/wp-content\/uploads\/sites\/11\/2018\/06\/b8c76ee8ebbe7de4df8bd61f72161540.jpg\",\"width\":2500,\"height\":2373},{\"@type\":\"BreadcrumbList\",\"@id\":\"https:\/\/explora.cl\/rmnorte\/ballenas-y-delfines-se-avistaron-en-santiago\/#breadcrumb\",\"itemListElement\":[{\"@type\":\"ListItem\",\"position\":1,\"name\":\"Portada\",\"item\":\"https:\/\/explora.cl\/rmnorte\/\"},{\"@type\":\"ListItem\",\"position\":2,\"name\":\"Ballenas y delfines se avistaron en Santiago\"}]},{\"@type\":\"WebSite\",\"@id\":\"https:\/\/explora.cl\/rmnorte\/#website\",\"url\":\"https:\/\/explora.cl\/rmnorte\/\",\"name\":\"RM Norte\",\"description\":\"RM Norte explora.cl\",\"potentialAction\":[{\"@type\":\"SearchAction\",\"target\":{\"@type\":\"EntryPoint\",\"urlTemplate\":\"https:\/\/explora.cl\/rmnorte\/?s={search_term_string}\"},\"query-input\":{\"@type\":\"PropertyValueSpecification\",\"valueRequired\":true,\"valueName\":\"search_term_string\"}}],\"inLanguage\":\"es-CL\"},{\"@type\":\"Person\",\"@id\":\"https:\/\/explora.cl\/rmnorte\/#\/schema\/person\/cb8349c13ea2d324080adf8480d7ba5d\",\"name\":\"webman\",\"image\":{\"@type\":\"ImageObject\",\"inLanguage\":\"es-CL\",\"@id\":\"https:\/\/explora.cl\/rmnorte\/#\/schema\/person\/image\/\",\"url\":\"https:\/\/secure.gravatar.com\/avatar\/eeff3c82f2c02f7177d13663b7e6f890e9a6a0647ce9bb29cae02dcb094c7312?s=96&d=mm&r=g\",\"contentUrl\":\"https:\/\/secure.gravatar.com\/avatar\/eeff3c82f2c02f7177d13663b7e6f890e9a6a0647ce9bb29cae02dcb094c7312?s=96&d=mm&r=g\",\"caption\":\"webman\"},\"url\":\"https:\/\/explora.cl\/rmnorte\/author\/webman\/\"}]}<\/script>\n<!-- \/ Yoast SEO plugin. -->","yoast_head_json":{"title":"Ballenas y delfines se avistaron en Santiago - RM Norte","robots":{"index":"index","follow":"follow","max-snippet":"max-snippet:-1","max-image-preview":"max-image-preview:large","max-video-preview":"max-video-preview:-1"},"canonical":"https:\/\/explora.cl\/rmnorte\/ballenas-y-delfines-se-avistaron-en-santiago\/","og_locale":"es_ES","og_type":"article","og_title":"Ballenas y delfines se avistaron en Santiago - RM Norte","og_description":"La charla de la Dra. Mar\u00eda Jos\u00e9 P\u00e9rez \u00c1lvarez trajo a la capital la amplia gama de cet\u00e1ceos que habitan en las costas de nuestro pa\u00eds, destacando su importancia para el ecosistema y el cuidado que deben recibir para su conservaci\u00f3n. \u00a0 En la Sala Am\u00e9rica de la Biblioteca Nacional se desarroll\u00f3 este 27 de [&hellip;]","og_url":"https:\/\/explora.cl\/rmnorte\/ballenas-y-delfines-se-avistaron-en-santiago\/","og_site_name":"RM Norte","article_published_time":"2014-08-28T04:00:00+00:00","article_modified_time":"2019-05-20T17:23:41+00:00","og_image":[{"width":1024,"height":972,"url":"https:\/\/explora.cl\/rmnorte\/wp-content\/uploads\/sites\/11\/2018\/06\/b8c76ee8ebbe7de4df8bd61f72161540-1024x972.jpg","type":"image\/jpeg"}],"author":"webman","twitter_card":"summary_large_image","twitter_misc":{"Escrito por":"webman","Tiempo estimado de lectura":"2 minutos"},"schema":{"@context":"https:\/\/schema.org","@graph":[{"@type":"Article","@id":"https:\/\/explora.cl\/rmnorte\/ballenas-y-delfines-se-avistaron-en-santiago\/#article","isPartOf":{"@id":"https:\/\/explora.cl\/rmnorte\/ballenas-y-delfines-se-avistaron-en-santiago\/"},"author":{"name":"webman","@id":"https:\/\/explora.cl\/rmnorte\/#\/schema\/person\/cb8349c13ea2d324080adf8480d7ba5d"},"headline":"Ballenas y delfines se avistaron en Santiago","datePublished":"2014-08-28T04:00:00+00:00","dateModified":"2019-05-20T17:23:41+00:00","mainEntityOfPage":{"@id":"https:\/\/explora.cl\/rmnorte\/ballenas-y-delfines-se-avistaron-en-santiago\/"},"wordCount":487,"image":{"@id":"https:\/\/explora.cl\/rmnorte\/ballenas-y-delfines-se-avistaron-en-santiago\/#primaryimage"},"thumbnailUrl":"https:\/\/explora.cl\/rmnorte\/wp-content\/uploads\/sites\/11\/2018\/06\/b8c76ee8ebbe7de4df8bd61f72161540.jpg","articleSection":["Noticias"],"inLanguage":"es-CL"},{"@type":"WebPage","@id":"https:\/\/explora.cl\/rmnorte\/ballenas-y-delfines-se-avistaron-en-santiago\/","url":"https:\/\/explora.cl\/rmnorte\/ballenas-y-delfines-se-avistaron-en-santiago\/","name":"Ballenas y delfines se avistaron en Santiago - RM Norte","isPartOf":{"@id":"https:\/\/explora.cl\/rmnorte\/#website"},"primaryImageOfPage":{"@id":"https:\/\/explora.cl\/rmnorte\/ballenas-y-delfines-se-avistaron-en-santiago\/#primaryimage"},"image":{"@id":"https:\/\/explora.cl\/rmnorte\/ballenas-y-delfines-se-avistaron-en-santiago\/#primaryimage"},"thumbnailUrl":"https:\/\/explora.cl\/rmnorte\/wp-content\/uploads\/sites\/11\/2018\/06\/b8c76ee8ebbe7de4df8bd61f72161540.jpg","datePublished":"2014-08-28T04:00:00+00:00","dateModified":"2019-05-20T17:23:41+00:00","author":{"@id":"https:\/\/explora.cl\/rmnorte\/#\/schema\/person\/cb8349c13ea2d324080adf8480d7ba5d"},"breadcrumb":{"@id":"https:\/\/explora.cl\/rmnorte\/ballenas-y-delfines-se-avistaron-en-santiago\/#breadcrumb"},"inLanguage":"es-CL","potentialAction":[{"@type":"ReadAction","target":["https:\/\/explora.cl\/rmnorte\/ballenas-y-delfines-se-avistaron-en-santiago\/"]}]},{"@type":"ImageObject","inLanguage":"es-CL","@id":"https:\/\/explora.cl\/rmnorte\/ballenas-y-delfines-se-avistaron-en-santiago\/#primaryimage","url":"https:\/\/explora.cl\/rmnorte\/wp-content\/uploads\/sites\/11\/2018\/06\/b8c76ee8ebbe7de4df8bd61f72161540.jpg","contentUrl":"https:\/\/explora.cl\/rmnorte\/wp-content\/uploads\/sites\/11\/2018\/06\/b8c76ee8ebbe7de4df8bd61f72161540.jpg","width":2500,"height":2373},{"@type":"BreadcrumbList","@id":"https:\/\/explora.cl\/rmnorte\/ballenas-y-delfines-se-avistaron-en-santiago\/#breadcrumb","itemListElement":[{"@type":"ListItem","position":1,"name":"Portada","item":"https:\/\/explora.cl\/rmnorte\/"},{"@type":"ListItem","position":2,"name":"Ballenas y delfines se avistaron en Santiago"}]},{"@type":"WebSite","@id":"https:\/\/explora.cl\/rmnorte\/#website","url":"https:\/\/explora.cl\/rmnorte\/","name":"RM Norte","description":"RM Norte explora.cl","potentialAction":[{"@type":"SearchAction","target":{"@type":"EntryPoint","urlTemplate":"https:\/\/explora.cl\/rmnorte\/?s={search_term_string}"},"query-input":{"@type":"PropertyValueSpecification","valueRequired":true,"valueName":"search_term_string"}}],"inLanguage":"es-CL"},{"@type":"Person","@id":"https:\/\/explora.cl\/rmnorte\/#\/schema\/person\/cb8349c13ea2d324080adf8480d7ba5d","name":"webman","image":{"@type":"ImageObject","inLanguage":"es-CL","@id":"https:\/\/explora.cl\/rmnorte\/#\/schema\/person\/image\/","url":"https:\/\/secure.gravatar.com\/avatar\/eeff3c82f2c02f7177d13663b7e6f890e9a6a0647ce9bb29cae02dcb094c7312?s=96&d=mm&r=g","contentUrl":"https:\/\/secure.gravatar.com\/avatar\/eeff3c82f2c02f7177d13663b7e6f890e9a6a0647ce9bb29cae02dcb094c7312?s=96&d=mm&r=g","caption":"webman"},"url":"https:\/\/explora.cl\/rmnorte\/author\/webman\/"}]}},"_links":{"self":[{"href":"https:\/\/explora.cl\/rmnorte\/wp-json\/wp\/v2\/posts\/32045","targetHints":{"allow":["GET"]}}],"collection":[{"href":"https:\/\/explora.cl\/rmnorte\/wp-json\/wp\/v2\/posts"}],"about":[{"href":"https:\/\/explora.cl\/rmnorte\/wp-json\/wp\/v2\/types\/post"}],"author":[{"embeddable":true,"href":"https:\/\/explora.cl\/rmnorte\/wp-json\/wp\/v2\/users\/2"}],"replies":[{"embeddable":true,"href":"https:\/\/explora.cl\/rmnorte\/wp-json\/wp\/v2\/comments?post=32045"}],"version-history":[{"count":1,"href":"https:\/\/explora.cl\/rmnorte\/wp-json\/wp\/v2\/posts\/32045\/revisions"}],"predecessor-version":[{"id":38578,"href":"https:\/\/explora.cl\/rmnorte\/wp-json\/wp\/v2\/posts\/32045\/revisions\/38578"}],"wp:featuredmedia":[{"embeddable":true,"href":"https:\/\/explora.cl\/rmnorte\/wp-json\/wp\/v2\/media\/33815"}],"wp:attachment":[{"href":"https:\/\/explora.cl\/rmnorte\/wp-json\/wp\/v2\/media?parent=32045"}],"wp:term":[{"taxonomy":"category","embeddable":true,"href":"https:\/\/explora.cl\/rmnorte\/wp-json\/wp\/v2\/categories?post=32045"},{"taxonomy":"post_tag","embeddable":true,"href":"https:\/\/explora.cl\/rmnorte\/wp-json\/wp\/v2\/tags?post=32045"}],"curies":[{"name":"wp","href":"https:\/\/api.w.org\/{rel}","templated":true}]}}