{"id":32039,"date":"2014-08-25T00:00:00","date_gmt":"2014-08-25T04:00:00","guid":{"rendered":"https:\/\/explora.cl\/rmnorte\/blog\/2014\/08\/25\/talleres-de-metodologias-de-la-investigacion-para-tcc\/"},"modified":"2019-05-20T17:23:43","modified_gmt":"2019-05-20T17:23:43","slug":"talleres-de-metodologias-de-la-investigacion-para-tcc","status":"publish","type":"post","link":"https:\/\/explora.cl\/rmnorte\/talleres-de-metodologias-de-la-investigacion-para-tcc\/","title":{"rendered":"Estudiantes TCC participaron en el primer Taller de Metodolog\u00edas de la Investigaci\u00f3n"},"content":{"rendered":"<p><img fetchpriority=\"high\" decoding=\"async\" class=\" size-full wp-image-4858\" src=\"http:\/\/ec2-34-218-253-251.us-west-2.compute.amazonaws.com\/wp-content\/uploads\/2014\/08\/ea643bb1fbdd9cf86579420808924f63.jpg\" alt=\"\" width=\"1000\" height=\"781\" \/><\/p>\n<p style=\"text-align: justify\"><span style=\"line-height: 1.3em\">El viernes 22 de agosto, en las dependencias de la Sede Santiago de la Universidad Arturo Prat, se realiz\u00f3 el Taller de Metodolog\u00edas de la Investigaci\u00f3n, en el que participaron estudiantes y docentes TCC de establecimientos educacionales pertenecientes a las 17 comunas con las que trabaja el PAR EXPLORA RM Norte.<\/span><\/p>\n<p style=\"text-align: justify\"><span>La actividad se dividi\u00f3 en dos jornadas, durante la ma\u00f1ana estuvo dirigida a estudiantes de Ense\u00f1anza B\u00e1sica y durante la tarde, a representantes de Ense\u00f1anza Media. Ambos talleres fueron dirigidos<\/span><span style=\"line-height: 1.3em\">\u00a0por la Directora del PAR EXPLORA RM Norte, Elia Soto, quien comparti\u00f3 su experiencia y conocimientos con los asistentes, que tuvieron la oportunidad de trabajar en un proyecto ficticio, para posteriormente presentarlo y recibir las observaciones de los presentes y de la investigadora.<\/span><\/p>\n<p style=\"text-align: justify\"><img decoding=\"async\" src=\"images\/IMAGENES-RM-NORTE\/2%20taller%20TCC%202.jpg\" border=\"0\" width=\"400\" style=\"margin: 5px;border: 5px solid black;float: left\" \/><\/p>\n<p style=\"text-align: justify\"><span style=\"line-height: 1.3em\">\u00a0<\/span><\/p>\n<p style=\"text-align: justify\"><span style=\"line-height: 1.3em\">\u00a0<\/span><\/p>\n<p style=\"text-align: justify\"><span style=\"line-height: 1.3em\">J\u00e9ssica Gonz\u00e1lez, es docente del Colegio San Agust\u00edn de \u00d1u\u00f1oa y particip\u00f3 en el taller junto a estudiantes de Ense\u00f1anza B\u00e1sica,\u00a0<\/span><span style=\"line-height: 1.3em\">\u201ctanto para m\u00ed como para mis alumnos y alumnas tener la oportunidad de conocer a otros grupos que estuvieran realizando las mismas actividades que nosotros, nos llam\u00f3 mucho la atenci\u00f3n y nos sirvi\u00f3 para aprender, compartir experiencias \u00a0y conocer m\u00e1s sobre c\u00f3mo se trabaja en otros establecimientos. Este tipo de instancias es excelente ya que los ni\u00f1os siempre est\u00e1n abiertos a conocer m\u00e1s y buscan que m\u00e1s docentes quieran participar\u201d.<\/span><\/p>\n<p style=\"text-align: justify\"><span>Para Dami\u00e1n Barros, estudiante de ense\u00f1anza media del Colegio San Jos\u00e9 de Renca \u201ceste tipo de encuentros fomenta la aun m\u00e1s la difusi\u00f3n de la ciencia, nosotros como alumnos tenemos talleres en los que participamos en el colegio, incluso ahora estamos trabajando en dos proyectos que presentaremos en diferentes ferias, por lo que estas instancias nos suman nuevas experiencias y conocimientos\u201d.<\/span><\/p>\n<p style=\"text-align: justify\"><span>\u00a0<\/span><\/p>\n","protected":false},"excerpt":{"rendered":"<p>El viernes 22 de agosto, en las dependencias de la Sede Santiago de la Universidad Arturo Prat, se realiz\u00f3 el Taller de Metodolog\u00edas de la Investigaci\u00f3n, en el que participaron estudiantes y docentes TCC de establecimientos educacionales pertenecientes a las 17 comunas con las que trabaja el PAR EXPLORA RM Norte. La actividad se dividi\u00f3 [&hellip;]<\/p>\n","protected":false},"author":2,"featured_media":33812,"comment_status":"closed","ping_status":"open","sticky":false,"template":"","format":"standard","meta":{"_acf_changed":false,"_exactmetrics_skip_tracking":false,"_exactmetrics_sitenote_active":false,"_exactmetrics_sitenote_note":"","_exactmetrics_sitenote_category":0,"footnotes":"","_links_to":"","_links_to_target":""},"categories":[4],"tags":[],"class_list":["post-32039","post","type-post","status-publish","format-standard","has-post-thumbnail","hentry","category-noticias"],"acf":[],"yoast_head":"<!-- This site is optimized with the Yoast SEO plugin v26.9 - https:\/\/yoast.com\/product\/yoast-seo-wordpress\/ -->\n<title>Estudiantes TCC participaron en el primer Taller de Metodolog\u00edas de la Investigaci\u00f3n - RM Norte<\/title>\n<meta name=\"robots\" content=\"index, follow, max-snippet:-1, max-image-preview:large, max-video-preview:-1\" \/>\n<link rel=\"canonical\" href=\"https:\/\/explora.cl\/rmnorte\/talleres-de-metodologias-de-la-investigacion-para-tcc\/\" class=\"yoast-seo-meta-tag\" \/>\n<meta property=\"og:locale\" content=\"es_ES\" class=\"yoast-seo-meta-tag\" \/>\n<meta property=\"og:type\" content=\"article\" class=\"yoast-seo-meta-tag\" \/>\n<meta property=\"og:title\" content=\"Estudiantes TCC participaron en el primer Taller de Metodolog\u00edas de la Investigaci\u00f3n - RM Norte\" class=\"yoast-seo-meta-tag\" \/>\n<meta property=\"og:description\" content=\"El viernes 22 de agosto, en las dependencias de la Sede Santiago de la Universidad Arturo Prat, se realiz\u00f3 el Taller de Metodolog\u00edas de la Investigaci\u00f3n, en el que participaron estudiantes y docentes TCC de establecimientos educacionales pertenecientes a las 17 comunas con las que trabaja el PAR EXPLORA RM Norte. La actividad se dividi\u00f3 [&hellip;]\" class=\"yoast-seo-meta-tag\" \/>\n<meta property=\"og:url\" content=\"https:\/\/explora.cl\/rmnorte\/talleres-de-metodologias-de-la-investigacion-para-tcc\/\" class=\"yoast-seo-meta-tag\" \/>\n<meta property=\"og:site_name\" content=\"RM Norte\" class=\"yoast-seo-meta-tag\" \/>\n<meta property=\"article:published_time\" content=\"2014-08-25T04:00:00+00:00\" class=\"yoast-seo-meta-tag\" \/>\n<meta property=\"article:modified_time\" content=\"2019-05-20T17:23:43+00:00\" class=\"yoast-seo-meta-tag\" \/>\n<meta property=\"og:image\" content=\"https:\/\/explora.cl\/rmnorte\/wp-content\/uploads\/sites\/11\/2018\/06\/ea643bb1fbdd9cf86579420808924f63.jpg\" class=\"yoast-seo-meta-tag\" \/>\n\t<meta property=\"og:image:width\" content=\"1000\" class=\"yoast-seo-meta-tag\" \/>\n\t<meta property=\"og:image:height\" content=\"781\" class=\"yoast-seo-meta-tag\" \/>\n\t<meta property=\"og:image:type\" content=\"image\/jpeg\" class=\"yoast-seo-meta-tag\" \/>\n<meta name=\"author\" content=\"webman\" class=\"yoast-seo-meta-tag\" \/>\n<meta name=\"twitter:card\" content=\"summary_large_image\" class=\"yoast-seo-meta-tag\" \/>\n<meta name=\"twitter:label1\" content=\"Escrito por\" class=\"yoast-seo-meta-tag\" \/>\n\t<meta name=\"twitter:data1\" content=\"webman\" class=\"yoast-seo-meta-tag\" \/>\n\t<meta name=\"twitter:label2\" content=\"Tiempo estimado de lectura\" class=\"yoast-seo-meta-tag\" \/>\n\t<meta name=\"twitter:data2\" content=\"1 minuto\" class=\"yoast-seo-meta-tag\" \/>\n<script type=\"application\/ld+json\" class=\"yoast-schema-graph\">{\"@context\":\"https:\/\/schema.org\",\"@graph\":[{\"@type\":\"Article\",\"@id\":\"https:\/\/explora.cl\/rmnorte\/talleres-de-metodologias-de-la-investigacion-para-tcc\/#article\",\"isPartOf\":{\"@id\":\"https:\/\/explora.cl\/rmnorte\/talleres-de-metodologias-de-la-investigacion-para-tcc\/\"},\"author\":{\"name\":\"webman\",\"@id\":\"https:\/\/explora.cl\/rmnorte\/#\/schema\/person\/cb8349c13ea2d324080adf8480d7ba5d\"},\"headline\":\"Estudiantes TCC participaron en el primer Taller de Metodolog\u00edas de la Investigaci\u00f3n\",\"datePublished\":\"2014-08-25T04:00:00+00:00\",\"dateModified\":\"2019-05-20T17:23:43+00:00\",\"mainEntityOfPage\":{\"@id\":\"https:\/\/explora.cl\/rmnorte\/talleres-de-metodologias-de-la-investigacion-para-tcc\/\"},\"wordCount\":311,\"image\":{\"@id\":\"https:\/\/explora.cl\/rmnorte\/talleres-de-metodologias-de-la-investigacion-para-tcc\/#primaryimage\"},\"thumbnailUrl\":\"https:\/\/explora.cl\/rmnorte\/wp-content\/uploads\/sites\/11\/2018\/06\/ea643bb1fbdd9cf86579420808924f63.jpg\",\"articleSection\":[\"Noticias\"],\"inLanguage\":\"es-CL\"},{\"@type\":\"WebPage\",\"@id\":\"https:\/\/explora.cl\/rmnorte\/talleres-de-metodologias-de-la-investigacion-para-tcc\/\",\"url\":\"https:\/\/explora.cl\/rmnorte\/talleres-de-metodologias-de-la-investigacion-para-tcc\/\",\"name\":\"Estudiantes TCC participaron en el primer Taller de Metodolog\u00edas de la Investigaci\u00f3n - RM Norte\",\"isPartOf\":{\"@id\":\"https:\/\/explora.cl\/rmnorte\/#website\"},\"primaryImageOfPage\":{\"@id\":\"https:\/\/explora.cl\/rmnorte\/talleres-de-metodologias-de-la-investigacion-para-tcc\/#primaryimage\"},\"image\":{\"@id\":\"https:\/\/explora.cl\/rmnorte\/talleres-de-metodologias-de-la-investigacion-para-tcc\/#primaryimage\"},\"thumbnailUrl\":\"https:\/\/explora.cl\/rmnorte\/wp-content\/uploads\/sites\/11\/2018\/06\/ea643bb1fbdd9cf86579420808924f63.jpg\",\"datePublished\":\"2014-08-25T04:00:00+00:00\",\"dateModified\":\"2019-05-20T17:23:43+00:00\",\"author\":{\"@id\":\"https:\/\/explora.cl\/rmnorte\/#\/schema\/person\/cb8349c13ea2d324080adf8480d7ba5d\"},\"breadcrumb\":{\"@id\":\"https:\/\/explora.cl\/rmnorte\/talleres-de-metodologias-de-la-investigacion-para-tcc\/#breadcrumb\"},\"inLanguage\":\"es-CL\",\"potentialAction\":[{\"@type\":\"ReadAction\",\"target\":[\"https:\/\/explora.cl\/rmnorte\/talleres-de-metodologias-de-la-investigacion-para-tcc\/\"]}]},{\"@type\":\"ImageObject\",\"inLanguage\":\"es-CL\",\"@id\":\"https:\/\/explora.cl\/rmnorte\/talleres-de-metodologias-de-la-investigacion-para-tcc\/#primaryimage\",\"url\":\"https:\/\/explora.cl\/rmnorte\/wp-content\/uploads\/sites\/11\/2018\/06\/ea643bb1fbdd9cf86579420808924f63.jpg\",\"contentUrl\":\"https:\/\/explora.cl\/rmnorte\/wp-content\/uploads\/sites\/11\/2018\/06\/ea643bb1fbdd9cf86579420808924f63.jpg\",\"width\":1000,\"height\":781},{\"@type\":\"BreadcrumbList\",\"@id\":\"https:\/\/explora.cl\/rmnorte\/talleres-de-metodologias-de-la-investigacion-para-tcc\/#breadcrumb\",\"itemListElement\":[{\"@type\":\"ListItem\",\"position\":1,\"name\":\"Portada\",\"item\":\"https:\/\/explora.cl\/rmnorte\/\"},{\"@type\":\"ListItem\",\"position\":2,\"name\":\"Estudiantes TCC participaron en el primer Taller de Metodolog\u00edas de la Investigaci\u00f3n\"}]},{\"@type\":\"WebSite\",\"@id\":\"https:\/\/explora.cl\/rmnorte\/#website\",\"url\":\"https:\/\/explora.cl\/rmnorte\/\",\"name\":\"RM Norte\",\"description\":\"RM Norte explora.cl\",\"potentialAction\":[{\"@type\":\"SearchAction\",\"target\":{\"@type\":\"EntryPoint\",\"urlTemplate\":\"https:\/\/explora.cl\/rmnorte\/?s={search_term_string}\"},\"query-input\":{\"@type\":\"PropertyValueSpecification\",\"valueRequired\":true,\"valueName\":\"search_term_string\"}}],\"inLanguage\":\"es-CL\"},{\"@type\":\"Person\",\"@id\":\"https:\/\/explora.cl\/rmnorte\/#\/schema\/person\/cb8349c13ea2d324080adf8480d7ba5d\",\"name\":\"webman\",\"image\":{\"@type\":\"ImageObject\",\"inLanguage\":\"es-CL\",\"@id\":\"https:\/\/explora.cl\/rmnorte\/#\/schema\/person\/image\/\",\"url\":\"https:\/\/secure.gravatar.com\/avatar\/eeff3c82f2c02f7177d13663b7e6f890e9a6a0647ce9bb29cae02dcb094c7312?s=96&d=mm&r=g\",\"contentUrl\":\"https:\/\/secure.gravatar.com\/avatar\/eeff3c82f2c02f7177d13663b7e6f890e9a6a0647ce9bb29cae02dcb094c7312?s=96&d=mm&r=g\",\"caption\":\"webman\"},\"url\":\"https:\/\/explora.cl\/rmnorte\/author\/webman\/\"}]}<\/script>\n<!-- \/ Yoast SEO plugin. -->","yoast_head_json":{"title":"Estudiantes TCC participaron en el primer Taller de Metodolog\u00edas de la Investigaci\u00f3n - RM Norte","robots":{"index":"index","follow":"follow","max-snippet":"max-snippet:-1","max-image-preview":"max-image-preview:large","max-video-preview":"max-video-preview:-1"},"canonical":"https:\/\/explora.cl\/rmnorte\/talleres-de-metodologias-de-la-investigacion-para-tcc\/","og_locale":"es_ES","og_type":"article","og_title":"Estudiantes TCC participaron en el primer Taller de Metodolog\u00edas de la Investigaci\u00f3n - RM Norte","og_description":"El viernes 22 de agosto, en las dependencias de la Sede Santiago de la Universidad Arturo Prat, se realiz\u00f3 el Taller de Metodolog\u00edas de la Investigaci\u00f3n, en el que participaron estudiantes y docentes TCC de establecimientos educacionales pertenecientes a las 17 comunas con las que trabaja el PAR EXPLORA RM Norte. La actividad se dividi\u00f3 [&hellip;]","og_url":"https:\/\/explora.cl\/rmnorte\/talleres-de-metodologias-de-la-investigacion-para-tcc\/","og_site_name":"RM Norte","article_published_time":"2014-08-25T04:00:00+00:00","article_modified_time":"2019-05-20T17:23:43+00:00","og_image":[{"width":1000,"height":781,"url":"https:\/\/explora.cl\/rmnorte\/wp-content\/uploads\/sites\/11\/2018\/06\/ea643bb1fbdd9cf86579420808924f63.jpg","type":"image\/jpeg"}],"author":"webman","twitter_card":"summary_large_image","twitter_misc":{"Escrito por":"webman","Tiempo estimado de lectura":"1 minuto"},"schema":{"@context":"https:\/\/schema.org","@graph":[{"@type":"Article","@id":"https:\/\/explora.cl\/rmnorte\/talleres-de-metodologias-de-la-investigacion-para-tcc\/#article","isPartOf":{"@id":"https:\/\/explora.cl\/rmnorte\/talleres-de-metodologias-de-la-investigacion-para-tcc\/"},"author":{"name":"webman","@id":"https:\/\/explora.cl\/rmnorte\/#\/schema\/person\/cb8349c13ea2d324080adf8480d7ba5d"},"headline":"Estudiantes TCC participaron en el primer Taller de Metodolog\u00edas de la Investigaci\u00f3n","datePublished":"2014-08-25T04:00:00+00:00","dateModified":"2019-05-20T17:23:43+00:00","mainEntityOfPage":{"@id":"https:\/\/explora.cl\/rmnorte\/talleres-de-metodologias-de-la-investigacion-para-tcc\/"},"wordCount":311,"image":{"@id":"https:\/\/explora.cl\/rmnorte\/talleres-de-metodologias-de-la-investigacion-para-tcc\/#primaryimage"},"thumbnailUrl":"https:\/\/explora.cl\/rmnorte\/wp-content\/uploads\/sites\/11\/2018\/06\/ea643bb1fbdd9cf86579420808924f63.jpg","articleSection":["Noticias"],"inLanguage":"es-CL"},{"@type":"WebPage","@id":"https:\/\/explora.cl\/rmnorte\/talleres-de-metodologias-de-la-investigacion-para-tcc\/","url":"https:\/\/explora.cl\/rmnorte\/talleres-de-metodologias-de-la-investigacion-para-tcc\/","name":"Estudiantes TCC participaron en el primer Taller de Metodolog\u00edas de la Investigaci\u00f3n - RM Norte","isPartOf":{"@id":"https:\/\/explora.cl\/rmnorte\/#website"},"primaryImageOfPage":{"@id":"https:\/\/explora.cl\/rmnorte\/talleres-de-metodologias-de-la-investigacion-para-tcc\/#primaryimage"},"image":{"@id":"https:\/\/explora.cl\/rmnorte\/talleres-de-metodologias-de-la-investigacion-para-tcc\/#primaryimage"},"thumbnailUrl":"https:\/\/explora.cl\/rmnorte\/wp-content\/uploads\/sites\/11\/2018\/06\/ea643bb1fbdd9cf86579420808924f63.jpg","datePublished":"2014-08-25T04:00:00+00:00","dateModified":"2019-05-20T17:23:43+00:00","author":{"@id":"https:\/\/explora.cl\/rmnorte\/#\/schema\/person\/cb8349c13ea2d324080adf8480d7ba5d"},"breadcrumb":{"@id":"https:\/\/explora.cl\/rmnorte\/talleres-de-metodologias-de-la-investigacion-para-tcc\/#breadcrumb"},"inLanguage":"es-CL","potentialAction":[{"@type":"ReadAction","target":["https:\/\/explora.cl\/rmnorte\/talleres-de-metodologias-de-la-investigacion-para-tcc\/"]}]},{"@type":"ImageObject","inLanguage":"es-CL","@id":"https:\/\/explora.cl\/rmnorte\/talleres-de-metodologias-de-la-investigacion-para-tcc\/#primaryimage","url":"https:\/\/explora.cl\/rmnorte\/wp-content\/uploads\/sites\/11\/2018\/06\/ea643bb1fbdd9cf86579420808924f63.jpg","contentUrl":"https:\/\/explora.cl\/rmnorte\/wp-content\/uploads\/sites\/11\/2018\/06\/ea643bb1fbdd9cf86579420808924f63.jpg","width":1000,"height":781},{"@type":"BreadcrumbList","@id":"https:\/\/explora.cl\/rmnorte\/talleres-de-metodologias-de-la-investigacion-para-tcc\/#breadcrumb","itemListElement":[{"@type":"ListItem","position":1,"name":"Portada","item":"https:\/\/explora.cl\/rmnorte\/"},{"@type":"ListItem","position":2,"name":"Estudiantes TCC participaron en el primer Taller de Metodolog\u00edas de la Investigaci\u00f3n"}]},{"@type":"WebSite","@id":"https:\/\/explora.cl\/rmnorte\/#website","url":"https:\/\/explora.cl\/rmnorte\/","name":"RM Norte","description":"RM Norte explora.cl","potentialAction":[{"@type":"SearchAction","target":{"@type":"EntryPoint","urlTemplate":"https:\/\/explora.cl\/rmnorte\/?s={search_term_string}"},"query-input":{"@type":"PropertyValueSpecification","valueRequired":true,"valueName":"search_term_string"}}],"inLanguage":"es-CL"},{"@type":"Person","@id":"https:\/\/explora.cl\/rmnorte\/#\/schema\/person\/cb8349c13ea2d324080adf8480d7ba5d","name":"webman","image":{"@type":"ImageObject","inLanguage":"es-CL","@id":"https:\/\/explora.cl\/rmnorte\/#\/schema\/person\/image\/","url":"https:\/\/secure.gravatar.com\/avatar\/eeff3c82f2c02f7177d13663b7e6f890e9a6a0647ce9bb29cae02dcb094c7312?s=96&d=mm&r=g","contentUrl":"https:\/\/secure.gravatar.com\/avatar\/eeff3c82f2c02f7177d13663b7e6f890e9a6a0647ce9bb29cae02dcb094c7312?s=96&d=mm&r=g","caption":"webman"},"url":"https:\/\/explora.cl\/rmnorte\/author\/webman\/"}]}},"_links":{"self":[{"href":"https:\/\/explora.cl\/rmnorte\/wp-json\/wp\/v2\/posts\/32039","targetHints":{"allow":["GET"]}}],"collection":[{"href":"https:\/\/explora.cl\/rmnorte\/wp-json\/wp\/v2\/posts"}],"about":[{"href":"https:\/\/explora.cl\/rmnorte\/wp-json\/wp\/v2\/types\/post"}],"author":[{"embeddable":true,"href":"https:\/\/explora.cl\/rmnorte\/wp-json\/wp\/v2\/users\/2"}],"replies":[{"embeddable":true,"href":"https:\/\/explora.cl\/rmnorte\/wp-json\/wp\/v2\/comments?post=32039"}],"version-history":[{"count":1,"href":"https:\/\/explora.cl\/rmnorte\/wp-json\/wp\/v2\/posts\/32039\/revisions"}],"predecessor-version":[{"id":38582,"href":"https:\/\/explora.cl\/rmnorte\/wp-json\/wp\/v2\/posts\/32039\/revisions\/38582"}],"wp:featuredmedia":[{"embeddable":true,"href":"https:\/\/explora.cl\/rmnorte\/wp-json\/wp\/v2\/media\/33812"}],"wp:attachment":[{"href":"https:\/\/explora.cl\/rmnorte\/wp-json\/wp\/v2\/media?parent=32039"}],"wp:term":[{"taxonomy":"category","embeddable":true,"href":"https:\/\/explora.cl\/rmnorte\/wp-json\/wp\/v2\/categories?post=32039"},{"taxonomy":"post_tag","embeddable":true,"href":"https:\/\/explora.cl\/rmnorte\/wp-json\/wp\/v2\/tags?post=32039"}],"curies":[{"name":"wp","href":"https:\/\/api.w.org\/{rel}","templated":true}]}}