{"id":32037,"date":"2014-08-22T00:00:00","date_gmt":"2014-08-22T04:00:00","guid":{"rendered":"https:\/\/explora.cl\/rmnorte\/blog\/2014\/08\/22\/primera-feria-comunal-escolar-de-ciencia-y-medioambiente\/"},"modified":"2019-05-20T17:23:45","modified_gmt":"2019-05-20T17:23:45","slug":"primera-feria-comunal-escolar-de-ciencia-y-medioambiente","status":"publish","type":"post","link":"https:\/\/explora.cl\/rmnorte\/primera-feria-comunal-escolar-de-ciencia-y-medioambiente\/","title":{"rendered":"Primera Feria Comunal Escolar de Ciencia y Medioambiente"},"content":{"rendered":"<p><img fetchpriority=\"high\" decoding=\"async\" class=\" size-full wp-image-4803\" src=\"http:\/\/ec2-34-218-253-251.us-west-2.compute.amazonaws.com\/wp-content\/uploads\/2014\/08\/5c27a90b3ac4e2635a4bb0e6d14f86ff.jpg\" alt=\"\" width=\"1083\" height=\"833\" \/><\/p>\n<p style=\"text-align: justify\"><span style=\"line-height: 1.3em\">El jueves 25 de septiembre, entre las 10:00 y 16:00 hrs., se realizar\u00e1 la Primera Feria Comunal Escolar de Ciencia y Medioambiente de la comuna de Providencia.<\/span><\/p>\n<p style=\"text-align: justify\">La actividad, que tendr\u00e1 lugar en la Plaza de la Aviaci\u00f3n ubicada en Avenida Providencia esquina Eliodoro Y\u00e1\u00f1ez, contar\u00e1 con investigaciones realizadas por estudiantes de los distintos establecimientos municipalizados de la comuna, adem\u00e1s de exposiciones pertenecientes a los distintos departamentos de la municipalidad, una exposici\u00f3n del MIM y la muestra interactiva Puro Cielo, perteneciente al PAR EXPLORA RM Norte.<\/p>\n<p style=\"text-align: justify\">Si te interesa visitar esta Feria no dudes en inscribirte y participar gratuitamente completando el siguiente <span style=\"text-decoration: underline\"><span style=\"color: #ff6600\"><a href=\"https:\/\/docs.google.com\/forms\/d\/17EKFVaGCoSbHdrQVEWbnBXPVQxKnYNZwVGwedXSeKrs\/viewform\" target=\"_blank\" rel=\"noopener noreferrer\"><span style=\"color: #ff6600;text-decoration: underline\">formulario.<\/span><\/a><\/span><\/span><\/p>\n","protected":false},"excerpt":{"rendered":"<p>El jueves 25 de septiembre, entre las 10:00 y 16:00 hrs., se realizar\u00e1 la Primera Feria Comunal Escolar de Ciencia y Medioambiente de la comuna de Providencia. La actividad, que tendr\u00e1 lugar en la Plaza de la Aviaci\u00f3n ubicada en Avenida Providencia esquina Eliodoro Y\u00e1\u00f1ez, contar\u00e1 con investigaciones realizadas por estudiantes de los distintos establecimientos [&hellip;]<\/p>\n","protected":false},"author":2,"featured_media":33811,"comment_status":"closed","ping_status":"open","sticky":false,"template":"","format":"standard","meta":{"_acf_changed":false,"_exactmetrics_skip_tracking":false,"_exactmetrics_sitenote_active":false,"_exactmetrics_sitenote_note":"","_exactmetrics_sitenote_category":0,"footnotes":"","_links_to":"","_links_to_target":""},"categories":[4],"tags":[],"class_list":["post-32037","post","type-post","status-publish","format-standard","has-post-thumbnail","hentry","category-noticias"],"acf":[],"yoast_head":"<!-- This site is optimized with the Yoast SEO plugin v26.9 - https:\/\/yoast.com\/product\/yoast-seo-wordpress\/ -->\n<title>Primera Feria Comunal Escolar de Ciencia y Medioambiente - RM Norte<\/title>\n<meta name=\"robots\" content=\"index, follow, max-snippet:-1, max-image-preview:large, max-video-preview:-1\" \/>\n<link rel=\"canonical\" href=\"https:\/\/explora.cl\/rmnorte\/primera-feria-comunal-escolar-de-ciencia-y-medioambiente\/\" class=\"yoast-seo-meta-tag\" \/>\n<meta property=\"og:locale\" content=\"es_ES\" class=\"yoast-seo-meta-tag\" \/>\n<meta property=\"og:type\" content=\"article\" class=\"yoast-seo-meta-tag\" \/>\n<meta property=\"og:title\" content=\"Primera Feria Comunal Escolar de Ciencia y Medioambiente - RM Norte\" class=\"yoast-seo-meta-tag\" \/>\n<meta property=\"og:description\" content=\"El jueves 25 de septiembre, entre las 10:00 y 16:00 hrs., se realizar\u00e1 la Primera Feria Comunal Escolar de Ciencia y Medioambiente de la comuna de Providencia. La actividad, que tendr\u00e1 lugar en la Plaza de la Aviaci\u00f3n ubicada en Avenida Providencia esquina Eliodoro Y\u00e1\u00f1ez, contar\u00e1 con investigaciones realizadas por estudiantes de los distintos establecimientos [&hellip;]\" class=\"yoast-seo-meta-tag\" \/>\n<meta property=\"og:url\" content=\"https:\/\/explora.cl\/rmnorte\/primera-feria-comunal-escolar-de-ciencia-y-medioambiente\/\" class=\"yoast-seo-meta-tag\" \/>\n<meta property=\"og:site_name\" content=\"RM Norte\" class=\"yoast-seo-meta-tag\" \/>\n<meta property=\"article:published_time\" content=\"2014-08-22T04:00:00+00:00\" class=\"yoast-seo-meta-tag\" \/>\n<meta property=\"article:modified_time\" content=\"2019-05-20T17:23:45+00:00\" class=\"yoast-seo-meta-tag\" \/>\n<meta property=\"og:image\" content=\"https:\/\/explora.cl\/rmnorte\/wp-content\/uploads\/sites\/11\/2018\/06\/5c27a90b3ac4e2635a4bb0e6d14f86ff.jpg\" class=\"yoast-seo-meta-tag\" \/>\n\t<meta property=\"og:image:width\" content=\"1083\" class=\"yoast-seo-meta-tag\" \/>\n\t<meta property=\"og:image:height\" content=\"833\" class=\"yoast-seo-meta-tag\" \/>\n\t<meta property=\"og:image:type\" content=\"image\/jpeg\" class=\"yoast-seo-meta-tag\" \/>\n<meta name=\"author\" content=\"webman\" class=\"yoast-seo-meta-tag\" \/>\n<meta name=\"twitter:card\" content=\"summary_large_image\" class=\"yoast-seo-meta-tag\" \/>\n<meta name=\"twitter:label1\" content=\"Escrito por\" class=\"yoast-seo-meta-tag\" \/>\n\t<meta name=\"twitter:data1\" content=\"webman\" class=\"yoast-seo-meta-tag\" \/>\n\t<meta name=\"twitter:label2\" content=\"Tiempo estimado de lectura\" class=\"yoast-seo-meta-tag\" \/>\n\t<meta name=\"twitter:data2\" content=\"1 minuto\" class=\"yoast-seo-meta-tag\" \/>\n<script type=\"application\/ld+json\" class=\"yoast-schema-graph\">{\"@context\":\"https:\/\/schema.org\",\"@graph\":[{\"@type\":\"Article\",\"@id\":\"https:\/\/explora.cl\/rmnorte\/primera-feria-comunal-escolar-de-ciencia-y-medioambiente\/#article\",\"isPartOf\":{\"@id\":\"https:\/\/explora.cl\/rmnorte\/primera-feria-comunal-escolar-de-ciencia-y-medioambiente\/\"},\"author\":{\"name\":\"webman\",\"@id\":\"https:\/\/explora.cl\/rmnorte\/#\/schema\/person\/cb8349c13ea2d324080adf8480d7ba5d\"},\"headline\":\"Primera Feria Comunal Escolar de Ciencia y Medioambiente\",\"datePublished\":\"2014-08-22T04:00:00+00:00\",\"dateModified\":\"2019-05-20T17:23:45+00:00\",\"mainEntityOfPage\":{\"@id\":\"https:\/\/explora.cl\/rmnorte\/primera-feria-comunal-escolar-de-ciencia-y-medioambiente\/\"},\"wordCount\":112,\"image\":{\"@id\":\"https:\/\/explora.cl\/rmnorte\/primera-feria-comunal-escolar-de-ciencia-y-medioambiente\/#primaryimage\"},\"thumbnailUrl\":\"https:\/\/explora.cl\/rmnorte\/wp-content\/uploads\/sites\/11\/2018\/06\/5c27a90b3ac4e2635a4bb0e6d14f86ff.jpg\",\"articleSection\":[\"Noticias\"],\"inLanguage\":\"es-CL\"},{\"@type\":\"WebPage\",\"@id\":\"https:\/\/explora.cl\/rmnorte\/primera-feria-comunal-escolar-de-ciencia-y-medioambiente\/\",\"url\":\"https:\/\/explora.cl\/rmnorte\/primera-feria-comunal-escolar-de-ciencia-y-medioambiente\/\",\"name\":\"Primera Feria Comunal Escolar de Ciencia y Medioambiente - RM Norte\",\"isPartOf\":{\"@id\":\"https:\/\/explora.cl\/rmnorte\/#website\"},\"primaryImageOfPage\":{\"@id\":\"https:\/\/explora.cl\/rmnorte\/primera-feria-comunal-escolar-de-ciencia-y-medioambiente\/#primaryimage\"},\"image\":{\"@id\":\"https:\/\/explora.cl\/rmnorte\/primera-feria-comunal-escolar-de-ciencia-y-medioambiente\/#primaryimage\"},\"thumbnailUrl\":\"https:\/\/explora.cl\/rmnorte\/wp-content\/uploads\/sites\/11\/2018\/06\/5c27a90b3ac4e2635a4bb0e6d14f86ff.jpg\",\"datePublished\":\"2014-08-22T04:00:00+00:00\",\"dateModified\":\"2019-05-20T17:23:45+00:00\",\"author\":{\"@id\":\"https:\/\/explora.cl\/rmnorte\/#\/schema\/person\/cb8349c13ea2d324080adf8480d7ba5d\"},\"breadcrumb\":{\"@id\":\"https:\/\/explora.cl\/rmnorte\/primera-feria-comunal-escolar-de-ciencia-y-medioambiente\/#breadcrumb\"},\"inLanguage\":\"es-CL\",\"potentialAction\":[{\"@type\":\"ReadAction\",\"target\":[\"https:\/\/explora.cl\/rmnorte\/primera-feria-comunal-escolar-de-ciencia-y-medioambiente\/\"]}]},{\"@type\":\"ImageObject\",\"inLanguage\":\"es-CL\",\"@id\":\"https:\/\/explora.cl\/rmnorte\/primera-feria-comunal-escolar-de-ciencia-y-medioambiente\/#primaryimage\",\"url\":\"https:\/\/explora.cl\/rmnorte\/wp-content\/uploads\/sites\/11\/2018\/06\/5c27a90b3ac4e2635a4bb0e6d14f86ff.jpg\",\"contentUrl\":\"https:\/\/explora.cl\/rmnorte\/wp-content\/uploads\/sites\/11\/2018\/06\/5c27a90b3ac4e2635a4bb0e6d14f86ff.jpg\",\"width\":1083,\"height\":833},{\"@type\":\"BreadcrumbList\",\"@id\":\"https:\/\/explora.cl\/rmnorte\/primera-feria-comunal-escolar-de-ciencia-y-medioambiente\/#breadcrumb\",\"itemListElement\":[{\"@type\":\"ListItem\",\"position\":1,\"name\":\"Portada\",\"item\":\"https:\/\/explora.cl\/rmnorte\/\"},{\"@type\":\"ListItem\",\"position\":2,\"name\":\"Primera Feria Comunal Escolar de Ciencia y Medioambiente\"}]},{\"@type\":\"WebSite\",\"@id\":\"https:\/\/explora.cl\/rmnorte\/#website\",\"url\":\"https:\/\/explora.cl\/rmnorte\/\",\"name\":\"RM Norte\",\"description\":\"RM Norte explora.cl\",\"potentialAction\":[{\"@type\":\"SearchAction\",\"target\":{\"@type\":\"EntryPoint\",\"urlTemplate\":\"https:\/\/explora.cl\/rmnorte\/?s={search_term_string}\"},\"query-input\":{\"@type\":\"PropertyValueSpecification\",\"valueRequired\":true,\"valueName\":\"search_term_string\"}}],\"inLanguage\":\"es-CL\"},{\"@type\":\"Person\",\"@id\":\"https:\/\/explora.cl\/rmnorte\/#\/schema\/person\/cb8349c13ea2d324080adf8480d7ba5d\",\"name\":\"webman\",\"image\":{\"@type\":\"ImageObject\",\"inLanguage\":\"es-CL\",\"@id\":\"https:\/\/explora.cl\/rmnorte\/#\/schema\/person\/image\/\",\"url\":\"https:\/\/secure.gravatar.com\/avatar\/eeff3c82f2c02f7177d13663b7e6f890e9a6a0647ce9bb29cae02dcb094c7312?s=96&d=mm&r=g\",\"contentUrl\":\"https:\/\/secure.gravatar.com\/avatar\/eeff3c82f2c02f7177d13663b7e6f890e9a6a0647ce9bb29cae02dcb094c7312?s=96&d=mm&r=g\",\"caption\":\"webman\"},\"url\":\"https:\/\/explora.cl\/rmnorte\/author\/webman\/\"}]}<\/script>\n<!-- \/ Yoast SEO plugin. -->","yoast_head_json":{"title":"Primera Feria Comunal Escolar de Ciencia y Medioambiente - RM Norte","robots":{"index":"index","follow":"follow","max-snippet":"max-snippet:-1","max-image-preview":"max-image-preview:large","max-video-preview":"max-video-preview:-1"},"canonical":"https:\/\/explora.cl\/rmnorte\/primera-feria-comunal-escolar-de-ciencia-y-medioambiente\/","og_locale":"es_ES","og_type":"article","og_title":"Primera Feria Comunal Escolar de Ciencia y Medioambiente - RM Norte","og_description":"El jueves 25 de septiembre, entre las 10:00 y 16:00 hrs., se realizar\u00e1 la Primera Feria Comunal Escolar de Ciencia y Medioambiente de la comuna de Providencia. La actividad, que tendr\u00e1 lugar en la Plaza de la Aviaci\u00f3n ubicada en Avenida Providencia esquina Eliodoro Y\u00e1\u00f1ez, contar\u00e1 con investigaciones realizadas por estudiantes de los distintos establecimientos [&hellip;]","og_url":"https:\/\/explora.cl\/rmnorte\/primera-feria-comunal-escolar-de-ciencia-y-medioambiente\/","og_site_name":"RM Norte","article_published_time":"2014-08-22T04:00:00+00:00","article_modified_time":"2019-05-20T17:23:45+00:00","og_image":[{"width":1083,"height":833,"url":"https:\/\/explora.cl\/rmnorte\/wp-content\/uploads\/sites\/11\/2018\/06\/5c27a90b3ac4e2635a4bb0e6d14f86ff.jpg","type":"image\/jpeg"}],"author":"webman","twitter_card":"summary_large_image","twitter_misc":{"Escrito por":"webman","Tiempo estimado de lectura":"1 minuto"},"schema":{"@context":"https:\/\/schema.org","@graph":[{"@type":"Article","@id":"https:\/\/explora.cl\/rmnorte\/primera-feria-comunal-escolar-de-ciencia-y-medioambiente\/#article","isPartOf":{"@id":"https:\/\/explora.cl\/rmnorte\/primera-feria-comunal-escolar-de-ciencia-y-medioambiente\/"},"author":{"name":"webman","@id":"https:\/\/explora.cl\/rmnorte\/#\/schema\/person\/cb8349c13ea2d324080adf8480d7ba5d"},"headline":"Primera Feria Comunal Escolar de Ciencia y Medioambiente","datePublished":"2014-08-22T04:00:00+00:00","dateModified":"2019-05-20T17:23:45+00:00","mainEntityOfPage":{"@id":"https:\/\/explora.cl\/rmnorte\/primera-feria-comunal-escolar-de-ciencia-y-medioambiente\/"},"wordCount":112,"image":{"@id":"https:\/\/explora.cl\/rmnorte\/primera-feria-comunal-escolar-de-ciencia-y-medioambiente\/#primaryimage"},"thumbnailUrl":"https:\/\/explora.cl\/rmnorte\/wp-content\/uploads\/sites\/11\/2018\/06\/5c27a90b3ac4e2635a4bb0e6d14f86ff.jpg","articleSection":["Noticias"],"inLanguage":"es-CL"},{"@type":"WebPage","@id":"https:\/\/explora.cl\/rmnorte\/primera-feria-comunal-escolar-de-ciencia-y-medioambiente\/","url":"https:\/\/explora.cl\/rmnorte\/primera-feria-comunal-escolar-de-ciencia-y-medioambiente\/","name":"Primera Feria Comunal Escolar de Ciencia y Medioambiente - RM Norte","isPartOf":{"@id":"https:\/\/explora.cl\/rmnorte\/#website"},"primaryImageOfPage":{"@id":"https:\/\/explora.cl\/rmnorte\/primera-feria-comunal-escolar-de-ciencia-y-medioambiente\/#primaryimage"},"image":{"@id":"https:\/\/explora.cl\/rmnorte\/primera-feria-comunal-escolar-de-ciencia-y-medioambiente\/#primaryimage"},"thumbnailUrl":"https:\/\/explora.cl\/rmnorte\/wp-content\/uploads\/sites\/11\/2018\/06\/5c27a90b3ac4e2635a4bb0e6d14f86ff.jpg","datePublished":"2014-08-22T04:00:00+00:00","dateModified":"2019-05-20T17:23:45+00:00","author":{"@id":"https:\/\/explora.cl\/rmnorte\/#\/schema\/person\/cb8349c13ea2d324080adf8480d7ba5d"},"breadcrumb":{"@id":"https:\/\/explora.cl\/rmnorte\/primera-feria-comunal-escolar-de-ciencia-y-medioambiente\/#breadcrumb"},"inLanguage":"es-CL","potentialAction":[{"@type":"ReadAction","target":["https:\/\/explora.cl\/rmnorte\/primera-feria-comunal-escolar-de-ciencia-y-medioambiente\/"]}]},{"@type":"ImageObject","inLanguage":"es-CL","@id":"https:\/\/explora.cl\/rmnorte\/primera-feria-comunal-escolar-de-ciencia-y-medioambiente\/#primaryimage","url":"https:\/\/explora.cl\/rmnorte\/wp-content\/uploads\/sites\/11\/2018\/06\/5c27a90b3ac4e2635a4bb0e6d14f86ff.jpg","contentUrl":"https:\/\/explora.cl\/rmnorte\/wp-content\/uploads\/sites\/11\/2018\/06\/5c27a90b3ac4e2635a4bb0e6d14f86ff.jpg","width":1083,"height":833},{"@type":"BreadcrumbList","@id":"https:\/\/explora.cl\/rmnorte\/primera-feria-comunal-escolar-de-ciencia-y-medioambiente\/#breadcrumb","itemListElement":[{"@type":"ListItem","position":1,"name":"Portada","item":"https:\/\/explora.cl\/rmnorte\/"},{"@type":"ListItem","position":2,"name":"Primera Feria Comunal Escolar de Ciencia y Medioambiente"}]},{"@type":"WebSite","@id":"https:\/\/explora.cl\/rmnorte\/#website","url":"https:\/\/explora.cl\/rmnorte\/","name":"RM Norte","description":"RM Norte explora.cl","potentialAction":[{"@type":"SearchAction","target":{"@type":"EntryPoint","urlTemplate":"https:\/\/explora.cl\/rmnorte\/?s={search_term_string}"},"query-input":{"@type":"PropertyValueSpecification","valueRequired":true,"valueName":"search_term_string"}}],"inLanguage":"es-CL"},{"@type":"Person","@id":"https:\/\/explora.cl\/rmnorte\/#\/schema\/person\/cb8349c13ea2d324080adf8480d7ba5d","name":"webman","image":{"@type":"ImageObject","inLanguage":"es-CL","@id":"https:\/\/explora.cl\/rmnorte\/#\/schema\/person\/image\/","url":"https:\/\/secure.gravatar.com\/avatar\/eeff3c82f2c02f7177d13663b7e6f890e9a6a0647ce9bb29cae02dcb094c7312?s=96&d=mm&r=g","contentUrl":"https:\/\/secure.gravatar.com\/avatar\/eeff3c82f2c02f7177d13663b7e6f890e9a6a0647ce9bb29cae02dcb094c7312?s=96&d=mm&r=g","caption":"webman"},"url":"https:\/\/explora.cl\/rmnorte\/author\/webman\/"}]}},"_links":{"self":[{"href":"https:\/\/explora.cl\/rmnorte\/wp-json\/wp\/v2\/posts\/32037","targetHints":{"allow":["GET"]}}],"collection":[{"href":"https:\/\/explora.cl\/rmnorte\/wp-json\/wp\/v2\/posts"}],"about":[{"href":"https:\/\/explora.cl\/rmnorte\/wp-json\/wp\/v2\/types\/post"}],"author":[{"embeddable":true,"href":"https:\/\/explora.cl\/rmnorte\/wp-json\/wp\/v2\/users\/2"}],"replies":[{"embeddable":true,"href":"https:\/\/explora.cl\/rmnorte\/wp-json\/wp\/v2\/comments?post=32037"}],"version-history":[{"count":1,"href":"https:\/\/explora.cl\/rmnorte\/wp-json\/wp\/v2\/posts\/32037\/revisions"}],"predecessor-version":[{"id":38583,"href":"https:\/\/explora.cl\/rmnorte\/wp-json\/wp\/v2\/posts\/32037\/revisions\/38583"}],"wp:featuredmedia":[{"embeddable":true,"href":"https:\/\/explora.cl\/rmnorte\/wp-json\/wp\/v2\/media\/33811"}],"wp:attachment":[{"href":"https:\/\/explora.cl\/rmnorte\/wp-json\/wp\/v2\/media?parent=32037"}],"wp:term":[{"taxonomy":"category","embeddable":true,"href":"https:\/\/explora.cl\/rmnorte\/wp-json\/wp\/v2\/categories?post=32037"},{"taxonomy":"post_tag","embeddable":true,"href":"https:\/\/explora.cl\/rmnorte\/wp-json\/wp\/v2\/tags?post=32037"}],"curies":[{"name":"wp","href":"https:\/\/api.w.org\/{rel}","templated":true}]}}