{"id":32033,"date":"2014-08-21T00:00:00","date_gmt":"2014-08-21T04:00:00","guid":{"rendered":"https:\/\/explora.cl\/rmnorte\/blog\/2014\/08\/21\/inscribete-en-la-charla-cetaceos-ballenas-y-delfines\/"},"modified":"2019-05-20T17:23:46","modified_gmt":"2019-05-20T17:23:46","slug":"inscribete-en-la-charla-cetaceos-ballenas-y-delfines","status":"publish","type":"post","link":"https:\/\/explora.cl\/rmnorte\/inscribete-en-la-charla-cetaceos-ballenas-y-delfines\/","title":{"rendered":"Inscr\u00edbete en la charla &quot;Cet\u00e1ceos: Ballenas y Delfines&quot;"},"content":{"rendered":"<p><img fetchpriority=\"high\" decoding=\"async\" class=\" size-full wp-image-4795\" src=\"http:\/\/ec2-34-218-253-251.us-west-2.compute.amazonaws.com\/wp-content\/uploads\/2014\/08\/14a83fd3e0e2a8e1fbc8972767b216d9.jpg\" alt=\"\" width=\"577\" height=\"377\" \/><\/p>\n<p style=\"text-align: justify\" align=\"center\"><span style=\"line-height: 1.3em\">Si eres parte de los equipos que postular\u00e1n a la Feria Ant\u00e1rtica Escolar (FAE), o te interesa conocer m\u00e1s sobre fauna marina, te invitamos a participar en la charla Cet\u00e1ceos: Ballenas y Delfines, organizada por los PAR EXPLORA RM Norte y Sur Oriente.<\/span><\/p>\n<p style=\"text-align: justify\">La exposici\u00f3n, que liderar\u00e1 Mar\u00eda Jos\u00e9 P\u00e9rez \u00c1lvarez, se realizar\u00e1 el 27 de agosto en la Sala Am\u00e9rica de la Biblioteca Nacional (Avenida Libertador Bernardo O&#8217;Higgins 651).<\/p>\n<p style=\"text-align: justify\">Inscr\u00edbete ahora enviando tus datos a <span style=\"text-decoration: underline\"><span style=\"color: #ff6600\"><a href=\"%20Ballenas%20y%20Delfines,%20organizada%20por%20los%20PAR%20EXPLORA%20RM%20Norte%20y%20Sur%20Oriente.%20%20La%20exposici\u00f3n,%20que%20liderar\u00e1%20Mar\u00eda%20Jos\u00e9%20P\u00e9rez%20\u00c1lvarez,%20se%20realizar\u00e1%20el%2027%20de%20agosto%20en%20la%20Sala%20Am\u00e9rica%20de%20la%20Biblioteca%20Nacional,%20Avenida%20Libertador%20Bernardo%20O'Higgins%20651.%20%20Inscr\u00edbete%20ahora%20enviando%20tus%20datos%20a%20faemetropolitana2014@gmail.com,%20cupos%20limitados.\" target=\"_blank\" rel=\"noopener noreferrer\"><span style=\"color: #ff6600;text-decoration: underline\">faemetropolitana2014@gmail.com<\/span><\/a><\/span><\/span>, cupos limitados.<\/p>\n","protected":false},"excerpt":{"rendered":"<p>Si eres parte de los equipos que postular\u00e1n a la Feria Ant\u00e1rtica Escolar (FAE), o te interesa conocer m\u00e1s sobre fauna marina, te invitamos a participar en la charla Cet\u00e1ceos: Ballenas y Delfines, organizada por los PAR EXPLORA RM Norte y Sur Oriente. La exposici\u00f3n, que liderar\u00e1 Mar\u00eda Jos\u00e9 P\u00e9rez \u00c1lvarez, se realizar\u00e1 el 27 [&hellip;]<\/p>\n","protected":false},"author":2,"featured_media":33809,"comment_status":"closed","ping_status":"open","sticky":false,"template":"","format":"standard","meta":{"_acf_changed":false,"_exactmetrics_skip_tracking":false,"_exactmetrics_sitenote_active":false,"_exactmetrics_sitenote_note":"","_exactmetrics_sitenote_category":0,"footnotes":"","_links_to":"","_links_to_target":""},"categories":[4],"tags":[],"class_list":["post-32033","post","type-post","status-publish","format-standard","has-post-thumbnail","hentry","category-noticias"],"acf":[],"yoast_head":"<!-- This site is optimized with the Yoast SEO plugin v26.9 - https:\/\/yoast.com\/product\/yoast-seo-wordpress\/ -->\n<title>Inscr\u00edbete en la charla &quot;Cet\u00e1ceos: Ballenas y Delfines&quot; - RM Norte<\/title>\n<meta name=\"robots\" content=\"index, follow, max-snippet:-1, max-image-preview:large, max-video-preview:-1\" \/>\n<link rel=\"canonical\" href=\"https:\/\/explora.cl\/rmnorte\/inscribete-en-la-charla-cetaceos-ballenas-y-delfines\/\" class=\"yoast-seo-meta-tag\" \/>\n<meta property=\"og:locale\" content=\"es_ES\" class=\"yoast-seo-meta-tag\" \/>\n<meta property=\"og:type\" content=\"article\" class=\"yoast-seo-meta-tag\" \/>\n<meta property=\"og:title\" content=\"Inscr\u00edbete en la charla &quot;Cet\u00e1ceos: Ballenas y Delfines&quot; - RM Norte\" class=\"yoast-seo-meta-tag\" \/>\n<meta property=\"og:description\" content=\"Si eres parte de los equipos que postular\u00e1n a la Feria Ant\u00e1rtica Escolar (FAE), o te interesa conocer m\u00e1s sobre fauna marina, te invitamos a participar en la charla Cet\u00e1ceos: Ballenas y Delfines, organizada por los PAR EXPLORA RM Norte y Sur Oriente. La exposici\u00f3n, que liderar\u00e1 Mar\u00eda Jos\u00e9 P\u00e9rez \u00c1lvarez, se realizar\u00e1 el 27 [&hellip;]\" class=\"yoast-seo-meta-tag\" \/>\n<meta property=\"og:url\" content=\"https:\/\/explora.cl\/rmnorte\/inscribete-en-la-charla-cetaceos-ballenas-y-delfines\/\" class=\"yoast-seo-meta-tag\" \/>\n<meta property=\"og:site_name\" content=\"RM Norte\" class=\"yoast-seo-meta-tag\" \/>\n<meta property=\"article:published_time\" content=\"2014-08-21T04:00:00+00:00\" class=\"yoast-seo-meta-tag\" \/>\n<meta property=\"article:modified_time\" content=\"2019-05-20T17:23:46+00:00\" class=\"yoast-seo-meta-tag\" \/>\n<meta property=\"og:image\" content=\"https:\/\/explora.cl\/rmnorte\/wp-content\/uploads\/sites\/11\/2018\/06\/14a83fd3e0e2a8e1fbc8972767b216d9.jpg\" class=\"yoast-seo-meta-tag\" \/>\n\t<meta property=\"og:image:width\" content=\"577\" class=\"yoast-seo-meta-tag\" \/>\n\t<meta property=\"og:image:height\" content=\"377\" class=\"yoast-seo-meta-tag\" \/>\n\t<meta property=\"og:image:type\" content=\"image\/jpeg\" class=\"yoast-seo-meta-tag\" \/>\n<meta name=\"author\" content=\"webman\" class=\"yoast-seo-meta-tag\" \/>\n<meta name=\"twitter:card\" content=\"summary_large_image\" class=\"yoast-seo-meta-tag\" \/>\n<meta name=\"twitter:label1\" content=\"Escrito por\" class=\"yoast-seo-meta-tag\" \/>\n\t<meta name=\"twitter:data1\" content=\"webman\" class=\"yoast-seo-meta-tag\" \/>\n<script type=\"application\/ld+json\" class=\"yoast-schema-graph\">{\"@context\":\"https:\/\/schema.org\",\"@graph\":[{\"@type\":\"Article\",\"@id\":\"https:\/\/explora.cl\/rmnorte\/inscribete-en-la-charla-cetaceos-ballenas-y-delfines\/#article\",\"isPartOf\":{\"@id\":\"https:\/\/explora.cl\/rmnorte\/inscribete-en-la-charla-cetaceos-ballenas-y-delfines\/\"},\"author\":{\"name\":\"webman\",\"@id\":\"https:\/\/explora.cl\/rmnorte\/#\/schema\/person\/cb8349c13ea2d324080adf8480d7ba5d\"},\"headline\":\"Inscr\u00edbete en la charla &quot;Cet\u00e1ceos: Ballenas y Delfines&quot;\",\"datePublished\":\"2014-08-21T04:00:00+00:00\",\"dateModified\":\"2019-05-20T17:23:46+00:00\",\"mainEntityOfPage\":{\"@id\":\"https:\/\/explora.cl\/rmnorte\/inscribete-en-la-charla-cetaceos-ballenas-y-delfines\/\"},\"wordCount\":101,\"image\":{\"@id\":\"https:\/\/explora.cl\/rmnorte\/inscribete-en-la-charla-cetaceos-ballenas-y-delfines\/#primaryimage\"},\"thumbnailUrl\":\"https:\/\/explora.cl\/rmnorte\/wp-content\/uploads\/sites\/11\/2018\/06\/14a83fd3e0e2a8e1fbc8972767b216d9.jpg\",\"articleSection\":[\"Noticias\"],\"inLanguage\":\"es-CL\"},{\"@type\":\"WebPage\",\"@id\":\"https:\/\/explora.cl\/rmnorte\/inscribete-en-la-charla-cetaceos-ballenas-y-delfines\/\",\"url\":\"https:\/\/explora.cl\/rmnorte\/inscribete-en-la-charla-cetaceos-ballenas-y-delfines\/\",\"name\":\"Inscr\u00edbete en la charla &quot;Cet\u00e1ceos: Ballenas y Delfines&quot; - RM Norte\",\"isPartOf\":{\"@id\":\"https:\/\/explora.cl\/rmnorte\/#website\"},\"primaryImageOfPage\":{\"@id\":\"https:\/\/explora.cl\/rmnorte\/inscribete-en-la-charla-cetaceos-ballenas-y-delfines\/#primaryimage\"},\"image\":{\"@id\":\"https:\/\/explora.cl\/rmnorte\/inscribete-en-la-charla-cetaceos-ballenas-y-delfines\/#primaryimage\"},\"thumbnailUrl\":\"https:\/\/explora.cl\/rmnorte\/wp-content\/uploads\/sites\/11\/2018\/06\/14a83fd3e0e2a8e1fbc8972767b216d9.jpg\",\"datePublished\":\"2014-08-21T04:00:00+00:00\",\"dateModified\":\"2019-05-20T17:23:46+00:00\",\"author\":{\"@id\":\"https:\/\/explora.cl\/rmnorte\/#\/schema\/person\/cb8349c13ea2d324080adf8480d7ba5d\"},\"breadcrumb\":{\"@id\":\"https:\/\/explora.cl\/rmnorte\/inscribete-en-la-charla-cetaceos-ballenas-y-delfines\/#breadcrumb\"},\"inLanguage\":\"es-CL\",\"potentialAction\":[{\"@type\":\"ReadAction\",\"target\":[\"https:\/\/explora.cl\/rmnorte\/inscribete-en-la-charla-cetaceos-ballenas-y-delfines\/\"]}]},{\"@type\":\"ImageObject\",\"inLanguage\":\"es-CL\",\"@id\":\"https:\/\/explora.cl\/rmnorte\/inscribete-en-la-charla-cetaceos-ballenas-y-delfines\/#primaryimage\",\"url\":\"https:\/\/explora.cl\/rmnorte\/wp-content\/uploads\/sites\/11\/2018\/06\/14a83fd3e0e2a8e1fbc8972767b216d9.jpg\",\"contentUrl\":\"https:\/\/explora.cl\/rmnorte\/wp-content\/uploads\/sites\/11\/2018\/06\/14a83fd3e0e2a8e1fbc8972767b216d9.jpg\",\"width\":577,\"height\":377},{\"@type\":\"BreadcrumbList\",\"@id\":\"https:\/\/explora.cl\/rmnorte\/inscribete-en-la-charla-cetaceos-ballenas-y-delfines\/#breadcrumb\",\"itemListElement\":[{\"@type\":\"ListItem\",\"position\":1,\"name\":\"Portada\",\"item\":\"https:\/\/explora.cl\/rmnorte\/\"},{\"@type\":\"ListItem\",\"position\":2,\"name\":\"Inscr\u00edbete en la charla &quot;Cet\u00e1ceos: Ballenas y Delfines&quot;\"}]},{\"@type\":\"WebSite\",\"@id\":\"https:\/\/explora.cl\/rmnorte\/#website\",\"url\":\"https:\/\/explora.cl\/rmnorte\/\",\"name\":\"RM Norte\",\"description\":\"RM Norte explora.cl\",\"potentialAction\":[{\"@type\":\"SearchAction\",\"target\":{\"@type\":\"EntryPoint\",\"urlTemplate\":\"https:\/\/explora.cl\/rmnorte\/?s={search_term_string}\"},\"query-input\":{\"@type\":\"PropertyValueSpecification\",\"valueRequired\":true,\"valueName\":\"search_term_string\"}}],\"inLanguage\":\"es-CL\"},{\"@type\":\"Person\",\"@id\":\"https:\/\/explora.cl\/rmnorte\/#\/schema\/person\/cb8349c13ea2d324080adf8480d7ba5d\",\"name\":\"webman\",\"image\":{\"@type\":\"ImageObject\",\"inLanguage\":\"es-CL\",\"@id\":\"https:\/\/explora.cl\/rmnorte\/#\/schema\/person\/image\/\",\"url\":\"https:\/\/secure.gravatar.com\/avatar\/eeff3c82f2c02f7177d13663b7e6f890e9a6a0647ce9bb29cae02dcb094c7312?s=96&d=mm&r=g\",\"contentUrl\":\"https:\/\/secure.gravatar.com\/avatar\/eeff3c82f2c02f7177d13663b7e6f890e9a6a0647ce9bb29cae02dcb094c7312?s=96&d=mm&r=g\",\"caption\":\"webman\"},\"url\":\"https:\/\/explora.cl\/rmnorte\/author\/webman\/\"}]}<\/script>\n<!-- \/ Yoast SEO plugin. -->","yoast_head_json":{"title":"Inscr\u00edbete en la charla &quot;Cet\u00e1ceos: Ballenas y Delfines&quot; - RM Norte","robots":{"index":"index","follow":"follow","max-snippet":"max-snippet:-1","max-image-preview":"max-image-preview:large","max-video-preview":"max-video-preview:-1"},"canonical":"https:\/\/explora.cl\/rmnorte\/inscribete-en-la-charla-cetaceos-ballenas-y-delfines\/","og_locale":"es_ES","og_type":"article","og_title":"Inscr\u00edbete en la charla &quot;Cet\u00e1ceos: Ballenas y Delfines&quot; - RM Norte","og_description":"Si eres parte de los equipos que postular\u00e1n a la Feria Ant\u00e1rtica Escolar (FAE), o te interesa conocer m\u00e1s sobre fauna marina, te invitamos a participar en la charla Cet\u00e1ceos: Ballenas y Delfines, organizada por los PAR EXPLORA RM Norte y Sur Oriente. La exposici\u00f3n, que liderar\u00e1 Mar\u00eda Jos\u00e9 P\u00e9rez \u00c1lvarez, se realizar\u00e1 el 27 [&hellip;]","og_url":"https:\/\/explora.cl\/rmnorte\/inscribete-en-la-charla-cetaceos-ballenas-y-delfines\/","og_site_name":"RM Norte","article_published_time":"2014-08-21T04:00:00+00:00","article_modified_time":"2019-05-20T17:23:46+00:00","og_image":[{"width":577,"height":377,"url":"https:\/\/explora.cl\/rmnorte\/wp-content\/uploads\/sites\/11\/2018\/06\/14a83fd3e0e2a8e1fbc8972767b216d9.jpg","type":"image\/jpeg"}],"author":"webman","twitter_card":"summary_large_image","twitter_misc":{"Escrito por":"webman"},"schema":{"@context":"https:\/\/schema.org","@graph":[{"@type":"Article","@id":"https:\/\/explora.cl\/rmnorte\/inscribete-en-la-charla-cetaceos-ballenas-y-delfines\/#article","isPartOf":{"@id":"https:\/\/explora.cl\/rmnorte\/inscribete-en-la-charla-cetaceos-ballenas-y-delfines\/"},"author":{"name":"webman","@id":"https:\/\/explora.cl\/rmnorte\/#\/schema\/person\/cb8349c13ea2d324080adf8480d7ba5d"},"headline":"Inscr\u00edbete en la charla &quot;Cet\u00e1ceos: Ballenas y Delfines&quot;","datePublished":"2014-08-21T04:00:00+00:00","dateModified":"2019-05-20T17:23:46+00:00","mainEntityOfPage":{"@id":"https:\/\/explora.cl\/rmnorte\/inscribete-en-la-charla-cetaceos-ballenas-y-delfines\/"},"wordCount":101,"image":{"@id":"https:\/\/explora.cl\/rmnorte\/inscribete-en-la-charla-cetaceos-ballenas-y-delfines\/#primaryimage"},"thumbnailUrl":"https:\/\/explora.cl\/rmnorte\/wp-content\/uploads\/sites\/11\/2018\/06\/14a83fd3e0e2a8e1fbc8972767b216d9.jpg","articleSection":["Noticias"],"inLanguage":"es-CL"},{"@type":"WebPage","@id":"https:\/\/explora.cl\/rmnorte\/inscribete-en-la-charla-cetaceos-ballenas-y-delfines\/","url":"https:\/\/explora.cl\/rmnorte\/inscribete-en-la-charla-cetaceos-ballenas-y-delfines\/","name":"Inscr\u00edbete en la charla &quot;Cet\u00e1ceos: Ballenas y Delfines&quot; - RM Norte","isPartOf":{"@id":"https:\/\/explora.cl\/rmnorte\/#website"},"primaryImageOfPage":{"@id":"https:\/\/explora.cl\/rmnorte\/inscribete-en-la-charla-cetaceos-ballenas-y-delfines\/#primaryimage"},"image":{"@id":"https:\/\/explora.cl\/rmnorte\/inscribete-en-la-charla-cetaceos-ballenas-y-delfines\/#primaryimage"},"thumbnailUrl":"https:\/\/explora.cl\/rmnorte\/wp-content\/uploads\/sites\/11\/2018\/06\/14a83fd3e0e2a8e1fbc8972767b216d9.jpg","datePublished":"2014-08-21T04:00:00+00:00","dateModified":"2019-05-20T17:23:46+00:00","author":{"@id":"https:\/\/explora.cl\/rmnorte\/#\/schema\/person\/cb8349c13ea2d324080adf8480d7ba5d"},"breadcrumb":{"@id":"https:\/\/explora.cl\/rmnorte\/inscribete-en-la-charla-cetaceos-ballenas-y-delfines\/#breadcrumb"},"inLanguage":"es-CL","potentialAction":[{"@type":"ReadAction","target":["https:\/\/explora.cl\/rmnorte\/inscribete-en-la-charla-cetaceos-ballenas-y-delfines\/"]}]},{"@type":"ImageObject","inLanguage":"es-CL","@id":"https:\/\/explora.cl\/rmnorte\/inscribete-en-la-charla-cetaceos-ballenas-y-delfines\/#primaryimage","url":"https:\/\/explora.cl\/rmnorte\/wp-content\/uploads\/sites\/11\/2018\/06\/14a83fd3e0e2a8e1fbc8972767b216d9.jpg","contentUrl":"https:\/\/explora.cl\/rmnorte\/wp-content\/uploads\/sites\/11\/2018\/06\/14a83fd3e0e2a8e1fbc8972767b216d9.jpg","width":577,"height":377},{"@type":"BreadcrumbList","@id":"https:\/\/explora.cl\/rmnorte\/inscribete-en-la-charla-cetaceos-ballenas-y-delfines\/#breadcrumb","itemListElement":[{"@type":"ListItem","position":1,"name":"Portada","item":"https:\/\/explora.cl\/rmnorte\/"},{"@type":"ListItem","position":2,"name":"Inscr\u00edbete en la charla &quot;Cet\u00e1ceos: Ballenas y Delfines&quot;"}]},{"@type":"WebSite","@id":"https:\/\/explora.cl\/rmnorte\/#website","url":"https:\/\/explora.cl\/rmnorte\/","name":"RM Norte","description":"RM Norte explora.cl","potentialAction":[{"@type":"SearchAction","target":{"@type":"EntryPoint","urlTemplate":"https:\/\/explora.cl\/rmnorte\/?s={search_term_string}"},"query-input":{"@type":"PropertyValueSpecification","valueRequired":true,"valueName":"search_term_string"}}],"inLanguage":"es-CL"},{"@type":"Person","@id":"https:\/\/explora.cl\/rmnorte\/#\/schema\/person\/cb8349c13ea2d324080adf8480d7ba5d","name":"webman","image":{"@type":"ImageObject","inLanguage":"es-CL","@id":"https:\/\/explora.cl\/rmnorte\/#\/schema\/person\/image\/","url":"https:\/\/secure.gravatar.com\/avatar\/eeff3c82f2c02f7177d13663b7e6f890e9a6a0647ce9bb29cae02dcb094c7312?s=96&d=mm&r=g","contentUrl":"https:\/\/secure.gravatar.com\/avatar\/eeff3c82f2c02f7177d13663b7e6f890e9a6a0647ce9bb29cae02dcb094c7312?s=96&d=mm&r=g","caption":"webman"},"url":"https:\/\/explora.cl\/rmnorte\/author\/webman\/"}]}},"_links":{"self":[{"href":"https:\/\/explora.cl\/rmnorte\/wp-json\/wp\/v2\/posts\/32033","targetHints":{"allow":["GET"]}}],"collection":[{"href":"https:\/\/explora.cl\/rmnorte\/wp-json\/wp\/v2\/posts"}],"about":[{"href":"https:\/\/explora.cl\/rmnorte\/wp-json\/wp\/v2\/types\/post"}],"author":[{"embeddable":true,"href":"https:\/\/explora.cl\/rmnorte\/wp-json\/wp\/v2\/users\/2"}],"replies":[{"embeddable":true,"href":"https:\/\/explora.cl\/rmnorte\/wp-json\/wp\/v2\/comments?post=32033"}],"version-history":[{"count":1,"href":"https:\/\/explora.cl\/rmnorte\/wp-json\/wp\/v2\/posts\/32033\/revisions"}],"predecessor-version":[{"id":38586,"href":"https:\/\/explora.cl\/rmnorte\/wp-json\/wp\/v2\/posts\/32033\/revisions\/38586"}],"wp:featuredmedia":[{"embeddable":true,"href":"https:\/\/explora.cl\/rmnorte\/wp-json\/wp\/v2\/media\/33809"}],"wp:attachment":[{"href":"https:\/\/explora.cl\/rmnorte\/wp-json\/wp\/v2\/media?parent=32033"}],"wp:term":[{"taxonomy":"category","embeddable":true,"href":"https:\/\/explora.cl\/rmnorte\/wp-json\/wp\/v2\/categories?post=32033"},{"taxonomy":"post_tag","embeddable":true,"href":"https:\/\/explora.cl\/rmnorte\/wp-json\/wp\/v2\/tags?post=32033"}],"curies":[{"name":"wp","href":"https:\/\/api.w.org\/{rel}","templated":true}]}}