{"id":32029,"date":"2014-08-21T00:00:00","date_gmt":"2014-08-21T04:00:00","guid":{"rendered":"https:\/\/explora.cl\/rmnorte\/blog\/2014\/08\/21\/se-parte-de-la-final-del-torneo-de-debates\/"},"modified":"2019-05-20T17:23:45","modified_gmt":"2019-05-20T17:23:45","slug":"se-parte-de-la-final-del-torneo-de-debates","status":"publish","type":"post","link":"https:\/\/explora.cl\/rmnorte\/se-parte-de-la-final-del-torneo-de-debates\/","title":{"rendered":"S\u00e9 parte de la Final del Torneo de Debates"},"content":{"rendered":"<p><img fetchpriority=\"high\" decoding=\"async\" class=\" size-full wp-image-4781\" src=\"http:\/\/ec2-34-218-253-251.us-west-2.compute.amazonaws.com\/wp-content\/uploads\/2014\/08\/3138c7366a6ecdf59187027501010d24.jpg\" alt=\"\" width=\"2268\" height=\"2280\" \/><\/p>\n<p style=\"text-align: justify\"><span style=\"line-height: 1.3em\">Tras sortear con \u00e9xito las distintas etapas del II Torneo de Debates Cient\u00edficos Escolares, el martes 9 de septiembre en el Sal\u00f3n de Honor del Ex Congreso Nacional, se enfrentar\u00e1n en la final los cuatro equipos debatientes y los dos grupos investigadores mejor evaluados durante el proceso.<\/span><\/p>\n<p style=\"text-align: justify\">Durante la final se realizar\u00e1n dos debates, con los que se definir\u00e1n los ganadores de cada categor\u00eda, quienes representar\u00e1n a la Regi\u00f3n Metropolitana Norte en la Final Interregional de Iquique en noviembre.<\/p>\n<p style=\"text-align: justify\">La segunda versi\u00f3n del Torneo de Debates Cient\u00edfico Escolar es una actividad organizada por el PAR EXPLORA RM Norte, dirigida a estudiantes de Ense\u00f1anza Media, que busca generar debate en torno a tem\u00e1ticas de contingencia, relacionadas con ciencia y tecnolog\u00eda, al mismo tiempo que reforzar habilidades argumentativas y de investigaci\u00f3n.<\/p>\n<p style=\"text-align: justify\">Si fuiste parte del torneo, tienes un grupo de debate y te gustar\u00eda conocer m\u00e1s sobre esta esta actividad, o simplemente quieres participar junto a una delegaci\u00f3n de tu establecimiento educacional, no pierdas la oportunidad e inscr\u00edbete en el <span style=\"color: #ff6600\"><a href=\"https:\/\/docs.google.com\/forms\/d\/1oKYOtSYg6o4lzmW1qM6A9rmxH194IUrr7JVPTZ4naIc\/viewform\" target=\"_blank\" rel=\"noopener noreferrer\"><span style=\"color: #ff6600\">siguiente formulario<\/span><\/a><\/span>. \u00a1Te esperamos!<\/p>\n","protected":false},"excerpt":{"rendered":"<p>Tras sortear con \u00e9xito las distintas etapas del II Torneo de Debates Cient\u00edficos Escolares, el martes 9 de septiembre en el Sal\u00f3n de Honor del Ex Congreso Nacional, se enfrentar\u00e1n en la final los cuatro equipos debatientes y los dos grupos investigadores mejor evaluados durante el proceso. Durante la final se realizar\u00e1n dos debates, con [&hellip;]<\/p>\n","protected":false},"author":2,"featured_media":33807,"comment_status":"closed","ping_status":"open","sticky":false,"template":"","format":"standard","meta":{"_acf_changed":false,"_exactmetrics_skip_tracking":false,"_exactmetrics_sitenote_active":false,"_exactmetrics_sitenote_note":"","_exactmetrics_sitenote_category":0,"footnotes":"","_links_to":"","_links_to_target":""},"categories":[4],"tags":[],"class_list":["post-32029","post","type-post","status-publish","format-standard","has-post-thumbnail","hentry","category-noticias"],"acf":[],"yoast_head":"<!-- This site is optimized with the Yoast SEO plugin v26.9 - https:\/\/yoast.com\/product\/yoast-seo-wordpress\/ -->\n<title>S\u00e9 parte de la Final del Torneo de Debates - RM Norte<\/title>\n<meta name=\"robots\" content=\"index, follow, max-snippet:-1, max-image-preview:large, max-video-preview:-1\" \/>\n<link rel=\"canonical\" href=\"https:\/\/explora.cl\/rmnorte\/se-parte-de-la-final-del-torneo-de-debates\/\" class=\"yoast-seo-meta-tag\" \/>\n<meta property=\"og:locale\" content=\"es_ES\" class=\"yoast-seo-meta-tag\" \/>\n<meta property=\"og:type\" content=\"article\" class=\"yoast-seo-meta-tag\" \/>\n<meta property=\"og:title\" content=\"S\u00e9 parte de la Final del Torneo de Debates - RM Norte\" class=\"yoast-seo-meta-tag\" \/>\n<meta property=\"og:description\" content=\"Tras sortear con \u00e9xito las distintas etapas del II Torneo de Debates Cient\u00edficos Escolares, el martes 9 de septiembre en el Sal\u00f3n de Honor del Ex Congreso Nacional, se enfrentar\u00e1n en la final los cuatro equipos debatientes y los dos grupos investigadores mejor evaluados durante el proceso. Durante la final se realizar\u00e1n dos debates, con [&hellip;]\" class=\"yoast-seo-meta-tag\" \/>\n<meta property=\"og:url\" content=\"https:\/\/explora.cl\/rmnorte\/se-parte-de-la-final-del-torneo-de-debates\/\" class=\"yoast-seo-meta-tag\" \/>\n<meta property=\"og:site_name\" content=\"RM Norte\" class=\"yoast-seo-meta-tag\" \/>\n<meta property=\"article:published_time\" content=\"2014-08-21T04:00:00+00:00\" class=\"yoast-seo-meta-tag\" \/>\n<meta property=\"article:modified_time\" content=\"2019-05-20T17:23:45+00:00\" class=\"yoast-seo-meta-tag\" \/>\n<meta property=\"og:image\" content=\"https:\/\/explora.cl\/rmnorte\/wp-content\/uploads\/sites\/11\/2018\/06\/3138c7366a6ecdf59187027501010d24.jpg\" class=\"yoast-seo-meta-tag\" \/>\n\t<meta property=\"og:image:width\" content=\"2268\" class=\"yoast-seo-meta-tag\" \/>\n\t<meta property=\"og:image:height\" content=\"2280\" class=\"yoast-seo-meta-tag\" \/>\n\t<meta property=\"og:image:type\" content=\"image\/jpeg\" class=\"yoast-seo-meta-tag\" \/>\n<meta name=\"author\" content=\"webman\" class=\"yoast-seo-meta-tag\" \/>\n<meta name=\"twitter:card\" content=\"summary_large_image\" class=\"yoast-seo-meta-tag\" \/>\n<meta name=\"twitter:label1\" content=\"Escrito por\" class=\"yoast-seo-meta-tag\" \/>\n\t<meta name=\"twitter:data1\" content=\"webman\" class=\"yoast-seo-meta-tag\" \/>\n\t<meta name=\"twitter:label2\" content=\"Tiempo estimado de lectura\" class=\"yoast-seo-meta-tag\" \/>\n\t<meta name=\"twitter:data2\" content=\"1 minuto\" class=\"yoast-seo-meta-tag\" \/>\n<script type=\"application\/ld+json\" class=\"yoast-schema-graph\">{\"@context\":\"https:\/\/schema.org\",\"@graph\":[{\"@type\":\"Article\",\"@id\":\"https:\/\/explora.cl\/rmnorte\/se-parte-de-la-final-del-torneo-de-debates\/#article\",\"isPartOf\":{\"@id\":\"https:\/\/explora.cl\/rmnorte\/se-parte-de-la-final-del-torneo-de-debates\/\"},\"author\":{\"name\":\"webman\",\"@id\":\"https:\/\/explora.cl\/rmnorte\/#\/schema\/person\/cb8349c13ea2d324080adf8480d7ba5d\"},\"headline\":\"S\u00e9 parte de la Final del Torneo de Debates\",\"datePublished\":\"2014-08-21T04:00:00+00:00\",\"dateModified\":\"2019-05-20T17:23:45+00:00\",\"mainEntityOfPage\":{\"@id\":\"https:\/\/explora.cl\/rmnorte\/se-parte-de-la-final-del-torneo-de-debates\/\"},\"wordCount\":198,\"image\":{\"@id\":\"https:\/\/explora.cl\/rmnorte\/se-parte-de-la-final-del-torneo-de-debates\/#primaryimage\"},\"thumbnailUrl\":\"https:\/\/explora.cl\/rmnorte\/wp-content\/uploads\/sites\/11\/2018\/06\/3138c7366a6ecdf59187027501010d24.jpg\",\"articleSection\":[\"Noticias\"],\"inLanguage\":\"es-CL\"},{\"@type\":\"WebPage\",\"@id\":\"https:\/\/explora.cl\/rmnorte\/se-parte-de-la-final-del-torneo-de-debates\/\",\"url\":\"https:\/\/explora.cl\/rmnorte\/se-parte-de-la-final-del-torneo-de-debates\/\",\"name\":\"S\u00e9 parte de la Final del Torneo de Debates - RM Norte\",\"isPartOf\":{\"@id\":\"https:\/\/explora.cl\/rmnorte\/#website\"},\"primaryImageOfPage\":{\"@id\":\"https:\/\/explora.cl\/rmnorte\/se-parte-de-la-final-del-torneo-de-debates\/#primaryimage\"},\"image\":{\"@id\":\"https:\/\/explora.cl\/rmnorte\/se-parte-de-la-final-del-torneo-de-debates\/#primaryimage\"},\"thumbnailUrl\":\"https:\/\/explora.cl\/rmnorte\/wp-content\/uploads\/sites\/11\/2018\/06\/3138c7366a6ecdf59187027501010d24.jpg\",\"datePublished\":\"2014-08-21T04:00:00+00:00\",\"dateModified\":\"2019-05-20T17:23:45+00:00\",\"author\":{\"@id\":\"https:\/\/explora.cl\/rmnorte\/#\/schema\/person\/cb8349c13ea2d324080adf8480d7ba5d\"},\"breadcrumb\":{\"@id\":\"https:\/\/explora.cl\/rmnorte\/se-parte-de-la-final-del-torneo-de-debates\/#breadcrumb\"},\"inLanguage\":\"es-CL\",\"potentialAction\":[{\"@type\":\"ReadAction\",\"target\":[\"https:\/\/explora.cl\/rmnorte\/se-parte-de-la-final-del-torneo-de-debates\/\"]}]},{\"@type\":\"ImageObject\",\"inLanguage\":\"es-CL\",\"@id\":\"https:\/\/explora.cl\/rmnorte\/se-parte-de-la-final-del-torneo-de-debates\/#primaryimage\",\"url\":\"https:\/\/explora.cl\/rmnorte\/wp-content\/uploads\/sites\/11\/2018\/06\/3138c7366a6ecdf59187027501010d24.jpg\",\"contentUrl\":\"https:\/\/explora.cl\/rmnorte\/wp-content\/uploads\/sites\/11\/2018\/06\/3138c7366a6ecdf59187027501010d24.jpg\",\"width\":2268,\"height\":2280},{\"@type\":\"BreadcrumbList\",\"@id\":\"https:\/\/explora.cl\/rmnorte\/se-parte-de-la-final-del-torneo-de-debates\/#breadcrumb\",\"itemListElement\":[{\"@type\":\"ListItem\",\"position\":1,\"name\":\"Portada\",\"item\":\"https:\/\/explora.cl\/rmnorte\/\"},{\"@type\":\"ListItem\",\"position\":2,\"name\":\"S\u00e9 parte de la Final del Torneo de Debates\"}]},{\"@type\":\"WebSite\",\"@id\":\"https:\/\/explora.cl\/rmnorte\/#website\",\"url\":\"https:\/\/explora.cl\/rmnorte\/\",\"name\":\"RM Norte\",\"description\":\"RM Norte explora.cl\",\"potentialAction\":[{\"@type\":\"SearchAction\",\"target\":{\"@type\":\"EntryPoint\",\"urlTemplate\":\"https:\/\/explora.cl\/rmnorte\/?s={search_term_string}\"},\"query-input\":{\"@type\":\"PropertyValueSpecification\",\"valueRequired\":true,\"valueName\":\"search_term_string\"}}],\"inLanguage\":\"es-CL\"},{\"@type\":\"Person\",\"@id\":\"https:\/\/explora.cl\/rmnorte\/#\/schema\/person\/cb8349c13ea2d324080adf8480d7ba5d\",\"name\":\"webman\",\"image\":{\"@type\":\"ImageObject\",\"inLanguage\":\"es-CL\",\"@id\":\"https:\/\/explora.cl\/rmnorte\/#\/schema\/person\/image\/\",\"url\":\"https:\/\/secure.gravatar.com\/avatar\/eeff3c82f2c02f7177d13663b7e6f890e9a6a0647ce9bb29cae02dcb094c7312?s=96&d=mm&r=g\",\"contentUrl\":\"https:\/\/secure.gravatar.com\/avatar\/eeff3c82f2c02f7177d13663b7e6f890e9a6a0647ce9bb29cae02dcb094c7312?s=96&d=mm&r=g\",\"caption\":\"webman\"},\"url\":\"https:\/\/explora.cl\/rmnorte\/author\/webman\/\"}]}<\/script>\n<!-- \/ Yoast SEO plugin. -->","yoast_head_json":{"title":"S\u00e9 parte de la Final del Torneo de Debates - RM Norte","robots":{"index":"index","follow":"follow","max-snippet":"max-snippet:-1","max-image-preview":"max-image-preview:large","max-video-preview":"max-video-preview:-1"},"canonical":"https:\/\/explora.cl\/rmnorte\/se-parte-de-la-final-del-torneo-de-debates\/","og_locale":"es_ES","og_type":"article","og_title":"S\u00e9 parte de la Final del Torneo de Debates - RM Norte","og_description":"Tras sortear con \u00e9xito las distintas etapas del II Torneo de Debates Cient\u00edficos Escolares, el martes 9 de septiembre en el Sal\u00f3n de Honor del Ex Congreso Nacional, se enfrentar\u00e1n en la final los cuatro equipos debatientes y los dos grupos investigadores mejor evaluados durante el proceso. Durante la final se realizar\u00e1n dos debates, con [&hellip;]","og_url":"https:\/\/explora.cl\/rmnorte\/se-parte-de-la-final-del-torneo-de-debates\/","og_site_name":"RM Norte","article_published_time":"2014-08-21T04:00:00+00:00","article_modified_time":"2019-05-20T17:23:45+00:00","og_image":[{"width":2268,"height":2280,"url":"https:\/\/explora.cl\/rmnorte\/wp-content\/uploads\/sites\/11\/2018\/06\/3138c7366a6ecdf59187027501010d24.jpg","type":"image\/jpeg"}],"author":"webman","twitter_card":"summary_large_image","twitter_misc":{"Escrito por":"webman","Tiempo estimado de lectura":"1 minuto"},"schema":{"@context":"https:\/\/schema.org","@graph":[{"@type":"Article","@id":"https:\/\/explora.cl\/rmnorte\/se-parte-de-la-final-del-torneo-de-debates\/#article","isPartOf":{"@id":"https:\/\/explora.cl\/rmnorte\/se-parte-de-la-final-del-torneo-de-debates\/"},"author":{"name":"webman","@id":"https:\/\/explora.cl\/rmnorte\/#\/schema\/person\/cb8349c13ea2d324080adf8480d7ba5d"},"headline":"S\u00e9 parte de la Final del Torneo de Debates","datePublished":"2014-08-21T04:00:00+00:00","dateModified":"2019-05-20T17:23:45+00:00","mainEntityOfPage":{"@id":"https:\/\/explora.cl\/rmnorte\/se-parte-de-la-final-del-torneo-de-debates\/"},"wordCount":198,"image":{"@id":"https:\/\/explora.cl\/rmnorte\/se-parte-de-la-final-del-torneo-de-debates\/#primaryimage"},"thumbnailUrl":"https:\/\/explora.cl\/rmnorte\/wp-content\/uploads\/sites\/11\/2018\/06\/3138c7366a6ecdf59187027501010d24.jpg","articleSection":["Noticias"],"inLanguage":"es-CL"},{"@type":"WebPage","@id":"https:\/\/explora.cl\/rmnorte\/se-parte-de-la-final-del-torneo-de-debates\/","url":"https:\/\/explora.cl\/rmnorte\/se-parte-de-la-final-del-torneo-de-debates\/","name":"S\u00e9 parte de la Final del Torneo de Debates - RM Norte","isPartOf":{"@id":"https:\/\/explora.cl\/rmnorte\/#website"},"primaryImageOfPage":{"@id":"https:\/\/explora.cl\/rmnorte\/se-parte-de-la-final-del-torneo-de-debates\/#primaryimage"},"image":{"@id":"https:\/\/explora.cl\/rmnorte\/se-parte-de-la-final-del-torneo-de-debates\/#primaryimage"},"thumbnailUrl":"https:\/\/explora.cl\/rmnorte\/wp-content\/uploads\/sites\/11\/2018\/06\/3138c7366a6ecdf59187027501010d24.jpg","datePublished":"2014-08-21T04:00:00+00:00","dateModified":"2019-05-20T17:23:45+00:00","author":{"@id":"https:\/\/explora.cl\/rmnorte\/#\/schema\/person\/cb8349c13ea2d324080adf8480d7ba5d"},"breadcrumb":{"@id":"https:\/\/explora.cl\/rmnorte\/se-parte-de-la-final-del-torneo-de-debates\/#breadcrumb"},"inLanguage":"es-CL","potentialAction":[{"@type":"ReadAction","target":["https:\/\/explora.cl\/rmnorte\/se-parte-de-la-final-del-torneo-de-debates\/"]}]},{"@type":"ImageObject","inLanguage":"es-CL","@id":"https:\/\/explora.cl\/rmnorte\/se-parte-de-la-final-del-torneo-de-debates\/#primaryimage","url":"https:\/\/explora.cl\/rmnorte\/wp-content\/uploads\/sites\/11\/2018\/06\/3138c7366a6ecdf59187027501010d24.jpg","contentUrl":"https:\/\/explora.cl\/rmnorte\/wp-content\/uploads\/sites\/11\/2018\/06\/3138c7366a6ecdf59187027501010d24.jpg","width":2268,"height":2280},{"@type":"BreadcrumbList","@id":"https:\/\/explora.cl\/rmnorte\/se-parte-de-la-final-del-torneo-de-debates\/#breadcrumb","itemListElement":[{"@type":"ListItem","position":1,"name":"Portada","item":"https:\/\/explora.cl\/rmnorte\/"},{"@type":"ListItem","position":2,"name":"S\u00e9 parte de la Final del Torneo de Debates"}]},{"@type":"WebSite","@id":"https:\/\/explora.cl\/rmnorte\/#website","url":"https:\/\/explora.cl\/rmnorte\/","name":"RM Norte","description":"RM Norte explora.cl","potentialAction":[{"@type":"SearchAction","target":{"@type":"EntryPoint","urlTemplate":"https:\/\/explora.cl\/rmnorte\/?s={search_term_string}"},"query-input":{"@type":"PropertyValueSpecification","valueRequired":true,"valueName":"search_term_string"}}],"inLanguage":"es-CL"},{"@type":"Person","@id":"https:\/\/explora.cl\/rmnorte\/#\/schema\/person\/cb8349c13ea2d324080adf8480d7ba5d","name":"webman","image":{"@type":"ImageObject","inLanguage":"es-CL","@id":"https:\/\/explora.cl\/rmnorte\/#\/schema\/person\/image\/","url":"https:\/\/secure.gravatar.com\/avatar\/eeff3c82f2c02f7177d13663b7e6f890e9a6a0647ce9bb29cae02dcb094c7312?s=96&d=mm&r=g","contentUrl":"https:\/\/secure.gravatar.com\/avatar\/eeff3c82f2c02f7177d13663b7e6f890e9a6a0647ce9bb29cae02dcb094c7312?s=96&d=mm&r=g","caption":"webman"},"url":"https:\/\/explora.cl\/rmnorte\/author\/webman\/"}]}},"_links":{"self":[{"href":"https:\/\/explora.cl\/rmnorte\/wp-json\/wp\/v2\/posts\/32029","targetHints":{"allow":["GET"]}}],"collection":[{"href":"https:\/\/explora.cl\/rmnorte\/wp-json\/wp\/v2\/posts"}],"about":[{"href":"https:\/\/explora.cl\/rmnorte\/wp-json\/wp\/v2\/types\/post"}],"author":[{"embeddable":true,"href":"https:\/\/explora.cl\/rmnorte\/wp-json\/wp\/v2\/users\/2"}],"replies":[{"embeddable":true,"href":"https:\/\/explora.cl\/rmnorte\/wp-json\/wp\/v2\/comments?post=32029"}],"version-history":[{"count":1,"href":"https:\/\/explora.cl\/rmnorte\/wp-json\/wp\/v2\/posts\/32029\/revisions"}],"predecessor-version":[{"id":38584,"href":"https:\/\/explora.cl\/rmnorte\/wp-json\/wp\/v2\/posts\/32029\/revisions\/38584"}],"wp:featuredmedia":[{"embeddable":true,"href":"https:\/\/explora.cl\/rmnorte\/wp-json\/wp\/v2\/media\/33807"}],"wp:attachment":[{"href":"https:\/\/explora.cl\/rmnorte\/wp-json\/wp\/v2\/media?parent=32029"}],"wp:term":[{"taxonomy":"category","embeddable":true,"href":"https:\/\/explora.cl\/rmnorte\/wp-json\/wp\/v2\/categories?post=32029"},{"taxonomy":"post_tag","embeddable":true,"href":"https:\/\/explora.cl\/rmnorte\/wp-json\/wp\/v2\/tags?post=32029"}],"curies":[{"name":"wp","href":"https:\/\/api.w.org\/{rel}","templated":true}]}}