{"id":32023,"date":"2014-08-19T00:00:00","date_gmt":"2014-08-19T04:00:00","guid":{"rendered":"https:\/\/explora.cl\/rmnorte\/blog\/2014\/08\/19\/dia-del-tecnico-profesional\/"},"modified":"2019-05-20T17:23:47","modified_gmt":"2019-05-20T17:23:47","slug":"dia-del-tecnico-profesional","status":"publish","type":"post","link":"https:\/\/explora.cl\/rmnorte\/dia-del-tecnico-profesional\/","title":{"rendered":"D\u00eda del T\u00e9cnico Profesional"},"content":{"rendered":"<p><img fetchpriority=\"high\" decoding=\"async\" class=\" size-full wp-image-4716\" src=\"http:\/\/ec2-34-218-253-251.us-west-2.compute.amazonaws.com\/wp-content\/uploads\/2014\/08\/f2a8e1db340eafc0bf214d9e4fb3c763.jpg\" alt=\"\" width=\"1600\" height=\"1067\" \/><\/p>\n<p style=\"text-align: justify\"><span style=\"line-height: 1.3em\">El 26 de agosto en el colegio T\u00e9cnico Profesional y Bicentenario Complejo Educacional Eduardo Cuevas Vald\u00e9s, comuna de Lo Barnechea, se\u00a0 celebrar\u00e1 el D\u00eda del T\u00e9cnico Profesional, actividad en la que participar\u00e1 el Proyecto Explora RM Norte.<\/span><\/p>\n<p style=\"text-align: justify\">En la muestra, que se realizar\u00e1 entre las 09:30 y las 15:30 horas, se presentar\u00e1n exposiciones preparadas por estudiantes de las tres especialidades del establecimiento; Mec\u00e1nica Automotriz, Atenci\u00f3n de Enfermos y Administraci\u00f3n, con la finalidad de dar a conocer a la comunidad c\u00f3mo trabajan los distintos cursos para que los interesados en ingresar al colegio puedan tomar una decisi\u00f3n m\u00e1s claramente.<\/p>\n<p style=\"text-align: justify\">Entre las actividades que se realizar\u00e1n, los y las estudiantes de 4\u00b0 de Administraci\u00f3n pondr\u00e1n a disposici\u00f3n de los asistentes una simulaci\u00f3n de un centro de capacitaci\u00f3n el que ofrecer\u00e1 los siguientes cursos:<\/p>\n<p style=\"text-align: justify\">C\u00f3mo hacer un Video en\u00a0 Movie Maker<\/p>\n<p style=\"text-align: justify\">C\u00f3mo trabajar con Gr\u00e1ficos e Hiperv\u00ednculos en Power Point<\/p>\n<p style=\"text-align: justify\">Planilla Excel, manejo de funciones como Funci\u00f3n Suma, contar si, condicional si.<\/p>\n<p style=\"text-align: justify\">\u00a0<\/p>\n<p style=\"text-align: justify\">Si est\u00e1s interesado en participar el Complejo Educacional Eduardo Cuevas Vald\u00e9s se encuentra en \u00c1lvarez N\u00b0 14053, Comuna Lo Barnechea.<\/p>\n<p style=\"text-align: justify\">Para m\u00e1s informaci\u00f3n escribe a\u00a0<a href=\"mailto:complejoeducacional@lobarnechea.cl\" target=\"_blank\" rel=\"noopener noreferrer\">complejoeducacional@lobarnechea.cl<\/a><\/p>\n<p>\u00a0<\/p>\n","protected":false},"excerpt":{"rendered":"<p>El 26 de agosto en el colegio T\u00e9cnico Profesional y Bicentenario Complejo Educacional Eduardo Cuevas Vald\u00e9s, comuna de Lo Barnechea, se\u00a0 celebrar\u00e1 el D\u00eda del T\u00e9cnico Profesional, actividad en la que participar\u00e1 el Proyecto Explora RM Norte. En la muestra, que se realizar\u00e1 entre las 09:30 y las 15:30 horas, se presentar\u00e1n exposiciones preparadas por [&hellip;]<\/p>\n","protected":false},"author":2,"featured_media":32025,"comment_status":"closed","ping_status":"open","sticky":false,"template":"","format":"standard","meta":{"_acf_changed":false,"_exactmetrics_skip_tracking":false,"_exactmetrics_sitenote_active":false,"_exactmetrics_sitenote_note":"","_exactmetrics_sitenote_category":0,"footnotes":"","_links_to":"","_links_to_target":""},"categories":[4],"tags":[],"class_list":["post-32023","post","type-post","status-publish","format-standard","has-post-thumbnail","hentry","category-noticias"],"acf":[],"yoast_head":"<!-- This site is optimized with the Yoast SEO plugin v26.9 - https:\/\/yoast.com\/product\/yoast-seo-wordpress\/ -->\n<title>D\u00eda del T\u00e9cnico Profesional - RM Norte<\/title>\n<meta name=\"robots\" content=\"index, follow, max-snippet:-1, max-image-preview:large, max-video-preview:-1\" \/>\n<link rel=\"canonical\" href=\"https:\/\/explora.cl\/rmnorte\/dia-del-tecnico-profesional\/\" class=\"yoast-seo-meta-tag\" \/>\n<meta property=\"og:locale\" content=\"es_ES\" class=\"yoast-seo-meta-tag\" \/>\n<meta property=\"og:type\" content=\"article\" class=\"yoast-seo-meta-tag\" \/>\n<meta property=\"og:title\" content=\"D\u00eda del T\u00e9cnico Profesional - RM Norte\" class=\"yoast-seo-meta-tag\" \/>\n<meta property=\"og:description\" content=\"El 26 de agosto en el colegio T\u00e9cnico Profesional y Bicentenario Complejo Educacional Eduardo Cuevas Vald\u00e9s, comuna de Lo Barnechea, se\u00a0 celebrar\u00e1 el D\u00eda del T\u00e9cnico Profesional, actividad en la que participar\u00e1 el Proyecto Explora RM Norte. En la muestra, que se realizar\u00e1 entre las 09:30 y las 15:30 horas, se presentar\u00e1n exposiciones preparadas por [&hellip;]\" class=\"yoast-seo-meta-tag\" \/>\n<meta property=\"og:url\" content=\"https:\/\/explora.cl\/rmnorte\/dia-del-tecnico-profesional\/\" class=\"yoast-seo-meta-tag\" \/>\n<meta property=\"og:site_name\" content=\"RM Norte\" class=\"yoast-seo-meta-tag\" \/>\n<meta property=\"article:published_time\" content=\"2014-08-19T04:00:00+00:00\" class=\"yoast-seo-meta-tag\" \/>\n<meta property=\"article:modified_time\" content=\"2019-05-20T17:23:47+00:00\" class=\"yoast-seo-meta-tag\" \/>\n<meta property=\"og:image\" content=\"https:\/\/explora.cl\/rmnorte\/wp-content\/uploads\/sites\/11\/2018\/06\/f2a8e1db340eafc0bf214d9e4fb3c763.jpg\" class=\"yoast-seo-meta-tag\" \/>\n\t<meta property=\"og:image:width\" content=\"1600\" class=\"yoast-seo-meta-tag\" \/>\n\t<meta property=\"og:image:height\" content=\"1067\" class=\"yoast-seo-meta-tag\" \/>\n\t<meta property=\"og:image:type\" content=\"image\/jpeg\" class=\"yoast-seo-meta-tag\" \/>\n<meta name=\"author\" content=\"webman\" class=\"yoast-seo-meta-tag\" \/>\n<meta name=\"twitter:card\" content=\"summary_large_image\" class=\"yoast-seo-meta-tag\" \/>\n<meta name=\"twitter:label1\" content=\"Escrito por\" class=\"yoast-seo-meta-tag\" \/>\n\t<meta name=\"twitter:data1\" content=\"webman\" class=\"yoast-seo-meta-tag\" \/>\n\t<meta name=\"twitter:label2\" content=\"Tiempo estimado de lectura\" class=\"yoast-seo-meta-tag\" \/>\n\t<meta name=\"twitter:data2\" content=\"1 minuto\" class=\"yoast-seo-meta-tag\" \/>\n<script type=\"application\/ld+json\" class=\"yoast-schema-graph\">{\"@context\":\"https:\/\/schema.org\",\"@graph\":[{\"@type\":\"Article\",\"@id\":\"https:\/\/explora.cl\/rmnorte\/dia-del-tecnico-profesional\/#article\",\"isPartOf\":{\"@id\":\"https:\/\/explora.cl\/rmnorte\/dia-del-tecnico-profesional\/\"},\"author\":{\"name\":\"webman\",\"@id\":\"https:\/\/explora.cl\/rmnorte\/#\/schema\/person\/cb8349c13ea2d324080adf8480d7ba5d\"},\"headline\":\"D\u00eda del T\u00e9cnico Profesional\",\"datePublished\":\"2014-08-19T04:00:00+00:00\",\"dateModified\":\"2019-05-20T17:23:47+00:00\",\"mainEntityOfPage\":{\"@id\":\"https:\/\/explora.cl\/rmnorte\/dia-del-tecnico-profesional\/\"},\"wordCount\":214,\"image\":{\"@id\":\"https:\/\/explora.cl\/rmnorte\/dia-del-tecnico-profesional\/#primaryimage\"},\"thumbnailUrl\":\"https:\/\/explora.cl\/rmnorte\/wp-content\/uploads\/sites\/11\/2018\/06\/f2a8e1db340eafc0bf214d9e4fb3c763.jpg\",\"articleSection\":[\"Noticias\"],\"inLanguage\":\"es-CL\"},{\"@type\":\"WebPage\",\"@id\":\"https:\/\/explora.cl\/rmnorte\/dia-del-tecnico-profesional\/\",\"url\":\"https:\/\/explora.cl\/rmnorte\/dia-del-tecnico-profesional\/\",\"name\":\"D\u00eda del T\u00e9cnico Profesional - RM Norte\",\"isPartOf\":{\"@id\":\"https:\/\/explora.cl\/rmnorte\/#website\"},\"primaryImageOfPage\":{\"@id\":\"https:\/\/explora.cl\/rmnorte\/dia-del-tecnico-profesional\/#primaryimage\"},\"image\":{\"@id\":\"https:\/\/explora.cl\/rmnorte\/dia-del-tecnico-profesional\/#primaryimage\"},\"thumbnailUrl\":\"https:\/\/explora.cl\/rmnorte\/wp-content\/uploads\/sites\/11\/2018\/06\/f2a8e1db340eafc0bf214d9e4fb3c763.jpg\",\"datePublished\":\"2014-08-19T04:00:00+00:00\",\"dateModified\":\"2019-05-20T17:23:47+00:00\",\"author\":{\"@id\":\"https:\/\/explora.cl\/rmnorte\/#\/schema\/person\/cb8349c13ea2d324080adf8480d7ba5d\"},\"breadcrumb\":{\"@id\":\"https:\/\/explora.cl\/rmnorte\/dia-del-tecnico-profesional\/#breadcrumb\"},\"inLanguage\":\"es-CL\",\"potentialAction\":[{\"@type\":\"ReadAction\",\"target\":[\"https:\/\/explora.cl\/rmnorte\/dia-del-tecnico-profesional\/\"]}]},{\"@type\":\"ImageObject\",\"inLanguage\":\"es-CL\",\"@id\":\"https:\/\/explora.cl\/rmnorte\/dia-del-tecnico-profesional\/#primaryimage\",\"url\":\"https:\/\/explora.cl\/rmnorte\/wp-content\/uploads\/sites\/11\/2018\/06\/f2a8e1db340eafc0bf214d9e4fb3c763.jpg\",\"contentUrl\":\"https:\/\/explora.cl\/rmnorte\/wp-content\/uploads\/sites\/11\/2018\/06\/f2a8e1db340eafc0bf214d9e4fb3c763.jpg\",\"width\":1600,\"height\":1067},{\"@type\":\"BreadcrumbList\",\"@id\":\"https:\/\/explora.cl\/rmnorte\/dia-del-tecnico-profesional\/#breadcrumb\",\"itemListElement\":[{\"@type\":\"ListItem\",\"position\":1,\"name\":\"Portada\",\"item\":\"https:\/\/explora.cl\/rmnorte\/\"},{\"@type\":\"ListItem\",\"position\":2,\"name\":\"D\u00eda del T\u00e9cnico Profesional\"}]},{\"@type\":\"WebSite\",\"@id\":\"https:\/\/explora.cl\/rmnorte\/#website\",\"url\":\"https:\/\/explora.cl\/rmnorte\/\",\"name\":\"RM Norte\",\"description\":\"RM Norte explora.cl\",\"potentialAction\":[{\"@type\":\"SearchAction\",\"target\":{\"@type\":\"EntryPoint\",\"urlTemplate\":\"https:\/\/explora.cl\/rmnorte\/?s={search_term_string}\"},\"query-input\":{\"@type\":\"PropertyValueSpecification\",\"valueRequired\":true,\"valueName\":\"search_term_string\"}}],\"inLanguage\":\"es-CL\"},{\"@type\":\"Person\",\"@id\":\"https:\/\/explora.cl\/rmnorte\/#\/schema\/person\/cb8349c13ea2d324080adf8480d7ba5d\",\"name\":\"webman\",\"image\":{\"@type\":\"ImageObject\",\"inLanguage\":\"es-CL\",\"@id\":\"https:\/\/explora.cl\/rmnorte\/#\/schema\/person\/image\/\",\"url\":\"https:\/\/secure.gravatar.com\/avatar\/eeff3c82f2c02f7177d13663b7e6f890e9a6a0647ce9bb29cae02dcb094c7312?s=96&d=mm&r=g\",\"contentUrl\":\"https:\/\/secure.gravatar.com\/avatar\/eeff3c82f2c02f7177d13663b7e6f890e9a6a0647ce9bb29cae02dcb094c7312?s=96&d=mm&r=g\",\"caption\":\"webman\"},\"url\":\"https:\/\/explora.cl\/rmnorte\/author\/webman\/\"}]}<\/script>\n<!-- \/ Yoast SEO plugin. -->","yoast_head_json":{"title":"D\u00eda del T\u00e9cnico Profesional - RM Norte","robots":{"index":"index","follow":"follow","max-snippet":"max-snippet:-1","max-image-preview":"max-image-preview:large","max-video-preview":"max-video-preview:-1"},"canonical":"https:\/\/explora.cl\/rmnorte\/dia-del-tecnico-profesional\/","og_locale":"es_ES","og_type":"article","og_title":"D\u00eda del T\u00e9cnico Profesional - RM Norte","og_description":"El 26 de agosto en el colegio T\u00e9cnico Profesional y Bicentenario Complejo Educacional Eduardo Cuevas Vald\u00e9s, comuna de Lo Barnechea, se\u00a0 celebrar\u00e1 el D\u00eda del T\u00e9cnico Profesional, actividad en la que participar\u00e1 el Proyecto Explora RM Norte. En la muestra, que se realizar\u00e1 entre las 09:30 y las 15:30 horas, se presentar\u00e1n exposiciones preparadas por [&hellip;]","og_url":"https:\/\/explora.cl\/rmnorte\/dia-del-tecnico-profesional\/","og_site_name":"RM Norte","article_published_time":"2014-08-19T04:00:00+00:00","article_modified_time":"2019-05-20T17:23:47+00:00","og_image":[{"width":1600,"height":1067,"url":"https:\/\/explora.cl\/rmnorte\/wp-content\/uploads\/sites\/11\/2018\/06\/f2a8e1db340eafc0bf214d9e4fb3c763.jpg","type":"image\/jpeg"}],"author":"webman","twitter_card":"summary_large_image","twitter_misc":{"Escrito por":"webman","Tiempo estimado de lectura":"1 minuto"},"schema":{"@context":"https:\/\/schema.org","@graph":[{"@type":"Article","@id":"https:\/\/explora.cl\/rmnorte\/dia-del-tecnico-profesional\/#article","isPartOf":{"@id":"https:\/\/explora.cl\/rmnorte\/dia-del-tecnico-profesional\/"},"author":{"name":"webman","@id":"https:\/\/explora.cl\/rmnorte\/#\/schema\/person\/cb8349c13ea2d324080adf8480d7ba5d"},"headline":"D\u00eda del T\u00e9cnico Profesional","datePublished":"2014-08-19T04:00:00+00:00","dateModified":"2019-05-20T17:23:47+00:00","mainEntityOfPage":{"@id":"https:\/\/explora.cl\/rmnorte\/dia-del-tecnico-profesional\/"},"wordCount":214,"image":{"@id":"https:\/\/explora.cl\/rmnorte\/dia-del-tecnico-profesional\/#primaryimage"},"thumbnailUrl":"https:\/\/explora.cl\/rmnorte\/wp-content\/uploads\/sites\/11\/2018\/06\/f2a8e1db340eafc0bf214d9e4fb3c763.jpg","articleSection":["Noticias"],"inLanguage":"es-CL"},{"@type":"WebPage","@id":"https:\/\/explora.cl\/rmnorte\/dia-del-tecnico-profesional\/","url":"https:\/\/explora.cl\/rmnorte\/dia-del-tecnico-profesional\/","name":"D\u00eda del T\u00e9cnico Profesional - RM Norte","isPartOf":{"@id":"https:\/\/explora.cl\/rmnorte\/#website"},"primaryImageOfPage":{"@id":"https:\/\/explora.cl\/rmnorte\/dia-del-tecnico-profesional\/#primaryimage"},"image":{"@id":"https:\/\/explora.cl\/rmnorte\/dia-del-tecnico-profesional\/#primaryimage"},"thumbnailUrl":"https:\/\/explora.cl\/rmnorte\/wp-content\/uploads\/sites\/11\/2018\/06\/f2a8e1db340eafc0bf214d9e4fb3c763.jpg","datePublished":"2014-08-19T04:00:00+00:00","dateModified":"2019-05-20T17:23:47+00:00","author":{"@id":"https:\/\/explora.cl\/rmnorte\/#\/schema\/person\/cb8349c13ea2d324080adf8480d7ba5d"},"breadcrumb":{"@id":"https:\/\/explora.cl\/rmnorte\/dia-del-tecnico-profesional\/#breadcrumb"},"inLanguage":"es-CL","potentialAction":[{"@type":"ReadAction","target":["https:\/\/explora.cl\/rmnorte\/dia-del-tecnico-profesional\/"]}]},{"@type":"ImageObject","inLanguage":"es-CL","@id":"https:\/\/explora.cl\/rmnorte\/dia-del-tecnico-profesional\/#primaryimage","url":"https:\/\/explora.cl\/rmnorte\/wp-content\/uploads\/sites\/11\/2018\/06\/f2a8e1db340eafc0bf214d9e4fb3c763.jpg","contentUrl":"https:\/\/explora.cl\/rmnorte\/wp-content\/uploads\/sites\/11\/2018\/06\/f2a8e1db340eafc0bf214d9e4fb3c763.jpg","width":1600,"height":1067},{"@type":"BreadcrumbList","@id":"https:\/\/explora.cl\/rmnorte\/dia-del-tecnico-profesional\/#breadcrumb","itemListElement":[{"@type":"ListItem","position":1,"name":"Portada","item":"https:\/\/explora.cl\/rmnorte\/"},{"@type":"ListItem","position":2,"name":"D\u00eda del T\u00e9cnico Profesional"}]},{"@type":"WebSite","@id":"https:\/\/explora.cl\/rmnorte\/#website","url":"https:\/\/explora.cl\/rmnorte\/","name":"RM Norte","description":"RM Norte explora.cl","potentialAction":[{"@type":"SearchAction","target":{"@type":"EntryPoint","urlTemplate":"https:\/\/explora.cl\/rmnorte\/?s={search_term_string}"},"query-input":{"@type":"PropertyValueSpecification","valueRequired":true,"valueName":"search_term_string"}}],"inLanguage":"es-CL"},{"@type":"Person","@id":"https:\/\/explora.cl\/rmnorte\/#\/schema\/person\/cb8349c13ea2d324080adf8480d7ba5d","name":"webman","image":{"@type":"ImageObject","inLanguage":"es-CL","@id":"https:\/\/explora.cl\/rmnorte\/#\/schema\/person\/image\/","url":"https:\/\/secure.gravatar.com\/avatar\/eeff3c82f2c02f7177d13663b7e6f890e9a6a0647ce9bb29cae02dcb094c7312?s=96&d=mm&r=g","contentUrl":"https:\/\/secure.gravatar.com\/avatar\/eeff3c82f2c02f7177d13663b7e6f890e9a6a0647ce9bb29cae02dcb094c7312?s=96&d=mm&r=g","caption":"webman"},"url":"https:\/\/explora.cl\/rmnorte\/author\/webman\/"}]}},"_links":{"self":[{"href":"https:\/\/explora.cl\/rmnorte\/wp-json\/wp\/v2\/posts\/32023","targetHints":{"allow":["GET"]}}],"collection":[{"href":"https:\/\/explora.cl\/rmnorte\/wp-json\/wp\/v2\/posts"}],"about":[{"href":"https:\/\/explora.cl\/rmnorte\/wp-json\/wp\/v2\/types\/post"}],"author":[{"embeddable":true,"href":"https:\/\/explora.cl\/rmnorte\/wp-json\/wp\/v2\/users\/2"}],"replies":[{"embeddable":true,"href":"https:\/\/explora.cl\/rmnorte\/wp-json\/wp\/v2\/comments?post=32023"}],"version-history":[{"count":1,"href":"https:\/\/explora.cl\/rmnorte\/wp-json\/wp\/v2\/posts\/32023\/revisions"}],"predecessor-version":[{"id":38589,"href":"https:\/\/explora.cl\/rmnorte\/wp-json\/wp\/v2\/posts\/32023\/revisions\/38589"}],"wp:featuredmedia":[{"embeddable":true,"href":"https:\/\/explora.cl\/rmnorte\/wp-json\/wp\/v2\/media\/32025"}],"wp:attachment":[{"href":"https:\/\/explora.cl\/rmnorte\/wp-json\/wp\/v2\/media?parent=32023"}],"wp:term":[{"taxonomy":"category","embeddable":true,"href":"https:\/\/explora.cl\/rmnorte\/wp-json\/wp\/v2\/categories?post=32023"},{"taxonomy":"post_tag","embeddable":true,"href":"https:\/\/explora.cl\/rmnorte\/wp-json\/wp\/v2\/tags?post=32023"}],"curies":[{"name":"wp","href":"https:\/\/api.w.org\/{rel}","templated":true}]}}