{"id":32017,"date":"2014-08-14T00:00:00","date_gmt":"2014-08-14T04:00:00","guid":{"rendered":"https:\/\/explora.cl\/rmnorte\/blog\/2014\/08\/14\/talleres-para-docentes-dia-de-la-ciencia-en-mi-colegio-1\/"},"modified":"2019-05-20T17:23:48","modified_gmt":"2019-05-20T17:23:48","slug":"talleres-para-docentes-dia-de-la-ciencia-en-mi-colegio-1","status":"publish","type":"post","link":"https:\/\/explora.cl\/rmnorte\/talleres-para-docentes-dia-de-la-ciencia-en-mi-colegio-1\/","title":{"rendered":"Talleres para docentes, D\u00eda de la Ciencia en mi Colegio"},"content":{"rendered":"<p><img fetchpriority=\"high\" decoding=\"async\" class=\" size-full wp-image-4611\" src=\"http:\/\/ec2-34-218-253-251.us-west-2.compute.amazonaws.com\/wp-content\/uploads\/2014\/08\/8a7eacb7a228abdc187ecece4128652b.jpg\" alt=\"\" width=\"800\" height=\"494\" \/><\/p>\n<p style=\"text-align: justify\" align=\"center\"><span style=\"line-height: 1.3em\">Ya est\u00e1 abierta la convocatoria a una serie de talleres orientados a docentes de las 17 comunicas con las que trabaja el Proyecto Explora RM Norte y que tienen como finalidad ser replicados durante el D\u00eda de la Ciencia en mi Colegio, actividad enmarcada en la Semana Nacional de la Ciencia y la Tecnolog\u00eda que tendr\u00e1 lugar entre el 6 y el 12 de octubre.<\/span><\/p>\n<p style=\"text-align: justify\">Con la realizaci\u00f3n de los talleres se har\u00e1 entrega de un kit b\u00e1sico con parte de los materiales que se utilizar\u00e1n en la actividad, los que se contempla no sean de costo elevado para que puedan ser replicados en los distintos establecimientos.<\/p>\n<p style=\"text-align: justify\">Las actividades se desarrollar\u00e1n durante media jornada (ma\u00f1ana o tarde) en dependencias de la sede Santiago de la Universidad Arturo Prat, ubicada en San Pablo 1796 (Metro Santa Ana).<\/p>\n<p style=\"text-align: justify\">\u00a0<\/p>\n<p style=\"text-align: justify\"><strong>Nombre del taller<\/strong>: Formulaci\u00f3n de un gel con extractos vegetales.<\/p>\n<p style=\"text-align: justify\"><strong>Relator\/a<\/strong>: Claudio Mart\u00ednez, Qu\u00edmico Farmac\u00e9utico de la Universidad Arturo Prat.<\/p>\n<p style=\"text-align: justify\"><strong>Fecha<\/strong>: Martes 2 de septiembre de 2014.<\/p>\n<p style=\"text-align: justify\"><strong>Horario<\/strong>: 14:00-17:30 horas.<\/p>\n<p style=\"text-align: justify\"><strong>P\u00fablico Objetivo<\/strong>: Profesores de ense\u00f1anza media.<\/p>\n<p style=\"text-align: justify\"><strong>Descripci\u00f3n<\/strong>: Taller te\u00f3rico pr\u00e1ctico cuyo objetivo es producir un gel de uso t\u00f3pico, en base a extractos vegetales de plantas medicinales.<\/p>\n<p style=\"text-align: justify\">\u00a0<\/p>\n<p style=\"text-align: justify\"><strong>Nombre del taller<\/strong>: Responsabilidad ambiental: \u00bfPodemos hacer algo?<\/p>\n<p style=\"text-align: justify\"><strong>Relator\/a<\/strong>: Ver\u00f3nica Mor\u00e1n, Periodista y Educadora Ambiental. Explora Conicyt RM Norte.<\/p>\n<p style=\"text-align: justify\"><strong>Fecha<\/strong>: Mi\u00e9rcoles 3 de septiembre de 2014.<\/p>\n<p style=\"text-align: justify\"><strong>Horario<\/strong>: 09:30-13:00 horas.<\/p>\n<p style=\"text-align: justify\"><strong>P\u00fablico Objetivo<\/strong>: Profesores de ense\u00f1anza b\u00e1sica (2do Ciclo)<\/p>\n<p style=\"text-align: justify\"><strong>Descripci\u00f3n<\/strong>: Taller te\u00f3rico pr\u00e1ctico cuyo objetivo es dimensionar y reflexionar sobre el impacto del ser humano en su entorno, a trav\u00e9s de juegos y actividades did\u00e1cticas.<\/p>\n<p style=\"text-align: justify\">\u00a0<\/p>\n<p style=\"text-align: justify\"><strong>Nombre del taller<\/strong>: Relaci\u00f3n Sol Tierra Luna.<\/p>\n<p style=\"text-align: justify\"><strong>Relator\/a<\/strong>: Jos\u00e9 Gallardo, Astr\u00f3nomo y Juan Oyarz\u00fan, Mag\u00edster en Did\u00e1ctica de las Ciencias y Profesor de F\u00edsica. Miembros de Cienciacci\u00f3n.<\/p>\n<p style=\"text-align: justify\"><strong>Fecha<\/strong>: Jueves 4 de septiembre de 2014.<\/p>\n<p style=\"text-align: justify\"><strong>Horario<\/strong>: 14:00-17:30 horas.<\/p>\n<p style=\"text-align: justify\"><strong>P\u00fablico Objetivo<\/strong>: Profesores de ense\u00f1anza b\u00e1sica.<\/p>\n<p style=\"text-align: justify\"><strong>Descripci\u00f3n<\/strong>: Taller te\u00f3rico pr\u00e1ctico dirigido a conocer las fases de la luna y las estaciones del a\u00f1o por medio de la realizaci\u00f3n de actividades did\u00e1cticas.<\/p>\n<p style=\"text-align: justify\">\u00a0<\/p>\n<p style=\"text-align: justify\"><strong>Nombre del taller<\/strong>: \u00bfPor qu\u00e9 investigar?<\/p>\n<p style=\"text-align: justify\"><strong>Relator\/a<\/strong>: Yessica Castillo, Mag\u00edster en Sociolog\u00eda.<\/p>\n<p style=\"text-align: justify\"><strong>Fecha<\/strong>: Mi\u00e9rcoles 10 de septiembre de 2014.<\/p>\n<p style=\"text-align: justify\"><strong>Horario<\/strong>: 09:30-13:00 horas.<\/p>\n<p style=\"text-align: justify\"><strong>P\u00fablico Objetivo<\/strong>: Profesores de ense\u00f1anza media.<\/p>\n<p style=\"text-align: justify\"><strong>Descripci\u00f3n<\/strong>: Taller te\u00f3rico pr\u00e1ctico sobre los aspectos metodol\u00f3gicos que en una investigaci\u00f3n en Ciencias Sociales permiten motivar y potenciar habilidades y competencias en los estudiantes.<\/p>\n<p style=\"text-align: justify\">\u00a0<\/p>\n<p style=\"text-align: justify\"><strong>Nombre del taller<\/strong>: Mis primeros pasos en Hidropon\u00eda<\/p>\n<p style=\"text-align: justify\"><strong>Relator\/a<\/strong>: Roci\u00f3 Mu\u00f1oz, Ingeniero Agr\u00edcola. Proyecto Explora RM Norte.<\/p>\n<p style=\"text-align: justify\"><strong>Fecha<\/strong>: Viernes 12 de septiembre de 2014.<\/p>\n<p style=\"text-align: justify\"><strong>Horario<\/strong>: 09:30-13:00 horas.<\/p>\n<p style=\"text-align: justify\"><strong>P\u00fablico Objetivo<\/strong>: Educadoras de p\u00e1rvulos y profesores de ense\u00f1anza b\u00e1sica (1er Ciclo)<\/p>\n<p style=\"text-align: justify\"><strong>Descripci\u00f3n<\/strong>: Taller te\u00f3rico pr\u00e1ctico cuyo objetivo es promover actividades de jardiner\u00eda y autogeneraci\u00f3n de cultivos caseros con el uso de materiales reciclables.<\/p>\n","protected":false},"excerpt":{"rendered":"<p>Ya est\u00e1 abierta la convocatoria a una serie de talleres orientados a docentes de las 17 comunicas con las que trabaja el Proyecto Explora RM Norte y que tienen como finalidad ser replicados durante el D\u00eda de la Ciencia en mi Colegio, actividad enmarcada en la Semana Nacional de la Ciencia y la Tecnolog\u00eda que [&hellip;]<\/p>\n","protected":false},"author":2,"featured_media":33803,"comment_status":"closed","ping_status":"open","sticky":false,"template":"","format":"standard","meta":{"_acf_changed":false,"_exactmetrics_skip_tracking":false,"_exactmetrics_sitenote_active":false,"_exactmetrics_sitenote_note":"","_exactmetrics_sitenote_category":0,"footnotes":"","_links_to":"","_links_to_target":""},"categories":[4],"tags":[],"class_list":["post-32017","post","type-post","status-publish","format-standard","has-post-thumbnail","hentry","category-noticias"],"acf":[],"yoast_head":"<!-- This site is optimized with the Yoast SEO plugin v26.9 - https:\/\/yoast.com\/product\/yoast-seo-wordpress\/ -->\n<title>Talleres para docentes, D\u00eda de la Ciencia en mi Colegio - RM Norte<\/title>\n<meta name=\"robots\" content=\"index, follow, max-snippet:-1, max-image-preview:large, max-video-preview:-1\" \/>\n<link rel=\"canonical\" href=\"https:\/\/explora.cl\/rmnorte\/talleres-para-docentes-dia-de-la-ciencia-en-mi-colegio-1\/\" class=\"yoast-seo-meta-tag\" \/>\n<meta property=\"og:locale\" content=\"es_ES\" class=\"yoast-seo-meta-tag\" \/>\n<meta property=\"og:type\" content=\"article\" class=\"yoast-seo-meta-tag\" \/>\n<meta property=\"og:title\" content=\"Talleres para docentes, D\u00eda de la Ciencia en mi Colegio - RM Norte\" class=\"yoast-seo-meta-tag\" \/>\n<meta property=\"og:description\" content=\"Ya est\u00e1 abierta la convocatoria a una serie de talleres orientados a docentes de las 17 comunicas con las que trabaja el Proyecto Explora RM Norte y que tienen como finalidad ser replicados durante el D\u00eda de la Ciencia en mi Colegio, actividad enmarcada en la Semana Nacional de la Ciencia y la Tecnolog\u00eda que [&hellip;]\" class=\"yoast-seo-meta-tag\" \/>\n<meta property=\"og:url\" content=\"https:\/\/explora.cl\/rmnorte\/talleres-para-docentes-dia-de-la-ciencia-en-mi-colegio-1\/\" class=\"yoast-seo-meta-tag\" \/>\n<meta property=\"og:site_name\" content=\"RM Norte\" class=\"yoast-seo-meta-tag\" \/>\n<meta property=\"article:published_time\" content=\"2014-08-14T04:00:00+00:00\" class=\"yoast-seo-meta-tag\" \/>\n<meta property=\"article:modified_time\" content=\"2019-05-20T17:23:48+00:00\" class=\"yoast-seo-meta-tag\" \/>\n<meta property=\"og:image\" content=\"https:\/\/explora.cl\/rmnorte\/wp-content\/uploads\/sites\/11\/2018\/06\/8a7eacb7a228abdc187ecece4128652b.jpg\" class=\"yoast-seo-meta-tag\" \/>\n\t<meta property=\"og:image:width\" content=\"800\" class=\"yoast-seo-meta-tag\" \/>\n\t<meta property=\"og:image:height\" content=\"494\" class=\"yoast-seo-meta-tag\" \/>\n\t<meta property=\"og:image:type\" content=\"image\/jpeg\" class=\"yoast-seo-meta-tag\" \/>\n<meta name=\"author\" content=\"webman\" class=\"yoast-seo-meta-tag\" \/>\n<meta name=\"twitter:card\" content=\"summary_large_image\" class=\"yoast-seo-meta-tag\" \/>\n<meta name=\"twitter:label1\" content=\"Escrito por\" class=\"yoast-seo-meta-tag\" \/>\n\t<meta name=\"twitter:data1\" content=\"webman\" class=\"yoast-seo-meta-tag\" \/>\n\t<meta name=\"twitter:label2\" content=\"Tiempo estimado de lectura\" class=\"yoast-seo-meta-tag\" \/>\n\t<meta name=\"twitter:data2\" content=\"2 minutos\" class=\"yoast-seo-meta-tag\" \/>\n<script type=\"application\/ld+json\" class=\"yoast-schema-graph\">{\"@context\":\"https:\/\/schema.org\",\"@graph\":[{\"@type\":\"Article\",\"@id\":\"https:\/\/explora.cl\/rmnorte\/talleres-para-docentes-dia-de-la-ciencia-en-mi-colegio-1\/#article\",\"isPartOf\":{\"@id\":\"https:\/\/explora.cl\/rmnorte\/talleres-para-docentes-dia-de-la-ciencia-en-mi-colegio-1\/\"},\"author\":{\"name\":\"webman\",\"@id\":\"https:\/\/explora.cl\/rmnorte\/#\/schema\/person\/cb8349c13ea2d324080adf8480d7ba5d\"},\"headline\":\"Talleres para docentes, D\u00eda de la Ciencia en mi Colegio\",\"datePublished\":\"2014-08-14T04:00:00+00:00\",\"dateModified\":\"2019-05-20T17:23:48+00:00\",\"mainEntityOfPage\":{\"@id\":\"https:\/\/explora.cl\/rmnorte\/talleres-para-docentes-dia-de-la-ciencia-en-mi-colegio-1\/\"},\"wordCount\":506,\"image\":{\"@id\":\"https:\/\/explora.cl\/rmnorte\/talleres-para-docentes-dia-de-la-ciencia-en-mi-colegio-1\/#primaryimage\"},\"thumbnailUrl\":\"https:\/\/explora.cl\/rmnorte\/wp-content\/uploads\/sites\/11\/2018\/06\/8a7eacb7a228abdc187ecece4128652b.jpg\",\"articleSection\":[\"Noticias\"],\"inLanguage\":\"es-CL\"},{\"@type\":\"WebPage\",\"@id\":\"https:\/\/explora.cl\/rmnorte\/talleres-para-docentes-dia-de-la-ciencia-en-mi-colegio-1\/\",\"url\":\"https:\/\/explora.cl\/rmnorte\/talleres-para-docentes-dia-de-la-ciencia-en-mi-colegio-1\/\",\"name\":\"Talleres para docentes, D\u00eda de la Ciencia en mi Colegio - RM Norte\",\"isPartOf\":{\"@id\":\"https:\/\/explora.cl\/rmnorte\/#website\"},\"primaryImageOfPage\":{\"@id\":\"https:\/\/explora.cl\/rmnorte\/talleres-para-docentes-dia-de-la-ciencia-en-mi-colegio-1\/#primaryimage\"},\"image\":{\"@id\":\"https:\/\/explora.cl\/rmnorte\/talleres-para-docentes-dia-de-la-ciencia-en-mi-colegio-1\/#primaryimage\"},\"thumbnailUrl\":\"https:\/\/explora.cl\/rmnorte\/wp-content\/uploads\/sites\/11\/2018\/06\/8a7eacb7a228abdc187ecece4128652b.jpg\",\"datePublished\":\"2014-08-14T04:00:00+00:00\",\"dateModified\":\"2019-05-20T17:23:48+00:00\",\"author\":{\"@id\":\"https:\/\/explora.cl\/rmnorte\/#\/schema\/person\/cb8349c13ea2d324080adf8480d7ba5d\"},\"breadcrumb\":{\"@id\":\"https:\/\/explora.cl\/rmnorte\/talleres-para-docentes-dia-de-la-ciencia-en-mi-colegio-1\/#breadcrumb\"},\"inLanguage\":\"es-CL\",\"potentialAction\":[{\"@type\":\"ReadAction\",\"target\":[\"https:\/\/explora.cl\/rmnorte\/talleres-para-docentes-dia-de-la-ciencia-en-mi-colegio-1\/\"]}]},{\"@type\":\"ImageObject\",\"inLanguage\":\"es-CL\",\"@id\":\"https:\/\/explora.cl\/rmnorte\/talleres-para-docentes-dia-de-la-ciencia-en-mi-colegio-1\/#primaryimage\",\"url\":\"https:\/\/explora.cl\/rmnorte\/wp-content\/uploads\/sites\/11\/2018\/06\/8a7eacb7a228abdc187ecece4128652b.jpg\",\"contentUrl\":\"https:\/\/explora.cl\/rmnorte\/wp-content\/uploads\/sites\/11\/2018\/06\/8a7eacb7a228abdc187ecece4128652b.jpg\",\"width\":800,\"height\":494},{\"@type\":\"BreadcrumbList\",\"@id\":\"https:\/\/explora.cl\/rmnorte\/talleres-para-docentes-dia-de-la-ciencia-en-mi-colegio-1\/#breadcrumb\",\"itemListElement\":[{\"@type\":\"ListItem\",\"position\":1,\"name\":\"Portada\",\"item\":\"https:\/\/explora.cl\/rmnorte\/\"},{\"@type\":\"ListItem\",\"position\":2,\"name\":\"Talleres para docentes, D\u00eda de la Ciencia en mi Colegio\"}]},{\"@type\":\"WebSite\",\"@id\":\"https:\/\/explora.cl\/rmnorte\/#website\",\"url\":\"https:\/\/explora.cl\/rmnorte\/\",\"name\":\"RM Norte\",\"description\":\"RM Norte explora.cl\",\"potentialAction\":[{\"@type\":\"SearchAction\",\"target\":{\"@type\":\"EntryPoint\",\"urlTemplate\":\"https:\/\/explora.cl\/rmnorte\/?s={search_term_string}\"},\"query-input\":{\"@type\":\"PropertyValueSpecification\",\"valueRequired\":true,\"valueName\":\"search_term_string\"}}],\"inLanguage\":\"es-CL\"},{\"@type\":\"Person\",\"@id\":\"https:\/\/explora.cl\/rmnorte\/#\/schema\/person\/cb8349c13ea2d324080adf8480d7ba5d\",\"name\":\"webman\",\"image\":{\"@type\":\"ImageObject\",\"inLanguage\":\"es-CL\",\"@id\":\"https:\/\/explora.cl\/rmnorte\/#\/schema\/person\/image\/\",\"url\":\"https:\/\/secure.gravatar.com\/avatar\/eeff3c82f2c02f7177d13663b7e6f890e9a6a0647ce9bb29cae02dcb094c7312?s=96&d=mm&r=g\",\"contentUrl\":\"https:\/\/secure.gravatar.com\/avatar\/eeff3c82f2c02f7177d13663b7e6f890e9a6a0647ce9bb29cae02dcb094c7312?s=96&d=mm&r=g\",\"caption\":\"webman\"},\"url\":\"https:\/\/explora.cl\/rmnorte\/author\/webman\/\"}]}<\/script>\n<!-- \/ Yoast SEO plugin. -->","yoast_head_json":{"title":"Talleres para docentes, D\u00eda de la Ciencia en mi Colegio - RM Norte","robots":{"index":"index","follow":"follow","max-snippet":"max-snippet:-1","max-image-preview":"max-image-preview:large","max-video-preview":"max-video-preview:-1"},"canonical":"https:\/\/explora.cl\/rmnorte\/talleres-para-docentes-dia-de-la-ciencia-en-mi-colegio-1\/","og_locale":"es_ES","og_type":"article","og_title":"Talleres para docentes, D\u00eda de la Ciencia en mi Colegio - RM Norte","og_description":"Ya est\u00e1 abierta la convocatoria a una serie de talleres orientados a docentes de las 17 comunicas con las que trabaja el Proyecto Explora RM Norte y que tienen como finalidad ser replicados durante el D\u00eda de la Ciencia en mi Colegio, actividad enmarcada en la Semana Nacional de la Ciencia y la Tecnolog\u00eda que [&hellip;]","og_url":"https:\/\/explora.cl\/rmnorte\/talleres-para-docentes-dia-de-la-ciencia-en-mi-colegio-1\/","og_site_name":"RM Norte","article_published_time":"2014-08-14T04:00:00+00:00","article_modified_time":"2019-05-20T17:23:48+00:00","og_image":[{"width":800,"height":494,"url":"https:\/\/explora.cl\/rmnorte\/wp-content\/uploads\/sites\/11\/2018\/06\/8a7eacb7a228abdc187ecece4128652b.jpg","type":"image\/jpeg"}],"author":"webman","twitter_card":"summary_large_image","twitter_misc":{"Escrito por":"webman","Tiempo estimado de lectura":"2 minutos"},"schema":{"@context":"https:\/\/schema.org","@graph":[{"@type":"Article","@id":"https:\/\/explora.cl\/rmnorte\/talleres-para-docentes-dia-de-la-ciencia-en-mi-colegio-1\/#article","isPartOf":{"@id":"https:\/\/explora.cl\/rmnorte\/talleres-para-docentes-dia-de-la-ciencia-en-mi-colegio-1\/"},"author":{"name":"webman","@id":"https:\/\/explora.cl\/rmnorte\/#\/schema\/person\/cb8349c13ea2d324080adf8480d7ba5d"},"headline":"Talleres para docentes, D\u00eda de la Ciencia en mi Colegio","datePublished":"2014-08-14T04:00:00+00:00","dateModified":"2019-05-20T17:23:48+00:00","mainEntityOfPage":{"@id":"https:\/\/explora.cl\/rmnorte\/talleres-para-docentes-dia-de-la-ciencia-en-mi-colegio-1\/"},"wordCount":506,"image":{"@id":"https:\/\/explora.cl\/rmnorte\/talleres-para-docentes-dia-de-la-ciencia-en-mi-colegio-1\/#primaryimage"},"thumbnailUrl":"https:\/\/explora.cl\/rmnorte\/wp-content\/uploads\/sites\/11\/2018\/06\/8a7eacb7a228abdc187ecece4128652b.jpg","articleSection":["Noticias"],"inLanguage":"es-CL"},{"@type":"WebPage","@id":"https:\/\/explora.cl\/rmnorte\/talleres-para-docentes-dia-de-la-ciencia-en-mi-colegio-1\/","url":"https:\/\/explora.cl\/rmnorte\/talleres-para-docentes-dia-de-la-ciencia-en-mi-colegio-1\/","name":"Talleres para docentes, D\u00eda de la Ciencia en mi Colegio - RM Norte","isPartOf":{"@id":"https:\/\/explora.cl\/rmnorte\/#website"},"primaryImageOfPage":{"@id":"https:\/\/explora.cl\/rmnorte\/talleres-para-docentes-dia-de-la-ciencia-en-mi-colegio-1\/#primaryimage"},"image":{"@id":"https:\/\/explora.cl\/rmnorte\/talleres-para-docentes-dia-de-la-ciencia-en-mi-colegio-1\/#primaryimage"},"thumbnailUrl":"https:\/\/explora.cl\/rmnorte\/wp-content\/uploads\/sites\/11\/2018\/06\/8a7eacb7a228abdc187ecece4128652b.jpg","datePublished":"2014-08-14T04:00:00+00:00","dateModified":"2019-05-20T17:23:48+00:00","author":{"@id":"https:\/\/explora.cl\/rmnorte\/#\/schema\/person\/cb8349c13ea2d324080adf8480d7ba5d"},"breadcrumb":{"@id":"https:\/\/explora.cl\/rmnorte\/talleres-para-docentes-dia-de-la-ciencia-en-mi-colegio-1\/#breadcrumb"},"inLanguage":"es-CL","potentialAction":[{"@type":"ReadAction","target":["https:\/\/explora.cl\/rmnorte\/talleres-para-docentes-dia-de-la-ciencia-en-mi-colegio-1\/"]}]},{"@type":"ImageObject","inLanguage":"es-CL","@id":"https:\/\/explora.cl\/rmnorte\/talleres-para-docentes-dia-de-la-ciencia-en-mi-colegio-1\/#primaryimage","url":"https:\/\/explora.cl\/rmnorte\/wp-content\/uploads\/sites\/11\/2018\/06\/8a7eacb7a228abdc187ecece4128652b.jpg","contentUrl":"https:\/\/explora.cl\/rmnorte\/wp-content\/uploads\/sites\/11\/2018\/06\/8a7eacb7a228abdc187ecece4128652b.jpg","width":800,"height":494},{"@type":"BreadcrumbList","@id":"https:\/\/explora.cl\/rmnorte\/talleres-para-docentes-dia-de-la-ciencia-en-mi-colegio-1\/#breadcrumb","itemListElement":[{"@type":"ListItem","position":1,"name":"Portada","item":"https:\/\/explora.cl\/rmnorte\/"},{"@type":"ListItem","position":2,"name":"Talleres para docentes, D\u00eda de la Ciencia en mi Colegio"}]},{"@type":"WebSite","@id":"https:\/\/explora.cl\/rmnorte\/#website","url":"https:\/\/explora.cl\/rmnorte\/","name":"RM Norte","description":"RM Norte explora.cl","potentialAction":[{"@type":"SearchAction","target":{"@type":"EntryPoint","urlTemplate":"https:\/\/explora.cl\/rmnorte\/?s={search_term_string}"},"query-input":{"@type":"PropertyValueSpecification","valueRequired":true,"valueName":"search_term_string"}}],"inLanguage":"es-CL"},{"@type":"Person","@id":"https:\/\/explora.cl\/rmnorte\/#\/schema\/person\/cb8349c13ea2d324080adf8480d7ba5d","name":"webman","image":{"@type":"ImageObject","inLanguage":"es-CL","@id":"https:\/\/explora.cl\/rmnorte\/#\/schema\/person\/image\/","url":"https:\/\/secure.gravatar.com\/avatar\/eeff3c82f2c02f7177d13663b7e6f890e9a6a0647ce9bb29cae02dcb094c7312?s=96&d=mm&r=g","contentUrl":"https:\/\/secure.gravatar.com\/avatar\/eeff3c82f2c02f7177d13663b7e6f890e9a6a0647ce9bb29cae02dcb094c7312?s=96&d=mm&r=g","caption":"webman"},"url":"https:\/\/explora.cl\/rmnorte\/author\/webman\/"}]}},"_links":{"self":[{"href":"https:\/\/explora.cl\/rmnorte\/wp-json\/wp\/v2\/posts\/32017","targetHints":{"allow":["GET"]}}],"collection":[{"href":"https:\/\/explora.cl\/rmnorte\/wp-json\/wp\/v2\/posts"}],"about":[{"href":"https:\/\/explora.cl\/rmnorte\/wp-json\/wp\/v2\/types\/post"}],"author":[{"embeddable":true,"href":"https:\/\/explora.cl\/rmnorte\/wp-json\/wp\/v2\/users\/2"}],"replies":[{"embeddable":true,"href":"https:\/\/explora.cl\/rmnorte\/wp-json\/wp\/v2\/comments?post=32017"}],"version-history":[{"count":1,"href":"https:\/\/explora.cl\/rmnorte\/wp-json\/wp\/v2\/posts\/32017\/revisions"}],"predecessor-version":[{"id":38591,"href":"https:\/\/explora.cl\/rmnorte\/wp-json\/wp\/v2\/posts\/32017\/revisions\/38591"}],"wp:featuredmedia":[{"embeddable":true,"href":"https:\/\/explora.cl\/rmnorte\/wp-json\/wp\/v2\/media\/33803"}],"wp:attachment":[{"href":"https:\/\/explora.cl\/rmnorte\/wp-json\/wp\/v2\/media?parent=32017"}],"wp:term":[{"taxonomy":"category","embeddable":true,"href":"https:\/\/explora.cl\/rmnorte\/wp-json\/wp\/v2\/categories?post=32017"},{"taxonomy":"post_tag","embeddable":true,"href":"https:\/\/explora.cl\/rmnorte\/wp-json\/wp\/v2\/tags?post=32017"}],"curies":[{"name":"wp","href":"https:\/\/api.w.org\/{rel}","templated":true}]}}