{"id":32015,"date":"2014-08-14T00:00:00","date_gmt":"2014-08-14T04:00:00","guid":{"rendered":"https:\/\/explora.cl\/rmnorte\/blog\/2014\/08\/14\/talleres-para-docentes-dia-de-la-ciencia-en-mi-colegio\/"},"modified":"2019-05-20T17:23:49","modified_gmt":"2019-05-20T17:23:49","slug":"talleres-para-docentes-dia-de-la-ciencia-en-mi-colegio","status":"publish","type":"post","link":"https:\/\/explora.cl\/rmnorte\/talleres-para-docentes-dia-de-la-ciencia-en-mi-colegio\/","title":{"rendered":"Talleres destinados a docentes para el D\u00eda de la Ciencia en Mi Colegio"},"content":{"rendered":"<p><img fetchpriority=\"high\" decoding=\"async\" class=\" size-full wp-image-4609\" src=\"http:\/\/ec2-34-218-253-251.us-west-2.compute.amazonaws.com\/wp-content\/uploads\/2014\/08\/7557b15d39f0f4403460174b3a48b1fe.jpg\" alt=\"\" width=\"814\" height=\"814\" \/><\/p>\n<p style=\"text-align: justify\">Durante la Semana Nacional de la Ciencia y la Tecnolog\u00eda (6 al 12 de octubre), como ya es tradici\u00f3n se celebrar\u00e1 el D\u00eda de la Ciencia en Mi Colegio, actividad donde docentes y estudiantes tienen la oportunidad de salir de la rutina y organizar diferentes actividades que promuevan la valoraci\u00f3n de la ciencia y la tecnolog\u00eda en sus establecimientos.<\/p>\n<p style=\"text-align: justify\">Para apoyar en esta tarea a los docentes de las 17 comunas con las que trabaja el Proyecto Explora RM Norte, se han preparado una serie de talleres orientados a ser replicados durante el D\u00eda de la Ciencia en Mi Colegio.<\/p>\n<p style=\"text-align: justify\">Las actividades, que se desarrollar\u00e1n en media jornada (ma\u00f1ana o tarde), est\u00e1n dirigidas a profesores y profesoras de nivel pre-escolar, b\u00e1sico o medio, que tendr\u00e1n la oportunidad de compartir entretenidos talleres con profesionales especialistas en distintas \u00e1reas. Adem\u00e1s, los participantes recibir\u00e1n un kit b\u00e1sico con los materiales utilizados, todos de bajo costo, con el prop\u00f3sito de servir como muestra para la adaptaci\u00f3n a cada uno de los establecimientos.<\/p>\n<p style=\"text-align: justify\">Los talleres tienen un cupo m\u00e1ximo de 30 participantes y se realizar\u00e1n en las dependencias de la sede Santiago de la Universidad Arturo Prat, ubicada en San Pablo 1796 (Metro Santa Ana). <strong><span style=\"text-decoration: underline;color: #ff6600\"><a href=\"https:\/\/docs.google.com\/forms\/d\/11PEM7M1VDXcr_gEy-ocU93VwOoq6obKxJNvwfcEYt8M\/viewform\"><span style=\"color: #ff6600;text-decoration: underline\">Inscr\u00edbete aqu\u00ed<\/span><\/a><\/span><\/strong><a href=\"\" target=\"_blank\" rel=\"noopener noreferrer\">.<\/a><\/p>\n<p style=\"text-align: justify\">\u00a0<\/p>\n<p><img decoding=\"async\" src=\"images\/IMAGENES-RM-NORTE\/Talleres%20-%20Da%20de%20la%20Ciencia%20en%20Mi%20Colegio%205.png\" border=\"0\" width=\"900\" height=\"546\" style=\"margin-left: auto;margin-right: auto\" \/><\/p>\n<p>\u00a0<\/p>\n<p><strong>Nombre del taller<\/strong>: Formulaci\u00f3n de un gel con extractos vegetales.<\/p>\n<p><strong>Relator\/a<\/strong>: Claudio Mart\u00ednez, Qu\u00edmico Farmac\u00e9utico de la Universidad Arturo Prat.<\/p>\n<p><strong>Fecha<\/strong>: martes 2 de septiembre de 2014.<\/p>\n<p><strong>Horario<\/strong>: 14:00-17:30 horas.<\/p>\n<p><strong>P\u00fablico Objetivo<\/strong>: docentes de ense\u00f1anza media.<\/p>\n<p><strong>Descripci\u00f3n<\/strong>: taller te\u00f3rico pr\u00e1ctico cuyo objetivo es producir un gel de uso t\u00f3pico, en base a extractos vegetales de plantas medicinales.<\/p>\n<p>\u00a0<\/p>\n<p><strong>Nombre del taller<\/strong><span>: Astronom\u00eda exploratoria.<\/span><\/p>\n<p><strong>Relator\/a<\/strong>: Juan Seguel, Astr\u00f3nomo, Instituto Milenio de Astrof\u00edsica MAS.<\/p>\n<p><strong>Fecha<\/strong>: martes 2 de septiembre de 2014.<\/p>\n<p><strong>Horario<\/strong>: 09:30-13:00 horas.<\/p>\n<p><strong>P\u00fablico Objetivo<\/strong>: educadoras de p\u00e1rvulos y docentes de Ense\u00f1anza B\u00e1sica.<\/p>\n<p><strong>Descripci\u00f3n<\/strong>: taller te\u00f3rico-pr\u00e1ctico que abordar\u00e1 tem\u00e1ticas como la contaminaci\u00f3n lum\u00ednica, la espectroscop\u00eda, la Luna, el Sol y las estrellas.<\/p>\n<p>\u00a0<\/p>\n<p><strong>Nombre del taller<\/strong>: Responsabilidad ambiental \u00bfPodemos hacer algo?<\/p>\n<p><strong>Relator\/a<\/strong>: Ver\u00f3nica Mor\u00e1n, Periodista y Educadora Ambiental. Explora RM Norte.<\/p>\n<p><strong>Fecha<\/strong>: mi\u00e9rcoles 3 de septiembre de 2014.<\/p>\n<p><strong>Horario<\/strong>: 09:30-13:00 horas.<\/p>\n<p><strong>P\u00fablico Objetivo<\/strong>: docentes de ense\u00f1anza b\u00e1sica (2do Ciclo)<\/p>\n<p><strong>Descripci\u00f3n<\/strong>: taller<br \/>\nte\u00f3rico pr\u00e1ctico cuyo objetivo es dimensionar y reflexionar sobre el impacto del ser humano en su entorno, a trav\u00e9s de juegos y actividades did\u00e1cticas.<\/p>\n<p>\u00a0<\/p>\n<p><strong>Nombre del taller<\/strong>: Relaci\u00f3n Sol Tierra Luna.<\/p>\n<p><strong>Relator\/a<\/strong>: Jos\u00e9 Gallardo, Astr\u00f3nomo y Juan Oyarz\u00fan, Mag\u00edster en Did\u00e1ctica de las Ciencias y Profesor de F\u00edsica. Miembros de Cienciacci\u00f3n.<\/p>\n<p><strong>Fecha<\/strong>: jueves 4 de septiembre de 2014.<\/p>\n<p><strong>Horario<\/strong>: 14:00-17:30 horas.<\/p>\n<p><strong>P\u00fablico Objetivo<\/strong>: docentes de ense\u00f1anza b\u00e1sica.<\/p>\n<p><strong>Descripci\u00f3n<\/strong>: taller te\u00f3rico pr\u00e1ctico dirigido a conocer las fases de la luna y las estaciones del a\u00f1o por medio de la realizaci\u00f3n de actividades did\u00e1cticas.<\/p>\n<p>\u00a0<\/p>\n<p><strong>Nombre del taller<\/strong>: \u00bfPor qu\u00e9 investigar?<\/p>\n<p><strong>Relator\/a<\/strong>: Yessica Castillo, Mag\u00edster en Sociolog\u00eda.<\/p>\n<p><strong>Fecha<\/strong>: mi\u00e9rcoles 10 de septiembre de 2014.<\/p>\n<p><strong>Horario<\/strong>: 09:30-13:00 horas.<\/p>\n<p><strong>P\u00fablico Objetivo<\/strong>: docentes de ense\u00f1anza media.<\/p>\n<p><strong>Descripci\u00f3n<\/strong>: taller te\u00f3rico pr\u00e1ctico sobre los aspectos metodol\u00f3gicos que en una investigaci\u00f3n en Ciencias Sociales permiten motivar y potenciar habilidades y competencias en los estudiantes.<\/p>\n<p>\u00a0<\/p>\n<p><strong>Nombre del taller<\/strong>: Mis primeros pasos en Hidropon\u00eda<\/p>\n<p><strong>Relator\/a<\/strong>: Roc\u00edo Mu\u00f1oz, Ingeniero Agr\u00edcola. Proyecto Explora RM Norte.<\/p>\n<p><strong>Fecha<\/strong>: mi\u00e9rcoles 24 de septiembre de 2014.<\/p>\n<p><strong>Horario<\/strong>: 09:30-13:00 horas.<\/p>\n<p><strong>P\u00fablico Objetivo<\/strong>: educadoras de p\u00e1rvulos y profesores de ense\u00f1anza b\u00e1sica (1er Ciclo)<\/p>\n<p><strong>Descripci\u00f3n<\/strong>: taller te\u00f3rico pr\u00e1ctico cuyo objetivo es promover actividades de jardiner\u00eda y autogeneraci\u00f3n de cultivos caseros con el uso de materiales reciclables.<\/p>\n<p>\u00a0<\/p>\n<p><strong>Nombre del taller<\/strong>: Dise\u00f1o de un diario: \u00bfUn problema de optimizaci\u00f3n?<\/p>\n<p><strong>Relator\/a<\/strong>: Jos\u00e9 Cifuentes, Asesor Educativo Comunidad InGenio.<\/p>\n<p><strong>Fecha<\/strong>: mi\u00e9rcoles 1 de octubre de 2014.<\/p>\n<p><strong>Horario<\/strong>: 09:30-13:00 horas.<\/p>\n<p><strong>P\u00fablico Objetivo<\/strong>: docentes de matem\u00e1tica de Ense\u00f1anza Media, extensivo a docentes de f\u00edsica interesados en metodolog\u00eda y modelos matem\u00e1ticos..<\/p>\n<p><strong>Descripci\u00f3n<\/strong>:taller que desde un problema matem\u00e1tico concreto abordar\u00e1 la modelaci\u00f3n matem\u00e1tica a trav\u00e9s de la indagaci\u00f3n, formulaci\u00f3n matem\u00e1tica y extensi\u00f3n computacional.<\/p>\n<p>\u00a0<\/p>\n<p>\u00a0<\/p>\n<p>\u00a0<\/p>\n","protected":false},"excerpt":{"rendered":"<p>Durante la Semana Nacional de la Ciencia y la Tecnolog\u00eda (6 al 12 de octubre), como ya es tradici\u00f3n se celebrar\u00e1 el D\u00eda de la Ciencia en Mi Colegio, actividad donde docentes y estudiantes tienen la oportunidad de salir de la rutina y organizar diferentes actividades que promuevan la valoraci\u00f3n de la ciencia y la [&hellip;]<\/p>\n","protected":false},"author":2,"featured_media":33802,"comment_status":"closed","ping_status":"open","sticky":false,"template":"","format":"standard","meta":{"_acf_changed":false,"_exactmetrics_skip_tracking":false,"_exactmetrics_sitenote_active":false,"_exactmetrics_sitenote_note":"","_exactmetrics_sitenote_category":0,"footnotes":"","_links_to":"","_links_to_target":""},"categories":[4],"tags":[],"class_list":["post-32015","post","type-post","status-publish","format-standard","has-post-thumbnail","hentry","category-noticias"],"acf":[],"yoast_head":"<!-- This site is optimized with the Yoast SEO plugin v26.9 - https:\/\/yoast.com\/product\/yoast-seo-wordpress\/ -->\n<title>Talleres destinados a docentes para el D\u00eda de la Ciencia en Mi Colegio - RM Norte<\/title>\n<meta name=\"robots\" content=\"index, follow, max-snippet:-1, max-image-preview:large, max-video-preview:-1\" \/>\n<link rel=\"canonical\" href=\"https:\/\/explora.cl\/rmnorte\/talleres-para-docentes-dia-de-la-ciencia-en-mi-colegio\/\" class=\"yoast-seo-meta-tag\" \/>\n<meta property=\"og:locale\" content=\"es_ES\" class=\"yoast-seo-meta-tag\" \/>\n<meta property=\"og:type\" content=\"article\" class=\"yoast-seo-meta-tag\" \/>\n<meta property=\"og:title\" content=\"Talleres destinados a docentes para el D\u00eda de la Ciencia en Mi Colegio - RM Norte\" class=\"yoast-seo-meta-tag\" \/>\n<meta property=\"og:description\" content=\"Durante la Semana Nacional de la Ciencia y la Tecnolog\u00eda (6 al 12 de octubre), como ya es tradici\u00f3n se celebrar\u00e1 el D\u00eda de la Ciencia en Mi Colegio, actividad donde docentes y estudiantes tienen la oportunidad de salir de la rutina y organizar diferentes actividades que promuevan la valoraci\u00f3n de la ciencia y la [&hellip;]\" class=\"yoast-seo-meta-tag\" \/>\n<meta property=\"og:url\" content=\"https:\/\/explora.cl\/rmnorte\/talleres-para-docentes-dia-de-la-ciencia-en-mi-colegio\/\" class=\"yoast-seo-meta-tag\" \/>\n<meta property=\"og:site_name\" content=\"RM Norte\" class=\"yoast-seo-meta-tag\" \/>\n<meta property=\"article:published_time\" content=\"2014-08-14T04:00:00+00:00\" class=\"yoast-seo-meta-tag\" \/>\n<meta property=\"article:modified_time\" content=\"2019-05-20T17:23:49+00:00\" class=\"yoast-seo-meta-tag\" \/>\n<meta property=\"og:image\" content=\"https:\/\/explora.cl\/rmnorte\/wp-content\/uploads\/sites\/11\/2018\/06\/7557b15d39f0f4403460174b3a48b1fe.jpg\" class=\"yoast-seo-meta-tag\" \/>\n\t<meta property=\"og:image:width\" content=\"814\" class=\"yoast-seo-meta-tag\" \/>\n\t<meta property=\"og:image:height\" content=\"814\" class=\"yoast-seo-meta-tag\" \/>\n\t<meta property=\"og:image:type\" content=\"image\/jpeg\" class=\"yoast-seo-meta-tag\" \/>\n<meta name=\"author\" content=\"webman\" class=\"yoast-seo-meta-tag\" \/>\n<meta name=\"twitter:card\" content=\"summary_large_image\" class=\"yoast-seo-meta-tag\" \/>\n<meta name=\"twitter:label1\" content=\"Escrito por\" class=\"yoast-seo-meta-tag\" \/>\n\t<meta name=\"twitter:data1\" content=\"webman\" class=\"yoast-seo-meta-tag\" \/>\n\t<meta name=\"twitter:label2\" content=\"Tiempo estimado de lectura\" class=\"yoast-seo-meta-tag\" \/>\n\t<meta name=\"twitter:data2\" content=\"4 minutos\" class=\"yoast-seo-meta-tag\" \/>\n<script type=\"application\/ld+json\" class=\"yoast-schema-graph\">{\"@context\":\"https:\/\/schema.org\",\"@graph\":[{\"@type\":\"Article\",\"@id\":\"https:\/\/explora.cl\/rmnorte\/talleres-para-docentes-dia-de-la-ciencia-en-mi-colegio\/#article\",\"isPartOf\":{\"@id\":\"https:\/\/explora.cl\/rmnorte\/talleres-para-docentes-dia-de-la-ciencia-en-mi-colegio\/\"},\"author\":{\"name\":\"webman\",\"@id\":\"https:\/\/explora.cl\/rmnorte\/#\/schema\/person\/cb8349c13ea2d324080adf8480d7ba5d\"},\"headline\":\"Talleres destinados a docentes para el D\u00eda de la Ciencia en Mi Colegio\",\"datePublished\":\"2014-08-14T04:00:00+00:00\",\"dateModified\":\"2019-05-20T17:23:49+00:00\",\"mainEntityOfPage\":{\"@id\":\"https:\/\/explora.cl\/rmnorte\/talleres-para-docentes-dia-de-la-ciencia-en-mi-colegio\/\"},\"wordCount\":739,\"image\":{\"@id\":\"https:\/\/explora.cl\/rmnorte\/talleres-para-docentes-dia-de-la-ciencia-en-mi-colegio\/#primaryimage\"},\"thumbnailUrl\":\"https:\/\/explora.cl\/rmnorte\/wp-content\/uploads\/sites\/11\/2018\/06\/7557b15d39f0f4403460174b3a48b1fe.jpg\",\"articleSection\":[\"Noticias\"],\"inLanguage\":\"es-CL\"},{\"@type\":\"WebPage\",\"@id\":\"https:\/\/explora.cl\/rmnorte\/talleres-para-docentes-dia-de-la-ciencia-en-mi-colegio\/\",\"url\":\"https:\/\/explora.cl\/rmnorte\/talleres-para-docentes-dia-de-la-ciencia-en-mi-colegio\/\",\"name\":\"Talleres destinados a docentes para el D\u00eda de la Ciencia en Mi Colegio - RM Norte\",\"isPartOf\":{\"@id\":\"https:\/\/explora.cl\/rmnorte\/#website\"},\"primaryImageOfPage\":{\"@id\":\"https:\/\/explora.cl\/rmnorte\/talleres-para-docentes-dia-de-la-ciencia-en-mi-colegio\/#primaryimage\"},\"image\":{\"@id\":\"https:\/\/explora.cl\/rmnorte\/talleres-para-docentes-dia-de-la-ciencia-en-mi-colegio\/#primaryimage\"},\"thumbnailUrl\":\"https:\/\/explora.cl\/rmnorte\/wp-content\/uploads\/sites\/11\/2018\/06\/7557b15d39f0f4403460174b3a48b1fe.jpg\",\"datePublished\":\"2014-08-14T04:00:00+00:00\",\"dateModified\":\"2019-05-20T17:23:49+00:00\",\"author\":{\"@id\":\"https:\/\/explora.cl\/rmnorte\/#\/schema\/person\/cb8349c13ea2d324080adf8480d7ba5d\"},\"breadcrumb\":{\"@id\":\"https:\/\/explora.cl\/rmnorte\/talleres-para-docentes-dia-de-la-ciencia-en-mi-colegio\/#breadcrumb\"},\"inLanguage\":\"es-CL\",\"potentialAction\":[{\"@type\":\"ReadAction\",\"target\":[\"https:\/\/explora.cl\/rmnorte\/talleres-para-docentes-dia-de-la-ciencia-en-mi-colegio\/\"]}]},{\"@type\":\"ImageObject\",\"inLanguage\":\"es-CL\",\"@id\":\"https:\/\/explora.cl\/rmnorte\/talleres-para-docentes-dia-de-la-ciencia-en-mi-colegio\/#primaryimage\",\"url\":\"https:\/\/explora.cl\/rmnorte\/wp-content\/uploads\/sites\/11\/2018\/06\/7557b15d39f0f4403460174b3a48b1fe.jpg\",\"contentUrl\":\"https:\/\/explora.cl\/rmnorte\/wp-content\/uploads\/sites\/11\/2018\/06\/7557b15d39f0f4403460174b3a48b1fe.jpg\",\"width\":814,\"height\":814},{\"@type\":\"BreadcrumbList\",\"@id\":\"https:\/\/explora.cl\/rmnorte\/talleres-para-docentes-dia-de-la-ciencia-en-mi-colegio\/#breadcrumb\",\"itemListElement\":[{\"@type\":\"ListItem\",\"position\":1,\"name\":\"Portada\",\"item\":\"https:\/\/explora.cl\/rmnorte\/\"},{\"@type\":\"ListItem\",\"position\":2,\"name\":\"Talleres destinados a docentes para el D\u00eda de la Ciencia en Mi Colegio\"}]},{\"@type\":\"WebSite\",\"@id\":\"https:\/\/explora.cl\/rmnorte\/#website\",\"url\":\"https:\/\/explora.cl\/rmnorte\/\",\"name\":\"RM Norte\",\"description\":\"RM Norte explora.cl\",\"potentialAction\":[{\"@type\":\"SearchAction\",\"target\":{\"@type\":\"EntryPoint\",\"urlTemplate\":\"https:\/\/explora.cl\/rmnorte\/?s={search_term_string}\"},\"query-input\":{\"@type\":\"PropertyValueSpecification\",\"valueRequired\":true,\"valueName\":\"search_term_string\"}}],\"inLanguage\":\"es-CL\"},{\"@type\":\"Person\",\"@id\":\"https:\/\/explora.cl\/rmnorte\/#\/schema\/person\/cb8349c13ea2d324080adf8480d7ba5d\",\"name\":\"webman\",\"image\":{\"@type\":\"ImageObject\",\"inLanguage\":\"es-CL\",\"@id\":\"https:\/\/explora.cl\/rmnorte\/#\/schema\/person\/image\/\",\"url\":\"https:\/\/secure.gravatar.com\/avatar\/eeff3c82f2c02f7177d13663b7e6f890e9a6a0647ce9bb29cae02dcb094c7312?s=96&d=mm&r=g\",\"contentUrl\":\"https:\/\/secure.gravatar.com\/avatar\/eeff3c82f2c02f7177d13663b7e6f890e9a6a0647ce9bb29cae02dcb094c7312?s=96&d=mm&r=g\",\"caption\":\"webman\"},\"url\":\"https:\/\/explora.cl\/rmnorte\/author\/webman\/\"}]}<\/script>\n<!-- \/ Yoast SEO plugin. -->","yoast_head_json":{"title":"Talleres destinados a docentes para el D\u00eda de la Ciencia en Mi Colegio - RM Norte","robots":{"index":"index","follow":"follow","max-snippet":"max-snippet:-1","max-image-preview":"max-image-preview:large","max-video-preview":"max-video-preview:-1"},"canonical":"https:\/\/explora.cl\/rmnorte\/talleres-para-docentes-dia-de-la-ciencia-en-mi-colegio\/","og_locale":"es_ES","og_type":"article","og_title":"Talleres destinados a docentes para el D\u00eda de la Ciencia en Mi Colegio - RM Norte","og_description":"Durante la Semana Nacional de la Ciencia y la Tecnolog\u00eda (6 al 12 de octubre), como ya es tradici\u00f3n se celebrar\u00e1 el D\u00eda de la Ciencia en Mi Colegio, actividad donde docentes y estudiantes tienen la oportunidad de salir de la rutina y organizar diferentes actividades que promuevan la valoraci\u00f3n de la ciencia y la [&hellip;]","og_url":"https:\/\/explora.cl\/rmnorte\/talleres-para-docentes-dia-de-la-ciencia-en-mi-colegio\/","og_site_name":"RM Norte","article_published_time":"2014-08-14T04:00:00+00:00","article_modified_time":"2019-05-20T17:23:49+00:00","og_image":[{"width":814,"height":814,"url":"https:\/\/explora.cl\/rmnorte\/wp-content\/uploads\/sites\/11\/2018\/06\/7557b15d39f0f4403460174b3a48b1fe.jpg","type":"image\/jpeg"}],"author":"webman","twitter_card":"summary_large_image","twitter_misc":{"Escrito por":"webman","Tiempo estimado de lectura":"4 minutos"},"schema":{"@context":"https:\/\/schema.org","@graph":[{"@type":"Article","@id":"https:\/\/explora.cl\/rmnorte\/talleres-para-docentes-dia-de-la-ciencia-en-mi-colegio\/#article","isPartOf":{"@id":"https:\/\/explora.cl\/rmnorte\/talleres-para-docentes-dia-de-la-ciencia-en-mi-colegio\/"},"author":{"name":"webman","@id":"https:\/\/explora.cl\/rmnorte\/#\/schema\/person\/cb8349c13ea2d324080adf8480d7ba5d"},"headline":"Talleres destinados a docentes para el D\u00eda de la Ciencia en Mi Colegio","datePublished":"2014-08-14T04:00:00+00:00","dateModified":"2019-05-20T17:23:49+00:00","mainEntityOfPage":{"@id":"https:\/\/explora.cl\/rmnorte\/talleres-para-docentes-dia-de-la-ciencia-en-mi-colegio\/"},"wordCount":739,"image":{"@id":"https:\/\/explora.cl\/rmnorte\/talleres-para-docentes-dia-de-la-ciencia-en-mi-colegio\/#primaryimage"},"thumbnailUrl":"https:\/\/explora.cl\/rmnorte\/wp-content\/uploads\/sites\/11\/2018\/06\/7557b15d39f0f4403460174b3a48b1fe.jpg","articleSection":["Noticias"],"inLanguage":"es-CL"},{"@type":"WebPage","@id":"https:\/\/explora.cl\/rmnorte\/talleres-para-docentes-dia-de-la-ciencia-en-mi-colegio\/","url":"https:\/\/explora.cl\/rmnorte\/talleres-para-docentes-dia-de-la-ciencia-en-mi-colegio\/","name":"Talleres destinados a docentes para el D\u00eda de la Ciencia en Mi Colegio - RM Norte","isPartOf":{"@id":"https:\/\/explora.cl\/rmnorte\/#website"},"primaryImageOfPage":{"@id":"https:\/\/explora.cl\/rmnorte\/talleres-para-docentes-dia-de-la-ciencia-en-mi-colegio\/#primaryimage"},"image":{"@id":"https:\/\/explora.cl\/rmnorte\/talleres-para-docentes-dia-de-la-ciencia-en-mi-colegio\/#primaryimage"},"thumbnailUrl":"https:\/\/explora.cl\/rmnorte\/wp-content\/uploads\/sites\/11\/2018\/06\/7557b15d39f0f4403460174b3a48b1fe.jpg","datePublished":"2014-08-14T04:00:00+00:00","dateModified":"2019-05-20T17:23:49+00:00","author":{"@id":"https:\/\/explora.cl\/rmnorte\/#\/schema\/person\/cb8349c13ea2d324080adf8480d7ba5d"},"breadcrumb":{"@id":"https:\/\/explora.cl\/rmnorte\/talleres-para-docentes-dia-de-la-ciencia-en-mi-colegio\/#breadcrumb"},"inLanguage":"es-CL","potentialAction":[{"@type":"ReadAction","target":["https:\/\/explora.cl\/rmnorte\/talleres-para-docentes-dia-de-la-ciencia-en-mi-colegio\/"]}]},{"@type":"ImageObject","inLanguage":"es-CL","@id":"https:\/\/explora.cl\/rmnorte\/talleres-para-docentes-dia-de-la-ciencia-en-mi-colegio\/#primaryimage","url":"https:\/\/explora.cl\/rmnorte\/wp-content\/uploads\/sites\/11\/2018\/06\/7557b15d39f0f4403460174b3a48b1fe.jpg","contentUrl":"https:\/\/explora.cl\/rmnorte\/wp-content\/uploads\/sites\/11\/2018\/06\/7557b15d39f0f4403460174b3a48b1fe.jpg","width":814,"height":814},{"@type":"BreadcrumbList","@id":"https:\/\/explora.cl\/rmnorte\/talleres-para-docentes-dia-de-la-ciencia-en-mi-colegio\/#breadcrumb","itemListElement":[{"@type":"ListItem","position":1,"name":"Portada","item":"https:\/\/explora.cl\/rmnorte\/"},{"@type":"ListItem","position":2,"name":"Talleres destinados a docentes para el D\u00eda de la Ciencia en Mi Colegio"}]},{"@type":"WebSite","@id":"https:\/\/explora.cl\/rmnorte\/#website","url":"https:\/\/explora.cl\/rmnorte\/","name":"RM Norte","description":"RM Norte explora.cl","potentialAction":[{"@type":"SearchAction","target":{"@type":"EntryPoint","urlTemplate":"https:\/\/explora.cl\/rmnorte\/?s={search_term_string}"},"query-input":{"@type":"PropertyValueSpecification","valueRequired":true,"valueName":"search_term_string"}}],"inLanguage":"es-CL"},{"@type":"Person","@id":"https:\/\/explora.cl\/rmnorte\/#\/schema\/person\/cb8349c13ea2d324080adf8480d7ba5d","name":"webman","image":{"@type":"ImageObject","inLanguage":"es-CL","@id":"https:\/\/explora.cl\/rmnorte\/#\/schema\/person\/image\/","url":"https:\/\/secure.gravatar.com\/avatar\/eeff3c82f2c02f7177d13663b7e6f890e9a6a0647ce9bb29cae02dcb094c7312?s=96&d=mm&r=g","contentUrl":"https:\/\/secure.gravatar.com\/avatar\/eeff3c82f2c02f7177d13663b7e6f890e9a6a0647ce9bb29cae02dcb094c7312?s=96&d=mm&r=g","caption":"webman"},"url":"https:\/\/explora.cl\/rmnorte\/author\/webman\/"}]}},"_links":{"self":[{"href":"https:\/\/explora.cl\/rmnorte\/wp-json\/wp\/v2\/posts\/32015","targetHints":{"allow":["GET"]}}],"collection":[{"href":"https:\/\/explora.cl\/rmnorte\/wp-json\/wp\/v2\/posts"}],"about":[{"href":"https:\/\/explora.cl\/rmnorte\/wp-json\/wp\/v2\/types\/post"}],"author":[{"embeddable":true,"href":"https:\/\/explora.cl\/rmnorte\/wp-json\/wp\/v2\/users\/2"}],"replies":[{"embeddable":true,"href":"https:\/\/explora.cl\/rmnorte\/wp-json\/wp\/v2\/comments?post=32015"}],"version-history":[{"count":1,"href":"https:\/\/explora.cl\/rmnorte\/wp-json\/wp\/v2\/posts\/32015\/revisions"}],"predecessor-version":[{"id":38593,"href":"https:\/\/explora.cl\/rmnorte\/wp-json\/wp\/v2\/posts\/32015\/revisions\/38593"}],"wp:featuredmedia":[{"embeddable":true,"href":"https:\/\/explora.cl\/rmnorte\/wp-json\/wp\/v2\/media\/33802"}],"wp:attachment":[{"href":"https:\/\/explora.cl\/rmnorte\/wp-json\/wp\/v2\/media?parent=32015"}],"wp:term":[{"taxonomy":"category","embeddable":true,"href":"https:\/\/explora.cl\/rmnorte\/wp-json\/wp\/v2\/categories?post=32015"},{"taxonomy":"post_tag","embeddable":true,"href":"https:\/\/explora.cl\/rmnorte\/wp-json\/wp\/v2\/tags?post=32015"}],"curies":[{"name":"wp","href":"https:\/\/api.w.org\/{rel}","templated":true}]}}