{"id":32013,"date":"2014-08-14T00:00:00","date_gmt":"2014-08-14T04:00:00","guid":{"rendered":"https:\/\/explora.cl\/rmnorte\/blog\/2014\/08\/14\/cientificos-polares-tuvieron-un-segundo-encuentro\/"},"modified":"2019-05-20T17:23:48","modified_gmt":"2019-05-20T17:23:48","slug":"cientificos-polares-tuvieron-un-segundo-encuentro","status":"publish","type":"post","link":"https:\/\/explora.cl\/rmnorte\/cientificos-polares-tuvieron-un-segundo-encuentro\/","title":{"rendered":"Cient\u00edficos Polares tuvieron un segundo encuentro"},"content":{"rendered":"<p><img fetchpriority=\"high\" decoding=\"async\" class=\" size-full wp-image-4596\" src=\"http:\/\/ec2-34-218-253-251.us-west-2.compute.amazonaws.com\/wp-content\/uploads\/2014\/08\/0d90ed0909e7b2adba18a1ea4438a64c.jpg\" alt=\"\" width=\"2500\" height=\"1360\" \/><\/p>\n<p style=\"text-align: justify\" align=\"center\"><span style=\"line-height: 1.3em\">El Taller que entrega apoyo y seguimiento a los equipos que se encuentran desarrollando investigaciones para la Feria Ant\u00e1rtica Escolar, se reunieron para exponer avances y analizar sus opciones de cara la postulaci\u00f3n.<\/span><\/p>\n<p style=\"text-align: justify\">En dos jornadas llegaron hasta la Sede Santiago de la Universidad Arturo Prat, los equipos investigativos que contin\u00faan preparando sus proyectos para la versi\u00f3n n\u00famero 11 de la muestra organizada todos los a\u00f1os por el Instituto Ant\u00e1rtico Chileno en la Regi\u00f3n de Magallanes.<\/p>\n<p style=\"text-align: justify\">Esta fue la segunda sesi\u00f3n del Taller de Cient\u00edficos Polares, organizado por los Proyectos EXPLORA en las zonas Sur Oriente y Norte de la Regi\u00f3n Metropolitana, cuyo objetivo fue recibir a las y los estudiantes para analizar los avances en sus investigaciones y ayudarles a definir los pasos a seguir en la \u00faltima etapa antes de la postulaci\u00f3n.<\/p>\n<p style=\"text-align: justify\">En primera instancia participaron 18 grupos y la jornada se desarroll\u00f3 el pasado martes 5 de agosto, a continuaci\u00f3n dos equipos rezagados acudieron a una segunda instancia que se llev\u00f3 a cabo el mi\u00e9rcoles 13 del mismo mes.<\/p>\n<p style=\"text-align: justify\"><img decoding=\"async\" src=\"images\/IMAGENES-RM-NORTE\/cientificos%20polares.jpg\" border=\"0\" width=\"423\" height=\"283\" style=\"float: left;margin: 5px;border: 5px solid black\" \/><\/p>\n<p style=\"text-align: justify\">Francisco Catrileo, estudiante del San Gregorio de La Salle de la comuna de La Granja, cuenta que est\u00e1n trabajando en el proyecto desde la primera sesi\u00f3n del Taller de Cient\u00edficos Polares y su investigaci\u00f3n consiste en extraer una prote\u00edna del bacalao que posee la caracter\u00edstica de ser anticongelante y utilizarla para prolongar la durabilidad de la sangre donada a los bancos. En cuanto a la experiencia en el taller, Francisco comenta: \u201cEl apoyo ha sido fundamental, porque nos ha ido guiando durante todo el proceso, adem\u00e1s de conseguirnos al experto que nos asesora\u201d.<\/p>\n<p style=\"text-align: justify\">Durante la sesi\u00f3n, cada equipo debi\u00f3 preparar una presentaci\u00f3n de su proyecto, con la respectiva pregunta de investigaci\u00f3n, la hip\u00f3tesis y los objetivos, adem\u00e1s de describir el proceso de su investigaci\u00f3n y definir la etapa en la que se encuentran.<\/p>\n<p style=\"text-align: justify\">La fecha de cierre de las postulaciones a la FAE es el 5 de septiembre y todos los equipos que logren postular podr\u00e1n participar del Encuentro Ant\u00e1rtico que se desarrollar\u00e1 el 30 de septiembre en la ciudad de Valpara\u00edso, donde participar\u00e1n todos los proyectos postulantes de las regiones Metropolitana, O\u2019Higgins y Valpara\u00edso.<\/p>\n<p style=\"text-align: justify\">\u00a0<\/p>\n<p><span>Revisa las fotos del Segundo Encuentro de Cient\u00edficos Polares en<\/span><span style=\"line-height: 1.3em\">\u00a0<a href=\"https:\/\/www.facebook.com\/media\/set\/?set=a.327460394083625.1073741962.180288868800779&amp;type=1\" target=\"_blank\" rel=\"noopener noreferrer\">Facebook.com\/ExploraRMNorte<\/a>\u00a0<\/span><\/p>\n<p><span style=\"line-height: 1.3em\">\u00a0<\/span><\/p>\n<p><span style=\"line-height: 1.3em\">\u00a0<img decoding=\"async\" src=\"images\/IMAGENES-RM-NORTE\/segundo%20encuentro%20cientficos%20polares.jpg\" border=\"0\" width=\"800\" style=\"margin-left: auto;margin-right: auto\" \/><\/span><\/p>\n","protected":false},"excerpt":{"rendered":"<p>El Taller que entrega apoyo y seguimiento a los equipos que se encuentran desarrollando investigaciones para la Feria Ant\u00e1rtica Escolar, se reunieron para exponer avances y analizar sus opciones de cara la postulaci\u00f3n. En dos jornadas llegaron hasta la Sede Santiago de la Universidad Arturo Prat, los equipos investigativos que contin\u00faan preparando sus proyectos para [&hellip;]<\/p>\n","protected":false},"author":2,"featured_media":33801,"comment_status":"closed","ping_status":"open","sticky":false,"template":"","format":"standard","meta":{"_acf_changed":false,"_exactmetrics_skip_tracking":false,"_exactmetrics_sitenote_active":false,"_exactmetrics_sitenote_note":"","_exactmetrics_sitenote_category":0,"footnotes":"","_links_to":"","_links_to_target":""},"categories":[4],"tags":[],"class_list":["post-32013","post","type-post","status-publish","format-standard","has-post-thumbnail","hentry","category-noticias"],"acf":[],"yoast_head":"<!-- This site is optimized with the Yoast SEO plugin v26.9 - https:\/\/yoast.com\/product\/yoast-seo-wordpress\/ -->\n<title>Cient\u00edficos Polares tuvieron un segundo encuentro - RM Norte<\/title>\n<meta name=\"robots\" content=\"index, follow, max-snippet:-1, max-image-preview:large, max-video-preview:-1\" \/>\n<link rel=\"canonical\" href=\"https:\/\/explora.cl\/rmnorte\/cientificos-polares-tuvieron-un-segundo-encuentro\/\" class=\"yoast-seo-meta-tag\" \/>\n<meta property=\"og:locale\" content=\"es_ES\" class=\"yoast-seo-meta-tag\" \/>\n<meta property=\"og:type\" content=\"article\" class=\"yoast-seo-meta-tag\" \/>\n<meta property=\"og:title\" content=\"Cient\u00edficos Polares tuvieron un segundo encuentro - RM Norte\" class=\"yoast-seo-meta-tag\" \/>\n<meta property=\"og:description\" content=\"El Taller que entrega apoyo y seguimiento a los equipos que se encuentran desarrollando investigaciones para la Feria Ant\u00e1rtica Escolar, se reunieron para exponer avances y analizar sus opciones de cara la postulaci\u00f3n. En dos jornadas llegaron hasta la Sede Santiago de la Universidad Arturo Prat, los equipos investigativos que contin\u00faan preparando sus proyectos para [&hellip;]\" class=\"yoast-seo-meta-tag\" \/>\n<meta property=\"og:url\" content=\"https:\/\/explora.cl\/rmnorte\/cientificos-polares-tuvieron-un-segundo-encuentro\/\" class=\"yoast-seo-meta-tag\" \/>\n<meta property=\"og:site_name\" content=\"RM Norte\" class=\"yoast-seo-meta-tag\" \/>\n<meta property=\"article:published_time\" content=\"2014-08-14T04:00:00+00:00\" class=\"yoast-seo-meta-tag\" \/>\n<meta property=\"article:modified_time\" content=\"2019-05-20T17:23:48+00:00\" class=\"yoast-seo-meta-tag\" \/>\n<meta property=\"og:image\" content=\"https:\/\/explora.cl\/rmnorte\/wp-content\/uploads\/sites\/11\/2018\/06\/0d90ed0909e7b2adba18a1ea4438a64c-1024x557.jpg\" class=\"yoast-seo-meta-tag\" \/>\n\t<meta property=\"og:image:width\" content=\"1024\" class=\"yoast-seo-meta-tag\" \/>\n\t<meta property=\"og:image:height\" content=\"557\" class=\"yoast-seo-meta-tag\" \/>\n\t<meta property=\"og:image:type\" content=\"image\/jpeg\" class=\"yoast-seo-meta-tag\" \/>\n<meta name=\"author\" content=\"webman\" class=\"yoast-seo-meta-tag\" \/>\n<meta name=\"twitter:card\" content=\"summary_large_image\" class=\"yoast-seo-meta-tag\" \/>\n<meta name=\"twitter:label1\" content=\"Escrito por\" class=\"yoast-seo-meta-tag\" \/>\n\t<meta name=\"twitter:data1\" content=\"webman\" class=\"yoast-seo-meta-tag\" \/>\n\t<meta name=\"twitter:label2\" content=\"Tiempo estimado de lectura\" class=\"yoast-seo-meta-tag\" \/>\n\t<meta name=\"twitter:data2\" content=\"2 minutos\" class=\"yoast-seo-meta-tag\" \/>\n<script type=\"application\/ld+json\" class=\"yoast-schema-graph\">{\"@context\":\"https:\/\/schema.org\",\"@graph\":[{\"@type\":\"Article\",\"@id\":\"https:\/\/explora.cl\/rmnorte\/cientificos-polares-tuvieron-un-segundo-encuentro\/#article\",\"isPartOf\":{\"@id\":\"https:\/\/explora.cl\/rmnorte\/cientificos-polares-tuvieron-un-segundo-encuentro\/\"},\"author\":{\"name\":\"webman\",\"@id\":\"https:\/\/explora.cl\/rmnorte\/#\/schema\/person\/cb8349c13ea2d324080adf8480d7ba5d\"},\"headline\":\"Cient\u00edficos Polares tuvieron un segundo encuentro\",\"datePublished\":\"2014-08-14T04:00:00+00:00\",\"dateModified\":\"2019-05-20T17:23:48+00:00\",\"mainEntityOfPage\":{\"@id\":\"https:\/\/explora.cl\/rmnorte\/cientificos-polares-tuvieron-un-segundo-encuentro\/\"},\"wordCount\":405,\"image\":{\"@id\":\"https:\/\/explora.cl\/rmnorte\/cientificos-polares-tuvieron-un-segundo-encuentro\/#primaryimage\"},\"thumbnailUrl\":\"https:\/\/explora.cl\/rmnorte\/wp-content\/uploads\/sites\/11\/2018\/06\/0d90ed0909e7b2adba18a1ea4438a64c.jpg\",\"articleSection\":[\"Noticias\"],\"inLanguage\":\"es-CL\"},{\"@type\":\"WebPage\",\"@id\":\"https:\/\/explora.cl\/rmnorte\/cientificos-polares-tuvieron-un-segundo-encuentro\/\",\"url\":\"https:\/\/explora.cl\/rmnorte\/cientificos-polares-tuvieron-un-segundo-encuentro\/\",\"name\":\"Cient\u00edficos Polares tuvieron un segundo encuentro - RM Norte\",\"isPartOf\":{\"@id\":\"https:\/\/explora.cl\/rmnorte\/#website\"},\"primaryImageOfPage\":{\"@id\":\"https:\/\/explora.cl\/rmnorte\/cientificos-polares-tuvieron-un-segundo-encuentro\/#primaryimage\"},\"image\":{\"@id\":\"https:\/\/explora.cl\/rmnorte\/cientificos-polares-tuvieron-un-segundo-encuentro\/#primaryimage\"},\"thumbnailUrl\":\"https:\/\/explora.cl\/rmnorte\/wp-content\/uploads\/sites\/11\/2018\/06\/0d90ed0909e7b2adba18a1ea4438a64c.jpg\",\"datePublished\":\"2014-08-14T04:00:00+00:00\",\"dateModified\":\"2019-05-20T17:23:48+00:00\",\"author\":{\"@id\":\"https:\/\/explora.cl\/rmnorte\/#\/schema\/person\/cb8349c13ea2d324080adf8480d7ba5d\"},\"breadcrumb\":{\"@id\":\"https:\/\/explora.cl\/rmnorte\/cientificos-polares-tuvieron-un-segundo-encuentro\/#breadcrumb\"},\"inLanguage\":\"es-CL\",\"potentialAction\":[{\"@type\":\"ReadAction\",\"target\":[\"https:\/\/explora.cl\/rmnorte\/cientificos-polares-tuvieron-un-segundo-encuentro\/\"]}]},{\"@type\":\"ImageObject\",\"inLanguage\":\"es-CL\",\"@id\":\"https:\/\/explora.cl\/rmnorte\/cientificos-polares-tuvieron-un-segundo-encuentro\/#primaryimage\",\"url\":\"https:\/\/explora.cl\/rmnorte\/wp-content\/uploads\/sites\/11\/2018\/06\/0d90ed0909e7b2adba18a1ea4438a64c.jpg\",\"contentUrl\":\"https:\/\/explora.cl\/rmnorte\/wp-content\/uploads\/sites\/11\/2018\/06\/0d90ed0909e7b2adba18a1ea4438a64c.jpg\",\"width\":2500,\"height\":1360},{\"@type\":\"BreadcrumbList\",\"@id\":\"https:\/\/explora.cl\/rmnorte\/cientificos-polares-tuvieron-un-segundo-encuentro\/#breadcrumb\",\"itemListElement\":[{\"@type\":\"ListItem\",\"position\":1,\"name\":\"Portada\",\"item\":\"https:\/\/explora.cl\/rmnorte\/\"},{\"@type\":\"ListItem\",\"position\":2,\"name\":\"Cient\u00edficos Polares tuvieron un segundo encuentro\"}]},{\"@type\":\"WebSite\",\"@id\":\"https:\/\/explora.cl\/rmnorte\/#website\",\"url\":\"https:\/\/explora.cl\/rmnorte\/\",\"name\":\"RM Norte\",\"description\":\"RM Norte explora.cl\",\"potentialAction\":[{\"@type\":\"SearchAction\",\"target\":{\"@type\":\"EntryPoint\",\"urlTemplate\":\"https:\/\/explora.cl\/rmnorte\/?s={search_term_string}\"},\"query-input\":{\"@type\":\"PropertyValueSpecification\",\"valueRequired\":true,\"valueName\":\"search_term_string\"}}],\"inLanguage\":\"es-CL\"},{\"@type\":\"Person\",\"@id\":\"https:\/\/explora.cl\/rmnorte\/#\/schema\/person\/cb8349c13ea2d324080adf8480d7ba5d\",\"name\":\"webman\",\"image\":{\"@type\":\"ImageObject\",\"inLanguage\":\"es-CL\",\"@id\":\"https:\/\/explora.cl\/rmnorte\/#\/schema\/person\/image\/\",\"url\":\"https:\/\/secure.gravatar.com\/avatar\/eeff3c82f2c02f7177d13663b7e6f890e9a6a0647ce9bb29cae02dcb094c7312?s=96&d=mm&r=g\",\"contentUrl\":\"https:\/\/secure.gravatar.com\/avatar\/eeff3c82f2c02f7177d13663b7e6f890e9a6a0647ce9bb29cae02dcb094c7312?s=96&d=mm&r=g\",\"caption\":\"webman\"},\"url\":\"https:\/\/explora.cl\/rmnorte\/author\/webman\/\"}]}<\/script>\n<!-- \/ Yoast SEO plugin. -->","yoast_head_json":{"title":"Cient\u00edficos Polares tuvieron un segundo encuentro - RM Norte","robots":{"index":"index","follow":"follow","max-snippet":"max-snippet:-1","max-image-preview":"max-image-preview:large","max-video-preview":"max-video-preview:-1"},"canonical":"https:\/\/explora.cl\/rmnorte\/cientificos-polares-tuvieron-un-segundo-encuentro\/","og_locale":"es_ES","og_type":"article","og_title":"Cient\u00edficos Polares tuvieron un segundo encuentro - RM Norte","og_description":"El Taller que entrega apoyo y seguimiento a los equipos que se encuentran desarrollando investigaciones para la Feria Ant\u00e1rtica Escolar, se reunieron para exponer avances y analizar sus opciones de cara la postulaci\u00f3n. En dos jornadas llegaron hasta la Sede Santiago de la Universidad Arturo Prat, los equipos investigativos que contin\u00faan preparando sus proyectos para [&hellip;]","og_url":"https:\/\/explora.cl\/rmnorte\/cientificos-polares-tuvieron-un-segundo-encuentro\/","og_site_name":"RM Norte","article_published_time":"2014-08-14T04:00:00+00:00","article_modified_time":"2019-05-20T17:23:48+00:00","og_image":[{"width":1024,"height":557,"url":"https:\/\/explora.cl\/rmnorte\/wp-content\/uploads\/sites\/11\/2018\/06\/0d90ed0909e7b2adba18a1ea4438a64c-1024x557.jpg","type":"image\/jpeg"}],"author":"webman","twitter_card":"summary_large_image","twitter_misc":{"Escrito por":"webman","Tiempo estimado de lectura":"2 minutos"},"schema":{"@context":"https:\/\/schema.org","@graph":[{"@type":"Article","@id":"https:\/\/explora.cl\/rmnorte\/cientificos-polares-tuvieron-un-segundo-encuentro\/#article","isPartOf":{"@id":"https:\/\/explora.cl\/rmnorte\/cientificos-polares-tuvieron-un-segundo-encuentro\/"},"author":{"name":"webman","@id":"https:\/\/explora.cl\/rmnorte\/#\/schema\/person\/cb8349c13ea2d324080adf8480d7ba5d"},"headline":"Cient\u00edficos Polares tuvieron un segundo encuentro","datePublished":"2014-08-14T04:00:00+00:00","dateModified":"2019-05-20T17:23:48+00:00","mainEntityOfPage":{"@id":"https:\/\/explora.cl\/rmnorte\/cientificos-polares-tuvieron-un-segundo-encuentro\/"},"wordCount":405,"image":{"@id":"https:\/\/explora.cl\/rmnorte\/cientificos-polares-tuvieron-un-segundo-encuentro\/#primaryimage"},"thumbnailUrl":"https:\/\/explora.cl\/rmnorte\/wp-content\/uploads\/sites\/11\/2018\/06\/0d90ed0909e7b2adba18a1ea4438a64c.jpg","articleSection":["Noticias"],"inLanguage":"es-CL"},{"@type":"WebPage","@id":"https:\/\/explora.cl\/rmnorte\/cientificos-polares-tuvieron-un-segundo-encuentro\/","url":"https:\/\/explora.cl\/rmnorte\/cientificos-polares-tuvieron-un-segundo-encuentro\/","name":"Cient\u00edficos Polares tuvieron un segundo encuentro - RM Norte","isPartOf":{"@id":"https:\/\/explora.cl\/rmnorte\/#website"},"primaryImageOfPage":{"@id":"https:\/\/explora.cl\/rmnorte\/cientificos-polares-tuvieron-un-segundo-encuentro\/#primaryimage"},"image":{"@id":"https:\/\/explora.cl\/rmnorte\/cientificos-polares-tuvieron-un-segundo-encuentro\/#primaryimage"},"thumbnailUrl":"https:\/\/explora.cl\/rmnorte\/wp-content\/uploads\/sites\/11\/2018\/06\/0d90ed0909e7b2adba18a1ea4438a64c.jpg","datePublished":"2014-08-14T04:00:00+00:00","dateModified":"2019-05-20T17:23:48+00:00","author":{"@id":"https:\/\/explora.cl\/rmnorte\/#\/schema\/person\/cb8349c13ea2d324080adf8480d7ba5d"},"breadcrumb":{"@id":"https:\/\/explora.cl\/rmnorte\/cientificos-polares-tuvieron-un-segundo-encuentro\/#breadcrumb"},"inLanguage":"es-CL","potentialAction":[{"@type":"ReadAction","target":["https:\/\/explora.cl\/rmnorte\/cientificos-polares-tuvieron-un-segundo-encuentro\/"]}]},{"@type":"ImageObject","inLanguage":"es-CL","@id":"https:\/\/explora.cl\/rmnorte\/cientificos-polares-tuvieron-un-segundo-encuentro\/#primaryimage","url":"https:\/\/explora.cl\/rmnorte\/wp-content\/uploads\/sites\/11\/2018\/06\/0d90ed0909e7b2adba18a1ea4438a64c.jpg","contentUrl":"https:\/\/explora.cl\/rmnorte\/wp-content\/uploads\/sites\/11\/2018\/06\/0d90ed0909e7b2adba18a1ea4438a64c.jpg","width":2500,"height":1360},{"@type":"BreadcrumbList","@id":"https:\/\/explora.cl\/rmnorte\/cientificos-polares-tuvieron-un-segundo-encuentro\/#breadcrumb","itemListElement":[{"@type":"ListItem","position":1,"name":"Portada","item":"https:\/\/explora.cl\/rmnorte\/"},{"@type":"ListItem","position":2,"name":"Cient\u00edficos Polares tuvieron un segundo encuentro"}]},{"@type":"WebSite","@id":"https:\/\/explora.cl\/rmnorte\/#website","url":"https:\/\/explora.cl\/rmnorte\/","name":"RM Norte","description":"RM Norte explora.cl","potentialAction":[{"@type":"SearchAction","target":{"@type":"EntryPoint","urlTemplate":"https:\/\/explora.cl\/rmnorte\/?s={search_term_string}"},"query-input":{"@type":"PropertyValueSpecification","valueRequired":true,"valueName":"search_term_string"}}],"inLanguage":"es-CL"},{"@type":"Person","@id":"https:\/\/explora.cl\/rmnorte\/#\/schema\/person\/cb8349c13ea2d324080adf8480d7ba5d","name":"webman","image":{"@type":"ImageObject","inLanguage":"es-CL","@id":"https:\/\/explora.cl\/rmnorte\/#\/schema\/person\/image\/","url":"https:\/\/secure.gravatar.com\/avatar\/eeff3c82f2c02f7177d13663b7e6f890e9a6a0647ce9bb29cae02dcb094c7312?s=96&d=mm&r=g","contentUrl":"https:\/\/secure.gravatar.com\/avatar\/eeff3c82f2c02f7177d13663b7e6f890e9a6a0647ce9bb29cae02dcb094c7312?s=96&d=mm&r=g","caption":"webman"},"url":"https:\/\/explora.cl\/rmnorte\/author\/webman\/"}]}},"_links":{"self":[{"href":"https:\/\/explora.cl\/rmnorte\/wp-json\/wp\/v2\/posts\/32013","targetHints":{"allow":["GET"]}}],"collection":[{"href":"https:\/\/explora.cl\/rmnorte\/wp-json\/wp\/v2\/posts"}],"about":[{"href":"https:\/\/explora.cl\/rmnorte\/wp-json\/wp\/v2\/types\/post"}],"author":[{"embeddable":true,"href":"https:\/\/explora.cl\/rmnorte\/wp-json\/wp\/v2\/users\/2"}],"replies":[{"embeddable":true,"href":"https:\/\/explora.cl\/rmnorte\/wp-json\/wp\/v2\/comments?post=32013"}],"version-history":[{"count":1,"href":"https:\/\/explora.cl\/rmnorte\/wp-json\/wp\/v2\/posts\/32013\/revisions"}],"predecessor-version":[{"id":38592,"href":"https:\/\/explora.cl\/rmnorte\/wp-json\/wp\/v2\/posts\/32013\/revisions\/38592"}],"wp:featuredmedia":[{"embeddable":true,"href":"https:\/\/explora.cl\/rmnorte\/wp-json\/wp\/v2\/media\/33801"}],"wp:attachment":[{"href":"https:\/\/explora.cl\/rmnorte\/wp-json\/wp\/v2\/media?parent=32013"}],"wp:term":[{"taxonomy":"category","embeddable":true,"href":"https:\/\/explora.cl\/rmnorte\/wp-json\/wp\/v2\/categories?post=32013"},{"taxonomy":"post_tag","embeddable":true,"href":"https:\/\/explora.cl\/rmnorte\/wp-json\/wp\/v2\/tags?post=32013"}],"curies":[{"name":"wp","href":"https:\/\/api.w.org\/{rel}","templated":true}]}}