{"id":31989,"date":"2014-07-24T00:00:00","date_gmt":"2014-07-24T04:00:00","guid":{"rendered":"https:\/\/explora.cl\/rmnorte\/esta-exposicion-interactiva-estara-desde-el-24-hasta-el-31-de-julio-en-la-sede-santiago-de-la-universidad-arturo-prat-ubicada-en-av-san-pablo-n-1796-esquina-almirante-barroso-metro-santa-ana\/"},"modified":"2019-05-20T17:23:54","modified_gmt":"2019-05-20T17:23:54","slug":"esta-exposicion-interactiva-estara-desde-el-24-hasta-el-31-de-julio-en-la-sede-santiago-de-la-universidad-arturo-prat-ubicada-en-av-san-pablo-n-1796-esquina-almirante-barroso-metro-santa-ana","status":"publish","type":"post","link":"https:\/\/explora.cl\/rmnorte\/esta-exposicion-interactiva-estara-desde-el-24-hasta-el-31-de-julio-en-la-sede-santiago-de-la-universidad-arturo-prat-ubicada-en-av-san-pablo-n-1796-esquina-almirante-barroso-metro-santa-ana\/","title":{"rendered":"Tabla Peri\u00f3dica Volum\u00e9trica"},"content":{"rendered":"<p>La <strong>tabla peri\u00f3dica de los elementos<\/strong>, o simplemente <strong>tabla peri\u00f3dica<\/strong>, es un <strong>esquema<\/strong> que permite clasificar y organizar los elementos qu\u00edmicos seg\u00fan sus propiedades y caracter\u00edsticas.<\/p>\n<p>Te invitamos a recorrer una versi\u00f3n interactiva y a escala humana de este material en la que podr\u00e1s descubrir caracter\u00edsticas de cada elemento, as\u00ed como su presencia en nuestro planeta e incluso en nuestro cuerpo, adem\u00e1s de su aplicaci\u00f3n comercial.<\/p>\n<p>Esta exposici\u00f3n interactiva estar\u00e1 <strong>desde el 24 hasta el 31 de julio<\/strong> en la <strong>Sede Santiago de la Universidad Arturo Prat<\/strong>, ubicada en Av. San Pablo N\u00b0 1796, esquina Almirante Barroso, Metro Santa Ana.<\/p>\n<p>El acceso es completamente gratuito y para inscribir delegaciones el correo de contacto es <a href=\"mailto:paulamerinoiglesias@gmail.com\">paulamerinoiglesias@gmail.com<\/a><\/p>\n<p>\u00a0<\/p>\n<p><strong>La Tabla Peri\u00f3dica<\/strong><\/p>\n<p>El qu\u00edmico alem\u00e1n <a href=\"http:\/\/es.wikipedia.org\/wiki\/Julius_Lothar_Meyer\"><strong>Julius Lothar Meyer<\/strong><\/a> (<strong>1830<\/strong>&#8211;<strong>1895<\/strong>) y el matem\u00e1tico ruso <a href=\"http:\/\/es.wikipedia.org\/wiki\/Dmitri_Mendel%C3%A9yev\"><strong>Dmitri Mendel\u00e9yev<\/strong><\/a> (<strong>1834<\/strong>&#8211;<strong>1907<\/strong>) fueron los primeros en postular las propiedades de los <a href=\"http:\/\/definicion.de\/elemento\/\"><strong>elementos<\/strong><\/a> a partir de las funciones peri\u00f3dicas de su masa at\u00f3mica.<\/p>\n<p>En la actualidad, la Tabla Peri\u00f3dica de los elementos constituye un importante recurso para el estudio de la <strong>qu\u00edmica<\/strong>\u00a0desde la educaci\u00f3n secundaria.<\/p>\n<p>Esta Tabla Peri\u00f3dica de los elementos qu\u00edmicos, ordenados en grupos o familias, contiene informaci\u00f3n general acerca de cada uno de los elementos (valencia, usos, abundancia en la corteza terrestre y estado f\u00edsico),\u00a0 as\u00ed como tambi\u00e9n un dato curioso del elemento.\u00a0<\/p>\n","protected":false},"excerpt":{"rendered":"<p>La tabla peri\u00f3dica de los elementos, o simplemente tabla peri\u00f3dica, es un esquema que permite clasificar y organizar los elementos qu\u00edmicos seg\u00fan sus propiedades y caracter\u00edsticas. Te invitamos a recorrer una versi\u00f3n interactiva y a escala humana de este material en la que podr\u00e1s descubrir caracter\u00edsticas de cada elemento, as\u00ed como su presencia en nuestro [&hellip;]<\/p>\n","protected":false},"author":2,"featured_media":33790,"comment_status":"closed","ping_status":"open","sticky":false,"template":"","format":"standard","meta":{"_acf_changed":false,"_exactmetrics_skip_tracking":false,"_exactmetrics_sitenote_active":false,"_exactmetrics_sitenote_note":"","_exactmetrics_sitenote_category":0,"footnotes":"","_links_to":"","_links_to_target":""},"categories":[4],"tags":[],"class_list":["post-31989","post","type-post","status-publish","format-standard","has-post-thumbnail","hentry","category-noticias"],"acf":[],"yoast_head":"<!-- This site is optimized with the Yoast SEO plugin v26.9 - https:\/\/yoast.com\/product\/yoast-seo-wordpress\/ -->\n<title>Tabla Peri\u00f3dica Volum\u00e9trica - RM Norte<\/title>\n<meta name=\"robots\" content=\"index, follow, max-snippet:-1, max-image-preview:large, max-video-preview:-1\" \/>\n<link rel=\"canonical\" href=\"https:\/\/explora.cl\/rmnorte\/esta-exposicion-interactiva-estara-desde-el-24-hasta-el-31-de-julio-en-la-sede-santiago-de-la-universidad-arturo-prat-ubicada-en-av-san-pablo-n-1796-esquina-almirante-barroso-metro-santa-ana\/\" class=\"yoast-seo-meta-tag\" \/>\n<meta property=\"og:locale\" content=\"es_ES\" class=\"yoast-seo-meta-tag\" \/>\n<meta property=\"og:type\" content=\"article\" class=\"yoast-seo-meta-tag\" \/>\n<meta property=\"og:title\" content=\"Tabla Peri\u00f3dica Volum\u00e9trica - RM Norte\" class=\"yoast-seo-meta-tag\" \/>\n<meta property=\"og:description\" content=\"La tabla peri\u00f3dica de los elementos, o simplemente tabla peri\u00f3dica, es un esquema que permite clasificar y organizar los elementos qu\u00edmicos seg\u00fan sus propiedades y caracter\u00edsticas. Te invitamos a recorrer una versi\u00f3n interactiva y a escala humana de este material en la que podr\u00e1s descubrir caracter\u00edsticas de cada elemento, as\u00ed como su presencia en nuestro [&hellip;]\" class=\"yoast-seo-meta-tag\" \/>\n<meta property=\"og:url\" content=\"https:\/\/explora.cl\/rmnorte\/esta-exposicion-interactiva-estara-desde-el-24-hasta-el-31-de-julio-en-la-sede-santiago-de-la-universidad-arturo-prat-ubicada-en-av-san-pablo-n-1796-esquina-almirante-barroso-metro-santa-ana\/\" class=\"yoast-seo-meta-tag\" \/>\n<meta property=\"og:site_name\" content=\"RM Norte\" class=\"yoast-seo-meta-tag\" \/>\n<meta property=\"article:published_time\" content=\"2014-07-24T04:00:00+00:00\" class=\"yoast-seo-meta-tag\" \/>\n<meta property=\"article:modified_time\" content=\"2019-05-20T17:23:54+00:00\" class=\"yoast-seo-meta-tag\" \/>\n<meta property=\"og:image\" content=\"https:\/\/explora.cl\/rmnorte\/wp-content\/uploads\/sites\/11\/2018\/06\/a156d334141839220352457292414f31.jpg\" class=\"yoast-seo-meta-tag\" \/>\n\t<meta property=\"og:image:width\" content=\"1000\" class=\"yoast-seo-meta-tag\" \/>\n\t<meta property=\"og:image:height\" content=\"1447\" class=\"yoast-seo-meta-tag\" \/>\n\t<meta property=\"og:image:type\" content=\"image\/jpeg\" class=\"yoast-seo-meta-tag\" \/>\n<meta name=\"author\" content=\"webman\" class=\"yoast-seo-meta-tag\" \/>\n<meta name=\"twitter:card\" content=\"summary_large_image\" class=\"yoast-seo-meta-tag\" \/>\n<meta name=\"twitter:label1\" content=\"Escrito por\" class=\"yoast-seo-meta-tag\" \/>\n\t<meta name=\"twitter:data1\" content=\"webman\" class=\"yoast-seo-meta-tag\" \/>\n\t<meta name=\"twitter:label2\" content=\"Tiempo estimado de lectura\" class=\"yoast-seo-meta-tag\" \/>\n\t<meta name=\"twitter:data2\" content=\"1 minuto\" class=\"yoast-seo-meta-tag\" \/>\n<script type=\"application\/ld+json\" class=\"yoast-schema-graph\">{\"@context\":\"https:\/\/schema.org\",\"@graph\":[{\"@type\":\"Article\",\"@id\":\"https:\/\/explora.cl\/rmnorte\/esta-exposicion-interactiva-estara-desde-el-24-hasta-el-31-de-julio-en-la-sede-santiago-de-la-universidad-arturo-prat-ubicada-en-av-san-pablo-n-1796-esquina-almirante-barroso-metro-santa-ana\/#article\",\"isPartOf\":{\"@id\":\"https:\/\/explora.cl\/rmnorte\/esta-exposicion-interactiva-estara-desde-el-24-hasta-el-31-de-julio-en-la-sede-santiago-de-la-universidad-arturo-prat-ubicada-en-av-san-pablo-n-1796-esquina-almirante-barroso-metro-santa-ana\/\"},\"author\":{\"name\":\"webman\",\"@id\":\"https:\/\/explora.cl\/rmnorte\/#\/schema\/person\/cb8349c13ea2d324080adf8480d7ba5d\"},\"headline\":\"Tabla Peri\u00f3dica Volum\u00e9trica\",\"datePublished\":\"2014-07-24T04:00:00+00:00\",\"dateModified\":\"2019-05-20T17:23:54+00:00\",\"mainEntityOfPage\":{\"@id\":\"https:\/\/explora.cl\/rmnorte\/esta-exposicion-interactiva-estara-desde-el-24-hasta-el-31-de-julio-en-la-sede-santiago-de-la-universidad-arturo-prat-ubicada-en-av-san-pablo-n-1796-esquina-almirante-barroso-metro-santa-ana\/\"},\"wordCount\":245,\"image\":{\"@id\":\"https:\/\/explora.cl\/rmnorte\/esta-exposicion-interactiva-estara-desde-el-24-hasta-el-31-de-julio-en-la-sede-santiago-de-la-universidad-arturo-prat-ubicada-en-av-san-pablo-n-1796-esquina-almirante-barroso-metro-santa-ana\/#primaryimage\"},\"thumbnailUrl\":\"https:\/\/explora.cl\/rmnorte\/wp-content\/uploads\/sites\/11\/2018\/06\/a156d334141839220352457292414f31.jpg\",\"articleSection\":[\"Noticias\"],\"inLanguage\":\"es-CL\"},{\"@type\":\"WebPage\",\"@id\":\"https:\/\/explora.cl\/rmnorte\/esta-exposicion-interactiva-estara-desde-el-24-hasta-el-31-de-julio-en-la-sede-santiago-de-la-universidad-arturo-prat-ubicada-en-av-san-pablo-n-1796-esquina-almirante-barroso-metro-santa-ana\/\",\"url\":\"https:\/\/explora.cl\/rmnorte\/esta-exposicion-interactiva-estara-desde-el-24-hasta-el-31-de-julio-en-la-sede-santiago-de-la-universidad-arturo-prat-ubicada-en-av-san-pablo-n-1796-esquina-almirante-barroso-metro-santa-ana\/\",\"name\":\"Tabla Peri\u00f3dica Volum\u00e9trica - RM Norte\",\"isPartOf\":{\"@id\":\"https:\/\/explora.cl\/rmnorte\/#website\"},\"primaryImageOfPage\":{\"@id\":\"https:\/\/explora.cl\/rmnorte\/esta-exposicion-interactiva-estara-desde-el-24-hasta-el-31-de-julio-en-la-sede-santiago-de-la-universidad-arturo-prat-ubicada-en-av-san-pablo-n-1796-esquina-almirante-barroso-metro-santa-ana\/#primaryimage\"},\"image\":{\"@id\":\"https:\/\/explora.cl\/rmnorte\/esta-exposicion-interactiva-estara-desde-el-24-hasta-el-31-de-julio-en-la-sede-santiago-de-la-universidad-arturo-prat-ubicada-en-av-san-pablo-n-1796-esquina-almirante-barroso-metro-santa-ana\/#primaryimage\"},\"thumbnailUrl\":\"https:\/\/explora.cl\/rmnorte\/wp-content\/uploads\/sites\/11\/2018\/06\/a156d334141839220352457292414f31.jpg\",\"datePublished\":\"2014-07-24T04:00:00+00:00\",\"dateModified\":\"2019-05-20T17:23:54+00:00\",\"author\":{\"@id\":\"https:\/\/explora.cl\/rmnorte\/#\/schema\/person\/cb8349c13ea2d324080adf8480d7ba5d\"},\"breadcrumb\":{\"@id\":\"https:\/\/explora.cl\/rmnorte\/esta-exposicion-interactiva-estara-desde-el-24-hasta-el-31-de-julio-en-la-sede-santiago-de-la-universidad-arturo-prat-ubicada-en-av-san-pablo-n-1796-esquina-almirante-barroso-metro-santa-ana\/#breadcrumb\"},\"inLanguage\":\"es-CL\",\"potentialAction\":[{\"@type\":\"ReadAction\",\"target\":[\"https:\/\/explora.cl\/rmnorte\/esta-exposicion-interactiva-estara-desde-el-24-hasta-el-31-de-julio-en-la-sede-santiago-de-la-universidad-arturo-prat-ubicada-en-av-san-pablo-n-1796-esquina-almirante-barroso-metro-santa-ana\/\"]}]},{\"@type\":\"ImageObject\",\"inLanguage\":\"es-CL\",\"@id\":\"https:\/\/explora.cl\/rmnorte\/esta-exposicion-interactiva-estara-desde-el-24-hasta-el-31-de-julio-en-la-sede-santiago-de-la-universidad-arturo-prat-ubicada-en-av-san-pablo-n-1796-esquina-almirante-barroso-metro-santa-ana\/#primaryimage\",\"url\":\"https:\/\/explora.cl\/rmnorte\/wp-content\/uploads\/sites\/11\/2018\/06\/a156d334141839220352457292414f31.jpg\",\"contentUrl\":\"https:\/\/explora.cl\/rmnorte\/wp-content\/uploads\/sites\/11\/2018\/06\/a156d334141839220352457292414f31.jpg\",\"width\":1000,\"height\":1447},{\"@type\":\"BreadcrumbList\",\"@id\":\"https:\/\/explora.cl\/rmnorte\/esta-exposicion-interactiva-estara-desde-el-24-hasta-el-31-de-julio-en-la-sede-santiago-de-la-universidad-arturo-prat-ubicada-en-av-san-pablo-n-1796-esquina-almirante-barroso-metro-santa-ana\/#breadcrumb\",\"itemListElement\":[{\"@type\":\"ListItem\",\"position\":1,\"name\":\"Portada\",\"item\":\"https:\/\/explora.cl\/rmnorte\/\"},{\"@type\":\"ListItem\",\"position\":2,\"name\":\"Tabla Peri\u00f3dica Volum\u00e9trica\"}]},{\"@type\":\"WebSite\",\"@id\":\"https:\/\/explora.cl\/rmnorte\/#website\",\"url\":\"https:\/\/explora.cl\/rmnorte\/\",\"name\":\"RM Norte\",\"description\":\"RM Norte explora.cl\",\"potentialAction\":[{\"@type\":\"SearchAction\",\"target\":{\"@type\":\"EntryPoint\",\"urlTemplate\":\"https:\/\/explora.cl\/rmnorte\/?s={search_term_string}\"},\"query-input\":{\"@type\":\"PropertyValueSpecification\",\"valueRequired\":true,\"valueName\":\"search_term_string\"}}],\"inLanguage\":\"es-CL\"},{\"@type\":\"Person\",\"@id\":\"https:\/\/explora.cl\/rmnorte\/#\/schema\/person\/cb8349c13ea2d324080adf8480d7ba5d\",\"name\":\"webman\",\"image\":{\"@type\":\"ImageObject\",\"inLanguage\":\"es-CL\",\"@id\":\"https:\/\/explora.cl\/rmnorte\/#\/schema\/person\/image\/\",\"url\":\"https:\/\/secure.gravatar.com\/avatar\/eeff3c82f2c02f7177d13663b7e6f890e9a6a0647ce9bb29cae02dcb094c7312?s=96&d=mm&r=g\",\"contentUrl\":\"https:\/\/secure.gravatar.com\/avatar\/eeff3c82f2c02f7177d13663b7e6f890e9a6a0647ce9bb29cae02dcb094c7312?s=96&d=mm&r=g\",\"caption\":\"webman\"},\"url\":\"https:\/\/explora.cl\/rmnorte\/author\/webman\/\"}]}<\/script>\n<!-- \/ Yoast SEO plugin. -->","yoast_head_json":{"title":"Tabla Peri\u00f3dica Volum\u00e9trica - RM Norte","robots":{"index":"index","follow":"follow","max-snippet":"max-snippet:-1","max-image-preview":"max-image-preview:large","max-video-preview":"max-video-preview:-1"},"canonical":"https:\/\/explora.cl\/rmnorte\/esta-exposicion-interactiva-estara-desde-el-24-hasta-el-31-de-julio-en-la-sede-santiago-de-la-universidad-arturo-prat-ubicada-en-av-san-pablo-n-1796-esquina-almirante-barroso-metro-santa-ana\/","og_locale":"es_ES","og_type":"article","og_title":"Tabla Peri\u00f3dica Volum\u00e9trica - RM Norte","og_description":"La tabla peri\u00f3dica de los elementos, o simplemente tabla peri\u00f3dica, es un esquema que permite clasificar y organizar los elementos qu\u00edmicos seg\u00fan sus propiedades y caracter\u00edsticas. Te invitamos a recorrer una versi\u00f3n interactiva y a escala humana de este material en la que podr\u00e1s descubrir caracter\u00edsticas de cada elemento, as\u00ed como su presencia en nuestro [&hellip;]","og_url":"https:\/\/explora.cl\/rmnorte\/esta-exposicion-interactiva-estara-desde-el-24-hasta-el-31-de-julio-en-la-sede-santiago-de-la-universidad-arturo-prat-ubicada-en-av-san-pablo-n-1796-esquina-almirante-barroso-metro-santa-ana\/","og_site_name":"RM Norte","article_published_time":"2014-07-24T04:00:00+00:00","article_modified_time":"2019-05-20T17:23:54+00:00","og_image":[{"width":1000,"height":1447,"url":"https:\/\/explora.cl\/rmnorte\/wp-content\/uploads\/sites\/11\/2018\/06\/a156d334141839220352457292414f31.jpg","type":"image\/jpeg"}],"author":"webman","twitter_card":"summary_large_image","twitter_misc":{"Escrito por":"webman","Tiempo estimado de lectura":"1 minuto"},"schema":{"@context":"https:\/\/schema.org","@graph":[{"@type":"Article","@id":"https:\/\/explora.cl\/rmnorte\/esta-exposicion-interactiva-estara-desde-el-24-hasta-el-31-de-julio-en-la-sede-santiago-de-la-universidad-arturo-prat-ubicada-en-av-san-pablo-n-1796-esquina-almirante-barroso-metro-santa-ana\/#article","isPartOf":{"@id":"https:\/\/explora.cl\/rmnorte\/esta-exposicion-interactiva-estara-desde-el-24-hasta-el-31-de-julio-en-la-sede-santiago-de-la-universidad-arturo-prat-ubicada-en-av-san-pablo-n-1796-esquina-almirante-barroso-metro-santa-ana\/"},"author":{"name":"webman","@id":"https:\/\/explora.cl\/rmnorte\/#\/schema\/person\/cb8349c13ea2d324080adf8480d7ba5d"},"headline":"Tabla Peri\u00f3dica Volum\u00e9trica","datePublished":"2014-07-24T04:00:00+00:00","dateModified":"2019-05-20T17:23:54+00:00","mainEntityOfPage":{"@id":"https:\/\/explora.cl\/rmnorte\/esta-exposicion-interactiva-estara-desde-el-24-hasta-el-31-de-julio-en-la-sede-santiago-de-la-universidad-arturo-prat-ubicada-en-av-san-pablo-n-1796-esquina-almirante-barroso-metro-santa-ana\/"},"wordCount":245,"image":{"@id":"https:\/\/explora.cl\/rmnorte\/esta-exposicion-interactiva-estara-desde-el-24-hasta-el-31-de-julio-en-la-sede-santiago-de-la-universidad-arturo-prat-ubicada-en-av-san-pablo-n-1796-esquina-almirante-barroso-metro-santa-ana\/#primaryimage"},"thumbnailUrl":"https:\/\/explora.cl\/rmnorte\/wp-content\/uploads\/sites\/11\/2018\/06\/a156d334141839220352457292414f31.jpg","articleSection":["Noticias"],"inLanguage":"es-CL"},{"@type":"WebPage","@id":"https:\/\/explora.cl\/rmnorte\/esta-exposicion-interactiva-estara-desde-el-24-hasta-el-31-de-julio-en-la-sede-santiago-de-la-universidad-arturo-prat-ubicada-en-av-san-pablo-n-1796-esquina-almirante-barroso-metro-santa-ana\/","url":"https:\/\/explora.cl\/rmnorte\/esta-exposicion-interactiva-estara-desde-el-24-hasta-el-31-de-julio-en-la-sede-santiago-de-la-universidad-arturo-prat-ubicada-en-av-san-pablo-n-1796-esquina-almirante-barroso-metro-santa-ana\/","name":"Tabla Peri\u00f3dica Volum\u00e9trica - RM Norte","isPartOf":{"@id":"https:\/\/explora.cl\/rmnorte\/#website"},"primaryImageOfPage":{"@id":"https:\/\/explora.cl\/rmnorte\/esta-exposicion-interactiva-estara-desde-el-24-hasta-el-31-de-julio-en-la-sede-santiago-de-la-universidad-arturo-prat-ubicada-en-av-san-pablo-n-1796-esquina-almirante-barroso-metro-santa-ana\/#primaryimage"},"image":{"@id":"https:\/\/explora.cl\/rmnorte\/esta-exposicion-interactiva-estara-desde-el-24-hasta-el-31-de-julio-en-la-sede-santiago-de-la-universidad-arturo-prat-ubicada-en-av-san-pablo-n-1796-esquina-almirante-barroso-metro-santa-ana\/#primaryimage"},"thumbnailUrl":"https:\/\/explora.cl\/rmnorte\/wp-content\/uploads\/sites\/11\/2018\/06\/a156d334141839220352457292414f31.jpg","datePublished":"2014-07-24T04:00:00+00:00","dateModified":"2019-05-20T17:23:54+00:00","author":{"@id":"https:\/\/explora.cl\/rmnorte\/#\/schema\/person\/cb8349c13ea2d324080adf8480d7ba5d"},"breadcrumb":{"@id":"https:\/\/explora.cl\/rmnorte\/esta-exposicion-interactiva-estara-desde-el-24-hasta-el-31-de-julio-en-la-sede-santiago-de-la-universidad-arturo-prat-ubicada-en-av-san-pablo-n-1796-esquina-almirante-barroso-metro-santa-ana\/#breadcrumb"},"inLanguage":"es-CL","potentialAction":[{"@type":"ReadAction","target":["https:\/\/explora.cl\/rmnorte\/esta-exposicion-interactiva-estara-desde-el-24-hasta-el-31-de-julio-en-la-sede-santiago-de-la-universidad-arturo-prat-ubicada-en-av-san-pablo-n-1796-esquina-almirante-barroso-metro-santa-ana\/"]}]},{"@type":"ImageObject","inLanguage":"es-CL","@id":"https:\/\/explora.cl\/rmnorte\/esta-exposicion-interactiva-estara-desde-el-24-hasta-el-31-de-julio-en-la-sede-santiago-de-la-universidad-arturo-prat-ubicada-en-av-san-pablo-n-1796-esquina-almirante-barroso-metro-santa-ana\/#primaryimage","url":"https:\/\/explora.cl\/rmnorte\/wp-content\/uploads\/sites\/11\/2018\/06\/a156d334141839220352457292414f31.jpg","contentUrl":"https:\/\/explora.cl\/rmnorte\/wp-content\/uploads\/sites\/11\/2018\/06\/a156d334141839220352457292414f31.jpg","width":1000,"height":1447},{"@type":"BreadcrumbList","@id":"https:\/\/explora.cl\/rmnorte\/esta-exposicion-interactiva-estara-desde-el-24-hasta-el-31-de-julio-en-la-sede-santiago-de-la-universidad-arturo-prat-ubicada-en-av-san-pablo-n-1796-esquina-almirante-barroso-metro-santa-ana\/#breadcrumb","itemListElement":[{"@type":"ListItem","position":1,"name":"Portada","item":"https:\/\/explora.cl\/rmnorte\/"},{"@type":"ListItem","position":2,"name":"Tabla Peri\u00f3dica Volum\u00e9trica"}]},{"@type":"WebSite","@id":"https:\/\/explora.cl\/rmnorte\/#website","url":"https:\/\/explora.cl\/rmnorte\/","name":"RM Norte","description":"RM Norte explora.cl","potentialAction":[{"@type":"SearchAction","target":{"@type":"EntryPoint","urlTemplate":"https:\/\/explora.cl\/rmnorte\/?s={search_term_string}"},"query-input":{"@type":"PropertyValueSpecification","valueRequired":true,"valueName":"search_term_string"}}],"inLanguage":"es-CL"},{"@type":"Person","@id":"https:\/\/explora.cl\/rmnorte\/#\/schema\/person\/cb8349c13ea2d324080adf8480d7ba5d","name":"webman","image":{"@type":"ImageObject","inLanguage":"es-CL","@id":"https:\/\/explora.cl\/rmnorte\/#\/schema\/person\/image\/","url":"https:\/\/secure.gravatar.com\/avatar\/eeff3c82f2c02f7177d13663b7e6f890e9a6a0647ce9bb29cae02dcb094c7312?s=96&d=mm&r=g","contentUrl":"https:\/\/secure.gravatar.com\/avatar\/eeff3c82f2c02f7177d13663b7e6f890e9a6a0647ce9bb29cae02dcb094c7312?s=96&d=mm&r=g","caption":"webman"},"url":"https:\/\/explora.cl\/rmnorte\/author\/webman\/"}]}},"_links":{"self":[{"href":"https:\/\/explora.cl\/rmnorte\/wp-json\/wp\/v2\/posts\/31989","targetHints":{"allow":["GET"]}}],"collection":[{"href":"https:\/\/explora.cl\/rmnorte\/wp-json\/wp\/v2\/posts"}],"about":[{"href":"https:\/\/explora.cl\/rmnorte\/wp-json\/wp\/v2\/types\/post"}],"author":[{"embeddable":true,"href":"https:\/\/explora.cl\/rmnorte\/wp-json\/wp\/v2\/users\/2"}],"replies":[{"embeddable":true,"href":"https:\/\/explora.cl\/rmnorte\/wp-json\/wp\/v2\/comments?post=31989"}],"version-history":[{"count":1,"href":"https:\/\/explora.cl\/rmnorte\/wp-json\/wp\/v2\/posts\/31989\/revisions"}],"predecessor-version":[{"id":38606,"href":"https:\/\/explora.cl\/rmnorte\/wp-json\/wp\/v2\/posts\/31989\/revisions\/38606"}],"wp:featuredmedia":[{"embeddable":true,"href":"https:\/\/explora.cl\/rmnorte\/wp-json\/wp\/v2\/media\/33790"}],"wp:attachment":[{"href":"https:\/\/explora.cl\/rmnorte\/wp-json\/wp\/v2\/media?parent=31989"}],"wp:term":[{"taxonomy":"category","embeddable":true,"href":"https:\/\/explora.cl\/rmnorte\/wp-json\/wp\/v2\/categories?post=31989"},{"taxonomy":"post_tag","embeddable":true,"href":"https:\/\/explora.cl\/rmnorte\/wp-json\/wp\/v2\/tags?post=31989"}],"curies":[{"name":"wp","href":"https:\/\/api.w.org\/{rel}","templated":true}]}}