{"id":31959,"date":"2014-07-01T00:00:00","date_gmt":"2014-07-01T04:00:00","guid":{"rendered":"https:\/\/explora.cl\/rmnorte\/blog\/2014\/07\/01\/con-esta-actividad-que-conto-con-expertos-del-mundo-cientifico-y-minero-estudiantes-y-publico-general-continuo-el-ciclo-de-seminarios-2014-mineria-tecnologia-y-sociedad\/"},"modified":"2019-05-20T17:24:12","modified_gmt":"2019-05-20T17:24:12","slug":"con-esta-actividad-que-conto-con-expertos-del-mundo-cientifico-y-minero-estudiantes-y-publico-general-continuo-el-ciclo-de-seminarios-2014-mineria-tecnologia-y-sociedad","status":"publish","type":"post","link":"https:\/\/explora.cl\/rmnorte\/con-esta-actividad-que-conto-con-expertos-del-mundo-cientifico-y-minero-estudiantes-y-publico-general-continuo-el-ciclo-de-seminarios-2014-mineria-tecnologia-y-sociedad\/","title":{"rendered":"AMTC de la Universidad de Chile realiza exitoso Seminario \u201cMiner\u00eda y Glaciolog\u00eda\u201d"},"content":{"rendered":"<p><img fetchpriority=\"high\" decoding=\"async\" class=\" size-full wp-image-3603\" src=\"http:\/\/ec2-34-218-253-251.us-west-2.compute.amazonaws.com\/wp-content\/uploads\/2014\/07\/0c0b1da79361baab4d46a6acea24eb5b.jpg\" alt=\"\" width=\"1024\" height=\"684\" \/><\/p>\n<p style=\"text-align: justify\"><strong>Con esta actividad, que cont\u00f3 con expertos del mundo cient\u00edfico y minero, estudiantes y p\u00fablico general, continu\u00f3 el Ciclo de Seminarios 2014 \u201cMiner\u00eda, Tecnolog\u00eda y Sociedad\u201d.<\/strong><\/p>\n<p style=\"text-align: justify\">Este jueves 26 de Junio se realiz\u00f3 la segunda charla del Ciclo de Seminarios \u201cMiner\u00eda, Tecnolog\u00eda y Sociedad\u201d, organizado por el Centro Avanzado de Tecnolog\u00eda para la Miner\u00eda (AMTC) de la Universidad de Chile. El seminario dictado en esta oportunidad fue \u201cMiner\u00eda y Glaciolog\u00eda\u201d, cuya bienvenida fue oficiada por el Decano electo de la Facultad de Ciencias F\u00edsicas y Matem\u00e1ticas de la Universidad de Chile, Sr. Patricio Aceituno, quien manifest\u00f3 la importancia de realizar eventos de este tipo y acercar la investigaci\u00f3n a todo p\u00fablico. \u201cEs un honor estar en representaci\u00f3n de la Facultad. Una actividad como esta que abre la investigaci\u00f3n hacia la comunidad, los estudiantes, el sector productivo, industriales, y acerca a todos los asistentes un tema tan espec\u00edfico con los glaciares. Tras su palabras, se dirigi\u00f3 al p\u00fablico el Director Ejecutivo del AMTC, Javier Ru\u00edz del Solar, qui\u00e9n resalt\u00f3 la importancia de este Ciclo, que se desarrollar\u00e1 durante todo el segundo semestre del a\u00f1o 2014 y finalizar\u00e1 en enero de 2015. \u201cDestaco la importancia de realizar este tipo de actividades, orientadas a acercar la miner\u00eda y el mundo cient\u00edfico a la sociedad, especialmente porque la actividad minera tiene relaci\u00f3n con la vida y el desarrollo en nuestro pa\u00eds. Esta actividad, representa el 42% de nuestras exportaciones y un 8% de nuestro producto interno bruto\u201d.<\/p>\n<p style=\"text-align: justify\"><img decoding=\"async\" src=\"images\/IMAGENES-RM-NORTE\/2do%20Seminario%20AMTC%20-%2001.jpg\" border=\"0\" width=\"229\" height=\"152\" style=\"float: left;margin: 5px;border: 5px solid black\" \/>El programa del Seminario contempl\u00f3 las presentaciones del ge\u00f3grafo de la Universidad de Chile e Investigador Senior del Centro de Estudios Cient\u00edficos (CECs), Dr. Andr\u00e9s Rivera, quien expuso el tema \u201cInvestigaciones Recientes de Glaciares en Chile\u201d; el Ingeniero Civil Hidra\u00falico de la Universidad Cat\u00f3lica e Hidr\u00f3logo en BGC Engineering, Pablo Wainstein, quien present\u00f3 el tema \u201cBeneficios de las Investigaciones Glaciales y Periglaciales en el Desarrollo Minero en Los Andes de Chile y Argentina\u201d; y el Ingeniero Civil de la Universidad de Chile e Investigador del AMTC, James McPhee, quien expuso el tema \u201cRol de los Glaciares en el Ciclo Hidrol\u00f3gico\u201d.<\/p>\n<p style=\"text-align: justify\"><img decoding=\"async\" src=\"images\/IMAGENES-RM-NORTE\/2do%20Seminario%20AMTC%20-%2002.jpg\" border=\"0\" width=\"301\" height=\"201\" style=\"float: right;margin: 5px;border: 5px solid black\" \/>Luego de finalizada la ronda de presentaciones, se produjo un fruct\u00edfero y enriquecedor di\u00e1logo en el que los expertos respondieron a todas las consultas e inquietudes de los presentes. Cerr\u00f3 esta actividad el Director Ejecutivo del AMTC, Agradeciendo a los ponentes y asistentes e invitando al pr\u00f3ximo\u00a0<strong>seminario \u201cMiner\u00eda y Mujer\u201d, que se realizar\u00e1 el d\u00eda 31 de Julio en Sal\u00f3n del Ex Congreso Nacional de Santiago.<\/strong><\/p>\n<p style=\"text-align: justify\">Las presentaciones del Seminario las pueden descargar en el siguiente link\u00a0<a href=\"http:\/\/seminarios2014.amtc.cl\/?p=239\">http:\/\/seminarios2014.amtc.cl\/?p=239<\/a><\/p>\n","protected":false},"excerpt":{"rendered":"<p>Con esta actividad, que cont\u00f3 con expertos del mundo cient\u00edfico y minero, estudiantes y p\u00fablico general, continu\u00f3 el Ciclo de Seminarios 2014 \u201cMiner\u00eda, Tecnolog\u00eda y Sociedad\u201d. Este jueves 26 de Junio se realiz\u00f3 la segunda charla del Ciclo de Seminarios \u201cMiner\u00eda, Tecnolog\u00eda y Sociedad\u201d, organizado por el Centro Avanzado de Tecnolog\u00eda para la Miner\u00eda (AMTC) [&hellip;]<\/p>\n","protected":false},"author":2,"featured_media":33775,"comment_status":"closed","ping_status":"open","sticky":false,"template":"","format":"standard","meta":{"_acf_changed":false,"_exactmetrics_skip_tracking":false,"_exactmetrics_sitenote_active":false,"_exactmetrics_sitenote_note":"","_exactmetrics_sitenote_category":0,"footnotes":"","_links_to":"","_links_to_target":""},"categories":[4],"tags":[],"class_list":["post-31959","post","type-post","status-publish","format-standard","has-post-thumbnail","hentry","category-noticias"],"acf":[],"yoast_head":"<!-- This site is optimized with the Yoast SEO plugin v26.9 - https:\/\/yoast.com\/product\/yoast-seo-wordpress\/ -->\n<title>AMTC de la Universidad de Chile realiza exitoso Seminario \u201cMiner\u00eda y Glaciolog\u00eda\u201d - RM Norte<\/title>\n<meta name=\"robots\" content=\"index, follow, max-snippet:-1, max-image-preview:large, max-video-preview:-1\" \/>\n<link rel=\"canonical\" href=\"https:\/\/explora.cl\/rmnorte\/con-esta-actividad-que-conto-con-expertos-del-mundo-cientifico-y-minero-estudiantes-y-publico-general-continuo-el-ciclo-de-seminarios-2014-mineria-tecnologia-y-sociedad\/\" class=\"yoast-seo-meta-tag\" \/>\n<meta property=\"og:locale\" content=\"es_ES\" class=\"yoast-seo-meta-tag\" \/>\n<meta property=\"og:type\" content=\"article\" class=\"yoast-seo-meta-tag\" \/>\n<meta property=\"og:title\" content=\"AMTC de la Universidad de Chile realiza exitoso Seminario \u201cMiner\u00eda y Glaciolog\u00eda\u201d - RM Norte\" class=\"yoast-seo-meta-tag\" \/>\n<meta property=\"og:description\" content=\"Con esta actividad, que cont\u00f3 con expertos del mundo cient\u00edfico y minero, estudiantes y p\u00fablico general, continu\u00f3 el Ciclo de Seminarios 2014 \u201cMiner\u00eda, Tecnolog\u00eda y Sociedad\u201d. Este jueves 26 de Junio se realiz\u00f3 la segunda charla del Ciclo de Seminarios \u201cMiner\u00eda, Tecnolog\u00eda y Sociedad\u201d, organizado por el Centro Avanzado de Tecnolog\u00eda para la Miner\u00eda (AMTC) [&hellip;]\" class=\"yoast-seo-meta-tag\" \/>\n<meta property=\"og:url\" content=\"https:\/\/explora.cl\/rmnorte\/con-esta-actividad-que-conto-con-expertos-del-mundo-cientifico-y-minero-estudiantes-y-publico-general-continuo-el-ciclo-de-seminarios-2014-mineria-tecnologia-y-sociedad\/\" class=\"yoast-seo-meta-tag\" \/>\n<meta property=\"og:site_name\" content=\"RM Norte\" class=\"yoast-seo-meta-tag\" \/>\n<meta property=\"article:published_time\" content=\"2014-07-01T04:00:00+00:00\" class=\"yoast-seo-meta-tag\" \/>\n<meta property=\"article:modified_time\" content=\"2019-05-20T17:24:12+00:00\" class=\"yoast-seo-meta-tag\" \/>\n<meta property=\"og:image\" content=\"https:\/\/explora.cl\/rmnorte\/wp-content\/uploads\/sites\/11\/2018\/06\/0c0b1da79361baab4d46a6acea24eb5b.jpg\" class=\"yoast-seo-meta-tag\" \/>\n\t<meta property=\"og:image:width\" content=\"1024\" class=\"yoast-seo-meta-tag\" \/>\n\t<meta property=\"og:image:height\" content=\"684\" class=\"yoast-seo-meta-tag\" \/>\n\t<meta property=\"og:image:type\" content=\"image\/jpeg\" class=\"yoast-seo-meta-tag\" \/>\n<meta name=\"author\" content=\"webman\" class=\"yoast-seo-meta-tag\" \/>\n<meta name=\"twitter:card\" content=\"summary_large_image\" class=\"yoast-seo-meta-tag\" \/>\n<meta name=\"twitter:label1\" content=\"Escrito por\" class=\"yoast-seo-meta-tag\" \/>\n\t<meta name=\"twitter:data1\" content=\"webman\" class=\"yoast-seo-meta-tag\" \/>\n\t<meta name=\"twitter:label2\" content=\"Tiempo estimado de lectura\" class=\"yoast-seo-meta-tag\" \/>\n\t<meta name=\"twitter:data2\" content=\"2 minutos\" class=\"yoast-seo-meta-tag\" \/>\n<script type=\"application\/ld+json\" class=\"yoast-schema-graph\">{\"@context\":\"https:\/\/schema.org\",\"@graph\":[{\"@type\":\"Article\",\"@id\":\"https:\/\/explora.cl\/rmnorte\/con-esta-actividad-que-conto-con-expertos-del-mundo-cientifico-y-minero-estudiantes-y-publico-general-continuo-el-ciclo-de-seminarios-2014-mineria-tecnologia-y-sociedad\/#article\",\"isPartOf\":{\"@id\":\"https:\/\/explora.cl\/rmnorte\/con-esta-actividad-que-conto-con-expertos-del-mundo-cientifico-y-minero-estudiantes-y-publico-general-continuo-el-ciclo-de-seminarios-2014-mineria-tecnologia-y-sociedad\/\"},\"author\":{\"name\":\"webman\",\"@id\":\"https:\/\/explora.cl\/rmnorte\/#\/schema\/person\/cb8349c13ea2d324080adf8480d7ba5d\"},\"headline\":\"AMTC de la Universidad de Chile realiza exitoso Seminario \u201cMiner\u00eda y Glaciolog\u00eda\u201d\",\"datePublished\":\"2014-07-01T04:00:00+00:00\",\"dateModified\":\"2019-05-20T17:24:12+00:00\",\"mainEntityOfPage\":{\"@id\":\"https:\/\/explora.cl\/rmnorte\/con-esta-actividad-que-conto-con-expertos-del-mundo-cientifico-y-minero-estudiantes-y-publico-general-continuo-el-ciclo-de-seminarios-2014-mineria-tecnologia-y-sociedad\/\"},\"wordCount\":471,\"image\":{\"@id\":\"https:\/\/explora.cl\/rmnorte\/con-esta-actividad-que-conto-con-expertos-del-mundo-cientifico-y-minero-estudiantes-y-publico-general-continuo-el-ciclo-de-seminarios-2014-mineria-tecnologia-y-sociedad\/#primaryimage\"},\"thumbnailUrl\":\"https:\/\/explora.cl\/rmnorte\/wp-content\/uploads\/sites\/11\/2018\/06\/0c0b1da79361baab4d46a6acea24eb5b.jpg\",\"articleSection\":[\"Noticias\"],\"inLanguage\":\"es-CL\"},{\"@type\":\"WebPage\",\"@id\":\"https:\/\/explora.cl\/rmnorte\/con-esta-actividad-que-conto-con-expertos-del-mundo-cientifico-y-minero-estudiantes-y-publico-general-continuo-el-ciclo-de-seminarios-2014-mineria-tecnologia-y-sociedad\/\",\"url\":\"https:\/\/explora.cl\/rmnorte\/con-esta-actividad-que-conto-con-expertos-del-mundo-cientifico-y-minero-estudiantes-y-publico-general-continuo-el-ciclo-de-seminarios-2014-mineria-tecnologia-y-sociedad\/\",\"name\":\"AMTC de la Universidad de Chile realiza exitoso Seminario \u201cMiner\u00eda y Glaciolog\u00eda\u201d - RM Norte\",\"isPartOf\":{\"@id\":\"https:\/\/explora.cl\/rmnorte\/#website\"},\"primaryImageOfPage\":{\"@id\":\"https:\/\/explora.cl\/rmnorte\/con-esta-actividad-que-conto-con-expertos-del-mundo-cientifico-y-minero-estudiantes-y-publico-general-continuo-el-ciclo-de-seminarios-2014-mineria-tecnologia-y-sociedad\/#primaryimage\"},\"image\":{\"@id\":\"https:\/\/explora.cl\/rmnorte\/con-esta-actividad-que-conto-con-expertos-del-mundo-cientifico-y-minero-estudiantes-y-publico-general-continuo-el-ciclo-de-seminarios-2014-mineria-tecnologia-y-sociedad\/#primaryimage\"},\"thumbnailUrl\":\"https:\/\/explora.cl\/rmnorte\/wp-content\/uploads\/sites\/11\/2018\/06\/0c0b1da79361baab4d46a6acea24eb5b.jpg\",\"datePublished\":\"2014-07-01T04:00:00+00:00\",\"dateModified\":\"2019-05-20T17:24:12+00:00\",\"author\":{\"@id\":\"https:\/\/explora.cl\/rmnorte\/#\/schema\/person\/cb8349c13ea2d324080adf8480d7ba5d\"},\"breadcrumb\":{\"@id\":\"https:\/\/explora.cl\/rmnorte\/con-esta-actividad-que-conto-con-expertos-del-mundo-cientifico-y-minero-estudiantes-y-publico-general-continuo-el-ciclo-de-seminarios-2014-mineria-tecnologia-y-sociedad\/#breadcrumb\"},\"inLanguage\":\"es-CL\",\"potentialAction\":[{\"@type\":\"ReadAction\",\"target\":[\"https:\/\/explora.cl\/rmnorte\/con-esta-actividad-que-conto-con-expertos-del-mundo-cientifico-y-minero-estudiantes-y-publico-general-continuo-el-ciclo-de-seminarios-2014-mineria-tecnologia-y-sociedad\/\"]}]},{\"@type\":\"ImageObject\",\"inLanguage\":\"es-CL\",\"@id\":\"https:\/\/explora.cl\/rmnorte\/con-esta-actividad-que-conto-con-expertos-del-mundo-cientifico-y-minero-estudiantes-y-publico-general-continuo-el-ciclo-de-seminarios-2014-mineria-tecnologia-y-sociedad\/#primaryimage\",\"url\":\"https:\/\/explora.cl\/rmnorte\/wp-content\/uploads\/sites\/11\/2018\/06\/0c0b1da79361baab4d46a6acea24eb5b.jpg\",\"contentUrl\":\"https:\/\/explora.cl\/rmnorte\/wp-content\/uploads\/sites\/11\/2018\/06\/0c0b1da79361baab4d46a6acea24eb5b.jpg\",\"width\":1024,\"height\":684},{\"@type\":\"BreadcrumbList\",\"@id\":\"https:\/\/explora.cl\/rmnorte\/con-esta-actividad-que-conto-con-expertos-del-mundo-cientifico-y-minero-estudiantes-y-publico-general-continuo-el-ciclo-de-seminarios-2014-mineria-tecnologia-y-sociedad\/#breadcrumb\",\"itemListElement\":[{\"@type\":\"ListItem\",\"position\":1,\"name\":\"Portada\",\"item\":\"https:\/\/explora.cl\/rmnorte\/\"},{\"@type\":\"ListItem\",\"position\":2,\"name\":\"AMTC de la Universidad de Chile realiza exitoso Seminario \u201cMiner\u00eda y Glaciolog\u00eda\u201d\"}]},{\"@type\":\"WebSite\",\"@id\":\"https:\/\/explora.cl\/rmnorte\/#website\",\"url\":\"https:\/\/explora.cl\/rmnorte\/\",\"name\":\"RM Norte\",\"description\":\"RM Norte explora.cl\",\"potentialAction\":[{\"@type\":\"SearchAction\",\"target\":{\"@type\":\"EntryPoint\",\"urlTemplate\":\"https:\/\/explora.cl\/rmnorte\/?s={search_term_string}\"},\"query-input\":{\"@type\":\"PropertyValueSpecification\",\"valueRequired\":true,\"valueName\":\"search_term_string\"}}],\"inLanguage\":\"es-CL\"},{\"@type\":\"Person\",\"@id\":\"https:\/\/explora.cl\/rmnorte\/#\/schema\/person\/cb8349c13ea2d324080adf8480d7ba5d\",\"name\":\"webman\",\"image\":{\"@type\":\"ImageObject\",\"inLanguage\":\"es-CL\",\"@id\":\"https:\/\/explora.cl\/rmnorte\/#\/schema\/person\/image\/\",\"url\":\"https:\/\/secure.gravatar.com\/avatar\/eeff3c82f2c02f7177d13663b7e6f890e9a6a0647ce9bb29cae02dcb094c7312?s=96&d=mm&r=g\",\"contentUrl\":\"https:\/\/secure.gravatar.com\/avatar\/eeff3c82f2c02f7177d13663b7e6f890e9a6a0647ce9bb29cae02dcb094c7312?s=96&d=mm&r=g\",\"caption\":\"webman\"},\"url\":\"https:\/\/explora.cl\/rmnorte\/author\/webman\/\"}]}<\/script>\n<!-- \/ Yoast SEO plugin. -->","yoast_head_json":{"title":"AMTC de la Universidad de Chile realiza exitoso Seminario \u201cMiner\u00eda y Glaciolog\u00eda\u201d - RM Norte","robots":{"index":"index","follow":"follow","max-snippet":"max-snippet:-1","max-image-preview":"max-image-preview:large","max-video-preview":"max-video-preview:-1"},"canonical":"https:\/\/explora.cl\/rmnorte\/con-esta-actividad-que-conto-con-expertos-del-mundo-cientifico-y-minero-estudiantes-y-publico-general-continuo-el-ciclo-de-seminarios-2014-mineria-tecnologia-y-sociedad\/","og_locale":"es_ES","og_type":"article","og_title":"AMTC de la Universidad de Chile realiza exitoso Seminario \u201cMiner\u00eda y Glaciolog\u00eda\u201d - RM Norte","og_description":"Con esta actividad, que cont\u00f3 con expertos del mundo cient\u00edfico y minero, estudiantes y p\u00fablico general, continu\u00f3 el Ciclo de Seminarios 2014 \u201cMiner\u00eda, Tecnolog\u00eda y Sociedad\u201d. Este jueves 26 de Junio se realiz\u00f3 la segunda charla del Ciclo de Seminarios \u201cMiner\u00eda, Tecnolog\u00eda y Sociedad\u201d, organizado por el Centro Avanzado de Tecnolog\u00eda para la Miner\u00eda (AMTC) [&hellip;]","og_url":"https:\/\/explora.cl\/rmnorte\/con-esta-actividad-que-conto-con-expertos-del-mundo-cientifico-y-minero-estudiantes-y-publico-general-continuo-el-ciclo-de-seminarios-2014-mineria-tecnologia-y-sociedad\/","og_site_name":"RM Norte","article_published_time":"2014-07-01T04:00:00+00:00","article_modified_time":"2019-05-20T17:24:12+00:00","og_image":[{"width":1024,"height":684,"url":"https:\/\/explora.cl\/rmnorte\/wp-content\/uploads\/sites\/11\/2018\/06\/0c0b1da79361baab4d46a6acea24eb5b.jpg","type":"image\/jpeg"}],"author":"webman","twitter_card":"summary_large_image","twitter_misc":{"Escrito por":"webman","Tiempo estimado de lectura":"2 minutos"},"schema":{"@context":"https:\/\/schema.org","@graph":[{"@type":"Article","@id":"https:\/\/explora.cl\/rmnorte\/con-esta-actividad-que-conto-con-expertos-del-mundo-cientifico-y-minero-estudiantes-y-publico-general-continuo-el-ciclo-de-seminarios-2014-mineria-tecnologia-y-sociedad\/#article","isPartOf":{"@id":"https:\/\/explora.cl\/rmnorte\/con-esta-actividad-que-conto-con-expertos-del-mundo-cientifico-y-minero-estudiantes-y-publico-general-continuo-el-ciclo-de-seminarios-2014-mineria-tecnologia-y-sociedad\/"},"author":{"name":"webman","@id":"https:\/\/explora.cl\/rmnorte\/#\/schema\/person\/cb8349c13ea2d324080adf8480d7ba5d"},"headline":"AMTC de la Universidad de Chile realiza exitoso Seminario \u201cMiner\u00eda y Glaciolog\u00eda\u201d","datePublished":"2014-07-01T04:00:00+00:00","dateModified":"2019-05-20T17:24:12+00:00","mainEntityOfPage":{"@id":"https:\/\/explora.cl\/rmnorte\/con-esta-actividad-que-conto-con-expertos-del-mundo-cientifico-y-minero-estudiantes-y-publico-general-continuo-el-ciclo-de-seminarios-2014-mineria-tecnologia-y-sociedad\/"},"wordCount":471,"image":{"@id":"https:\/\/explora.cl\/rmnorte\/con-esta-actividad-que-conto-con-expertos-del-mundo-cientifico-y-minero-estudiantes-y-publico-general-continuo-el-ciclo-de-seminarios-2014-mineria-tecnologia-y-sociedad\/#primaryimage"},"thumbnailUrl":"https:\/\/explora.cl\/rmnorte\/wp-content\/uploads\/sites\/11\/2018\/06\/0c0b1da79361baab4d46a6acea24eb5b.jpg","articleSection":["Noticias"],"inLanguage":"es-CL"},{"@type":"WebPage","@id":"https:\/\/explora.cl\/rmnorte\/con-esta-actividad-que-conto-con-expertos-del-mundo-cientifico-y-minero-estudiantes-y-publico-general-continuo-el-ciclo-de-seminarios-2014-mineria-tecnologia-y-sociedad\/","url":"https:\/\/explora.cl\/rmnorte\/con-esta-actividad-que-conto-con-expertos-del-mundo-cientifico-y-minero-estudiantes-y-publico-general-continuo-el-ciclo-de-seminarios-2014-mineria-tecnologia-y-sociedad\/","name":"AMTC de la Universidad de Chile realiza exitoso Seminario \u201cMiner\u00eda y Glaciolog\u00eda\u201d - RM Norte","isPartOf":{"@id":"https:\/\/explora.cl\/rmnorte\/#website"},"primaryImageOfPage":{"@id":"https:\/\/explora.cl\/rmnorte\/con-esta-actividad-que-conto-con-expertos-del-mundo-cientifico-y-minero-estudiantes-y-publico-general-continuo-el-ciclo-de-seminarios-2014-mineria-tecnologia-y-sociedad\/#primaryimage"},"image":{"@id":"https:\/\/explora.cl\/rmnorte\/con-esta-actividad-que-conto-con-expertos-del-mundo-cientifico-y-minero-estudiantes-y-publico-general-continuo-el-ciclo-de-seminarios-2014-mineria-tecnologia-y-sociedad\/#primaryimage"},"thumbnailUrl":"https:\/\/explora.cl\/rmnorte\/wp-content\/uploads\/sites\/11\/2018\/06\/0c0b1da79361baab4d46a6acea24eb5b.jpg","datePublished":"2014-07-01T04:00:00+00:00","dateModified":"2019-05-20T17:24:12+00:00","author":{"@id":"https:\/\/explora.cl\/rmnorte\/#\/schema\/person\/cb8349c13ea2d324080adf8480d7ba5d"},"breadcrumb":{"@id":"https:\/\/explora.cl\/rmnorte\/con-esta-actividad-que-conto-con-expertos-del-mundo-cientifico-y-minero-estudiantes-y-publico-general-continuo-el-ciclo-de-seminarios-2014-mineria-tecnologia-y-sociedad\/#breadcrumb"},"inLanguage":"es-CL","potentialAction":[{"@type":"ReadAction","target":["https:\/\/explora.cl\/rmnorte\/con-esta-actividad-que-conto-con-expertos-del-mundo-cientifico-y-minero-estudiantes-y-publico-general-continuo-el-ciclo-de-seminarios-2014-mineria-tecnologia-y-sociedad\/"]}]},{"@type":"ImageObject","inLanguage":"es-CL","@id":"https:\/\/explora.cl\/rmnorte\/con-esta-actividad-que-conto-con-expertos-del-mundo-cientifico-y-minero-estudiantes-y-publico-general-continuo-el-ciclo-de-seminarios-2014-mineria-tecnologia-y-sociedad\/#primaryimage","url":"https:\/\/explora.cl\/rmnorte\/wp-content\/uploads\/sites\/11\/2018\/06\/0c0b1da79361baab4d46a6acea24eb5b.jpg","contentUrl":"https:\/\/explora.cl\/rmnorte\/wp-content\/uploads\/sites\/11\/2018\/06\/0c0b1da79361baab4d46a6acea24eb5b.jpg","width":1024,"height":684},{"@type":"BreadcrumbList","@id":"https:\/\/explora.cl\/rmnorte\/con-esta-actividad-que-conto-con-expertos-del-mundo-cientifico-y-minero-estudiantes-y-publico-general-continuo-el-ciclo-de-seminarios-2014-mineria-tecnologia-y-sociedad\/#breadcrumb","itemListElement":[{"@type":"ListItem","position":1,"name":"Portada","item":"https:\/\/explora.cl\/rmnorte\/"},{"@type":"ListItem","position":2,"name":"AMTC de la Universidad de Chile realiza exitoso Seminario \u201cMiner\u00eda y Glaciolog\u00eda\u201d"}]},{"@type":"WebSite","@id":"https:\/\/explora.cl\/rmnorte\/#website","url":"https:\/\/explora.cl\/rmnorte\/","name":"RM Norte","description":"RM Norte explora.cl","potentialAction":[{"@type":"SearchAction","target":{"@type":"EntryPoint","urlTemplate":"https:\/\/explora.cl\/rmnorte\/?s={search_term_string}"},"query-input":{"@type":"PropertyValueSpecification","valueRequired":true,"valueName":"search_term_string"}}],"inLanguage":"es-CL"},{"@type":"Person","@id":"https:\/\/explora.cl\/rmnorte\/#\/schema\/person\/cb8349c13ea2d324080adf8480d7ba5d","name":"webman","image":{"@type":"ImageObject","inLanguage":"es-CL","@id":"https:\/\/explora.cl\/rmnorte\/#\/schema\/person\/image\/","url":"https:\/\/secure.gravatar.com\/avatar\/eeff3c82f2c02f7177d13663b7e6f890e9a6a0647ce9bb29cae02dcb094c7312?s=96&d=mm&r=g","contentUrl":"https:\/\/secure.gravatar.com\/avatar\/eeff3c82f2c02f7177d13663b7e6f890e9a6a0647ce9bb29cae02dcb094c7312?s=96&d=mm&r=g","caption":"webman"},"url":"https:\/\/explora.cl\/rmnorte\/author\/webman\/"}]}},"_links":{"self":[{"href":"https:\/\/explora.cl\/rmnorte\/wp-json\/wp\/v2\/posts\/31959","targetHints":{"allow":["GET"]}}],"collection":[{"href":"https:\/\/explora.cl\/rmnorte\/wp-json\/wp\/v2\/posts"}],"about":[{"href":"https:\/\/explora.cl\/rmnorte\/wp-json\/wp\/v2\/types\/post"}],"author":[{"embeddable":true,"href":"https:\/\/explora.cl\/rmnorte\/wp-json\/wp\/v2\/users\/2"}],"replies":[{"embeddable":true,"href":"https:\/\/explora.cl\/rmnorte\/wp-json\/wp\/v2\/comments?post=31959"}],"version-history":[{"count":1,"href":"https:\/\/explora.cl\/rmnorte\/wp-json\/wp\/v2\/posts\/31959\/revisions"}],"predecessor-version":[{"id":38618,"href":"https:\/\/explora.cl\/rmnorte\/wp-json\/wp\/v2\/posts\/31959\/revisions\/38618"}],"wp:featuredmedia":[{"embeddable":true,"href":"https:\/\/explora.cl\/rmnorte\/wp-json\/wp\/v2\/media\/33775"}],"wp:attachment":[{"href":"https:\/\/explora.cl\/rmnorte\/wp-json\/wp\/v2\/media?parent=31959"}],"wp:term":[{"taxonomy":"category","embeddable":true,"href":"https:\/\/explora.cl\/rmnorte\/wp-json\/wp\/v2\/categories?post=31959"},{"taxonomy":"post_tag","embeddable":true,"href":"https:\/\/explora.cl\/rmnorte\/wp-json\/wp\/v2\/tags?post=31959"}],"curies":[{"name":"wp","href":"https:\/\/api.w.org\/{rel}","templated":true}]}}