{"id":31955,"date":"2014-06-26T00:00:00","date_gmt":"2014-06-26T04:00:00","guid":{"rendered":"https:\/\/explora.cl\/rmnorte\/blog\/2014\/06\/26\/durante-junio-se-sostuvieron-encuentros-con-estudiantes-de-establecimientos-municipalizados-de-recoleta-con-el-fin-de-acercarlos-al-desarrollo-de-proyectos-cientificos\/"},"modified":"2019-05-20T17:24:12","modified_gmt":"2019-05-20T17:24:12","slug":"durante-junio-se-sostuvieron-encuentros-con-estudiantes-de-establecimientos-municipalizados-de-recoleta-con-el-fin-de-acercarlos-al-desarrollo-de-proyectos-cientificos","status":"publish","type":"post","link":"https:\/\/explora.cl\/rmnorte\/durante-junio-se-sostuvieron-encuentros-con-estudiantes-de-establecimientos-municipalizados-de-recoleta-con-el-fin-de-acercarlos-al-desarrollo-de-proyectos-cientificos\/","title":{"rendered":"Talleres en Recoleta incentivaron la investigaci\u00f3n en ciencias"},"content":{"rendered":"<p><img fetchpriority=\"high\" decoding=\"async\" class=\" size-full wp-image-3465\" src=\"http:\/\/ec2-34-218-253-251.us-west-2.compute.amazonaws.com\/wp-content\/uploads\/2014\/06\/8d49e1f42a25f39552b52fa6de90477e.jpg\" alt=\"\" width=\"518\" height=\"500\" \/><\/p>\n<p style=\"text-align: justify\">Durante junio se sostuvieron encuentros con estudiantes de establecimientos municipalizados de Recoleta con el fin de acercarlos al desarrollo de proyectos cient\u00edficos.<\/p>\n<p style=\"text-align: justify\">\u00a0<\/p>\n<p style=\"text-align: justify\">El Liceo Juanita Fern\u00e1ndez Solar fue la sede que acogi\u00f3 a representantes de diferentes establecimientos de la comuna los d\u00edas 17 y 24 junio, con versiones para estudiantes de b\u00e1sica y media respectivamente.<\/p>\n<p style=\"text-align: justify\">El objetivo de estos encuentros era acercar a los participantes al desarrollo de investigaciones cient\u00edficas, a trav\u00e9s de una experimentaci\u00f3n directa con conceptos y elementos cient\u00edficos, donde la confecci\u00f3n de un gel para el pelo a partir de elementos qu\u00edmicos, fue la excusa perfecta para despertar la curiosidad y la indagaci\u00f3n en las y los estudiantes.<\/p>\n<p><img decoding=\"async\" src=\"images\/IMAGENES-RM-NORTE\/Taller%20Recoleta%20-%2001.jpg\" border=\"0\" width=\"287\" height=\"174\" style=\"float: left;margin: 5px;border: 5px solid black\" \/>La directora del Proyecto Explora RM Norte, Dra. Elia Soto, en compa\u00f1\u00eda de la encargada de las Acciones de Valoraci\u00f3n del Proyecto, Ver\u00f3nica Mor\u00e1n, guiaron estos talleres, en los que se les introdujo a los y las participantes en las caracter\u00edsticas y etapas del M\u00e9todo Cient\u00edfico, para luego pasar a la pr\u00e1ctica.<\/p>\n<p style=\"text-align: justify\"><img decoding=\"async\" src=\"images\/IMAGENES-RM-NORTE\/Taller%20Recoleta%20-%2002.jpg\" border=\"0\" style=\"float: right;margin: 5px;border: 5px solid black\" \/>Con glicerina, agua y carboximetilcelulosa, las y los estudiantes tuvieron que crear un gel para el pelo, experimentando con las medidas y procedimientos buscando la consistencia adecuada. Alternando el orden de los ingredientes y sus cantidades, asesorados permanentemente por las encargadas del taller, llegaron al producto esperado, para luego exponer ante el resto de sus compa\u00f1eros el proceso realizado y los resultados obtenidos.<\/p>\n<p style=\"text-align: justify\">Viviana Tapia es profesora de Ciencias Naturales en la Escuela Espa\u00f1a y es primera vez que participa directamente en una actividad del Programa EXPLORA: \u201cel a\u00f1o pasado participamos con los chicos en la Feria Comunal de Recoleta y a partir de esa experiencia nos fuimos acercando al trabajo cient\u00edfico, incluso pudimos equipar nuestro propio laboratorio. Este taller me pareci\u00f3 fant\u00e1stico, estuvimos todos experimentando y nos vamos con muchas ideas para hacer experimentos, porque a los ni\u00f1os les gusta eso y aprenden experimentado, toda la vida ha sido igual\u201d.<\/p>\n<p style=\"text-align: justify\"><img decoding=\"async\" src=\"images\/IMAGENES-RM-NORTE\/Taller%20Recoleta%20-%2003.jpg\" border=\"0\" style=\"float: left;margin: 5px;border: 5px solid black\" \/>Violeta Arriaza, profesora del Liceo Arturo P\u00e9rez Canto, particip\u00f3 en ambas versiones y coment\u00f3: \u201cMe gust\u00f3 la actividad porque fue atractiva para los ni\u00f1os, de partida los saca del aula y eso es un plus desde el punto de vista del trabajo porque no se dan cuenta que est\u00e1n aprendiendo y las cosas fluyen m\u00e1s, porque les gusta mucho este tipo de actividades\u201d.<\/p>\n<p style=\"text-align: justify\">Participaron el taller delegaciones de estudiantes de los Liceos Arturo P\u00e9rez Canto y Juanita Fern\u00e1ndez Solar, tambi\u00e9n de las Escuelas Espa\u00f1a, Marta Colbin, Puerto Rico, Hermana Mar\u00eda Goretti, V\u00edctor Cuccuini y del Complejo Educacional Jos\u00e9 Miguel Carrera.<\/p>\n<p>\u00a0<\/p>\n<p><a href=\"https:\/\/www.facebook.com\/media\/set\/?set=a.309901409172857.1073741942.180288868800779&amp;type=3\">Revisa aqu\u00ed las fotos del Taller<br \/><\/a><\/p>\n","protected":false},"excerpt":{"rendered":"<p>Durante junio se sostuvieron encuentros con estudiantes de establecimientos municipalizados de Recoleta con el fin de acercarlos al desarrollo de proyectos cient\u00edficos. \u00a0 El Liceo Juanita Fern\u00e1ndez Solar fue la sede que acogi\u00f3 a representantes de diferentes establecimientos de la comuna los d\u00edas 17 y 24 junio, con versiones para estudiantes de b\u00e1sica y media [&hellip;]<\/p>\n","protected":false},"author":2,"featured_media":33773,"comment_status":"closed","ping_status":"open","sticky":false,"template":"","format":"standard","meta":{"_acf_changed":false,"_exactmetrics_skip_tracking":false,"_exactmetrics_sitenote_active":false,"_exactmetrics_sitenote_note":"","_exactmetrics_sitenote_category":0,"footnotes":"","_links_to":"","_links_to_target":""},"categories":[4],"tags":[],"class_list":["post-31955","post","type-post","status-publish","format-standard","has-post-thumbnail","hentry","category-noticias"],"acf":[],"yoast_head":"<!-- This site is optimized with the Yoast SEO plugin v26.9 - https:\/\/yoast.com\/product\/yoast-seo-wordpress\/ -->\n<title>Talleres en Recoleta incentivaron la investigaci\u00f3n en ciencias - RM Norte<\/title>\n<meta name=\"robots\" content=\"index, follow, max-snippet:-1, max-image-preview:large, max-video-preview:-1\" \/>\n<link rel=\"canonical\" href=\"https:\/\/explora.cl\/rmnorte\/durante-junio-se-sostuvieron-encuentros-con-estudiantes-de-establecimientos-municipalizados-de-recoleta-con-el-fin-de-acercarlos-al-desarrollo-de-proyectos-cientificos\/\" class=\"yoast-seo-meta-tag\" \/>\n<meta property=\"og:locale\" content=\"es_ES\" class=\"yoast-seo-meta-tag\" \/>\n<meta property=\"og:type\" content=\"article\" class=\"yoast-seo-meta-tag\" \/>\n<meta property=\"og:title\" content=\"Talleres en Recoleta incentivaron la investigaci\u00f3n en ciencias - RM Norte\" class=\"yoast-seo-meta-tag\" \/>\n<meta property=\"og:description\" content=\"Durante junio se sostuvieron encuentros con estudiantes de establecimientos municipalizados de Recoleta con el fin de acercarlos al desarrollo de proyectos cient\u00edficos. \u00a0 El Liceo Juanita Fern\u00e1ndez Solar fue la sede que acogi\u00f3 a representantes de diferentes establecimientos de la comuna los d\u00edas 17 y 24 junio, con versiones para estudiantes de b\u00e1sica y media [&hellip;]\" class=\"yoast-seo-meta-tag\" \/>\n<meta property=\"og:url\" content=\"https:\/\/explora.cl\/rmnorte\/durante-junio-se-sostuvieron-encuentros-con-estudiantes-de-establecimientos-municipalizados-de-recoleta-con-el-fin-de-acercarlos-al-desarrollo-de-proyectos-cientificos\/\" class=\"yoast-seo-meta-tag\" \/>\n<meta property=\"og:site_name\" content=\"RM Norte\" class=\"yoast-seo-meta-tag\" \/>\n<meta property=\"article:published_time\" content=\"2014-06-26T04:00:00+00:00\" class=\"yoast-seo-meta-tag\" \/>\n<meta property=\"article:modified_time\" content=\"2019-05-20T17:24:12+00:00\" class=\"yoast-seo-meta-tag\" \/>\n<meta property=\"og:image\" content=\"https:\/\/explora.cl\/rmnorte\/wp-content\/uploads\/sites\/11\/2018\/06\/8d49e1f42a25f39552b52fa6de90477e.jpg\" class=\"yoast-seo-meta-tag\" \/>\n\t<meta property=\"og:image:width\" content=\"518\" class=\"yoast-seo-meta-tag\" \/>\n\t<meta property=\"og:image:height\" content=\"500\" class=\"yoast-seo-meta-tag\" \/>\n\t<meta property=\"og:image:type\" content=\"image\/jpeg\" class=\"yoast-seo-meta-tag\" \/>\n<meta name=\"author\" content=\"webman\" class=\"yoast-seo-meta-tag\" \/>\n<meta name=\"twitter:card\" content=\"summary_large_image\" class=\"yoast-seo-meta-tag\" \/>\n<meta name=\"twitter:label1\" content=\"Escrito por\" class=\"yoast-seo-meta-tag\" \/>\n\t<meta name=\"twitter:data1\" content=\"webman\" class=\"yoast-seo-meta-tag\" \/>\n\t<meta name=\"twitter:label2\" content=\"Tiempo estimado de lectura\" class=\"yoast-seo-meta-tag\" \/>\n\t<meta name=\"twitter:data2\" content=\"2 minutos\" class=\"yoast-seo-meta-tag\" \/>\n<script type=\"application\/ld+json\" class=\"yoast-schema-graph\">{\"@context\":\"https:\/\/schema.org\",\"@graph\":[{\"@type\":\"Article\",\"@id\":\"https:\/\/explora.cl\/rmnorte\/durante-junio-se-sostuvieron-encuentros-con-estudiantes-de-establecimientos-municipalizados-de-recoleta-con-el-fin-de-acercarlos-al-desarrollo-de-proyectos-cientificos\/#article\",\"isPartOf\":{\"@id\":\"https:\/\/explora.cl\/rmnorte\/durante-junio-se-sostuvieron-encuentros-con-estudiantes-de-establecimientos-municipalizados-de-recoleta-con-el-fin-de-acercarlos-al-desarrollo-de-proyectos-cientificos\/\"},\"author\":{\"name\":\"webman\",\"@id\":\"https:\/\/explora.cl\/rmnorte\/#\/schema\/person\/cb8349c13ea2d324080adf8480d7ba5d\"},\"headline\":\"Talleres en Recoleta incentivaron la investigaci\u00f3n en ciencias\",\"datePublished\":\"2014-06-26T04:00:00+00:00\",\"dateModified\":\"2019-05-20T17:24:12+00:00\",\"mainEntityOfPage\":{\"@id\":\"https:\/\/explora.cl\/rmnorte\/durante-junio-se-sostuvieron-encuentros-con-estudiantes-de-establecimientos-municipalizados-de-recoleta-con-el-fin-de-acercarlos-al-desarrollo-de-proyectos-cientificos\/\"},\"wordCount\":462,\"image\":{\"@id\":\"https:\/\/explora.cl\/rmnorte\/durante-junio-se-sostuvieron-encuentros-con-estudiantes-de-establecimientos-municipalizados-de-recoleta-con-el-fin-de-acercarlos-al-desarrollo-de-proyectos-cientificos\/#primaryimage\"},\"thumbnailUrl\":\"https:\/\/explora.cl\/rmnorte\/wp-content\/uploads\/sites\/11\/2018\/06\/8d49e1f42a25f39552b52fa6de90477e.jpg\",\"articleSection\":[\"Noticias\"],\"inLanguage\":\"es-CL\"},{\"@type\":\"WebPage\",\"@id\":\"https:\/\/explora.cl\/rmnorte\/durante-junio-se-sostuvieron-encuentros-con-estudiantes-de-establecimientos-municipalizados-de-recoleta-con-el-fin-de-acercarlos-al-desarrollo-de-proyectos-cientificos\/\",\"url\":\"https:\/\/explora.cl\/rmnorte\/durante-junio-se-sostuvieron-encuentros-con-estudiantes-de-establecimientos-municipalizados-de-recoleta-con-el-fin-de-acercarlos-al-desarrollo-de-proyectos-cientificos\/\",\"name\":\"Talleres en Recoleta incentivaron la investigaci\u00f3n en ciencias - RM Norte\",\"isPartOf\":{\"@id\":\"https:\/\/explora.cl\/rmnorte\/#website\"},\"primaryImageOfPage\":{\"@id\":\"https:\/\/explora.cl\/rmnorte\/durante-junio-se-sostuvieron-encuentros-con-estudiantes-de-establecimientos-municipalizados-de-recoleta-con-el-fin-de-acercarlos-al-desarrollo-de-proyectos-cientificos\/#primaryimage\"},\"image\":{\"@id\":\"https:\/\/explora.cl\/rmnorte\/durante-junio-se-sostuvieron-encuentros-con-estudiantes-de-establecimientos-municipalizados-de-recoleta-con-el-fin-de-acercarlos-al-desarrollo-de-proyectos-cientificos\/#primaryimage\"},\"thumbnailUrl\":\"https:\/\/explora.cl\/rmnorte\/wp-content\/uploads\/sites\/11\/2018\/06\/8d49e1f42a25f39552b52fa6de90477e.jpg\",\"datePublished\":\"2014-06-26T04:00:00+00:00\",\"dateModified\":\"2019-05-20T17:24:12+00:00\",\"author\":{\"@id\":\"https:\/\/explora.cl\/rmnorte\/#\/schema\/person\/cb8349c13ea2d324080adf8480d7ba5d\"},\"breadcrumb\":{\"@id\":\"https:\/\/explora.cl\/rmnorte\/durante-junio-se-sostuvieron-encuentros-con-estudiantes-de-establecimientos-municipalizados-de-recoleta-con-el-fin-de-acercarlos-al-desarrollo-de-proyectos-cientificos\/#breadcrumb\"},\"inLanguage\":\"es-CL\",\"potentialAction\":[{\"@type\":\"ReadAction\",\"target\":[\"https:\/\/explora.cl\/rmnorte\/durante-junio-se-sostuvieron-encuentros-con-estudiantes-de-establecimientos-municipalizados-de-recoleta-con-el-fin-de-acercarlos-al-desarrollo-de-proyectos-cientificos\/\"]}]},{\"@type\":\"ImageObject\",\"inLanguage\":\"es-CL\",\"@id\":\"https:\/\/explora.cl\/rmnorte\/durante-junio-se-sostuvieron-encuentros-con-estudiantes-de-establecimientos-municipalizados-de-recoleta-con-el-fin-de-acercarlos-al-desarrollo-de-proyectos-cientificos\/#primaryimage\",\"url\":\"https:\/\/explora.cl\/rmnorte\/wp-content\/uploads\/sites\/11\/2018\/06\/8d49e1f42a25f39552b52fa6de90477e.jpg\",\"contentUrl\":\"https:\/\/explora.cl\/rmnorte\/wp-content\/uploads\/sites\/11\/2018\/06\/8d49e1f42a25f39552b52fa6de90477e.jpg\",\"width\":518,\"height\":500},{\"@type\":\"BreadcrumbList\",\"@id\":\"https:\/\/explora.cl\/rmnorte\/durante-junio-se-sostuvieron-encuentros-con-estudiantes-de-establecimientos-municipalizados-de-recoleta-con-el-fin-de-acercarlos-al-desarrollo-de-proyectos-cientificos\/#breadcrumb\",\"itemListElement\":[{\"@type\":\"ListItem\",\"position\":1,\"name\":\"Portada\",\"item\":\"https:\/\/explora.cl\/rmnorte\/\"},{\"@type\":\"ListItem\",\"position\":2,\"name\":\"Talleres en Recoleta incentivaron la investigaci\u00f3n en ciencias\"}]},{\"@type\":\"WebSite\",\"@id\":\"https:\/\/explora.cl\/rmnorte\/#website\",\"url\":\"https:\/\/explora.cl\/rmnorte\/\",\"name\":\"RM Norte\",\"description\":\"RM Norte explora.cl\",\"potentialAction\":[{\"@type\":\"SearchAction\",\"target\":{\"@type\":\"EntryPoint\",\"urlTemplate\":\"https:\/\/explora.cl\/rmnorte\/?s={search_term_string}\"},\"query-input\":{\"@type\":\"PropertyValueSpecification\",\"valueRequired\":true,\"valueName\":\"search_term_string\"}}],\"inLanguage\":\"es-CL\"},{\"@type\":\"Person\",\"@id\":\"https:\/\/explora.cl\/rmnorte\/#\/schema\/person\/cb8349c13ea2d324080adf8480d7ba5d\",\"name\":\"webman\",\"image\":{\"@type\":\"ImageObject\",\"inLanguage\":\"es-CL\",\"@id\":\"https:\/\/explora.cl\/rmnorte\/#\/schema\/person\/image\/\",\"url\":\"https:\/\/secure.gravatar.com\/avatar\/eeff3c82f2c02f7177d13663b7e6f890e9a6a0647ce9bb29cae02dcb094c7312?s=96&d=mm&r=g\",\"contentUrl\":\"https:\/\/secure.gravatar.com\/avatar\/eeff3c82f2c02f7177d13663b7e6f890e9a6a0647ce9bb29cae02dcb094c7312?s=96&d=mm&r=g\",\"caption\":\"webman\"},\"url\":\"https:\/\/explora.cl\/rmnorte\/author\/webman\/\"}]}<\/script>\n<!-- \/ Yoast SEO plugin. -->","yoast_head_json":{"title":"Talleres en Recoleta incentivaron la investigaci\u00f3n en ciencias - RM Norte","robots":{"index":"index","follow":"follow","max-snippet":"max-snippet:-1","max-image-preview":"max-image-preview:large","max-video-preview":"max-video-preview:-1"},"canonical":"https:\/\/explora.cl\/rmnorte\/durante-junio-se-sostuvieron-encuentros-con-estudiantes-de-establecimientos-municipalizados-de-recoleta-con-el-fin-de-acercarlos-al-desarrollo-de-proyectos-cientificos\/","og_locale":"es_ES","og_type":"article","og_title":"Talleres en Recoleta incentivaron la investigaci\u00f3n en ciencias - RM Norte","og_description":"Durante junio se sostuvieron encuentros con estudiantes de establecimientos municipalizados de Recoleta con el fin de acercarlos al desarrollo de proyectos cient\u00edficos. \u00a0 El Liceo Juanita Fern\u00e1ndez Solar fue la sede que acogi\u00f3 a representantes de diferentes establecimientos de la comuna los d\u00edas 17 y 24 junio, con versiones para estudiantes de b\u00e1sica y media [&hellip;]","og_url":"https:\/\/explora.cl\/rmnorte\/durante-junio-se-sostuvieron-encuentros-con-estudiantes-de-establecimientos-municipalizados-de-recoleta-con-el-fin-de-acercarlos-al-desarrollo-de-proyectos-cientificos\/","og_site_name":"RM Norte","article_published_time":"2014-06-26T04:00:00+00:00","article_modified_time":"2019-05-20T17:24:12+00:00","og_image":[{"width":518,"height":500,"url":"https:\/\/explora.cl\/rmnorte\/wp-content\/uploads\/sites\/11\/2018\/06\/8d49e1f42a25f39552b52fa6de90477e.jpg","type":"image\/jpeg"}],"author":"webman","twitter_card":"summary_large_image","twitter_misc":{"Escrito por":"webman","Tiempo estimado de lectura":"2 minutos"},"schema":{"@context":"https:\/\/schema.org","@graph":[{"@type":"Article","@id":"https:\/\/explora.cl\/rmnorte\/durante-junio-se-sostuvieron-encuentros-con-estudiantes-de-establecimientos-municipalizados-de-recoleta-con-el-fin-de-acercarlos-al-desarrollo-de-proyectos-cientificos\/#article","isPartOf":{"@id":"https:\/\/explora.cl\/rmnorte\/durante-junio-se-sostuvieron-encuentros-con-estudiantes-de-establecimientos-municipalizados-de-recoleta-con-el-fin-de-acercarlos-al-desarrollo-de-proyectos-cientificos\/"},"author":{"name":"webman","@id":"https:\/\/explora.cl\/rmnorte\/#\/schema\/person\/cb8349c13ea2d324080adf8480d7ba5d"},"headline":"Talleres en Recoleta incentivaron la investigaci\u00f3n en ciencias","datePublished":"2014-06-26T04:00:00+00:00","dateModified":"2019-05-20T17:24:12+00:00","mainEntityOfPage":{"@id":"https:\/\/explora.cl\/rmnorte\/durante-junio-se-sostuvieron-encuentros-con-estudiantes-de-establecimientos-municipalizados-de-recoleta-con-el-fin-de-acercarlos-al-desarrollo-de-proyectos-cientificos\/"},"wordCount":462,"image":{"@id":"https:\/\/explora.cl\/rmnorte\/durante-junio-se-sostuvieron-encuentros-con-estudiantes-de-establecimientos-municipalizados-de-recoleta-con-el-fin-de-acercarlos-al-desarrollo-de-proyectos-cientificos\/#primaryimage"},"thumbnailUrl":"https:\/\/explora.cl\/rmnorte\/wp-content\/uploads\/sites\/11\/2018\/06\/8d49e1f42a25f39552b52fa6de90477e.jpg","articleSection":["Noticias"],"inLanguage":"es-CL"},{"@type":"WebPage","@id":"https:\/\/explora.cl\/rmnorte\/durante-junio-se-sostuvieron-encuentros-con-estudiantes-de-establecimientos-municipalizados-de-recoleta-con-el-fin-de-acercarlos-al-desarrollo-de-proyectos-cientificos\/","url":"https:\/\/explora.cl\/rmnorte\/durante-junio-se-sostuvieron-encuentros-con-estudiantes-de-establecimientos-municipalizados-de-recoleta-con-el-fin-de-acercarlos-al-desarrollo-de-proyectos-cientificos\/","name":"Talleres en Recoleta incentivaron la investigaci\u00f3n en ciencias - RM Norte","isPartOf":{"@id":"https:\/\/explora.cl\/rmnorte\/#website"},"primaryImageOfPage":{"@id":"https:\/\/explora.cl\/rmnorte\/durante-junio-se-sostuvieron-encuentros-con-estudiantes-de-establecimientos-municipalizados-de-recoleta-con-el-fin-de-acercarlos-al-desarrollo-de-proyectos-cientificos\/#primaryimage"},"image":{"@id":"https:\/\/explora.cl\/rmnorte\/durante-junio-se-sostuvieron-encuentros-con-estudiantes-de-establecimientos-municipalizados-de-recoleta-con-el-fin-de-acercarlos-al-desarrollo-de-proyectos-cientificos\/#primaryimage"},"thumbnailUrl":"https:\/\/explora.cl\/rmnorte\/wp-content\/uploads\/sites\/11\/2018\/06\/8d49e1f42a25f39552b52fa6de90477e.jpg","datePublished":"2014-06-26T04:00:00+00:00","dateModified":"2019-05-20T17:24:12+00:00","author":{"@id":"https:\/\/explora.cl\/rmnorte\/#\/schema\/person\/cb8349c13ea2d324080adf8480d7ba5d"},"breadcrumb":{"@id":"https:\/\/explora.cl\/rmnorte\/durante-junio-se-sostuvieron-encuentros-con-estudiantes-de-establecimientos-municipalizados-de-recoleta-con-el-fin-de-acercarlos-al-desarrollo-de-proyectos-cientificos\/#breadcrumb"},"inLanguage":"es-CL","potentialAction":[{"@type":"ReadAction","target":["https:\/\/explora.cl\/rmnorte\/durante-junio-se-sostuvieron-encuentros-con-estudiantes-de-establecimientos-municipalizados-de-recoleta-con-el-fin-de-acercarlos-al-desarrollo-de-proyectos-cientificos\/"]}]},{"@type":"ImageObject","inLanguage":"es-CL","@id":"https:\/\/explora.cl\/rmnorte\/durante-junio-se-sostuvieron-encuentros-con-estudiantes-de-establecimientos-municipalizados-de-recoleta-con-el-fin-de-acercarlos-al-desarrollo-de-proyectos-cientificos\/#primaryimage","url":"https:\/\/explora.cl\/rmnorte\/wp-content\/uploads\/sites\/11\/2018\/06\/8d49e1f42a25f39552b52fa6de90477e.jpg","contentUrl":"https:\/\/explora.cl\/rmnorte\/wp-content\/uploads\/sites\/11\/2018\/06\/8d49e1f42a25f39552b52fa6de90477e.jpg","width":518,"height":500},{"@type":"BreadcrumbList","@id":"https:\/\/explora.cl\/rmnorte\/durante-junio-se-sostuvieron-encuentros-con-estudiantes-de-establecimientos-municipalizados-de-recoleta-con-el-fin-de-acercarlos-al-desarrollo-de-proyectos-cientificos\/#breadcrumb","itemListElement":[{"@type":"ListItem","position":1,"name":"Portada","item":"https:\/\/explora.cl\/rmnorte\/"},{"@type":"ListItem","position":2,"name":"Talleres en Recoleta incentivaron la investigaci\u00f3n en ciencias"}]},{"@type":"WebSite","@id":"https:\/\/explora.cl\/rmnorte\/#website","url":"https:\/\/explora.cl\/rmnorte\/","name":"RM Norte","description":"RM Norte explora.cl","potentialAction":[{"@type":"SearchAction","target":{"@type":"EntryPoint","urlTemplate":"https:\/\/explora.cl\/rmnorte\/?s={search_term_string}"},"query-input":{"@type":"PropertyValueSpecification","valueRequired":true,"valueName":"search_term_string"}}],"inLanguage":"es-CL"},{"@type":"Person","@id":"https:\/\/explora.cl\/rmnorte\/#\/schema\/person\/cb8349c13ea2d324080adf8480d7ba5d","name":"webman","image":{"@type":"ImageObject","inLanguage":"es-CL","@id":"https:\/\/explora.cl\/rmnorte\/#\/schema\/person\/image\/","url":"https:\/\/secure.gravatar.com\/avatar\/eeff3c82f2c02f7177d13663b7e6f890e9a6a0647ce9bb29cae02dcb094c7312?s=96&d=mm&r=g","contentUrl":"https:\/\/secure.gravatar.com\/avatar\/eeff3c82f2c02f7177d13663b7e6f890e9a6a0647ce9bb29cae02dcb094c7312?s=96&d=mm&r=g","caption":"webman"},"url":"https:\/\/explora.cl\/rmnorte\/author\/webman\/"}]}},"_links":{"self":[{"href":"https:\/\/explora.cl\/rmnorte\/wp-json\/wp\/v2\/posts\/31955","targetHints":{"allow":["GET"]}}],"collection":[{"href":"https:\/\/explora.cl\/rmnorte\/wp-json\/wp\/v2\/posts"}],"about":[{"href":"https:\/\/explora.cl\/rmnorte\/wp-json\/wp\/v2\/types\/post"}],"author":[{"embeddable":true,"href":"https:\/\/explora.cl\/rmnorte\/wp-json\/wp\/v2\/users\/2"}],"replies":[{"embeddable":true,"href":"https:\/\/explora.cl\/rmnorte\/wp-json\/wp\/v2\/comments?post=31955"}],"version-history":[{"count":1,"href":"https:\/\/explora.cl\/rmnorte\/wp-json\/wp\/v2\/posts\/31955\/revisions"}],"predecessor-version":[{"id":38619,"href":"https:\/\/explora.cl\/rmnorte\/wp-json\/wp\/v2\/posts\/31955\/revisions\/38619"}],"wp:featuredmedia":[{"embeddable":true,"href":"https:\/\/explora.cl\/rmnorte\/wp-json\/wp\/v2\/media\/33773"}],"wp:attachment":[{"href":"https:\/\/explora.cl\/rmnorte\/wp-json\/wp\/v2\/media?parent=31955"}],"wp:term":[{"taxonomy":"category","embeddable":true,"href":"https:\/\/explora.cl\/rmnorte\/wp-json\/wp\/v2\/categories?post=31955"},{"taxonomy":"post_tag","embeddable":true,"href":"https:\/\/explora.cl\/rmnorte\/wp-json\/wp\/v2\/tags?post=31955"}],"curies":[{"name":"wp","href":"https:\/\/api.w.org\/{rel}","templated":true}]}}