{"id":31943,"date":"2014-06-23T00:00:00","date_gmt":"2014-06-23T04:00:00","guid":{"rendered":"https:\/\/explora.cl\/rmnorte\/con-sesiones-para-representantes-de-educacion-basica-y-otra-para-los-de-media-se-capacito-a-docentes-y-profesores-en-el-desarrollo-de-investigaciones-cientificas-con-miras-al-congreso-explora\/"},"modified":"2019-05-20T17:24:15","modified_gmt":"2019-05-20T17:24:15","slug":"con-sesiones-para-representantes-de-educacion-basica-y-otra-para-los-de-media-se-capacito-a-docentes-y-profesores-en-el-desarrollo-de-investigaciones-cientificas-con-miras-al-congreso-explora","status":"publish","type":"post","link":"https:\/\/explora.cl\/rmnorte\/con-sesiones-para-representantes-de-educacion-basica-y-otra-para-los-de-media-se-capacito-a-docentes-y-profesores-en-el-desarrollo-de-investigaciones-cientificas-con-miras-al-congreso-explora\/","title":{"rendered":"Taller \u201cArma Tu Proyecto\u201d abri\u00f3 el camino a las investigaciones escolares"},"content":{"rendered":"<p><img fetchpriority=\"high\" decoding=\"async\" class=\" size-full wp-image-3337\" src=\"http:\/\/ec2-34-218-253-251.us-west-2.compute.amazonaws.com\/wp-content\/uploads\/2014\/06\/97ae9caf2362be0171b4e729ee70673d.jpg\" alt=\"\" width=\"350\" height=\"350\" \/><\/p>\n<p>Con sesiones para representantes de Educaci\u00f3n B\u00e1sica y otra para los de Media, se capacit\u00f3 a docentes y profesores en el desarrollo de investigaciones cient\u00edficas con miras al Congreso EXPLORA.<\/p>\n<p>\u00a0<\/p>\n<p>El lunes 16 fue el turno de los estudiantes de 5\u00b0 a 8\u00b0 b\u00e1sico, mientras que el jueves 19 fueron convocados los que cursan entre 1\u00b0 y 3\u00b0 medio. Ambas sesiones del Taller se desarrollaron en la Sede Santiago de la Universidad Arturo Prat.<\/p>\n<p>En primera instancia las y los participantes tuvieron la oportunidad de adentrarse en las caracter\u00edsticas del M\u00e9todo Cient\u00edfico, para luego pasar a los tipos y preguntas de investigaci\u00f3n, junto con revisar la importancia de los objetivos y de la hip\u00f3tesis.<\/p>\n<p>Tambi\u00e9n analizaron la utilizaci\u00f3n de variables y constantes dentro de un proyecto, junto con la revisi\u00f3n bibliogr\u00e1fica y la validaci\u00f3n de fuentes de informaci\u00f3n.<\/p>\n<p>A continuaci\u00f3n de estos aspectos te\u00f3ricos, pusieron el conocimiento en pr\u00e1ctica, a trav\u00e9s de la formulaci\u00f3n de un proyecto cient\u00edfico en el que deb\u00edan definir la pregunta de investigaci\u00f3n, los objetivos y la metodolog\u00eda que utilizar\u00edan para desarrollarlo.<\/p>\n<p><img decoding=\"async\" src=\"images\/IMAGENES-RM-NORTE\/Arma%20Tu%20Proyecto%20-%2001.jpg\" border=\"0\" style=\"margin: 5px;float: left;border: 5px solid black\" \/>El taller finaliz\u00f3 con la exposici\u00f3n de cada grupo, donde contaron al resto de los participantes cual era la idea de su proyecto y hacia d\u00f3nde quer\u00edan enfocarlo. Al concluir cada exposici\u00f3n recibieron la retroalimentaci\u00f3n de la Directora del Proyecto Explora RM Norte, Dra. Elia Soto, quien les ayud\u00f3 a encausar la investigaci\u00f3n y definir mejor algunos elementos.<\/p>\n<p>Mar\u00eda Alejandra Mu\u00f1oz, profesora del Colegio Mar\u00eda Luisa Villal\u00f3n, no hab\u00eda participado en actividades del Explora y destac\u00f3 la instancia de participaci\u00f3n de los estudiantes: \u201cno est\u00e1n todo el d\u00eda viendo aspectos te\u00f3ricos, sino que tienen una actividad que las saca un poco de estar mirando una exposici\u00f3n te\u00f3rica\u201d.<\/p>\n<p>Jorge Armijo, docente del INSUCO 2, trabaja junto a un grupo de sus estudiantes un proyecto asesorado por la Comunidad Ingenio y desde ah\u00ed levantar\u00e1n una investigaci\u00f3n al Congreso EXPLORA, al finalizar la jornada, coment\u00f3: \u201cVi en mis estudiantes un gran inter\u00e9s de participar en este tipo de actividades, adem\u00e1s nuestro establecimiento se est\u00e1 abriendo por primera vez a participar de este tipo de instancias junto a otras comunidades escolares, acerc\u00e1ndose al \u00e1rea de la ciencia y nosotros con nuestro trabajo pretendemos consolidar esa l\u00ednea\u201d se\u00f1al\u00f3.<\/p>\n<p><img decoding=\"async\" src=\"images\/IMAGENES-RM-NORTE\/Arma%20Tu%20Proyecto%20-%2002.jpg\" border=\"0\" style=\"border: 5px solid black;margin: 5px;float: right\" \/>La fecha de postulaci\u00f3n al Congreso Regional del Programa EXPLORA CONICYT cierra el 22 de septiembre, por eso es fundamental que los establecimientos que est\u00e9n interesados en participar comiencen a desarrollar sus investigaciones desde ahora. Las Bases y Formulario ya est\u00e1n disponibles en el sitio explorarmnorte.cl<\/p>\n<p>\u00a0<\/p>\n","protected":false},"excerpt":{"rendered":"<p>Con sesiones para representantes de Educaci\u00f3n B\u00e1sica y otra para los de Media, se capacit\u00f3 a docentes y profesores en el desarrollo de investigaciones cient\u00edficas con miras al Congreso EXPLORA. \u00a0 El lunes 16 fue el turno de los estudiantes de 5\u00b0 a 8\u00b0 b\u00e1sico, mientras que el jueves 19 fueron convocados los que cursan [&hellip;]<\/p>\n","protected":false},"author":2,"featured_media":33767,"comment_status":"closed","ping_status":"open","sticky":false,"template":"","format":"standard","meta":{"_acf_changed":false,"_exactmetrics_skip_tracking":false,"_exactmetrics_sitenote_active":false,"_exactmetrics_sitenote_note":"","_exactmetrics_sitenote_category":0,"footnotes":"","_links_to":"","_links_to_target":""},"categories":[4],"tags":[],"class_list":["post-31943","post","type-post","status-publish","format-standard","has-post-thumbnail","hentry","category-noticias"],"acf":[],"yoast_head":"<!-- This site is optimized with the Yoast SEO plugin v26.9 - https:\/\/yoast.com\/product\/yoast-seo-wordpress\/ -->\n<title>Taller \u201cArma Tu Proyecto\u201d abri\u00f3 el camino a las investigaciones escolares - RM Norte<\/title>\n<meta name=\"robots\" content=\"index, follow, max-snippet:-1, max-image-preview:large, max-video-preview:-1\" \/>\n<link rel=\"canonical\" href=\"https:\/\/explora.cl\/rmnorte\/con-sesiones-para-representantes-de-educacion-basica-y-otra-para-los-de-media-se-capacito-a-docentes-y-profesores-en-el-desarrollo-de-investigaciones-cientificas-con-miras-al-congreso-explora\/\" class=\"yoast-seo-meta-tag\" \/>\n<meta property=\"og:locale\" content=\"es_ES\" class=\"yoast-seo-meta-tag\" \/>\n<meta property=\"og:type\" content=\"article\" class=\"yoast-seo-meta-tag\" \/>\n<meta property=\"og:title\" content=\"Taller \u201cArma Tu Proyecto\u201d abri\u00f3 el camino a las investigaciones escolares - RM Norte\" class=\"yoast-seo-meta-tag\" \/>\n<meta property=\"og:description\" content=\"Con sesiones para representantes de Educaci\u00f3n B\u00e1sica y otra para los de Media, se capacit\u00f3 a docentes y profesores en el desarrollo de investigaciones cient\u00edficas con miras al Congreso EXPLORA. \u00a0 El lunes 16 fue el turno de los estudiantes de 5\u00b0 a 8\u00b0 b\u00e1sico, mientras que el jueves 19 fueron convocados los que cursan [&hellip;]\" class=\"yoast-seo-meta-tag\" \/>\n<meta property=\"og:url\" content=\"https:\/\/explora.cl\/rmnorte\/con-sesiones-para-representantes-de-educacion-basica-y-otra-para-los-de-media-se-capacito-a-docentes-y-profesores-en-el-desarrollo-de-investigaciones-cientificas-con-miras-al-congreso-explora\/\" class=\"yoast-seo-meta-tag\" \/>\n<meta property=\"og:site_name\" content=\"RM Norte\" class=\"yoast-seo-meta-tag\" \/>\n<meta property=\"article:published_time\" content=\"2014-06-23T04:00:00+00:00\" class=\"yoast-seo-meta-tag\" \/>\n<meta property=\"article:modified_time\" content=\"2019-05-20T17:24:15+00:00\" class=\"yoast-seo-meta-tag\" \/>\n<meta property=\"og:image\" content=\"https:\/\/explora.cl\/rmnorte\/wp-content\/uploads\/sites\/11\/2018\/06\/97ae9caf2362be0171b4e729ee70673d.jpg\" class=\"yoast-seo-meta-tag\" \/>\n\t<meta property=\"og:image:width\" content=\"350\" class=\"yoast-seo-meta-tag\" \/>\n\t<meta property=\"og:image:height\" content=\"350\" class=\"yoast-seo-meta-tag\" \/>\n\t<meta property=\"og:image:type\" content=\"image\/jpeg\" class=\"yoast-seo-meta-tag\" \/>\n<meta name=\"author\" content=\"webman\" class=\"yoast-seo-meta-tag\" \/>\n<meta name=\"twitter:card\" content=\"summary_large_image\" class=\"yoast-seo-meta-tag\" \/>\n<meta name=\"twitter:label1\" content=\"Escrito por\" class=\"yoast-seo-meta-tag\" \/>\n\t<meta name=\"twitter:data1\" content=\"webman\" class=\"yoast-seo-meta-tag\" \/>\n\t<meta name=\"twitter:label2\" content=\"Tiempo estimado de lectura\" class=\"yoast-seo-meta-tag\" \/>\n\t<meta name=\"twitter:data2\" content=\"2 minutos\" class=\"yoast-seo-meta-tag\" \/>\n<script type=\"application\/ld+json\" class=\"yoast-schema-graph\">{\"@context\":\"https:\/\/schema.org\",\"@graph\":[{\"@type\":\"Article\",\"@id\":\"https:\/\/explora.cl\/rmnorte\/con-sesiones-para-representantes-de-educacion-basica-y-otra-para-los-de-media-se-capacito-a-docentes-y-profesores-en-el-desarrollo-de-investigaciones-cientificas-con-miras-al-congreso-explora\/#article\",\"isPartOf\":{\"@id\":\"https:\/\/explora.cl\/rmnorte\/con-sesiones-para-representantes-de-educacion-basica-y-otra-para-los-de-media-se-capacito-a-docentes-y-profesores-en-el-desarrollo-de-investigaciones-cientificas-con-miras-al-congreso-explora\/\"},\"author\":{\"name\":\"webman\",\"@id\":\"https:\/\/explora.cl\/rmnorte\/#\/schema\/person\/cb8349c13ea2d324080adf8480d7ba5d\"},\"headline\":\"Taller \u201cArma Tu Proyecto\u201d abri\u00f3 el camino a las investigaciones escolares\",\"datePublished\":\"2014-06-23T04:00:00+00:00\",\"dateModified\":\"2019-05-20T17:24:15+00:00\",\"mainEntityOfPage\":{\"@id\":\"https:\/\/explora.cl\/rmnorte\/con-sesiones-para-representantes-de-educacion-basica-y-otra-para-los-de-media-se-capacito-a-docentes-y-profesores-en-el-desarrollo-de-investigaciones-cientificas-con-miras-al-congreso-explora\/\"},\"wordCount\":471,\"image\":{\"@id\":\"https:\/\/explora.cl\/rmnorte\/con-sesiones-para-representantes-de-educacion-basica-y-otra-para-los-de-media-se-capacito-a-docentes-y-profesores-en-el-desarrollo-de-investigaciones-cientificas-con-miras-al-congreso-explora\/#primaryimage\"},\"thumbnailUrl\":\"https:\/\/explora.cl\/rmnorte\/wp-content\/uploads\/sites\/11\/2018\/06\/97ae9caf2362be0171b4e729ee70673d.jpg\",\"articleSection\":[\"Noticias\"],\"inLanguage\":\"es-CL\"},{\"@type\":\"WebPage\",\"@id\":\"https:\/\/explora.cl\/rmnorte\/con-sesiones-para-representantes-de-educacion-basica-y-otra-para-los-de-media-se-capacito-a-docentes-y-profesores-en-el-desarrollo-de-investigaciones-cientificas-con-miras-al-congreso-explora\/\",\"url\":\"https:\/\/explora.cl\/rmnorte\/con-sesiones-para-representantes-de-educacion-basica-y-otra-para-los-de-media-se-capacito-a-docentes-y-profesores-en-el-desarrollo-de-investigaciones-cientificas-con-miras-al-congreso-explora\/\",\"name\":\"Taller \u201cArma Tu Proyecto\u201d abri\u00f3 el camino a las investigaciones escolares - RM Norte\",\"isPartOf\":{\"@id\":\"https:\/\/explora.cl\/rmnorte\/#website\"},\"primaryImageOfPage\":{\"@id\":\"https:\/\/explora.cl\/rmnorte\/con-sesiones-para-representantes-de-educacion-basica-y-otra-para-los-de-media-se-capacito-a-docentes-y-profesores-en-el-desarrollo-de-investigaciones-cientificas-con-miras-al-congreso-explora\/#primaryimage\"},\"image\":{\"@id\":\"https:\/\/explora.cl\/rmnorte\/con-sesiones-para-representantes-de-educacion-basica-y-otra-para-los-de-media-se-capacito-a-docentes-y-profesores-en-el-desarrollo-de-investigaciones-cientificas-con-miras-al-congreso-explora\/#primaryimage\"},\"thumbnailUrl\":\"https:\/\/explora.cl\/rmnorte\/wp-content\/uploads\/sites\/11\/2018\/06\/97ae9caf2362be0171b4e729ee70673d.jpg\",\"datePublished\":\"2014-06-23T04:00:00+00:00\",\"dateModified\":\"2019-05-20T17:24:15+00:00\",\"author\":{\"@id\":\"https:\/\/explora.cl\/rmnorte\/#\/schema\/person\/cb8349c13ea2d324080adf8480d7ba5d\"},\"breadcrumb\":{\"@id\":\"https:\/\/explora.cl\/rmnorte\/con-sesiones-para-representantes-de-educacion-basica-y-otra-para-los-de-media-se-capacito-a-docentes-y-profesores-en-el-desarrollo-de-investigaciones-cientificas-con-miras-al-congreso-explora\/#breadcrumb\"},\"inLanguage\":\"es-CL\",\"potentialAction\":[{\"@type\":\"ReadAction\",\"target\":[\"https:\/\/explora.cl\/rmnorte\/con-sesiones-para-representantes-de-educacion-basica-y-otra-para-los-de-media-se-capacito-a-docentes-y-profesores-en-el-desarrollo-de-investigaciones-cientificas-con-miras-al-congreso-explora\/\"]}]},{\"@type\":\"ImageObject\",\"inLanguage\":\"es-CL\",\"@id\":\"https:\/\/explora.cl\/rmnorte\/con-sesiones-para-representantes-de-educacion-basica-y-otra-para-los-de-media-se-capacito-a-docentes-y-profesores-en-el-desarrollo-de-investigaciones-cientificas-con-miras-al-congreso-explora\/#primaryimage\",\"url\":\"https:\/\/explora.cl\/rmnorte\/wp-content\/uploads\/sites\/11\/2018\/06\/97ae9caf2362be0171b4e729ee70673d.jpg\",\"contentUrl\":\"https:\/\/explora.cl\/rmnorte\/wp-content\/uploads\/sites\/11\/2018\/06\/97ae9caf2362be0171b4e729ee70673d.jpg\",\"width\":350,\"height\":350},{\"@type\":\"BreadcrumbList\",\"@id\":\"https:\/\/explora.cl\/rmnorte\/con-sesiones-para-representantes-de-educacion-basica-y-otra-para-los-de-media-se-capacito-a-docentes-y-profesores-en-el-desarrollo-de-investigaciones-cientificas-con-miras-al-congreso-explora\/#breadcrumb\",\"itemListElement\":[{\"@type\":\"ListItem\",\"position\":1,\"name\":\"Portada\",\"item\":\"https:\/\/explora.cl\/rmnorte\/\"},{\"@type\":\"ListItem\",\"position\":2,\"name\":\"Taller \u201cArma Tu Proyecto\u201d abri\u00f3 el camino a las investigaciones escolares\"}]},{\"@type\":\"WebSite\",\"@id\":\"https:\/\/explora.cl\/rmnorte\/#website\",\"url\":\"https:\/\/explora.cl\/rmnorte\/\",\"name\":\"RM Norte\",\"description\":\"RM Norte explora.cl\",\"potentialAction\":[{\"@type\":\"SearchAction\",\"target\":{\"@type\":\"EntryPoint\",\"urlTemplate\":\"https:\/\/explora.cl\/rmnorte\/?s={search_term_string}\"},\"query-input\":{\"@type\":\"PropertyValueSpecification\",\"valueRequired\":true,\"valueName\":\"search_term_string\"}}],\"inLanguage\":\"es-CL\"},{\"@type\":\"Person\",\"@id\":\"https:\/\/explora.cl\/rmnorte\/#\/schema\/person\/cb8349c13ea2d324080adf8480d7ba5d\",\"name\":\"webman\",\"image\":{\"@type\":\"ImageObject\",\"inLanguage\":\"es-CL\",\"@id\":\"https:\/\/explora.cl\/rmnorte\/#\/schema\/person\/image\/\",\"url\":\"https:\/\/secure.gravatar.com\/avatar\/eeff3c82f2c02f7177d13663b7e6f890e9a6a0647ce9bb29cae02dcb094c7312?s=96&d=mm&r=g\",\"contentUrl\":\"https:\/\/secure.gravatar.com\/avatar\/eeff3c82f2c02f7177d13663b7e6f890e9a6a0647ce9bb29cae02dcb094c7312?s=96&d=mm&r=g\",\"caption\":\"webman\"},\"url\":\"https:\/\/explora.cl\/rmnorte\/author\/webman\/\"}]}<\/script>\n<!-- \/ Yoast SEO plugin. -->","yoast_head_json":{"title":"Taller \u201cArma Tu Proyecto\u201d abri\u00f3 el camino a las investigaciones escolares - RM Norte","robots":{"index":"index","follow":"follow","max-snippet":"max-snippet:-1","max-image-preview":"max-image-preview:large","max-video-preview":"max-video-preview:-1"},"canonical":"https:\/\/explora.cl\/rmnorte\/con-sesiones-para-representantes-de-educacion-basica-y-otra-para-los-de-media-se-capacito-a-docentes-y-profesores-en-el-desarrollo-de-investigaciones-cientificas-con-miras-al-congreso-explora\/","og_locale":"es_ES","og_type":"article","og_title":"Taller \u201cArma Tu Proyecto\u201d abri\u00f3 el camino a las investigaciones escolares - RM Norte","og_description":"Con sesiones para representantes de Educaci\u00f3n B\u00e1sica y otra para los de Media, se capacit\u00f3 a docentes y profesores en el desarrollo de investigaciones cient\u00edficas con miras al Congreso EXPLORA. \u00a0 El lunes 16 fue el turno de los estudiantes de 5\u00b0 a 8\u00b0 b\u00e1sico, mientras que el jueves 19 fueron convocados los que cursan [&hellip;]","og_url":"https:\/\/explora.cl\/rmnorte\/con-sesiones-para-representantes-de-educacion-basica-y-otra-para-los-de-media-se-capacito-a-docentes-y-profesores-en-el-desarrollo-de-investigaciones-cientificas-con-miras-al-congreso-explora\/","og_site_name":"RM Norte","article_published_time":"2014-06-23T04:00:00+00:00","article_modified_time":"2019-05-20T17:24:15+00:00","og_image":[{"width":350,"height":350,"url":"https:\/\/explora.cl\/rmnorte\/wp-content\/uploads\/sites\/11\/2018\/06\/97ae9caf2362be0171b4e729ee70673d.jpg","type":"image\/jpeg"}],"author":"webman","twitter_card":"summary_large_image","twitter_misc":{"Escrito por":"webman","Tiempo estimado de lectura":"2 minutos"},"schema":{"@context":"https:\/\/schema.org","@graph":[{"@type":"Article","@id":"https:\/\/explora.cl\/rmnorte\/con-sesiones-para-representantes-de-educacion-basica-y-otra-para-los-de-media-se-capacito-a-docentes-y-profesores-en-el-desarrollo-de-investigaciones-cientificas-con-miras-al-congreso-explora\/#article","isPartOf":{"@id":"https:\/\/explora.cl\/rmnorte\/con-sesiones-para-representantes-de-educacion-basica-y-otra-para-los-de-media-se-capacito-a-docentes-y-profesores-en-el-desarrollo-de-investigaciones-cientificas-con-miras-al-congreso-explora\/"},"author":{"name":"webman","@id":"https:\/\/explora.cl\/rmnorte\/#\/schema\/person\/cb8349c13ea2d324080adf8480d7ba5d"},"headline":"Taller \u201cArma Tu Proyecto\u201d abri\u00f3 el camino a las investigaciones escolares","datePublished":"2014-06-23T04:00:00+00:00","dateModified":"2019-05-20T17:24:15+00:00","mainEntityOfPage":{"@id":"https:\/\/explora.cl\/rmnorte\/con-sesiones-para-representantes-de-educacion-basica-y-otra-para-los-de-media-se-capacito-a-docentes-y-profesores-en-el-desarrollo-de-investigaciones-cientificas-con-miras-al-congreso-explora\/"},"wordCount":471,"image":{"@id":"https:\/\/explora.cl\/rmnorte\/con-sesiones-para-representantes-de-educacion-basica-y-otra-para-los-de-media-se-capacito-a-docentes-y-profesores-en-el-desarrollo-de-investigaciones-cientificas-con-miras-al-congreso-explora\/#primaryimage"},"thumbnailUrl":"https:\/\/explora.cl\/rmnorte\/wp-content\/uploads\/sites\/11\/2018\/06\/97ae9caf2362be0171b4e729ee70673d.jpg","articleSection":["Noticias"],"inLanguage":"es-CL"},{"@type":"WebPage","@id":"https:\/\/explora.cl\/rmnorte\/con-sesiones-para-representantes-de-educacion-basica-y-otra-para-los-de-media-se-capacito-a-docentes-y-profesores-en-el-desarrollo-de-investigaciones-cientificas-con-miras-al-congreso-explora\/","url":"https:\/\/explora.cl\/rmnorte\/con-sesiones-para-representantes-de-educacion-basica-y-otra-para-los-de-media-se-capacito-a-docentes-y-profesores-en-el-desarrollo-de-investigaciones-cientificas-con-miras-al-congreso-explora\/","name":"Taller \u201cArma Tu Proyecto\u201d abri\u00f3 el camino a las investigaciones escolares - RM Norte","isPartOf":{"@id":"https:\/\/explora.cl\/rmnorte\/#website"},"primaryImageOfPage":{"@id":"https:\/\/explora.cl\/rmnorte\/con-sesiones-para-representantes-de-educacion-basica-y-otra-para-los-de-media-se-capacito-a-docentes-y-profesores-en-el-desarrollo-de-investigaciones-cientificas-con-miras-al-congreso-explora\/#primaryimage"},"image":{"@id":"https:\/\/explora.cl\/rmnorte\/con-sesiones-para-representantes-de-educacion-basica-y-otra-para-los-de-media-se-capacito-a-docentes-y-profesores-en-el-desarrollo-de-investigaciones-cientificas-con-miras-al-congreso-explora\/#primaryimage"},"thumbnailUrl":"https:\/\/explora.cl\/rmnorte\/wp-content\/uploads\/sites\/11\/2018\/06\/97ae9caf2362be0171b4e729ee70673d.jpg","datePublished":"2014-06-23T04:00:00+00:00","dateModified":"2019-05-20T17:24:15+00:00","author":{"@id":"https:\/\/explora.cl\/rmnorte\/#\/schema\/person\/cb8349c13ea2d324080adf8480d7ba5d"},"breadcrumb":{"@id":"https:\/\/explora.cl\/rmnorte\/con-sesiones-para-representantes-de-educacion-basica-y-otra-para-los-de-media-se-capacito-a-docentes-y-profesores-en-el-desarrollo-de-investigaciones-cientificas-con-miras-al-congreso-explora\/#breadcrumb"},"inLanguage":"es-CL","potentialAction":[{"@type":"ReadAction","target":["https:\/\/explora.cl\/rmnorte\/con-sesiones-para-representantes-de-educacion-basica-y-otra-para-los-de-media-se-capacito-a-docentes-y-profesores-en-el-desarrollo-de-investigaciones-cientificas-con-miras-al-congreso-explora\/"]}]},{"@type":"ImageObject","inLanguage":"es-CL","@id":"https:\/\/explora.cl\/rmnorte\/con-sesiones-para-representantes-de-educacion-basica-y-otra-para-los-de-media-se-capacito-a-docentes-y-profesores-en-el-desarrollo-de-investigaciones-cientificas-con-miras-al-congreso-explora\/#primaryimage","url":"https:\/\/explora.cl\/rmnorte\/wp-content\/uploads\/sites\/11\/2018\/06\/97ae9caf2362be0171b4e729ee70673d.jpg","contentUrl":"https:\/\/explora.cl\/rmnorte\/wp-content\/uploads\/sites\/11\/2018\/06\/97ae9caf2362be0171b4e729ee70673d.jpg","width":350,"height":350},{"@type":"BreadcrumbList","@id":"https:\/\/explora.cl\/rmnorte\/con-sesiones-para-representantes-de-educacion-basica-y-otra-para-los-de-media-se-capacito-a-docentes-y-profesores-en-el-desarrollo-de-investigaciones-cientificas-con-miras-al-congreso-explora\/#breadcrumb","itemListElement":[{"@type":"ListItem","position":1,"name":"Portada","item":"https:\/\/explora.cl\/rmnorte\/"},{"@type":"ListItem","position":2,"name":"Taller \u201cArma Tu Proyecto\u201d abri\u00f3 el camino a las investigaciones escolares"}]},{"@type":"WebSite","@id":"https:\/\/explora.cl\/rmnorte\/#website","url":"https:\/\/explora.cl\/rmnorte\/","name":"RM Norte","description":"RM Norte explora.cl","potentialAction":[{"@type":"SearchAction","target":{"@type":"EntryPoint","urlTemplate":"https:\/\/explora.cl\/rmnorte\/?s={search_term_string}"},"query-input":{"@type":"PropertyValueSpecification","valueRequired":true,"valueName":"search_term_string"}}],"inLanguage":"es-CL"},{"@type":"Person","@id":"https:\/\/explora.cl\/rmnorte\/#\/schema\/person\/cb8349c13ea2d324080adf8480d7ba5d","name":"webman","image":{"@type":"ImageObject","inLanguage":"es-CL","@id":"https:\/\/explora.cl\/rmnorte\/#\/schema\/person\/image\/","url":"https:\/\/secure.gravatar.com\/avatar\/eeff3c82f2c02f7177d13663b7e6f890e9a6a0647ce9bb29cae02dcb094c7312?s=96&d=mm&r=g","contentUrl":"https:\/\/secure.gravatar.com\/avatar\/eeff3c82f2c02f7177d13663b7e6f890e9a6a0647ce9bb29cae02dcb094c7312?s=96&d=mm&r=g","caption":"webman"},"url":"https:\/\/explora.cl\/rmnorte\/author\/webman\/"}]}},"_links":{"self":[{"href":"https:\/\/explora.cl\/rmnorte\/wp-json\/wp\/v2\/posts\/31943","targetHints":{"allow":["GET"]}}],"collection":[{"href":"https:\/\/explora.cl\/rmnorte\/wp-json\/wp\/v2\/posts"}],"about":[{"href":"https:\/\/explora.cl\/rmnorte\/wp-json\/wp\/v2\/types\/post"}],"author":[{"embeddable":true,"href":"https:\/\/explora.cl\/rmnorte\/wp-json\/wp\/v2\/users\/2"}],"replies":[{"embeddable":true,"href":"https:\/\/explora.cl\/rmnorte\/wp-json\/wp\/v2\/comments?post=31943"}],"version-history":[{"count":1,"href":"https:\/\/explora.cl\/rmnorte\/wp-json\/wp\/v2\/posts\/31943\/revisions"}],"predecessor-version":[{"id":38625,"href":"https:\/\/explora.cl\/rmnorte\/wp-json\/wp\/v2\/posts\/31943\/revisions\/38625"}],"wp:featuredmedia":[{"embeddable":true,"href":"https:\/\/explora.cl\/rmnorte\/wp-json\/wp\/v2\/media\/33767"}],"wp:attachment":[{"href":"https:\/\/explora.cl\/rmnorte\/wp-json\/wp\/v2\/media?parent=31943"}],"wp:term":[{"taxonomy":"category","embeddable":true,"href":"https:\/\/explora.cl\/rmnorte\/wp-json\/wp\/v2\/categories?post=31943"},{"taxonomy":"post_tag","embeddable":true,"href":"https:\/\/explora.cl\/rmnorte\/wp-json\/wp\/v2\/tags?post=31943"}],"curies":[{"name":"wp","href":"https:\/\/api.w.org\/{rel}","templated":true}]}}