{"id":31882,"date":"2014-06-11T00:00:00","date_gmt":"2014-06-11T04:00:00","guid":{"rendered":"https:\/\/explora.cl\/rmnorte\/blog\/2014\/06\/11\/nace-el-dia-de-la-astronomia-en-chile\/"},"modified":"2019-05-20T17:24:19","modified_gmt":"2019-05-20T17:24:19","slug":"nace-el-dia-de-la-astronomia-en-chile","status":"publish","type":"post","link":"https:\/\/explora.cl\/rmnorte\/nace-el-dia-de-la-astronomia-en-chile\/","title":{"rendered":"Nace el D\u00eda de la Astronom\u00eda en Chile"},"content":{"rendered":"<p><img fetchpriority=\"high\" decoding=\"async\" class=\" size-full wp-image-2899\" src=\"http:\/\/ec2-34-218-253-251.us-west-2.compute.amazonaws.com\/wp-content\/uploads\/2014\/06\/ba3445f45f9f68fd1eb9f3f80c55f056.jpg\" alt=\"\" width=\"300\" height=\"179\" \/><\/p>\n<p style=\"color: #555555;font-family: Arial, sans-serif;font-size: 14px;line-height: 23px\">Este 21 de marzo se instaur\u00f3 el D\u00eda de la Astronom\u00eda en Chile. La actividad se oficializ\u00f3 con un acuerdo firmado por la Fundaci\u00f3n Planetario de la Universidad de Santiago de Chile, el Programa EXPLORA CONICYT y la Sociedad Chilena de Astronom\u00eda, SOCHIAS. Acompa\u00f1aron la ceremonia representantes de ESO y del mundo de las astronom\u00eda y colegios de la Regi\u00f3n Metropolitana.<\/p>\n<p style=\"color: #555555;font-family: Arial, sans-serif;font-size: 14px;line-height: 23px\">En representaci\u00f3n de CONICYT, la Presidenta (s), Denise Saint Jean, inst\u00f3 a los peque\u00f1os asistentes a interesarse por la investigaci\u00f3n y el estudio de las ciencias astron\u00f3micas. Resalt\u00f3 que \u201ceste es un d\u00eda en el que queremos relevar la labor de nuestros astr\u00f3nomos chilenos, el desarrollo de observatorios internacionales en nuestro pa\u00eds y la protecci\u00f3n de nuestro cielo\u201d, destacando, adem\u00e1s, el concepto acu\u00f1ado por EXPLORA el a\u00f1o 2013: Chile, Laboratorio Natural.<\/p>\n<p style=\"color: #555555;font-family: Arial, sans-serif;font-size: 14px;line-height: 23px\"><img decoding=\"async\" class=\"alignright\" style=\"border: 1px solid #e2e2e2;max-width: 100%;height: auto;float: right;margin: 5px 0px 20px 20px\" src=\"https:\/\/explora.cl\/images_new\/SitiosRegionales-RM\/NoticiasRegionales-RM\/Convenio_USACH_-_Explora_-_02.jpg\" alt=\"Convenio_USACH_-_Explora_-_02\" width=\"300\" height=\"180\" \/>La ceremonia, que se llev\u00f3 a cabo en el Planetario de la USACH, fue encabezada por su directora Hayd\u00e9e Domic Tomicic, quien se refiri\u00f3 al objetivo de este convenio \u201ces importante tomar conciencia de la creciente importancia para Chile en el desarrollo de la astronom\u00eda a nivel nacional e internacional, dando especial \u00e9nfasis en la divulgaci\u00f3n a nivel escolar para incorporar activamente esta disciplina en los curr\u00edculos de estudio\u201d.<\/p>\n<p style=\"color: #555555;font-family: Arial, sans-serif;font-size: 14px;line-height: 23px\">\u00bfPor qu\u00e9 escoger un 21 de marzo para celebrar este d\u00eda? La respuesta la entreg\u00f3 el Dr. Felipe Barrientos, quien utilizando el proyector estelar en el Domo del Planetario le mostr\u00f3 a los m\u00e1s de 150 estudiantes asistentes que este d\u00eda se produce en el hemisferio sur el Equinoccio de oto\u00f1o.<\/p>\n<p style=\"color: #555555;font-family: Arial, sans-serif;font-size: 14px;line-height: 23px\"><img decoding=\"async\" class=\"alignleft\" style=\"border: 1px solid #e2e2e2;max-width: 100%;height: auto;float: left;margin: 5px 20px 20px 0px\" src=\"https:\/\/explora.cl\/images_new\/SitiosRegionales-RM\/NoticiasRegionales-RM\/Convenio_USACH_-_Explora_-_01.jpg\" alt=\"Convenio_USACH_-_Explora_-_01\" width=\"300\" height=\"169\" \/>Los alumnos de 4to b\u00e1sico de la Regi\u00f3n Metropolitana pudieron apreciar el estreno de \u201cUn peque\u00f1o planeta perfecto\u201d, audiovisual producido por Clark Planetarium Productions en los Estados Unidos y que estar\u00e1 disponible al p\u00fablico general desde este fin de semana. Este invita a los asistentes a descubrir el Sistema Solar a trav\u00e9s de un entretenido viaje de vacaciones realizado por una familia extraterrestre.<\/p>\n<p style=\"color: #555555;font-family: Arial, sans-serif;font-size: 14px;line-height: 23px\">M\u00e1s informaci\u00f3n en&nbsp;<a style=\"color: #e28400;border-bottom-width: 1px;border-bottom-style: dotted\" href=\"http:\/\/www.planetariochile.cl\/\" target=\"_blank\" rel=\"noopener noreferrer\">www.planetariochile.cl<\/a><\/p>\n","protected":false},"excerpt":{"rendered":"<p>Este 21 de marzo se instaur\u00f3 el D\u00eda de la Astronom\u00eda en Chile. La actividad se oficializ\u00f3 con un acuerdo firmado por la Fundaci\u00f3n Planetario de la Universidad de Santiago de Chile, el Programa EXPLORA CONICYT y la Sociedad Chilena de Astronom\u00eda, SOCHIAS. Acompa\u00f1aron la ceremonia representantes de ESO y del mundo de las astronom\u00eda [&hellip;]<\/p>\n","protected":false},"author":2,"featured_media":31883,"comment_status":"closed","ping_status":"open","sticky":false,"template":"","format":"standard","meta":{"_acf_changed":false,"_exactmetrics_skip_tracking":false,"_exactmetrics_sitenote_active":false,"_exactmetrics_sitenote_note":"","_exactmetrics_sitenote_category":0,"footnotes":"","_links_to":"","_links_to_target":""},"categories":[4],"tags":[],"class_list":["post-31882","post","type-post","status-publish","format-standard","has-post-thumbnail","hentry","category-noticias"],"acf":[],"yoast_head":"<!-- This site is optimized with the Yoast SEO plugin v26.9 - https:\/\/yoast.com\/product\/yoast-seo-wordpress\/ -->\n<title>Nace el D\u00eda de la Astronom\u00eda en Chile - RM Norte<\/title>\n<meta name=\"robots\" content=\"index, follow, max-snippet:-1, max-image-preview:large, max-video-preview:-1\" \/>\n<link rel=\"canonical\" href=\"https:\/\/explora.cl\/rmnorte\/nace-el-dia-de-la-astronomia-en-chile\/\" class=\"yoast-seo-meta-tag\" \/>\n<meta property=\"og:locale\" content=\"es_ES\" class=\"yoast-seo-meta-tag\" \/>\n<meta property=\"og:type\" content=\"article\" class=\"yoast-seo-meta-tag\" \/>\n<meta property=\"og:title\" content=\"Nace el D\u00eda de la Astronom\u00eda en Chile - RM Norte\" class=\"yoast-seo-meta-tag\" \/>\n<meta property=\"og:description\" content=\"Este 21 de marzo se instaur\u00f3 el D\u00eda de la Astronom\u00eda en Chile. La actividad se oficializ\u00f3 con un acuerdo firmado por la Fundaci\u00f3n Planetario de la Universidad de Santiago de Chile, el Programa EXPLORA CONICYT y la Sociedad Chilena de Astronom\u00eda, SOCHIAS. Acompa\u00f1aron la ceremonia representantes de ESO y del mundo de las astronom\u00eda [&hellip;]\" class=\"yoast-seo-meta-tag\" \/>\n<meta property=\"og:url\" content=\"https:\/\/explora.cl\/rmnorte\/nace-el-dia-de-la-astronomia-en-chile\/\" class=\"yoast-seo-meta-tag\" \/>\n<meta property=\"og:site_name\" content=\"RM Norte\" class=\"yoast-seo-meta-tag\" \/>\n<meta property=\"article:published_time\" content=\"2014-06-11T04:00:00+00:00\" class=\"yoast-seo-meta-tag\" \/>\n<meta property=\"article:modified_time\" content=\"2019-05-20T17:24:19+00:00\" class=\"yoast-seo-meta-tag\" \/>\n<meta property=\"og:image\" content=\"https:\/\/explora.cl\/rmnorte\/wp-content\/uploads\/sites\/11\/2018\/06\/ba3445f45f9f68fd1eb9f3f80c55f056.jpg\" class=\"yoast-seo-meta-tag\" \/>\n\t<meta property=\"og:image:width\" content=\"300\" class=\"yoast-seo-meta-tag\" \/>\n\t<meta property=\"og:image:height\" content=\"179\" class=\"yoast-seo-meta-tag\" \/>\n\t<meta property=\"og:image:type\" content=\"image\/jpeg\" class=\"yoast-seo-meta-tag\" \/>\n<meta name=\"author\" content=\"webman\" class=\"yoast-seo-meta-tag\" \/>\n<meta name=\"twitter:card\" content=\"summary_large_image\" class=\"yoast-seo-meta-tag\" \/>\n<meta name=\"twitter:label1\" content=\"Escrito por\" class=\"yoast-seo-meta-tag\" \/>\n\t<meta name=\"twitter:data1\" content=\"webman\" class=\"yoast-seo-meta-tag\" \/>\n\t<meta name=\"twitter:label2\" content=\"Tiempo estimado de lectura\" class=\"yoast-seo-meta-tag\" \/>\n\t<meta name=\"twitter:data2\" content=\"2 minutos\" class=\"yoast-seo-meta-tag\" \/>\n<script type=\"application\/ld+json\" class=\"yoast-schema-graph\">{\"@context\":\"https:\/\/schema.org\",\"@graph\":[{\"@type\":\"Article\",\"@id\":\"https:\/\/explora.cl\/rmnorte\/nace-el-dia-de-la-astronomia-en-chile\/#article\",\"isPartOf\":{\"@id\":\"https:\/\/explora.cl\/rmnorte\/nace-el-dia-de-la-astronomia-en-chile\/\"},\"author\":{\"name\":\"webman\",\"@id\":\"https:\/\/explora.cl\/rmnorte\/#\/schema\/person\/cb8349c13ea2d324080adf8480d7ba5d\"},\"headline\":\"Nace el D\u00eda de la Astronom\u00eda en Chile\",\"datePublished\":\"2014-06-11T04:00:00+00:00\",\"dateModified\":\"2019-05-20T17:24:19+00:00\",\"mainEntityOfPage\":{\"@id\":\"https:\/\/explora.cl\/rmnorte\/nace-el-dia-de-la-astronomia-en-chile\/\"},\"wordCount\":361,\"image\":{\"@id\":\"https:\/\/explora.cl\/rmnorte\/nace-el-dia-de-la-astronomia-en-chile\/#primaryimage\"},\"thumbnailUrl\":\"https:\/\/explora.cl\/rmnorte\/wp-content\/uploads\/sites\/11\/2018\/06\/ba3445f45f9f68fd1eb9f3f80c55f056.jpg\",\"articleSection\":[\"Noticias\"],\"inLanguage\":\"es-CL\"},{\"@type\":\"WebPage\",\"@id\":\"https:\/\/explora.cl\/rmnorte\/nace-el-dia-de-la-astronomia-en-chile\/\",\"url\":\"https:\/\/explora.cl\/rmnorte\/nace-el-dia-de-la-astronomia-en-chile\/\",\"name\":\"Nace el D\u00eda de la Astronom\u00eda en Chile - RM Norte\",\"isPartOf\":{\"@id\":\"https:\/\/explora.cl\/rmnorte\/#website\"},\"primaryImageOfPage\":{\"@id\":\"https:\/\/explora.cl\/rmnorte\/nace-el-dia-de-la-astronomia-en-chile\/#primaryimage\"},\"image\":{\"@id\":\"https:\/\/explora.cl\/rmnorte\/nace-el-dia-de-la-astronomia-en-chile\/#primaryimage\"},\"thumbnailUrl\":\"https:\/\/explora.cl\/rmnorte\/wp-content\/uploads\/sites\/11\/2018\/06\/ba3445f45f9f68fd1eb9f3f80c55f056.jpg\",\"datePublished\":\"2014-06-11T04:00:00+00:00\",\"dateModified\":\"2019-05-20T17:24:19+00:00\",\"author\":{\"@id\":\"https:\/\/explora.cl\/rmnorte\/#\/schema\/person\/cb8349c13ea2d324080adf8480d7ba5d\"},\"breadcrumb\":{\"@id\":\"https:\/\/explora.cl\/rmnorte\/nace-el-dia-de-la-astronomia-en-chile\/#breadcrumb\"},\"inLanguage\":\"es-CL\",\"potentialAction\":[{\"@type\":\"ReadAction\",\"target\":[\"https:\/\/explora.cl\/rmnorte\/nace-el-dia-de-la-astronomia-en-chile\/\"]}]},{\"@type\":\"ImageObject\",\"inLanguage\":\"es-CL\",\"@id\":\"https:\/\/explora.cl\/rmnorte\/nace-el-dia-de-la-astronomia-en-chile\/#primaryimage\",\"url\":\"https:\/\/explora.cl\/rmnorte\/wp-content\/uploads\/sites\/11\/2018\/06\/ba3445f45f9f68fd1eb9f3f80c55f056.jpg\",\"contentUrl\":\"https:\/\/explora.cl\/rmnorte\/wp-content\/uploads\/sites\/11\/2018\/06\/ba3445f45f9f68fd1eb9f3f80c55f056.jpg\",\"width\":300,\"height\":179},{\"@type\":\"BreadcrumbList\",\"@id\":\"https:\/\/explora.cl\/rmnorte\/nace-el-dia-de-la-astronomia-en-chile\/#breadcrumb\",\"itemListElement\":[{\"@type\":\"ListItem\",\"position\":1,\"name\":\"Portada\",\"item\":\"https:\/\/explora.cl\/rmnorte\/\"},{\"@type\":\"ListItem\",\"position\":2,\"name\":\"Nace el D\u00eda de la Astronom\u00eda en Chile\"}]},{\"@type\":\"WebSite\",\"@id\":\"https:\/\/explora.cl\/rmnorte\/#website\",\"url\":\"https:\/\/explora.cl\/rmnorte\/\",\"name\":\"RM Norte\",\"description\":\"RM Norte explora.cl\",\"potentialAction\":[{\"@type\":\"SearchAction\",\"target\":{\"@type\":\"EntryPoint\",\"urlTemplate\":\"https:\/\/explora.cl\/rmnorte\/?s={search_term_string}\"},\"query-input\":{\"@type\":\"PropertyValueSpecification\",\"valueRequired\":true,\"valueName\":\"search_term_string\"}}],\"inLanguage\":\"es-CL\"},{\"@type\":\"Person\",\"@id\":\"https:\/\/explora.cl\/rmnorte\/#\/schema\/person\/cb8349c13ea2d324080adf8480d7ba5d\",\"name\":\"webman\",\"image\":{\"@type\":\"ImageObject\",\"inLanguage\":\"es-CL\",\"@id\":\"https:\/\/explora.cl\/rmnorte\/#\/schema\/person\/image\/\",\"url\":\"https:\/\/secure.gravatar.com\/avatar\/eeff3c82f2c02f7177d13663b7e6f890e9a6a0647ce9bb29cae02dcb094c7312?s=96&d=mm&r=g\",\"contentUrl\":\"https:\/\/secure.gravatar.com\/avatar\/eeff3c82f2c02f7177d13663b7e6f890e9a6a0647ce9bb29cae02dcb094c7312?s=96&d=mm&r=g\",\"caption\":\"webman\"},\"url\":\"https:\/\/explora.cl\/rmnorte\/author\/webman\/\"}]}<\/script>\n<!-- \/ Yoast SEO plugin. -->","yoast_head_json":{"title":"Nace el D\u00eda de la Astronom\u00eda en Chile - RM Norte","robots":{"index":"index","follow":"follow","max-snippet":"max-snippet:-1","max-image-preview":"max-image-preview:large","max-video-preview":"max-video-preview:-1"},"canonical":"https:\/\/explora.cl\/rmnorte\/nace-el-dia-de-la-astronomia-en-chile\/","og_locale":"es_ES","og_type":"article","og_title":"Nace el D\u00eda de la Astronom\u00eda en Chile - RM Norte","og_description":"Este 21 de marzo se instaur\u00f3 el D\u00eda de la Astronom\u00eda en Chile. La actividad se oficializ\u00f3 con un acuerdo firmado por la Fundaci\u00f3n Planetario de la Universidad de Santiago de Chile, el Programa EXPLORA CONICYT y la Sociedad Chilena de Astronom\u00eda, SOCHIAS. Acompa\u00f1aron la ceremonia representantes de ESO y del mundo de las astronom\u00eda [&hellip;]","og_url":"https:\/\/explora.cl\/rmnorte\/nace-el-dia-de-la-astronomia-en-chile\/","og_site_name":"RM Norte","article_published_time":"2014-06-11T04:00:00+00:00","article_modified_time":"2019-05-20T17:24:19+00:00","og_image":[{"width":300,"height":179,"url":"https:\/\/explora.cl\/rmnorte\/wp-content\/uploads\/sites\/11\/2018\/06\/ba3445f45f9f68fd1eb9f3f80c55f056.jpg","type":"image\/jpeg"}],"author":"webman","twitter_card":"summary_large_image","twitter_misc":{"Escrito por":"webman","Tiempo estimado de lectura":"2 minutos"},"schema":{"@context":"https:\/\/schema.org","@graph":[{"@type":"Article","@id":"https:\/\/explora.cl\/rmnorte\/nace-el-dia-de-la-astronomia-en-chile\/#article","isPartOf":{"@id":"https:\/\/explora.cl\/rmnorte\/nace-el-dia-de-la-astronomia-en-chile\/"},"author":{"name":"webman","@id":"https:\/\/explora.cl\/rmnorte\/#\/schema\/person\/cb8349c13ea2d324080adf8480d7ba5d"},"headline":"Nace el D\u00eda de la Astronom\u00eda en Chile","datePublished":"2014-06-11T04:00:00+00:00","dateModified":"2019-05-20T17:24:19+00:00","mainEntityOfPage":{"@id":"https:\/\/explora.cl\/rmnorte\/nace-el-dia-de-la-astronomia-en-chile\/"},"wordCount":361,"image":{"@id":"https:\/\/explora.cl\/rmnorte\/nace-el-dia-de-la-astronomia-en-chile\/#primaryimage"},"thumbnailUrl":"https:\/\/explora.cl\/rmnorte\/wp-content\/uploads\/sites\/11\/2018\/06\/ba3445f45f9f68fd1eb9f3f80c55f056.jpg","articleSection":["Noticias"],"inLanguage":"es-CL"},{"@type":"WebPage","@id":"https:\/\/explora.cl\/rmnorte\/nace-el-dia-de-la-astronomia-en-chile\/","url":"https:\/\/explora.cl\/rmnorte\/nace-el-dia-de-la-astronomia-en-chile\/","name":"Nace el D\u00eda de la Astronom\u00eda en Chile - RM Norte","isPartOf":{"@id":"https:\/\/explora.cl\/rmnorte\/#website"},"primaryImageOfPage":{"@id":"https:\/\/explora.cl\/rmnorte\/nace-el-dia-de-la-astronomia-en-chile\/#primaryimage"},"image":{"@id":"https:\/\/explora.cl\/rmnorte\/nace-el-dia-de-la-astronomia-en-chile\/#primaryimage"},"thumbnailUrl":"https:\/\/explora.cl\/rmnorte\/wp-content\/uploads\/sites\/11\/2018\/06\/ba3445f45f9f68fd1eb9f3f80c55f056.jpg","datePublished":"2014-06-11T04:00:00+00:00","dateModified":"2019-05-20T17:24:19+00:00","author":{"@id":"https:\/\/explora.cl\/rmnorte\/#\/schema\/person\/cb8349c13ea2d324080adf8480d7ba5d"},"breadcrumb":{"@id":"https:\/\/explora.cl\/rmnorte\/nace-el-dia-de-la-astronomia-en-chile\/#breadcrumb"},"inLanguage":"es-CL","potentialAction":[{"@type":"ReadAction","target":["https:\/\/explora.cl\/rmnorte\/nace-el-dia-de-la-astronomia-en-chile\/"]}]},{"@type":"ImageObject","inLanguage":"es-CL","@id":"https:\/\/explora.cl\/rmnorte\/nace-el-dia-de-la-astronomia-en-chile\/#primaryimage","url":"https:\/\/explora.cl\/rmnorte\/wp-content\/uploads\/sites\/11\/2018\/06\/ba3445f45f9f68fd1eb9f3f80c55f056.jpg","contentUrl":"https:\/\/explora.cl\/rmnorte\/wp-content\/uploads\/sites\/11\/2018\/06\/ba3445f45f9f68fd1eb9f3f80c55f056.jpg","width":300,"height":179},{"@type":"BreadcrumbList","@id":"https:\/\/explora.cl\/rmnorte\/nace-el-dia-de-la-astronomia-en-chile\/#breadcrumb","itemListElement":[{"@type":"ListItem","position":1,"name":"Portada","item":"https:\/\/explora.cl\/rmnorte\/"},{"@type":"ListItem","position":2,"name":"Nace el D\u00eda de la Astronom\u00eda en Chile"}]},{"@type":"WebSite","@id":"https:\/\/explora.cl\/rmnorte\/#website","url":"https:\/\/explora.cl\/rmnorte\/","name":"RM Norte","description":"RM Norte explora.cl","potentialAction":[{"@type":"SearchAction","target":{"@type":"EntryPoint","urlTemplate":"https:\/\/explora.cl\/rmnorte\/?s={search_term_string}"},"query-input":{"@type":"PropertyValueSpecification","valueRequired":true,"valueName":"search_term_string"}}],"inLanguage":"es-CL"},{"@type":"Person","@id":"https:\/\/explora.cl\/rmnorte\/#\/schema\/person\/cb8349c13ea2d324080adf8480d7ba5d","name":"webman","image":{"@type":"ImageObject","inLanguage":"es-CL","@id":"https:\/\/explora.cl\/rmnorte\/#\/schema\/person\/image\/","url":"https:\/\/secure.gravatar.com\/avatar\/eeff3c82f2c02f7177d13663b7e6f890e9a6a0647ce9bb29cae02dcb094c7312?s=96&d=mm&r=g","contentUrl":"https:\/\/secure.gravatar.com\/avatar\/eeff3c82f2c02f7177d13663b7e6f890e9a6a0647ce9bb29cae02dcb094c7312?s=96&d=mm&r=g","caption":"webman"},"url":"https:\/\/explora.cl\/rmnorte\/author\/webman\/"}]}},"_links":{"self":[{"href":"https:\/\/explora.cl\/rmnorte\/wp-json\/wp\/v2\/posts\/31882","targetHints":{"allow":["GET"]}}],"collection":[{"href":"https:\/\/explora.cl\/rmnorte\/wp-json\/wp\/v2\/posts"}],"about":[{"href":"https:\/\/explora.cl\/rmnorte\/wp-json\/wp\/v2\/types\/post"}],"author":[{"embeddable":true,"href":"https:\/\/explora.cl\/rmnorte\/wp-json\/wp\/v2\/users\/2"}],"replies":[{"embeddable":true,"href":"https:\/\/explora.cl\/rmnorte\/wp-json\/wp\/v2\/comments?post=31882"}],"version-history":[{"count":1,"href":"https:\/\/explora.cl\/rmnorte\/wp-json\/wp\/v2\/posts\/31882\/revisions"}],"predecessor-version":[{"id":38631,"href":"https:\/\/explora.cl\/rmnorte\/wp-json\/wp\/v2\/posts\/31882\/revisions\/38631"}],"wp:featuredmedia":[{"embeddable":true,"href":"https:\/\/explora.cl\/rmnorte\/wp-json\/wp\/v2\/media\/31883"}],"wp:attachment":[{"href":"https:\/\/explora.cl\/rmnorte\/wp-json\/wp\/v2\/media?parent=31882"}],"wp:term":[{"taxonomy":"category","embeddable":true,"href":"https:\/\/explora.cl\/rmnorte\/wp-json\/wp\/v2\/categories?post=31882"},{"taxonomy":"post_tag","embeddable":true,"href":"https:\/\/explora.cl\/rmnorte\/wp-json\/wp\/v2\/tags?post=31882"}],"curies":[{"name":"wp","href":"https:\/\/api.w.org\/{rel}","templated":true}]}}