{"id":31846,"date":"2014-05-23T00:00:00","date_gmt":"2014-05-23T04:00:00","guid":{"rendered":"https:\/\/explora.cl\/rmnorte\/blog\/2014\/05\/23\/noticias-regional-metropolitana-norte-20\/"},"modified":"2019-05-20T17:24:51","modified_gmt":"2019-05-20T17:24:51","slug":"noticias-regional-metropolitana-norte-20","status":"publish","type":"post","link":"https:\/\/explora.cl\/rmnorte\/noticias-regional-metropolitana-norte-20\/","title":{"rendered":"Taller de Metodolog\u00edas prepar\u00f3 a docentes en el \u00e1mbito de la Investigaci\u00f3n Escolar"},"content":{"rendered":"<table style=\"height: 269px;width: 540px\" border=\"0\">\n<tbody>\n<tr>\n<td valign=\"top\"><img decoding=\"async\" class=\" size-full wp-image-2545\" src=\"http:\/\/ec2-34-218-253-251.us-west-2.compute.amazonaws.com\/wp-content\/uploads\/2014\/05\/Taller_Metodologas_-_Sede_UNAP_-_enero_2014_-_portada.jpg\" alt=\"Taller Metodologas - Sede UNAP - enero 2014 - portada\" width=\"90\" height=\"90\" \/><\/td>\n<td>\n<p style=\"color: #555555;font-family: Arial, sans-serif;font-size: 14px;line-height: 23px\"><span style=\"color: #555555;font-family: Arial, sans-serif;font-size: 14px;line-height: 23px\">El Proyecto Explora RM Norte reuni\u00f3 a docentes de 10 comunas diferentes para entregarles algunas herramientas que les permitan enfrentar procesos investigativos junto a sus estudiantes.<\/span><\/p>\n<\/td>\n<\/tr>\n<tr>\n<td colspan=\"2\">&nbsp; <\/p>\n<p style=\"color: #555555;font-family: Arial, sans-serif;font-size: 14px;line-height: 23px\"><img decoding=\"async\" class=\"alignleft\" style=\"border: 1px solid #e2e2e2;max-width: 100%;height: auto;float: left;margin: 5px 20px 20px 0px\" src=\"https:\/\/explora.cl\/images_new\/SitiosRegionales-RM\/NoticiasRegionales-RM\/Taller_Metodologas_-_Sede_UNAP_-_enero_2014_-_01.jpg\" alt=\"Taller_Metodologas_-_Sede_UNAP_-_enero_2014_-_01\" width=\"250\" height=\"120\" \/><\/p>\n<p style=\"color: #555555;font-family: Arial, sans-serif;font-size: 14px;line-height: 23px\">El pasado 7 de enero se reunieron en la Sede Santiago de la Universidad Arturo Prat, una treintena de profesores y profesoras interesados en comenzar a desarrollar investigaciones cient\u00edficas escolares con sus estudiantes.<\/p>\n<p style=\"color: #555555;font-family: Arial, sans-serif;font-size: 14px;line-height: 23px\">El Taller, dirigido por la Dra. Elia Soto, directora del Proyecto Explora RM Norte, tuvo como eje central la aplicaci\u00f3n del m\u00e9todo cient\u00edfico, junto con estrategias para ser abordado de manera amigable.<\/p>\n<p style=\"color: #555555;font-family: Arial, sans-serif;font-size: 14px;line-height: 23px\">Junto con los contenidos te\u00f3ricos del taller, se desarrollaron actividades pr\u00e1cticas en la que los docentes debieron aplicar los conocimientos adquiridos, enfrent\u00e1ndose a la formulaci\u00f3n de una investigaci\u00f3n, sistematizando las observaciones y proponiendo variantes.<\/p>\n<p style=\"color: #555555;font-family: Arial, sans-serif;font-size: 14px;line-height: 23px\"><img decoding=\"async\" class=\"alignright\" style=\"border: 1px solid #e2e2e2;max-width: 100%;height: auto;float: right;margin: 5px 0px 20px 20px\" src=\"https:\/\/explora.cl\/images_new\/SitiosRegionales-RM\/NoticiasRegionales-RM\/Taller_Metodologas_-_Sede_UNAP_-_enero_2014_-_02.jpg\" alt=\"Taller_Metodologas_-_Sede_UNAP_-_enero_2014_-_02\" width=\"250\" height=\"147\" \/>Mar\u00eda Isabel Lelas, del Liceo Carmela Silva Donoso de \u00d1u\u00f1oa, coment\u00f3 que en su establecimiento hay varios profesores trabajando con iniciativas del Programa Explora y que lo que le motiv\u00f3 a ella a participar de este Taller fue: \u201caprender algunas t\u00e9cnicas que motiven a los chicos a participar en talleres de investigaci\u00f3n, ya que el a\u00f1o pasado implement\u00e9 uno de astronom\u00eda y coheter\u00eda y no ten\u00eda las herramientas para dirigir esa motivaci\u00f3n\u201d.<\/p>\n<p style=\"color: #555555;font-family: Arial, sans-serif;font-size: 14px;line-height: 23px\">Por su parte, Claudia Leiva del Boston College de Pudahuel, destac\u00f3 de la actividad: \u201cMe parece interesante que nos reunamos en este tipo de instancias profesores pares que trabajamos en la misma \u00e1rea, porque se entienden y as\u00ed es m\u00e1s r\u00e1pido llegar a conclusiones\u201d.<\/p>\n<p style=\"color: #555555;font-family: Arial, sans-serif;font-size: 14px;line-height: 23px\"><img loading=\"lazy\" decoding=\"async\" class=\"alignleft\" style=\"border: 1px solid #e2e2e2;max-width: 100%;height: auto;float: left;margin: 5px 20px 20px 0px\" src=\"https:\/\/explora.cl\/images_new\/SitiosRegionales-RM\/NoticiasRegionales-RM\/Taller_Metodologas_-_Sede_UNAP_-_enero_2014_-_03.jpg\" alt=\"Taller_Metodologas_-_Sede_UNAP_-_enero_2014_-_03\" width=\"250\" height=\"194\" \/>Ana Zelada, del Colegio Nueva Aurora de Chile de Recoleta, coment\u00f3: \u201cMuchas veces los profesores de ciencias no tenemos acceso a capacitaciones externas o son muy costosas para financiarlas uno mismo. Entonces acceder a esta actividad gratuita, la que adem\u00e1s est\u00e1 dirigido por docentes que han estado involucrados en investigaciones cient\u00edficas a nivel universitario y que mantienen un contacto con en el trabajo en aula, contribuye mucho, porque aterrizan los conceptos y los hacen aplicables en el aula\u201d.<\/p>\n<p style=\"color: #555555;font-family: Arial, sans-serif;font-size: 14px;line-height: 23px\"><img loading=\"lazy\" decoding=\"async\" class=\"aligncenter\" style=\"border: 1px solid #e2e2e2;max-width: 100%;height: auto;margin: 5px auto\" src=\"https:\/\/explora.cl\/images_new\/SitiosRegionales-RM\/NoticiasRegionales-RM\/Taller_Metodologas_-_Sede_UNAP_-_enero_2014_-_04.jpg\" alt=\"Taller_Metodologas_-_Sede_UNAP_-_enero_2014_-_04\" width=\"250\" height=\"139\" \/><\/p>\n<p>&nbsp;<\/p>\n<div class=\"sharedaddy sd-sharing-enabled\" style=\"clear: both;color: #555555;font-family: Arial, sans-serif;font-size: 14px;line-height: 23px\">&nbsp;<\/div>\n<p style=\"color: #555555;font-family: Arial, sans-serif;font-size: 14px;line-height: 23px\">&nbsp;<\/p>\n<\/td>\n<\/tr>\n<\/tbody>\n<\/table>\n","protected":false},"excerpt":{"rendered":"<p>El Proyecto Explora RM Norte reuni\u00f3 a docentes de 10 comunas diferentes para entregarles algunas herramientas que les permitan enfrentar procesos investigativos junto a sus estudiantes. &nbsp; El pasado 7 de enero se reunieron en la Sede Santiago de la Universidad Arturo Prat, una treintena de profesores y profesoras interesados en comenzar a desarrollar investigaciones [&hellip;]<\/p>\n","protected":false},"author":2,"featured_media":31847,"comment_status":"closed","ping_status":"open","sticky":false,"template":"","format":"standard","meta":{"_acf_changed":false,"_exactmetrics_skip_tracking":false,"_exactmetrics_sitenote_active":false,"_exactmetrics_sitenote_note":"","_exactmetrics_sitenote_category":0,"footnotes":"","_links_to":"","_links_to_target":""},"categories":[4],"tags":[],"class_list":["post-31846","post","type-post","status-publish","format-standard","has-post-thumbnail","hentry","category-noticias"],"acf":[],"yoast_head":"<!-- This site is optimized with the Yoast SEO plugin v26.9 - https:\/\/yoast.com\/product\/yoast-seo-wordpress\/ -->\n<title>Taller de Metodolog\u00edas prepar\u00f3 a docentes en el \u00e1mbito de la Investigaci\u00f3n Escolar - RM Norte<\/title>\n<meta name=\"robots\" content=\"index, follow, max-snippet:-1, max-image-preview:large, max-video-preview:-1\" \/>\n<link rel=\"canonical\" href=\"https:\/\/explora.cl\/rmnorte\/noticias-regional-metropolitana-norte-20\/\" class=\"yoast-seo-meta-tag\" \/>\n<meta property=\"og:locale\" content=\"es_ES\" class=\"yoast-seo-meta-tag\" \/>\n<meta property=\"og:type\" content=\"article\" class=\"yoast-seo-meta-tag\" \/>\n<meta property=\"og:title\" content=\"Taller de Metodolog\u00edas prepar\u00f3 a docentes en el \u00e1mbito de la Investigaci\u00f3n Escolar - RM Norte\" class=\"yoast-seo-meta-tag\" \/>\n<meta property=\"og:description\" content=\"El Proyecto Explora RM Norte reuni\u00f3 a docentes de 10 comunas diferentes para entregarles algunas herramientas que les permitan enfrentar procesos investigativos junto a sus estudiantes. &nbsp; El pasado 7 de enero se reunieron en la Sede Santiago de la Universidad Arturo Prat, una treintena de profesores y profesoras interesados en comenzar a desarrollar investigaciones [&hellip;]\" class=\"yoast-seo-meta-tag\" \/>\n<meta property=\"og:url\" content=\"https:\/\/explora.cl\/rmnorte\/noticias-regional-metropolitana-norte-20\/\" class=\"yoast-seo-meta-tag\" \/>\n<meta property=\"og:site_name\" content=\"RM Norte\" class=\"yoast-seo-meta-tag\" \/>\n<meta property=\"article:published_time\" content=\"2014-05-23T04:00:00+00:00\" class=\"yoast-seo-meta-tag\" \/>\n<meta property=\"article:modified_time\" content=\"2019-05-20T17:24:51+00:00\" class=\"yoast-seo-meta-tag\" \/>\n<meta property=\"og:image\" content=\"https:\/\/explora.cl\/rmnorte\/wp-content\/uploads\/sites\/11\/2018\/06\/Taller_Metodologas_-_Sede_UNAP_-_enero_2014_-_portada.jpg\" class=\"yoast-seo-meta-tag\" \/>\n\t<meta property=\"og:image:width\" content=\"90\" class=\"yoast-seo-meta-tag\" \/>\n\t<meta property=\"og:image:height\" content=\"90\" class=\"yoast-seo-meta-tag\" \/>\n\t<meta property=\"og:image:type\" content=\"image\/jpeg\" class=\"yoast-seo-meta-tag\" \/>\n<meta name=\"author\" content=\"webman\" class=\"yoast-seo-meta-tag\" \/>\n<meta name=\"twitter:card\" content=\"summary_large_image\" class=\"yoast-seo-meta-tag\" \/>\n<meta name=\"twitter:label1\" content=\"Escrito por\" class=\"yoast-seo-meta-tag\" \/>\n\t<meta name=\"twitter:data1\" content=\"webman\" class=\"yoast-seo-meta-tag\" \/>\n\t<meta name=\"twitter:label2\" content=\"Tiempo estimado de lectura\" class=\"yoast-seo-meta-tag\" \/>\n\t<meta name=\"twitter:data2\" content=\"2 minutos\" class=\"yoast-seo-meta-tag\" \/>\n<script type=\"application\/ld+json\" class=\"yoast-schema-graph\">{\"@context\":\"https:\/\/schema.org\",\"@graph\":[{\"@type\":\"Article\",\"@id\":\"https:\/\/explora.cl\/rmnorte\/noticias-regional-metropolitana-norte-20\/#article\",\"isPartOf\":{\"@id\":\"https:\/\/explora.cl\/rmnorte\/noticias-regional-metropolitana-norte-20\/\"},\"author\":{\"name\":\"webman\",\"@id\":\"https:\/\/explora.cl\/rmnorte\/#\/schema\/person\/cb8349c13ea2d324080adf8480d7ba5d\"},\"headline\":\"Taller de Metodolog\u00edas prepar\u00f3 a docentes en el \u00e1mbito de la Investigaci\u00f3n Escolar\",\"datePublished\":\"2014-05-23T04:00:00+00:00\",\"dateModified\":\"2019-05-20T17:24:51+00:00\",\"mainEntityOfPage\":{\"@id\":\"https:\/\/explora.cl\/rmnorte\/noticias-regional-metropolitana-norte-20\/\"},\"wordCount\":358,\"image\":{\"@id\":\"https:\/\/explora.cl\/rmnorte\/noticias-regional-metropolitana-norte-20\/#primaryimage\"},\"thumbnailUrl\":\"https:\/\/explora.cl\/rmnorte\/wp-content\/uploads\/sites\/11\/2018\/06\/Taller_Metodologas_-_Sede_UNAP_-_enero_2014_-_portada.jpg\",\"articleSection\":[\"Noticias\"],\"inLanguage\":\"es-CL\"},{\"@type\":\"WebPage\",\"@id\":\"https:\/\/explora.cl\/rmnorte\/noticias-regional-metropolitana-norte-20\/\",\"url\":\"https:\/\/explora.cl\/rmnorte\/noticias-regional-metropolitana-norte-20\/\",\"name\":\"Taller de Metodolog\u00edas prepar\u00f3 a docentes en el \u00e1mbito de la Investigaci\u00f3n Escolar - RM Norte\",\"isPartOf\":{\"@id\":\"https:\/\/explora.cl\/rmnorte\/#website\"},\"primaryImageOfPage\":{\"@id\":\"https:\/\/explora.cl\/rmnorte\/noticias-regional-metropolitana-norte-20\/#primaryimage\"},\"image\":{\"@id\":\"https:\/\/explora.cl\/rmnorte\/noticias-regional-metropolitana-norte-20\/#primaryimage\"},\"thumbnailUrl\":\"https:\/\/explora.cl\/rmnorte\/wp-content\/uploads\/sites\/11\/2018\/06\/Taller_Metodologas_-_Sede_UNAP_-_enero_2014_-_portada.jpg\",\"datePublished\":\"2014-05-23T04:00:00+00:00\",\"dateModified\":\"2019-05-20T17:24:51+00:00\",\"author\":{\"@id\":\"https:\/\/explora.cl\/rmnorte\/#\/schema\/person\/cb8349c13ea2d324080adf8480d7ba5d\"},\"breadcrumb\":{\"@id\":\"https:\/\/explora.cl\/rmnorte\/noticias-regional-metropolitana-norte-20\/#breadcrumb\"},\"inLanguage\":\"es-CL\",\"potentialAction\":[{\"@type\":\"ReadAction\",\"target\":[\"https:\/\/explora.cl\/rmnorte\/noticias-regional-metropolitana-norte-20\/\"]}]},{\"@type\":\"ImageObject\",\"inLanguage\":\"es-CL\",\"@id\":\"https:\/\/explora.cl\/rmnorte\/noticias-regional-metropolitana-norte-20\/#primaryimage\",\"url\":\"https:\/\/explora.cl\/rmnorte\/wp-content\/uploads\/sites\/11\/2018\/06\/Taller_Metodologas_-_Sede_UNAP_-_enero_2014_-_portada.jpg\",\"contentUrl\":\"https:\/\/explora.cl\/rmnorte\/wp-content\/uploads\/sites\/11\/2018\/06\/Taller_Metodologas_-_Sede_UNAP_-_enero_2014_-_portada.jpg\",\"width\":90,\"height\":90},{\"@type\":\"BreadcrumbList\",\"@id\":\"https:\/\/explora.cl\/rmnorte\/noticias-regional-metropolitana-norte-20\/#breadcrumb\",\"itemListElement\":[{\"@type\":\"ListItem\",\"position\":1,\"name\":\"Portada\",\"item\":\"https:\/\/explora.cl\/rmnorte\/\"},{\"@type\":\"ListItem\",\"position\":2,\"name\":\"Taller de Metodolog\u00edas prepar\u00f3 a docentes en el \u00e1mbito de la Investigaci\u00f3n Escolar\"}]},{\"@type\":\"WebSite\",\"@id\":\"https:\/\/explora.cl\/rmnorte\/#website\",\"url\":\"https:\/\/explora.cl\/rmnorte\/\",\"name\":\"RM Norte\",\"description\":\"RM Norte explora.cl\",\"potentialAction\":[{\"@type\":\"SearchAction\",\"target\":{\"@type\":\"EntryPoint\",\"urlTemplate\":\"https:\/\/explora.cl\/rmnorte\/?s={search_term_string}\"},\"query-input\":{\"@type\":\"PropertyValueSpecification\",\"valueRequired\":true,\"valueName\":\"search_term_string\"}}],\"inLanguage\":\"es-CL\"},{\"@type\":\"Person\",\"@id\":\"https:\/\/explora.cl\/rmnorte\/#\/schema\/person\/cb8349c13ea2d324080adf8480d7ba5d\",\"name\":\"webman\",\"image\":{\"@type\":\"ImageObject\",\"inLanguage\":\"es-CL\",\"@id\":\"https:\/\/explora.cl\/rmnorte\/#\/schema\/person\/image\/\",\"url\":\"https:\/\/secure.gravatar.com\/avatar\/eeff3c82f2c02f7177d13663b7e6f890e9a6a0647ce9bb29cae02dcb094c7312?s=96&d=mm&r=g\",\"contentUrl\":\"https:\/\/secure.gravatar.com\/avatar\/eeff3c82f2c02f7177d13663b7e6f890e9a6a0647ce9bb29cae02dcb094c7312?s=96&d=mm&r=g\",\"caption\":\"webman\"},\"url\":\"https:\/\/explora.cl\/rmnorte\/author\/webman\/\"}]}<\/script>\n<!-- \/ Yoast SEO plugin. -->","yoast_head_json":{"title":"Taller de Metodolog\u00edas prepar\u00f3 a docentes en el \u00e1mbito de la Investigaci\u00f3n Escolar - RM Norte","robots":{"index":"index","follow":"follow","max-snippet":"max-snippet:-1","max-image-preview":"max-image-preview:large","max-video-preview":"max-video-preview:-1"},"canonical":"https:\/\/explora.cl\/rmnorte\/noticias-regional-metropolitana-norte-20\/","og_locale":"es_ES","og_type":"article","og_title":"Taller de Metodolog\u00edas prepar\u00f3 a docentes en el \u00e1mbito de la Investigaci\u00f3n Escolar - RM Norte","og_description":"El Proyecto Explora RM Norte reuni\u00f3 a docentes de 10 comunas diferentes para entregarles algunas herramientas que les permitan enfrentar procesos investigativos junto a sus estudiantes. &nbsp; El pasado 7 de enero se reunieron en la Sede Santiago de la Universidad Arturo Prat, una treintena de profesores y profesoras interesados en comenzar a desarrollar investigaciones [&hellip;]","og_url":"https:\/\/explora.cl\/rmnorte\/noticias-regional-metropolitana-norte-20\/","og_site_name":"RM Norte","article_published_time":"2014-05-23T04:00:00+00:00","article_modified_time":"2019-05-20T17:24:51+00:00","og_image":[{"width":90,"height":90,"url":"https:\/\/explora.cl\/rmnorte\/wp-content\/uploads\/sites\/11\/2018\/06\/Taller_Metodologas_-_Sede_UNAP_-_enero_2014_-_portada.jpg","type":"image\/jpeg"}],"author":"webman","twitter_card":"summary_large_image","twitter_misc":{"Escrito por":"webman","Tiempo estimado de lectura":"2 minutos"},"schema":{"@context":"https:\/\/schema.org","@graph":[{"@type":"Article","@id":"https:\/\/explora.cl\/rmnorte\/noticias-regional-metropolitana-norte-20\/#article","isPartOf":{"@id":"https:\/\/explora.cl\/rmnorte\/noticias-regional-metropolitana-norte-20\/"},"author":{"name":"webman","@id":"https:\/\/explora.cl\/rmnorte\/#\/schema\/person\/cb8349c13ea2d324080adf8480d7ba5d"},"headline":"Taller de Metodolog\u00edas prepar\u00f3 a docentes en el \u00e1mbito de la Investigaci\u00f3n Escolar","datePublished":"2014-05-23T04:00:00+00:00","dateModified":"2019-05-20T17:24:51+00:00","mainEntityOfPage":{"@id":"https:\/\/explora.cl\/rmnorte\/noticias-regional-metropolitana-norte-20\/"},"wordCount":358,"image":{"@id":"https:\/\/explora.cl\/rmnorte\/noticias-regional-metropolitana-norte-20\/#primaryimage"},"thumbnailUrl":"https:\/\/explora.cl\/rmnorte\/wp-content\/uploads\/sites\/11\/2018\/06\/Taller_Metodologas_-_Sede_UNAP_-_enero_2014_-_portada.jpg","articleSection":["Noticias"],"inLanguage":"es-CL"},{"@type":"WebPage","@id":"https:\/\/explora.cl\/rmnorte\/noticias-regional-metropolitana-norte-20\/","url":"https:\/\/explora.cl\/rmnorte\/noticias-regional-metropolitana-norte-20\/","name":"Taller de Metodolog\u00edas prepar\u00f3 a docentes en el \u00e1mbito de la Investigaci\u00f3n Escolar - RM Norte","isPartOf":{"@id":"https:\/\/explora.cl\/rmnorte\/#website"},"primaryImageOfPage":{"@id":"https:\/\/explora.cl\/rmnorte\/noticias-regional-metropolitana-norte-20\/#primaryimage"},"image":{"@id":"https:\/\/explora.cl\/rmnorte\/noticias-regional-metropolitana-norte-20\/#primaryimage"},"thumbnailUrl":"https:\/\/explora.cl\/rmnorte\/wp-content\/uploads\/sites\/11\/2018\/06\/Taller_Metodologas_-_Sede_UNAP_-_enero_2014_-_portada.jpg","datePublished":"2014-05-23T04:00:00+00:00","dateModified":"2019-05-20T17:24:51+00:00","author":{"@id":"https:\/\/explora.cl\/rmnorte\/#\/schema\/person\/cb8349c13ea2d324080adf8480d7ba5d"},"breadcrumb":{"@id":"https:\/\/explora.cl\/rmnorte\/noticias-regional-metropolitana-norte-20\/#breadcrumb"},"inLanguage":"es-CL","potentialAction":[{"@type":"ReadAction","target":["https:\/\/explora.cl\/rmnorte\/noticias-regional-metropolitana-norte-20\/"]}]},{"@type":"ImageObject","inLanguage":"es-CL","@id":"https:\/\/explora.cl\/rmnorte\/noticias-regional-metropolitana-norte-20\/#primaryimage","url":"https:\/\/explora.cl\/rmnorte\/wp-content\/uploads\/sites\/11\/2018\/06\/Taller_Metodologas_-_Sede_UNAP_-_enero_2014_-_portada.jpg","contentUrl":"https:\/\/explora.cl\/rmnorte\/wp-content\/uploads\/sites\/11\/2018\/06\/Taller_Metodologas_-_Sede_UNAP_-_enero_2014_-_portada.jpg","width":90,"height":90},{"@type":"BreadcrumbList","@id":"https:\/\/explora.cl\/rmnorte\/noticias-regional-metropolitana-norte-20\/#breadcrumb","itemListElement":[{"@type":"ListItem","position":1,"name":"Portada","item":"https:\/\/explora.cl\/rmnorte\/"},{"@type":"ListItem","position":2,"name":"Taller de Metodolog\u00edas prepar\u00f3 a docentes en el \u00e1mbito de la Investigaci\u00f3n Escolar"}]},{"@type":"WebSite","@id":"https:\/\/explora.cl\/rmnorte\/#website","url":"https:\/\/explora.cl\/rmnorte\/","name":"RM Norte","description":"RM Norte explora.cl","potentialAction":[{"@type":"SearchAction","target":{"@type":"EntryPoint","urlTemplate":"https:\/\/explora.cl\/rmnorte\/?s={search_term_string}"},"query-input":{"@type":"PropertyValueSpecification","valueRequired":true,"valueName":"search_term_string"}}],"inLanguage":"es-CL"},{"@type":"Person","@id":"https:\/\/explora.cl\/rmnorte\/#\/schema\/person\/cb8349c13ea2d324080adf8480d7ba5d","name":"webman","image":{"@type":"ImageObject","inLanguage":"es-CL","@id":"https:\/\/explora.cl\/rmnorte\/#\/schema\/person\/image\/","url":"https:\/\/secure.gravatar.com\/avatar\/eeff3c82f2c02f7177d13663b7e6f890e9a6a0647ce9bb29cae02dcb094c7312?s=96&d=mm&r=g","contentUrl":"https:\/\/secure.gravatar.com\/avatar\/eeff3c82f2c02f7177d13663b7e6f890e9a6a0647ce9bb29cae02dcb094c7312?s=96&d=mm&r=g","caption":"webman"},"url":"https:\/\/explora.cl\/rmnorte\/author\/webman\/"}]}},"_links":{"self":[{"href":"https:\/\/explora.cl\/rmnorte\/wp-json\/wp\/v2\/posts\/31846","targetHints":{"allow":["GET"]}}],"collection":[{"href":"https:\/\/explora.cl\/rmnorte\/wp-json\/wp\/v2\/posts"}],"about":[{"href":"https:\/\/explora.cl\/rmnorte\/wp-json\/wp\/v2\/types\/post"}],"author":[{"embeddable":true,"href":"https:\/\/explora.cl\/rmnorte\/wp-json\/wp\/v2\/users\/2"}],"replies":[{"embeddable":true,"href":"https:\/\/explora.cl\/rmnorte\/wp-json\/wp\/v2\/comments?post=31846"}],"version-history":[{"count":1,"href":"https:\/\/explora.cl\/rmnorte\/wp-json\/wp\/v2\/posts\/31846\/revisions"}],"predecessor-version":[{"id":38672,"href":"https:\/\/explora.cl\/rmnorte\/wp-json\/wp\/v2\/posts\/31846\/revisions\/38672"}],"wp:featuredmedia":[{"embeddable":true,"href":"https:\/\/explora.cl\/rmnorte\/wp-json\/wp\/v2\/media\/31847"}],"wp:attachment":[{"href":"https:\/\/explora.cl\/rmnorte\/wp-json\/wp\/v2\/media?parent=31846"}],"wp:term":[{"taxonomy":"category","embeddable":true,"href":"https:\/\/explora.cl\/rmnorte\/wp-json\/wp\/v2\/categories?post=31846"},{"taxonomy":"post_tag","embeddable":true,"href":"https:\/\/explora.cl\/rmnorte\/wp-json\/wp\/v2\/tags?post=31846"}],"curies":[{"name":"wp","href":"https:\/\/api.w.org\/{rel}","templated":true}]}}