{"id":602,"date":"2016-09-23T00:00:00","date_gmt":"2016-09-23T04:00:00","guid":{"rendered":"https:\/\/explora.cl\/rios\/blog\/2016\/09\/23\/congreso-regional-explora-llenara-de-ciencia-el-parque-saval\/"},"modified":"2019-05-20T19:29:11","modified_gmt":"2019-05-20T19:29:11","slug":"congreso-regional-explora-llenara-de-ciencia-el-parque-saval","status":"publish","type":"post","link":"https:\/\/explora.cl\/rios\/congreso-regional-explora-llenara-de-ciencia-el-parque-saval\/","title":{"rendered":"Congreso Regional Explora llenar\u00e1 de ciencia el Parque Saval"},"content":{"rendered":"<p style=\"text-align: center\"><em><img fetchpriority=\"high\" decoding=\"async\" class=\" alignright size-full wp-image-20834\" style=\"float: right;margin: 10px\" src=\"http:\/\/ec2-54-245-22-188.us-west-2.compute.amazonaws.com\/wp-content\/uploads\/2016\/09\/congresostands.JPG\" alt=\"\" width=\"440\" height=\"291\" \/>M\u00e1s de 50 investigaciones escolares, flores de Chile, instituciones de ciencia y tecnolog\u00eda, encuentro polar y muchos experimentos llegar\u00e1n el Centro de Ferias del Parque Saval entre el 28 y 30 de septiembre en un nuevo Congreso Regional Explora<\/em><\/p>\n<p>El XIII Congreso Regional Escolar de Ciencia y Tecnolog\u00eda se desarrollar\u00e1 desde el mi\u00e9rcoles 28 al viernes 30 de septiembre con m\u00e1s de 50 equipos escolares, presentando investigaciones cient\u00edficas en el Centro de Ferias del Parque Saval. Este a\u00f1o el Congreso Regional se llenar\u00e1 de actividades para que el p\u00fablico asistente, especialmente el p\u00fablico escolar, pueda descubrir la ciencia y la tecnolog\u00eda. La actividad es una iniciativa del Proyecto Asociativo Regional PAR Explora de CONICYT Los R\u00edos que es coordinado por la Direcci\u00f3n de Vinculaci\u00f3n con el Medio<\/p>\n<p>El Director del PAR Explora de CONICYT Los R\u00edos, Dr. Ronnie Reyes Arriagada, se\u00f1al\u00f3 que \u201cen la versi\u00f3n n\u00famero 13 del Congreso Explora Regi\u00f3n de Los R\u00edos destacan una serie de trabajos en las m\u00e1s diversas \u00e1reas entre las cuales podemos contar con tres grandes tem\u00e1ticas que son investigaciones escolares en tecnolog\u00eda e ingenier\u00eda, las ciencias naturales y, adem\u00e1s, tenemos trabajos en el \u00e1rea de las ciencias sociales. Tambi\u00e9n a esto se complementan muchas actividades para la comunidad en general: exposiciones fotogr\u00e1ficas, exposiciones cient\u00edficas bastante l\u00fadicas. Por lo tanto dejamos invitados a la comunidad regional para que pueda participar de estos tres d\u00edas de evento\u201d.<\/p>\n<p>Cabe destacar que los mejores trabajos del Congreso Regional clasificar\u00e1n al Congreso Nacional de Ciencia y Tecnolog\u00eda que se desarrollar\u00e1 en el mes de noviembre en la Regi\u00f3n Metropolitana. Los encargados de revisar y evaluar los trabajos cient\u00edficos escolares se reunieron el pasado mi\u00e9rcoles 21 de septiembre. En la ocasi\u00f3n m\u00e1s de 30 investigadores conocieron los trabajos que evaluar\u00e1n en forma escrita, en su stand y en presentaciones orales. Entre ellos se encuentra Paubla Albizu, docente del Colegio Los Conquistadores, evaluar\u00e1 trabajos de educaci\u00f3n parvularia y primer ciclo b\u00e1sico. Albizu indic\u00f3 que \u201cme gusta eso de ver como los ni\u00f1os muy peque\u00f1os se puedan incluir en la ciencia tambi\u00e9n, aunque mi \u00e1rea es m\u00e1s con la matem\u00e1tica pero obviamente est\u00e1n muy ligadas.\u201d<\/p>\n<p><strong>Actividades<\/strong><\/p>\n<p>El 28 de septiembre se inaugurar\u00e1 el XIII Congreso Regional Escolar de Ciencia y Tecnolog\u00eda Explora de CONICYT Regi\u00f3n de Los R\u00edos con la presencia de m\u00e1s de 100 estudiantes expositores, desde educaci\u00f3n preescolar hasta educaci\u00f3n media. Este a\u00f1o m\u00faltiples actividades paralelas se sumar\u00e1n al Centro de Ferias del Parque Saval.<\/p>\n<p>Estudiantes de la Araucan\u00eda, Los R\u00edos y Los Lagos llegar\u00e1n con sus trabajos sobre la Ant\u00e1rtica al Encuentro de Cient\u00edficos Polares Escolares el d\u00eda 28 de septiembre, los participantes del Programa Tus Competencias en Ciencias llegar\u00e1n el d\u00eda 29 de septiembre a presentar sus experiencias, mientras que el 29 y 30 de septiembre instituciones dedicadas a la investigaci\u00f3n y divulgaci\u00f3n de la ciencia y la tecnolog\u00eda se presentar\u00e1n con Caminos en la Ciencia.<\/p>\n<p>Adem\u00e1s, durante los tres d\u00edas de congreso los asistentes podr\u00e1n conocer el Piloto CTI que se lleva a cabo en nuestra regi\u00f3n, el proyecto de divulgaci\u00f3n de la ciencia \u2018Ecoinform\u00e1tica para j\u00f3venes\u2019 y la exposici\u00f3n Flores Chilenas desde Cerca de la Fundaci\u00f3n Flores. Incluso la XXII Semana Nacional de la Ciencia y la Tecnolog\u00eda tendr\u00e1 un lugar para conocer las actividades que se desarrollar\u00e1n entre el 3 y 9 de octubre.<\/p>\n<p>El horario del Congreso es de 9:00 a 13:00 horas y de 15:00 a 18:00 horas los d\u00edas mi\u00e9rcoles 28 y jueves 29, mientras que el viernes 30 ser\u00e1 de 9:00 a 13:00 horas. La entrada al parque es liberada.<\/p>\n<p>\u00a0<\/p>\n","protected":false},"excerpt":{"rendered":"<p>M\u00e1s de 50 investigaciones escolares, flores de Chile, instituciones de ciencia y tecnolog\u00eda, encuentro polar y muchos experimentos llegar\u00e1n el Centro de Ferias del Parque Saval entre el 28 y 30 de septiembre en un nuevo Congreso Regional Explora El XIII Congreso Regional Escolar de Ciencia y Tecnolog\u00eda se desarrollar\u00e1 desde el mi\u00e9rcoles 28 al [&hellip;]<\/p>\n","protected":false},"author":2,"featured_media":603,"comment_status":"open","ping_status":"open","sticky":false,"template":"","format":"standard","meta":{"_acf_changed":false,"_exactmetrics_skip_tracking":false,"_exactmetrics_sitenote_active":false,"_exactmetrics_sitenote_note":"","_exactmetrics_sitenote_category":0,"footnotes":"","_links_to":"","_links_to_target":""},"categories":[4],"tags":[],"class_list":["post-602","post","type-post","status-publish","format-standard","has-post-thumbnail","hentry","category-noticias"],"acf":[],"yoast_head":"<!-- This site is optimized with the Yoast SEO plugin v26.9 - https:\/\/yoast.com\/product\/yoast-seo-wordpress\/ -->\n<title>Congreso Regional Explora llenar\u00e1 de ciencia el Parque Saval - Los R\u00edos<\/title>\n<meta name=\"robots\" content=\"index, follow, max-snippet:-1, max-image-preview:large, max-video-preview:-1\" \/>\n<link rel=\"canonical\" href=\"https:\/\/explora.cl\/rios\/congreso-regional-explora-llenara-de-ciencia-el-parque-saval\/\" class=\"yoast-seo-meta-tag\" \/>\n<meta property=\"og:locale\" content=\"es_ES\" class=\"yoast-seo-meta-tag\" \/>\n<meta property=\"og:type\" content=\"article\" class=\"yoast-seo-meta-tag\" \/>\n<meta property=\"og:title\" content=\"Congreso Regional Explora llenar\u00e1 de ciencia el Parque Saval - Los R\u00edos\" class=\"yoast-seo-meta-tag\" \/>\n<meta property=\"og:description\" content=\"M\u00e1s de 50 investigaciones escolares, flores de Chile, instituciones de ciencia y tecnolog\u00eda, encuentro polar y muchos experimentos llegar\u00e1n el Centro de Ferias del Parque Saval entre el 28 y 30 de septiembre en un nuevo Congreso Regional Explora El XIII Congreso Regional Escolar de Ciencia y Tecnolog\u00eda se desarrollar\u00e1 desde el mi\u00e9rcoles 28 al [&hellip;]\" class=\"yoast-seo-meta-tag\" \/>\n<meta property=\"og:url\" content=\"https:\/\/explora.cl\/rios\/congreso-regional-explora-llenara-de-ciencia-el-parque-saval\/\" class=\"yoast-seo-meta-tag\" \/>\n<meta property=\"og:site_name\" content=\"Los R\u00edos\" class=\"yoast-seo-meta-tag\" \/>\n<meta property=\"article:published_time\" content=\"2016-09-23T04:00:00+00:00\" class=\"yoast-seo-meta-tag\" \/>\n<meta property=\"article:modified_time\" content=\"2019-05-20T19:29:11+00:00\" class=\"yoast-seo-meta-tag\" \/>\n<meta property=\"og:image\" content=\"https:\/\/explora.cl\/rios\/wp-content\/uploads\/sites\/16\/2018\/06\/standscongreso220.jpg\" class=\"yoast-seo-meta-tag\" \/>\n\t<meta property=\"og:image:width\" content=\"220\" class=\"yoast-seo-meta-tag\" \/>\n\t<meta property=\"og:image:height\" content=\"110\" class=\"yoast-seo-meta-tag\" \/>\n\t<meta property=\"og:image:type\" content=\"image\/jpeg\" class=\"yoast-seo-meta-tag\" \/>\n<meta name=\"author\" content=\"webman\" class=\"yoast-seo-meta-tag\" \/>\n<meta name=\"twitter:card\" content=\"summary_large_image\" class=\"yoast-seo-meta-tag\" \/>\n<meta name=\"twitter:label1\" content=\"Escrito por\" class=\"yoast-seo-meta-tag\" \/>\n\t<meta name=\"twitter:data1\" content=\"webman\" class=\"yoast-seo-meta-tag\" \/>\n\t<meta name=\"twitter:label2\" content=\"Tiempo estimado de lectura\" class=\"yoast-seo-meta-tag\" \/>\n\t<meta name=\"twitter:data2\" content=\"3 minutos\" class=\"yoast-seo-meta-tag\" \/>\n<script type=\"application\/ld+json\" class=\"yoast-schema-graph\">{\"@context\":\"https:\/\/schema.org\",\"@graph\":[{\"@type\":\"Article\",\"@id\":\"https:\/\/explora.cl\/rios\/congreso-regional-explora-llenara-de-ciencia-el-parque-saval\/#article\",\"isPartOf\":{\"@id\":\"https:\/\/explora.cl\/rios\/congreso-regional-explora-llenara-de-ciencia-el-parque-saval\/\"},\"author\":{\"name\":\"webman\",\"@id\":\"https:\/\/explora.cl\/rios\/#\/schema\/person\/cb8349c13ea2d324080adf8480d7ba5d\"},\"headline\":\"Congreso Regional Explora llenar\u00e1 de ciencia el Parque Saval\",\"datePublished\":\"2016-09-23T04:00:00+00:00\",\"dateModified\":\"2019-05-20T19:29:11+00:00\",\"mainEntityOfPage\":{\"@id\":\"https:\/\/explora.cl\/rios\/congreso-regional-explora-llenara-de-ciencia-el-parque-saval\/\"},\"wordCount\":653,\"commentCount\":0,\"image\":{\"@id\":\"https:\/\/explora.cl\/rios\/congreso-regional-explora-llenara-de-ciencia-el-parque-saval\/#primaryimage\"},\"thumbnailUrl\":\"https:\/\/explora.cl\/rios\/wp-content\/uploads\/sites\/16\/2018\/06\/standscongreso220.jpg\",\"articleSection\":[\"Noticias\"],\"inLanguage\":\"es-CL\",\"potentialAction\":[{\"@type\":\"CommentAction\",\"name\":\"Comment\",\"target\":[\"https:\/\/explora.cl\/rios\/congreso-regional-explora-llenara-de-ciencia-el-parque-saval\/#respond\"]}]},{\"@type\":\"WebPage\",\"@id\":\"https:\/\/explora.cl\/rios\/congreso-regional-explora-llenara-de-ciencia-el-parque-saval\/\",\"url\":\"https:\/\/explora.cl\/rios\/congreso-regional-explora-llenara-de-ciencia-el-parque-saval\/\",\"name\":\"Congreso Regional Explora llenar\u00e1 de ciencia el Parque Saval - Los R\u00edos\",\"isPartOf\":{\"@id\":\"https:\/\/explora.cl\/rios\/#website\"},\"primaryImageOfPage\":{\"@id\":\"https:\/\/explora.cl\/rios\/congreso-regional-explora-llenara-de-ciencia-el-parque-saval\/#primaryimage\"},\"image\":{\"@id\":\"https:\/\/explora.cl\/rios\/congreso-regional-explora-llenara-de-ciencia-el-parque-saval\/#primaryimage\"},\"thumbnailUrl\":\"https:\/\/explora.cl\/rios\/wp-content\/uploads\/sites\/16\/2018\/06\/standscongreso220.jpg\",\"datePublished\":\"2016-09-23T04:00:00+00:00\",\"dateModified\":\"2019-05-20T19:29:11+00:00\",\"author\":{\"@id\":\"https:\/\/explora.cl\/rios\/#\/schema\/person\/cb8349c13ea2d324080adf8480d7ba5d\"},\"breadcrumb\":{\"@id\":\"https:\/\/explora.cl\/rios\/congreso-regional-explora-llenara-de-ciencia-el-parque-saval\/#breadcrumb\"},\"inLanguage\":\"es-CL\",\"potentialAction\":[{\"@type\":\"ReadAction\",\"target\":[\"https:\/\/explora.cl\/rios\/congreso-regional-explora-llenara-de-ciencia-el-parque-saval\/\"]}]},{\"@type\":\"ImageObject\",\"inLanguage\":\"es-CL\",\"@id\":\"https:\/\/explora.cl\/rios\/congreso-regional-explora-llenara-de-ciencia-el-parque-saval\/#primaryimage\",\"url\":\"https:\/\/explora.cl\/rios\/wp-content\/uploads\/sites\/16\/2018\/06\/standscongreso220.jpg\",\"contentUrl\":\"https:\/\/explora.cl\/rios\/wp-content\/uploads\/sites\/16\/2018\/06\/standscongreso220.jpg\",\"width\":220,\"height\":110},{\"@type\":\"BreadcrumbList\",\"@id\":\"https:\/\/explora.cl\/rios\/congreso-regional-explora-llenara-de-ciencia-el-parque-saval\/#breadcrumb\",\"itemListElement\":[{\"@type\":\"ListItem\",\"position\":1,\"name\":\"Portada\",\"item\":\"https:\/\/explora.cl\/rios\/\"},{\"@type\":\"ListItem\",\"position\":2,\"name\":\"Congreso Regional Explora llenar\u00e1 de ciencia el Parque Saval\"}]},{\"@type\":\"WebSite\",\"@id\":\"https:\/\/explora.cl\/rios\/#website\",\"url\":\"https:\/\/explora.cl\/rios\/\",\"name\":\"Los R\u00edos\",\"description\":\"Otro sitio m\u00e1s de explora.cl\",\"potentialAction\":[{\"@type\":\"SearchAction\",\"target\":{\"@type\":\"EntryPoint\",\"urlTemplate\":\"https:\/\/explora.cl\/rios\/?s={search_term_string}\"},\"query-input\":{\"@type\":\"PropertyValueSpecification\",\"valueRequired\":true,\"valueName\":\"search_term_string\"}}],\"inLanguage\":\"es-CL\"},{\"@type\":\"Person\",\"@id\":\"https:\/\/explora.cl\/rios\/#\/schema\/person\/cb8349c13ea2d324080adf8480d7ba5d\",\"name\":\"webman\",\"image\":{\"@type\":\"ImageObject\",\"inLanguage\":\"es-CL\",\"@id\":\"https:\/\/explora.cl\/rios\/#\/schema\/person\/image\/\",\"url\":\"https:\/\/secure.gravatar.com\/avatar\/eeff3c82f2c02f7177d13663b7e6f890e9a6a0647ce9bb29cae02dcb094c7312?s=96&d=mm&r=g\",\"contentUrl\":\"https:\/\/secure.gravatar.com\/avatar\/eeff3c82f2c02f7177d13663b7e6f890e9a6a0647ce9bb29cae02dcb094c7312?s=96&d=mm&r=g\",\"caption\":\"webman\"},\"url\":\"https:\/\/explora.cl\/rios\/author\/webman\/\"}]}<\/script>\n<!-- \/ Yoast SEO plugin. -->","yoast_head_json":{"title":"Congreso Regional Explora llenar\u00e1 de ciencia el Parque Saval - Los R\u00edos","robots":{"index":"index","follow":"follow","max-snippet":"max-snippet:-1","max-image-preview":"max-image-preview:large","max-video-preview":"max-video-preview:-1"},"canonical":"https:\/\/explora.cl\/rios\/congreso-regional-explora-llenara-de-ciencia-el-parque-saval\/","og_locale":"es_ES","og_type":"article","og_title":"Congreso Regional Explora llenar\u00e1 de ciencia el Parque Saval - Los R\u00edos","og_description":"M\u00e1s de 50 investigaciones escolares, flores de Chile, instituciones de ciencia y tecnolog\u00eda, encuentro polar y muchos experimentos llegar\u00e1n el Centro de Ferias del Parque Saval entre el 28 y 30 de septiembre en un nuevo Congreso Regional Explora El XIII Congreso Regional Escolar de Ciencia y Tecnolog\u00eda se desarrollar\u00e1 desde el mi\u00e9rcoles 28 al [&hellip;]","og_url":"https:\/\/explora.cl\/rios\/congreso-regional-explora-llenara-de-ciencia-el-parque-saval\/","og_site_name":"Los R\u00edos","article_published_time":"2016-09-23T04:00:00+00:00","article_modified_time":"2019-05-20T19:29:11+00:00","og_image":[{"width":220,"height":110,"url":"https:\/\/explora.cl\/rios\/wp-content\/uploads\/sites\/16\/2018\/06\/standscongreso220.jpg","type":"image\/jpeg"}],"author":"webman","twitter_card":"summary_large_image","twitter_misc":{"Escrito por":"webman","Tiempo estimado de lectura":"3 minutos"},"schema":{"@context":"https:\/\/schema.org","@graph":[{"@type":"Article","@id":"https:\/\/explora.cl\/rios\/congreso-regional-explora-llenara-de-ciencia-el-parque-saval\/#article","isPartOf":{"@id":"https:\/\/explora.cl\/rios\/congreso-regional-explora-llenara-de-ciencia-el-parque-saval\/"},"author":{"name":"webman","@id":"https:\/\/explora.cl\/rios\/#\/schema\/person\/cb8349c13ea2d324080adf8480d7ba5d"},"headline":"Congreso Regional Explora llenar\u00e1 de ciencia el Parque Saval","datePublished":"2016-09-23T04:00:00+00:00","dateModified":"2019-05-20T19:29:11+00:00","mainEntityOfPage":{"@id":"https:\/\/explora.cl\/rios\/congreso-regional-explora-llenara-de-ciencia-el-parque-saval\/"},"wordCount":653,"commentCount":0,"image":{"@id":"https:\/\/explora.cl\/rios\/congreso-regional-explora-llenara-de-ciencia-el-parque-saval\/#primaryimage"},"thumbnailUrl":"https:\/\/explora.cl\/rios\/wp-content\/uploads\/sites\/16\/2018\/06\/standscongreso220.jpg","articleSection":["Noticias"],"inLanguage":"es-CL","potentialAction":[{"@type":"CommentAction","name":"Comment","target":["https:\/\/explora.cl\/rios\/congreso-regional-explora-llenara-de-ciencia-el-parque-saval\/#respond"]}]},{"@type":"WebPage","@id":"https:\/\/explora.cl\/rios\/congreso-regional-explora-llenara-de-ciencia-el-parque-saval\/","url":"https:\/\/explora.cl\/rios\/congreso-regional-explora-llenara-de-ciencia-el-parque-saval\/","name":"Congreso Regional Explora llenar\u00e1 de ciencia el Parque Saval - Los R\u00edos","isPartOf":{"@id":"https:\/\/explora.cl\/rios\/#website"},"primaryImageOfPage":{"@id":"https:\/\/explora.cl\/rios\/congreso-regional-explora-llenara-de-ciencia-el-parque-saval\/#primaryimage"},"image":{"@id":"https:\/\/explora.cl\/rios\/congreso-regional-explora-llenara-de-ciencia-el-parque-saval\/#primaryimage"},"thumbnailUrl":"https:\/\/explora.cl\/rios\/wp-content\/uploads\/sites\/16\/2018\/06\/standscongreso220.jpg","datePublished":"2016-09-23T04:00:00+00:00","dateModified":"2019-05-20T19:29:11+00:00","author":{"@id":"https:\/\/explora.cl\/rios\/#\/schema\/person\/cb8349c13ea2d324080adf8480d7ba5d"},"breadcrumb":{"@id":"https:\/\/explora.cl\/rios\/congreso-regional-explora-llenara-de-ciencia-el-parque-saval\/#breadcrumb"},"inLanguage":"es-CL","potentialAction":[{"@type":"ReadAction","target":["https:\/\/explora.cl\/rios\/congreso-regional-explora-llenara-de-ciencia-el-parque-saval\/"]}]},{"@type":"ImageObject","inLanguage":"es-CL","@id":"https:\/\/explora.cl\/rios\/congreso-regional-explora-llenara-de-ciencia-el-parque-saval\/#primaryimage","url":"https:\/\/explora.cl\/rios\/wp-content\/uploads\/sites\/16\/2018\/06\/standscongreso220.jpg","contentUrl":"https:\/\/explora.cl\/rios\/wp-content\/uploads\/sites\/16\/2018\/06\/standscongreso220.jpg","width":220,"height":110},{"@type":"BreadcrumbList","@id":"https:\/\/explora.cl\/rios\/congreso-regional-explora-llenara-de-ciencia-el-parque-saval\/#breadcrumb","itemListElement":[{"@type":"ListItem","position":1,"name":"Portada","item":"https:\/\/explora.cl\/rios\/"},{"@type":"ListItem","position":2,"name":"Congreso Regional Explora llenar\u00e1 de ciencia el Parque Saval"}]},{"@type":"WebSite","@id":"https:\/\/explora.cl\/rios\/#website","url":"https:\/\/explora.cl\/rios\/","name":"Los R\u00edos","description":"Otro sitio m\u00e1s de explora.cl","potentialAction":[{"@type":"SearchAction","target":{"@type":"EntryPoint","urlTemplate":"https:\/\/explora.cl\/rios\/?s={search_term_string}"},"query-input":{"@type":"PropertyValueSpecification","valueRequired":true,"valueName":"search_term_string"}}],"inLanguage":"es-CL"},{"@type":"Person","@id":"https:\/\/explora.cl\/rios\/#\/schema\/person\/cb8349c13ea2d324080adf8480d7ba5d","name":"webman","image":{"@type":"ImageObject","inLanguage":"es-CL","@id":"https:\/\/explora.cl\/rios\/#\/schema\/person\/image\/","url":"https:\/\/secure.gravatar.com\/avatar\/eeff3c82f2c02f7177d13663b7e6f890e9a6a0647ce9bb29cae02dcb094c7312?s=96&d=mm&r=g","contentUrl":"https:\/\/secure.gravatar.com\/avatar\/eeff3c82f2c02f7177d13663b7e6f890e9a6a0647ce9bb29cae02dcb094c7312?s=96&d=mm&r=g","caption":"webman"},"url":"https:\/\/explora.cl\/rios\/author\/webman\/"}]}},"_links":{"self":[{"href":"https:\/\/explora.cl\/rios\/wp-json\/wp\/v2\/posts\/602","targetHints":{"allow":["GET"]}}],"collection":[{"href":"https:\/\/explora.cl\/rios\/wp-json\/wp\/v2\/posts"}],"about":[{"href":"https:\/\/explora.cl\/rios\/wp-json\/wp\/v2\/types\/post"}],"author":[{"embeddable":true,"href":"https:\/\/explora.cl\/rios\/wp-json\/wp\/v2\/users\/2"}],"replies":[{"embeddable":true,"href":"https:\/\/explora.cl\/rios\/wp-json\/wp\/v2\/comments?post=602"}],"version-history":[{"count":1,"href":"https:\/\/explora.cl\/rios\/wp-json\/wp\/v2\/posts\/602\/revisions"}],"predecessor-version":[{"id":37852,"href":"https:\/\/explora.cl\/rios\/wp-json\/wp\/v2\/posts\/602\/revisions\/37852"}],"wp:featuredmedia":[{"embeddable":true,"href":"https:\/\/explora.cl\/rios\/wp-json\/wp\/v2\/media\/603"}],"wp:attachment":[{"href":"https:\/\/explora.cl\/rios\/wp-json\/wp\/v2\/media?parent=602"}],"wp:term":[{"taxonomy":"category","embeddable":true,"href":"https:\/\/explora.cl\/rios\/wp-json\/wp\/v2\/categories?post=602"},{"taxonomy":"post_tag","embeddable":true,"href":"https:\/\/explora.cl\/rios\/wp-json\/wp\/v2\/tags?post=602"}],"curies":[{"name":"wp","href":"https:\/\/api.w.org\/{rel}","templated":true}]}}