{"id":44069,"date":"2025-10-20T16:50:09","date_gmt":"2025-10-20T19:50:09","guid":{"rendered":"https:\/\/explora.cl\/rios\/?p=44069"},"modified":"2025-10-20T18:03:02","modified_gmt":"2025-10-20T21:03:02","slug":"postula-al-campamento-explora-va-2026","status":"publish","type":"post","link":"https:\/\/explora.cl\/rios\/postula-al-campamento-explora-va-2026\/","title":{"rendered":"Postula al Campamento Explora Va! 2026"},"content":{"rendered":"<p data-start=\"124\" data-end=\"465\">El Proyecto Explora Los R\u00edos, perteneciente a la Divisi\u00f3n Ciencia y Sociedad del Ministerio de Ciencia, Tecnolog\u00eda, Conocimiento e Innovaci\u00f3n y ejecutado por la Direcci\u00f3n de Vinculaci\u00f3n con el Medio de la Universidad Austral de Chile (UACh), abre la convocatoria para participar en el Campamento Explora Va! 2025-2026.<\/p>\n<p data-start=\"467\" data-end=\"755\">Esta iniciativa invita a educadoras y educadores de p\u00e1rvulos, docentes de todos los niveles y disciplinas, t\u00e9cnicos y otros profesionales que se desempe\u00f1en en el aula en la Regi\u00f3n de Los R\u00edos a ser parte de una experiencia formativa gratuita, que incluye alojamiento y alimentaci\u00f3n.<\/p>\n<p data-start=\"757\" data-end=\"928\">El campamento se llevar\u00e1 a cabo en Valdivia, entre el 12 y el 16 de enero de 2026, e incluir\u00e1 adem\u00e1s el desarrollo de actividades complementarias durante el a\u00f1o.<\/p>\n<p data-start=\"930\" data-end=\"978\">Para esta edici\u00f3n, se dispone de 30 cupos.<\/p>\n<p data-start=\"930\" data-end=\"978\">Revisa las Bases en el siguiente enlace: <a href=\"https:\/\/drive.google.com\/uc?export=download&amp;id=1cYYqn0h8N-hEnfpy6Rq11niCZ7UFFuZn\">BASES CAMPAMENTO EXPLORA VA! 2026\u00a0<\/a><\/p>\n<h3><span data-contrast=\"auto\">Para postular debes seguir los siguientes pasos:<\/span><span data-ccp-props=\"{&quot;201341983&quot;:0,&quot;335551550&quot;:6,&quot;335551620&quot;:6,&quot;335559737&quot;:356,&quot;335559738&quot;:1,&quot;335559740&quot;:273}\">\u00a0<\/span><\/h3>\n<ul>\n<li data-leveltext=\"\uf0b7\" data-font=\"Symbol\" data-listid=\"13\" data-list-defn-props=\"{&quot;335551671&quot;:0,&quot;335552541&quot;:1,&quot;335559685&quot;:822,&quot;335559991&quot;:360,&quot;469769226&quot;:&quot;Symbol&quot;,&quot;469769242&quot;:[8226],&quot;469777803&quot;:&quot;left&quot;,&quot;469777804&quot;:&quot;\uf0b7&quot;,&quot;469777815&quot;:&quot;hybridMultilevel&quot;}\" data-aria-posinset=\"0\" data-aria-level=\"1\"><span data-contrast=\"auto\">Completar el <\/span><a href=\"https:\/\/www.jotform.com\/es\/build\/252924468615667\"><b><span data-contrast=\"auto\">Formulario de postulaci\u00f3n<\/span><\/b><b><span data-contrast=\"auto\">.<\/span><\/b><\/a><span data-ccp-props=\"{&quot;201341983&quot;:0,&quot;335551550&quot;:6,&quot;335551620&quot;:6,&quot;335559685&quot;:821,&quot;335559737&quot;:114,&quot;335559740&quot;:276,&quot;469777462&quot;:[822],&quot;469777927&quot;:[0],&quot;469777928&quot;:[1]}\">\u00a0 \u00a0 \u00a0 \u00a0 \u00a0 \u00a0 \u00a0 \u00a0 \u00a0 \u00a0 \u00a0 \u00a0 \u00a0 \u00a0 \u00a0 \u00a0 \u00a0 \u00a0 \u00a0 \u00a0 \u00a0 \u00a0 \u00a0 \u00a0 \u00a0 \u00a0 \u00a0 \u00a0 \u00a0 \u00a0<\/span><\/li>\n<\/ul>\n<ul>\n<li data-leveltext=\"\uf0b7\" data-font=\"Symbol\" data-listid=\"13\" data-list-defn-props=\"{&quot;335551671&quot;:0,&quot;335552541&quot;:1,&quot;335559685&quot;:822,&quot;335559991&quot;:360,&quot;469769226&quot;:&quot;Symbol&quot;,&quot;469769242&quot;:[8226],&quot;469777803&quot;:&quot;left&quot;,&quot;469777804&quot;:&quot;\uf0b7&quot;,&quot;469777815&quot;:&quot;hybridMultilevel&quot;}\" data-aria-posinset=\"1\" data-aria-level=\"1\"><b><span data-contrast=\"auto\">Adjuntar carta de compromiso formal <\/span><\/b><span data-contrast=\"auto\">de la direcci\u00f3n del establecimiento para la implementaci\u00f3n de la iniciativa, expresado en una <\/span><a href=\"https:\/\/drive.google.com\/uc?export=download&amp;id=1yfPokScbGZwW2EW4slQB9WCA1qavT8Px\"><b><span data-contrast=\"auto\">carta de compromiso<\/span><\/b> <b><span data-contrast=\"auto\">(Anexo 1).<\/span><\/b><b><span data-contrast=\"none\">\u00a0<\/span><\/b><\/a><span data-ccp-props=\"{&quot;201341983&quot;:0,&quot;335551550&quot;:6,&quot;335551620&quot;:6,&quot;335559685&quot;:821,&quot;335559737&quot;:114,&quot;335559740&quot;:276,&quot;469777462&quot;:[822],&quot;469777927&quot;:[0],&quot;469777928&quot;:[1]}\">\u00a0<\/span><\/li>\n<\/ul>\n<ul>\n<li data-leveltext=\"\uf0b7\" data-font=\"Symbol\" data-listid=\"13\" data-list-defn-props=\"{&quot;335551671&quot;:0,&quot;335552541&quot;:1,&quot;335559685&quot;:822,&quot;335559991&quot;:360,&quot;469769226&quot;:&quot;Symbol&quot;,&quot;469769242&quot;:[8226],&quot;469777803&quot;:&quot;left&quot;,&quot;469777804&quot;:&quot;\uf0b7&quot;,&quot;469777815&quot;:&quot;hybridMultilevel&quot;}\" data-aria-posinset=\"2\" data-aria-level=\"1\"><b><span data-contrast=\"auto\">Adjuntar el <a href=\"https:\/\/drive.google.com\/uc?export=download&amp;id=14kJL0tZCA3t53Ej6veYnJElevz2Eb_da\">consentimiento de imagen de adulto (Anexo 2).<\/a><\/span><\/b><span data-ccp-props=\"{&quot;201341983&quot;:0,&quot;335551550&quot;:6,&quot;335551620&quot;:6,&quot;335559685&quot;:821,&quot;335559737&quot;:116,&quot;335559740&quot;:276,&quot;469777462&quot;:[822],&quot;469777927&quot;:[0],&quot;469777928&quot;:[1]}\">\u00a0<\/span><\/li>\n<li data-leveltext=\"\uf0b7\" data-font=\"Symbol\" data-listid=\"13\" data-list-defn-props=\"{&quot;335551671&quot;:0,&quot;335552541&quot;:1,&quot;335559685&quot;:822,&quot;335559991&quot;:360,&quot;469769226&quot;:&quot;Symbol&quot;,&quot;469769242&quot;:[8226],&quot;469777803&quot;:&quot;left&quot;,&quot;469777804&quot;:&quot;\uf0b7&quot;,&quot;469777815&quot;:&quot;hybridMultilevel&quot;}\" data-aria-posinset=\"3\" data-aria-level=\"1\"><b><span data-contrast=\"auto\">Adjuntar <a href=\"https:\/\/drive.google.com\/uc?export=download&amp;id=1Mk6HBz9h5Oz-0_5UVnfIFswQ_04ZB2Ml\">declaraci\u00f3n de salud (Anexo 3)<\/a>.<\/span><\/b><span data-ccp-props=\"{&quot;335551550&quot;:1,&quot;335551620&quot;:1,&quot;335559738&quot;:39,&quot;469777462&quot;:[720],&quot;469777927&quot;:[0],&quot;469777928&quot;:[1]}\">\u00a0<\/span><\/li>\n<li><b><span data-contrast=\"auto\">Adjuntar el <a href=\"https:\/\/drive.google.com\/uc?export=download&amp;id=1T975BeaGmuTQB2AFOPCUxpRO4sUrtbtl\">c\u00f3digo de conducta (Anexo 4).<\/a><\/span><\/b><span data-ccp-props=\"{&quot;335551550&quot;:1,&quot;335551620&quot;:1,&quot;335559738&quot;:44,&quot;469777462&quot;:[720],&quot;469777927&quot;:[0],&quot;469777928&quot;:[1]}\">\u00a0 \u00a0<\/span><\/li>\n<\/ul>\n<p>&nbsp;<\/p>\n<p>&nbsp;<\/p>\n<p>&nbsp;<\/p>\n<p><span data-ccp-props=\"{&quot;335551550&quot;:1,&quot;335551620&quot;:1,&quot;335559738&quot;:39,&quot;469777462&quot;:[720],&quot;469777927&quot;:[0],&quot;469777928&quot;:[1]}\"><a href=\"https:\/\/explora.cl\/rios\/wp-content\/uploads\/sites\/16\/2025\/10\/BANNER-CAMPAMENTO-scaled.png\"><img fetchpriority=\"high\" decoding=\"async\" class=\"aligncenter wp-image-44070\" src=\"https:\/\/explora.cl\/rios\/wp-content\/uploads\/sites\/16\/2025\/10\/BANNER-CAMPAMENTO-scaled.png\" alt=\"\" width=\"1144\" height=\"572\" srcset=\"https:\/\/explora.cl\/rios\/wp-content\/uploads\/sites\/16\/2025\/10\/BANNER-CAMPAMENTO-scaled.png 2560w, https:\/\/explora.cl\/rios\/wp-content\/uploads\/sites\/16\/2025\/10\/BANNER-CAMPAMENTO-300x150.png 300w, https:\/\/explora.cl\/rios\/wp-content\/uploads\/sites\/16\/2025\/10\/BANNER-CAMPAMENTO-1024x512.png 1024w, https:\/\/explora.cl\/rios\/wp-content\/uploads\/sites\/16\/2025\/10\/BANNER-CAMPAMENTO-768x384.png 768w, https:\/\/explora.cl\/rios\/wp-content\/uploads\/sites\/16\/2025\/10\/BANNER-CAMPAMENTO-1536x768.png 1536w, https:\/\/explora.cl\/rios\/wp-content\/uploads\/sites\/16\/2025\/10\/BANNER-CAMPAMENTO-2048x1024.png 2048w, https:\/\/explora.cl\/rios\/wp-content\/uploads\/sites\/16\/2025\/10\/BANNER-CAMPAMENTO-1200x600.png 1200w\" sizes=\"(max-width: 1144px) 100vw, 1144px\" \/><\/a><\/span><\/p>\n<p>&nbsp;<\/p>\n<p><span class=\"TextRun SCXW37208835 BCX0\" lang=\"ES-ES\" xml:lang=\"ES-ES\" data-contrast=\"auto\"><span class=\"NormalTextRun SCXW37208835 BCX0\">La notificaci\u00f3n de los resultados se realizar\u00e1 el <\/span><span class=\"NormalTextRun SCXW37208835 BCX0\">26<\/span><span class=\"NormalTextRun SCXW37208835 BCX0\"> de noviembre del<\/span><span class=\"NormalTextRun SCXW37208835 BCX0\"> 2025<\/span><\/span><span class=\"TextRun SCXW37208835 BCX0\" lang=\"ES-ES\" xml:lang=\"ES-ES\" data-contrast=\"auto\"><span class=\"NormalTextRun SCXW37208835 BCX0\">, v\u00eda correo electr\u00f3nico<\/span> <span class=\"NormalTextRun SCXW37208835 BCX0\">desde<\/span> <\/span><a class=\"Hyperlink SCXW37208835 BCX0\" href=\"mailto:vinculacionexplorarios@uach.cl\" target=\"_blank\" rel=\"noreferrer noopener\"><span class=\"TextRun Underlined SCXW37208835 BCX0\" lang=\"ES-ES\" xml:lang=\"ES-ES\" data-contrast=\"none\"><span class=\"NormalTextRun SCXW37208835 BCX0\" data-ccp-charstyle=\"Hyperlink\">vinculacionexplorarios@uach.cl<\/span><\/span><\/a><span class=\"TextRun SCXW37208835 BCX0\" lang=\"ES-ES\" xml:lang=\"ES-ES\" data-contrast=\"auto\"> <span class=\"NormalTextRun SCXW37208835 BCX0\">y se<\/span> <span class=\"NormalTextRun SCXW37208835 BCX0\">publicar\u00e1<\/span> <span class=\"NormalTextRun SCXW37208835 BCX0\">en nuestras redes sociales <\/span><\/span><a class=\"Hyperlink SCXW37208835 BCX0\" href=\"https:\/\/www.instagram.com\/parexplorarios?igsh=MWJkaWR4bThvMnZlYw==\" target=\"_blank\" rel=\"noreferrer noopener\"><span class=\"TextRun Underlined SCXW37208835 BCX0\" lang=\"ES-ES\" xml:lang=\"ES-ES\" data-contrast=\"none\"><span class=\"NormalTextRun SCXW37208835 BCX0\" data-ccp-charstyle=\"Hyperlink\">@parexplorarios<\/span><\/span><\/a><span class=\"TextRun SCXW37208835 BCX0\" lang=\"ES-ES\" xml:lang=\"ES-ES\" data-contrast=\"none\"><span class=\"NormalTextRun SCXW37208835 BCX0\">.<\/span><span class=\"NormalTextRun SCXW37208835 BCX0\">\u00a0<\/span><\/span><span class=\"EOP SCXW37208835 BCX0\" data-ccp-props=\"{&quot;201341983&quot;:0,&quot;335551550&quot;:6,&quot;335551620&quot;:6,&quot;335559685&quot;:102,&quot;335559737&quot;:115,&quot;335559738&quot;:1,&quot;335559739&quot;:240,&quot;335559740&quot;:276}\">\u00a0<\/span><\/p>\n<p><span data-contrast=\"auto\">Las postulaciones que no cumplan con las bases de concurso, que contempla <\/span><b><span data-contrast=\"auto\">la entrega de todos los documentos a adjuntar<\/span><\/b><span data-contrast=\"auto\">, quedar\u00e1n fuera de bases y no ingresar\u00e1n al proceso de evaluaci\u00f3n, ser\u00e1n consideradas como postulaciones inadmisibles.<\/span><span data-ccp-props=\"{&quot;201341983&quot;:0,&quot;335551550&quot;:6,&quot;335551620&quot;:6,&quot;335559685&quot;:102,&quot;335559737&quot;:117,&quot;335559740&quot;:276}\">\u00a0<\/span><\/p>\n<p><span data-contrast=\"auto\">Los\/as participantes seleccionados\/as tendr\u00e1n un plazo de 3 d\u00edas h\u00e1biles, a contar de su notificaci\u00f3n, para informar al PAR Explora Los R\u00edos v\u00eda correo electr\u00f3nico dirigido a <\/span><a href=\"mailto:vinculacionexplorarios@uach.cl\"><span data-contrast=\"none\">vinculacionexplorarios@uach.cl<\/span><\/a><span data-contrast=\"auto\"> la aceptaci\u00f3n o el rechazo de su participaci\u00f3n. Si el\/la postulante no comunica su aceptaci\u00f3n o rechazo dentro de ese plazo, se entender\u00e1 por rechazada su selecci\u00f3n y se recurrir\u00e1 a la lista de espera para completar los cupos disponibles.\u00a0\u00a0<\/span><span data-ccp-props=\"{&quot;201341983&quot;:0,&quot;335551550&quot;:6,&quot;335551620&quot;:6,&quot;335559685&quot;:102,&quot;335559737&quot;:115,&quot;335559740&quot;:276}\">\u00a0<\/span><\/p>\n<p>&nbsp;<\/p>\n","protected":false},"excerpt":{"rendered":"<p>El Proyecto Explora Los R\u00edos, perteneciente a la Divisi\u00f3n Ciencia y Sociedad del Ministerio de Ciencia, Tecnolog\u00eda, Conocimiento e Innovaci\u00f3n y ejecutado por la Direcci\u00f3n de Vinculaci\u00f3n con el Medio de la Universidad Austral de Chile (UACh), abre la convocatoria para participar en el Campamento Explora Va! 2025-2026. Esta iniciativa invita a educadoras y educadores [&hellip;]<\/p>\n","protected":false},"author":31,"featured_media":44071,"comment_status":"open","ping_status":"open","sticky":false,"template":"","format":"standard","meta":{"_acf_changed":false,"_exactmetrics_skip_tracking":false,"_exactmetrics_sitenote_active":false,"_exactmetrics_sitenote_note":"","_exactmetrics_sitenote_category":0,"footnotes":"","_links_to":"","_links_to_target":""},"categories":[4],"tags":[301,23,156,477],"class_list":["post-44069","post","type-post","status-publish","format-standard","has-post-thumbnail","hentry","category-noticias","tag-campamento-explora-va","tag-explora","tag-los-rios","tag-proyecto-explora-los-rios"],"acf":[],"yoast_head":"<!-- This site is optimized with the Yoast SEO plugin v26.9 - https:\/\/yoast.com\/product\/yoast-seo-wordpress\/ -->\n<title>Postula al Campamento Explora Va! 2026 - Los R\u00edos<\/title>\n<meta name=\"robots\" content=\"index, follow, max-snippet:-1, max-image-preview:large, max-video-preview:-1\" \/>\n<link rel=\"canonical\" href=\"https:\/\/explora.cl\/rios\/postula-al-campamento-explora-va-2026\/\" class=\"yoast-seo-meta-tag\" \/>\n<meta property=\"og:locale\" content=\"es_ES\" class=\"yoast-seo-meta-tag\" \/>\n<meta property=\"og:type\" content=\"article\" class=\"yoast-seo-meta-tag\" \/>\n<meta property=\"og:title\" content=\"Postula al Campamento Explora Va! 2026 - Los R\u00edos\" class=\"yoast-seo-meta-tag\" \/>\n<meta property=\"og:description\" content=\"El Proyecto Explora Los R\u00edos, perteneciente a la Divisi\u00f3n Ciencia y Sociedad del Ministerio de Ciencia, Tecnolog\u00eda, Conocimiento e Innovaci\u00f3n y ejecutado por la Direcci\u00f3n de Vinculaci\u00f3n con el Medio de la Universidad Austral de Chile (UACh), abre la convocatoria para participar en el Campamento Explora Va! 2025-2026. Esta iniciativa invita a educadoras y educadores [&hellip;]\" class=\"yoast-seo-meta-tag\" \/>\n<meta property=\"og:url\" content=\"https:\/\/explora.cl\/rios\/postula-al-campamento-explora-va-2026\/\" class=\"yoast-seo-meta-tag\" \/>\n<meta property=\"og:site_name\" content=\"Los R\u00edos\" class=\"yoast-seo-meta-tag\" \/>\n<meta property=\"article:published_time\" content=\"2025-10-20T19:50:09+00:00\" class=\"yoast-seo-meta-tag\" \/>\n<meta property=\"article:modified_time\" content=\"2025-10-20T21:03:02+00:00\" class=\"yoast-seo-meta-tag\" \/>\n<meta property=\"og:image\" content=\"https:\/\/explora.cl\/rios\/wp-content\/uploads\/sites\/16\/2025\/10\/SELECCIONADO-2.png\" class=\"yoast-seo-meta-tag\" \/>\n\t<meta property=\"og:image:width\" content=\"1080\" class=\"yoast-seo-meta-tag\" \/>\n\t<meta property=\"og:image:height\" content=\"1350\" class=\"yoast-seo-meta-tag\" \/>\n\t<meta property=\"og:image:type\" content=\"image\/png\" class=\"yoast-seo-meta-tag\" \/>\n<meta name=\"author\" content=\"smancilla\" class=\"yoast-seo-meta-tag\" \/>\n<meta name=\"twitter:card\" content=\"summary_large_image\" class=\"yoast-seo-meta-tag\" \/>\n<meta name=\"twitter:label1\" content=\"Escrito por\" class=\"yoast-seo-meta-tag\" \/>\n\t<meta name=\"twitter:data1\" content=\"smancilla\" class=\"yoast-seo-meta-tag\" \/>\n\t<meta name=\"twitter:label2\" content=\"Tiempo estimado de lectura\" class=\"yoast-seo-meta-tag\" \/>\n\t<meta name=\"twitter:data2\" content=\"2 minutos\" class=\"yoast-seo-meta-tag\" \/>\n<script type=\"application\/ld+json\" class=\"yoast-schema-graph\">{\"@context\":\"https:\/\/schema.org\",\"@graph\":[{\"@type\":\"Article\",\"@id\":\"https:\/\/explora.cl\/rios\/postula-al-campamento-explora-va-2026\/#article\",\"isPartOf\":{\"@id\":\"https:\/\/explora.cl\/rios\/postula-al-campamento-explora-va-2026\/\"},\"author\":{\"name\":\"smancilla\",\"@id\":\"https:\/\/explora.cl\/rios\/#\/schema\/person\/279896208736d277e75690dde6cc1ea9\"},\"headline\":\"Postula al Campamento Explora Va! 2026\",\"datePublished\":\"2025-10-20T19:50:09+00:00\",\"dateModified\":\"2025-10-20T21:03:02+00:00\",\"mainEntityOfPage\":{\"@id\":\"https:\/\/explora.cl\/rios\/postula-al-campamento-explora-va-2026\/\"},\"wordCount\":373,\"commentCount\":0,\"image\":{\"@id\":\"https:\/\/explora.cl\/rios\/postula-al-campamento-explora-va-2026\/#primaryimage\"},\"thumbnailUrl\":\"https:\/\/explora.cl\/rios\/wp-content\/uploads\/sites\/16\/2025\/10\/SELECCIONADO-2.png\",\"keywords\":[\"Campamento Explora VA!\",\"EXPLORA\",\"los rios\",\"Proyecto Explora Los R\u00edos\"],\"articleSection\":[\"Noticias\"],\"inLanguage\":\"es-CL\",\"potentialAction\":[{\"@type\":\"CommentAction\",\"name\":\"Comment\",\"target\":[\"https:\/\/explora.cl\/rios\/postula-al-campamento-explora-va-2026\/#respond\"]}]},{\"@type\":\"WebPage\",\"@id\":\"https:\/\/explora.cl\/rios\/postula-al-campamento-explora-va-2026\/\",\"url\":\"https:\/\/explora.cl\/rios\/postula-al-campamento-explora-va-2026\/\",\"name\":\"Postula al Campamento Explora Va! 2026 - Los R\u00edos\",\"isPartOf\":{\"@id\":\"https:\/\/explora.cl\/rios\/#website\"},\"primaryImageOfPage\":{\"@id\":\"https:\/\/explora.cl\/rios\/postula-al-campamento-explora-va-2026\/#primaryimage\"},\"image\":{\"@id\":\"https:\/\/explora.cl\/rios\/postula-al-campamento-explora-va-2026\/#primaryimage\"},\"thumbnailUrl\":\"https:\/\/explora.cl\/rios\/wp-content\/uploads\/sites\/16\/2025\/10\/SELECCIONADO-2.png\",\"datePublished\":\"2025-10-20T19:50:09+00:00\",\"dateModified\":\"2025-10-20T21:03:02+00:00\",\"author\":{\"@id\":\"https:\/\/explora.cl\/rios\/#\/schema\/person\/279896208736d277e75690dde6cc1ea9\"},\"breadcrumb\":{\"@id\":\"https:\/\/explora.cl\/rios\/postula-al-campamento-explora-va-2026\/#breadcrumb\"},\"inLanguage\":\"es-CL\",\"potentialAction\":[{\"@type\":\"ReadAction\",\"target\":[\"https:\/\/explora.cl\/rios\/postula-al-campamento-explora-va-2026\/\"]}]},{\"@type\":\"ImageObject\",\"inLanguage\":\"es-CL\",\"@id\":\"https:\/\/explora.cl\/rios\/postula-al-campamento-explora-va-2026\/#primaryimage\",\"url\":\"https:\/\/explora.cl\/rios\/wp-content\/uploads\/sites\/16\/2025\/10\/SELECCIONADO-2.png\",\"contentUrl\":\"https:\/\/explora.cl\/rios\/wp-content\/uploads\/sites\/16\/2025\/10\/SELECCIONADO-2.png\",\"width\":1080,\"height\":1350},{\"@type\":\"BreadcrumbList\",\"@id\":\"https:\/\/explora.cl\/rios\/postula-al-campamento-explora-va-2026\/#breadcrumb\",\"itemListElement\":[{\"@type\":\"ListItem\",\"position\":1,\"name\":\"Portada\",\"item\":\"https:\/\/explora.cl\/rios\/\"},{\"@type\":\"ListItem\",\"position\":2,\"name\":\"Postula al Campamento Explora Va! 2026\"}]},{\"@type\":\"WebSite\",\"@id\":\"https:\/\/explora.cl\/rios\/#website\",\"url\":\"https:\/\/explora.cl\/rios\/\",\"name\":\"Los R\u00edos\",\"description\":\"Otro sitio m\u00e1s de explora.cl\",\"potentialAction\":[{\"@type\":\"SearchAction\",\"target\":{\"@type\":\"EntryPoint\",\"urlTemplate\":\"https:\/\/explora.cl\/rios\/?s={search_term_string}\"},\"query-input\":{\"@type\":\"PropertyValueSpecification\",\"valueRequired\":true,\"valueName\":\"search_term_string\"}}],\"inLanguage\":\"es-CL\"},{\"@type\":\"Person\",\"@id\":\"https:\/\/explora.cl\/rios\/#\/schema\/person\/279896208736d277e75690dde6cc1ea9\",\"name\":\"smancilla\",\"image\":{\"@type\":\"ImageObject\",\"inLanguage\":\"es-CL\",\"@id\":\"https:\/\/explora.cl\/rios\/#\/schema\/person\/image\/\",\"url\":\"https:\/\/secure.gravatar.com\/avatar\/a1c7f8b1dd453e8facadec2bf18354190c777b5556feaaadfa0f6a129ab9b015?s=96&d=mm&r=g\",\"contentUrl\":\"https:\/\/secure.gravatar.com\/avatar\/a1c7f8b1dd453e8facadec2bf18354190c777b5556feaaadfa0f6a129ab9b015?s=96&d=mm&r=g\",\"caption\":\"smancilla\"},\"url\":\"https:\/\/explora.cl\/rios\/author\/smancilla\/\"}]}<\/script>\n<!-- \/ Yoast SEO plugin. -->","yoast_head_json":{"title":"Postula al Campamento Explora Va! 2026 - Los R\u00edos","robots":{"index":"index","follow":"follow","max-snippet":"max-snippet:-1","max-image-preview":"max-image-preview:large","max-video-preview":"max-video-preview:-1"},"canonical":"https:\/\/explora.cl\/rios\/postula-al-campamento-explora-va-2026\/","og_locale":"es_ES","og_type":"article","og_title":"Postula al Campamento Explora Va! 2026 - Los R\u00edos","og_description":"El Proyecto Explora Los R\u00edos, perteneciente a la Divisi\u00f3n Ciencia y Sociedad del Ministerio de Ciencia, Tecnolog\u00eda, Conocimiento e Innovaci\u00f3n y ejecutado por la Direcci\u00f3n de Vinculaci\u00f3n con el Medio de la Universidad Austral de Chile (UACh), abre la convocatoria para participar en el Campamento Explora Va! 2025-2026. Esta iniciativa invita a educadoras y educadores [&hellip;]","og_url":"https:\/\/explora.cl\/rios\/postula-al-campamento-explora-va-2026\/","og_site_name":"Los R\u00edos","article_published_time":"2025-10-20T19:50:09+00:00","article_modified_time":"2025-10-20T21:03:02+00:00","og_image":[{"width":1080,"height":1350,"url":"https:\/\/explora.cl\/rios\/wp-content\/uploads\/sites\/16\/2025\/10\/SELECCIONADO-2.png","type":"image\/png"}],"author":"smancilla","twitter_card":"summary_large_image","twitter_misc":{"Escrito por":"smancilla","Tiempo estimado de lectura":"2 minutos"},"schema":{"@context":"https:\/\/schema.org","@graph":[{"@type":"Article","@id":"https:\/\/explora.cl\/rios\/postula-al-campamento-explora-va-2026\/#article","isPartOf":{"@id":"https:\/\/explora.cl\/rios\/postula-al-campamento-explora-va-2026\/"},"author":{"name":"smancilla","@id":"https:\/\/explora.cl\/rios\/#\/schema\/person\/279896208736d277e75690dde6cc1ea9"},"headline":"Postula al Campamento Explora Va! 2026","datePublished":"2025-10-20T19:50:09+00:00","dateModified":"2025-10-20T21:03:02+00:00","mainEntityOfPage":{"@id":"https:\/\/explora.cl\/rios\/postula-al-campamento-explora-va-2026\/"},"wordCount":373,"commentCount":0,"image":{"@id":"https:\/\/explora.cl\/rios\/postula-al-campamento-explora-va-2026\/#primaryimage"},"thumbnailUrl":"https:\/\/explora.cl\/rios\/wp-content\/uploads\/sites\/16\/2025\/10\/SELECCIONADO-2.png","keywords":["Campamento Explora VA!","EXPLORA","los rios","Proyecto Explora Los R\u00edos"],"articleSection":["Noticias"],"inLanguage":"es-CL","potentialAction":[{"@type":"CommentAction","name":"Comment","target":["https:\/\/explora.cl\/rios\/postula-al-campamento-explora-va-2026\/#respond"]}]},{"@type":"WebPage","@id":"https:\/\/explora.cl\/rios\/postula-al-campamento-explora-va-2026\/","url":"https:\/\/explora.cl\/rios\/postula-al-campamento-explora-va-2026\/","name":"Postula al Campamento Explora Va! 2026 - Los R\u00edos","isPartOf":{"@id":"https:\/\/explora.cl\/rios\/#website"},"primaryImageOfPage":{"@id":"https:\/\/explora.cl\/rios\/postula-al-campamento-explora-va-2026\/#primaryimage"},"image":{"@id":"https:\/\/explora.cl\/rios\/postula-al-campamento-explora-va-2026\/#primaryimage"},"thumbnailUrl":"https:\/\/explora.cl\/rios\/wp-content\/uploads\/sites\/16\/2025\/10\/SELECCIONADO-2.png","datePublished":"2025-10-20T19:50:09+00:00","dateModified":"2025-10-20T21:03:02+00:00","author":{"@id":"https:\/\/explora.cl\/rios\/#\/schema\/person\/279896208736d277e75690dde6cc1ea9"},"breadcrumb":{"@id":"https:\/\/explora.cl\/rios\/postula-al-campamento-explora-va-2026\/#breadcrumb"},"inLanguage":"es-CL","potentialAction":[{"@type":"ReadAction","target":["https:\/\/explora.cl\/rios\/postula-al-campamento-explora-va-2026\/"]}]},{"@type":"ImageObject","inLanguage":"es-CL","@id":"https:\/\/explora.cl\/rios\/postula-al-campamento-explora-va-2026\/#primaryimage","url":"https:\/\/explora.cl\/rios\/wp-content\/uploads\/sites\/16\/2025\/10\/SELECCIONADO-2.png","contentUrl":"https:\/\/explora.cl\/rios\/wp-content\/uploads\/sites\/16\/2025\/10\/SELECCIONADO-2.png","width":1080,"height":1350},{"@type":"BreadcrumbList","@id":"https:\/\/explora.cl\/rios\/postula-al-campamento-explora-va-2026\/#breadcrumb","itemListElement":[{"@type":"ListItem","position":1,"name":"Portada","item":"https:\/\/explora.cl\/rios\/"},{"@type":"ListItem","position":2,"name":"Postula al Campamento Explora Va! 2026"}]},{"@type":"WebSite","@id":"https:\/\/explora.cl\/rios\/#website","url":"https:\/\/explora.cl\/rios\/","name":"Los R\u00edos","description":"Otro sitio m\u00e1s de explora.cl","potentialAction":[{"@type":"SearchAction","target":{"@type":"EntryPoint","urlTemplate":"https:\/\/explora.cl\/rios\/?s={search_term_string}"},"query-input":{"@type":"PropertyValueSpecification","valueRequired":true,"valueName":"search_term_string"}}],"inLanguage":"es-CL"},{"@type":"Person","@id":"https:\/\/explora.cl\/rios\/#\/schema\/person\/279896208736d277e75690dde6cc1ea9","name":"smancilla","image":{"@type":"ImageObject","inLanguage":"es-CL","@id":"https:\/\/explora.cl\/rios\/#\/schema\/person\/image\/","url":"https:\/\/secure.gravatar.com\/avatar\/a1c7f8b1dd453e8facadec2bf18354190c777b5556feaaadfa0f6a129ab9b015?s=96&d=mm&r=g","contentUrl":"https:\/\/secure.gravatar.com\/avatar\/a1c7f8b1dd453e8facadec2bf18354190c777b5556feaaadfa0f6a129ab9b015?s=96&d=mm&r=g","caption":"smancilla"},"url":"https:\/\/explora.cl\/rios\/author\/smancilla\/"}]}},"_links":{"self":[{"href":"https:\/\/explora.cl\/rios\/wp-json\/wp\/v2\/posts\/44069","targetHints":{"allow":["GET"]}}],"collection":[{"href":"https:\/\/explora.cl\/rios\/wp-json\/wp\/v2\/posts"}],"about":[{"href":"https:\/\/explora.cl\/rios\/wp-json\/wp\/v2\/types\/post"}],"author":[{"embeddable":true,"href":"https:\/\/explora.cl\/rios\/wp-json\/wp\/v2\/users\/31"}],"replies":[{"embeddable":true,"href":"https:\/\/explora.cl\/rios\/wp-json\/wp\/v2\/comments?post=44069"}],"version-history":[{"count":2,"href":"https:\/\/explora.cl\/rios\/wp-json\/wp\/v2\/posts\/44069\/revisions"}],"predecessor-version":[{"id":44073,"href":"https:\/\/explora.cl\/rios\/wp-json\/wp\/v2\/posts\/44069\/revisions\/44073"}],"wp:featuredmedia":[{"embeddable":true,"href":"https:\/\/explora.cl\/rios\/wp-json\/wp\/v2\/media\/44071"}],"wp:attachment":[{"href":"https:\/\/explora.cl\/rios\/wp-json\/wp\/v2\/media?parent=44069"}],"wp:term":[{"taxonomy":"category","embeddable":true,"href":"https:\/\/explora.cl\/rios\/wp-json\/wp\/v2\/categories?post=44069"},{"taxonomy":"post_tag","embeddable":true,"href":"https:\/\/explora.cl\/rios\/wp-json\/wp\/v2\/tags?post=44069"}],"curies":[{"name":"wp","href":"https:\/\/api.w.org\/{rel}","templated":true}]}}