{"id":419,"date":"2015-08-11T00:00:00","date_gmt":"2015-08-11T04:00:00","guid":{"rendered":"https:\/\/explora.cl\/rios\/blog\/2015\/08\/11\/la-ciencia-escolar-se-toma-lanco-con-la-3-feria-provincial-de-ciencia-y-tecnologia\/"},"modified":"2019-05-20T19:30:56","modified_gmt":"2019-05-20T19:30:56","slug":"la-ciencia-escolar-se-toma-lanco-con-la-3-feria-provincial-de-ciencia-y-tecnologia","status":"publish","type":"post","link":"https:\/\/explora.cl\/rios\/la-ciencia-escolar-se-toma-lanco-con-la-3-feria-provincial-de-ciencia-y-tecnologia\/","title":{"rendered":"La ciencia escolar se toma Lanco con la 3\u00aa Feria Provincial de Ciencia y Tecnolog\u00eda"},"content":{"rendered":"<p><img fetchpriority=\"high\" decoding=\"async\" class=\" size-full wp-image-13724\" src=\"http:\/\/ec2-34-218-253-251.us-west-2.compute.amazonaws.com\/wp-content\/uploads\/2015\/08\/2dc362cb60a37dc848e15ef949d297ac.jpg\" alt=\"\" width=\"1625\" height=\"1080\" \/><\/p>\n<p>El pr\u00f3ximo 19 de agosto se realizar\u00e1 la inauguraci\u00f3n de la 3\u00aa Feria Provincial Escolar de Ciencia y Tecnolog\u00eda Provincia de Valdivia, que se desarrollar\u00e1 en el Gimnasio Hermanos Salvadores Salvi de la comuna de Lanco. La Feria es organizada por el PAR EXPLORA Los R\u00edos, la Municipalidad de Lanco y el Colegio Bernardo Felmer, y podr\u00e1 ser visitada a partir de las 11:00 horas.<\/p>\n<p>En la ocasi\u00f3n ser\u00e1n estudiantes de educaci\u00f3n parvularia, diferencial, b\u00e1sica y media de toda la Provincia de Valdivia quienes presentar\u00e1n sus trabajos de investigaci\u00f3n, desarrollados durante el primer semestre del 2015. Cabe destacar que el primer lugar de las categor\u00edas educaci\u00f3n media y educaci\u00f3n b\u00e1sica segundo ciclo clasificar\u00e1n directamente al XII Congreso Regional Escolar de Ciencia y Tecnolog\u00eda EXPLORA CONICYT Los R\u00edos 2015.<\/p>\n<p>Durante los 3 d\u00edas de Feria los asistentes podr\u00e1n conocer la exposici\u00f3n de cristales y minerales Geocristales, la nueva exhibici\u00f3n Efi-Ciencia sobre eficiencia energ\u00e9tica en el hogar, stands de instituciones locales y conferencias de destacados investigadores de la Universidad Austral de Chile.<\/p>\n<p>La conferencia inaugural estar\u00e1 a cargo del Dr. Pablo Donoso, de la Facultad de Ciencias Forestales y Recursos Naturales de la Universidad Austral de Chile, quien presentar\u00e1 el tema &#8220;Contribuci\u00f3n potencial de los bosques nativos y plantaciones con especies nativas para el desarrollo local y regional&#8221;.<\/p>\n<p>Para el jueves 20 la acad\u00e9mica del Instituto de Arquitectura y Urbanismo de la UACh, Mg. Carolina Sep\u00falveda, dictar\u00e1 la conferencia &#8220;Vivienda y Energ\u00eda, un desaf\u00edo por una casa eficiente&#8221;. Por la tarde la Dra. Pamela Moreira de la Facultad de Ciencias Agrarias de la UACh ser\u00e1 la gu\u00eda del taller &#8220;\u00bfC\u00f3mo motivar el emprendimiento en los j\u00f3venes de hoy?&#8221;.<\/p>\n<p>En la jornada final del 21 de agosto se presentar\u00e1 &#8220;El uso de la Redes Sociales para el Marketing Digital&#8221; enfocado al \u00e1rea del desarrollo tur\u00edstico que estar\u00e1 a cargo del Mg. Mauricio Trivi\u00f1os del Instituto de Administraci\u00f3n y Turismo de la Universidad Austral y profesional de la Pol\u00edtica Regional de Turismo, Sernatur.<\/p>\n<p>Las inscripciones a las conferencias y taller, as\u00ed como para asistir como delegaciones a la Feria, est\u00e1n disponibles <a href=\"http:\/\/goo.gl\/forms\/7eYPsxGmDO\">EN ESTE ENLACE<\/a>.<\/p>\n","protected":false},"excerpt":{"rendered":"<p>El pr\u00f3ximo 19 de agosto se realizar\u00e1 la inauguraci\u00f3n de la 3\u00aa Feria Provincial Escolar de Ciencia y Tecnolog\u00eda Provincia de Valdivia, que se desarrollar\u00e1 en el Gimnasio Hermanos Salvadores Salvi de la comuna de Lanco. La Feria es organizada por el PAR EXPLORA Los R\u00edos, la Municipalidad de Lanco y el Colegio Bernardo Felmer, [&hellip;]<\/p>\n","protected":false},"author":2,"featured_media":420,"comment_status":"open","ping_status":"open","sticky":false,"template":"","format":"standard","meta":{"_acf_changed":false,"_exactmetrics_skip_tracking":false,"_exactmetrics_sitenote_active":false,"_exactmetrics_sitenote_note":"","_exactmetrics_sitenote_category":0,"footnotes":"","_links_to":"","_links_to_target":""},"categories":[4],"tags":[],"class_list":["post-419","post","type-post","status-publish","format-standard","has-post-thumbnail","hentry","category-noticias"],"acf":[],"yoast_head":"<!-- This site is optimized with the Yoast SEO plugin v26.9 - https:\/\/yoast.com\/product\/yoast-seo-wordpress\/ -->\n<title>La ciencia escolar se toma Lanco con la 3\u00aa Feria Provincial de Ciencia y Tecnolog\u00eda - Los R\u00edos<\/title>\n<meta name=\"robots\" content=\"index, follow, max-snippet:-1, max-image-preview:large, max-video-preview:-1\" \/>\n<link rel=\"canonical\" href=\"https:\/\/explora.cl\/rios\/la-ciencia-escolar-se-toma-lanco-con-la-3-feria-provincial-de-ciencia-y-tecnologia\/\" class=\"yoast-seo-meta-tag\" \/>\n<meta property=\"og:locale\" content=\"es_ES\" class=\"yoast-seo-meta-tag\" \/>\n<meta property=\"og:type\" content=\"article\" class=\"yoast-seo-meta-tag\" \/>\n<meta property=\"og:title\" content=\"La ciencia escolar se toma Lanco con la 3\u00aa Feria Provincial de Ciencia y Tecnolog\u00eda - Los R\u00edos\" class=\"yoast-seo-meta-tag\" \/>\n<meta property=\"og:description\" content=\"El pr\u00f3ximo 19 de agosto se realizar\u00e1 la inauguraci\u00f3n de la 3\u00aa Feria Provincial Escolar de Ciencia y Tecnolog\u00eda Provincia de Valdivia, que se desarrollar\u00e1 en el Gimnasio Hermanos Salvadores Salvi de la comuna de Lanco. La Feria es organizada por el PAR EXPLORA Los R\u00edos, la Municipalidad de Lanco y el Colegio Bernardo Felmer, [&hellip;]\" class=\"yoast-seo-meta-tag\" \/>\n<meta property=\"og:url\" content=\"https:\/\/explora.cl\/rios\/la-ciencia-escolar-se-toma-lanco-con-la-3-feria-provincial-de-ciencia-y-tecnologia\/\" class=\"yoast-seo-meta-tag\" \/>\n<meta property=\"og:site_name\" content=\"Los R\u00edos\" class=\"yoast-seo-meta-tag\" \/>\n<meta property=\"article:published_time\" content=\"2015-08-11T04:00:00+00:00\" class=\"yoast-seo-meta-tag\" \/>\n<meta property=\"article:modified_time\" content=\"2019-05-20T19:30:56+00:00\" class=\"yoast-seo-meta-tag\" \/>\n<meta property=\"og:image\" content=\"https:\/\/explora.cl\/rios\/wp-content\/uploads\/sites\/16\/2018\/06\/2dc362cb60a37dc848e15ef949d297ac.jpg\" class=\"yoast-seo-meta-tag\" \/>\n\t<meta property=\"og:image:width\" content=\"1625\" class=\"yoast-seo-meta-tag\" \/>\n\t<meta property=\"og:image:height\" content=\"1080\" class=\"yoast-seo-meta-tag\" \/>\n\t<meta property=\"og:image:type\" content=\"image\/jpeg\" class=\"yoast-seo-meta-tag\" \/>\n<meta name=\"author\" content=\"webman\" class=\"yoast-seo-meta-tag\" \/>\n<meta name=\"twitter:card\" content=\"summary_large_image\" class=\"yoast-seo-meta-tag\" \/>\n<meta name=\"twitter:label1\" content=\"Escrito por\" class=\"yoast-seo-meta-tag\" \/>\n\t<meta name=\"twitter:data1\" content=\"webman\" class=\"yoast-seo-meta-tag\" \/>\n\t<meta name=\"twitter:label2\" content=\"Tiempo estimado de lectura\" class=\"yoast-seo-meta-tag\" \/>\n\t<meta name=\"twitter:data2\" content=\"2 minutos\" class=\"yoast-seo-meta-tag\" \/>\n<script type=\"application\/ld+json\" class=\"yoast-schema-graph\">{\"@context\":\"https:\/\/schema.org\",\"@graph\":[{\"@type\":\"Article\",\"@id\":\"https:\/\/explora.cl\/rios\/la-ciencia-escolar-se-toma-lanco-con-la-3-feria-provincial-de-ciencia-y-tecnologia\/#article\",\"isPartOf\":{\"@id\":\"https:\/\/explora.cl\/rios\/la-ciencia-escolar-se-toma-lanco-con-la-3-feria-provincial-de-ciencia-y-tecnologia\/\"},\"author\":{\"name\":\"webman\",\"@id\":\"https:\/\/explora.cl\/rios\/#\/schema\/person\/cb8349c13ea2d324080adf8480d7ba5d\"},\"headline\":\"La ciencia escolar se toma Lanco con la 3\u00aa Feria Provincial de Ciencia y Tecnolog\u00eda\",\"datePublished\":\"2015-08-11T04:00:00+00:00\",\"dateModified\":\"2019-05-20T19:30:56+00:00\",\"mainEntityOfPage\":{\"@id\":\"https:\/\/explora.cl\/rios\/la-ciencia-escolar-se-toma-lanco-con-la-3-feria-provincial-de-ciencia-y-tecnologia\/\"},\"wordCount\":392,\"commentCount\":0,\"image\":{\"@id\":\"https:\/\/explora.cl\/rios\/la-ciencia-escolar-se-toma-lanco-con-la-3-feria-provincial-de-ciencia-y-tecnologia\/#primaryimage\"},\"thumbnailUrl\":\"https:\/\/explora.cl\/rios\/wp-content\/uploads\/sites\/16\/2018\/06\/2dc362cb60a37dc848e15ef949d297ac.jpg\",\"articleSection\":[\"Noticias\"],\"inLanguage\":\"es-CL\",\"potentialAction\":[{\"@type\":\"CommentAction\",\"name\":\"Comment\",\"target\":[\"https:\/\/explora.cl\/rios\/la-ciencia-escolar-se-toma-lanco-con-la-3-feria-provincial-de-ciencia-y-tecnologia\/#respond\"]}]},{\"@type\":\"WebPage\",\"@id\":\"https:\/\/explora.cl\/rios\/la-ciencia-escolar-se-toma-lanco-con-la-3-feria-provincial-de-ciencia-y-tecnologia\/\",\"url\":\"https:\/\/explora.cl\/rios\/la-ciencia-escolar-se-toma-lanco-con-la-3-feria-provincial-de-ciencia-y-tecnologia\/\",\"name\":\"La ciencia escolar se toma Lanco con la 3\u00aa Feria Provincial de Ciencia y Tecnolog\u00eda - Los R\u00edos\",\"isPartOf\":{\"@id\":\"https:\/\/explora.cl\/rios\/#website\"},\"primaryImageOfPage\":{\"@id\":\"https:\/\/explora.cl\/rios\/la-ciencia-escolar-se-toma-lanco-con-la-3-feria-provincial-de-ciencia-y-tecnologia\/#primaryimage\"},\"image\":{\"@id\":\"https:\/\/explora.cl\/rios\/la-ciencia-escolar-se-toma-lanco-con-la-3-feria-provincial-de-ciencia-y-tecnologia\/#primaryimage\"},\"thumbnailUrl\":\"https:\/\/explora.cl\/rios\/wp-content\/uploads\/sites\/16\/2018\/06\/2dc362cb60a37dc848e15ef949d297ac.jpg\",\"datePublished\":\"2015-08-11T04:00:00+00:00\",\"dateModified\":\"2019-05-20T19:30:56+00:00\",\"author\":{\"@id\":\"https:\/\/explora.cl\/rios\/#\/schema\/person\/cb8349c13ea2d324080adf8480d7ba5d\"},\"breadcrumb\":{\"@id\":\"https:\/\/explora.cl\/rios\/la-ciencia-escolar-se-toma-lanco-con-la-3-feria-provincial-de-ciencia-y-tecnologia\/#breadcrumb\"},\"inLanguage\":\"es-CL\",\"potentialAction\":[{\"@type\":\"ReadAction\",\"target\":[\"https:\/\/explora.cl\/rios\/la-ciencia-escolar-se-toma-lanco-con-la-3-feria-provincial-de-ciencia-y-tecnologia\/\"]}]},{\"@type\":\"ImageObject\",\"inLanguage\":\"es-CL\",\"@id\":\"https:\/\/explora.cl\/rios\/la-ciencia-escolar-se-toma-lanco-con-la-3-feria-provincial-de-ciencia-y-tecnologia\/#primaryimage\",\"url\":\"https:\/\/explora.cl\/rios\/wp-content\/uploads\/sites\/16\/2018\/06\/2dc362cb60a37dc848e15ef949d297ac.jpg\",\"contentUrl\":\"https:\/\/explora.cl\/rios\/wp-content\/uploads\/sites\/16\/2018\/06\/2dc362cb60a37dc848e15ef949d297ac.jpg\",\"width\":1625,\"height\":1080},{\"@type\":\"BreadcrumbList\",\"@id\":\"https:\/\/explora.cl\/rios\/la-ciencia-escolar-se-toma-lanco-con-la-3-feria-provincial-de-ciencia-y-tecnologia\/#breadcrumb\",\"itemListElement\":[{\"@type\":\"ListItem\",\"position\":1,\"name\":\"Portada\",\"item\":\"https:\/\/explora.cl\/rios\/\"},{\"@type\":\"ListItem\",\"position\":2,\"name\":\"La ciencia escolar se toma Lanco con la 3\u00aa Feria Provincial de Ciencia y Tecnolog\u00eda\"}]},{\"@type\":\"WebSite\",\"@id\":\"https:\/\/explora.cl\/rios\/#website\",\"url\":\"https:\/\/explora.cl\/rios\/\",\"name\":\"Los R\u00edos\",\"description\":\"Otro sitio m\u00e1s de explora.cl\",\"potentialAction\":[{\"@type\":\"SearchAction\",\"target\":{\"@type\":\"EntryPoint\",\"urlTemplate\":\"https:\/\/explora.cl\/rios\/?s={search_term_string}\"},\"query-input\":{\"@type\":\"PropertyValueSpecification\",\"valueRequired\":true,\"valueName\":\"search_term_string\"}}],\"inLanguage\":\"es-CL\"},{\"@type\":\"Person\",\"@id\":\"https:\/\/explora.cl\/rios\/#\/schema\/person\/cb8349c13ea2d324080adf8480d7ba5d\",\"name\":\"webman\",\"image\":{\"@type\":\"ImageObject\",\"inLanguage\":\"es-CL\",\"@id\":\"https:\/\/explora.cl\/rios\/#\/schema\/person\/image\/\",\"url\":\"https:\/\/secure.gravatar.com\/avatar\/eeff3c82f2c02f7177d13663b7e6f890e9a6a0647ce9bb29cae02dcb094c7312?s=96&d=mm&r=g\",\"contentUrl\":\"https:\/\/secure.gravatar.com\/avatar\/eeff3c82f2c02f7177d13663b7e6f890e9a6a0647ce9bb29cae02dcb094c7312?s=96&d=mm&r=g\",\"caption\":\"webman\"},\"url\":\"https:\/\/explora.cl\/rios\/author\/webman\/\"}]}<\/script>\n<!-- \/ Yoast SEO plugin. -->","yoast_head_json":{"title":"La ciencia escolar se toma Lanco con la 3\u00aa Feria Provincial de Ciencia y Tecnolog\u00eda - Los R\u00edos","robots":{"index":"index","follow":"follow","max-snippet":"max-snippet:-1","max-image-preview":"max-image-preview:large","max-video-preview":"max-video-preview:-1"},"canonical":"https:\/\/explora.cl\/rios\/la-ciencia-escolar-se-toma-lanco-con-la-3-feria-provincial-de-ciencia-y-tecnologia\/","og_locale":"es_ES","og_type":"article","og_title":"La ciencia escolar se toma Lanco con la 3\u00aa Feria Provincial de Ciencia y Tecnolog\u00eda - Los R\u00edos","og_description":"El pr\u00f3ximo 19 de agosto se realizar\u00e1 la inauguraci\u00f3n de la 3\u00aa Feria Provincial Escolar de Ciencia y Tecnolog\u00eda Provincia de Valdivia, que se desarrollar\u00e1 en el Gimnasio Hermanos Salvadores Salvi de la comuna de Lanco. La Feria es organizada por el PAR EXPLORA Los R\u00edos, la Municipalidad de Lanco y el Colegio Bernardo Felmer, [&hellip;]","og_url":"https:\/\/explora.cl\/rios\/la-ciencia-escolar-se-toma-lanco-con-la-3-feria-provincial-de-ciencia-y-tecnologia\/","og_site_name":"Los R\u00edos","article_published_time":"2015-08-11T04:00:00+00:00","article_modified_time":"2019-05-20T19:30:56+00:00","og_image":[{"width":1625,"height":1080,"url":"https:\/\/explora.cl\/rios\/wp-content\/uploads\/sites\/16\/2018\/06\/2dc362cb60a37dc848e15ef949d297ac.jpg","type":"image\/jpeg"}],"author":"webman","twitter_card":"summary_large_image","twitter_misc":{"Escrito por":"webman","Tiempo estimado de lectura":"2 minutos"},"schema":{"@context":"https:\/\/schema.org","@graph":[{"@type":"Article","@id":"https:\/\/explora.cl\/rios\/la-ciencia-escolar-se-toma-lanco-con-la-3-feria-provincial-de-ciencia-y-tecnologia\/#article","isPartOf":{"@id":"https:\/\/explora.cl\/rios\/la-ciencia-escolar-se-toma-lanco-con-la-3-feria-provincial-de-ciencia-y-tecnologia\/"},"author":{"name":"webman","@id":"https:\/\/explora.cl\/rios\/#\/schema\/person\/cb8349c13ea2d324080adf8480d7ba5d"},"headline":"La ciencia escolar se toma Lanco con la 3\u00aa Feria Provincial de Ciencia y Tecnolog\u00eda","datePublished":"2015-08-11T04:00:00+00:00","dateModified":"2019-05-20T19:30:56+00:00","mainEntityOfPage":{"@id":"https:\/\/explora.cl\/rios\/la-ciencia-escolar-se-toma-lanco-con-la-3-feria-provincial-de-ciencia-y-tecnologia\/"},"wordCount":392,"commentCount":0,"image":{"@id":"https:\/\/explora.cl\/rios\/la-ciencia-escolar-se-toma-lanco-con-la-3-feria-provincial-de-ciencia-y-tecnologia\/#primaryimage"},"thumbnailUrl":"https:\/\/explora.cl\/rios\/wp-content\/uploads\/sites\/16\/2018\/06\/2dc362cb60a37dc848e15ef949d297ac.jpg","articleSection":["Noticias"],"inLanguage":"es-CL","potentialAction":[{"@type":"CommentAction","name":"Comment","target":["https:\/\/explora.cl\/rios\/la-ciencia-escolar-se-toma-lanco-con-la-3-feria-provincial-de-ciencia-y-tecnologia\/#respond"]}]},{"@type":"WebPage","@id":"https:\/\/explora.cl\/rios\/la-ciencia-escolar-se-toma-lanco-con-la-3-feria-provincial-de-ciencia-y-tecnologia\/","url":"https:\/\/explora.cl\/rios\/la-ciencia-escolar-se-toma-lanco-con-la-3-feria-provincial-de-ciencia-y-tecnologia\/","name":"La ciencia escolar se toma Lanco con la 3\u00aa Feria Provincial de Ciencia y Tecnolog\u00eda - Los R\u00edos","isPartOf":{"@id":"https:\/\/explora.cl\/rios\/#website"},"primaryImageOfPage":{"@id":"https:\/\/explora.cl\/rios\/la-ciencia-escolar-se-toma-lanco-con-la-3-feria-provincial-de-ciencia-y-tecnologia\/#primaryimage"},"image":{"@id":"https:\/\/explora.cl\/rios\/la-ciencia-escolar-se-toma-lanco-con-la-3-feria-provincial-de-ciencia-y-tecnologia\/#primaryimage"},"thumbnailUrl":"https:\/\/explora.cl\/rios\/wp-content\/uploads\/sites\/16\/2018\/06\/2dc362cb60a37dc848e15ef949d297ac.jpg","datePublished":"2015-08-11T04:00:00+00:00","dateModified":"2019-05-20T19:30:56+00:00","author":{"@id":"https:\/\/explora.cl\/rios\/#\/schema\/person\/cb8349c13ea2d324080adf8480d7ba5d"},"breadcrumb":{"@id":"https:\/\/explora.cl\/rios\/la-ciencia-escolar-se-toma-lanco-con-la-3-feria-provincial-de-ciencia-y-tecnologia\/#breadcrumb"},"inLanguage":"es-CL","potentialAction":[{"@type":"ReadAction","target":["https:\/\/explora.cl\/rios\/la-ciencia-escolar-se-toma-lanco-con-la-3-feria-provincial-de-ciencia-y-tecnologia\/"]}]},{"@type":"ImageObject","inLanguage":"es-CL","@id":"https:\/\/explora.cl\/rios\/la-ciencia-escolar-se-toma-lanco-con-la-3-feria-provincial-de-ciencia-y-tecnologia\/#primaryimage","url":"https:\/\/explora.cl\/rios\/wp-content\/uploads\/sites\/16\/2018\/06\/2dc362cb60a37dc848e15ef949d297ac.jpg","contentUrl":"https:\/\/explora.cl\/rios\/wp-content\/uploads\/sites\/16\/2018\/06\/2dc362cb60a37dc848e15ef949d297ac.jpg","width":1625,"height":1080},{"@type":"BreadcrumbList","@id":"https:\/\/explora.cl\/rios\/la-ciencia-escolar-se-toma-lanco-con-la-3-feria-provincial-de-ciencia-y-tecnologia\/#breadcrumb","itemListElement":[{"@type":"ListItem","position":1,"name":"Portada","item":"https:\/\/explora.cl\/rios\/"},{"@type":"ListItem","position":2,"name":"La ciencia escolar se toma Lanco con la 3\u00aa Feria Provincial de Ciencia y Tecnolog\u00eda"}]},{"@type":"WebSite","@id":"https:\/\/explora.cl\/rios\/#website","url":"https:\/\/explora.cl\/rios\/","name":"Los R\u00edos","description":"Otro sitio m\u00e1s de explora.cl","potentialAction":[{"@type":"SearchAction","target":{"@type":"EntryPoint","urlTemplate":"https:\/\/explora.cl\/rios\/?s={search_term_string}"},"query-input":{"@type":"PropertyValueSpecification","valueRequired":true,"valueName":"search_term_string"}}],"inLanguage":"es-CL"},{"@type":"Person","@id":"https:\/\/explora.cl\/rios\/#\/schema\/person\/cb8349c13ea2d324080adf8480d7ba5d","name":"webman","image":{"@type":"ImageObject","inLanguage":"es-CL","@id":"https:\/\/explora.cl\/rios\/#\/schema\/person\/image\/","url":"https:\/\/secure.gravatar.com\/avatar\/eeff3c82f2c02f7177d13663b7e6f890e9a6a0647ce9bb29cae02dcb094c7312?s=96&d=mm&r=g","contentUrl":"https:\/\/secure.gravatar.com\/avatar\/eeff3c82f2c02f7177d13663b7e6f890e9a6a0647ce9bb29cae02dcb094c7312?s=96&d=mm&r=g","caption":"webman"},"url":"https:\/\/explora.cl\/rios\/author\/webman\/"}]}},"_links":{"self":[{"href":"https:\/\/explora.cl\/rios\/wp-json\/wp\/v2\/posts\/419","targetHints":{"allow":["GET"]}}],"collection":[{"href":"https:\/\/explora.cl\/rios\/wp-json\/wp\/v2\/posts"}],"about":[{"href":"https:\/\/explora.cl\/rios\/wp-json\/wp\/v2\/types\/post"}],"author":[{"embeddable":true,"href":"https:\/\/explora.cl\/rios\/wp-json\/wp\/v2\/users\/2"}],"replies":[{"embeddable":true,"href":"https:\/\/explora.cl\/rios\/wp-json\/wp\/v2\/comments?post=419"}],"version-history":[{"count":1,"href":"https:\/\/explora.cl\/rios\/wp-json\/wp\/v2\/posts\/419\/revisions"}],"predecessor-version":[{"id":37925,"href":"https:\/\/explora.cl\/rios\/wp-json\/wp\/v2\/posts\/419\/revisions\/37925"}],"wp:featuredmedia":[{"embeddable":true,"href":"https:\/\/explora.cl\/rios\/wp-json\/wp\/v2\/media\/420"}],"wp:attachment":[{"href":"https:\/\/explora.cl\/rios\/wp-json\/wp\/v2\/media?parent=419"}],"wp:term":[{"taxonomy":"category","embeddable":true,"href":"https:\/\/explora.cl\/rios\/wp-json\/wp\/v2\/categories?post=419"},{"taxonomy":"post_tag","embeddable":true,"href":"https:\/\/explora.cl\/rios\/wp-json\/wp\/v2\/tags?post=419"}],"curies":[{"name":"wp","href":"https:\/\/api.w.org\/{rel}","templated":true}]}}