{"id":41451,"date":"2022-10-24T16:22:48","date_gmt":"2022-10-24T19:22:48","guid":{"rendered":"https:\/\/explora.cl\/rios\/?p=41451"},"modified":"2022-10-25T10:13:13","modified_gmt":"2022-10-25T13:13:13","slug":"seleccion-congreso-2022","status":"publish","type":"post","link":"https:\/\/explora.cl\/rios\/seleccion-congreso-2022\/","title":{"rendered":"Selecci\u00f3n 2022 XIX Congreso Regional Explora Los R\u00edos"},"content":{"rendered":"<h2>Conoce los 25 equipos escolares de la Regi\u00f3n de Los R\u00edos de la selecci\u00f3n 2022 para el XIX Congreso Regional de Investigaci\u00f3n e Innovaci\u00f3n Escolar.<\/h2>\n<h2><\/h2>\n","protected":false},"excerpt":{"rendered":"<p>Conoce los 25 proyectos escolares que participar\u00e1n del XIX Congreso Regional de Investigaci\u00f3n e Innovaci\u00f3n <\/p>\n","protected":false},"author":31,"featured_media":41452,"comment_status":"open","ping_status":"open","sticky":false,"template":"","format":"standard","meta":{"_acf_changed":false,"_exactmetrics_skip_tracking":false,"_exactmetrics_sitenote_active":false,"_exactmetrics_sitenote_note":"","_exactmetrics_sitenote_category":0,"footnotes":"","_links_to":"","_links_to_target":""},"categories":[151,136,116],"tags":[],"class_list":["post-41451","post","type-post","status-publish","format-standard","has-post-thumbnail","hentry","category-banner","category-lugar-1","category-para-comunidad-escolar"],"acf":[],"yoast_head":"<!-- This site is optimized with the Yoast SEO plugin v26.9 - https:\/\/yoast.com\/product\/yoast-seo-wordpress\/ -->\n<title>Selecci\u00f3n 2022 XIX Congreso Regional Explora Los R\u00edos - Los R\u00edos<\/title>\n<meta name=\"robots\" content=\"index, follow, max-snippet:-1, max-image-preview:large, max-video-preview:-1\" \/>\n<link rel=\"canonical\" href=\"https:\/\/explora.cl\/rios\/seleccion-congreso-2022\/\" class=\"yoast-seo-meta-tag\" \/>\n<meta property=\"og:locale\" content=\"es_ES\" class=\"yoast-seo-meta-tag\" \/>\n<meta property=\"og:type\" content=\"article\" class=\"yoast-seo-meta-tag\" \/>\n<meta property=\"og:title\" content=\"Selecci\u00f3n 2022 XIX Congreso Regional Explora Los R\u00edos - Los R\u00edos\" class=\"yoast-seo-meta-tag\" \/>\n<meta property=\"og:description\" content=\"Conoce los 25 proyectos escolares que participar\u00e1n del XIX Congreso Regional de Investigaci\u00f3n e Innovaci\u00f3n\" class=\"yoast-seo-meta-tag\" \/>\n<meta property=\"og:url\" content=\"https:\/\/explora.cl\/rios\/seleccion-congreso-2022\/\" class=\"yoast-seo-meta-tag\" \/>\n<meta property=\"og:site_name\" content=\"Los R\u00edos\" class=\"yoast-seo-meta-tag\" \/>\n<meta property=\"article:published_time\" content=\"2022-10-24T19:22:48+00:00\" class=\"yoast-seo-meta-tag\" \/>\n<meta property=\"article:modified_time\" content=\"2022-10-25T13:13:13+00:00\" class=\"yoast-seo-meta-tag\" \/>\n<meta property=\"og:image\" content=\"https:\/\/explora.cl\/rios\/wp-content\/uploads\/sites\/16\/2022\/10\/Equipos-seleccionados-WEB-Explora.png\" class=\"yoast-seo-meta-tag\" \/>\n\t<meta property=\"og:image:width\" content=\"1490\" class=\"yoast-seo-meta-tag\" \/>\n\t<meta property=\"og:image:height\" content=\"1080\" class=\"yoast-seo-meta-tag\" \/>\n\t<meta property=\"og:image:type\" content=\"image\/png\" class=\"yoast-seo-meta-tag\" \/>\n<meta name=\"author\" content=\"smancilla\" class=\"yoast-seo-meta-tag\" \/>\n<meta name=\"twitter:card\" content=\"summary_large_image\" class=\"yoast-seo-meta-tag\" \/>\n<meta name=\"twitter:label1\" content=\"Escrito por\" class=\"yoast-seo-meta-tag\" \/>\n\t<meta name=\"twitter:data1\" content=\"smancilla\" class=\"yoast-seo-meta-tag\" \/>\n<script type=\"application\/ld+json\" class=\"yoast-schema-graph\">{\"@context\":\"https:\/\/schema.org\",\"@graph\":[{\"@type\":\"Article\",\"@id\":\"https:\/\/explora.cl\/rios\/seleccion-congreso-2022\/#article\",\"isPartOf\":{\"@id\":\"https:\/\/explora.cl\/rios\/seleccion-congreso-2022\/\"},\"author\":{\"name\":\"smancilla\",\"@id\":\"https:\/\/explora.cl\/rios\/#\/schema\/person\/279896208736d277e75690dde6cc1ea9\"},\"headline\":\"Selecci\u00f3n 2022 XIX Congreso Regional Explora Los R\u00edos\",\"datePublished\":\"2022-10-24T19:22:48+00:00\",\"dateModified\":\"2022-10-25T13:13:13+00:00\",\"mainEntityOfPage\":{\"@id\":\"https:\/\/explora.cl\/rios\/seleccion-congreso-2022\/\"},\"wordCount\":37,\"commentCount\":0,\"image\":{\"@id\":\"https:\/\/explora.cl\/rios\/seleccion-congreso-2022\/#primaryimage\"},\"thumbnailUrl\":\"https:\/\/explora.cl\/rios\/wp-content\/uploads\/sites\/16\/2022\/10\/Equipos-seleccionados-WEB-Explora.png\",\"articleSection\":[\"Banner\",\"Lugar 1\",\"Para Comunidad Escolar\"],\"inLanguage\":\"es-CL\",\"potentialAction\":[{\"@type\":\"CommentAction\",\"name\":\"Comment\",\"target\":[\"https:\/\/explora.cl\/rios\/seleccion-congreso-2022\/#respond\"]}]},{\"@type\":\"WebPage\",\"@id\":\"https:\/\/explora.cl\/rios\/seleccion-congreso-2022\/\",\"url\":\"https:\/\/explora.cl\/rios\/seleccion-congreso-2022\/\",\"name\":\"Selecci\u00f3n 2022 XIX Congreso Regional Explora Los R\u00edos - Los R\u00edos\",\"isPartOf\":{\"@id\":\"https:\/\/explora.cl\/rios\/#website\"},\"primaryImageOfPage\":{\"@id\":\"https:\/\/explora.cl\/rios\/seleccion-congreso-2022\/#primaryimage\"},\"image\":{\"@id\":\"https:\/\/explora.cl\/rios\/seleccion-congreso-2022\/#primaryimage\"},\"thumbnailUrl\":\"https:\/\/explora.cl\/rios\/wp-content\/uploads\/sites\/16\/2022\/10\/Equipos-seleccionados-WEB-Explora.png\",\"datePublished\":\"2022-10-24T19:22:48+00:00\",\"dateModified\":\"2022-10-25T13:13:13+00:00\",\"author\":{\"@id\":\"https:\/\/explora.cl\/rios\/#\/schema\/person\/279896208736d277e75690dde6cc1ea9\"},\"breadcrumb\":{\"@id\":\"https:\/\/explora.cl\/rios\/seleccion-congreso-2022\/#breadcrumb\"},\"inLanguage\":\"es-CL\",\"potentialAction\":[{\"@type\":\"ReadAction\",\"target\":[\"https:\/\/explora.cl\/rios\/seleccion-congreso-2022\/\"]}]},{\"@type\":\"ImageObject\",\"inLanguage\":\"es-CL\",\"@id\":\"https:\/\/explora.cl\/rios\/seleccion-congreso-2022\/#primaryimage\",\"url\":\"https:\/\/explora.cl\/rios\/wp-content\/uploads\/sites\/16\/2022\/10\/Equipos-seleccionados-WEB-Explora.png\",\"contentUrl\":\"https:\/\/explora.cl\/rios\/wp-content\/uploads\/sites\/16\/2022\/10\/Equipos-seleccionados-WEB-Explora.png\",\"width\":1490,\"height\":1080},{\"@type\":\"BreadcrumbList\",\"@id\":\"https:\/\/explora.cl\/rios\/seleccion-congreso-2022\/#breadcrumb\",\"itemListElement\":[{\"@type\":\"ListItem\",\"position\":1,\"name\":\"Portada\",\"item\":\"https:\/\/explora.cl\/rios\/\"},{\"@type\":\"ListItem\",\"position\":2,\"name\":\"Selecci\u00f3n 2022 XIX Congreso Regional Explora Los R\u00edos\"}]},{\"@type\":\"WebSite\",\"@id\":\"https:\/\/explora.cl\/rios\/#website\",\"url\":\"https:\/\/explora.cl\/rios\/\",\"name\":\"Los R\u00edos\",\"description\":\"Otro sitio m\u00e1s de explora.cl\",\"potentialAction\":[{\"@type\":\"SearchAction\",\"target\":{\"@type\":\"EntryPoint\",\"urlTemplate\":\"https:\/\/explora.cl\/rios\/?s={search_term_string}\"},\"query-input\":{\"@type\":\"PropertyValueSpecification\",\"valueRequired\":true,\"valueName\":\"search_term_string\"}}],\"inLanguage\":\"es-CL\"},{\"@type\":\"Person\",\"@id\":\"https:\/\/explora.cl\/rios\/#\/schema\/person\/279896208736d277e75690dde6cc1ea9\",\"name\":\"smancilla\",\"image\":{\"@type\":\"ImageObject\",\"inLanguage\":\"es-CL\",\"@id\":\"https:\/\/explora.cl\/rios\/#\/schema\/person\/image\/\",\"url\":\"https:\/\/secure.gravatar.com\/avatar\/a1c7f8b1dd453e8facadec2bf18354190c777b5556feaaadfa0f6a129ab9b015?s=96&d=mm&r=g\",\"contentUrl\":\"https:\/\/secure.gravatar.com\/avatar\/a1c7f8b1dd453e8facadec2bf18354190c777b5556feaaadfa0f6a129ab9b015?s=96&d=mm&r=g\",\"caption\":\"smancilla\"},\"url\":\"https:\/\/explora.cl\/rios\/author\/smancilla\/\"}]}<\/script>\n<!-- \/ Yoast SEO plugin. -->","yoast_head_json":{"title":"Selecci\u00f3n 2022 XIX Congreso Regional Explora Los R\u00edos - Los R\u00edos","robots":{"index":"index","follow":"follow","max-snippet":"max-snippet:-1","max-image-preview":"max-image-preview:large","max-video-preview":"max-video-preview:-1"},"canonical":"https:\/\/explora.cl\/rios\/seleccion-congreso-2022\/","og_locale":"es_ES","og_type":"article","og_title":"Selecci\u00f3n 2022 XIX Congreso Regional Explora Los R\u00edos - Los R\u00edos","og_description":"Conoce los 25 proyectos escolares que participar\u00e1n del XIX Congreso Regional de Investigaci\u00f3n e Innovaci\u00f3n","og_url":"https:\/\/explora.cl\/rios\/seleccion-congreso-2022\/","og_site_name":"Los R\u00edos","article_published_time":"2022-10-24T19:22:48+00:00","article_modified_time":"2022-10-25T13:13:13+00:00","og_image":[{"width":1490,"height":1080,"url":"https:\/\/explora.cl\/rios\/wp-content\/uploads\/sites\/16\/2022\/10\/Equipos-seleccionados-WEB-Explora.png","type":"image\/png"}],"author":"smancilla","twitter_card":"summary_large_image","twitter_misc":{"Escrito por":"smancilla"},"schema":{"@context":"https:\/\/schema.org","@graph":[{"@type":"Article","@id":"https:\/\/explora.cl\/rios\/seleccion-congreso-2022\/#article","isPartOf":{"@id":"https:\/\/explora.cl\/rios\/seleccion-congreso-2022\/"},"author":{"name":"smancilla","@id":"https:\/\/explora.cl\/rios\/#\/schema\/person\/279896208736d277e75690dde6cc1ea9"},"headline":"Selecci\u00f3n 2022 XIX Congreso Regional Explora Los R\u00edos","datePublished":"2022-10-24T19:22:48+00:00","dateModified":"2022-10-25T13:13:13+00:00","mainEntityOfPage":{"@id":"https:\/\/explora.cl\/rios\/seleccion-congreso-2022\/"},"wordCount":37,"commentCount":0,"image":{"@id":"https:\/\/explora.cl\/rios\/seleccion-congreso-2022\/#primaryimage"},"thumbnailUrl":"https:\/\/explora.cl\/rios\/wp-content\/uploads\/sites\/16\/2022\/10\/Equipos-seleccionados-WEB-Explora.png","articleSection":["Banner","Lugar 1","Para Comunidad Escolar"],"inLanguage":"es-CL","potentialAction":[{"@type":"CommentAction","name":"Comment","target":["https:\/\/explora.cl\/rios\/seleccion-congreso-2022\/#respond"]}]},{"@type":"WebPage","@id":"https:\/\/explora.cl\/rios\/seleccion-congreso-2022\/","url":"https:\/\/explora.cl\/rios\/seleccion-congreso-2022\/","name":"Selecci\u00f3n 2022 XIX Congreso Regional Explora Los R\u00edos - Los R\u00edos","isPartOf":{"@id":"https:\/\/explora.cl\/rios\/#website"},"primaryImageOfPage":{"@id":"https:\/\/explora.cl\/rios\/seleccion-congreso-2022\/#primaryimage"},"image":{"@id":"https:\/\/explora.cl\/rios\/seleccion-congreso-2022\/#primaryimage"},"thumbnailUrl":"https:\/\/explora.cl\/rios\/wp-content\/uploads\/sites\/16\/2022\/10\/Equipos-seleccionados-WEB-Explora.png","datePublished":"2022-10-24T19:22:48+00:00","dateModified":"2022-10-25T13:13:13+00:00","author":{"@id":"https:\/\/explora.cl\/rios\/#\/schema\/person\/279896208736d277e75690dde6cc1ea9"},"breadcrumb":{"@id":"https:\/\/explora.cl\/rios\/seleccion-congreso-2022\/#breadcrumb"},"inLanguage":"es-CL","potentialAction":[{"@type":"ReadAction","target":["https:\/\/explora.cl\/rios\/seleccion-congreso-2022\/"]}]},{"@type":"ImageObject","inLanguage":"es-CL","@id":"https:\/\/explora.cl\/rios\/seleccion-congreso-2022\/#primaryimage","url":"https:\/\/explora.cl\/rios\/wp-content\/uploads\/sites\/16\/2022\/10\/Equipos-seleccionados-WEB-Explora.png","contentUrl":"https:\/\/explora.cl\/rios\/wp-content\/uploads\/sites\/16\/2022\/10\/Equipos-seleccionados-WEB-Explora.png","width":1490,"height":1080},{"@type":"BreadcrumbList","@id":"https:\/\/explora.cl\/rios\/seleccion-congreso-2022\/#breadcrumb","itemListElement":[{"@type":"ListItem","position":1,"name":"Portada","item":"https:\/\/explora.cl\/rios\/"},{"@type":"ListItem","position":2,"name":"Selecci\u00f3n 2022 XIX Congreso Regional Explora Los R\u00edos"}]},{"@type":"WebSite","@id":"https:\/\/explora.cl\/rios\/#website","url":"https:\/\/explora.cl\/rios\/","name":"Los R\u00edos","description":"Otro sitio m\u00e1s de explora.cl","potentialAction":[{"@type":"SearchAction","target":{"@type":"EntryPoint","urlTemplate":"https:\/\/explora.cl\/rios\/?s={search_term_string}"},"query-input":{"@type":"PropertyValueSpecification","valueRequired":true,"valueName":"search_term_string"}}],"inLanguage":"es-CL"},{"@type":"Person","@id":"https:\/\/explora.cl\/rios\/#\/schema\/person\/279896208736d277e75690dde6cc1ea9","name":"smancilla","image":{"@type":"ImageObject","inLanguage":"es-CL","@id":"https:\/\/explora.cl\/rios\/#\/schema\/person\/image\/","url":"https:\/\/secure.gravatar.com\/avatar\/a1c7f8b1dd453e8facadec2bf18354190c777b5556feaaadfa0f6a129ab9b015?s=96&d=mm&r=g","contentUrl":"https:\/\/secure.gravatar.com\/avatar\/a1c7f8b1dd453e8facadec2bf18354190c777b5556feaaadfa0f6a129ab9b015?s=96&d=mm&r=g","caption":"smancilla"},"url":"https:\/\/explora.cl\/rios\/author\/smancilla\/"}]}},"_links":{"self":[{"href":"https:\/\/explora.cl\/rios\/wp-json\/wp\/v2\/posts\/41451","targetHints":{"allow":["GET"]}}],"collection":[{"href":"https:\/\/explora.cl\/rios\/wp-json\/wp\/v2\/posts"}],"about":[{"href":"https:\/\/explora.cl\/rios\/wp-json\/wp\/v2\/types\/post"}],"author":[{"embeddable":true,"href":"https:\/\/explora.cl\/rios\/wp-json\/wp\/v2\/users\/31"}],"replies":[{"embeddable":true,"href":"https:\/\/explora.cl\/rios\/wp-json\/wp\/v2\/comments?post=41451"}],"version-history":[{"count":10,"href":"https:\/\/explora.cl\/rios\/wp-json\/wp\/v2\/posts\/41451\/revisions"}],"predecessor-version":[{"id":41481,"href":"https:\/\/explora.cl\/rios\/wp-json\/wp\/v2\/posts\/41451\/revisions\/41481"}],"wp:featuredmedia":[{"embeddable":true,"href":"https:\/\/explora.cl\/rios\/wp-json\/wp\/v2\/media\/41452"}],"wp:attachment":[{"href":"https:\/\/explora.cl\/rios\/wp-json\/wp\/v2\/media?parent=41451"}],"wp:term":[{"taxonomy":"category","embeddable":true,"href":"https:\/\/explora.cl\/rios\/wp-json\/wp\/v2\/categories?post=41451"},{"taxonomy":"post_tag","embeddable":true,"href":"https:\/\/explora.cl\/rios\/wp-json\/wp\/v2\/tags?post=41451"}],"curies":[{"name":"wp","href":"https:\/\/api.w.org\/{rel}","templated":true}]}}