{"id":412,"date":"2015-08-07T00:00:00","date_gmt":"2015-08-07T04:00:00","guid":{"rendered":"https:\/\/explora.cl\/rios\/blog\/2015\/08\/07\/vuelve-a-disfrutar-de-la-ciencia-te-ve-en-el-dia-del-nino\/"},"modified":"2019-05-20T19:30:57","modified_gmt":"2019-05-20T19:30:57","slug":"vuelve-a-disfrutar-de-la-ciencia-te-ve-en-el-dia-del-nino","status":"publish","type":"post","link":"https:\/\/explora.cl\/rios\/vuelve-a-disfrutar-de-la-ciencia-te-ve-en-el-dia-del-nino\/","title":{"rendered":"Vuelve a disfrutar de La Ciencia Te Ve en el D\u00eda del Ni\u00f1o"},"content":{"rendered":"<p>M\u00e1s de 300 ni\u00f1as y ni\u00f1os de Valdivia se dieron cita en la Carpa de la Ciencias del Centro de Estudios Cient\u00edficos el pasado jueves 6 de agosto, para disfrutar de una selecci\u00f3n de animaciones y documentales de Novasur, la televisi\u00f3n educativa y cultural del Consejo Nacional de Televisi\u00f3n. Conocieron a Dromicio, el monito del monte mascota del PAR EXPLORA Los R\u00edos, y se llevaron recuerdos de este d\u00eda para compartir con sus familias.<\/p>\n<p>Asistieron estudiantes de educaci\u00f3n parvularia y b\u00e1sica del Instituto Inmaculada Concepci\u00f3n, Colegio Deportivo, Escuela El Bosque, Instituto Salesiano, Colegio San Nicol\u00e1s y Colegio Valle de Los R\u00edos. En la ocasi\u00f3n se exhibi\u00f3 material especialmente pensado para la edad de los asistentes. Material que presentamos a continuaci\u00f3n para revivir o ver pro primera vez si te perdiste este evento.<\/p>\n<p style=\"text-align: center\">\n<table style=\"width: 835px;height: 55px\">\n<tbody>\n<tr>\n<td style=\"text-align: center\"><a href=\"http:\/\/www.novasur.cl\/videos\/samira-un-hogar-para-tobias\"><img fetchpriority=\"high\" decoding=\"async\" class=\" size-full wp-image-13625\" src=\"http:\/\/ec2-34-218-253-251.us-west-2.compute.amazonaws.com\/wp-content\/uploads\/2015\/08\/samira_un_hogar_para_tobias.jpg\" alt=\"\" width=\"388\" height=\"263\" \/><\/a><\/td>\n<td style=\"text-align: center\"><a href=\"http:\/\/www.novasur.cl\/videos\/peuquito\"><img decoding=\"async\" class=\" size-full wp-image-13626\" src=\"http:\/\/ec2-34-218-253-251.us-west-2.compute.amazonaws.com\/wp-content\/uploads\/2015\/08\/peuquito.jpg\" alt=\"\" width=\"413\" height=\"255\" \/><\/a><\/td>\n<\/tr>\n<tr>\n<td><a href=\"http:\/\/www.novasur.cl\/videos\/agua-que-no-has-de-ocupar\"><img decoding=\"async\" class=\" size-full wp-image-13627\" src=\"http:\/\/ec2-34-218-253-251.us-west-2.compute.amazonaws.com\/wp-content\/uploads\/2015\/08\/agua_que_no_has_de_ocupar.jpg\" alt=\"\" width=\"387\" height=\"239\" \/><\/a><\/td>\n<td style=\"text-align: center\"><a href=\"http:\/\/www.novasur.cl\/videos\/lobo-fino\"><img loading=\"lazy\" decoding=\"async\" class=\" size-full wp-image-13628\" src=\"http:\/\/ec2-34-218-253-251.us-west-2.compute.amazonaws.com\/wp-content\/uploads\/2015\/08\/lobo_fino.jpg\" alt=\"\" width=\"387\" height=\"240\" \/><\/a><\/td>\n<\/tr>\n<tr>\n<td style=\"text-align: center\"><a href=\"http:\/\/www.novasur.cl\/videos\/yohangel-sueno-marino\"><img loading=\"lazy\" decoding=\"async\" class=\" size-full wp-image-13629\" src=\"http:\/\/ec2-34-218-253-251.us-west-2.compute.amazonaws.com\/wp-content\/uploads\/2015\/08\/yohangel_sueno_marino.jpg\" alt=\"\" width=\"388\" height=\"264\" \/><\/a><\/td>\n<td><a href=\"http:\/\/www.novasur.cl\/videos\/nos-fuimos-negro\"><img loading=\"lazy\" decoding=\"async\" class=\" size-full wp-image-13630\" src=\"http:\/\/ec2-34-218-253-251.us-west-2.compute.amazonaws.com\/wp-content\/uploads\/2015\/08\/nos_fuimos_a_negro.jpg\" alt=\"\" width=\"388\" height=\"262\" style=\"margin-left: auto;margin-right: auto\" \/><\/a><\/td>\n<\/tr>\n<\/tbody>\n<\/table>\n<p><a href=\"https:\/\/www.facebook.com\/media\/set\/?set=a.975634772467358.1073742015.572061129491393&amp;type=3\"><img loading=\"lazy\" decoding=\"async\" class=\" size-full wp-image-3298\" src=\"http:\/\/ec2-34-218-253-251.us-west-2.compute.amazonaws.com\/wp-content\/uploads\/2014\/05\/galeria-facebook.png\" alt=\"\" width=\"900\" height=\"58\" \/><\/a><\/p>\n","protected":false},"excerpt":{"rendered":"<p>M\u00e1s de 300 ni\u00f1as y ni\u00f1os de Valdivia se dieron cita en la Carpa de la Ciencias del Centro de Estudios Cient\u00edficos el pasado jueves 6 de agosto, para disfrutar de una selecci\u00f3n de animaciones y documentales de Novasur, la televisi\u00f3n educativa y cultural del Consejo Nacional de Televisi\u00f3n. Conocieron a Dromicio, el monito del [&hellip;]<\/p>\n","protected":false},"author":2,"featured_media":413,"comment_status":"open","ping_status":"open","sticky":false,"template":"","format":"standard","meta":{"_acf_changed":false,"_exactmetrics_skip_tracking":false,"_exactmetrics_sitenote_active":false,"_exactmetrics_sitenote_note":"","_exactmetrics_sitenote_category":0,"footnotes":"","_links_to":"","_links_to_target":""},"categories":[4],"tags":[],"class_list":["post-412","post","type-post","status-publish","format-standard","has-post-thumbnail","hentry","category-noticias"],"acf":[],"yoast_head":"<!-- This site is optimized with the Yoast SEO plugin v26.9 - https:\/\/yoast.com\/product\/yoast-seo-wordpress\/ -->\n<title>Vuelve a disfrutar de La Ciencia Te Ve en el D\u00eda del Ni\u00f1o - Los R\u00edos<\/title>\n<meta name=\"robots\" content=\"index, follow, max-snippet:-1, max-image-preview:large, max-video-preview:-1\" \/>\n<link rel=\"canonical\" href=\"https:\/\/explora.cl\/rios\/vuelve-a-disfrutar-de-la-ciencia-te-ve-en-el-dia-del-nino\/\" class=\"yoast-seo-meta-tag\" \/>\n<meta property=\"og:locale\" content=\"es_ES\" class=\"yoast-seo-meta-tag\" \/>\n<meta property=\"og:type\" content=\"article\" class=\"yoast-seo-meta-tag\" \/>\n<meta property=\"og:title\" content=\"Vuelve a disfrutar de La Ciencia Te Ve en el D\u00eda del Ni\u00f1o - Los R\u00edos\" class=\"yoast-seo-meta-tag\" \/>\n<meta property=\"og:description\" content=\"M\u00e1s de 300 ni\u00f1as y ni\u00f1os de Valdivia se dieron cita en la Carpa de la Ciencias del Centro de Estudios Cient\u00edficos el pasado jueves 6 de agosto, para disfrutar de una selecci\u00f3n de animaciones y documentales de Novasur, la televisi\u00f3n educativa y cultural del Consejo Nacional de Televisi\u00f3n. Conocieron a Dromicio, el monito del [&hellip;]\" class=\"yoast-seo-meta-tag\" \/>\n<meta property=\"og:url\" content=\"https:\/\/explora.cl\/rios\/vuelve-a-disfrutar-de-la-ciencia-te-ve-en-el-dia-del-nino\/\" class=\"yoast-seo-meta-tag\" \/>\n<meta property=\"og:site_name\" content=\"Los R\u00edos\" class=\"yoast-seo-meta-tag\" \/>\n<meta property=\"article:published_time\" content=\"2015-08-07T04:00:00+00:00\" class=\"yoast-seo-meta-tag\" \/>\n<meta property=\"article:modified_time\" content=\"2019-05-20T19:30:57+00:00\" class=\"yoast-seo-meta-tag\" \/>\n<meta property=\"og:image\" content=\"https:\/\/explora.cl\/rios\/wp-content\/uploads\/sites\/16\/2018\/06\/samira_un_hogar_para_tobias.jpg\" class=\"yoast-seo-meta-tag\" \/>\n\t<meta property=\"og:image:width\" content=\"704\" class=\"yoast-seo-meta-tag\" \/>\n\t<meta property=\"og:image:height\" content=\"477\" class=\"yoast-seo-meta-tag\" \/>\n\t<meta property=\"og:image:type\" content=\"image\/jpeg\" class=\"yoast-seo-meta-tag\" \/>\n<meta name=\"author\" content=\"webman\" class=\"yoast-seo-meta-tag\" \/>\n<meta name=\"twitter:card\" content=\"summary_large_image\" class=\"yoast-seo-meta-tag\" \/>\n<meta name=\"twitter:label1\" content=\"Escrito por\" class=\"yoast-seo-meta-tag\" \/>\n\t<meta name=\"twitter:data1\" content=\"webman\" class=\"yoast-seo-meta-tag\" \/>\n\t<meta name=\"twitter:label2\" content=\"Tiempo estimado de lectura\" class=\"yoast-seo-meta-tag\" \/>\n\t<meta name=\"twitter:data2\" content=\"1 minuto\" class=\"yoast-seo-meta-tag\" \/>\n<script type=\"application\/ld+json\" class=\"yoast-schema-graph\">{\"@context\":\"https:\/\/schema.org\",\"@graph\":[{\"@type\":\"Article\",\"@id\":\"https:\/\/explora.cl\/rios\/vuelve-a-disfrutar-de-la-ciencia-te-ve-en-el-dia-del-nino\/#article\",\"isPartOf\":{\"@id\":\"https:\/\/explora.cl\/rios\/vuelve-a-disfrutar-de-la-ciencia-te-ve-en-el-dia-del-nino\/\"},\"author\":{\"name\":\"webman\",\"@id\":\"https:\/\/explora.cl\/rios\/#\/schema\/person\/cb8349c13ea2d324080adf8480d7ba5d\"},\"headline\":\"Vuelve a disfrutar de La Ciencia Te Ve en el D\u00eda del Ni\u00f1o\",\"datePublished\":\"2015-08-07T04:00:00+00:00\",\"dateModified\":\"2019-05-20T19:30:57+00:00\",\"mainEntityOfPage\":{\"@id\":\"https:\/\/explora.cl\/rios\/vuelve-a-disfrutar-de-la-ciencia-te-ve-en-el-dia-del-nino\/\"},\"wordCount\":161,\"commentCount\":0,\"image\":{\"@id\":\"https:\/\/explora.cl\/rios\/vuelve-a-disfrutar-de-la-ciencia-te-ve-en-el-dia-del-nino\/#primaryimage\"},\"thumbnailUrl\":\"https:\/\/explora.cl\/rios\/wp-content\/uploads\/sites\/16\/2018\/06\/samira_un_hogar_para_tobias.jpg\",\"articleSection\":[\"Noticias\"],\"inLanguage\":\"es-CL\",\"potentialAction\":[{\"@type\":\"CommentAction\",\"name\":\"Comment\",\"target\":[\"https:\/\/explora.cl\/rios\/vuelve-a-disfrutar-de-la-ciencia-te-ve-en-el-dia-del-nino\/#respond\"]}]},{\"@type\":\"WebPage\",\"@id\":\"https:\/\/explora.cl\/rios\/vuelve-a-disfrutar-de-la-ciencia-te-ve-en-el-dia-del-nino\/\",\"url\":\"https:\/\/explora.cl\/rios\/vuelve-a-disfrutar-de-la-ciencia-te-ve-en-el-dia-del-nino\/\",\"name\":\"Vuelve a disfrutar de La Ciencia Te Ve en el D\u00eda del Ni\u00f1o - Los R\u00edos\",\"isPartOf\":{\"@id\":\"https:\/\/explora.cl\/rios\/#website\"},\"primaryImageOfPage\":{\"@id\":\"https:\/\/explora.cl\/rios\/vuelve-a-disfrutar-de-la-ciencia-te-ve-en-el-dia-del-nino\/#primaryimage\"},\"image\":{\"@id\":\"https:\/\/explora.cl\/rios\/vuelve-a-disfrutar-de-la-ciencia-te-ve-en-el-dia-del-nino\/#primaryimage\"},\"thumbnailUrl\":\"https:\/\/explora.cl\/rios\/wp-content\/uploads\/sites\/16\/2018\/06\/samira_un_hogar_para_tobias.jpg\",\"datePublished\":\"2015-08-07T04:00:00+00:00\",\"dateModified\":\"2019-05-20T19:30:57+00:00\",\"author\":{\"@id\":\"https:\/\/explora.cl\/rios\/#\/schema\/person\/cb8349c13ea2d324080adf8480d7ba5d\"},\"breadcrumb\":{\"@id\":\"https:\/\/explora.cl\/rios\/vuelve-a-disfrutar-de-la-ciencia-te-ve-en-el-dia-del-nino\/#breadcrumb\"},\"inLanguage\":\"es-CL\",\"potentialAction\":[{\"@type\":\"ReadAction\",\"target\":[\"https:\/\/explora.cl\/rios\/vuelve-a-disfrutar-de-la-ciencia-te-ve-en-el-dia-del-nino\/\"]}]},{\"@type\":\"ImageObject\",\"inLanguage\":\"es-CL\",\"@id\":\"https:\/\/explora.cl\/rios\/vuelve-a-disfrutar-de-la-ciencia-te-ve-en-el-dia-del-nino\/#primaryimage\",\"url\":\"https:\/\/explora.cl\/rios\/wp-content\/uploads\/sites\/16\/2018\/06\/samira_un_hogar_para_tobias.jpg\",\"contentUrl\":\"https:\/\/explora.cl\/rios\/wp-content\/uploads\/sites\/16\/2018\/06\/samira_un_hogar_para_tobias.jpg\",\"width\":704,\"height\":477},{\"@type\":\"BreadcrumbList\",\"@id\":\"https:\/\/explora.cl\/rios\/vuelve-a-disfrutar-de-la-ciencia-te-ve-en-el-dia-del-nino\/#breadcrumb\",\"itemListElement\":[{\"@type\":\"ListItem\",\"position\":1,\"name\":\"Portada\",\"item\":\"https:\/\/explora.cl\/rios\/\"},{\"@type\":\"ListItem\",\"position\":2,\"name\":\"Vuelve a disfrutar de La Ciencia Te Ve en el D\u00eda del Ni\u00f1o\"}]},{\"@type\":\"WebSite\",\"@id\":\"https:\/\/explora.cl\/rios\/#website\",\"url\":\"https:\/\/explora.cl\/rios\/\",\"name\":\"Los R\u00edos\",\"description\":\"Otro sitio m\u00e1s de explora.cl\",\"potentialAction\":[{\"@type\":\"SearchAction\",\"target\":{\"@type\":\"EntryPoint\",\"urlTemplate\":\"https:\/\/explora.cl\/rios\/?s={search_term_string}\"},\"query-input\":{\"@type\":\"PropertyValueSpecification\",\"valueRequired\":true,\"valueName\":\"search_term_string\"}}],\"inLanguage\":\"es-CL\"},{\"@type\":\"Person\",\"@id\":\"https:\/\/explora.cl\/rios\/#\/schema\/person\/cb8349c13ea2d324080adf8480d7ba5d\",\"name\":\"webman\",\"image\":{\"@type\":\"ImageObject\",\"inLanguage\":\"es-CL\",\"@id\":\"https:\/\/explora.cl\/rios\/#\/schema\/person\/image\/\",\"url\":\"https:\/\/secure.gravatar.com\/avatar\/eeff3c82f2c02f7177d13663b7e6f890e9a6a0647ce9bb29cae02dcb094c7312?s=96&d=mm&r=g\",\"contentUrl\":\"https:\/\/secure.gravatar.com\/avatar\/eeff3c82f2c02f7177d13663b7e6f890e9a6a0647ce9bb29cae02dcb094c7312?s=96&d=mm&r=g\",\"caption\":\"webman\"},\"url\":\"https:\/\/explora.cl\/rios\/author\/webman\/\"}]}<\/script>\n<!-- \/ Yoast SEO plugin. -->","yoast_head_json":{"title":"Vuelve a disfrutar de La Ciencia Te Ve en el D\u00eda del Ni\u00f1o - Los R\u00edos","robots":{"index":"index","follow":"follow","max-snippet":"max-snippet:-1","max-image-preview":"max-image-preview:large","max-video-preview":"max-video-preview:-1"},"canonical":"https:\/\/explora.cl\/rios\/vuelve-a-disfrutar-de-la-ciencia-te-ve-en-el-dia-del-nino\/","og_locale":"es_ES","og_type":"article","og_title":"Vuelve a disfrutar de La Ciencia Te Ve en el D\u00eda del Ni\u00f1o - Los R\u00edos","og_description":"M\u00e1s de 300 ni\u00f1as y ni\u00f1os de Valdivia se dieron cita en la Carpa de la Ciencias del Centro de Estudios Cient\u00edficos el pasado jueves 6 de agosto, para disfrutar de una selecci\u00f3n de animaciones y documentales de Novasur, la televisi\u00f3n educativa y cultural del Consejo Nacional de Televisi\u00f3n. Conocieron a Dromicio, el monito del [&hellip;]","og_url":"https:\/\/explora.cl\/rios\/vuelve-a-disfrutar-de-la-ciencia-te-ve-en-el-dia-del-nino\/","og_site_name":"Los R\u00edos","article_published_time":"2015-08-07T04:00:00+00:00","article_modified_time":"2019-05-20T19:30:57+00:00","og_image":[{"width":704,"height":477,"url":"https:\/\/explora.cl\/rios\/wp-content\/uploads\/sites\/16\/2018\/06\/samira_un_hogar_para_tobias.jpg","type":"image\/jpeg"}],"author":"webman","twitter_card":"summary_large_image","twitter_misc":{"Escrito por":"webman","Tiempo estimado de lectura":"1 minuto"},"schema":{"@context":"https:\/\/schema.org","@graph":[{"@type":"Article","@id":"https:\/\/explora.cl\/rios\/vuelve-a-disfrutar-de-la-ciencia-te-ve-en-el-dia-del-nino\/#article","isPartOf":{"@id":"https:\/\/explora.cl\/rios\/vuelve-a-disfrutar-de-la-ciencia-te-ve-en-el-dia-del-nino\/"},"author":{"name":"webman","@id":"https:\/\/explora.cl\/rios\/#\/schema\/person\/cb8349c13ea2d324080adf8480d7ba5d"},"headline":"Vuelve a disfrutar de La Ciencia Te Ve en el D\u00eda del Ni\u00f1o","datePublished":"2015-08-07T04:00:00+00:00","dateModified":"2019-05-20T19:30:57+00:00","mainEntityOfPage":{"@id":"https:\/\/explora.cl\/rios\/vuelve-a-disfrutar-de-la-ciencia-te-ve-en-el-dia-del-nino\/"},"wordCount":161,"commentCount":0,"image":{"@id":"https:\/\/explora.cl\/rios\/vuelve-a-disfrutar-de-la-ciencia-te-ve-en-el-dia-del-nino\/#primaryimage"},"thumbnailUrl":"https:\/\/explora.cl\/rios\/wp-content\/uploads\/sites\/16\/2018\/06\/samira_un_hogar_para_tobias.jpg","articleSection":["Noticias"],"inLanguage":"es-CL","potentialAction":[{"@type":"CommentAction","name":"Comment","target":["https:\/\/explora.cl\/rios\/vuelve-a-disfrutar-de-la-ciencia-te-ve-en-el-dia-del-nino\/#respond"]}]},{"@type":"WebPage","@id":"https:\/\/explora.cl\/rios\/vuelve-a-disfrutar-de-la-ciencia-te-ve-en-el-dia-del-nino\/","url":"https:\/\/explora.cl\/rios\/vuelve-a-disfrutar-de-la-ciencia-te-ve-en-el-dia-del-nino\/","name":"Vuelve a disfrutar de La Ciencia Te Ve en el D\u00eda del Ni\u00f1o - Los R\u00edos","isPartOf":{"@id":"https:\/\/explora.cl\/rios\/#website"},"primaryImageOfPage":{"@id":"https:\/\/explora.cl\/rios\/vuelve-a-disfrutar-de-la-ciencia-te-ve-en-el-dia-del-nino\/#primaryimage"},"image":{"@id":"https:\/\/explora.cl\/rios\/vuelve-a-disfrutar-de-la-ciencia-te-ve-en-el-dia-del-nino\/#primaryimage"},"thumbnailUrl":"https:\/\/explora.cl\/rios\/wp-content\/uploads\/sites\/16\/2018\/06\/samira_un_hogar_para_tobias.jpg","datePublished":"2015-08-07T04:00:00+00:00","dateModified":"2019-05-20T19:30:57+00:00","author":{"@id":"https:\/\/explora.cl\/rios\/#\/schema\/person\/cb8349c13ea2d324080adf8480d7ba5d"},"breadcrumb":{"@id":"https:\/\/explora.cl\/rios\/vuelve-a-disfrutar-de-la-ciencia-te-ve-en-el-dia-del-nino\/#breadcrumb"},"inLanguage":"es-CL","potentialAction":[{"@type":"ReadAction","target":["https:\/\/explora.cl\/rios\/vuelve-a-disfrutar-de-la-ciencia-te-ve-en-el-dia-del-nino\/"]}]},{"@type":"ImageObject","inLanguage":"es-CL","@id":"https:\/\/explora.cl\/rios\/vuelve-a-disfrutar-de-la-ciencia-te-ve-en-el-dia-del-nino\/#primaryimage","url":"https:\/\/explora.cl\/rios\/wp-content\/uploads\/sites\/16\/2018\/06\/samira_un_hogar_para_tobias.jpg","contentUrl":"https:\/\/explora.cl\/rios\/wp-content\/uploads\/sites\/16\/2018\/06\/samira_un_hogar_para_tobias.jpg","width":704,"height":477},{"@type":"BreadcrumbList","@id":"https:\/\/explora.cl\/rios\/vuelve-a-disfrutar-de-la-ciencia-te-ve-en-el-dia-del-nino\/#breadcrumb","itemListElement":[{"@type":"ListItem","position":1,"name":"Portada","item":"https:\/\/explora.cl\/rios\/"},{"@type":"ListItem","position":2,"name":"Vuelve a disfrutar de La Ciencia Te Ve en el D\u00eda del Ni\u00f1o"}]},{"@type":"WebSite","@id":"https:\/\/explora.cl\/rios\/#website","url":"https:\/\/explora.cl\/rios\/","name":"Los R\u00edos","description":"Otro sitio m\u00e1s de explora.cl","potentialAction":[{"@type":"SearchAction","target":{"@type":"EntryPoint","urlTemplate":"https:\/\/explora.cl\/rios\/?s={search_term_string}"},"query-input":{"@type":"PropertyValueSpecification","valueRequired":true,"valueName":"search_term_string"}}],"inLanguage":"es-CL"},{"@type":"Person","@id":"https:\/\/explora.cl\/rios\/#\/schema\/person\/cb8349c13ea2d324080adf8480d7ba5d","name":"webman","image":{"@type":"ImageObject","inLanguage":"es-CL","@id":"https:\/\/explora.cl\/rios\/#\/schema\/person\/image\/","url":"https:\/\/secure.gravatar.com\/avatar\/eeff3c82f2c02f7177d13663b7e6f890e9a6a0647ce9bb29cae02dcb094c7312?s=96&d=mm&r=g","contentUrl":"https:\/\/secure.gravatar.com\/avatar\/eeff3c82f2c02f7177d13663b7e6f890e9a6a0647ce9bb29cae02dcb094c7312?s=96&d=mm&r=g","caption":"webman"},"url":"https:\/\/explora.cl\/rios\/author\/webman\/"}]}},"_links":{"self":[{"href":"https:\/\/explora.cl\/rios\/wp-json\/wp\/v2\/posts\/412","targetHints":{"allow":["GET"]}}],"collection":[{"href":"https:\/\/explora.cl\/rios\/wp-json\/wp\/v2\/posts"}],"about":[{"href":"https:\/\/explora.cl\/rios\/wp-json\/wp\/v2\/types\/post"}],"author":[{"embeddable":true,"href":"https:\/\/explora.cl\/rios\/wp-json\/wp\/v2\/users\/2"}],"replies":[{"embeddable":true,"href":"https:\/\/explora.cl\/rios\/wp-json\/wp\/v2\/comments?post=412"}],"version-history":[{"count":1,"href":"https:\/\/explora.cl\/rios\/wp-json\/wp\/v2\/posts\/412\/revisions"}],"predecessor-version":[{"id":37928,"href":"https:\/\/explora.cl\/rios\/wp-json\/wp\/v2\/posts\/412\/revisions\/37928"}],"wp:featuredmedia":[{"embeddable":true,"href":"https:\/\/explora.cl\/rios\/wp-json\/wp\/v2\/media\/413"}],"wp:attachment":[{"href":"https:\/\/explora.cl\/rios\/wp-json\/wp\/v2\/media?parent=412"}],"wp:term":[{"taxonomy":"category","embeddable":true,"href":"https:\/\/explora.cl\/rios\/wp-json\/wp\/v2\/categories?post=412"},{"taxonomy":"post_tag","embeddable":true,"href":"https:\/\/explora.cl\/rios\/wp-json\/wp\/v2\/tags?post=412"}],"curies":[{"name":"wp","href":"https:\/\/api.w.org\/{rel}","templated":true}]}}