{"id":408,"date":"2015-08-04T00:00:00","date_gmt":"2015-08-04T04:00:00","guid":{"rendered":"https:\/\/explora.cl\/rios\/blog\/2015\/08\/04\/la-antartica-estara-mas-cerca-de-los-estudiantes-de-la-araucania-los-rios-y-los-lagos\/"},"modified":"2019-05-20T19:30:58","modified_gmt":"2019-05-20T19:30:58","slug":"la-antartica-estara-mas-cerca-de-los-estudiantes-de-la-araucania-los-rios-y-los-lagos","status":"publish","type":"post","link":"https:\/\/explora.cl\/rios\/la-antartica-estara-mas-cerca-de-los-estudiantes-de-la-araucania-los-rios-y-los-lagos\/","title":{"rendered":"La Ant\u00e1rtica estar\u00e1 m\u00e1s cerca de los estudiantes de la Araucan\u00eda, Los R\u00edos y Los Lagos"},"content":{"rendered":"<p><img fetchpriority=\"high\" decoding=\"async\" class=\" size-full wp-image-13517\" src=\"http:\/\/ec2-34-218-253-251.us-west-2.compute.amazonaws.com\/wp-content\/uploads\/2015\/08\/fe43debe365c3734b050f80797ad9725.jpg\" alt=\"\" width=\"1630\" height=\"1080\" \/><\/p>\n<p>Desde este lunes 10 de agosto se realizar\u00e1n talleres de capacitaci\u00f3n en investigaci\u00f3n cient\u00edfica escolar en las ciudades de Temuco, Valdivia, Osorno, Puerto Montt y Castro. Coordinadas por el Proyecto Asociativo Regional, PAR, EXPLORA Los R\u00edos y el Instituto Ant\u00e1rtico Chileno, INACH. Las jornadas servir\u00e1n para incentivar a equipos de estudiantes y profesores a postular a la Feria Ant\u00e1rtica Escolar que se realiza en Punta Arenas.<\/p>\n<p>Durante las sesiones los equipos conocer\u00e1n investigaciones cient\u00edficas que se realizan en la Ant\u00e1rtica, y como pueden realizar las propias. Conocer\u00e1n como buscar e interpretar publicaciones cient\u00edficas, escribir un poster de exhibici\u00f3n, presentar sus resultados en gr\u00e1ficos y discutir\u00e1n sus anteproyectos de investigaci\u00f3n.<\/p>\n<p>Los talleres se realizar\u00e1n el d\u00eda lunes 10 de agosto en el campus Isla Teja de la Universidad Austral de Chile en Valdivia y en el Instituto Profesional Los Lagos de Temuco. El mi\u00e9rcoles 12 el taller de capacitaci\u00f3n se realizar\u00e1 en la Biblioteca Municipal de Castro. Finalmente, los \u00faltimos talleres de capacitaci\u00f3n se efectuar\u00e1n el jueves 13 en Osorno y en la Universidad Austral de Chile sede Puerto Montt.<\/p>\n<p>Para participar en estos talleres debe descargar la ficha de inscripci\u00f3n, y enviarla al correo electr\u00f3nico <a href=\"mailto:explora14.enlaces@uach.cl\">explora14.enlaces@uach.cl<\/a>&nbsp;en el caso de Valdivia o a su coordinador zonal. Los equipos inscritos deben estar conformados por un m\u00e1ximo de dos estudiantes y un docente a cargo del grupo.<\/p>\n<p>Las postulaciones a la Feria Ant\u00e1rtica Escolar finalizan el pr\u00f3ximo 30 de septiembre a las 16:00 horas, por medio del formulario en l\u00ednea del sitio <a href=\"http:\/\/www.inach.cl\/fae\">www.inach.cl\/fae<\/a>. El premio para los equipos ganadores ser\u00e1 participar en la Expedici\u00f3n Cient\u00edfica Escolar al continente blanco junto a investigadores del INACH.<\/p>\n","protected":false},"excerpt":{"rendered":"<p>Desde este lunes 10 de agosto se realizar\u00e1n talleres de capacitaci\u00f3n en investigaci\u00f3n cient\u00edfica escolar en las ciudades de Temuco, Valdivia, Osorno, Puerto Montt y Castro. Coordinadas por el Proyecto Asociativo Regional, PAR, EXPLORA Los R\u00edos y el Instituto Ant\u00e1rtico Chileno, INACH. Las jornadas servir\u00e1n para incentivar a equipos de estudiantes y profesores a postular [&hellip;]<\/p>\n","protected":false},"author":2,"featured_media":409,"comment_status":"open","ping_status":"open","sticky":false,"template":"","format":"standard","meta":{"_acf_changed":false,"_exactmetrics_skip_tracking":false,"_exactmetrics_sitenote_active":false,"_exactmetrics_sitenote_note":"","_exactmetrics_sitenote_category":0,"footnotes":"","_links_to":"","_links_to_target":""},"categories":[4],"tags":[],"class_list":["post-408","post","type-post","status-publish","format-standard","has-post-thumbnail","hentry","category-noticias"],"acf":[],"yoast_head":"<!-- This site is optimized with the Yoast SEO plugin v26.9 - https:\/\/yoast.com\/product\/yoast-seo-wordpress\/ -->\n<title>La Ant\u00e1rtica estar\u00e1 m\u00e1s cerca de los estudiantes de la Araucan\u00eda, Los R\u00edos y Los Lagos - Los R\u00edos<\/title>\n<meta name=\"robots\" content=\"index, follow, max-snippet:-1, max-image-preview:large, max-video-preview:-1\" \/>\n<link rel=\"canonical\" href=\"https:\/\/explora.cl\/rios\/la-antartica-estara-mas-cerca-de-los-estudiantes-de-la-araucania-los-rios-y-los-lagos\/\" class=\"yoast-seo-meta-tag\" \/>\n<meta property=\"og:locale\" content=\"es_ES\" class=\"yoast-seo-meta-tag\" \/>\n<meta property=\"og:type\" content=\"article\" class=\"yoast-seo-meta-tag\" \/>\n<meta property=\"og:title\" content=\"La Ant\u00e1rtica estar\u00e1 m\u00e1s cerca de los estudiantes de la Araucan\u00eda, Los R\u00edos y Los Lagos - Los R\u00edos\" class=\"yoast-seo-meta-tag\" \/>\n<meta property=\"og:description\" content=\"Desde este lunes 10 de agosto se realizar\u00e1n talleres de capacitaci\u00f3n en investigaci\u00f3n cient\u00edfica escolar en las ciudades de Temuco, Valdivia, Osorno, Puerto Montt y Castro. Coordinadas por el Proyecto Asociativo Regional, PAR, EXPLORA Los R\u00edos y el Instituto Ant\u00e1rtico Chileno, INACH. Las jornadas servir\u00e1n para incentivar a equipos de estudiantes y profesores a postular [&hellip;]\" class=\"yoast-seo-meta-tag\" \/>\n<meta property=\"og:url\" content=\"https:\/\/explora.cl\/rios\/la-antartica-estara-mas-cerca-de-los-estudiantes-de-la-araucania-los-rios-y-los-lagos\/\" class=\"yoast-seo-meta-tag\" \/>\n<meta property=\"og:site_name\" content=\"Los R\u00edos\" class=\"yoast-seo-meta-tag\" \/>\n<meta property=\"article:published_time\" content=\"2015-08-04T04:00:00+00:00\" class=\"yoast-seo-meta-tag\" \/>\n<meta property=\"article:modified_time\" content=\"2019-05-20T19:30:58+00:00\" class=\"yoast-seo-meta-tag\" \/>\n<meta property=\"og:image\" content=\"https:\/\/explora.cl\/rios\/wp-content\/uploads\/sites\/16\/2018\/06\/fe43debe365c3734b050f80797ad9725.jpg\" class=\"yoast-seo-meta-tag\" \/>\n\t<meta property=\"og:image:width\" content=\"1630\" class=\"yoast-seo-meta-tag\" \/>\n\t<meta property=\"og:image:height\" content=\"1080\" class=\"yoast-seo-meta-tag\" \/>\n\t<meta property=\"og:image:type\" content=\"image\/jpeg\" class=\"yoast-seo-meta-tag\" \/>\n<meta name=\"author\" content=\"webman\" class=\"yoast-seo-meta-tag\" \/>\n<meta name=\"twitter:card\" content=\"summary_large_image\" class=\"yoast-seo-meta-tag\" \/>\n<meta name=\"twitter:label1\" content=\"Escrito por\" class=\"yoast-seo-meta-tag\" \/>\n\t<meta name=\"twitter:data1\" content=\"webman\" class=\"yoast-seo-meta-tag\" \/>\n\t<meta name=\"twitter:label2\" content=\"Tiempo estimado de lectura\" class=\"yoast-seo-meta-tag\" \/>\n\t<meta name=\"twitter:data2\" content=\"2 minutos\" class=\"yoast-seo-meta-tag\" \/>\n<script type=\"application\/ld+json\" class=\"yoast-schema-graph\">{\"@context\":\"https:\/\/schema.org\",\"@graph\":[{\"@type\":\"Article\",\"@id\":\"https:\/\/explora.cl\/rios\/la-antartica-estara-mas-cerca-de-los-estudiantes-de-la-araucania-los-rios-y-los-lagos\/#article\",\"isPartOf\":{\"@id\":\"https:\/\/explora.cl\/rios\/la-antartica-estara-mas-cerca-de-los-estudiantes-de-la-araucania-los-rios-y-los-lagos\/\"},\"author\":{\"name\":\"webman\",\"@id\":\"https:\/\/explora.cl\/rios\/#\/schema\/person\/cb8349c13ea2d324080adf8480d7ba5d\"},\"headline\":\"La Ant\u00e1rtica estar\u00e1 m\u00e1s cerca de los estudiantes de la Araucan\u00eda, Los R\u00edos y Los Lagos\",\"datePublished\":\"2015-08-04T04:00:00+00:00\",\"dateModified\":\"2019-05-20T19:30:58+00:00\",\"mainEntityOfPage\":{\"@id\":\"https:\/\/explora.cl\/rios\/la-antartica-estara-mas-cerca-de-los-estudiantes-de-la-araucania-los-rios-y-los-lagos\/\"},\"wordCount\":324,\"commentCount\":0,\"image\":{\"@id\":\"https:\/\/explora.cl\/rios\/la-antartica-estara-mas-cerca-de-los-estudiantes-de-la-araucania-los-rios-y-los-lagos\/#primaryimage\"},\"thumbnailUrl\":\"https:\/\/explora.cl\/rios\/wp-content\/uploads\/sites\/16\/2018\/06\/fe43debe365c3734b050f80797ad9725.jpg\",\"articleSection\":[\"Noticias\"],\"inLanguage\":\"es-CL\",\"potentialAction\":[{\"@type\":\"CommentAction\",\"name\":\"Comment\",\"target\":[\"https:\/\/explora.cl\/rios\/la-antartica-estara-mas-cerca-de-los-estudiantes-de-la-araucania-los-rios-y-los-lagos\/#respond\"]}]},{\"@type\":\"WebPage\",\"@id\":\"https:\/\/explora.cl\/rios\/la-antartica-estara-mas-cerca-de-los-estudiantes-de-la-araucania-los-rios-y-los-lagos\/\",\"url\":\"https:\/\/explora.cl\/rios\/la-antartica-estara-mas-cerca-de-los-estudiantes-de-la-araucania-los-rios-y-los-lagos\/\",\"name\":\"La Ant\u00e1rtica estar\u00e1 m\u00e1s cerca de los estudiantes de la Araucan\u00eda, Los R\u00edos y Los Lagos - Los R\u00edos\",\"isPartOf\":{\"@id\":\"https:\/\/explora.cl\/rios\/#website\"},\"primaryImageOfPage\":{\"@id\":\"https:\/\/explora.cl\/rios\/la-antartica-estara-mas-cerca-de-los-estudiantes-de-la-araucania-los-rios-y-los-lagos\/#primaryimage\"},\"image\":{\"@id\":\"https:\/\/explora.cl\/rios\/la-antartica-estara-mas-cerca-de-los-estudiantes-de-la-araucania-los-rios-y-los-lagos\/#primaryimage\"},\"thumbnailUrl\":\"https:\/\/explora.cl\/rios\/wp-content\/uploads\/sites\/16\/2018\/06\/fe43debe365c3734b050f80797ad9725.jpg\",\"datePublished\":\"2015-08-04T04:00:00+00:00\",\"dateModified\":\"2019-05-20T19:30:58+00:00\",\"author\":{\"@id\":\"https:\/\/explora.cl\/rios\/#\/schema\/person\/cb8349c13ea2d324080adf8480d7ba5d\"},\"breadcrumb\":{\"@id\":\"https:\/\/explora.cl\/rios\/la-antartica-estara-mas-cerca-de-los-estudiantes-de-la-araucania-los-rios-y-los-lagos\/#breadcrumb\"},\"inLanguage\":\"es-CL\",\"potentialAction\":[{\"@type\":\"ReadAction\",\"target\":[\"https:\/\/explora.cl\/rios\/la-antartica-estara-mas-cerca-de-los-estudiantes-de-la-araucania-los-rios-y-los-lagos\/\"]}]},{\"@type\":\"ImageObject\",\"inLanguage\":\"es-CL\",\"@id\":\"https:\/\/explora.cl\/rios\/la-antartica-estara-mas-cerca-de-los-estudiantes-de-la-araucania-los-rios-y-los-lagos\/#primaryimage\",\"url\":\"https:\/\/explora.cl\/rios\/wp-content\/uploads\/sites\/16\/2018\/06\/fe43debe365c3734b050f80797ad9725.jpg\",\"contentUrl\":\"https:\/\/explora.cl\/rios\/wp-content\/uploads\/sites\/16\/2018\/06\/fe43debe365c3734b050f80797ad9725.jpg\",\"width\":1630,\"height\":1080},{\"@type\":\"BreadcrumbList\",\"@id\":\"https:\/\/explora.cl\/rios\/la-antartica-estara-mas-cerca-de-los-estudiantes-de-la-araucania-los-rios-y-los-lagos\/#breadcrumb\",\"itemListElement\":[{\"@type\":\"ListItem\",\"position\":1,\"name\":\"Portada\",\"item\":\"https:\/\/explora.cl\/rios\/\"},{\"@type\":\"ListItem\",\"position\":2,\"name\":\"La Ant\u00e1rtica estar\u00e1 m\u00e1s cerca de los estudiantes de la Araucan\u00eda, Los R\u00edos y Los Lagos\"}]},{\"@type\":\"WebSite\",\"@id\":\"https:\/\/explora.cl\/rios\/#website\",\"url\":\"https:\/\/explora.cl\/rios\/\",\"name\":\"Los R\u00edos\",\"description\":\"Otro sitio m\u00e1s de explora.cl\",\"potentialAction\":[{\"@type\":\"SearchAction\",\"target\":{\"@type\":\"EntryPoint\",\"urlTemplate\":\"https:\/\/explora.cl\/rios\/?s={search_term_string}\"},\"query-input\":{\"@type\":\"PropertyValueSpecification\",\"valueRequired\":true,\"valueName\":\"search_term_string\"}}],\"inLanguage\":\"es-CL\"},{\"@type\":\"Person\",\"@id\":\"https:\/\/explora.cl\/rios\/#\/schema\/person\/cb8349c13ea2d324080adf8480d7ba5d\",\"name\":\"webman\",\"image\":{\"@type\":\"ImageObject\",\"inLanguage\":\"es-CL\",\"@id\":\"https:\/\/explora.cl\/rios\/#\/schema\/person\/image\/\",\"url\":\"https:\/\/secure.gravatar.com\/avatar\/eeff3c82f2c02f7177d13663b7e6f890e9a6a0647ce9bb29cae02dcb094c7312?s=96&d=mm&r=g\",\"contentUrl\":\"https:\/\/secure.gravatar.com\/avatar\/eeff3c82f2c02f7177d13663b7e6f890e9a6a0647ce9bb29cae02dcb094c7312?s=96&d=mm&r=g\",\"caption\":\"webman\"},\"url\":\"https:\/\/explora.cl\/rios\/author\/webman\/\"}]}<\/script>\n<!-- \/ Yoast SEO plugin. -->","yoast_head_json":{"title":"La Ant\u00e1rtica estar\u00e1 m\u00e1s cerca de los estudiantes de la Araucan\u00eda, Los R\u00edos y Los Lagos - Los R\u00edos","robots":{"index":"index","follow":"follow","max-snippet":"max-snippet:-1","max-image-preview":"max-image-preview:large","max-video-preview":"max-video-preview:-1"},"canonical":"https:\/\/explora.cl\/rios\/la-antartica-estara-mas-cerca-de-los-estudiantes-de-la-araucania-los-rios-y-los-lagos\/","og_locale":"es_ES","og_type":"article","og_title":"La Ant\u00e1rtica estar\u00e1 m\u00e1s cerca de los estudiantes de la Araucan\u00eda, Los R\u00edos y Los Lagos - Los R\u00edos","og_description":"Desde este lunes 10 de agosto se realizar\u00e1n talleres de capacitaci\u00f3n en investigaci\u00f3n cient\u00edfica escolar en las ciudades de Temuco, Valdivia, Osorno, Puerto Montt y Castro. Coordinadas por el Proyecto Asociativo Regional, PAR, EXPLORA Los R\u00edos y el Instituto Ant\u00e1rtico Chileno, INACH. Las jornadas servir\u00e1n para incentivar a equipos de estudiantes y profesores a postular [&hellip;]","og_url":"https:\/\/explora.cl\/rios\/la-antartica-estara-mas-cerca-de-los-estudiantes-de-la-araucania-los-rios-y-los-lagos\/","og_site_name":"Los R\u00edos","article_published_time":"2015-08-04T04:00:00+00:00","article_modified_time":"2019-05-20T19:30:58+00:00","og_image":[{"width":1630,"height":1080,"url":"https:\/\/explora.cl\/rios\/wp-content\/uploads\/sites\/16\/2018\/06\/fe43debe365c3734b050f80797ad9725.jpg","type":"image\/jpeg"}],"author":"webman","twitter_card":"summary_large_image","twitter_misc":{"Escrito por":"webman","Tiempo estimado de lectura":"2 minutos"},"schema":{"@context":"https:\/\/schema.org","@graph":[{"@type":"Article","@id":"https:\/\/explora.cl\/rios\/la-antartica-estara-mas-cerca-de-los-estudiantes-de-la-araucania-los-rios-y-los-lagos\/#article","isPartOf":{"@id":"https:\/\/explora.cl\/rios\/la-antartica-estara-mas-cerca-de-los-estudiantes-de-la-araucania-los-rios-y-los-lagos\/"},"author":{"name":"webman","@id":"https:\/\/explora.cl\/rios\/#\/schema\/person\/cb8349c13ea2d324080adf8480d7ba5d"},"headline":"La Ant\u00e1rtica estar\u00e1 m\u00e1s cerca de los estudiantes de la Araucan\u00eda, Los R\u00edos y Los Lagos","datePublished":"2015-08-04T04:00:00+00:00","dateModified":"2019-05-20T19:30:58+00:00","mainEntityOfPage":{"@id":"https:\/\/explora.cl\/rios\/la-antartica-estara-mas-cerca-de-los-estudiantes-de-la-araucania-los-rios-y-los-lagos\/"},"wordCount":324,"commentCount":0,"image":{"@id":"https:\/\/explora.cl\/rios\/la-antartica-estara-mas-cerca-de-los-estudiantes-de-la-araucania-los-rios-y-los-lagos\/#primaryimage"},"thumbnailUrl":"https:\/\/explora.cl\/rios\/wp-content\/uploads\/sites\/16\/2018\/06\/fe43debe365c3734b050f80797ad9725.jpg","articleSection":["Noticias"],"inLanguage":"es-CL","potentialAction":[{"@type":"CommentAction","name":"Comment","target":["https:\/\/explora.cl\/rios\/la-antartica-estara-mas-cerca-de-los-estudiantes-de-la-araucania-los-rios-y-los-lagos\/#respond"]}]},{"@type":"WebPage","@id":"https:\/\/explora.cl\/rios\/la-antartica-estara-mas-cerca-de-los-estudiantes-de-la-araucania-los-rios-y-los-lagos\/","url":"https:\/\/explora.cl\/rios\/la-antartica-estara-mas-cerca-de-los-estudiantes-de-la-araucania-los-rios-y-los-lagos\/","name":"La Ant\u00e1rtica estar\u00e1 m\u00e1s cerca de los estudiantes de la Araucan\u00eda, Los R\u00edos y Los Lagos - Los R\u00edos","isPartOf":{"@id":"https:\/\/explora.cl\/rios\/#website"},"primaryImageOfPage":{"@id":"https:\/\/explora.cl\/rios\/la-antartica-estara-mas-cerca-de-los-estudiantes-de-la-araucania-los-rios-y-los-lagos\/#primaryimage"},"image":{"@id":"https:\/\/explora.cl\/rios\/la-antartica-estara-mas-cerca-de-los-estudiantes-de-la-araucania-los-rios-y-los-lagos\/#primaryimage"},"thumbnailUrl":"https:\/\/explora.cl\/rios\/wp-content\/uploads\/sites\/16\/2018\/06\/fe43debe365c3734b050f80797ad9725.jpg","datePublished":"2015-08-04T04:00:00+00:00","dateModified":"2019-05-20T19:30:58+00:00","author":{"@id":"https:\/\/explora.cl\/rios\/#\/schema\/person\/cb8349c13ea2d324080adf8480d7ba5d"},"breadcrumb":{"@id":"https:\/\/explora.cl\/rios\/la-antartica-estara-mas-cerca-de-los-estudiantes-de-la-araucania-los-rios-y-los-lagos\/#breadcrumb"},"inLanguage":"es-CL","potentialAction":[{"@type":"ReadAction","target":["https:\/\/explora.cl\/rios\/la-antartica-estara-mas-cerca-de-los-estudiantes-de-la-araucania-los-rios-y-los-lagos\/"]}]},{"@type":"ImageObject","inLanguage":"es-CL","@id":"https:\/\/explora.cl\/rios\/la-antartica-estara-mas-cerca-de-los-estudiantes-de-la-araucania-los-rios-y-los-lagos\/#primaryimage","url":"https:\/\/explora.cl\/rios\/wp-content\/uploads\/sites\/16\/2018\/06\/fe43debe365c3734b050f80797ad9725.jpg","contentUrl":"https:\/\/explora.cl\/rios\/wp-content\/uploads\/sites\/16\/2018\/06\/fe43debe365c3734b050f80797ad9725.jpg","width":1630,"height":1080},{"@type":"BreadcrumbList","@id":"https:\/\/explora.cl\/rios\/la-antartica-estara-mas-cerca-de-los-estudiantes-de-la-araucania-los-rios-y-los-lagos\/#breadcrumb","itemListElement":[{"@type":"ListItem","position":1,"name":"Portada","item":"https:\/\/explora.cl\/rios\/"},{"@type":"ListItem","position":2,"name":"La Ant\u00e1rtica estar\u00e1 m\u00e1s cerca de los estudiantes de la Araucan\u00eda, Los R\u00edos y Los Lagos"}]},{"@type":"WebSite","@id":"https:\/\/explora.cl\/rios\/#website","url":"https:\/\/explora.cl\/rios\/","name":"Los R\u00edos","description":"Otro sitio m\u00e1s de explora.cl","potentialAction":[{"@type":"SearchAction","target":{"@type":"EntryPoint","urlTemplate":"https:\/\/explora.cl\/rios\/?s={search_term_string}"},"query-input":{"@type":"PropertyValueSpecification","valueRequired":true,"valueName":"search_term_string"}}],"inLanguage":"es-CL"},{"@type":"Person","@id":"https:\/\/explora.cl\/rios\/#\/schema\/person\/cb8349c13ea2d324080adf8480d7ba5d","name":"webman","image":{"@type":"ImageObject","inLanguage":"es-CL","@id":"https:\/\/explora.cl\/rios\/#\/schema\/person\/image\/","url":"https:\/\/secure.gravatar.com\/avatar\/eeff3c82f2c02f7177d13663b7e6f890e9a6a0647ce9bb29cae02dcb094c7312?s=96&d=mm&r=g","contentUrl":"https:\/\/secure.gravatar.com\/avatar\/eeff3c82f2c02f7177d13663b7e6f890e9a6a0647ce9bb29cae02dcb094c7312?s=96&d=mm&r=g","caption":"webman"},"url":"https:\/\/explora.cl\/rios\/author\/webman\/"}]}},"_links":{"self":[{"href":"https:\/\/explora.cl\/rios\/wp-json\/wp\/v2\/posts\/408","targetHints":{"allow":["GET"]}}],"collection":[{"href":"https:\/\/explora.cl\/rios\/wp-json\/wp\/v2\/posts"}],"about":[{"href":"https:\/\/explora.cl\/rios\/wp-json\/wp\/v2\/types\/post"}],"author":[{"embeddable":true,"href":"https:\/\/explora.cl\/rios\/wp-json\/wp\/v2\/users\/2"}],"replies":[{"embeddable":true,"href":"https:\/\/explora.cl\/rios\/wp-json\/wp\/v2\/comments?post=408"}],"version-history":[{"count":1,"href":"https:\/\/explora.cl\/rios\/wp-json\/wp\/v2\/posts\/408\/revisions"}],"predecessor-version":[{"id":37929,"href":"https:\/\/explora.cl\/rios\/wp-json\/wp\/v2\/posts\/408\/revisions\/37929"}],"wp:featuredmedia":[{"embeddable":true,"href":"https:\/\/explora.cl\/rios\/wp-json\/wp\/v2\/media\/409"}],"wp:attachment":[{"href":"https:\/\/explora.cl\/rios\/wp-json\/wp\/v2\/media?parent=408"}],"wp:term":[{"taxonomy":"category","embeddable":true,"href":"https:\/\/explora.cl\/rios\/wp-json\/wp\/v2\/categories?post=408"},{"taxonomy":"post_tag","embeddable":true,"href":"https:\/\/explora.cl\/rios\/wp-json\/wp\/v2\/tags?post=408"}],"curies":[{"name":"wp","href":"https:\/\/api.w.org\/{rel}","templated":true}]}}